{"id":121314,"date":"2014-07-23T13:54:25","date_gmt":"2014-07-23T12:54:25","guid":{"rendered":"http:\/\/www.pressenza.com\/?p=121314"},"modified":"2015-07-21T21:48:49","modified_gmt":"2015-07-21T20:48:49","slug":"israel-palestina-como-empezo-todo","status":"publish","type":"post","link":"https:\/\/www.pressenza.com\/es\/2014\/07\/israel-palestina-como-empezo-todo\/","title":{"rendered":"Israel, Palestina: C\u00f3mo empez\u00f3 todo"},"content":{"rendered":"<p><em>Lo que pasa en Gaza se inici\u00f3 hace 66 a\u00f1os, cuando Israel opt\u00f3 por ser un Estado jud\u00edo de mayor\u00eda jud\u00eda. Para ello ocupa territorios, excluye a los palestinos y los somete a operaciones militares de castigo.<\/em><\/p>\n<p><em>Otro Israel es posible, al igual que una Sud\u00e1frica libre de apartheid fue posible.<\/em><\/p>\n<p><strong><em>Por Olga Rodr\u00edguez para<a href=\"http:\/\/www.eldiario.es\/zonacritica\/Israel-Palestina-empezo_6_284231595.html\"> Zona Cr\u00edtica<\/a><\/em><\/strong><\/p>\n<p><em> \u201cSi eres neutral ante situaciones de injusticia, has elegido el lado del opresor\u201d<\/em> (Desmond Tutu)<\/p>\n<p><em> \u00a0<\/em>C\u00f3mo empez\u00f3 todo, preguntan algunos estos d\u00edas. Esto, lo que est\u00e1 ocurriendo en Gaza, se inici\u00f3 hace mucho tiempo. Comenz\u00f3 con el antisemitismo europeo, que promovi\u00f3 la emigraci\u00f3n de los jud\u00edos a Palestina. Comenz\u00f3 con el nazismo, el genocidio contra los jud\u00edos y la posterior decisi\u00f3n de Europa, con Reino Unido a la cabeza, de apoyar y fomentar el \u00e9xodo jud\u00edo a Palestina.<\/p>\n<p>Comenz\u00f3 cuando el protectorado brit\u00e1nico de Palestina miraba hacia otro lado mientras los jud\u00edos se organizaban en bandas armadas que cometieron atentados terroristas, matando a gente, contra objetivos brit\u00e1nicos y \u00e1rabes.<\/p>\n<p>En 1947 la ONU, motivada por la responsabilidad y culpa europea del horror contra los jud\u00edos, aprob\u00f3 un plan de partici\u00f3n que asign\u00f3 el 54% de la Palestina del mandato brit\u00e1nico a la comunidad jud\u00eda (llegada la mayor\u00eda tras el Holocausto) y el resto, a los palestinos. Jerusal\u00e9n quedaba como enclave internacional.<\/p>\n<p>En los primeros meses de 1948 las fuerzas armadas jud\u00edas clandestinas -escribo jud\u00edas porque as\u00ed se autodenominaban, y a\u00fan no se hab\u00eda declarado la independencia de Israel- elaboraron el <strong> <a href=\"http:\/\/en.wikipedia.org\/wiki\/Plan_Dalet\"> Plan Dalet<\/a>,<\/strong> cuyo fin era, entre otras cosas, hacerse con el control de la v\u00eda que un\u00eda Jerusal\u00e9n con Tel Aviv, una zona que no figuraba como futuro territorio israel\u00ed en el plan de partici\u00f3n de la ONU. De ese modo expulsaron a miles de personas y asesinaron a cientos. Es decir, ya hubo entonces un intento de limpieza \u00e9tnica.<\/p>\n<p>Despu\u00e9s, cuando los pa\u00edses \u00e1rabes vecinos declararon la guerra a Israel tras su nacimiento en mayo de 1948, las fuerzas armadas israel\u00edes aprovecharon para ocupar m\u00e1s tierras y expulsar a cientos de miles de palestinos. De ese modo Israel pas\u00f3 a tener un 78% del territorio (posteriormente, en 1967 Israel ocupar\u00eda el 22% restante: Gaza, Cisjordania y Jerusal\u00e9n Este).<\/p>\n<p>Tras la guerra del 48, muchos palestinos intentaron regresar a sus casas, pero las tropas israel\u00edes se lo impidieron, a pesar de que en diciembre de 1948 Naciones Unidas aprob\u00f3 la resoluci\u00f3n 194, incumplida hasta hoy, confirmada en repetidas ocasiones y ratificada en la resoluci\u00f3n 3236 de 1974, que establec\u00eda el derecho de los refugiados a regresar a sus hogares o a recibir indemnizaciones.<\/p>\n<p>Solo pudieron permanecer dentro de Israel, en muchos casos como desplazados, unos 150.000 palestinos, el 15% de la poblaci\u00f3n, que en 1952 accedieron a la ciudadan\u00eda. Son los llamados \u00e1rabes israel\u00edes.<\/p>\n<h3>Gaza<\/h3>\n<p>Gran parte de los palestinos de Gaza son refugiados, expulsados o descendientes de los expulsados en 1948 a trav\u00e9s de lo que constituy\u00f3, seg\u00fan historiadores israel\u00edes como <strong> Ilan Papp\u00e9<\/strong>, una limpieza \u00e9tnica, con el objetivo de levantar un Estado de mayor\u00eda jud\u00eda. Incluso el historiador israel\u00ed sionista <strong> Benny Morris<\/strong>, ha escrito que \u201ccon la suficiente perspectiva resulta evidente que lo que se produjo en Palestina en 1948 fue una suerte de limpieza \u00e9tnica perpetrada por los jud\u00edos en las zonas \u00e1rabes\u201d.<\/p>\n<p>Los palestinos de Gaza viven hacinados, castigados, limitados. Israel controla qu\u00e9 productos y personas acceden a la Franja y proh\u00edbe la entrada de materiales fundamentales. Practica un castigo colectivo.<\/p>\n<p>Esto, lo que est\u00e1 pasando en Gaza, se inici\u00f3 hace 66 a\u00f1os, cuando se opt\u00f3 por una concepci\u00f3n de Israel como un Estado jud\u00edo con mayor\u00eda jud\u00eda. Para mantener esa mayor\u00eda Israel practica la ocupaci\u00f3n, aparta y discrimina a los palestinos y, de vez en cuando, lleva a cabo operaciones militares que matan a cientos o miles y provocan el desplazamiento de miles m\u00e1s.<\/p>\n<h3>Para mantener la mayor\u00eda jud\u00eda&#8230;<\/h3>\n<p>El Estado israel\u00ed, para ser fiel a su autodefinici\u00f3n -Estado jud\u00edo- excluye el concepto de ciudadan\u00eda universal. Si aceptara como ciudadanos a los palestinos de Gaza y Cisjordania -territorios que controla u ocupa- su concepci\u00f3n como Estado jud\u00edo estar\u00eda en peligro, ya que la poblaci\u00f3n jud\u00eda dejar\u00eda de ser la mayoritaria.<\/p>\n<p>La elevada natalidad entre los palestinos es una de las preocupaciones principales de Israel. Lo llaman la cuesti\u00f3n demogr\u00e1fica. Ya hoy los jud\u00edos dentro de la llamada L\u00ednea Verde -las fronteras de antes del 67- conforman el 70% de la poblaci\u00f3n, y se calcula que dentro de veinte a\u00f1os podr\u00edan ser el 50%.<\/p>\n<p>Israel se opone a la creaci\u00f3n de un Estado palestino pero tambi\u00e9n se niega a conceder derechos plenos y ciudadan\u00eda a los palestinos de Gaza y Cisjordania, porque si lo hiciera, estar\u00eda renunciando a su car\u00e1cter jud\u00edo como Estado. Es decir, a lo que algunos historiadores y polit\u00f3logos llaman etnocracia.<\/p>\n<p>Como subrayaba el israel\u00ed <strong> <a href=\"http:\/\/sergioyahni.wordpress.com\/\"> Sergio Yahni<\/a><\/strong>, integrante del Alternative Information Center, en una conversaci\u00f3n que mantuvimos en Jerusal\u00e9n:<\/p>\n<p>\u201cIsrael solo puede ser un Estado jud\u00edo si mantiene la supremac\u00eda demogr\u00e1fica o legal de la poblaci\u00f3n jud\u00eda, pero para ello tiene o que llevar a cabo una nueva limpieza \u00e9tnica, como la de 1948, o practicar la segregaci\u00f3n \u00e9tnica legalizada, es decir, el apartheid. Mientras Israel no asuma una verdadera transformaci\u00f3n democr\u00e1tica, no viviremos en paz y seguir\u00e1 la represi\u00f3n\u201d. (<em> \u00abEl hombre mojado no teme la lluvia\u00bb, Ed.Debate, 2009<\/em>).<\/p>\n<h3>La Ley de Bienes Ausentes<\/h3>\n<p>Para que Israel pudiera ser un Estado jud\u00edo, el gobierno del primer ministro David Ben Gurion organiz\u00f3 la recolonizaci\u00f3n de las tierras y distribuy\u00f3 los bienes inmuebles que llamaron \u201cabandonados\u201d. Para ello se aprob\u00f3 en 1950 la Ley de los Bienes Ausentes, que gestion\u00f3 el traspaso a manos jud\u00edas de las casas de los palestinos, no solo de los que se hab\u00edan ido fuera de las fronteras israelies, sino tambi\u00e9n de aquellos que hab\u00edan sido reubicados dentro del Estado israel\u00ed.<\/p>\n<p>Tambi\u00e9n se aprobaron otras leyes que prohibieron la venta o transferencia de tierras para garantizar que no cayeran en manos palestinas, y que permit\u00edan decretar la expropiaci\u00f3n de bienes por inter\u00e9s p\u00fablico o declarar una superficie como \u201czona militar cerrada\u201d, lo que imped\u00eda a los propietarios de la misma reclamarla como suya. De ese modo, 64.000 viviendas de palestinos ya hab\u00edan pasado a manos jud\u00edas en 1958.<\/p>\n<h3>La Ley del Retorno<\/h3>\n<p>Otra de las leyes fundamentales y una de las m\u00e1s controvertidas es la Ley del Retorno, que confirma esa insistencia en el car\u00e1cter jud\u00edo del Estado a trav\u00e9s de la concesi\u00f3n de privilegios a los jud\u00edos. Esta ley concede el derecho a la ciudadan\u00eda a todos los jud\u00edos del mundo, de los hijos, nietos y c\u00f3nyuges de los jud\u00edos, as\u00ed como de quienes se conviertan al juda\u00edsmo. Sin embargo, no incluye a los jud\u00edos de nacimiento convertidos a otra religi\u00f3n y de hecho se ha denegado la ciudadan\u00eda a varios jud\u00edos convertidos al cristianismo.<\/p>\n<p>La pol\u00e9mica en torno a esta ley reside en que Israel no permite regresar a su hogar a los palestinos expulsados ni a sus descendientes. Pero, por poner un ejemplo, un sueco que se convierta al judaismo s\u00ed tiene derecho a residir en Israel y a obtener la ciudadan\u00eda. Adem\u00e1s, es probable que pudiera acceder a ayudas econ\u00f3micas del Estado para financiar estudios o adaptaci\u00f3n a su nuevo hogar.<\/p>\n<p>En 2003 se construy\u00f3 un escal\u00f3n m\u00e1s en esta pol\u00edtica exclusivista con la aprobaci\u00f3n de la Ley de Ciudadan\u00eda y Entrada en Israel, que indica que los palestinos de Cisjordania o Gaza menores de 35 a\u00f1os y las palestinas de Cisjordania o Gaza menores de 25 a\u00f1os no podr\u00e1n residir en territorio israel\u00ed aunque se casen con un\/a israel\u00ed. Sin embargo, si cualquier europeo contrae matrimonio con un ciudadano israel\u00ed tendr\u00e1 derecho tanto a la residencia como a la ciudadan\u00eda.<\/p>\n<h3>La ocupaci\u00f3n<\/h3>\n<p>La ocupaci\u00f3n es la esencia del Estado israel\u00ed tal y como se concibe a s\u00ed mismo a d\u00eda de hoy. Los colonos conforman una especie de ej\u00e9rcito israel\u00ed paralelo al oficial, ya que ejercen una funci\u00f3n paramilitar, la de invadir y ocupar, motivados por razones pol\u00edticas, religiosas y tambi\u00e9n econ\u00f3micas, ya que el Estado concede pr\u00e9stamos y subvenciones a aquellos jud\u00edos que se instalan en la tierra de los palestinos.<\/p>\n<p>En el territorio palestino de Cisjordania viven 450.000 colonos jud\u00edos, con una poblaci\u00f3n total de m\u00e1s de dos millones de habitantes. Las colonias jud\u00edas consumen un promedio de 620 metros c\u00fabicos de agua por persona al a\u00f1o frente a los menos de 100 metros c\u00fabicos de los palestinos. Esto sucede porque los asentamientos se apropian de parte de los acu\u00edferos y de las \u00e1reas con m\u00e1s reservas.<\/p>\n<p>Los colonos pueden llevar armas. Adem\u00e1s, sus asentamientos est\u00e1n protegidos por el Ej\u00e9rcito israel\u00ed, que de este modo legitima la ocupaci\u00f3n. Es el propio Estado el que administra los terrenos de Cisjordania.<\/p>\n<p>A trav\u00e9s de las colonias, Cisjordania se ha convertido en una zona acantonada, sin continuidad territorial, donde los pueblos y ciudades est\u00e1n desconectados entre s\u00ed, convertidos en islotes rodeados por controles militares israel\u00edes.<\/p>\n<h3>Exclusi\u00f3n y discriminaci\u00f3n<\/h3>\n<p>Para controlar a la poblaci\u00f3n palestina, Israel limita sus movimientos, lleva a cabo arrestos arbitrarios, aplica la llamada ley de detenci\u00f3n administrativa, que permite mantener encarcelado a un palestino sin cargos ni juicio hasta al menos dos a\u00f1os, impide a los palestinos salir de su localidad o les obliga a esperar horas para hacerlo, les niega servicios p\u00fablicos fundamentales, les prohibe construir viviendas y de hecho destruye algunas de sus casas, con la excusa de que no cuentan con permisos de construcci\u00f3n que se les deniegan de forma sistem\u00e1tica.<\/p>\n<p>En la pr\u00e1ctica aplica un apartheid y se gu\u00eda por la ley del tali\u00f3n. Si alguien mata a un israel\u00ed, es el propio Estado el que se encarga de la venganza, derribando la casa de la familia del presunto culpable, tortur\u00e1ndole a \u00e9l, a sus amigos o familiares, o impulsando una ofensiva militar en su barrio o en otro, como la actual contra Gaza. Al contrario de lo que deber\u00eda ser la actuaci\u00f3n de un Estado democr\u00e1tico, Israel opta por la venganza en vez de por la v\u00eda judicial.<\/p>\n<h3>El precio de la paz<\/h3>\n<p>Ante ello, Estados Unidos o la Uni\u00f3n Europea se limitan a murmurar con tibias condenas que son simple tinta sobre papel, porque mientras las emiten, mantienen a Israel como socio comercial preferente, le venden armas, le brindan apoyo diplom\u00e1tico y estrat\u00e9gico. Nuestros gobiernos son corresponsables -desde hace d\u00e9cadas- del destino de palestinos e israel\u00edes.<\/p>\n<p>Como me dijo <strong> <a href=\"http:\/\/minotauro.periodismohumano.com\/2010\/10\/05\/una-familia-israeli-que-dice-no-en-mi-nombre\/\"> Rami Elhanan<\/a><\/strong>, israel\u00ed que perdi\u00f3 a su hija en un atentado de Ham\u00e1s, los jud\u00edos que apuestan por excluir a los palestinos se excluyen a s\u00ed mismos, \u201cest\u00e1n volviendo al gueto. La soluci\u00f3n est\u00e1 encima de la mesa, pero solo llegar\u00e1 cuando Israel se d\u00e9 cuenta de que el precio de no tener paz es m\u00e1s elevado que el de tenerla\u201d.<\/p>\n<p>Este a\u00f1o Ham\u00e1s y Al Fatah anunciaron su reconciliaci\u00f3n y un acuerdo incipiente para un gobierno de unidad nacional. Las autoridades palestinas han hablado incluso de estar dispuestas a recurrir a la v\u00eda judicial para denunciar a Israel en tribunales internacionales. Ante ello, la respuesta de Tel Aviv ha sido m\u00e1s mano dura. No quiere al pueblo palestino unido, porque eso tambi\u00e9n amenaza el car\u00e1cter jud\u00edo de su Estado.<\/p>\n<p>La radicalizaci\u00f3n est\u00e1 llegando a tal punto que han brotado nuevos grupos extremistas israel\u00edes que atacan a los manifestantes israel\u00edes que salen a la calle para pedir paz y libertad para Palestina.<\/p>\n<p>En su ansia por querer m\u00e1s, Israel sigue renunciando a un acuerdo m\u00e1s que beneficioso para \u00e9l, por el cual los palestinos tendr\u00edan un Estado con tan solo el 22% de la Palestina inicial, lo que supondr\u00eda ordenar la salida de Cisjordania de los 450.000 colonos jud\u00edos, algo a lo que Tel Aviv no est\u00e1 dispuesto, al menos hasta ahora.<\/p>\n<p>De todo esto va lo que ocurre estos d\u00edas en Palestina, en Gaza, en Cisjordania.<\/p>\n<h3>Otro Israel es posible<\/h3>\n<p>Cada d\u00eda que pasa los palestinos son reducidos a n\u00fameros o al olvido, recubiertos por esa perversa sospecha que persigue a tantas v\u00edctimas, y que susurra \u201calgo habr\u00e1n hecho\u201d, \u201calgo habr\u00e1n hecho\u201d, porque resulta incre\u00edble que los cr\u00edmenes se cometan con tanta impunidad. La entidad que se erige a s\u00ed misma como \u00e1rbitro moral para decidir qu\u00e9 deber\u00eda ocurrir y qu\u00e9 no en Palestina es la misma que rob\u00f3 y sigue robando la tierra de otros.<\/p>\n<p>No hay soluci\u00f3n militar posible porque a pesar de todo, a pesar de lo que dijera <a href=\"http:\/\/es.wikipedia.org\/wiki\/Golda_Meir\"> Golda Meir<\/a> en 1969, Palestina y los palestinos existen. La \u00fanica soluci\u00f3n pasa por poner fin a la ocupaci\u00f3n, a los asentamientos, a la exclusi\u00f3n. El racismo, seg\u00fan el semi\u00f3logo <a href=\"http:\/\/es.wikipedia.org\/wiki\/Walter_Mignolo\"> Walter Mignolo<\/a>, es la decisi\u00f3n de aquellos que est\u00e1n en el poder de clasificar y evaluar el grado de humanidad de los otros con el objetivo de controlar y dominar.<\/p>\n<p>Dicho en palabras de la acad\u00e9mica israel\u00ed <strong> <a href=\"http:\/\/minotauro.periodismohumano.com\/2010\/04\/05\/nurit-peled-ya-es-hora-de-que-europa-frene-a-israel\/\"> Nurit Peled<\/a><\/strong>, \u201cel Estado de Israel, que se declar\u00f3 oficialmente un Estado de apartheid, se distingue por lo que ha sido siempre el m\u00e9todo del racismo m\u00e1s t\u00edpico y exitoso: la clasificaci\u00f3n de los seres humanos\u201d.<\/p>\n<p>Otro Israel es posible, al igual que otra Sud\u00e1frica fue posible.<\/p>\n","protected":false},"excerpt":{"rendered":"<p>Lo que pasa en Gaza se inici\u00f3 hace 66 a\u00f1os, cuando Israel opt\u00f3 por ser un Estado jud\u00edo de mayor\u00eda jud\u00eda. Para ello ocupa territorios, excluye a los palestinos y los somete a operaciones militares de castigo. Otro Israel es&hellip;<\/p>\n","protected":false},"author":94,"featured_media":121315,"comment_status":"closed","ping_status":"open","sticky":false,"template":"","format":"standard","meta":{"footnotes":""},"categories":[76,79,1241,39,71,161],"tags":[11566,646,383,814,623],"class_list":["post-121314","post","type-post","status-publish","format-standard","has-post-thumbnail","hentry","category-relaciones-exteriores","category-derechos-humanos","category-diversidad","category-internacional","category-medio-oriente-es","category-opiniones","tag-conflicto-palestino-israeli","tag-israel-es","tag-noviolencia","tag-palestina-es","tag-violencia"],"yoast_head":"<!-- This site is optimized with the Yoast SEO plugin v27.1.1 - https:\/\/yoast.com\/product\/yoast-seo-wordpress\/ -->\n<title>Israel, Palestina: C\u00f3mo empez\u00f3 todo<\/title>\n<meta name=\"description\" content=\"Lo que pasa en Gaza se inici\u00f3 hace 66 a\u00f1os, cuando Israel opt\u00f3 por ser un Estado jud\u00edo de mayor\u00eda jud\u00eda. Para ello ocupa territorios, excluye a los\" \/>\n<meta name=\"robots\" content=\"index, follow, max-snippet:-1, max-image-preview:large, max-video-preview:-1\" \/>\n<link rel=\"canonical\" href=\"https:\/\/www.pressenza.com\/es\/2014\/07\/israel-palestina-como-empezo-todo\/\" \/>\n<meta property=\"og:locale\" content=\"es_ES\" \/>\n<meta property=\"og:type\" content=\"article\" \/>\n<meta property=\"og:title\" content=\"Israel, Palestina: C\u00f3mo empez\u00f3 todo\" \/>\n<meta property=\"og:description\" content=\"Lo que pasa en Gaza se inici\u00f3 hace 66 a\u00f1os, cuando Israel opt\u00f3 por ser un Estado jud\u00edo de mayor\u00eda jud\u00eda. Para ello ocupa territorios, excluye a los\" \/>\n<meta property=\"og:url\" content=\"https:\/\/www.pressenza.com\/es\/2014\/07\/israel-palestina-como-empezo-todo\/\" \/>\n<meta property=\"og:site_name\" content=\"Pressenza\" \/>\n<meta property=\"article:publisher\" content=\"https:\/\/www.facebook.com\/PressenzaItalia\" \/>\n<meta property=\"article:author\" content=\"https:\/\/www.facebook.com\/pressenza\" \/>\n<meta property=\"article:published_time\" content=\"2014-07-23T12:54:25+00:00\" \/>\n<meta property=\"article:modified_time\" content=\"2015-07-21T20:48:49+00:00\" \/>\n<meta property=\"og:image\" content=\"https:\/\/www.pressenza.com\/wp-content\/uploads\/2014\/07\/Mujeres-palestinas-Gaza-integrantes-Efe_EDIIMA20140722_0721_4.jpg\" \/>\n\t<meta property=\"og:image:width\" content=\"643\" \/>\n\t<meta property=\"og:image:height\" content=\"362\" \/>\n\t<meta property=\"og:image:type\" content=\"image\/jpeg\" \/>\n<meta name=\"author\" content=\"Redacci\u00f3n Madrid\" \/>\n<meta name=\"twitter:card\" content=\"summary_large_image\" \/>\n<meta name=\"twitter:creator\" content=\"@pressenza\" \/>\n<meta name=\"twitter:site\" content=\"@PressenzaIPA\" \/>\n<meta name=\"twitter:label1\" content=\"Escrito por\" \/>\n\t<meta name=\"twitter:data1\" content=\"Redacci\u00f3n Madrid\" \/>\n\t<meta name=\"twitter:label2\" content=\"Tiempo de lectura\" \/>\n\t<meta name=\"twitter:data2\" content=\"12 minutos\" \/>\n<script type=\"application\/ld+json\" class=\"yoast-schema-graph\">{\"@context\":\"https:\/\/schema.org\",\"@graph\":[{\"@type\":\"Article\",\"@id\":\"https:\/\/www.pressenza.com\/es\/2014\/07\/israel-palestina-como-empezo-todo\/#article\",\"isPartOf\":{\"@id\":\"https:\/\/www.pressenza.com\/es\/2014\/07\/israel-palestina-como-empezo-todo\/\"},\"author\":{\"name\":\"Redacci\u00f3n Madrid\",\"@id\":\"https:\/\/www.pressenza.com\/es\/#\/schema\/person\/828fc40eeca2ad7be3630e5a46adba94\"},\"headline\":\"Israel, Palestina: C\u00f3mo empez\u00f3 todo\",\"datePublished\":\"2014-07-23T12:54:25+00:00\",\"dateModified\":\"2015-07-21T20:48:49+00:00\",\"mainEntityOfPage\":{\"@id\":\"https:\/\/www.pressenza.com\/es\/2014\/07\/israel-palestina-como-empezo-todo\/\"},\"wordCount\":2378,\"publisher\":{\"@id\":\"https:\/\/www.pressenza.com\/es\/#organization\"},\"image\":{\"@id\":\"https:\/\/www.pressenza.com\/es\/2014\/07\/israel-palestina-como-empezo-todo\/#primaryimage\"},\"thumbnailUrl\":\"https:\/\/www.pressenza.com\/wp-content\/uploads\/2014\/07\/Mujeres-palestinas-Gaza-integrantes-Efe_EDIIMA20140722_0721_4.jpg\",\"keywords\":[\"Conflicto Palestino Israel\u00ed\",\"Israel\",\"Noviolencia\",\"Palestina\",\"Violencia\"],\"articleSection\":[\"Asuntos internacionales\",\"Derechos Humanos\",\"Diversidad\",\"Internacional\",\"Medio Oriente\",\"Opiniones\"],\"inLanguage\":\"es\"},{\"@type\":\"WebPage\",\"@id\":\"https:\/\/www.pressenza.com\/es\/2014\/07\/israel-palestina-como-empezo-todo\/\",\"url\":\"https:\/\/www.pressenza.com\/es\/2014\/07\/israel-palestina-como-empezo-todo\/\",\"name\":\"Israel, Palestina: C\u00f3mo empez\u00f3 todo\",\"isPartOf\":{\"@id\":\"https:\/\/www.pressenza.com\/es\/#website\"},\"primaryImageOfPage\":{\"@id\":\"https:\/\/www.pressenza.com\/es\/2014\/07\/israel-palestina-como-empezo-todo\/#primaryimage\"},\"image\":{\"@id\":\"https:\/\/www.pressenza.com\/es\/2014\/07\/israel-palestina-como-empezo-todo\/#primaryimage\"},\"thumbnailUrl\":\"https:\/\/www.pressenza.com\/wp-content\/uploads\/2014\/07\/Mujeres-palestinas-Gaza-integrantes-Efe_EDIIMA20140722_0721_4.jpg\",\"datePublished\":\"2014-07-23T12:54:25+00:00\",\"dateModified\":\"2015-07-21T20:48:49+00:00\",\"description\":\"Lo que pasa en Gaza se inici\u00f3 hace 66 a\u00f1os, cuando Israel opt\u00f3 por ser un Estado jud\u00edo de mayor\u00eda jud\u00eda. Para ello ocupa territorios, excluye a los\",\"breadcrumb\":{\"@id\":\"https:\/\/www.pressenza.com\/es\/2014\/07\/israel-palestina-como-empezo-todo\/#breadcrumb\"},\"inLanguage\":\"es\",\"potentialAction\":[{\"@type\":\"ReadAction\",\"target\":[\"https:\/\/www.pressenza.com\/es\/2014\/07\/israel-palestina-como-empezo-todo\/\"]}]},{\"@type\":\"ImageObject\",\"inLanguage\":\"es\",\"@id\":\"https:\/\/www.pressenza.com\/es\/2014\/07\/israel-palestina-como-empezo-todo\/#primaryimage\",\"url\":\"https:\/\/www.pressenza.com\/wp-content\/uploads\/2014\/07\/Mujeres-palestinas-Gaza-integrantes-Efe_EDIIMA20140722_0721_4.jpg\",\"contentUrl\":\"https:\/\/www.pressenza.com\/wp-content\/uploads\/2014\/07\/Mujeres-palestinas-Gaza-integrantes-Efe_EDIIMA20140722_0721_4.jpg\",\"width\":643,\"height\":362},{\"@type\":\"BreadcrumbList\",\"@id\":\"https:\/\/www.pressenza.com\/es\/2014\/07\/israel-palestina-como-empezo-todo\/#breadcrumb\",\"itemListElement\":[{\"@type\":\"ListItem\",\"position\":1,\"name\":\"Accueil\",\"item\":\"https:\/\/www.pressenza.com\/es\/\"},{\"@type\":\"ListItem\",\"position\":2,\"name\":\"Israel, Palestina: C\u00f3mo empez\u00f3 todo\"}]},{\"@type\":\"WebSite\",\"@id\":\"https:\/\/www.pressenza.com\/es\/#website\",\"url\":\"https:\/\/www.pressenza.com\/es\/\",\"name\":\"Pressenza\",\"description\":\"International Press Agency\",\"publisher\":{\"@id\":\"https:\/\/www.pressenza.com\/es\/#organization\"},\"potentialAction\":[{\"@type\":\"SearchAction\",\"target\":{\"@type\":\"EntryPoint\",\"urlTemplate\":\"https:\/\/www.pressenza.com\/es\/?s={search_term_string}\"},\"query-input\":{\"@type\":\"PropertyValueSpecification\",\"valueRequired\":true,\"valueName\":\"search_term_string\"}}],\"inLanguage\":\"es\"},{\"@type\":\"Organization\",\"@id\":\"https:\/\/www.pressenza.com\/es\/#organization\",\"name\":\"Pressenza\",\"url\":\"https:\/\/www.pressenza.com\/es\/\",\"logo\":{\"@type\":\"ImageObject\",\"inLanguage\":\"es\",\"@id\":\"https:\/\/www.pressenza.com\/es\/#\/schema\/logo\/image\/\",\"url\":\"https:\/\/www.pressenza.com\/wp-content\/uploads\/2022\/10\/pressenza_logo_200x200.jpg\",\"contentUrl\":\"https:\/\/www.pressenza.com\/wp-content\/uploads\/2022\/10\/pressenza_logo_200x200.jpg\",\"width\":200,\"height\":200,\"caption\":\"Pressenza\"},\"image\":{\"@id\":\"https:\/\/www.pressenza.com\/es\/#\/schema\/logo\/image\/\"},\"sameAs\":[\"https:\/\/www.facebook.com\/PressenzaItalia\",\"https:\/\/x.com\/PressenzaIPA\"]},{\"@type\":\"Person\",\"@id\":\"https:\/\/www.pressenza.com\/es\/#\/schema\/person\/828fc40eeca2ad7be3630e5a46adba94\",\"name\":\"Redacci\u00f3n Madrid\",\"description\":\"News from the Pressenza Bureau in Madrid, Spain\",\"sameAs\":[\"https:\/\/www.facebook.com\/pressenza\",\"https:\/\/x.com\/pressenza\"],\"url\":\"https:\/\/www.pressenza.com\/es\/author\/redaccion-madrid\/\"}]}<\/script>\n<!-- \/ Yoast SEO plugin. -->","yoast_head_json":{"title":"Israel, Palestina: C\u00f3mo empez\u00f3 todo","description":"Lo que pasa en Gaza se inici\u00f3 hace 66 a\u00f1os, cuando Israel opt\u00f3 por ser un Estado jud\u00edo de mayor\u00eda jud\u00eda. Para ello ocupa territorios, excluye a los","robots":{"index":"index","follow":"follow","max-snippet":"max-snippet:-1","max-image-preview":"max-image-preview:large","max-video-preview":"max-video-preview:-1"},"canonical":"https:\/\/www.pressenza.com\/es\/2014\/07\/israel-palestina-como-empezo-todo\/","og_locale":"es_ES","og_type":"article","og_title":"Israel, Palestina: C\u00f3mo empez\u00f3 todo","og_description":"Lo que pasa en Gaza se inici\u00f3 hace 66 a\u00f1os, cuando Israel opt\u00f3 por ser un Estado jud\u00edo de mayor\u00eda jud\u00eda. Para ello ocupa territorios, excluye a los","og_url":"https:\/\/www.pressenza.com\/es\/2014\/07\/israel-palestina-como-empezo-todo\/","og_site_name":"Pressenza","article_publisher":"https:\/\/www.facebook.com\/PressenzaItalia","article_author":"https:\/\/www.facebook.com\/pressenza","article_published_time":"2014-07-23T12:54:25+00:00","article_modified_time":"2015-07-21T20:48:49+00:00","og_image":[{"width":643,"height":362,"url":"https:\/\/www.pressenza.com\/wp-content\/uploads\/2014\/07\/Mujeres-palestinas-Gaza-integrantes-Efe_EDIIMA20140722_0721_4.jpg","type":"image\/jpeg"}],"author":"Redacci\u00f3n Madrid","twitter_card":"summary_large_image","twitter_creator":"@pressenza","twitter_site":"@PressenzaIPA","twitter_misc":{"Escrito por":"Redacci\u00f3n Madrid","Tiempo de lectura":"12 minutos"},"schema":{"@context":"https:\/\/schema.org","@graph":[{"@type":"Article","@id":"https:\/\/www.pressenza.com\/es\/2014\/07\/israel-palestina-como-empezo-todo\/#article","isPartOf":{"@id":"https:\/\/www.pressenza.com\/es\/2014\/07\/israel-palestina-como-empezo-todo\/"},"author":{"name":"Redacci\u00f3n Madrid","@id":"https:\/\/www.pressenza.com\/es\/#\/schema\/person\/828fc40eeca2ad7be3630e5a46adba94"},"headline":"Israel, Palestina: C\u00f3mo empez\u00f3 todo","datePublished":"2014-07-23T12:54:25+00:00","dateModified":"2015-07-21T20:48:49+00:00","mainEntityOfPage":{"@id":"https:\/\/www.pressenza.com\/es\/2014\/07\/israel-palestina-como-empezo-todo\/"},"wordCount":2378,"publisher":{"@id":"https:\/\/www.pressenza.com\/es\/#organization"},"image":{"@id":"https:\/\/www.pressenza.com\/es\/2014\/07\/israel-palestina-como-empezo-todo\/#primaryimage"},"thumbnailUrl":"https:\/\/www.pressenza.com\/wp-content\/uploads\/2014\/07\/Mujeres-palestinas-Gaza-integrantes-Efe_EDIIMA20140722_0721_4.jpg","keywords":["Conflicto Palestino Israel\u00ed","Israel","Noviolencia","Palestina","Violencia"],"articleSection":["Asuntos internacionales","Derechos Humanos","Diversidad","Internacional","Medio Oriente","Opiniones"],"inLanguage":"es"},{"@type":"WebPage","@id":"https:\/\/www.pressenza.com\/es\/2014\/07\/israel-palestina-como-empezo-todo\/","url":"https:\/\/www.pressenza.com\/es\/2014\/07\/israel-palestina-como-empezo-todo\/","name":"Israel, Palestina: C\u00f3mo empez\u00f3 todo","isPartOf":{"@id":"https:\/\/www.pressenza.com\/es\/#website"},"primaryImageOfPage":{"@id":"https:\/\/www.pressenza.com\/es\/2014\/07\/israel-palestina-como-empezo-todo\/#primaryimage"},"image":{"@id":"https:\/\/www.pressenza.com\/es\/2014\/07\/israel-palestina-como-empezo-todo\/#primaryimage"},"thumbnailUrl":"https:\/\/www.pressenza.com\/wp-content\/uploads\/2014\/07\/Mujeres-palestinas-Gaza-integrantes-Efe_EDIIMA20140722_0721_4.jpg","datePublished":"2014-07-23T12:54:25+00:00","dateModified":"2015-07-21T20:48:49+00:00","description":"Lo que pasa en Gaza se inici\u00f3 hace 66 a\u00f1os, cuando Israel opt\u00f3 por ser un Estado jud\u00edo de mayor\u00eda jud\u00eda. Para ello ocupa territorios, excluye a los","breadcrumb":{"@id":"https:\/\/www.pressenza.com\/es\/2014\/07\/israel-palestina-como-empezo-todo\/#breadcrumb"},"inLanguage":"es","potentialAction":[{"@type":"ReadAction","target":["https:\/\/www.pressenza.com\/es\/2014\/07\/israel-palestina-como-empezo-todo\/"]}]},{"@type":"ImageObject","inLanguage":"es","@id":"https:\/\/www.pressenza.com\/es\/2014\/07\/israel-palestina-como-empezo-todo\/#primaryimage","url":"https:\/\/www.pressenza.com\/wp-content\/uploads\/2014\/07\/Mujeres-palestinas-Gaza-integrantes-Efe_EDIIMA20140722_0721_4.jpg","contentUrl":"https:\/\/www.pressenza.com\/wp-content\/uploads\/2014\/07\/Mujeres-palestinas-Gaza-integrantes-Efe_EDIIMA20140722_0721_4.jpg","width":643,"height":362},{"@type":"BreadcrumbList","@id":"https:\/\/www.pressenza.com\/es\/2014\/07\/israel-palestina-como-empezo-todo\/#breadcrumb","itemListElement":[{"@type":"ListItem","position":1,"name":"Accueil","item":"https:\/\/www.pressenza.com\/es\/"},{"@type":"ListItem","position":2,"name":"Israel, Palestina: C\u00f3mo empez\u00f3 todo"}]},{"@type":"WebSite","@id":"https:\/\/www.pressenza.com\/es\/#website","url":"https:\/\/www.pressenza.com\/es\/","name":"Pressenza","description":"International Press Agency","publisher":{"@id":"https:\/\/www.pressenza.com\/es\/#organization"},"potentialAction":[{"@type":"SearchAction","target":{"@type":"EntryPoint","urlTemplate":"https:\/\/www.pressenza.com\/es\/?s={search_term_string}"},"query-input":{"@type":"PropertyValueSpecification","valueRequired":true,"valueName":"search_term_string"}}],"inLanguage":"es"},{"@type":"Organization","@id":"https:\/\/www.pressenza.com\/es\/#organization","name":"Pressenza","url":"https:\/\/www.pressenza.com\/es\/","logo":{"@type":"ImageObject","inLanguage":"es","@id":"https:\/\/www.pressenza.com\/es\/#\/schema\/logo\/image\/","url":"https:\/\/www.pressenza.com\/wp-content\/uploads\/2022\/10\/pressenza_logo_200x200.jpg","contentUrl":"https:\/\/www.pressenza.com\/wp-content\/uploads\/2022\/10\/pressenza_logo_200x200.jpg","width":200,"height":200,"caption":"Pressenza"},"image":{"@id":"https:\/\/www.pressenza.com\/es\/#\/schema\/logo\/image\/"},"sameAs":["https:\/\/www.facebook.com\/PressenzaItalia","https:\/\/x.com\/PressenzaIPA"]},{"@type":"Person","@id":"https:\/\/www.pressenza.com\/es\/#\/schema\/person\/828fc40eeca2ad7be3630e5a46adba94","name":"Redacci\u00f3n Madrid","description":"News from the Pressenza Bureau in Madrid, Spain","sameAs":["https:\/\/www.facebook.com\/pressenza","https:\/\/x.com\/pressenza"],"url":"https:\/\/www.pressenza.com\/es\/author\/redaccion-madrid\/"}]}},"place":"","original_article_url":"","_links":{"self":[{"href":"https:\/\/www.pressenza.com\/es\/wp-json\/wp\/v2\/posts\/121314","targetHints":{"allow":["GET"]}}],"collection":[{"href":"https:\/\/www.pressenza.com\/es\/wp-json\/wp\/v2\/posts"}],"about":[{"href":"https:\/\/www.pressenza.com\/es\/wp-json\/wp\/v2\/types\/post"}],"author":[{"embeddable":true,"href":"https:\/\/www.pressenza.com\/es\/wp-json\/wp\/v2\/users\/94"}],"replies":[{"embeddable":true,"href":"https:\/\/www.pressenza.com\/es\/wp-json\/wp\/v2\/comments?post=121314"}],"version-history":[{"count":0,"href":"https:\/\/www.pressenza.com\/es\/wp-json\/wp\/v2\/posts\/121314\/revisions"}],"wp:featuredmedia":[{"embeddable":true,"href":"https:\/\/www.pressenza.com\/es\/wp-json\/wp\/v2\/media\/121315"}],"wp:attachment":[{"href":"https:\/\/www.pressenza.com\/es\/wp-json\/wp\/v2\/media?parent=121314"}],"wp:term":[{"taxonomy":"category","embeddable":true,"href":"https:\/\/www.pressenza.com\/es\/wp-json\/wp\/v2\/categories?post=121314"},{"taxonomy":"post_tag","embeddable":true,"href":"https:\/\/www.pressenza.com\/es\/wp-json\/wp\/v2\/tags?post=121314"}],"curies":[{"name":"wp","href":"https:\/\/api.w.org\/{rel}","templated":true}]}}