{"id":121241,"date":"2014-07-23T03:38:14","date_gmt":"2014-07-23T02:38:14","guid":{"rendered":"http:\/\/www.pressenza.com\/?p=121241"},"modified":"2016-04-28T10:32:44","modified_gmt":"2016-04-28T09:32:44","slug":"buscando-entender-tanta-violencia","status":"publish","type":"post","link":"https:\/\/www.pressenza.com\/es\/2014\/07\/buscando-entender-tanta-violencia\/","title":{"rendered":"Buscando entender tanta violencia"},"content":{"rendered":"<h5>La situaci\u00f3n en medio oriente me tiene muy inquieto.<\/h5>\n<p>Reconozco que no me ocurre lo mismo con el conflicto de Ucrania ni con la guerra en Colombia. Tampoco me martillan tanto las atrocidades de Sud\u00e1n, las matanzas en Libia, la invasi\u00f3n norteamericana a Afganist\u00e1n, la guerra civil de Somalia, la guerra religiosa de Irak, el absurdo panorama de Siria, las masacres perpetradas por\u00a0 los gobiernos de Egipto, Birmania, Yemen, Bahr\u00e9in, \u00a0Pakist\u00e1n, Rep\u00fablica Centroafricana, China, Tailandia o las carnicer\u00edas que llevan a cabo regularmente en \u00c1frica tanto las grandes compa\u00f1\u00edas multinacionales como los fan\u00e1ticos de una u otra secta religiosa.<\/p>\n<p>Quiz\u00e1s la siniestra alevos\u00eda de los aviones que asesinan por la espalda \u00a0\u2013drones- controlados desde Estados Unidos, constituya para m\u00ed algo igualmente de inquietante como lo que acontece en Palestina.<\/p>\n<p>Sin embargo, debo reconocer con cierta culpabilidad, que hay muchas otras violencias de las que s\u00f3lo me acuerdo cuando las muestran en la tele: los cientos de miles que viven arrancando o en campamentos de refugiados por todo el mundo, las degollinas colaterales al narcotr\u00e1fico en las riberas del imperio, las deportaciones y los abusos de ni\u00f1os, la esclavitud de quienes fabrican las prendas de Nike, Zara y otras marcas de lujo, los asesinatos de mapuche y los exterminios de pueblos amaz\u00f3nicos, las familias que duermen en las calles, destruidas por las ejecuciones bancarias\u2026<\/p>\n<p>Todos estos d\u00edas surgen en mi mente intentos de explicarme la ra\u00edz de tanta violencia as\u00ed como innumerables alternativas o acciones posibles para detenerla. \u00bfSer\u00e1 que Ban Ki Moon debiera renunciar y dar paso a otro m\u00e1s eficiente? \u00bfPodr\u00e1 servir que los l\u00edderes religiosos del mundo hagan una huelga de hambre? \u00bfBastar\u00eda con que las multitudes pacifistas bloquearan la entrada a las f\u00e1bricas de municiones durante un mes? \u00bfY si los periodistas dejaran de leer las justificaciones que, ya escritas,\u00a0 les hacen llegar los due\u00f1os de las 4 agencias noticiosas que cubren el planeta y cuyas ganancias dependen de los que lucran con la violencia?<\/p>\n<p>Me pregunto si todo este infierno se debe a que los malos son los que gobiernan o si en realidad no son ellos los malos sino los que, desde atr\u00e1s, los obligan financiando sus campa\u00f1as pol\u00edticas. No por nada a Obama le dieron el Nobel de la Paz, \u00bfno?<\/p>\n<p>A veces caigo en la l\u00f3gica conspirativa y por momentos tambi\u00e9n llego a creer que Juan Carlos I, los Rothschild, Bill Gates, los tataranietos del Papa Borgia y todos aquellos que se re\u00fanen en secreto una vez al a\u00f1o quieren, efectivamente, adue\u00f1arse del gobierno mundial.<\/p>\n<p>Finalmente me rindo ante la evidencia de que este espiral de violencia irrefrenable no puede deberse a algo tan trivial como unas neuronas entrecruzadas o a la corrupci\u00f3n moral y monetaria\u00a0 que campea en las instituciones mundiales. Debe haber causas m\u00e1s profundas como para lograr que tanta bestialidad se instale en los hechos y los discursos y provoque que la poblaci\u00f3n del mundo entero opte mayoritariamente por: a) prender la TV y ocupar sus m\u00e1ximas capacidades intelectuales en tratar de comprobar si las habilidades histri\u00f3nicas, futbol\u00edsticas o discursivas de los h\u00e9roes del momento se corresponden o no con el monto de los salarios que perciben; b) se conecte a Facebook y comente p\u00fablicamente \u201clo que est\u00e1 pensando\u201d mientras se entera de quien juega a los Thrones o a Place o, c) abanderizarse y defender a rajatabla una u otra de las facciones en pugna sin mayor an\u00e1lisis.<\/p>\n<p>Entonces apago la tele y reflexiono. \u00bfSoy violento yo? \u00bfTrato mal a otros? \u00bfSer\u00eda capaz, si me regalaran un misil para mi cumplea\u00f1os, de usarlo en contra de alguien? Luego de cierta lucha interna concluyo en que, si me descuido o algo me altera hasta el punto de acallar mis prop\u00f3sitos humanistas y noviolentos, podr\u00eda cometer brutalidades.<\/p>\n<p>Sigo con la tele apagada y reflexionando. \u00bfUsar\u00eda ese misil en contra de mi amigo Pedro? Claramente no. Con Pedro logr\u00e9 entender que mi rabia con \u00e9l se deb\u00eda a lo de Susana, amor\u00edos de juventud\u2026 Tuve que aceptar que yo habr\u00eda hecho lo mismo que \u00e9l, que no era conmigo la cosa\u2026<\/p>\n<p>\u00bfY con Javiera? La verdad, debo asumir que fui yo el que tir\u00f3 la primera piedra. Su burla \u2013que tanta humillaci\u00f3n me hizo sentir- me la gan\u00e9 yo mismo. Termin\u00e9 por agradecer lo que aprend\u00ed con ella.<\/p>\n<p>Pero, \u00bflo usar\u00eda para darle una lecci\u00f3n nuclear a Tito? Mmmh! Es que es un caso distinto. Tito jam\u00e1s reconocer\u00eda que yo soy una buena persona. No lo veo desde hace a\u00f1os pero seguro que su actitud no ha cambiado y sigue siendo arrogante. No es lo que me hizo, es su manera de tratarme\u2026 \u00bfGuardar\u00e9 el misil por si alguna vez lo vuelvo a ver y compruebo que es un soberbio?<\/p>\n<p>\u00bfLes tirar\u00eda el misil a los norteamericanos que intervinieron en mi pa\u00eds y destruyeron la armon\u00eda de mi familia? Aparte la dificultad de si luego mi hija conoce a alg\u00fan gringo cuyo pap\u00e1 muri\u00f3 a causa de mi misil\u2026 Mejor no hacerlo. Pero la rabia con ellos persiste, \u00a1fueron violentos! Pero tambi\u00e9n es cierto que ellos no saben de mi rabia. \u00a1Ni me conocen!<\/p>\n<p>Dejo de reflexionar pero no prendo la tele. Algo he avanzado. He descubierto que mis ganas de tirar el misil se originaron en mi historia. Que varios de mis resentimientos he podido \u2013no sin dedicarme a ello- integrarlos y reconciliarme. Que agradezco la paz interna que eso me trajo. Finalmente comprendo por qu\u00e9 nunca he tenido un misil ni nadie ha pensado en la astucia de regal\u00e1rmelo.<\/p>\n<p>Entonces repaso la historia del medio oriente. Abraham y sus l\u00edos amorosos. Los celos y la divisi\u00f3n de ambos pueblos semitas. El Dios chantajista. Jacob y sus ri\u00f1as fraternas. Los 11 hermanos que venden al duod\u00e9cimo. Las guerras de conquista permanentes con los vecinos. Los a\u00f1os de esclavitud a manos de babilonios y egipcios. Las invasiones romanas y la destrucci\u00f3n de sus lugares sagrados. Las di\u00e1sporas, los guetos y juder\u00edas, los exterminios y las expulsiones. El manejo y el poder peligroso del dinero. Las astucias de los malos imperios brit\u00e1nico y estadounidense.<\/p>\n<p>Caigo en cuenta de que para Netanyahu es m\u00e1s dif\u00edcil el trabajo de reconciliaci\u00f3n que para m\u00ed. Tambi\u00e9n entiendo que a m\u00ed me ayudaron otras personas que me aceptaron y as\u00ed colaboraron a recuperar mi autoestima. Por \u00faltimo, hasta comprendo por qu\u00e9 la mayor\u00eda de la gente se evade de aquellos conflictos cuya historia no conoce.<\/p>\n<p>Ahora abro Facebook. \u00bfEn qu\u00e9 est\u00e1s pensando?, &#8211; me pregunta. En la amarga historia que a muchos les toc\u00f3 vivir. En que no hay salida a la violencia si no es por la v\u00eda de la reconciliaci\u00f3n. En que la ignorancia y las astucias no son una justificaci\u00f3n, como tampoco lo es mi rabia.<\/p>\n<p>En que cada vez que hubo violencia, hubo miedo. Pero no cualquier temor; temor a ser herido, a ser degradado, a no ser querido. Nadie guarda rabia contra un terremoto o un incendio accidental.<\/p>\n<p>En Sara y Agar, Isaac e Ismael, Esa\u00fa y Jacob, Hitler y Netanyahu, Arafat y Sharon, Ham\u00e1s y Fatah. En Javiera y Tito\u2026 y en la posibilidad de la rehabilitaci\u00f3n futura de tanta mala historia!<\/p>\n","protected":false},"excerpt":{"rendered":"<p>La situaci\u00f3n en medio oriente me tiene muy inquieto. Reconozco que no me ocurre lo mismo con el conflicto de Ucrania ni con la guerra en Colombia. Tampoco me martillan tanto las atrocidades de Sud\u00e1n, las matanzas en Libia, la&hellip;<\/p>\n","protected":false},"author":24,"featured_media":121350,"comment_status":"closed","ping_status":"open","sticky":false,"template":"","format":"standard","meta":{"footnotes":""},"categories":[71,161,1243],"tags":[694,11566,10793,11600,11597,11616,11601,16180,419,5976,731,11598,6397,623,397],"class_list":["post-121241","post","type-post","status-publish","format-standard","has-post-thumbnail","hentry","category-medio-oriente-es","category-opiniones","category-paz-desarme","tag-barack-obama-es","tag-conflicto-palestino-israeli","tag-estados-unidos-de-norteamerica","tag-fatah","tag-guerras","tag-hamas-en","tag-misil","tag-netanyahu-en","tag-paz","tag-premio-nobel-de-la-paz","tag-reconciliacion","tag-resentimiento","tag-siria","tag-violencia","tag-violencia-estatal"],"yoast_head":"<!-- This site is optimized with the Yoast SEO plugin v27.1.1 - https:\/\/yoast.com\/product\/yoast-seo-wordpress\/ -->\n<title>Buscando entender tanta violencia<\/title>\n<meta name=\"description\" content=\"La situaci\u00f3n en medio oriente me tiene muy inquieto. Reconozco que no me ocurre lo mismo con el conflicto de Ucrania ni con la guerra en Colombia. Tampoco\" \/>\n<meta name=\"robots\" content=\"index, follow, max-snippet:-1, max-image-preview:large, max-video-preview:-1\" \/>\n<link rel=\"canonical\" href=\"https:\/\/www.pressenza.com\/es\/2014\/07\/buscando-entender-tanta-violencia\/\" \/>\n<meta property=\"og:locale\" content=\"es_ES\" \/>\n<meta property=\"og:type\" content=\"article\" \/>\n<meta property=\"og:title\" content=\"Buscando entender tanta violencia\" \/>\n<meta property=\"og:description\" content=\"La situaci\u00f3n en medio oriente me tiene muy inquieto. Reconozco que no me ocurre lo mismo con el conflicto de Ucrania ni con la guerra en Colombia. Tampoco\" \/>\n<meta property=\"og:url\" content=\"https:\/\/www.pressenza.com\/es\/2014\/07\/buscando-entender-tanta-violencia\/\" \/>\n<meta property=\"og:site_name\" content=\"Pressenza\" \/>\n<meta property=\"article:publisher\" content=\"https:\/\/www.facebook.com\/PressenzaItalia\" \/>\n<meta property=\"article:published_time\" content=\"2014-07-23T02:38:14+00:00\" \/>\n<meta property=\"article:modified_time\" content=\"2016-04-28T09:32:44+00:00\" \/>\n<meta property=\"og:image\" content=\"https:\/\/www.pressenza.com\/wp-content\/uploads\/2014\/07\/Abrumaci\u00f3n-Agobio.jpg\" \/>\n\t<meta property=\"og:image:width\" content=\"425\" \/>\n\t<meta property=\"og:image:height\" content=\"660\" \/>\n\t<meta property=\"og:image:type\" content=\"image\/jpeg\" \/>\n<meta name=\"author\" content=\"Luis Felipe Garc\u00eda\" \/>\n<meta name=\"twitter:card\" content=\"summary_large_image\" \/>\n<meta name=\"twitter:creator\" content=\"@PressenzaIPA\" \/>\n<meta name=\"twitter:site\" content=\"@PressenzaIPA\" \/>\n<meta name=\"twitter:label1\" content=\"Escrito por\" \/>\n\t<meta name=\"twitter:data1\" content=\"Luis Felipe Garc\u00eda\" \/>\n\t<meta name=\"twitter:label2\" content=\"Tiempo de lectura\" \/>\n\t<meta name=\"twitter:data2\" content=\"6 minutos\" \/>\n<script type=\"application\/ld+json\" class=\"yoast-schema-graph\">{\"@context\":\"https:\/\/schema.org\",\"@graph\":[{\"@type\":\"Article\",\"@id\":\"https:\/\/www.pressenza.com\/es\/2014\/07\/buscando-entender-tanta-violencia\/#article\",\"isPartOf\":{\"@id\":\"https:\/\/www.pressenza.com\/es\/2014\/07\/buscando-entender-tanta-violencia\/\"},\"author\":{\"name\":\"Luis Felipe Garc\u00eda\",\"@id\":\"https:\/\/www.pressenza.com\/es\/#\/schema\/person\/8618951da3647d20d54f7a481532d6a0\"},\"headline\":\"Buscando entender tanta violencia\",\"datePublished\":\"2014-07-23T02:38:14+00:00\",\"dateModified\":\"2016-04-28T09:32:44+00:00\",\"mainEntityOfPage\":{\"@id\":\"https:\/\/www.pressenza.com\/es\/2014\/07\/buscando-entender-tanta-violencia\/\"},\"wordCount\":1272,\"publisher\":{\"@id\":\"https:\/\/www.pressenza.com\/es\/#organization\"},\"image\":{\"@id\":\"https:\/\/www.pressenza.com\/es\/2014\/07\/buscando-entender-tanta-violencia\/#primaryimage\"},\"thumbnailUrl\":\"https:\/\/www.pressenza.com\/wp-content\/uploads\/2014\/07\/Abrumaci\u00f3n-Agobio.jpg\",\"keywords\":[\"Barack Obama\",\"Conflicto Palestino Israel\u00ed\",\"Estados Unidos de Norteam\u00e9rica\",\"Fatah\",\"guerras\",\"Hamas\",\"misil\",\"Netanyahu\",\"Paz\",\"Premio Nobel de la Paz\",\"reconciliaci\u00f3n\",\"resentimiento\",\"Siria\",\"Violencia\",\"Violencia estatal\"],\"articleSection\":[\"Medio Oriente\",\"Opiniones\",\"Paz y Desarme\"],\"inLanguage\":\"es\"},{\"@type\":\"WebPage\",\"@id\":\"https:\/\/www.pressenza.com\/es\/2014\/07\/buscando-entender-tanta-violencia\/\",\"url\":\"https:\/\/www.pressenza.com\/es\/2014\/07\/buscando-entender-tanta-violencia\/\",\"name\":\"Buscando entender tanta violencia\",\"isPartOf\":{\"@id\":\"https:\/\/www.pressenza.com\/es\/#website\"},\"primaryImageOfPage\":{\"@id\":\"https:\/\/www.pressenza.com\/es\/2014\/07\/buscando-entender-tanta-violencia\/#primaryimage\"},\"image\":{\"@id\":\"https:\/\/www.pressenza.com\/es\/2014\/07\/buscando-entender-tanta-violencia\/#primaryimage\"},\"thumbnailUrl\":\"https:\/\/www.pressenza.com\/wp-content\/uploads\/2014\/07\/Abrumaci\u00f3n-Agobio.jpg\",\"datePublished\":\"2014-07-23T02:38:14+00:00\",\"dateModified\":\"2016-04-28T09:32:44+00:00\",\"description\":\"La situaci\u00f3n en medio oriente me tiene muy inquieto. Reconozco que no me ocurre lo mismo con el conflicto de Ucrania ni con la guerra en Colombia. Tampoco\",\"breadcrumb\":{\"@id\":\"https:\/\/www.pressenza.com\/es\/2014\/07\/buscando-entender-tanta-violencia\/#breadcrumb\"},\"inLanguage\":\"es\",\"potentialAction\":[{\"@type\":\"ReadAction\",\"target\":[\"https:\/\/www.pressenza.com\/es\/2014\/07\/buscando-entender-tanta-violencia\/\"]}]},{\"@type\":\"ImageObject\",\"inLanguage\":\"es\",\"@id\":\"https:\/\/www.pressenza.com\/es\/2014\/07\/buscando-entender-tanta-violencia\/#primaryimage\",\"url\":\"https:\/\/www.pressenza.com\/wp-content\/uploads\/2014\/07\/Abrumaci\u00f3n-Agobio.jpg\",\"contentUrl\":\"https:\/\/www.pressenza.com\/wp-content\/uploads\/2014\/07\/Abrumaci\u00f3n-Agobio.jpg\",\"width\":425,\"height\":660},{\"@type\":\"BreadcrumbList\",\"@id\":\"https:\/\/www.pressenza.com\/es\/2014\/07\/buscando-entender-tanta-violencia\/#breadcrumb\",\"itemListElement\":[{\"@type\":\"ListItem\",\"position\":1,\"name\":\"Accueil\",\"item\":\"https:\/\/www.pressenza.com\/es\/\"},{\"@type\":\"ListItem\",\"position\":2,\"name\":\"Buscando entender tanta violencia\"}]},{\"@type\":\"WebSite\",\"@id\":\"https:\/\/www.pressenza.com\/es\/#website\",\"url\":\"https:\/\/www.pressenza.com\/es\/\",\"name\":\"Pressenza\",\"description\":\"International Press Agency\",\"publisher\":{\"@id\":\"https:\/\/www.pressenza.com\/es\/#organization\"},\"potentialAction\":[{\"@type\":\"SearchAction\",\"target\":{\"@type\":\"EntryPoint\",\"urlTemplate\":\"https:\/\/www.pressenza.com\/es\/?s={search_term_string}\"},\"query-input\":{\"@type\":\"PropertyValueSpecification\",\"valueRequired\":true,\"valueName\":\"search_term_string\"}}],\"inLanguage\":\"es\"},{\"@type\":\"Organization\",\"@id\":\"https:\/\/www.pressenza.com\/es\/#organization\",\"name\":\"Pressenza\",\"url\":\"https:\/\/www.pressenza.com\/es\/\",\"logo\":{\"@type\":\"ImageObject\",\"inLanguage\":\"es\",\"@id\":\"https:\/\/www.pressenza.com\/es\/#\/schema\/logo\/image\/\",\"url\":\"https:\/\/www.pressenza.com\/wp-content\/uploads\/2022\/10\/pressenza_logo_200x200.jpg\",\"contentUrl\":\"https:\/\/www.pressenza.com\/wp-content\/uploads\/2022\/10\/pressenza_logo_200x200.jpg\",\"width\":200,\"height\":200,\"caption\":\"Pressenza\"},\"image\":{\"@id\":\"https:\/\/www.pressenza.com\/es\/#\/schema\/logo\/image\/\"},\"sameAs\":[\"https:\/\/www.facebook.com\/PressenzaItalia\",\"https:\/\/x.com\/PressenzaIPA\"]},{\"@type\":\"Person\",\"@id\":\"https:\/\/www.pressenza.com\/es\/#\/schema\/person\/8618951da3647d20d54f7a481532d6a0\",\"name\":\"Luis Felipe Garc\u00eda\",\"description\":\"Humanista de toda la vida. Inspirado en quienes todos reconocen como buenas personas, he tratado siempre de parecerme a ell@s y de mejorar cada d\u00eda mi manera de trasmitir sus ejemplos y sus ideas.\",\"url\":\"https:\/\/www.pressenza.com\/es\/author\/luis-felipe-garcia\/\"}]}<\/script>\n<!-- \/ Yoast SEO plugin. -->","yoast_head_json":{"title":"Buscando entender tanta violencia","description":"La situaci\u00f3n en medio oriente me tiene muy inquieto. Reconozco que no me ocurre lo mismo con el conflicto de Ucrania ni con la guerra en Colombia. Tampoco","robots":{"index":"index","follow":"follow","max-snippet":"max-snippet:-1","max-image-preview":"max-image-preview:large","max-video-preview":"max-video-preview:-1"},"canonical":"https:\/\/www.pressenza.com\/es\/2014\/07\/buscando-entender-tanta-violencia\/","og_locale":"es_ES","og_type":"article","og_title":"Buscando entender tanta violencia","og_description":"La situaci\u00f3n en medio oriente me tiene muy inquieto. Reconozco que no me ocurre lo mismo con el conflicto de Ucrania ni con la guerra en Colombia. Tampoco","og_url":"https:\/\/www.pressenza.com\/es\/2014\/07\/buscando-entender-tanta-violencia\/","og_site_name":"Pressenza","article_publisher":"https:\/\/www.facebook.com\/PressenzaItalia","article_published_time":"2014-07-23T02:38:14+00:00","article_modified_time":"2016-04-28T09:32:44+00:00","og_image":[{"width":425,"height":660,"url":"https:\/\/www.pressenza.com\/wp-content\/uploads\/2014\/07\/Abrumaci\u00f3n-Agobio.jpg","type":"image\/jpeg"}],"author":"Luis Felipe Garc\u00eda","twitter_card":"summary_large_image","twitter_creator":"@PressenzaIPA","twitter_site":"@PressenzaIPA","twitter_misc":{"Escrito por":"Luis Felipe Garc\u00eda","Tiempo de lectura":"6 minutos"},"schema":{"@context":"https:\/\/schema.org","@graph":[{"@type":"Article","@id":"https:\/\/www.pressenza.com\/es\/2014\/07\/buscando-entender-tanta-violencia\/#article","isPartOf":{"@id":"https:\/\/www.pressenza.com\/es\/2014\/07\/buscando-entender-tanta-violencia\/"},"author":{"name":"Luis Felipe Garc\u00eda","@id":"https:\/\/www.pressenza.com\/es\/#\/schema\/person\/8618951da3647d20d54f7a481532d6a0"},"headline":"Buscando entender tanta violencia","datePublished":"2014-07-23T02:38:14+00:00","dateModified":"2016-04-28T09:32:44+00:00","mainEntityOfPage":{"@id":"https:\/\/www.pressenza.com\/es\/2014\/07\/buscando-entender-tanta-violencia\/"},"wordCount":1272,"publisher":{"@id":"https:\/\/www.pressenza.com\/es\/#organization"},"image":{"@id":"https:\/\/www.pressenza.com\/es\/2014\/07\/buscando-entender-tanta-violencia\/#primaryimage"},"thumbnailUrl":"https:\/\/www.pressenza.com\/wp-content\/uploads\/2014\/07\/Abrumaci\u00f3n-Agobio.jpg","keywords":["Barack Obama","Conflicto Palestino Israel\u00ed","Estados Unidos de Norteam\u00e9rica","Fatah","guerras","Hamas","misil","Netanyahu","Paz","Premio Nobel de la Paz","reconciliaci\u00f3n","resentimiento","Siria","Violencia","Violencia estatal"],"articleSection":["Medio Oriente","Opiniones","Paz y Desarme"],"inLanguage":"es"},{"@type":"WebPage","@id":"https:\/\/www.pressenza.com\/es\/2014\/07\/buscando-entender-tanta-violencia\/","url":"https:\/\/www.pressenza.com\/es\/2014\/07\/buscando-entender-tanta-violencia\/","name":"Buscando entender tanta violencia","isPartOf":{"@id":"https:\/\/www.pressenza.com\/es\/#website"},"primaryImageOfPage":{"@id":"https:\/\/www.pressenza.com\/es\/2014\/07\/buscando-entender-tanta-violencia\/#primaryimage"},"image":{"@id":"https:\/\/www.pressenza.com\/es\/2014\/07\/buscando-entender-tanta-violencia\/#primaryimage"},"thumbnailUrl":"https:\/\/www.pressenza.com\/wp-content\/uploads\/2014\/07\/Abrumaci\u00f3n-Agobio.jpg","datePublished":"2014-07-23T02:38:14+00:00","dateModified":"2016-04-28T09:32:44+00:00","description":"La situaci\u00f3n en medio oriente me tiene muy inquieto. Reconozco que no me ocurre lo mismo con el conflicto de Ucrania ni con la guerra en Colombia. Tampoco","breadcrumb":{"@id":"https:\/\/www.pressenza.com\/es\/2014\/07\/buscando-entender-tanta-violencia\/#breadcrumb"},"inLanguage":"es","potentialAction":[{"@type":"ReadAction","target":["https:\/\/www.pressenza.com\/es\/2014\/07\/buscando-entender-tanta-violencia\/"]}]},{"@type":"ImageObject","inLanguage":"es","@id":"https:\/\/www.pressenza.com\/es\/2014\/07\/buscando-entender-tanta-violencia\/#primaryimage","url":"https:\/\/www.pressenza.com\/wp-content\/uploads\/2014\/07\/Abrumaci\u00f3n-Agobio.jpg","contentUrl":"https:\/\/www.pressenza.com\/wp-content\/uploads\/2014\/07\/Abrumaci\u00f3n-Agobio.jpg","width":425,"height":660},{"@type":"BreadcrumbList","@id":"https:\/\/www.pressenza.com\/es\/2014\/07\/buscando-entender-tanta-violencia\/#breadcrumb","itemListElement":[{"@type":"ListItem","position":1,"name":"Accueil","item":"https:\/\/www.pressenza.com\/es\/"},{"@type":"ListItem","position":2,"name":"Buscando entender tanta violencia"}]},{"@type":"WebSite","@id":"https:\/\/www.pressenza.com\/es\/#website","url":"https:\/\/www.pressenza.com\/es\/","name":"Pressenza","description":"International Press Agency","publisher":{"@id":"https:\/\/www.pressenza.com\/es\/#organization"},"potentialAction":[{"@type":"SearchAction","target":{"@type":"EntryPoint","urlTemplate":"https:\/\/www.pressenza.com\/es\/?s={search_term_string}"},"query-input":{"@type":"PropertyValueSpecification","valueRequired":true,"valueName":"search_term_string"}}],"inLanguage":"es"},{"@type":"Organization","@id":"https:\/\/www.pressenza.com\/es\/#organization","name":"Pressenza","url":"https:\/\/www.pressenza.com\/es\/","logo":{"@type":"ImageObject","inLanguage":"es","@id":"https:\/\/www.pressenza.com\/es\/#\/schema\/logo\/image\/","url":"https:\/\/www.pressenza.com\/wp-content\/uploads\/2022\/10\/pressenza_logo_200x200.jpg","contentUrl":"https:\/\/www.pressenza.com\/wp-content\/uploads\/2022\/10\/pressenza_logo_200x200.jpg","width":200,"height":200,"caption":"Pressenza"},"image":{"@id":"https:\/\/www.pressenza.com\/es\/#\/schema\/logo\/image\/"},"sameAs":["https:\/\/www.facebook.com\/PressenzaItalia","https:\/\/x.com\/PressenzaIPA"]},{"@type":"Person","@id":"https:\/\/www.pressenza.com\/es\/#\/schema\/person\/8618951da3647d20d54f7a481532d6a0","name":"Luis Felipe Garc\u00eda","description":"Humanista de toda la vida. Inspirado en quienes todos reconocen como buenas personas, he tratado siempre de parecerme a ell@s y de mejorar cada d\u00eda mi manera de trasmitir sus ejemplos y sus ideas.","url":"https:\/\/www.pressenza.com\/es\/author\/luis-felipe-garcia\/"}]}},"place":"","original_article_url":"","_links":{"self":[{"href":"https:\/\/www.pressenza.com\/es\/wp-json\/wp\/v2\/posts\/121241","targetHints":{"allow":["GET"]}}],"collection":[{"href":"https:\/\/www.pressenza.com\/es\/wp-json\/wp\/v2\/posts"}],"about":[{"href":"https:\/\/www.pressenza.com\/es\/wp-json\/wp\/v2\/types\/post"}],"author":[{"embeddable":true,"href":"https:\/\/www.pressenza.com\/es\/wp-json\/wp\/v2\/users\/24"}],"replies":[{"embeddable":true,"href":"https:\/\/www.pressenza.com\/es\/wp-json\/wp\/v2\/comments?post=121241"}],"version-history":[{"count":0,"href":"https:\/\/www.pressenza.com\/es\/wp-json\/wp\/v2\/posts\/121241\/revisions"}],"wp:featuredmedia":[{"embeddable":true,"href":"https:\/\/www.pressenza.com\/es\/wp-json\/wp\/v2\/media\/121350"}],"wp:attachment":[{"href":"https:\/\/www.pressenza.com\/es\/wp-json\/wp\/v2\/media?parent=121241"}],"wp:term":[{"taxonomy":"category","embeddable":true,"href":"https:\/\/www.pressenza.com\/es\/wp-json\/wp\/v2\/categories?post=121241"},{"taxonomy":"post_tag","embeddable":true,"href":"https:\/\/www.pressenza.com\/es\/wp-json\/wp\/v2\/tags?post=121241"}],"curies":[{"name":"wp","href":"https:\/\/api.w.org\/{rel}","templated":true}]}}