{"id":1211,"date":"2009-09-04T00:00:00","date_gmt":"2009-09-04T00:00:00","guid":{"rendered":""},"modified":"2009-09-06T19:35:19","modified_gmt":"2009-09-06T19:35:19","slug":"intenso-debate-en-el-congreso-argentino-de-una-nueva-ley-de-medios","status":"publish","type":"post","link":"https:\/\/www.pressenza.com\/es\/2009\/09\/intenso-debate-en-el-congreso-argentino-de-una-nueva-ley-de-medios\/","title":{"rendered":"Intenso debate en el Congreso argentino de una nueva Ley de medios"},"content":{"rendered":"<p>El Congreso de la Naci\u00f3n Argentina se encuentra debatiendo el proyecto de ley de Servicios de Comunicaci\u00f3n Audiovisual que reemplazar\u00eda al actual decreto\/ley 22.285 sancionado en 1980, durante la \u00faltima dictadura militar. El mismo fue presentado el jueves 27 de agosto por la presidenta Cristina Fern\u00e1ndez de Kirchner, aunque fue elaborado durante cinco a\u00f1os por la Coalici\u00f3n para una Radiofusi\u00f3n Democr\u00e1tica (www.coalicion.org.ar), un colectivo independiente conformado por Universidades, periodistas, cient\u00edficos, medios de comunicaci\u00f3n, premios nobel, asociaciones profesionales y otras instituciones de la sociedad civil. <\/p>\n<p>Inspir\u00e1ndose en los aportes y recomendaciones de organismos internacionales como la Corte Interamericana de Derechos Humanos (CIDH) y la Organizaci\u00f3n de Estados Americanos (OEA), el proyecto se propone garantizar el derecho humano a la libertad de expresi\u00f3n. Para ello, establece la igualdad de oportunidades para el acceso y participaci\u00f3n de todos los sectores de la sociedad a la titularidad y gesti\u00f3n de los servicios de radiodifusi\u00f3n. En este sentido, la nueva ley reserva, con car\u00e1cter inderogable, el 33% del espectro para las personas jur\u00eddicas sin fines de lucro tales como universidades, asociaciones, fundaciones, cooperativas y mutuales. El resto se reparte entre medios p\u00fablicos no-gubernamentales y medios privados comerciales. <\/p>\n<p>Hasta el momento, la radiodifusi\u00f3n s\u00f3lo puede ejercerse como actividad con fines de lucro, por lo que los criterios de adjudicaci\u00f3n de licencias s\u00f3lo est\u00e1n basados en la posesi\u00f3n de riqueza y preferencia de aspectos patrimoniales. Como se sabe, las sucesivas modificaciones operadas durante los \u00faltimos veinte a\u00f1os facilitaron la concentraci\u00f3n de la propiedad hasta conformar grandes monopolios multi-medi\u00e1ticos.  <\/p>\n<p>El proyecto de ley tambi\u00e9n se propone garantizar la independencia de los medios de comunicaci\u00f3n. La ley impide que sean titulares de licencias de servicios de radiodifusi\u00f3n integrantes de sus \u00f3rganos directivos, quienes ocupen cargos electivos oficiales nacionales, provinciales o municipales, funcionarios p\u00fablicos de los distintos poderes. Tambi\u00e9n imposibilita cualquier forma de presi\u00f3n, ventajas o castigos a los comunicadores o empresas o instituciones prestadoras en funci\u00f3n de sus opiniones, l\u00ednea informativa o editorial, en el marco del respeto al estado de derecho democr\u00e1tico y los derechos humanos. Incluso proh\u00edbe la asignaci\u00f3n arbitraria o discriminatoria de publicidad oficial, cr\u00e9ditos oficiales o prebendas. <\/p>\n<p>A tal efecto, el proyecto prev\u00e9 la conformaci\u00f3n de un nuevo organismo aut\u00e1rquico y colegiado, en reemplazo del actual COMFER. Por primera vez, se garantiza el acceso de la oposici\u00f3n parlamentaria al control del sistema de medios. Es que el nuevo organismo estar\u00e1 integrado por representantes de la legislatura nacional, de la segunda y tercera minor\u00eda (es decir, la oposici\u00f3n parlamentaria), representantes de las Universidades, de las Asociaciones sin fines de lucro y de los trabajadores del sector. <\/p>\n","protected":false},"excerpt":{"rendered":"<p>La Ley de Servicios de Comunicaci\u00f3n Audiovisual, que garantiza la libertad de expresi\u00f3n y la pluralidad de voces, con importancia en el otorgamiento de licencias para organizaciones sin fines de lucro, es debatida en estos d\u00edas en el Congreso argentino. El proyecto fue presentado por la presidenta argentina y es resistido por los oligopolios medi\u00e1ticos. <\/p>\n","protected":false},"author":19,"featured_media":0,"comment_status":"closed","ping_status":"open","sticky":false,"template":"","format":"standard","meta":{"footnotes":""},"categories":[74,67],"tags":[],"class_list":["post-1211","post","type-post","status-publish","format-standard","hentry","category-politica-es","category-sudamerica"],"yoast_head":"<!-- This site is optimized with the Yoast SEO plugin v27.1.1 - https:\/\/yoast.com\/product\/yoast-seo-wordpress\/ -->\n<title>Intenso debate en el Congreso argentino de una nueva Ley de medios<\/title>\n<meta name=\"description\" content=\"La Ley de Servicios de Comunicaci\u00f3n Audiovisual, que garantiza la libertad de expresi\u00f3n y la pluralidad de voces, con importancia en el otorgamiento de licencias para organizaciones sin fines de lucro, es debatida en estos d\u00edas en el Congreso argentino. El proyecto fue presentado por la presidenta argentina y es resistido por los oligopolios medi\u00e1ticos.\" \/>\n<meta name=\"robots\" content=\"index, follow, max-snippet:-1, max-image-preview:large, max-video-preview:-1\" \/>\n<link rel=\"canonical\" href=\"https:\/\/www.pressenza.com\/es\/2009\/09\/intenso-debate-en-el-congreso-argentino-de-una-nueva-ley-de-medios\/\" \/>\n<meta property=\"og:locale\" content=\"es_ES\" \/>\n<meta property=\"og:type\" content=\"article\" \/>\n<meta property=\"og:title\" content=\"Intenso debate en el Congreso argentino de una nueva Ley de medios\" \/>\n<meta property=\"og:description\" content=\"La Ley de Servicios de Comunicaci\u00f3n Audiovisual, que garantiza la libertad de expresi\u00f3n y la pluralidad de voces, con importancia en el otorgamiento de licencias para organizaciones sin fines de lucro, es debatida en estos d\u00edas en el Congreso argentino. El proyecto fue presentado por la presidenta argentina y es resistido por los oligopolios medi\u00e1ticos.\" \/>\n<meta property=\"og:url\" content=\"https:\/\/www.pressenza.com\/es\/2009\/09\/intenso-debate-en-el-congreso-argentino-de-una-nueva-ley-de-medios\/\" \/>\n<meta property=\"og:site_name\" content=\"Pressenza\" \/>\n<meta property=\"article:publisher\" content=\"https:\/\/www.facebook.com\/PressenzaItalia\" \/>\n<meta property=\"article:author\" content=\"https:\/\/www.facebook.com\/pressenza\" \/>\n<meta property=\"article:published_time\" content=\"2009-09-04T00:00:00+00:00\" \/>\n<meta property=\"article:modified_time\" content=\"2009-09-06T19:35:19+00:00\" \/>\n<meta name=\"author\" content=\"Pressenza IPA\" \/>\n<meta name=\"twitter:card\" content=\"summary_large_image\" \/>\n<meta name=\"twitter:creator\" content=\"@PressenzaIPA\" \/>\n<meta name=\"twitter:site\" content=\"@PressenzaIPA\" \/>\n<meta name=\"twitter:label1\" content=\"Escrito por\" \/>\n\t<meta name=\"twitter:data1\" content=\"Pressenza IPA\" \/>\n\t<meta name=\"twitter:label2\" content=\"Tiempo de lectura\" \/>\n\t<meta name=\"twitter:data2\" content=\"2 minutos\" \/>\n<script type=\"application\/ld+json\" class=\"yoast-schema-graph\">{\"@context\":\"https:\/\/schema.org\",\"@graph\":[{\"@type\":\"Article\",\"@id\":\"https:\/\/www.pressenza.com\/es\/2009\/09\/intenso-debate-en-el-congreso-argentino-de-una-nueva-ley-de-medios\/#article\",\"isPartOf\":{\"@id\":\"https:\/\/www.pressenza.com\/es\/2009\/09\/intenso-debate-en-el-congreso-argentino-de-una-nueva-ley-de-medios\/\"},\"author\":{\"name\":\"Pressenza IPA\",\"@id\":\"https:\/\/www.pressenza.com\/es\/#\/schema\/person\/010e5d02bcf40965427a1289a4cc8d75\"},\"headline\":\"Intenso debate en el Congreso argentino de una nueva Ley de medios\",\"datePublished\":\"2009-09-04T00:00:00+00:00\",\"dateModified\":\"2009-09-06T19:35:19+00:00\",\"mainEntityOfPage\":{\"@id\":\"https:\/\/www.pressenza.com\/es\/2009\/09\/intenso-debate-en-el-congreso-argentino-de-una-nueva-ley-de-medios\/\"},\"wordCount\":487,\"publisher\":{\"@id\":\"https:\/\/www.pressenza.com\/es\/#organization\"},\"articleSection\":[\"Pol\u00edtica\",\"Sudam\u00e9rica\"],\"inLanguage\":\"es\"},{\"@type\":\"WebPage\",\"@id\":\"https:\/\/www.pressenza.com\/es\/2009\/09\/intenso-debate-en-el-congreso-argentino-de-una-nueva-ley-de-medios\/\",\"url\":\"https:\/\/www.pressenza.com\/es\/2009\/09\/intenso-debate-en-el-congreso-argentino-de-una-nueva-ley-de-medios\/\",\"name\":\"Intenso debate en el Congreso argentino de una nueva Ley de medios\",\"isPartOf\":{\"@id\":\"https:\/\/www.pressenza.com\/es\/#website\"},\"datePublished\":\"2009-09-04T00:00:00+00:00\",\"dateModified\":\"2009-09-06T19:35:19+00:00\",\"description\":\"La Ley de Servicios de Comunicaci\u00f3n Audiovisual, que garantiza la libertad de expresi\u00f3n y la pluralidad de voces, con importancia en el otorgamiento de licencias para organizaciones sin fines de lucro, es debatida en estos d\u00edas en el Congreso argentino. El proyecto fue presentado por la presidenta argentina y es resistido por los oligopolios medi\u00e1ticos.\",\"breadcrumb\":{\"@id\":\"https:\/\/www.pressenza.com\/es\/2009\/09\/intenso-debate-en-el-congreso-argentino-de-una-nueva-ley-de-medios\/#breadcrumb\"},\"inLanguage\":\"es\",\"potentialAction\":[{\"@type\":\"ReadAction\",\"target\":[\"https:\/\/www.pressenza.com\/es\/2009\/09\/intenso-debate-en-el-congreso-argentino-de-una-nueva-ley-de-medios\/\"]}]},{\"@type\":\"BreadcrumbList\",\"@id\":\"https:\/\/www.pressenza.com\/es\/2009\/09\/intenso-debate-en-el-congreso-argentino-de-una-nueva-ley-de-medios\/#breadcrumb\",\"itemListElement\":[{\"@type\":\"ListItem\",\"position\":1,\"name\":\"Accueil\",\"item\":\"https:\/\/www.pressenza.com\/es\/\"},{\"@type\":\"ListItem\",\"position\":2,\"name\":\"Intenso debate en el Congreso argentino de una nueva Ley de medios\"}]},{\"@type\":\"WebSite\",\"@id\":\"https:\/\/www.pressenza.com\/es\/#website\",\"url\":\"https:\/\/www.pressenza.com\/es\/\",\"name\":\"Pressenza\",\"description\":\"International Press Agency\",\"publisher\":{\"@id\":\"https:\/\/www.pressenza.com\/es\/#organization\"},\"potentialAction\":[{\"@type\":\"SearchAction\",\"target\":{\"@type\":\"EntryPoint\",\"urlTemplate\":\"https:\/\/www.pressenza.com\/es\/?s={search_term_string}\"},\"query-input\":{\"@type\":\"PropertyValueSpecification\",\"valueRequired\":true,\"valueName\":\"search_term_string\"}}],\"inLanguage\":\"es\"},{\"@type\":\"Organization\",\"@id\":\"https:\/\/www.pressenza.com\/es\/#organization\",\"name\":\"Pressenza\",\"url\":\"https:\/\/www.pressenza.com\/es\/\",\"logo\":{\"@type\":\"ImageObject\",\"inLanguage\":\"es\",\"@id\":\"https:\/\/www.pressenza.com\/es\/#\/schema\/logo\/image\/\",\"url\":\"https:\/\/www.pressenza.com\/wp-content\/uploads\/2022\/10\/pressenza_logo_200x200.jpg\",\"contentUrl\":\"https:\/\/www.pressenza.com\/wp-content\/uploads\/2022\/10\/pressenza_logo_200x200.jpg\",\"width\":200,\"height\":200,\"caption\":\"Pressenza\"},\"image\":{\"@id\":\"https:\/\/www.pressenza.com\/es\/#\/schema\/logo\/image\/\"},\"sameAs\":[\"https:\/\/www.facebook.com\/PressenzaItalia\",\"https:\/\/x.com\/PressenzaIPA\"]},{\"@type\":\"Person\",\"@id\":\"https:\/\/www.pressenza.com\/es\/#\/schema\/person\/010e5d02bcf40965427a1289a4cc8d75\",\"name\":\"Pressenza IPA\",\"description\":\"News from Pressenza IPA correspondents\",\"sameAs\":[\"https:\/\/www.facebook.com\/pressenza\",\"https:\/\/x.com\/PressenzaIPA\"],\"url\":\"https:\/\/www.pressenza.com\/es\/author\/pressenza-ipa\/\"}]}<\/script>\n<!-- \/ Yoast SEO plugin. -->","yoast_head_json":{"title":"Intenso debate en el Congreso argentino de una nueva Ley de medios","description":"La Ley de Servicios de Comunicaci\u00f3n Audiovisual, que garantiza la libertad de expresi\u00f3n y la pluralidad de voces, con importancia en el otorgamiento de licencias para organizaciones sin fines de lucro, es debatida en estos d\u00edas en el Congreso argentino. El proyecto fue presentado por la presidenta argentina y es resistido por los oligopolios medi\u00e1ticos.","robots":{"index":"index","follow":"follow","max-snippet":"max-snippet:-1","max-image-preview":"max-image-preview:large","max-video-preview":"max-video-preview:-1"},"canonical":"https:\/\/www.pressenza.com\/es\/2009\/09\/intenso-debate-en-el-congreso-argentino-de-una-nueva-ley-de-medios\/","og_locale":"es_ES","og_type":"article","og_title":"Intenso debate en el Congreso argentino de una nueva Ley de medios","og_description":"La Ley de Servicios de Comunicaci\u00f3n Audiovisual, que garantiza la libertad de expresi\u00f3n y la pluralidad de voces, con importancia en el otorgamiento de licencias para organizaciones sin fines de lucro, es debatida en estos d\u00edas en el Congreso argentino. El proyecto fue presentado por la presidenta argentina y es resistido por los oligopolios medi\u00e1ticos.","og_url":"https:\/\/www.pressenza.com\/es\/2009\/09\/intenso-debate-en-el-congreso-argentino-de-una-nueva-ley-de-medios\/","og_site_name":"Pressenza","article_publisher":"https:\/\/www.facebook.com\/PressenzaItalia","article_author":"https:\/\/www.facebook.com\/pressenza","article_published_time":"2009-09-04T00:00:00+00:00","article_modified_time":"2009-09-06T19:35:19+00:00","author":"Pressenza IPA","twitter_card":"summary_large_image","twitter_creator":"@PressenzaIPA","twitter_site":"@PressenzaIPA","twitter_misc":{"Escrito por":"Pressenza IPA","Tiempo de lectura":"2 minutos"},"schema":{"@context":"https:\/\/schema.org","@graph":[{"@type":"Article","@id":"https:\/\/www.pressenza.com\/es\/2009\/09\/intenso-debate-en-el-congreso-argentino-de-una-nueva-ley-de-medios\/#article","isPartOf":{"@id":"https:\/\/www.pressenza.com\/es\/2009\/09\/intenso-debate-en-el-congreso-argentino-de-una-nueva-ley-de-medios\/"},"author":{"name":"Pressenza IPA","@id":"https:\/\/www.pressenza.com\/es\/#\/schema\/person\/010e5d02bcf40965427a1289a4cc8d75"},"headline":"Intenso debate en el Congreso argentino de una nueva Ley de medios","datePublished":"2009-09-04T00:00:00+00:00","dateModified":"2009-09-06T19:35:19+00:00","mainEntityOfPage":{"@id":"https:\/\/www.pressenza.com\/es\/2009\/09\/intenso-debate-en-el-congreso-argentino-de-una-nueva-ley-de-medios\/"},"wordCount":487,"publisher":{"@id":"https:\/\/www.pressenza.com\/es\/#organization"},"articleSection":["Pol\u00edtica","Sudam\u00e9rica"],"inLanguage":"es"},{"@type":"WebPage","@id":"https:\/\/www.pressenza.com\/es\/2009\/09\/intenso-debate-en-el-congreso-argentino-de-una-nueva-ley-de-medios\/","url":"https:\/\/www.pressenza.com\/es\/2009\/09\/intenso-debate-en-el-congreso-argentino-de-una-nueva-ley-de-medios\/","name":"Intenso debate en el Congreso argentino de una nueva Ley de medios","isPartOf":{"@id":"https:\/\/www.pressenza.com\/es\/#website"},"datePublished":"2009-09-04T00:00:00+00:00","dateModified":"2009-09-06T19:35:19+00:00","description":"La Ley de Servicios de Comunicaci\u00f3n Audiovisual, que garantiza la libertad de expresi\u00f3n y la pluralidad de voces, con importancia en el otorgamiento de licencias para organizaciones sin fines de lucro, es debatida en estos d\u00edas en el Congreso argentino. El proyecto fue presentado por la presidenta argentina y es resistido por los oligopolios medi\u00e1ticos.","breadcrumb":{"@id":"https:\/\/www.pressenza.com\/es\/2009\/09\/intenso-debate-en-el-congreso-argentino-de-una-nueva-ley-de-medios\/#breadcrumb"},"inLanguage":"es","potentialAction":[{"@type":"ReadAction","target":["https:\/\/www.pressenza.com\/es\/2009\/09\/intenso-debate-en-el-congreso-argentino-de-una-nueva-ley-de-medios\/"]}]},{"@type":"BreadcrumbList","@id":"https:\/\/www.pressenza.com\/es\/2009\/09\/intenso-debate-en-el-congreso-argentino-de-una-nueva-ley-de-medios\/#breadcrumb","itemListElement":[{"@type":"ListItem","position":1,"name":"Accueil","item":"https:\/\/www.pressenza.com\/es\/"},{"@type":"ListItem","position":2,"name":"Intenso debate en el Congreso argentino de una nueva Ley de medios"}]},{"@type":"WebSite","@id":"https:\/\/www.pressenza.com\/es\/#website","url":"https:\/\/www.pressenza.com\/es\/","name":"Pressenza","description":"International Press Agency","publisher":{"@id":"https:\/\/www.pressenza.com\/es\/#organization"},"potentialAction":[{"@type":"SearchAction","target":{"@type":"EntryPoint","urlTemplate":"https:\/\/www.pressenza.com\/es\/?s={search_term_string}"},"query-input":{"@type":"PropertyValueSpecification","valueRequired":true,"valueName":"search_term_string"}}],"inLanguage":"es"},{"@type":"Organization","@id":"https:\/\/www.pressenza.com\/es\/#organization","name":"Pressenza","url":"https:\/\/www.pressenza.com\/es\/","logo":{"@type":"ImageObject","inLanguage":"es","@id":"https:\/\/www.pressenza.com\/es\/#\/schema\/logo\/image\/","url":"https:\/\/www.pressenza.com\/wp-content\/uploads\/2022\/10\/pressenza_logo_200x200.jpg","contentUrl":"https:\/\/www.pressenza.com\/wp-content\/uploads\/2022\/10\/pressenza_logo_200x200.jpg","width":200,"height":200,"caption":"Pressenza"},"image":{"@id":"https:\/\/www.pressenza.com\/es\/#\/schema\/logo\/image\/"},"sameAs":["https:\/\/www.facebook.com\/PressenzaItalia","https:\/\/x.com\/PressenzaIPA"]},{"@type":"Person","@id":"https:\/\/www.pressenza.com\/es\/#\/schema\/person\/010e5d02bcf40965427a1289a4cc8d75","name":"Pressenza IPA","description":"News from Pressenza IPA correspondents","sameAs":["https:\/\/www.facebook.com\/pressenza","https:\/\/x.com\/PressenzaIPA"],"url":"https:\/\/www.pressenza.com\/es\/author\/pressenza-ipa\/"}]}},"place":"Buenos Aires","original_article_url":"","_links":{"self":[{"href":"https:\/\/www.pressenza.com\/es\/wp-json\/wp\/v2\/posts\/1211","targetHints":{"allow":["GET"]}}],"collection":[{"href":"https:\/\/www.pressenza.com\/es\/wp-json\/wp\/v2\/posts"}],"about":[{"href":"https:\/\/www.pressenza.com\/es\/wp-json\/wp\/v2\/types\/post"}],"author":[{"embeddable":true,"href":"https:\/\/www.pressenza.com\/es\/wp-json\/wp\/v2\/users\/19"}],"replies":[{"embeddable":true,"href":"https:\/\/www.pressenza.com\/es\/wp-json\/wp\/v2\/comments?post=1211"}],"version-history":[{"count":0,"href":"https:\/\/www.pressenza.com\/es\/wp-json\/wp\/v2\/posts\/1211\/revisions"}],"wp:attachment":[{"href":"https:\/\/www.pressenza.com\/es\/wp-json\/wp\/v2\/media?parent=1211"}],"wp:term":[{"taxonomy":"category","embeddable":true,"href":"https:\/\/www.pressenza.com\/es\/wp-json\/wp\/v2\/categories?post=1211"},{"taxonomy":"post_tag","embeddable":true,"href":"https:\/\/www.pressenza.com\/es\/wp-json\/wp\/v2\/tags?post=1211"}],"curies":[{"name":"wp","href":"https:\/\/api.w.org\/{rel}","templated":true}]}}