{"id":120566,"date":"2014-07-20T21:20:25","date_gmt":"2014-07-20T20:20:25","guid":{"rendered":"http:\/\/www.pressenza.com\/?p=120566"},"modified":"2014-07-20T21:20:52","modified_gmt":"2014-07-20T20:20:52","slug":"brasil-orden-y-hambre","status":"publish","type":"post","link":"https:\/\/www.pressenza.com\/es\/2014\/07\/brasil-orden-y-hambre\/","title":{"rendered":"Brasil: Orden y Hambre"},"content":{"rendered":"<p><strong>Por Alejandro Viovy.-<\/strong><\/p>\n<style type=\"text\/css\"><!--\nP { margin-bottom: 0.21cm; direction: ltr; color: rgb(0, 0, 0); line-height: 115%; widows: 2; orphans: 2; }P.western { font-family: \"Calibri\",sans-serif; font-size: 11pt; }P.cjk { font-family: \"Calibri\",sans-serif; font-size: 11pt; }P.ctl { font-family: \"Times New Roman\",serif; font-size: 11pt; }\n--><\/style>\n<p lang=\"es-CL\" align=\"JUSTIFY\">En Brasil hay algunos ni\u00f1os que est\u00e1n muriendo de hambre. La vida me puso enfrente de sus angelicales rostros de angustia, quienes me exig\u00edan clemencia con una mirada llena de dolor y sufrimiento. \u00bfQu\u00e9 pas\u00f3 en la humanidad para que un ni\u00f1o muera de hambre en la calle? Si hoy no tienes nada que comer, dif\u00edcilmente puedes pensar en un ma\u00f1ana. Esta es la cruda realidad que se esconde bajo una gran alfombra en la sexta econom\u00eda m\u00e1s grande del planeta, un manto que cada vez est\u00e1 m\u00e1s cerca del desborde.<\/p>\n<p lang=\"es-CL\" align=\"JUSTIFY\">La realidad dise\u00f1ada por los pocos que manejan el sistema econ\u00f3mico est\u00e1 a s\u00f3lo metros de esta vida que lucha por seguir en pie, estableciendo un contraste abismal entre la alegr\u00eda y la tristeza. Los sucios e indecoros negocios han transformado incluso al ocio como un bien que se transa.<\/p>\n<p lang=\"es-CL\" align=\"JUSTIFY\">El problema no es el f\u00fatbol como tal, porque \u00e9ste forma parte de la construcci\u00f3n social y pol\u00edtica de las distintas culturas, como cualquier otra actividad del desarrollo humano, en donde se establecen lazos de amistad que perduran en el tiempo. El deporte es un proceso de descubrimiento personal con el otro, de compa\u00f1erismo, de satisfacci\u00f3n, de goce. Por eso nos gusta tanto; porque en 90 minutos volvemos a ser todos iguales, no importa de d\u00f3nde vienes, ni d\u00f3nde estudiaste, sino que por el s\u00f3lo hecho de estar, el \u201cdesconocido\u201d es tu amigo en un absurdo, pero festivo juego.<\/p>\n<p lang=\"es-CL\" align=\"JUSTIFY\">Viaj\u00e9 a Brasil con el sue\u00f1o de ver a Chile campe\u00f3n del mundo. Sin embargo como siempre fuimos derrotados. Pero m\u00e1s all\u00e1 del trauma que me gener\u00f3 que Pinilla haya estrellado ese disparo en el travesa\u00f1o en el minuto 120, la mayor desolaci\u00f3n que tengo y que nunca podr\u00e9 olvidar son esos ojos llorosos que me pidieron comida. Sin duda, permanecer\u00e1 siempre en lo m\u00e1s profundo de m\u00ed.<\/p>\n<p lang=\"es-CL\" align=\"JUSTIFY\">En una lujosa playa de Santos fui a comer junto a un amigo brasile\u00f1o. Los precios eran caros, pero \u00e9l me invitaba. Viaj\u00e9 con poco dinero. A los minutos aparece un ni\u00f1o de cerca de 7 a\u00f1os, sin zapatos, muy delgado, pidi\u00e9ndome algo para alimentarse. Su desnutrici\u00f3n era evidente. No supe c\u00f3mo responder, nunca me hab\u00eda pasado algo similar. Mi amigo brasile\u00f1o le dijo que \u201cno\u201d de forma muy amable. El ni\u00f1o se retir\u00f3 y se coloc\u00f3 a ver un partido de f\u00fatbol, parad\u00f3jicamente al frente de una bandera de Brasil que tiene como lema \u201cOrden y progreso\u201d. Lema que supuestamente lo tendr\u00eda que representar, pero que el destino se encarg\u00f3 de prepararle otro camino.<\/p>\n<p lang=\"es-CL\" align=\"JUSTIFY\">Un alem\u00e1n conmovido por la situaci\u00f3n le regal\u00f3 un plato de papas fritas. Yo no sab\u00eda qu\u00e9 hacer. Quer\u00eda que me tragara la tierra. A los minutos despu\u00e9s, llegan como palomas en b\u00fasqueda de una miga de pan, cerca de 10 ni\u00f1os en las mismas condiciones a comer del plato de papas fritas. En pocos minutos se acaba. Y ahora en masa, se acercan a las personas a pedir comida.<\/p>\n<p lang=\"es-CL\" align=\"JUSTIFY\">Fue traum\u00e1tico y desolador, quer\u00eda ayudarlos y no sab\u00eda c\u00f3mo. No ten\u00eda dinero, no sab\u00eda si darles un abrazo, si hablar con ellos, no sab\u00eda. Quiz\u00e1s fui cobarde, y decid\u00ed ir a llorar desconsoladamente al ba\u00f1o. Al regresar todav\u00eda estaban ah\u00ed. Lleg\u00f3 un polic\u00eda y los amenaz\u00f3 con golpearlos. \u00a1S\u00ed, a ni\u00f1os que no tiene m\u00e1s de 10 a\u00f1os de edad! El orden, lo bonito y la alegr\u00eda ten\u00edan que volver. Los ni\u00f1os huyeron y la normalidad se apoder\u00f3 del lugar. La bandera de Brasil registraba todo lo que ocurr\u00eda. Ellos volvieron al cerro. Y nosotros volvimos a ver la hermosa postal natural del paisaje, que obviamente era mucho m\u00e1s agradable sin esos ni\u00f1os que te obstaculizaban. Volvi\u00f3 el orden y progreso que ha caracterizado a Brasil. El hambre del desgarro vuelve a la ciudad invisible, del narcotr\u00e1fico, de la violencia y la muerte diaria. Esos ni\u00f1os vuelven a sus escondites donde ni siquiera pueden disfrutar del simple juego de la pelota, de los triunfos del \u201cscratch\u201d, porque s\u00f3lo tienen tiempo para luchar segundo a segundo por encontrar algo para comer. Y ojo, que es la sexta econom\u00eda del planeta.<\/p>\n<p>&nbsp;<\/p>\n","protected":false},"excerpt":{"rendered":"<p>Por Alejandro Viovy.- En Brasil hay algunos ni\u00f1os que est\u00e1n muriendo de hambre. La vida me puso enfrente de sus angelicales rostros de angustia, quienes me exig\u00edan clemencia con una mirada llena de dolor y sufrimiento. \u00bfQu\u00e9 pas\u00f3 en la&hellip;<\/p>\n","protected":false},"author":43,"featured_media":117323,"comment_status":"closed","ping_status":"open","sticky":false,"template":"","format":"standard","meta":{"footnotes":""},"categories":[11389,161,67],"tags":[1833,793],"class_list":["post-120566","post","type-post","status-publish","format-standard","has-post-thumbnail","hentry","category-contenido-original","category-opiniones","category-sudamerica","tag-hambre","tag-infancia"],"yoast_head":"<!-- This site is optimized with the Yoast SEO plugin v27.1.1 - https:\/\/yoast.com\/product\/yoast-seo-wordpress\/ -->\n<title>Brasil: Orden y Hambre<\/title>\n<meta name=\"description\" content=\"Por Alejandro Viovy.- En Brasil hay algunos ni\u00f1os que est\u00e1n muriendo de hambre. La vida me puso enfrente de sus angelicales rostros de angustia, quienes\" \/>\n<meta name=\"robots\" content=\"index, follow, max-snippet:-1, max-image-preview:large, max-video-preview:-1\" \/>\n<link rel=\"canonical\" href=\"https:\/\/www.pressenza.com\/es\/2014\/07\/brasil-orden-y-hambre\/\" \/>\n<meta property=\"og:locale\" content=\"es_ES\" \/>\n<meta property=\"og:type\" content=\"article\" \/>\n<meta property=\"og:title\" content=\"Brasil: Orden y Hambre\" \/>\n<meta property=\"og:description\" content=\"Por Alejandro Viovy.- En Brasil hay algunos ni\u00f1os que est\u00e1n muriendo de hambre. La vida me puso enfrente de sus angelicales rostros de angustia, quienes\" \/>\n<meta property=\"og:url\" content=\"https:\/\/www.pressenza.com\/es\/2014\/07\/brasil-orden-y-hambre\/\" \/>\n<meta property=\"og:site_name\" content=\"Pressenza\" \/>\n<meta property=\"article:publisher\" content=\"https:\/\/www.facebook.com\/PressenzaItalia\" \/>\n<meta property=\"article:author\" content=\"https:\/\/www.facebook.com\/pressenza\" \/>\n<meta property=\"article:published_time\" content=\"2014-07-20T20:20:25+00:00\" \/>\n<meta property=\"article:modified_time\" content=\"2014-07-20T20:20:52+00:00\" \/>\n<meta property=\"og:image\" content=\"https:\/\/www.pressenza.com\/wp-content\/uploads\/2014\/07\/Futbol.jpg\" \/>\n\t<meta property=\"og:image:width\" content=\"275\" \/>\n\t<meta property=\"og:image:height\" content=\"183\" \/>\n\t<meta property=\"og:image:type\" content=\"image\/jpeg\" \/>\n<meta name=\"author\" content=\"Redacci\u00f3n Chile\" \/>\n<meta name=\"twitter:card\" content=\"summary_large_image\" \/>\n<meta name=\"twitter:creator\" content=\"@pressenza\" \/>\n<meta name=\"twitter:site\" content=\"@PressenzaIPA\" \/>\n<meta name=\"twitter:label1\" content=\"Escrito por\" \/>\n\t<meta name=\"twitter:data1\" content=\"Redacci\u00f3n Chile\" \/>\n\t<meta name=\"twitter:label2\" content=\"Tiempo de lectura\" \/>\n\t<meta name=\"twitter:data2\" content=\"4 minutos\" \/>\n<script type=\"application\/ld+json\" class=\"yoast-schema-graph\">{\"@context\":\"https:\/\/schema.org\",\"@graph\":[{\"@type\":\"Article\",\"@id\":\"https:\/\/www.pressenza.com\/es\/2014\/07\/brasil-orden-y-hambre\/#article\",\"isPartOf\":{\"@id\":\"https:\/\/www.pressenza.com\/es\/2014\/07\/brasil-orden-y-hambre\/\"},\"author\":{\"name\":\"Redacci\u00f3n Chile\",\"@id\":\"https:\/\/www.pressenza.com\/es\/#\/schema\/person\/d7db40df35d6698ba69ba9ee260944ed\"},\"headline\":\"Brasil: Orden y Hambre\",\"datePublished\":\"2014-07-20T20:20:25+00:00\",\"dateModified\":\"2014-07-20T20:20:52+00:00\",\"mainEntityOfPage\":{\"@id\":\"https:\/\/www.pressenza.com\/es\/2014\/07\/brasil-orden-y-hambre\/\"},\"wordCount\":757,\"publisher\":{\"@id\":\"https:\/\/www.pressenza.com\/es\/#organization\"},\"image\":{\"@id\":\"https:\/\/www.pressenza.com\/es\/2014\/07\/brasil-orden-y-hambre\/#primaryimage\"},\"thumbnailUrl\":\"https:\/\/www.pressenza.com\/wp-content\/uploads\/2014\/07\/Futbol.jpg\",\"keywords\":[\"hambre\",\"Infancia\"],\"articleSection\":[\"Contenido Original\",\"Opiniones\",\"Sudam\u00e9rica\"],\"inLanguage\":\"es\"},{\"@type\":\"WebPage\",\"@id\":\"https:\/\/www.pressenza.com\/es\/2014\/07\/brasil-orden-y-hambre\/\",\"url\":\"https:\/\/www.pressenza.com\/es\/2014\/07\/brasil-orden-y-hambre\/\",\"name\":\"Brasil: Orden y Hambre\",\"isPartOf\":{\"@id\":\"https:\/\/www.pressenza.com\/es\/#website\"},\"primaryImageOfPage\":{\"@id\":\"https:\/\/www.pressenza.com\/es\/2014\/07\/brasil-orden-y-hambre\/#primaryimage\"},\"image\":{\"@id\":\"https:\/\/www.pressenza.com\/es\/2014\/07\/brasil-orden-y-hambre\/#primaryimage\"},\"thumbnailUrl\":\"https:\/\/www.pressenza.com\/wp-content\/uploads\/2014\/07\/Futbol.jpg\",\"datePublished\":\"2014-07-20T20:20:25+00:00\",\"dateModified\":\"2014-07-20T20:20:52+00:00\",\"description\":\"Por Alejandro Viovy.- En Brasil hay algunos ni\u00f1os que est\u00e1n muriendo de hambre. La vida me puso enfrente de sus angelicales rostros de angustia, quienes\",\"breadcrumb\":{\"@id\":\"https:\/\/www.pressenza.com\/es\/2014\/07\/brasil-orden-y-hambre\/#breadcrumb\"},\"inLanguage\":\"es\",\"potentialAction\":[{\"@type\":\"ReadAction\",\"target\":[\"https:\/\/www.pressenza.com\/es\/2014\/07\/brasil-orden-y-hambre\/\"]}]},{\"@type\":\"ImageObject\",\"inLanguage\":\"es\",\"@id\":\"https:\/\/www.pressenza.com\/es\/2014\/07\/brasil-orden-y-hambre\/#primaryimage\",\"url\":\"https:\/\/www.pressenza.com\/wp-content\/uploads\/2014\/07\/Futbol.jpg\",\"contentUrl\":\"https:\/\/www.pressenza.com\/wp-content\/uploads\/2014\/07\/Futbol.jpg\",\"width\":275,\"height\":183},{\"@type\":\"BreadcrumbList\",\"@id\":\"https:\/\/www.pressenza.com\/es\/2014\/07\/brasil-orden-y-hambre\/#breadcrumb\",\"itemListElement\":[{\"@type\":\"ListItem\",\"position\":1,\"name\":\"Accueil\",\"item\":\"https:\/\/www.pressenza.com\/es\/\"},{\"@type\":\"ListItem\",\"position\":2,\"name\":\"Brasil: Orden y Hambre\"}]},{\"@type\":\"WebSite\",\"@id\":\"https:\/\/www.pressenza.com\/es\/#website\",\"url\":\"https:\/\/www.pressenza.com\/es\/\",\"name\":\"Pressenza\",\"description\":\"International Press Agency\",\"publisher\":{\"@id\":\"https:\/\/www.pressenza.com\/es\/#organization\"},\"potentialAction\":[{\"@type\":\"SearchAction\",\"target\":{\"@type\":\"EntryPoint\",\"urlTemplate\":\"https:\/\/www.pressenza.com\/es\/?s={search_term_string}\"},\"query-input\":{\"@type\":\"PropertyValueSpecification\",\"valueRequired\":true,\"valueName\":\"search_term_string\"}}],\"inLanguage\":\"es\"},{\"@type\":\"Organization\",\"@id\":\"https:\/\/www.pressenza.com\/es\/#organization\",\"name\":\"Pressenza\",\"url\":\"https:\/\/www.pressenza.com\/es\/\",\"logo\":{\"@type\":\"ImageObject\",\"inLanguage\":\"es\",\"@id\":\"https:\/\/www.pressenza.com\/es\/#\/schema\/logo\/image\/\",\"url\":\"https:\/\/www.pressenza.com\/wp-content\/uploads\/2022\/10\/pressenza_logo_200x200.jpg\",\"contentUrl\":\"https:\/\/www.pressenza.com\/wp-content\/uploads\/2022\/10\/pressenza_logo_200x200.jpg\",\"width\":200,\"height\":200,\"caption\":\"Pressenza\"},\"image\":{\"@id\":\"https:\/\/www.pressenza.com\/es\/#\/schema\/logo\/image\/\"},\"sameAs\":[\"https:\/\/www.facebook.com\/PressenzaItalia\",\"https:\/\/x.com\/PressenzaIPA\"]},{\"@type\":\"Person\",\"@id\":\"https:\/\/www.pressenza.com\/es\/#\/schema\/person\/d7db40df35d6698ba69ba9ee260944ed\",\"name\":\"Redacci\u00f3n Chile\",\"description\":\"News from the Pressenza Bureau in Chile\",\"sameAs\":[\"https:\/\/www.facebook.com\/pressenza\",\"https:\/\/x.com\/pressenza\"],\"url\":\"https:\/\/www.pressenza.com\/es\/author\/redaccion-chile\/\"}]}<\/script>\n<!-- \/ Yoast SEO plugin. -->","yoast_head_json":{"title":"Brasil: Orden y Hambre","description":"Por Alejandro Viovy.- En Brasil hay algunos ni\u00f1os que est\u00e1n muriendo de hambre. La vida me puso enfrente de sus angelicales rostros de angustia, quienes","robots":{"index":"index","follow":"follow","max-snippet":"max-snippet:-1","max-image-preview":"max-image-preview:large","max-video-preview":"max-video-preview:-1"},"canonical":"https:\/\/www.pressenza.com\/es\/2014\/07\/brasil-orden-y-hambre\/","og_locale":"es_ES","og_type":"article","og_title":"Brasil: Orden y Hambre","og_description":"Por Alejandro Viovy.- En Brasil hay algunos ni\u00f1os que est\u00e1n muriendo de hambre. La vida me puso enfrente de sus angelicales rostros de angustia, quienes","og_url":"https:\/\/www.pressenza.com\/es\/2014\/07\/brasil-orden-y-hambre\/","og_site_name":"Pressenza","article_publisher":"https:\/\/www.facebook.com\/PressenzaItalia","article_author":"https:\/\/www.facebook.com\/pressenza","article_published_time":"2014-07-20T20:20:25+00:00","article_modified_time":"2014-07-20T20:20:52+00:00","og_image":[{"width":275,"height":183,"url":"https:\/\/www.pressenza.com\/wp-content\/uploads\/2014\/07\/Futbol.jpg","type":"image\/jpeg"}],"author":"Redacci\u00f3n Chile","twitter_card":"summary_large_image","twitter_creator":"@pressenza","twitter_site":"@PressenzaIPA","twitter_misc":{"Escrito por":"Redacci\u00f3n Chile","Tiempo de lectura":"4 minutos"},"schema":{"@context":"https:\/\/schema.org","@graph":[{"@type":"Article","@id":"https:\/\/www.pressenza.com\/es\/2014\/07\/brasil-orden-y-hambre\/#article","isPartOf":{"@id":"https:\/\/www.pressenza.com\/es\/2014\/07\/brasil-orden-y-hambre\/"},"author":{"name":"Redacci\u00f3n Chile","@id":"https:\/\/www.pressenza.com\/es\/#\/schema\/person\/d7db40df35d6698ba69ba9ee260944ed"},"headline":"Brasil: Orden y Hambre","datePublished":"2014-07-20T20:20:25+00:00","dateModified":"2014-07-20T20:20:52+00:00","mainEntityOfPage":{"@id":"https:\/\/www.pressenza.com\/es\/2014\/07\/brasil-orden-y-hambre\/"},"wordCount":757,"publisher":{"@id":"https:\/\/www.pressenza.com\/es\/#organization"},"image":{"@id":"https:\/\/www.pressenza.com\/es\/2014\/07\/brasil-orden-y-hambre\/#primaryimage"},"thumbnailUrl":"https:\/\/www.pressenza.com\/wp-content\/uploads\/2014\/07\/Futbol.jpg","keywords":["hambre","Infancia"],"articleSection":["Contenido Original","Opiniones","Sudam\u00e9rica"],"inLanguage":"es"},{"@type":"WebPage","@id":"https:\/\/www.pressenza.com\/es\/2014\/07\/brasil-orden-y-hambre\/","url":"https:\/\/www.pressenza.com\/es\/2014\/07\/brasil-orden-y-hambre\/","name":"Brasil: Orden y Hambre","isPartOf":{"@id":"https:\/\/www.pressenza.com\/es\/#website"},"primaryImageOfPage":{"@id":"https:\/\/www.pressenza.com\/es\/2014\/07\/brasil-orden-y-hambre\/#primaryimage"},"image":{"@id":"https:\/\/www.pressenza.com\/es\/2014\/07\/brasil-orden-y-hambre\/#primaryimage"},"thumbnailUrl":"https:\/\/www.pressenza.com\/wp-content\/uploads\/2014\/07\/Futbol.jpg","datePublished":"2014-07-20T20:20:25+00:00","dateModified":"2014-07-20T20:20:52+00:00","description":"Por Alejandro Viovy.- En Brasil hay algunos ni\u00f1os que est\u00e1n muriendo de hambre. La vida me puso enfrente de sus angelicales rostros de angustia, quienes","breadcrumb":{"@id":"https:\/\/www.pressenza.com\/es\/2014\/07\/brasil-orden-y-hambre\/#breadcrumb"},"inLanguage":"es","potentialAction":[{"@type":"ReadAction","target":["https:\/\/www.pressenza.com\/es\/2014\/07\/brasil-orden-y-hambre\/"]}]},{"@type":"ImageObject","inLanguage":"es","@id":"https:\/\/www.pressenza.com\/es\/2014\/07\/brasil-orden-y-hambre\/#primaryimage","url":"https:\/\/www.pressenza.com\/wp-content\/uploads\/2014\/07\/Futbol.jpg","contentUrl":"https:\/\/www.pressenza.com\/wp-content\/uploads\/2014\/07\/Futbol.jpg","width":275,"height":183},{"@type":"BreadcrumbList","@id":"https:\/\/www.pressenza.com\/es\/2014\/07\/brasil-orden-y-hambre\/#breadcrumb","itemListElement":[{"@type":"ListItem","position":1,"name":"Accueil","item":"https:\/\/www.pressenza.com\/es\/"},{"@type":"ListItem","position":2,"name":"Brasil: Orden y Hambre"}]},{"@type":"WebSite","@id":"https:\/\/www.pressenza.com\/es\/#website","url":"https:\/\/www.pressenza.com\/es\/","name":"Pressenza","description":"International Press Agency","publisher":{"@id":"https:\/\/www.pressenza.com\/es\/#organization"},"potentialAction":[{"@type":"SearchAction","target":{"@type":"EntryPoint","urlTemplate":"https:\/\/www.pressenza.com\/es\/?s={search_term_string}"},"query-input":{"@type":"PropertyValueSpecification","valueRequired":true,"valueName":"search_term_string"}}],"inLanguage":"es"},{"@type":"Organization","@id":"https:\/\/www.pressenza.com\/es\/#organization","name":"Pressenza","url":"https:\/\/www.pressenza.com\/es\/","logo":{"@type":"ImageObject","inLanguage":"es","@id":"https:\/\/www.pressenza.com\/es\/#\/schema\/logo\/image\/","url":"https:\/\/www.pressenza.com\/wp-content\/uploads\/2022\/10\/pressenza_logo_200x200.jpg","contentUrl":"https:\/\/www.pressenza.com\/wp-content\/uploads\/2022\/10\/pressenza_logo_200x200.jpg","width":200,"height":200,"caption":"Pressenza"},"image":{"@id":"https:\/\/www.pressenza.com\/es\/#\/schema\/logo\/image\/"},"sameAs":["https:\/\/www.facebook.com\/PressenzaItalia","https:\/\/x.com\/PressenzaIPA"]},{"@type":"Person","@id":"https:\/\/www.pressenza.com\/es\/#\/schema\/person\/d7db40df35d6698ba69ba9ee260944ed","name":"Redacci\u00f3n Chile","description":"News from the Pressenza Bureau in Chile","sameAs":["https:\/\/www.facebook.com\/pressenza","https:\/\/x.com\/pressenza"],"url":"https:\/\/www.pressenza.com\/es\/author\/redaccion-chile\/"}]}},"place":"","original_article_url":"","_links":{"self":[{"href":"https:\/\/www.pressenza.com\/es\/wp-json\/wp\/v2\/posts\/120566","targetHints":{"allow":["GET"]}}],"collection":[{"href":"https:\/\/www.pressenza.com\/es\/wp-json\/wp\/v2\/posts"}],"about":[{"href":"https:\/\/www.pressenza.com\/es\/wp-json\/wp\/v2\/types\/post"}],"author":[{"embeddable":true,"href":"https:\/\/www.pressenza.com\/es\/wp-json\/wp\/v2\/users\/43"}],"replies":[{"embeddable":true,"href":"https:\/\/www.pressenza.com\/es\/wp-json\/wp\/v2\/comments?post=120566"}],"version-history":[{"count":0,"href":"https:\/\/www.pressenza.com\/es\/wp-json\/wp\/v2\/posts\/120566\/revisions"}],"wp:featuredmedia":[{"embeddable":true,"href":"https:\/\/www.pressenza.com\/es\/wp-json\/wp\/v2\/media\/117323"}],"wp:attachment":[{"href":"https:\/\/www.pressenza.com\/es\/wp-json\/wp\/v2\/media?parent=120566"}],"wp:term":[{"taxonomy":"category","embeddable":true,"href":"https:\/\/www.pressenza.com\/es\/wp-json\/wp\/v2\/categories?post=120566"},{"taxonomy":"post_tag","embeddable":true,"href":"https:\/\/www.pressenza.com\/es\/wp-json\/wp\/v2\/tags?post=120566"}],"curies":[{"name":"wp","href":"https:\/\/api.w.org\/{rel}","templated":true}]}}