{"id":1203018,"date":"2020-09-24T01:51:57","date_gmt":"2020-09-24T00:51:57","guid":{"rendered":"https:\/\/www.pressenza.com\/?p=1203018"},"modified":"2020-09-24T01:51:57","modified_gmt":"2020-09-24T00:51:57","slug":"ecuador-en-cuenca-la-consulta-popular-es-un-llamado-a-que-se-impongan-los-derechos-de-los-pueblos-en-la-defensa-del-agua","status":"publish","type":"post","link":"https:\/\/www.pressenza.com\/es\/2020\/09\/ecuador-en-cuenca-la-consulta-popular-es-un-llamado-a-que-se-impongan-los-derechos-de-los-pueblos-en-la-defensa-del-agua\/","title":{"rendered":"Ecuador: en Cuenca \u00abla consulta popular es un llamado a que se impongan los derechos de los pueblos en la defensa del agua\u201d"},"content":{"rendered":"<p>Por Ana Gabriela Molina Meneses<\/p>\n<p>El viernes, 18 de septiembre 2020, la Corte Constitucional resolvi\u00f3 que se lleve a cabo una consulta popular de cinco preguntas para que los ciudadanos de Cuenca decidan si aprueban o no la miner\u00eda en cincos zonas, consideradas de recargas h\u00eddricas en Cuenca. Esperan que el 7 de febrero los ciudadanos de cuenca sean consultados sobre la protecci\u00f3n del agua.  <\/p>\n<p>Paola Granizo, integrante del Colectivo Yasunidos Guapondelig, afirma que el dictamen de la corte constituye una victoria. Explica que los proyectos mineros ponen en peligro el ambiente y las comunidades. En el caso de Cuenca, debido a que esta actividad se realiza en las zonas altas de las cuencas hidrogr\u00e1ficas, lugares de donde proviene el agua, peligra la vigencia de este recurso para sus habitantes. <\/p>\n<p>La activista afirma que, en la ciudad, el 20% de su superficie esta concesionada a megaminer\u00eda. Sin tomar en cuenta las bondades de conservr estos recursos sin ser explotados como son los reservorios de carbonos, fuentes de recarga h\u00eddrica, y siendo estos p\u00e1ramos los lugares donde surgen los cuatro r\u00edos que recorren la provincia.  <\/p>\n<p>Aclaran los activistas que estos proyectos mineros en Cuenca todav\u00eda no han sido ejecutados. Los m\u00e1s grandes son: el del R\u00edo Blanco, en la parroquia de Molleturo en Azuay, concesionado a la empresa minera Ecuagoldmining; el segundo proyecto minero se encuentra en la localidad de Quimsacocha, concesionado a la empresa canadiense INV Metals. Los dos proyectos afectar\u00edan a los recursos h\u00eddricos del Azuay y repercutir\u00edan en la biodiversidad de la provincia, que cuenta con \u00e1reas protegidas importantes como el Parque Nacional Cajas, el cual alberga diversidad de flora y fauna, adem\u00e1s de valles y gran cantidad de lagunas. Este parque lo conforma el \u00c1rea Nacional de Quimsacocha, de la cual 3212 hect\u00e1reas fueron recuperadas de las concesiones mineras por el Ministerio del Ambiente, de las 12000 hect\u00e1reas entregadas a estas empresas. <\/p>\n<p>Las diversas comunidades se resisten a las concesiones mineras que ponen en peligro la vida, la conservaci\u00f3n de los recursos h\u00eddricos y la biodiversidad. Por ello, esta petici\u00f3n a la Corte Nacional ha sido realizada en conjunto con varias instituciones p\u00fablicas, civiles, comunidades y organizaciones de la sociedad civil. El municipio de Cuenca ha tenido gran protagonismo en esta defensa de las fuentes h\u00eddricas. Javier Barrera, miembro de la comisi\u00f3n del ambiente y representante de la Alcald\u00eda de Cuenca, refiere que esta lucha es hist\u00f3rica, y que es necesaria porque se necesita garantizar la calidad y cantidad del agua de Cuenca. <\/p>\n<p>Esta consulta surge de la ciudadan\u00eda y ha sido un trabajo colaborativo de organizaciones ambientales, catedr\u00e1ticos, entre otros, para la elaboraci\u00f3n de informes y expedientes t\u00e9cnicos que han favorecido la decisi\u00f3n de la Corte. Este trabajo conjunto ha permitido un hito hist\u00f3rico en la protecci\u00f3n de fuentes h\u00eddricas, un derecho que debe ser obligatorio e inmediato. <\/p>\n<p>David Fajardo, integrante del Cabildo Popular por el agua de Cuenca, considera que la decisi\u00f3n de la Corte ha marcado un precedente y que, el proceso realizado debe ser tomado como referente por otros territorios para la defensa integral de las fuentes h\u00eddricas de todo el pa\u00eds. Para llegar a este dictamen hab\u00edan realizado otros intentos que fueron fallidos. Para Carlos Castro, tambi\u00e9n del Cabildo Popular por el Agua de Cuenca, la consulta popular es el resumen de todas las luchas sociales y ambientales. Es un llamado a que se impongan los derechos de los pueblos y las nacionalidades, que estos tengan la capacidad de decidir. Para Castro, las concesiones mineras las considera como amenazas reales, que atentan a la condici\u00f3n del agua y los individuos. Explica que est\u00e1n dispuestos a defender el derecho a la vida, a un ambiente sano, que se garantice una buena condici\u00f3n de vida para los habitantes en el futuro. Si no se respeta estas fuentes h\u00eddricas, Cuenca tendr\u00eda problemas de afluencia de agua. Por tanto, esta consulta es un tema de vida o muerte. <\/p>\n","protected":false},"excerpt":{"rendered":"<p>Por Ana Gabriela Molina Meneses El viernes, 18 de septiembre 2020, la Corte Constitucional resolvi\u00f3 que se lleve a cabo una consulta popular de cinco preguntas para que los ciudadanos de Cuenca decidan si aprueban o no la miner\u00eda en&hellip;<\/p>\n","protected":false},"author":1011,"featured_media":1203020,"comment_status":"closed","ping_status":"closed","sticky":false,"template":"","format":"standard","meta":{"footnotes":""},"categories":[11389,79,78,81,80,67],"tags":[81807,37376,1497,726],"class_list":["post-1203018","post","type-post","status-publish","format-standard","has-post-thumbnail","hentry","category-contenido-original","category-derechos-humanos","category-medio-ambiente-ecologia","category-economia-es","category-pueblos-originarios","category-sudamerica","tag-antiextractivsmo","tag-derecho-al-agua","tag-movimientos-sociales","tag-organizaciones-sociales"],"yoast_head":"<!-- This site is optimized with the Yoast SEO plugin v27.1.1 - https:\/\/yoast.com\/product\/yoast-seo-wordpress\/ -->\n<title>Ecuador: en Cuenca &quot;la consulta popular es un llamado a que se impongan los derechos de los pueblos en la defensa del agua\u201d<\/title>\n<meta name=\"description\" content=\"Por Ana Gabriela Molina Meneses El viernes, 18 de septiembre 2020, la Corte Constitucional resolvi\u00f3 que se lleve a cabo una consulta popular de cinco\" \/>\n<meta name=\"robots\" content=\"index, follow, max-snippet:-1, max-image-preview:large, max-video-preview:-1\" \/>\n<link rel=\"canonical\" href=\"https:\/\/www.pressenza.com\/es\/2020\/09\/ecuador-en-cuenca-la-consulta-popular-es-un-llamado-a-que-se-impongan-los-derechos-de-los-pueblos-en-la-defensa-del-agua\/\" \/>\n<meta property=\"og:locale\" content=\"es_ES\" \/>\n<meta property=\"og:type\" content=\"article\" \/>\n<meta property=\"og:title\" content=\"Ecuador: en Cuenca &quot;la consulta popular es un llamado a que se impongan los derechos de los pueblos en la defensa del agua\u201d\" \/>\n<meta property=\"og:description\" content=\"Por Ana Gabriela Molina Meneses El viernes, 18 de septiembre 2020, la Corte Constitucional resolvi\u00f3 que se lleve a cabo una consulta popular de cinco\" \/>\n<meta property=\"og:url\" content=\"https:\/\/www.pressenza.com\/es\/2020\/09\/ecuador-en-cuenca-la-consulta-popular-es-un-llamado-a-que-se-impongan-los-derechos-de-los-pueblos-en-la-defensa-del-agua\/\" \/>\n<meta property=\"og:site_name\" content=\"Pressenza\" \/>\n<meta property=\"article:publisher\" content=\"https:\/\/www.facebook.com\/PressenzaItalia\" \/>\n<meta property=\"article:published_time\" content=\"2020-09-24T00:51:57+00:00\" \/>\n<meta property=\"og:image\" content=\"https:\/\/www.pressenza.com\/wp-content\/uploads\/2020\/09\/1280px-Ecuador_cajas_national_park.jpg\" \/>\n\t<meta property=\"og:image:width\" content=\"1280\" \/>\n\t<meta property=\"og:image:height\" content=\"840\" \/>\n\t<meta property=\"og:image:type\" content=\"image\/jpeg\" \/>\n<meta name=\"author\" content=\"Redacci\u00f3n Ecuador\" \/>\n<meta name=\"twitter:card\" content=\"summary_large_image\" \/>\n<meta name=\"twitter:creator\" content=\"@PressenzaIPA\" \/>\n<meta name=\"twitter:site\" content=\"@PressenzaIPA\" \/>\n<meta name=\"twitter:label1\" content=\"Escrito por\" \/>\n\t<meta name=\"twitter:data1\" content=\"Redacci\u00f3n Ecuador\" \/>\n\t<meta name=\"twitter:label2\" content=\"Tiempo de lectura\" \/>\n\t<meta name=\"twitter:data2\" content=\"3 minutos\" \/>\n<script type=\"application\/ld+json\" class=\"yoast-schema-graph\">{\"@context\":\"https:\/\/schema.org\",\"@graph\":[{\"@type\":\"Article\",\"@id\":\"https:\/\/www.pressenza.com\/es\/2020\/09\/ecuador-en-cuenca-la-consulta-popular-es-un-llamado-a-que-se-impongan-los-derechos-de-los-pueblos-en-la-defensa-del-agua\/#article\",\"isPartOf\":{\"@id\":\"https:\/\/www.pressenza.com\/es\/2020\/09\/ecuador-en-cuenca-la-consulta-popular-es-un-llamado-a-que-se-impongan-los-derechos-de-los-pueblos-en-la-defensa-del-agua\/\"},\"author\":{\"name\":\"Redacci\u00f3n Ecuador\",\"@id\":\"https:\/\/www.pressenza.com\/es\/#\/schema\/person\/883a735c40665759bcc6fe0c26bcb46f\"},\"headline\":\"Ecuador: en Cuenca \u00abla consulta popular es un llamado a que se impongan los derechos de los pueblos en la defensa del agua\u201d\",\"datePublished\":\"2020-09-24T00:51:57+00:00\",\"mainEntityOfPage\":{\"@id\":\"https:\/\/www.pressenza.com\/es\/2020\/09\/ecuador-en-cuenca-la-consulta-popular-es-un-llamado-a-que-se-impongan-los-derechos-de-los-pueblos-en-la-defensa-del-agua\/\"},\"wordCount\":712,\"publisher\":{\"@id\":\"https:\/\/www.pressenza.com\/es\/#organization\"},\"image\":{\"@id\":\"https:\/\/www.pressenza.com\/es\/2020\/09\/ecuador-en-cuenca-la-consulta-popular-es-un-llamado-a-que-se-impongan-los-derechos-de-los-pueblos-en-la-defensa-del-agua\/#primaryimage\"},\"thumbnailUrl\":\"https:\/\/www.pressenza.com\/wp-content\/uploads\/2020\/09\/1280px-Ecuador_cajas_national_park.jpg\",\"keywords\":[\"antiextractivsmo\",\"derecho al agua\",\"movimientos sociales\",\"Organizaciones sociales\"],\"articleSection\":[\"Contenido Original\",\"Derechos Humanos\",\"Ecolog\u00eda y Medio Ambiente\",\"Econom\u00eda\",\"Pueblos Originarios\",\"Sudam\u00e9rica\"],\"inLanguage\":\"es\"},{\"@type\":\"WebPage\",\"@id\":\"https:\/\/www.pressenza.com\/es\/2020\/09\/ecuador-en-cuenca-la-consulta-popular-es-un-llamado-a-que-se-impongan-los-derechos-de-los-pueblos-en-la-defensa-del-agua\/\",\"url\":\"https:\/\/www.pressenza.com\/es\/2020\/09\/ecuador-en-cuenca-la-consulta-popular-es-un-llamado-a-que-se-impongan-los-derechos-de-los-pueblos-en-la-defensa-del-agua\/\",\"name\":\"Ecuador: en Cuenca \\\"la consulta popular es un llamado a que se impongan los derechos de los pueblos en la defensa del agua\u201d\",\"isPartOf\":{\"@id\":\"https:\/\/www.pressenza.com\/es\/#website\"},\"primaryImageOfPage\":{\"@id\":\"https:\/\/www.pressenza.com\/es\/2020\/09\/ecuador-en-cuenca-la-consulta-popular-es-un-llamado-a-que-se-impongan-los-derechos-de-los-pueblos-en-la-defensa-del-agua\/#primaryimage\"},\"image\":{\"@id\":\"https:\/\/www.pressenza.com\/es\/2020\/09\/ecuador-en-cuenca-la-consulta-popular-es-un-llamado-a-que-se-impongan-los-derechos-de-los-pueblos-en-la-defensa-del-agua\/#primaryimage\"},\"thumbnailUrl\":\"https:\/\/www.pressenza.com\/wp-content\/uploads\/2020\/09\/1280px-Ecuador_cajas_national_park.jpg\",\"datePublished\":\"2020-09-24T00:51:57+00:00\",\"description\":\"Por Ana Gabriela Molina Meneses El viernes, 18 de septiembre 2020, la Corte Constitucional resolvi\u00f3 que se lleve a cabo una consulta popular de cinco\",\"breadcrumb\":{\"@id\":\"https:\/\/www.pressenza.com\/es\/2020\/09\/ecuador-en-cuenca-la-consulta-popular-es-un-llamado-a-que-se-impongan-los-derechos-de-los-pueblos-en-la-defensa-del-agua\/#breadcrumb\"},\"inLanguage\":\"es\",\"potentialAction\":[{\"@type\":\"ReadAction\",\"target\":[\"https:\/\/www.pressenza.com\/es\/2020\/09\/ecuador-en-cuenca-la-consulta-popular-es-un-llamado-a-que-se-impongan-los-derechos-de-los-pueblos-en-la-defensa-del-agua\/\"]}]},{\"@type\":\"ImageObject\",\"inLanguage\":\"es\",\"@id\":\"https:\/\/www.pressenza.com\/es\/2020\/09\/ecuador-en-cuenca-la-consulta-popular-es-un-llamado-a-que-se-impongan-los-derechos-de-los-pueblos-en-la-defensa-del-agua\/#primaryimage\",\"url\":\"https:\/\/www.pressenza.com\/wp-content\/uploads\/2020\/09\/1280px-Ecuador_cajas_national_park.jpg\",\"contentUrl\":\"https:\/\/www.pressenza.com\/wp-content\/uploads\/2020\/09\/1280px-Ecuador_cajas_national_park.jpg\",\"width\":1280,\"height\":840},{\"@type\":\"BreadcrumbList\",\"@id\":\"https:\/\/www.pressenza.com\/es\/2020\/09\/ecuador-en-cuenca-la-consulta-popular-es-un-llamado-a-que-se-impongan-los-derechos-de-los-pueblos-en-la-defensa-del-agua\/#breadcrumb\",\"itemListElement\":[{\"@type\":\"ListItem\",\"position\":1,\"name\":\"Accueil\",\"item\":\"https:\/\/www.pressenza.com\/es\/\"},{\"@type\":\"ListItem\",\"position\":2,\"name\":\"Ecuador: en Cuenca \u00abla consulta popular es un llamado a que se impongan los derechos de los pueblos en la defensa del agua\u201d\"}]},{\"@type\":\"WebSite\",\"@id\":\"https:\/\/www.pressenza.com\/es\/#website\",\"url\":\"https:\/\/www.pressenza.com\/es\/\",\"name\":\"Pressenza\",\"description\":\"International Press Agency\",\"publisher\":{\"@id\":\"https:\/\/www.pressenza.com\/es\/#organization\"},\"potentialAction\":[{\"@type\":\"SearchAction\",\"target\":{\"@type\":\"EntryPoint\",\"urlTemplate\":\"https:\/\/www.pressenza.com\/es\/?s={search_term_string}\"},\"query-input\":{\"@type\":\"PropertyValueSpecification\",\"valueRequired\":true,\"valueName\":\"search_term_string\"}}],\"inLanguage\":\"es\"},{\"@type\":\"Organization\",\"@id\":\"https:\/\/www.pressenza.com\/es\/#organization\",\"name\":\"Pressenza\",\"url\":\"https:\/\/www.pressenza.com\/es\/\",\"logo\":{\"@type\":\"ImageObject\",\"inLanguage\":\"es\",\"@id\":\"https:\/\/www.pressenza.com\/es\/#\/schema\/logo\/image\/\",\"url\":\"https:\/\/www.pressenza.com\/wp-content\/uploads\/2022\/10\/pressenza_logo_200x200.jpg\",\"contentUrl\":\"https:\/\/www.pressenza.com\/wp-content\/uploads\/2022\/10\/pressenza_logo_200x200.jpg\",\"width\":200,\"height\":200,\"caption\":\"Pressenza\"},\"image\":{\"@id\":\"https:\/\/www.pressenza.com\/es\/#\/schema\/logo\/image\/\"},\"sameAs\":[\"https:\/\/www.facebook.com\/PressenzaItalia\",\"https:\/\/x.com\/PressenzaIPA\"]},{\"@type\":\"Person\",\"@id\":\"https:\/\/www.pressenza.com\/es\/#\/schema\/person\/883a735c40665759bcc6fe0c26bcb46f\",\"name\":\"Redacci\u00f3n Ecuador\",\"description\":\"News published by the Pressenza bureau in Quito, Ecuador\",\"url\":\"https:\/\/www.pressenza.com\/es\/author\/redaccion-ecuador\/\"}]}<\/script>\n<!-- \/ Yoast SEO plugin. -->","yoast_head_json":{"title":"Ecuador: en Cuenca \"la consulta popular es un llamado a que se impongan los derechos de los pueblos en la defensa del agua\u201d","description":"Por Ana Gabriela Molina Meneses El viernes, 18 de septiembre 2020, la Corte Constitucional resolvi\u00f3 que se lleve a cabo una consulta popular de cinco","robots":{"index":"index","follow":"follow","max-snippet":"max-snippet:-1","max-image-preview":"max-image-preview:large","max-video-preview":"max-video-preview:-1"},"canonical":"https:\/\/www.pressenza.com\/es\/2020\/09\/ecuador-en-cuenca-la-consulta-popular-es-un-llamado-a-que-se-impongan-los-derechos-de-los-pueblos-en-la-defensa-del-agua\/","og_locale":"es_ES","og_type":"article","og_title":"Ecuador: en Cuenca \"la consulta popular es un llamado a que se impongan los derechos de los pueblos en la defensa del agua\u201d","og_description":"Por Ana Gabriela Molina Meneses El viernes, 18 de septiembre 2020, la Corte Constitucional resolvi\u00f3 que se lleve a cabo una consulta popular de cinco","og_url":"https:\/\/www.pressenza.com\/es\/2020\/09\/ecuador-en-cuenca-la-consulta-popular-es-un-llamado-a-que-se-impongan-los-derechos-de-los-pueblos-en-la-defensa-del-agua\/","og_site_name":"Pressenza","article_publisher":"https:\/\/www.facebook.com\/PressenzaItalia","article_published_time":"2020-09-24T00:51:57+00:00","og_image":[{"width":1280,"height":840,"url":"https:\/\/www.pressenza.com\/wp-content\/uploads\/2020\/09\/1280px-Ecuador_cajas_national_park.jpg","type":"image\/jpeg"}],"author":"Redacci\u00f3n Ecuador","twitter_card":"summary_large_image","twitter_creator":"@PressenzaIPA","twitter_site":"@PressenzaIPA","twitter_misc":{"Escrito por":"Redacci\u00f3n Ecuador","Tiempo de lectura":"3 minutos"},"schema":{"@context":"https:\/\/schema.org","@graph":[{"@type":"Article","@id":"https:\/\/www.pressenza.com\/es\/2020\/09\/ecuador-en-cuenca-la-consulta-popular-es-un-llamado-a-que-se-impongan-los-derechos-de-los-pueblos-en-la-defensa-del-agua\/#article","isPartOf":{"@id":"https:\/\/www.pressenza.com\/es\/2020\/09\/ecuador-en-cuenca-la-consulta-popular-es-un-llamado-a-que-se-impongan-los-derechos-de-los-pueblos-en-la-defensa-del-agua\/"},"author":{"name":"Redacci\u00f3n Ecuador","@id":"https:\/\/www.pressenza.com\/es\/#\/schema\/person\/883a735c40665759bcc6fe0c26bcb46f"},"headline":"Ecuador: en Cuenca \u00abla consulta popular es un llamado a que se impongan los derechos de los pueblos en la defensa del agua\u201d","datePublished":"2020-09-24T00:51:57+00:00","mainEntityOfPage":{"@id":"https:\/\/www.pressenza.com\/es\/2020\/09\/ecuador-en-cuenca-la-consulta-popular-es-un-llamado-a-que-se-impongan-los-derechos-de-los-pueblos-en-la-defensa-del-agua\/"},"wordCount":712,"publisher":{"@id":"https:\/\/www.pressenza.com\/es\/#organization"},"image":{"@id":"https:\/\/www.pressenza.com\/es\/2020\/09\/ecuador-en-cuenca-la-consulta-popular-es-un-llamado-a-que-se-impongan-los-derechos-de-los-pueblos-en-la-defensa-del-agua\/#primaryimage"},"thumbnailUrl":"https:\/\/www.pressenza.com\/wp-content\/uploads\/2020\/09\/1280px-Ecuador_cajas_national_park.jpg","keywords":["antiextractivsmo","derecho al agua","movimientos sociales","Organizaciones sociales"],"articleSection":["Contenido Original","Derechos Humanos","Ecolog\u00eda y Medio Ambiente","Econom\u00eda","Pueblos Originarios","Sudam\u00e9rica"],"inLanguage":"es"},{"@type":"WebPage","@id":"https:\/\/www.pressenza.com\/es\/2020\/09\/ecuador-en-cuenca-la-consulta-popular-es-un-llamado-a-que-se-impongan-los-derechos-de-los-pueblos-en-la-defensa-del-agua\/","url":"https:\/\/www.pressenza.com\/es\/2020\/09\/ecuador-en-cuenca-la-consulta-popular-es-un-llamado-a-que-se-impongan-los-derechos-de-los-pueblos-en-la-defensa-del-agua\/","name":"Ecuador: en Cuenca \"la consulta popular es un llamado a que se impongan los derechos de los pueblos en la defensa del agua\u201d","isPartOf":{"@id":"https:\/\/www.pressenza.com\/es\/#website"},"primaryImageOfPage":{"@id":"https:\/\/www.pressenza.com\/es\/2020\/09\/ecuador-en-cuenca-la-consulta-popular-es-un-llamado-a-que-se-impongan-los-derechos-de-los-pueblos-en-la-defensa-del-agua\/#primaryimage"},"image":{"@id":"https:\/\/www.pressenza.com\/es\/2020\/09\/ecuador-en-cuenca-la-consulta-popular-es-un-llamado-a-que-se-impongan-los-derechos-de-los-pueblos-en-la-defensa-del-agua\/#primaryimage"},"thumbnailUrl":"https:\/\/www.pressenza.com\/wp-content\/uploads\/2020\/09\/1280px-Ecuador_cajas_national_park.jpg","datePublished":"2020-09-24T00:51:57+00:00","description":"Por Ana Gabriela Molina Meneses El viernes, 18 de septiembre 2020, la Corte Constitucional resolvi\u00f3 que se lleve a cabo una consulta popular de cinco","breadcrumb":{"@id":"https:\/\/www.pressenza.com\/es\/2020\/09\/ecuador-en-cuenca-la-consulta-popular-es-un-llamado-a-que-se-impongan-los-derechos-de-los-pueblos-en-la-defensa-del-agua\/#breadcrumb"},"inLanguage":"es","potentialAction":[{"@type":"ReadAction","target":["https:\/\/www.pressenza.com\/es\/2020\/09\/ecuador-en-cuenca-la-consulta-popular-es-un-llamado-a-que-se-impongan-los-derechos-de-los-pueblos-en-la-defensa-del-agua\/"]}]},{"@type":"ImageObject","inLanguage":"es","@id":"https:\/\/www.pressenza.com\/es\/2020\/09\/ecuador-en-cuenca-la-consulta-popular-es-un-llamado-a-que-se-impongan-los-derechos-de-los-pueblos-en-la-defensa-del-agua\/#primaryimage","url":"https:\/\/www.pressenza.com\/wp-content\/uploads\/2020\/09\/1280px-Ecuador_cajas_national_park.jpg","contentUrl":"https:\/\/www.pressenza.com\/wp-content\/uploads\/2020\/09\/1280px-Ecuador_cajas_national_park.jpg","width":1280,"height":840},{"@type":"BreadcrumbList","@id":"https:\/\/www.pressenza.com\/es\/2020\/09\/ecuador-en-cuenca-la-consulta-popular-es-un-llamado-a-que-se-impongan-los-derechos-de-los-pueblos-en-la-defensa-del-agua\/#breadcrumb","itemListElement":[{"@type":"ListItem","position":1,"name":"Accueil","item":"https:\/\/www.pressenza.com\/es\/"},{"@type":"ListItem","position":2,"name":"Ecuador: en Cuenca \u00abla consulta popular es un llamado a que se impongan los derechos de los pueblos en la defensa del agua\u201d"}]},{"@type":"WebSite","@id":"https:\/\/www.pressenza.com\/es\/#website","url":"https:\/\/www.pressenza.com\/es\/","name":"Pressenza","description":"International Press Agency","publisher":{"@id":"https:\/\/www.pressenza.com\/es\/#organization"},"potentialAction":[{"@type":"SearchAction","target":{"@type":"EntryPoint","urlTemplate":"https:\/\/www.pressenza.com\/es\/?s={search_term_string}"},"query-input":{"@type":"PropertyValueSpecification","valueRequired":true,"valueName":"search_term_string"}}],"inLanguage":"es"},{"@type":"Organization","@id":"https:\/\/www.pressenza.com\/es\/#organization","name":"Pressenza","url":"https:\/\/www.pressenza.com\/es\/","logo":{"@type":"ImageObject","inLanguage":"es","@id":"https:\/\/www.pressenza.com\/es\/#\/schema\/logo\/image\/","url":"https:\/\/www.pressenza.com\/wp-content\/uploads\/2022\/10\/pressenza_logo_200x200.jpg","contentUrl":"https:\/\/www.pressenza.com\/wp-content\/uploads\/2022\/10\/pressenza_logo_200x200.jpg","width":200,"height":200,"caption":"Pressenza"},"image":{"@id":"https:\/\/www.pressenza.com\/es\/#\/schema\/logo\/image\/"},"sameAs":["https:\/\/www.facebook.com\/PressenzaItalia","https:\/\/x.com\/PressenzaIPA"]},{"@type":"Person","@id":"https:\/\/www.pressenza.com\/es\/#\/schema\/person\/883a735c40665759bcc6fe0c26bcb46f","name":"Redacci\u00f3n Ecuador","description":"News published by the Pressenza bureau in Quito, Ecuador","url":"https:\/\/www.pressenza.com\/es\/author\/redaccion-ecuador\/"}]}},"place":"Cuenca-Ecuador","original_article_url":"","_links":{"self":[{"href":"https:\/\/www.pressenza.com\/es\/wp-json\/wp\/v2\/posts\/1203018","targetHints":{"allow":["GET"]}}],"collection":[{"href":"https:\/\/www.pressenza.com\/es\/wp-json\/wp\/v2\/posts"}],"about":[{"href":"https:\/\/www.pressenza.com\/es\/wp-json\/wp\/v2\/types\/post"}],"author":[{"embeddable":true,"href":"https:\/\/www.pressenza.com\/es\/wp-json\/wp\/v2\/users\/1011"}],"replies":[{"embeddable":true,"href":"https:\/\/www.pressenza.com\/es\/wp-json\/wp\/v2\/comments?post=1203018"}],"version-history":[{"count":0,"href":"https:\/\/www.pressenza.com\/es\/wp-json\/wp\/v2\/posts\/1203018\/revisions"}],"wp:featuredmedia":[{"embeddable":true,"href":"https:\/\/www.pressenza.com\/es\/wp-json\/wp\/v2\/media\/1203020"}],"wp:attachment":[{"href":"https:\/\/www.pressenza.com\/es\/wp-json\/wp\/v2\/media?parent=1203018"}],"wp:term":[{"taxonomy":"category","embeddable":true,"href":"https:\/\/www.pressenza.com\/es\/wp-json\/wp\/v2\/categories?post=1203018"},{"taxonomy":"post_tag","embeddable":true,"href":"https:\/\/www.pressenza.com\/es\/wp-json\/wp\/v2\/tags?post=1203018"}],"curies":[{"name":"wp","href":"https:\/\/api.w.org\/{rel}","templated":true}]}}