{"id":1200034,"date":"2020-09-19T15:19:28","date_gmt":"2020-09-19T14:19:28","guid":{"rendered":"https:\/\/www.pressenza.com\/?p=1200034"},"modified":"2020-09-19T15:19:28","modified_gmt":"2020-09-19T14:19:28","slug":"cretino-ponte-la-mascarilla","status":"publish","type":"post","link":"https:\/\/www.pressenza.com\/es\/2020\/09\/cretino-ponte-la-mascarilla\/","title":{"rendered":"Cretino, \u00a1Ponte la mascarilla!"},"content":{"rendered":"<div>\n<div class=\"\" dir=\"auto\">\n<div id=\"jsc_c_3cd\" class=\"ecm0bbzt hv4rvrfc e5nlhep0 dati1w0a\" data-ad-comet-preview=\"message\" data-ad-preview=\"message\">\n<div class=\"j83agx80 cbu4d94t ew0dbk1b irj2b8pg\">\n<div class=\"qzhwtbm6 knvmm38d\">\n<div class=\"o9v6fnle cxmmr5t8 oygrvhab hcukyx3x c1et5uql ii04i59q\">\n<p><strong>Por Fernando Montalb\u00e1n<\/strong><\/p>\n<div dir=\"auto\">\n<div dir=\"auto\">\n<p>&nbsp;<\/p>\n<p>&nbsp;<\/p>\n<p>\u00bfQui\u00e9n tiene la culpa de la Pandemia y sus rebrotes?<\/p>\n<p>Es claro: la gente.<\/p>\n<\/div>\n<div dir=\"auto\">\n<p>\u00bfQui\u00e9n tiene la culpa de la violaci\u00f3n?<\/p>\n<p>Obvio: ella que va ense\u00f1\u00e1ndolo todo y claro \u00a1as\u00ed le va!<\/p>\n<\/div>\n<\/div>\n<\/div>\n<\/div>\n<\/div>\n<\/div>\n<\/div>\n<div class=\"\" dir=\"auto\">\n<div id=\"jsc_c_3cd\" class=\"ecm0bbzt hv4rvrfc e5nlhep0 dati1w0a\" data-ad-comet-preview=\"message\" data-ad-preview=\"message\">\n<div class=\"j83agx80 cbu4d94t ew0dbk1b irj2b8pg\">\n<div class=\"qzhwtbm6 knvmm38d\">\n<div class=\"o9v6fnle cxmmr5t8 oygrvhab hcukyx3x c1et5uql ii04i59q\">\n<div dir=\"auto\">\n<p>Sobre la pandemia, me parece de lo \u00faltimo la poca o ninguna inteligencia por parte de quienes nos gobiernan, y peor a\u00fan por parte de los gobernados. Por parte de los gobernantes lo que cada d\u00eda que pasa tengo mas claro es que hay mala fe. Seguimos creyendo que la gente es la culpable de los rebrotes.<\/p>\n<p>Claro, los recortes no tienen que ver con la falta de medios en sanidad y educaci\u00f3n propiciados por esos mismos que nos echan la culpa, no tiene nada que ver.<\/p>\n<p>Es la gente, con su estar hasta las narices de que se le mueran los seres queridos por falta de medios sanitarios humanos y materiales, que se expone a los rebrotes y los alienta con sus actitudes. \u00a1Qu\u00e9 gentuza es la gente! \u00a1Faltar\u00eda mas!<\/p>\n<p>\u00a1Ya est\u00e1 bien de tocar los cojones! Se\u00f1ores ustedes son los responsables, ustedes que auspiciaron los recortes en beneficio de las empresas privadas porque lo p\u00fablico les supone competencia a aquellas. Ustedes que no hablan de esto en ning\u00fan lado y los medios tampoco, ustedes son los responsables y los medios sus c\u00f3mplices.<\/p>\n<p>Ahora mas confinamientos, mas li\u00f3 con las econom\u00edas de las peque\u00f1as y medianas empresas, la econom\u00eda de las familias&#8230; \u00a1Ah, pero para las macroeconomias no hay li\u00f3! \u00c9stas est\u00e1n bien salvaguardadas, \u00a1faltar\u00eda mas!<\/p>\n<p>Espera&#8230; \u00bfCu\u00e1nto tiempo hace que no se habla de los 60.000.000.000 de euros que los bancos deben a la econom\u00eda espa\u00f1ola?<\/p>\n<p>Ah s\u00ed, mejor hablemos de que las pensiones quiz\u00e1s no se puedan pagar a futuro, de subir la edad de jubilaci\u00f3n, de cerrar el ingreso al mercado laboral a los j\u00f3venes (mejor que se vayan a tomar por culo a Alemania o a la mierda, la gente joven es molesta y las p\u00eda*). Mucha cara dura y falta de verg\u00fcenza hay por estos lares, me parece a m\u00ed.<\/p>\n<p>Y la gente, \u00e9sa que se cree todo lo que nos cuentan, \u00e9sa es tan cr\u00e9dula y cretina que asiente con la cabeza cuando \u00e9stos por TV salen a \u00abexplicar\u00bb las causas de los rebrotes. Explicaciones que solo sirven para pasar el d\u00eda, al otro hay que cambiarlas.<\/p>\n<p>Se\u00f1ores, \u00a1Seamos claros!. Rebrotes habr\u00e1, nadie lo pone en duda, el virus existe, \u00e9ste que escribe estas lineas, no lo pone en duda, lo que pongo en duda es que esta situaci\u00f3n con una sanidad con medios suficientes, no tendr\u00eda porque haber sido as\u00ed y de esto ustedes no quieren hablar, se callan porque saben cu\u00e1les son los verdaderos motivos de la situaci\u00f3n actual.<\/p>\n<p>Como ustedes tienen claro que no van a coger el toro por los cuernos, se dedican a parchear y a culpabilizar a la gente, la misma actitud del violador. Ese que ante lo obvio opta por cargar contra la v\u00edctima, muchas veces con la anuencia de jueces y fiscales.<\/p>\n<p>No van a reconocer que\u00a0 no van a dejar de recortar, ya que este sistema econ\u00f3mico neoliberal y depredador lo exige, y seguir\u00e1n parcheando, es decir, no resolviendo nada para no ir a la ra\u00edz del asunto (no les interesa). Seguir\u00e1n culpabilizando a la poblaci\u00f3n de sus desbarres y parches que no funcionan.<\/p>\n<p>Es una pena. La cosa anda entre gentes con mala fe y gentes con un nivel de cretinismo que no hay por donde.<\/p>\n<p>A ver si alguien, haciendo gala de un poco de libertad interna y de inteligencia pone las cosas en su sitio y habla de lo que hay que hablar, de la ra\u00edz de los problemas.<\/p>\n<p>\u00a1En fin, seguiremos denunciando las tropel\u00edas y las complicidades!<\/p>\n<p>Alguien dijo [Silo] que llegar\u00eda el momento de decir claramente lo que est\u00e1 bien y lo que est\u00e1 mal, a mi me parece que el momento es \u00e9ste.<\/p>\n<p>Las grandes fuerzas que en otro momento han movido el sistema de valores, est\u00e1n cada vez mas debilitadas, a\u00fan a pesar del avance de la derecha violenta, \u00faltimo recurso de un sistema que se muere.<\/p>\n<p>Quiz\u00e1 sea el momento de avanzar con resoluci\u00f3n y proponer y construir otro paisaje en el que la gente importe mas que el dinero.<\/p>\n<p>\u00a1Es la hora de los pueblos, la hora del SER HUMANO!<\/p>\n<p>&nbsp;<\/p>\n<\/div>\n<div dir=\"auto\"><\/div>\n<\/div>\n<div dir=\"auto\"><em>*Piar en sentido figurado significa protestar.<\/em><\/div>\n<\/div>\n<\/div>\n<\/div>\n<\/div>\n<\/div>\n","protected":false},"excerpt":{"rendered":"<p>Por Fernando Montalb\u00e1n &nbsp; &nbsp; \u00bfQui\u00e9n tiene la culpa de la Pandemia y sus rebrotes? Es claro: la gente. \u00bfQui\u00e9n tiene la culpa de la violaci\u00f3n? Obvio: ella que va ense\u00f1\u00e1ndolo todo y claro \u00a1as\u00ed le va! Sobre la pandemia,&hellip;<\/p>\n","protected":false},"author":94,"featured_media":1200124,"comment_status":"closed","ping_status":"closed","sticky":false,"template":"","format":"standard","meta":{"footnotes":""},"categories":[11389,79,161,1239],"tags":[53803,70071,78757,79274,512,11325],"class_list":["post-1200034","post","type-post","status-publish","format-standard","has-post-thumbnail","hentry","category-contenido-original","category-derechos-humanos","category-opiniones","category-salud","tag-confinamiento","tag-coronavirus-es","tag-covid-19-ca-es","tag-privatizacion-de-la-salud","tag-recortes","tag-sanidad-publica"],"yoast_head":"<!-- This site is optimized with the Yoast SEO plugin v27.1.1 - https:\/\/yoast.com\/product\/yoast-seo-wordpress\/ -->\n<title>Cretino, \u00a1Ponte la mascarilla!<\/title>\n<meta name=\"description\" content=\"Por Fernando Montalb\u00e1n &nbsp; &nbsp; \u00bfQui\u00e9n tiene la culpa de la Pandemia y sus rebrotes? Es claro: la gente. \u00bfQui\u00e9n tiene la culpa de la violaci\u00f3n?\" \/>\n<meta name=\"robots\" content=\"index, follow, max-snippet:-1, max-image-preview:large, max-video-preview:-1\" \/>\n<link rel=\"canonical\" href=\"https:\/\/www.pressenza.com\/es\/2020\/09\/cretino-ponte-la-mascarilla\/\" \/>\n<meta property=\"og:locale\" content=\"es_ES\" \/>\n<meta property=\"og:type\" content=\"article\" \/>\n<meta property=\"og:title\" content=\"Cretino, \u00a1Ponte la mascarilla!\" \/>\n<meta property=\"og:description\" content=\"Por Fernando Montalb\u00e1n &nbsp; &nbsp; \u00bfQui\u00e9n tiene la culpa de la Pandemia y sus rebrotes? Es claro: la gente. \u00bfQui\u00e9n tiene la culpa de la violaci\u00f3n?\" \/>\n<meta property=\"og:url\" content=\"https:\/\/www.pressenza.com\/es\/2020\/09\/cretino-ponte-la-mascarilla\/\" \/>\n<meta property=\"og:site_name\" content=\"Pressenza\" \/>\n<meta property=\"article:publisher\" content=\"https:\/\/www.facebook.com\/PressenzaItalia\" \/>\n<meta property=\"article:author\" content=\"https:\/\/www.facebook.com\/pressenza\" \/>\n<meta property=\"article:published_time\" content=\"2020-09-19T14:19:28+00:00\" \/>\n<meta property=\"og:image\" content=\"https:\/\/www.pressenza.com\/wp-content\/uploads\/2020\/09\/600x400_ayuso-posado-770-1.jpg\" \/>\n\t<meta property=\"og:image:width\" content=\"600\" \/>\n\t<meta property=\"og:image:height\" content=\"400\" \/>\n\t<meta property=\"og:image:type\" content=\"image\/jpeg\" \/>\n<meta name=\"author\" content=\"Redacci\u00f3n Madrid\" \/>\n<meta name=\"twitter:card\" content=\"summary_large_image\" \/>\n<meta name=\"twitter:creator\" content=\"@pressenza\" \/>\n<meta name=\"twitter:site\" content=\"@PressenzaIPA\" \/>\n<meta name=\"twitter:label1\" content=\"Escrito por\" \/>\n\t<meta name=\"twitter:data1\" content=\"Redacci\u00f3n Madrid\" \/>\n\t<meta name=\"twitter:label2\" content=\"Tiempo de lectura\" \/>\n\t<meta name=\"twitter:data2\" content=\"4 minutos\" \/>\n<script type=\"application\/ld+json\" class=\"yoast-schema-graph\">{\"@context\":\"https:\/\/schema.org\",\"@graph\":[{\"@type\":\"Article\",\"@id\":\"https:\/\/www.pressenza.com\/es\/2020\/09\/cretino-ponte-la-mascarilla\/#article\",\"isPartOf\":{\"@id\":\"https:\/\/www.pressenza.com\/es\/2020\/09\/cretino-ponte-la-mascarilla\/\"},\"author\":{\"name\":\"Redacci\u00f3n Madrid\",\"@id\":\"https:\/\/www.pressenza.com\/es\/#\/schema\/person\/828fc40eeca2ad7be3630e5a46adba94\"},\"headline\":\"Cretino, \u00a1Ponte la mascarilla!\",\"datePublished\":\"2020-09-19T14:19:28+00:00\",\"mainEntityOfPage\":{\"@id\":\"https:\/\/www.pressenza.com\/es\/2020\/09\/cretino-ponte-la-mascarilla\/\"},\"wordCount\":777,\"publisher\":{\"@id\":\"https:\/\/www.pressenza.com\/es\/#organization\"},\"image\":{\"@id\":\"https:\/\/www.pressenza.com\/es\/2020\/09\/cretino-ponte-la-mascarilla\/#primaryimage\"},\"thumbnailUrl\":\"https:\/\/www.pressenza.com\/wp-content\/uploads\/2020\/09\/600x400_ayuso-posado-770-1.jpg\",\"keywords\":[\"confinamiento\",\"coronav\u00edrus\",\"COVID-19\",\"Privatizaci\u00f3n de la salud\",\"recortes\",\"Sanidad P\u00fablica\"],\"articleSection\":[\"Contenido Original\",\"Derechos Humanos\",\"Opiniones\",\"Salud\"],\"inLanguage\":\"es\"},{\"@type\":\"WebPage\",\"@id\":\"https:\/\/www.pressenza.com\/es\/2020\/09\/cretino-ponte-la-mascarilla\/\",\"url\":\"https:\/\/www.pressenza.com\/es\/2020\/09\/cretino-ponte-la-mascarilla\/\",\"name\":\"Cretino, \u00a1Ponte la mascarilla!\",\"isPartOf\":{\"@id\":\"https:\/\/www.pressenza.com\/es\/#website\"},\"primaryImageOfPage\":{\"@id\":\"https:\/\/www.pressenza.com\/es\/2020\/09\/cretino-ponte-la-mascarilla\/#primaryimage\"},\"image\":{\"@id\":\"https:\/\/www.pressenza.com\/es\/2020\/09\/cretino-ponte-la-mascarilla\/#primaryimage\"},\"thumbnailUrl\":\"https:\/\/www.pressenza.com\/wp-content\/uploads\/2020\/09\/600x400_ayuso-posado-770-1.jpg\",\"datePublished\":\"2020-09-19T14:19:28+00:00\",\"description\":\"Por Fernando Montalb\u00e1n &nbsp; &nbsp; \u00bfQui\u00e9n tiene la culpa de la Pandemia y sus rebrotes? Es claro: la gente. \u00bfQui\u00e9n tiene la culpa de la violaci\u00f3n?\",\"breadcrumb\":{\"@id\":\"https:\/\/www.pressenza.com\/es\/2020\/09\/cretino-ponte-la-mascarilla\/#breadcrumb\"},\"inLanguage\":\"es\",\"potentialAction\":[{\"@type\":\"ReadAction\",\"target\":[\"https:\/\/www.pressenza.com\/es\/2020\/09\/cretino-ponte-la-mascarilla\/\"]}]},{\"@type\":\"ImageObject\",\"inLanguage\":\"es\",\"@id\":\"https:\/\/www.pressenza.com\/es\/2020\/09\/cretino-ponte-la-mascarilla\/#primaryimage\",\"url\":\"https:\/\/www.pressenza.com\/wp-content\/uploads\/2020\/09\/600x400_ayuso-posado-770-1.jpg\",\"contentUrl\":\"https:\/\/www.pressenza.com\/wp-content\/uploads\/2020\/09\/600x400_ayuso-posado-770-1.jpg\",\"width\":600,\"height\":400},{\"@type\":\"BreadcrumbList\",\"@id\":\"https:\/\/www.pressenza.com\/es\/2020\/09\/cretino-ponte-la-mascarilla\/#breadcrumb\",\"itemListElement\":[{\"@type\":\"ListItem\",\"position\":1,\"name\":\"Accueil\",\"item\":\"https:\/\/www.pressenza.com\/es\/\"},{\"@type\":\"ListItem\",\"position\":2,\"name\":\"Cretino, \u00a1Ponte la mascarilla!\"}]},{\"@type\":\"WebSite\",\"@id\":\"https:\/\/www.pressenza.com\/es\/#website\",\"url\":\"https:\/\/www.pressenza.com\/es\/\",\"name\":\"Pressenza\",\"description\":\"International Press Agency\",\"publisher\":{\"@id\":\"https:\/\/www.pressenza.com\/es\/#organization\"},\"potentialAction\":[{\"@type\":\"SearchAction\",\"target\":{\"@type\":\"EntryPoint\",\"urlTemplate\":\"https:\/\/www.pressenza.com\/es\/?s={search_term_string}\"},\"query-input\":{\"@type\":\"PropertyValueSpecification\",\"valueRequired\":true,\"valueName\":\"search_term_string\"}}],\"inLanguage\":\"es\"},{\"@type\":\"Organization\",\"@id\":\"https:\/\/www.pressenza.com\/es\/#organization\",\"name\":\"Pressenza\",\"url\":\"https:\/\/www.pressenza.com\/es\/\",\"logo\":{\"@type\":\"ImageObject\",\"inLanguage\":\"es\",\"@id\":\"https:\/\/www.pressenza.com\/es\/#\/schema\/logo\/image\/\",\"url\":\"https:\/\/www.pressenza.com\/wp-content\/uploads\/2022\/10\/pressenza_logo_200x200.jpg\",\"contentUrl\":\"https:\/\/www.pressenza.com\/wp-content\/uploads\/2022\/10\/pressenza_logo_200x200.jpg\",\"width\":200,\"height\":200,\"caption\":\"Pressenza\"},\"image\":{\"@id\":\"https:\/\/www.pressenza.com\/es\/#\/schema\/logo\/image\/\"},\"sameAs\":[\"https:\/\/www.facebook.com\/PressenzaItalia\",\"https:\/\/x.com\/PressenzaIPA\"]},{\"@type\":\"Person\",\"@id\":\"https:\/\/www.pressenza.com\/es\/#\/schema\/person\/828fc40eeca2ad7be3630e5a46adba94\",\"name\":\"Redacci\u00f3n Madrid\",\"description\":\"News from the Pressenza Bureau in Madrid, Spain\",\"sameAs\":[\"https:\/\/www.facebook.com\/pressenza\",\"https:\/\/x.com\/pressenza\"],\"url\":\"https:\/\/www.pressenza.com\/es\/author\/redaccion-madrid\/\"}]}<\/script>\n<!-- \/ Yoast SEO plugin. -->","yoast_head_json":{"title":"Cretino, \u00a1Ponte la mascarilla!","description":"Por Fernando Montalb\u00e1n &nbsp; &nbsp; \u00bfQui\u00e9n tiene la culpa de la Pandemia y sus rebrotes? Es claro: la gente. \u00bfQui\u00e9n tiene la culpa de la violaci\u00f3n?","robots":{"index":"index","follow":"follow","max-snippet":"max-snippet:-1","max-image-preview":"max-image-preview:large","max-video-preview":"max-video-preview:-1"},"canonical":"https:\/\/www.pressenza.com\/es\/2020\/09\/cretino-ponte-la-mascarilla\/","og_locale":"es_ES","og_type":"article","og_title":"Cretino, \u00a1Ponte la mascarilla!","og_description":"Por Fernando Montalb\u00e1n &nbsp; &nbsp; \u00bfQui\u00e9n tiene la culpa de la Pandemia y sus rebrotes? Es claro: la gente. \u00bfQui\u00e9n tiene la culpa de la violaci\u00f3n?","og_url":"https:\/\/www.pressenza.com\/es\/2020\/09\/cretino-ponte-la-mascarilla\/","og_site_name":"Pressenza","article_publisher":"https:\/\/www.facebook.com\/PressenzaItalia","article_author":"https:\/\/www.facebook.com\/pressenza","article_published_time":"2020-09-19T14:19:28+00:00","og_image":[{"width":600,"height":400,"url":"https:\/\/www.pressenza.com\/wp-content\/uploads\/2020\/09\/600x400_ayuso-posado-770-1.jpg","type":"image\/jpeg"}],"author":"Redacci\u00f3n Madrid","twitter_card":"summary_large_image","twitter_creator":"@pressenza","twitter_site":"@PressenzaIPA","twitter_misc":{"Escrito por":"Redacci\u00f3n Madrid","Tiempo de lectura":"4 minutos"},"schema":{"@context":"https:\/\/schema.org","@graph":[{"@type":"Article","@id":"https:\/\/www.pressenza.com\/es\/2020\/09\/cretino-ponte-la-mascarilla\/#article","isPartOf":{"@id":"https:\/\/www.pressenza.com\/es\/2020\/09\/cretino-ponte-la-mascarilla\/"},"author":{"name":"Redacci\u00f3n Madrid","@id":"https:\/\/www.pressenza.com\/es\/#\/schema\/person\/828fc40eeca2ad7be3630e5a46adba94"},"headline":"Cretino, \u00a1Ponte la mascarilla!","datePublished":"2020-09-19T14:19:28+00:00","mainEntityOfPage":{"@id":"https:\/\/www.pressenza.com\/es\/2020\/09\/cretino-ponte-la-mascarilla\/"},"wordCount":777,"publisher":{"@id":"https:\/\/www.pressenza.com\/es\/#organization"},"image":{"@id":"https:\/\/www.pressenza.com\/es\/2020\/09\/cretino-ponte-la-mascarilla\/#primaryimage"},"thumbnailUrl":"https:\/\/www.pressenza.com\/wp-content\/uploads\/2020\/09\/600x400_ayuso-posado-770-1.jpg","keywords":["confinamiento","coronav\u00edrus","COVID-19","Privatizaci\u00f3n de la salud","recortes","Sanidad P\u00fablica"],"articleSection":["Contenido Original","Derechos Humanos","Opiniones","Salud"],"inLanguage":"es"},{"@type":"WebPage","@id":"https:\/\/www.pressenza.com\/es\/2020\/09\/cretino-ponte-la-mascarilla\/","url":"https:\/\/www.pressenza.com\/es\/2020\/09\/cretino-ponte-la-mascarilla\/","name":"Cretino, \u00a1Ponte la mascarilla!","isPartOf":{"@id":"https:\/\/www.pressenza.com\/es\/#website"},"primaryImageOfPage":{"@id":"https:\/\/www.pressenza.com\/es\/2020\/09\/cretino-ponte-la-mascarilla\/#primaryimage"},"image":{"@id":"https:\/\/www.pressenza.com\/es\/2020\/09\/cretino-ponte-la-mascarilla\/#primaryimage"},"thumbnailUrl":"https:\/\/www.pressenza.com\/wp-content\/uploads\/2020\/09\/600x400_ayuso-posado-770-1.jpg","datePublished":"2020-09-19T14:19:28+00:00","description":"Por Fernando Montalb\u00e1n &nbsp; &nbsp; \u00bfQui\u00e9n tiene la culpa de la Pandemia y sus rebrotes? Es claro: la gente. \u00bfQui\u00e9n tiene la culpa de la violaci\u00f3n?","breadcrumb":{"@id":"https:\/\/www.pressenza.com\/es\/2020\/09\/cretino-ponte-la-mascarilla\/#breadcrumb"},"inLanguage":"es","potentialAction":[{"@type":"ReadAction","target":["https:\/\/www.pressenza.com\/es\/2020\/09\/cretino-ponte-la-mascarilla\/"]}]},{"@type":"ImageObject","inLanguage":"es","@id":"https:\/\/www.pressenza.com\/es\/2020\/09\/cretino-ponte-la-mascarilla\/#primaryimage","url":"https:\/\/www.pressenza.com\/wp-content\/uploads\/2020\/09\/600x400_ayuso-posado-770-1.jpg","contentUrl":"https:\/\/www.pressenza.com\/wp-content\/uploads\/2020\/09\/600x400_ayuso-posado-770-1.jpg","width":600,"height":400},{"@type":"BreadcrumbList","@id":"https:\/\/www.pressenza.com\/es\/2020\/09\/cretino-ponte-la-mascarilla\/#breadcrumb","itemListElement":[{"@type":"ListItem","position":1,"name":"Accueil","item":"https:\/\/www.pressenza.com\/es\/"},{"@type":"ListItem","position":2,"name":"Cretino, \u00a1Ponte la mascarilla!"}]},{"@type":"WebSite","@id":"https:\/\/www.pressenza.com\/es\/#website","url":"https:\/\/www.pressenza.com\/es\/","name":"Pressenza","description":"International Press Agency","publisher":{"@id":"https:\/\/www.pressenza.com\/es\/#organization"},"potentialAction":[{"@type":"SearchAction","target":{"@type":"EntryPoint","urlTemplate":"https:\/\/www.pressenza.com\/es\/?s={search_term_string}"},"query-input":{"@type":"PropertyValueSpecification","valueRequired":true,"valueName":"search_term_string"}}],"inLanguage":"es"},{"@type":"Organization","@id":"https:\/\/www.pressenza.com\/es\/#organization","name":"Pressenza","url":"https:\/\/www.pressenza.com\/es\/","logo":{"@type":"ImageObject","inLanguage":"es","@id":"https:\/\/www.pressenza.com\/es\/#\/schema\/logo\/image\/","url":"https:\/\/www.pressenza.com\/wp-content\/uploads\/2022\/10\/pressenza_logo_200x200.jpg","contentUrl":"https:\/\/www.pressenza.com\/wp-content\/uploads\/2022\/10\/pressenza_logo_200x200.jpg","width":200,"height":200,"caption":"Pressenza"},"image":{"@id":"https:\/\/www.pressenza.com\/es\/#\/schema\/logo\/image\/"},"sameAs":["https:\/\/www.facebook.com\/PressenzaItalia","https:\/\/x.com\/PressenzaIPA"]},{"@type":"Person","@id":"https:\/\/www.pressenza.com\/es\/#\/schema\/person\/828fc40eeca2ad7be3630e5a46adba94","name":"Redacci\u00f3n Madrid","description":"News from the Pressenza Bureau in Madrid, Spain","sameAs":["https:\/\/www.facebook.com\/pressenza","https:\/\/x.com\/pressenza"],"url":"https:\/\/www.pressenza.com\/es\/author\/redaccion-madrid\/"}]}},"place":"Madrid (Reino de Espa\u00f1a)","original_article_url":"","_links":{"self":[{"href":"https:\/\/www.pressenza.com\/es\/wp-json\/wp\/v2\/posts\/1200034","targetHints":{"allow":["GET"]}}],"collection":[{"href":"https:\/\/www.pressenza.com\/es\/wp-json\/wp\/v2\/posts"}],"about":[{"href":"https:\/\/www.pressenza.com\/es\/wp-json\/wp\/v2\/types\/post"}],"author":[{"embeddable":true,"href":"https:\/\/www.pressenza.com\/es\/wp-json\/wp\/v2\/users\/94"}],"replies":[{"embeddable":true,"href":"https:\/\/www.pressenza.com\/es\/wp-json\/wp\/v2\/comments?post=1200034"}],"version-history":[{"count":0,"href":"https:\/\/www.pressenza.com\/es\/wp-json\/wp\/v2\/posts\/1200034\/revisions"}],"wp:featuredmedia":[{"embeddable":true,"href":"https:\/\/www.pressenza.com\/es\/wp-json\/wp\/v2\/media\/1200124"}],"wp:attachment":[{"href":"https:\/\/www.pressenza.com\/es\/wp-json\/wp\/v2\/media?parent=1200034"}],"wp:term":[{"taxonomy":"category","embeddable":true,"href":"https:\/\/www.pressenza.com\/es\/wp-json\/wp\/v2\/categories?post=1200034"},{"taxonomy":"post_tag","embeddable":true,"href":"https:\/\/www.pressenza.com\/es\/wp-json\/wp\/v2\/tags?post=1200034"}],"curies":[{"name":"wp","href":"https:\/\/api.w.org\/{rel}","templated":true}]}}