{"id":1199,"date":"2009-09-03T00:00:00","date_gmt":"2009-09-03T00:00:00","guid":{"rendered":""},"modified":"2009-09-28T05:01:04","modified_gmt":"2009-09-28T05:01:04","slug":"iglesia-catxlica-venezolana-advierte-sobre-el-peligro-de-educacixn-que-procure-igualdad-de-oportunidades","status":"publish","type":"post","link":"https:\/\/www.pressenza.com\/es\/2009\/09\/iglesia-catxlica-venezolana-advierte-sobre-el-peligro-de-educacixn-que-procure-igualdad-de-oportunidades\/","title":{"rendered":"Iglesia Cat\u00f3lica venezolana advierte sobre el peligro de educaci\u00f3n que procure igualdad de oportunidades"},"content":{"rendered":"<p>El Arzobispo de Caracas, Jorge Urosa Sabino \u201cadvirti\u00f3 que la Iglesia Cat\u00f3lica debe oponerse a todo intento por homogeneizar la educaci\u00f3n b\u00e1sica\u201d. En un correo electr\u00f3nico que se le atribuye, advierte sobre el \u201cpeligro de un sistema educativo que procure igualdad de oportunidades a todos los ciudadanos\u201d.<\/p>\n<p>S.E. Monse\u00f1or Jorge Liberato Urosa Savino, fue ordenado sacerdote el 15 de agosto de 1967, y posteriormente trabaj\u00f3 como profesor en los dos Seminarios de Caracas y ocup\u00f3 el cargo de Rector del Seminario Interdiocesano Santa Rosa De Lima. En sus primeras declaraciones a la prensa, luego de haber conocido la noticia, expres\u00f3 que la acog\u00eda con humildad y sencillez, y que \u00abdesde este momento como Pastor de la Iglesia Universal, tendr\u00e9 como orientaci\u00f3n llevar a todos el mensaje de amor, que \u00e9ste sea conocido y contribuya a la elevaci\u00f3n espiritual del pueblo de Dios, con la ayuda de los sacerdotes y la cooperaci\u00f3n de los religiosos y religiosas, inspirados en la Doctrina Social de la Ia Iglesia y las principales orientaciones del Concilio Plenario de Venezuela que ser\u00e1n el plan de acci\u00f3n de la Iglesia para su renovaci\u00f3n permanente\u00bb.<\/p>\n<p>Ana Elisa Osorio, integrante de la Direcci\u00f3n Nacional del Partido Socialista Unido de Venezuela, durante una rueda de prensa, ley\u00f3 parte del texto del correo electr\u00f3nico en el que el cl\u00e9rigo confiesa la autor\u00eda del documento, mientras admite que producto de un error administrativo se habr\u00eda difundido a trav\u00e9s de la red.<\/p>\n<p>Este \u201clamentable\u201d desliz de la jerarqu\u00eda eclesi\u00e1stica desnuda el intencionado  desv\u00edo de las ideas originales del Cristianismo, que lo llevan a defender los intereses de los poderosos en contra los m\u00e1s necesitados. No parece ser el \u201cJes\u00fas de los pobres\u201d el que lo inspira en su misi\u00f3n de Pastor de la Iglesia.<\/p>\n<p>S.E. Mons. Jorge Liberato Urosa Savino, naci\u00f3 en Caracas el 28 de agosto de 1942, estudi\u00f3 con los hermanos de las doctrinas cristianas en el Colegio \u00abLa Salle\u00bb de Tienda Honda, Filosof\u00eda en el Seminario de Caracas y Teolog\u00eda en el \u00abSt. Augustine\u00b4s seminary\u00bb de Toronto en Canad\u00e1.<br \/>\nFue ordenado Sacerdote el 15 de agosto de 1967 y posteriormente trabaj\u00f3 como profesor en los dos Seminarios de Caracas ocupando el cargo de Rector del Seminario Interdiocesano \u00abSanta Rosa de Lima\u00bb.<br \/>\nOsorio ley\u00f3 en el encuentro con periodistas del medio: \u201dLos hijos de las familias pudientes est\u00e1n llamados a ir a las universidades para ocupar cargos de gerencia y posiciones relevante, en cambio los ni\u00f1os que por su origen socioecon\u00f3mico tienen desventajas, deber ser educados en la diligencia, en la modestia, en el respeto hacia la autoridad y sobre todo en el mensaje cristiano del amor\u201d.<br \/>\nEl 13 de julio de 1982 Su Santidad Juan Pablo II lo nombr\u00f3 Obispo Auxiliar de Caracas. Su consagraci\u00f3n episcopal fue el 22 de septiembre de 1982.<\/p>\n<p>Luego de realizar otras consideraciones Monse\u00f1or Jorge Urosa Savino cierra el correo diciendo: \u201dcon la bendici\u00f3n de Dios Todopoderoso, debemos estar dispuestos a servir a Jes\u00fas Redentor, a la Iglesia y a Venezuela\u201d.<br \/>\nEl 17 de marzo de 1990 Su Santidad Juan Pablo II lo designa como Arzobispo de Valencia.<\/p>\n","protected":false},"excerpt":{"rendered":"<p>Seg\u00fan el Arzobispo de Caracas, \u201dLos hijos de las familias pudientes est\u00e1n llamados a ir a las universidades, los ni\u00f1os que por su origen socioecon\u00f3mico tienen desventajas, deber ser educados en la diligencia, en el respeto hacia la autoridad y sobre todo en el mensaje cristiano del Amor\u201d, por lo que \u201cla Iglesia debe oponerse a todo intento por homogeneizar la educaci\u00f3n b\u00e1sica\u201d<\/p>\n","protected":false},"author":19,"featured_media":0,"comment_status":"closed","ping_status":"open","sticky":false,"template":"","format":"standard","meta":{"footnotes":""},"categories":[75,39,67],"tags":[],"class_list":["post-1199","post","type-post","status-publish","format-standard","hentry","category-cultura-es","category-internacional","category-sudamerica"],"yoast_head":"<!-- This site is optimized with the Yoast SEO plugin v27.1.1 - https:\/\/yoast.com\/product\/yoast-seo-wordpress\/ -->\n<title>Iglesia Cat\u00f3lica venezolana advierte sobre el peligro de educaci\u00f3n que procure igualdad de oportunidades<\/title>\n<meta name=\"description\" content=\"Seg\u00fan el Arzobispo de Caracas, \u201dLos hijos de las familias pudientes est\u00e1n llamados a ir a las universidades, los ni\u00f1os que por su origen socioecon\u00f3mico tienen desventajas, deber ser educados en la diligencia, en el respeto hacia la autoridad y sobre todo en el mensaje cristiano del Amor\u201d, por lo que \u201cla Iglesia debe oponerse a todo intento por homogeneizar la educaci\u00f3n b\u00e1sica\u201d\" \/>\n<meta name=\"robots\" content=\"index, follow, max-snippet:-1, max-image-preview:large, max-video-preview:-1\" \/>\n<link rel=\"canonical\" href=\"https:\/\/www.pressenza.com\/es\/2009\/09\/iglesia-catxlica-venezolana-advierte-sobre-el-peligro-de-educacixn-que-procure-igualdad-de-oportunidades\/\" \/>\n<meta property=\"og:locale\" content=\"es_ES\" \/>\n<meta property=\"og:type\" content=\"article\" \/>\n<meta property=\"og:title\" content=\"Iglesia Cat\u00f3lica venezolana advierte sobre el peligro de educaci\u00f3n que procure igualdad de oportunidades\" \/>\n<meta property=\"og:description\" content=\"Seg\u00fan el Arzobispo de Caracas, \u201dLos hijos de las familias pudientes est\u00e1n llamados a ir a las universidades, los ni\u00f1os que por su origen socioecon\u00f3mico tienen desventajas, deber ser educados en la diligencia, en el respeto hacia la autoridad y sobre todo en el mensaje cristiano del Amor\u201d, por lo que \u201cla Iglesia debe oponerse a todo intento por homogeneizar la educaci\u00f3n b\u00e1sica\u201d\" \/>\n<meta property=\"og:url\" content=\"https:\/\/www.pressenza.com\/es\/2009\/09\/iglesia-catxlica-venezolana-advierte-sobre-el-peligro-de-educacixn-que-procure-igualdad-de-oportunidades\/\" \/>\n<meta property=\"og:site_name\" content=\"Pressenza\" \/>\n<meta property=\"article:publisher\" content=\"https:\/\/www.facebook.com\/PressenzaItalia\" \/>\n<meta property=\"article:author\" content=\"https:\/\/www.facebook.com\/pressenza\" \/>\n<meta property=\"article:published_time\" content=\"2009-09-03T00:00:00+00:00\" \/>\n<meta property=\"article:modified_time\" content=\"2009-09-28T05:01:04+00:00\" \/>\n<meta name=\"author\" content=\"Pressenza IPA\" \/>\n<meta name=\"twitter:card\" content=\"summary_large_image\" \/>\n<meta name=\"twitter:creator\" content=\"@PressenzaIPA\" \/>\n<meta name=\"twitter:site\" content=\"@PressenzaIPA\" \/>\n<meta name=\"twitter:label1\" content=\"Escrito por\" \/>\n\t<meta name=\"twitter:data1\" content=\"Pressenza IPA\" \/>\n\t<meta name=\"twitter:label2\" content=\"Tiempo de lectura\" \/>\n\t<meta name=\"twitter:data2\" content=\"3 minutos\" \/>\n<script type=\"application\/ld+json\" class=\"yoast-schema-graph\">{\"@context\":\"https:\/\/schema.org\",\"@graph\":[{\"@type\":\"Article\",\"@id\":\"https:\/\/www.pressenza.com\/es\/2009\/09\/iglesia-catxlica-venezolana-advierte-sobre-el-peligro-de-educacixn-que-procure-igualdad-de-oportunidades\/#article\",\"isPartOf\":{\"@id\":\"https:\/\/www.pressenza.com\/es\/2009\/09\/iglesia-catxlica-venezolana-advierte-sobre-el-peligro-de-educacixn-que-procure-igualdad-de-oportunidades\/\"},\"author\":{\"name\":\"Pressenza IPA\",\"@id\":\"https:\/\/www.pressenza.com\/es\/#\/schema\/person\/010e5d02bcf40965427a1289a4cc8d75\"},\"headline\":\"Iglesia Cat\u00f3lica venezolana advierte sobre el peligro de educaci\u00f3n que procure igualdad de oportunidades\",\"datePublished\":\"2009-09-03T00:00:00+00:00\",\"dateModified\":\"2009-09-28T05:01:04+00:00\",\"mainEntityOfPage\":{\"@id\":\"https:\/\/www.pressenza.com\/es\/2009\/09\/iglesia-catxlica-venezolana-advierte-sobre-el-peligro-de-educacixn-que-procure-igualdad-de-oportunidades\/\"},\"wordCount\":553,\"publisher\":{\"@id\":\"https:\/\/www.pressenza.com\/es\/#organization\"},\"articleSection\":[\"Cultura y Medios\",\"Internacional\",\"Sudam\u00e9rica\"],\"inLanguage\":\"es\"},{\"@type\":\"WebPage\",\"@id\":\"https:\/\/www.pressenza.com\/es\/2009\/09\/iglesia-catxlica-venezolana-advierte-sobre-el-peligro-de-educacixn-que-procure-igualdad-de-oportunidades\/\",\"url\":\"https:\/\/www.pressenza.com\/es\/2009\/09\/iglesia-catxlica-venezolana-advierte-sobre-el-peligro-de-educacixn-que-procure-igualdad-de-oportunidades\/\",\"name\":\"Iglesia Cat\u00f3lica venezolana advierte sobre el peligro de educaci\u00f3n que procure igualdad de oportunidades\",\"isPartOf\":{\"@id\":\"https:\/\/www.pressenza.com\/es\/#website\"},\"datePublished\":\"2009-09-03T00:00:00+00:00\",\"dateModified\":\"2009-09-28T05:01:04+00:00\",\"description\":\"Seg\u00fan el Arzobispo de Caracas, \u201dLos hijos de las familias pudientes est\u00e1n llamados a ir a las universidades, los ni\u00f1os que por su origen socioecon\u00f3mico tienen desventajas, deber ser educados en la diligencia, en el respeto hacia la autoridad y sobre todo en el mensaje cristiano del Amor\u201d, por lo que \u201cla Iglesia debe oponerse a todo intento por homogeneizar la educaci\u00f3n b\u00e1sica\u201d\",\"breadcrumb\":{\"@id\":\"https:\/\/www.pressenza.com\/es\/2009\/09\/iglesia-catxlica-venezolana-advierte-sobre-el-peligro-de-educacixn-que-procure-igualdad-de-oportunidades\/#breadcrumb\"},\"inLanguage\":\"es\",\"potentialAction\":[{\"@type\":\"ReadAction\",\"target\":[\"https:\/\/www.pressenza.com\/es\/2009\/09\/iglesia-catxlica-venezolana-advierte-sobre-el-peligro-de-educacixn-que-procure-igualdad-de-oportunidades\/\"]}]},{\"@type\":\"BreadcrumbList\",\"@id\":\"https:\/\/www.pressenza.com\/es\/2009\/09\/iglesia-catxlica-venezolana-advierte-sobre-el-peligro-de-educacixn-que-procure-igualdad-de-oportunidades\/#breadcrumb\",\"itemListElement\":[{\"@type\":\"ListItem\",\"position\":1,\"name\":\"Accueil\",\"item\":\"https:\/\/www.pressenza.com\/es\/\"},{\"@type\":\"ListItem\",\"position\":2,\"name\":\"Iglesia Cat\u00f3lica venezolana advierte sobre el peligro de educaci\u00f3n que procure igualdad de oportunidades\"}]},{\"@type\":\"WebSite\",\"@id\":\"https:\/\/www.pressenza.com\/es\/#website\",\"url\":\"https:\/\/www.pressenza.com\/es\/\",\"name\":\"Pressenza\",\"description\":\"International Press Agency\",\"publisher\":{\"@id\":\"https:\/\/www.pressenza.com\/es\/#organization\"},\"potentialAction\":[{\"@type\":\"SearchAction\",\"target\":{\"@type\":\"EntryPoint\",\"urlTemplate\":\"https:\/\/www.pressenza.com\/es\/?s={search_term_string}\"},\"query-input\":{\"@type\":\"PropertyValueSpecification\",\"valueRequired\":true,\"valueName\":\"search_term_string\"}}],\"inLanguage\":\"es\"},{\"@type\":\"Organization\",\"@id\":\"https:\/\/www.pressenza.com\/es\/#organization\",\"name\":\"Pressenza\",\"url\":\"https:\/\/www.pressenza.com\/es\/\",\"logo\":{\"@type\":\"ImageObject\",\"inLanguage\":\"es\",\"@id\":\"https:\/\/www.pressenza.com\/es\/#\/schema\/logo\/image\/\",\"url\":\"https:\/\/www.pressenza.com\/wp-content\/uploads\/2022\/10\/pressenza_logo_200x200.jpg\",\"contentUrl\":\"https:\/\/www.pressenza.com\/wp-content\/uploads\/2022\/10\/pressenza_logo_200x200.jpg\",\"width\":200,\"height\":200,\"caption\":\"Pressenza\"},\"image\":{\"@id\":\"https:\/\/www.pressenza.com\/es\/#\/schema\/logo\/image\/\"},\"sameAs\":[\"https:\/\/www.facebook.com\/PressenzaItalia\",\"https:\/\/x.com\/PressenzaIPA\"]},{\"@type\":\"Person\",\"@id\":\"https:\/\/www.pressenza.com\/es\/#\/schema\/person\/010e5d02bcf40965427a1289a4cc8d75\",\"name\":\"Pressenza IPA\",\"description\":\"News from Pressenza IPA correspondents\",\"sameAs\":[\"https:\/\/www.facebook.com\/pressenza\",\"https:\/\/x.com\/PressenzaIPA\"],\"url\":\"https:\/\/www.pressenza.com\/es\/author\/pressenza-ipa\/\"}]}<\/script>\n<!-- \/ Yoast SEO plugin. -->","yoast_head_json":{"title":"Iglesia Cat\u00f3lica venezolana advierte sobre el peligro de educaci\u00f3n que procure igualdad de oportunidades","description":"Seg\u00fan el Arzobispo de Caracas, \u201dLos hijos de las familias pudientes est\u00e1n llamados a ir a las universidades, los ni\u00f1os que por su origen socioecon\u00f3mico tienen desventajas, deber ser educados en la diligencia, en el respeto hacia la autoridad y sobre todo en el mensaje cristiano del Amor\u201d, por lo que \u201cla Iglesia debe oponerse a todo intento por homogeneizar la educaci\u00f3n b\u00e1sica\u201d","robots":{"index":"index","follow":"follow","max-snippet":"max-snippet:-1","max-image-preview":"max-image-preview:large","max-video-preview":"max-video-preview:-1"},"canonical":"https:\/\/www.pressenza.com\/es\/2009\/09\/iglesia-catxlica-venezolana-advierte-sobre-el-peligro-de-educacixn-que-procure-igualdad-de-oportunidades\/","og_locale":"es_ES","og_type":"article","og_title":"Iglesia Cat\u00f3lica venezolana advierte sobre el peligro de educaci\u00f3n que procure igualdad de oportunidades","og_description":"Seg\u00fan el Arzobispo de Caracas, \u201dLos hijos de las familias pudientes est\u00e1n llamados a ir a las universidades, los ni\u00f1os que por su origen socioecon\u00f3mico tienen desventajas, deber ser educados en la diligencia, en el respeto hacia la autoridad y sobre todo en el mensaje cristiano del Amor\u201d, por lo que \u201cla Iglesia debe oponerse a todo intento por homogeneizar la educaci\u00f3n b\u00e1sica\u201d","og_url":"https:\/\/www.pressenza.com\/es\/2009\/09\/iglesia-catxlica-venezolana-advierte-sobre-el-peligro-de-educacixn-que-procure-igualdad-de-oportunidades\/","og_site_name":"Pressenza","article_publisher":"https:\/\/www.facebook.com\/PressenzaItalia","article_author":"https:\/\/www.facebook.com\/pressenza","article_published_time":"2009-09-03T00:00:00+00:00","article_modified_time":"2009-09-28T05:01:04+00:00","author":"Pressenza IPA","twitter_card":"summary_large_image","twitter_creator":"@PressenzaIPA","twitter_site":"@PressenzaIPA","twitter_misc":{"Escrito por":"Pressenza IPA","Tiempo de lectura":"3 minutos"},"schema":{"@context":"https:\/\/schema.org","@graph":[{"@type":"Article","@id":"https:\/\/www.pressenza.com\/es\/2009\/09\/iglesia-catxlica-venezolana-advierte-sobre-el-peligro-de-educacixn-que-procure-igualdad-de-oportunidades\/#article","isPartOf":{"@id":"https:\/\/www.pressenza.com\/es\/2009\/09\/iglesia-catxlica-venezolana-advierte-sobre-el-peligro-de-educacixn-que-procure-igualdad-de-oportunidades\/"},"author":{"name":"Pressenza IPA","@id":"https:\/\/www.pressenza.com\/es\/#\/schema\/person\/010e5d02bcf40965427a1289a4cc8d75"},"headline":"Iglesia Cat\u00f3lica venezolana advierte sobre el peligro de educaci\u00f3n que procure igualdad de oportunidades","datePublished":"2009-09-03T00:00:00+00:00","dateModified":"2009-09-28T05:01:04+00:00","mainEntityOfPage":{"@id":"https:\/\/www.pressenza.com\/es\/2009\/09\/iglesia-catxlica-venezolana-advierte-sobre-el-peligro-de-educacixn-que-procure-igualdad-de-oportunidades\/"},"wordCount":553,"publisher":{"@id":"https:\/\/www.pressenza.com\/es\/#organization"},"articleSection":["Cultura y Medios","Internacional","Sudam\u00e9rica"],"inLanguage":"es"},{"@type":"WebPage","@id":"https:\/\/www.pressenza.com\/es\/2009\/09\/iglesia-catxlica-venezolana-advierte-sobre-el-peligro-de-educacixn-que-procure-igualdad-de-oportunidades\/","url":"https:\/\/www.pressenza.com\/es\/2009\/09\/iglesia-catxlica-venezolana-advierte-sobre-el-peligro-de-educacixn-que-procure-igualdad-de-oportunidades\/","name":"Iglesia Cat\u00f3lica venezolana advierte sobre el peligro de educaci\u00f3n que procure igualdad de oportunidades","isPartOf":{"@id":"https:\/\/www.pressenza.com\/es\/#website"},"datePublished":"2009-09-03T00:00:00+00:00","dateModified":"2009-09-28T05:01:04+00:00","description":"Seg\u00fan el Arzobispo de Caracas, \u201dLos hijos de las familias pudientes est\u00e1n llamados a ir a las universidades, los ni\u00f1os que por su origen socioecon\u00f3mico tienen desventajas, deber ser educados en la diligencia, en el respeto hacia la autoridad y sobre todo en el mensaje cristiano del Amor\u201d, por lo que \u201cla Iglesia debe oponerse a todo intento por homogeneizar la educaci\u00f3n b\u00e1sica\u201d","breadcrumb":{"@id":"https:\/\/www.pressenza.com\/es\/2009\/09\/iglesia-catxlica-venezolana-advierte-sobre-el-peligro-de-educacixn-que-procure-igualdad-de-oportunidades\/#breadcrumb"},"inLanguage":"es","potentialAction":[{"@type":"ReadAction","target":["https:\/\/www.pressenza.com\/es\/2009\/09\/iglesia-catxlica-venezolana-advierte-sobre-el-peligro-de-educacixn-que-procure-igualdad-de-oportunidades\/"]}]},{"@type":"BreadcrumbList","@id":"https:\/\/www.pressenza.com\/es\/2009\/09\/iglesia-catxlica-venezolana-advierte-sobre-el-peligro-de-educacixn-que-procure-igualdad-de-oportunidades\/#breadcrumb","itemListElement":[{"@type":"ListItem","position":1,"name":"Accueil","item":"https:\/\/www.pressenza.com\/es\/"},{"@type":"ListItem","position":2,"name":"Iglesia Cat\u00f3lica venezolana advierte sobre el peligro de educaci\u00f3n que procure igualdad de oportunidades"}]},{"@type":"WebSite","@id":"https:\/\/www.pressenza.com\/es\/#website","url":"https:\/\/www.pressenza.com\/es\/","name":"Pressenza","description":"International Press Agency","publisher":{"@id":"https:\/\/www.pressenza.com\/es\/#organization"},"potentialAction":[{"@type":"SearchAction","target":{"@type":"EntryPoint","urlTemplate":"https:\/\/www.pressenza.com\/es\/?s={search_term_string}"},"query-input":{"@type":"PropertyValueSpecification","valueRequired":true,"valueName":"search_term_string"}}],"inLanguage":"es"},{"@type":"Organization","@id":"https:\/\/www.pressenza.com\/es\/#organization","name":"Pressenza","url":"https:\/\/www.pressenza.com\/es\/","logo":{"@type":"ImageObject","inLanguage":"es","@id":"https:\/\/www.pressenza.com\/es\/#\/schema\/logo\/image\/","url":"https:\/\/www.pressenza.com\/wp-content\/uploads\/2022\/10\/pressenza_logo_200x200.jpg","contentUrl":"https:\/\/www.pressenza.com\/wp-content\/uploads\/2022\/10\/pressenza_logo_200x200.jpg","width":200,"height":200,"caption":"Pressenza"},"image":{"@id":"https:\/\/www.pressenza.com\/es\/#\/schema\/logo\/image\/"},"sameAs":["https:\/\/www.facebook.com\/PressenzaItalia","https:\/\/x.com\/PressenzaIPA"]},{"@type":"Person","@id":"https:\/\/www.pressenza.com\/es\/#\/schema\/person\/010e5d02bcf40965427a1289a4cc8d75","name":"Pressenza IPA","description":"News from Pressenza IPA correspondents","sameAs":["https:\/\/www.facebook.com\/pressenza","https:\/\/x.com\/PressenzaIPA"],"url":"https:\/\/www.pressenza.com\/es\/author\/pressenza-ipa\/"}]}},"place":"Caracas","original_article_url":"","_links":{"self":[{"href":"https:\/\/www.pressenza.com\/es\/wp-json\/wp\/v2\/posts\/1199","targetHints":{"allow":["GET"]}}],"collection":[{"href":"https:\/\/www.pressenza.com\/es\/wp-json\/wp\/v2\/posts"}],"about":[{"href":"https:\/\/www.pressenza.com\/es\/wp-json\/wp\/v2\/types\/post"}],"author":[{"embeddable":true,"href":"https:\/\/www.pressenza.com\/es\/wp-json\/wp\/v2\/users\/19"}],"replies":[{"embeddable":true,"href":"https:\/\/www.pressenza.com\/es\/wp-json\/wp\/v2\/comments?post=1199"}],"version-history":[{"count":0,"href":"https:\/\/www.pressenza.com\/es\/wp-json\/wp\/v2\/posts\/1199\/revisions"}],"wp:attachment":[{"href":"https:\/\/www.pressenza.com\/es\/wp-json\/wp\/v2\/media?parent=1199"}],"wp:term":[{"taxonomy":"category","embeddable":true,"href":"https:\/\/www.pressenza.com\/es\/wp-json\/wp\/v2\/categories?post=1199"},{"taxonomy":"post_tag","embeddable":true,"href":"https:\/\/www.pressenza.com\/es\/wp-json\/wp\/v2\/tags?post=1199"}],"curies":[{"name":"wp","href":"https:\/\/api.w.org\/{rel}","templated":true}]}}