{"id":1198516,"date":"2020-09-18T00:04:50","date_gmt":"2020-09-17T23:04:50","guid":{"rendered":"https:\/\/www.pressenza.com\/?p=1198516"},"modified":"2020-09-18T00:04:50","modified_gmt":"2020-09-17T23:04:50","slug":"oxfam-las-naciones-ricas-acaparan-mas-de-la-mitad-del-suministro-mundial-de-la-vacuna-contra-el-coronavirus","status":"publish","type":"post","link":"https:\/\/www.pressenza.com\/es\/2020\/09\/oxfam-las-naciones-ricas-acaparan-mas-de-la-mitad-del-suministro-mundial-de-la-vacuna-contra-el-coronavirus\/","title":{"rendered":"Oxfam: las naciones ricas acaparan m\u00e1s de la mitad del suministro mundial de la vacuna contra el coronavirus"},"content":{"rendered":"<p>A nivel mundial, los casos confirmados de coronavirus se acercan r\u00e1pidamente a los 30 millones, con m\u00e1s de 940.000 muertes registradas por COVID-19. En India se registraron casi 98.000 casos positivos en las \u00faltimas 24 horas, el mayor n\u00famero de casos en un d\u00eda para cualquier pa\u00eds desde el comienzo de la pandemia.<\/p>\n<p>Mientras tanto, Oxfam informa que un peque\u00f1o grupo de naciones ricas, que representan solo el 13% de la poblaci\u00f3n mundial, se ha asegurado contratos para obtener m\u00e1s de la mitad del futuro suministro mundial de vacunas contra el coronavirus. Oxfam advierte que esto podr\u00eda dejar a dos tercios de la poblaci\u00f3n mundial sin acceso a una vacuna hasta el a\u00f1o 2022 por lo menos.<\/p>\n","protected":false},"excerpt":{"rendered":"<p>A nivel mundial, los casos confirmados de coronavirus se acercan r\u00e1pidamente a los 30 millones, con m\u00e1s de 940.000 muertes registradas por COVID-19. En India se registraron casi 98.000 casos positivos en las \u00faltimas 24 horas, el mayor n\u00famero de&hellip;<\/p>\n","protected":false},"author":77,"featured_media":1198517,"comment_status":"closed","ping_status":"closed","sticky":false,"template":"","format":"standard","meta":{"footnotes":""},"categories":[39,1239],"tags":[73702,74192],"class_list":["post-1198516","post","type-post","status-publish","format-standard","has-post-thumbnail","hentry","category-internacional","category-salud","tag-crisis-de-coronavirus","tag-vacuna-covid-19"],"yoast_head":"<!-- This site is optimized with the Yoast SEO plugin v27.1.1 - https:\/\/yoast.com\/product\/yoast-seo-wordpress\/ -->\n<title>Oxfam: las naciones ricas acaparan m\u00e1s de la mitad del suministro mundial de la vacuna contra el coronavirus<\/title>\n<meta name=\"description\" content=\"Oxfam: las naciones ricas acaparan m\u00e1s de la mitad del suministro mundial de la vacuna contra el coronavirus\" \/>\n<meta name=\"robots\" content=\"index, follow, max-snippet:-1, max-image-preview:large, max-video-preview:-1\" \/>\n<link rel=\"canonical\" href=\"https:\/\/www.pressenza.com\/es\/2020\/09\/oxfam-las-naciones-ricas-acaparan-mas-de-la-mitad-del-suministro-mundial-de-la-vacuna-contra-el-coronavirus\/\" \/>\n<meta property=\"og:locale\" content=\"es_ES\" \/>\n<meta property=\"og:type\" content=\"article\" \/>\n<meta property=\"og:title\" content=\"Oxfam: las naciones ricas acaparan m\u00e1s de la mitad del suministro mundial de la vacuna contra el coronavirus\" \/>\n<meta property=\"og:description\" content=\"Oxfam: las naciones ricas acaparan m\u00e1s de la mitad del suministro mundial de la vacuna contra el coronavirus\" \/>\n<meta property=\"og:url\" content=\"https:\/\/www.pressenza.com\/es\/2020\/09\/oxfam-las-naciones-ricas-acaparan-mas-de-la-mitad-del-suministro-mundial-de-la-vacuna-contra-el-coronavirus\/\" \/>\n<meta property=\"og:site_name\" content=\"Pressenza\" \/>\n<meta property=\"article:publisher\" content=\"https:\/\/www.facebook.com\/PressenzaItalia\" \/>\n<meta property=\"article:author\" content=\"https:\/\/www.facebook.com\/democracynow\/?fref=ts\" \/>\n<meta property=\"article:published_time\" content=\"2020-09-17T23:04:50+00:00\" \/>\n<meta property=\"og:image\" content=\"https:\/\/www.pressenza.com\/wp-content\/uploads\/2020\/09\/MunicipValpo.jpg\" \/>\n\t<meta property=\"og:image:width\" content=\"1280\" \/>\n\t<meta property=\"og:image:height\" content=\"853\" \/>\n\t<meta property=\"og:image:type\" content=\"image\/jpeg\" \/>\n<meta name=\"author\" content=\"Democracy Now!\" \/>\n<meta name=\"twitter:card\" content=\"summary_large_image\" \/>\n<meta name=\"twitter:creator\" content=\"@democracynow\" \/>\n<meta name=\"twitter:site\" content=\"@PressenzaIPA\" \/>\n<meta name=\"twitter:label1\" content=\"Escrito por\" \/>\n\t<meta name=\"twitter:data1\" content=\"Democracy Now!\" \/>\n\t<meta name=\"twitter:label2\" content=\"Tiempo de lectura\" \/>\n\t<meta name=\"twitter:data2\" content=\"1 minuto\" \/>\n<script type=\"application\/ld+json\" class=\"yoast-schema-graph\">{\"@context\":\"https:\/\/schema.org\",\"@graph\":[{\"@type\":\"Article\",\"@id\":\"https:\/\/www.pressenza.com\/es\/2020\/09\/oxfam-las-naciones-ricas-acaparan-mas-de-la-mitad-del-suministro-mundial-de-la-vacuna-contra-el-coronavirus\/#article\",\"isPartOf\":{\"@id\":\"https:\/\/www.pressenza.com\/es\/2020\/09\/oxfam-las-naciones-ricas-acaparan-mas-de-la-mitad-del-suministro-mundial-de-la-vacuna-contra-el-coronavirus\/\"},\"author\":{\"name\":\"Democracy Now!\",\"@id\":\"https:\/\/www.pressenza.com\/es\/#\/schema\/person\/6dbfa31ebecf081166f6ed11c10f262c\"},\"headline\":\"Oxfam: las naciones ricas acaparan m\u00e1s de la mitad del suministro mundial de la vacuna contra el coronavirus\",\"datePublished\":\"2020-09-17T23:04:50+00:00\",\"mainEntityOfPage\":{\"@id\":\"https:\/\/www.pressenza.com\/es\/2020\/09\/oxfam-las-naciones-ricas-acaparan-mas-de-la-mitad-del-suministro-mundial-de-la-vacuna-contra-el-coronavirus\/\"},\"wordCount\":141,\"publisher\":{\"@id\":\"https:\/\/www.pressenza.com\/es\/#organization\"},\"image\":{\"@id\":\"https:\/\/www.pressenza.com\/es\/2020\/09\/oxfam-las-naciones-ricas-acaparan-mas-de-la-mitad-del-suministro-mundial-de-la-vacuna-contra-el-coronavirus\/#primaryimage\"},\"thumbnailUrl\":\"https:\/\/www.pressenza.com\/wp-content\/uploads\/2020\/09\/MunicipValpo.jpg\",\"keywords\":[\"Crisis de coronavirus\",\"vacuna covid-19\"],\"articleSection\":[\"Internacional\",\"Salud\"],\"inLanguage\":\"es\"},{\"@type\":\"WebPage\",\"@id\":\"https:\/\/www.pressenza.com\/es\/2020\/09\/oxfam-las-naciones-ricas-acaparan-mas-de-la-mitad-del-suministro-mundial-de-la-vacuna-contra-el-coronavirus\/\",\"url\":\"https:\/\/www.pressenza.com\/es\/2020\/09\/oxfam-las-naciones-ricas-acaparan-mas-de-la-mitad-del-suministro-mundial-de-la-vacuna-contra-el-coronavirus\/\",\"name\":\"Oxfam: las naciones ricas acaparan m\u00e1s de la mitad del suministro mundial de la vacuna contra el coronavirus\",\"isPartOf\":{\"@id\":\"https:\/\/www.pressenza.com\/es\/#website\"},\"primaryImageOfPage\":{\"@id\":\"https:\/\/www.pressenza.com\/es\/2020\/09\/oxfam-las-naciones-ricas-acaparan-mas-de-la-mitad-del-suministro-mundial-de-la-vacuna-contra-el-coronavirus\/#primaryimage\"},\"image\":{\"@id\":\"https:\/\/www.pressenza.com\/es\/2020\/09\/oxfam-las-naciones-ricas-acaparan-mas-de-la-mitad-del-suministro-mundial-de-la-vacuna-contra-el-coronavirus\/#primaryimage\"},\"thumbnailUrl\":\"https:\/\/www.pressenza.com\/wp-content\/uploads\/2020\/09\/MunicipValpo.jpg\",\"datePublished\":\"2020-09-17T23:04:50+00:00\",\"description\":\"Oxfam: las naciones ricas acaparan m\u00e1s de la mitad del suministro mundial de la vacuna contra el coronavirus\",\"breadcrumb\":{\"@id\":\"https:\/\/www.pressenza.com\/es\/2020\/09\/oxfam-las-naciones-ricas-acaparan-mas-de-la-mitad-del-suministro-mundial-de-la-vacuna-contra-el-coronavirus\/#breadcrumb\"},\"inLanguage\":\"es\",\"potentialAction\":[{\"@type\":\"ReadAction\",\"target\":[\"https:\/\/www.pressenza.com\/es\/2020\/09\/oxfam-las-naciones-ricas-acaparan-mas-de-la-mitad-del-suministro-mundial-de-la-vacuna-contra-el-coronavirus\/\"]}]},{\"@type\":\"ImageObject\",\"inLanguage\":\"es\",\"@id\":\"https:\/\/www.pressenza.com\/es\/2020\/09\/oxfam-las-naciones-ricas-acaparan-mas-de-la-mitad-del-suministro-mundial-de-la-vacuna-contra-el-coronavirus\/#primaryimage\",\"url\":\"https:\/\/www.pressenza.com\/wp-content\/uploads\/2020\/09\/MunicipValpo.jpg\",\"contentUrl\":\"https:\/\/www.pressenza.com\/wp-content\/uploads\/2020\/09\/MunicipValpo.jpg\",\"width\":1280,\"height\":853,\"caption\":\"laboratorio - Municipalidad de Valpara\u00edso\"},{\"@type\":\"BreadcrumbList\",\"@id\":\"https:\/\/www.pressenza.com\/es\/2020\/09\/oxfam-las-naciones-ricas-acaparan-mas-de-la-mitad-del-suministro-mundial-de-la-vacuna-contra-el-coronavirus\/#breadcrumb\",\"itemListElement\":[{\"@type\":\"ListItem\",\"position\":1,\"name\":\"Accueil\",\"item\":\"https:\/\/www.pressenza.com\/es\/\"},{\"@type\":\"ListItem\",\"position\":2,\"name\":\"Oxfam: las naciones ricas acaparan m\u00e1s de la mitad del suministro mundial de la vacuna contra el coronavirus\"}]},{\"@type\":\"WebSite\",\"@id\":\"https:\/\/www.pressenza.com\/es\/#website\",\"url\":\"https:\/\/www.pressenza.com\/es\/\",\"name\":\"Pressenza\",\"description\":\"International Press Agency\",\"publisher\":{\"@id\":\"https:\/\/www.pressenza.com\/es\/#organization\"},\"potentialAction\":[{\"@type\":\"SearchAction\",\"target\":{\"@type\":\"EntryPoint\",\"urlTemplate\":\"https:\/\/www.pressenza.com\/es\/?s={search_term_string}\"},\"query-input\":{\"@type\":\"PropertyValueSpecification\",\"valueRequired\":true,\"valueName\":\"search_term_string\"}}],\"inLanguage\":\"es\"},{\"@type\":\"Organization\",\"@id\":\"https:\/\/www.pressenza.com\/es\/#organization\",\"name\":\"Pressenza\",\"url\":\"https:\/\/www.pressenza.com\/es\/\",\"logo\":{\"@type\":\"ImageObject\",\"inLanguage\":\"es\",\"@id\":\"https:\/\/www.pressenza.com\/es\/#\/schema\/logo\/image\/\",\"url\":\"https:\/\/www.pressenza.com\/wp-content\/uploads\/2022\/10\/pressenza_logo_200x200.jpg\",\"contentUrl\":\"https:\/\/www.pressenza.com\/wp-content\/uploads\/2022\/10\/pressenza_logo_200x200.jpg\",\"width\":200,\"height\":200,\"caption\":\"Pressenza\"},\"image\":{\"@id\":\"https:\/\/www.pressenza.com\/es\/#\/schema\/logo\/image\/\"},\"sameAs\":[\"https:\/\/www.facebook.com\/PressenzaItalia\",\"https:\/\/x.com\/PressenzaIPA\"]},{\"@type\":\"Person\",\"@id\":\"https:\/\/www.pressenza.com\/es\/#\/schema\/person\/6dbfa31ebecf081166f6ed11c10f262c\",\"name\":\"Democracy Now!\",\"description\":\"Democracy Now! is a national, daily, independent, award-winning news program hosted by journalists Amy Goodman and Juan Gonzalez. www.democracynow.org\",\"sameAs\":[\"http:\/\/www.democracynow.org\",\"https:\/\/www.facebook.com\/democracynow\/?fref=ts\",\"https:\/\/x.com\/democracynow\"],\"url\":\"https:\/\/www.pressenza.com\/es\/author\/democracy-now\/\"}]}<\/script>\n<!-- \/ Yoast SEO plugin. -->","yoast_head_json":{"title":"Oxfam: las naciones ricas acaparan m\u00e1s de la mitad del suministro mundial de la vacuna contra el coronavirus","description":"Oxfam: las naciones ricas acaparan m\u00e1s de la mitad del suministro mundial de la vacuna contra el coronavirus","robots":{"index":"index","follow":"follow","max-snippet":"max-snippet:-1","max-image-preview":"max-image-preview:large","max-video-preview":"max-video-preview:-1"},"canonical":"https:\/\/www.pressenza.com\/es\/2020\/09\/oxfam-las-naciones-ricas-acaparan-mas-de-la-mitad-del-suministro-mundial-de-la-vacuna-contra-el-coronavirus\/","og_locale":"es_ES","og_type":"article","og_title":"Oxfam: las naciones ricas acaparan m\u00e1s de la mitad del suministro mundial de la vacuna contra el coronavirus","og_description":"Oxfam: las naciones ricas acaparan m\u00e1s de la mitad del suministro mundial de la vacuna contra el coronavirus","og_url":"https:\/\/www.pressenza.com\/es\/2020\/09\/oxfam-las-naciones-ricas-acaparan-mas-de-la-mitad-del-suministro-mundial-de-la-vacuna-contra-el-coronavirus\/","og_site_name":"Pressenza","article_publisher":"https:\/\/www.facebook.com\/PressenzaItalia","article_author":"https:\/\/www.facebook.com\/democracynow\/?fref=ts","article_published_time":"2020-09-17T23:04:50+00:00","og_image":[{"width":1280,"height":853,"url":"https:\/\/www.pressenza.com\/wp-content\/uploads\/2020\/09\/MunicipValpo.jpg","type":"image\/jpeg"}],"author":"Democracy Now!","twitter_card":"summary_large_image","twitter_creator":"@democracynow","twitter_site":"@PressenzaIPA","twitter_misc":{"Escrito por":"Democracy Now!","Tiempo de lectura":"1 minuto"},"schema":{"@context":"https:\/\/schema.org","@graph":[{"@type":"Article","@id":"https:\/\/www.pressenza.com\/es\/2020\/09\/oxfam-las-naciones-ricas-acaparan-mas-de-la-mitad-del-suministro-mundial-de-la-vacuna-contra-el-coronavirus\/#article","isPartOf":{"@id":"https:\/\/www.pressenza.com\/es\/2020\/09\/oxfam-las-naciones-ricas-acaparan-mas-de-la-mitad-del-suministro-mundial-de-la-vacuna-contra-el-coronavirus\/"},"author":{"name":"Democracy Now!","@id":"https:\/\/www.pressenza.com\/es\/#\/schema\/person\/6dbfa31ebecf081166f6ed11c10f262c"},"headline":"Oxfam: las naciones ricas acaparan m\u00e1s de la mitad del suministro mundial de la vacuna contra el coronavirus","datePublished":"2020-09-17T23:04:50+00:00","mainEntityOfPage":{"@id":"https:\/\/www.pressenza.com\/es\/2020\/09\/oxfam-las-naciones-ricas-acaparan-mas-de-la-mitad-del-suministro-mundial-de-la-vacuna-contra-el-coronavirus\/"},"wordCount":141,"publisher":{"@id":"https:\/\/www.pressenza.com\/es\/#organization"},"image":{"@id":"https:\/\/www.pressenza.com\/es\/2020\/09\/oxfam-las-naciones-ricas-acaparan-mas-de-la-mitad-del-suministro-mundial-de-la-vacuna-contra-el-coronavirus\/#primaryimage"},"thumbnailUrl":"https:\/\/www.pressenza.com\/wp-content\/uploads\/2020\/09\/MunicipValpo.jpg","keywords":["Crisis de coronavirus","vacuna covid-19"],"articleSection":["Internacional","Salud"],"inLanguage":"es"},{"@type":"WebPage","@id":"https:\/\/www.pressenza.com\/es\/2020\/09\/oxfam-las-naciones-ricas-acaparan-mas-de-la-mitad-del-suministro-mundial-de-la-vacuna-contra-el-coronavirus\/","url":"https:\/\/www.pressenza.com\/es\/2020\/09\/oxfam-las-naciones-ricas-acaparan-mas-de-la-mitad-del-suministro-mundial-de-la-vacuna-contra-el-coronavirus\/","name":"Oxfam: las naciones ricas acaparan m\u00e1s de la mitad del suministro mundial de la vacuna contra el coronavirus","isPartOf":{"@id":"https:\/\/www.pressenza.com\/es\/#website"},"primaryImageOfPage":{"@id":"https:\/\/www.pressenza.com\/es\/2020\/09\/oxfam-las-naciones-ricas-acaparan-mas-de-la-mitad-del-suministro-mundial-de-la-vacuna-contra-el-coronavirus\/#primaryimage"},"image":{"@id":"https:\/\/www.pressenza.com\/es\/2020\/09\/oxfam-las-naciones-ricas-acaparan-mas-de-la-mitad-del-suministro-mundial-de-la-vacuna-contra-el-coronavirus\/#primaryimage"},"thumbnailUrl":"https:\/\/www.pressenza.com\/wp-content\/uploads\/2020\/09\/MunicipValpo.jpg","datePublished":"2020-09-17T23:04:50+00:00","description":"Oxfam: las naciones ricas acaparan m\u00e1s de la mitad del suministro mundial de la vacuna contra el coronavirus","breadcrumb":{"@id":"https:\/\/www.pressenza.com\/es\/2020\/09\/oxfam-las-naciones-ricas-acaparan-mas-de-la-mitad-del-suministro-mundial-de-la-vacuna-contra-el-coronavirus\/#breadcrumb"},"inLanguage":"es","potentialAction":[{"@type":"ReadAction","target":["https:\/\/www.pressenza.com\/es\/2020\/09\/oxfam-las-naciones-ricas-acaparan-mas-de-la-mitad-del-suministro-mundial-de-la-vacuna-contra-el-coronavirus\/"]}]},{"@type":"ImageObject","inLanguage":"es","@id":"https:\/\/www.pressenza.com\/es\/2020\/09\/oxfam-las-naciones-ricas-acaparan-mas-de-la-mitad-del-suministro-mundial-de-la-vacuna-contra-el-coronavirus\/#primaryimage","url":"https:\/\/www.pressenza.com\/wp-content\/uploads\/2020\/09\/MunicipValpo.jpg","contentUrl":"https:\/\/www.pressenza.com\/wp-content\/uploads\/2020\/09\/MunicipValpo.jpg","width":1280,"height":853,"caption":"laboratorio - Municipalidad de Valpara\u00edso"},{"@type":"BreadcrumbList","@id":"https:\/\/www.pressenza.com\/es\/2020\/09\/oxfam-las-naciones-ricas-acaparan-mas-de-la-mitad-del-suministro-mundial-de-la-vacuna-contra-el-coronavirus\/#breadcrumb","itemListElement":[{"@type":"ListItem","position":1,"name":"Accueil","item":"https:\/\/www.pressenza.com\/es\/"},{"@type":"ListItem","position":2,"name":"Oxfam: las naciones ricas acaparan m\u00e1s de la mitad del suministro mundial de la vacuna contra el coronavirus"}]},{"@type":"WebSite","@id":"https:\/\/www.pressenza.com\/es\/#website","url":"https:\/\/www.pressenza.com\/es\/","name":"Pressenza","description":"International Press Agency","publisher":{"@id":"https:\/\/www.pressenza.com\/es\/#organization"},"potentialAction":[{"@type":"SearchAction","target":{"@type":"EntryPoint","urlTemplate":"https:\/\/www.pressenza.com\/es\/?s={search_term_string}"},"query-input":{"@type":"PropertyValueSpecification","valueRequired":true,"valueName":"search_term_string"}}],"inLanguage":"es"},{"@type":"Organization","@id":"https:\/\/www.pressenza.com\/es\/#organization","name":"Pressenza","url":"https:\/\/www.pressenza.com\/es\/","logo":{"@type":"ImageObject","inLanguage":"es","@id":"https:\/\/www.pressenza.com\/es\/#\/schema\/logo\/image\/","url":"https:\/\/www.pressenza.com\/wp-content\/uploads\/2022\/10\/pressenza_logo_200x200.jpg","contentUrl":"https:\/\/www.pressenza.com\/wp-content\/uploads\/2022\/10\/pressenza_logo_200x200.jpg","width":200,"height":200,"caption":"Pressenza"},"image":{"@id":"https:\/\/www.pressenza.com\/es\/#\/schema\/logo\/image\/"},"sameAs":["https:\/\/www.facebook.com\/PressenzaItalia","https:\/\/x.com\/PressenzaIPA"]},{"@type":"Person","@id":"https:\/\/www.pressenza.com\/es\/#\/schema\/person\/6dbfa31ebecf081166f6ed11c10f262c","name":"Democracy Now!","description":"Democracy Now! is a national, daily, independent, award-winning news program hosted by journalists Amy Goodman and Juan Gonzalez. www.democracynow.org","sameAs":["http:\/\/www.democracynow.org","https:\/\/www.facebook.com\/democracynow\/?fref=ts","https:\/\/x.com\/democracynow"],"url":"https:\/\/www.pressenza.com\/es\/author\/democracy-now\/"}]}},"place":"Nueva York","original_article_url":"","_links":{"self":[{"href":"https:\/\/www.pressenza.com\/es\/wp-json\/wp\/v2\/posts\/1198516","targetHints":{"allow":["GET"]}}],"collection":[{"href":"https:\/\/www.pressenza.com\/es\/wp-json\/wp\/v2\/posts"}],"about":[{"href":"https:\/\/www.pressenza.com\/es\/wp-json\/wp\/v2\/types\/post"}],"author":[{"embeddable":true,"href":"https:\/\/www.pressenza.com\/es\/wp-json\/wp\/v2\/users\/77"}],"replies":[{"embeddable":true,"href":"https:\/\/www.pressenza.com\/es\/wp-json\/wp\/v2\/comments?post=1198516"}],"version-history":[{"count":0,"href":"https:\/\/www.pressenza.com\/es\/wp-json\/wp\/v2\/posts\/1198516\/revisions"}],"wp:featuredmedia":[{"embeddable":true,"href":"https:\/\/www.pressenza.com\/es\/wp-json\/wp\/v2\/media\/1198517"}],"wp:attachment":[{"href":"https:\/\/www.pressenza.com\/es\/wp-json\/wp\/v2\/media?parent=1198516"}],"wp:term":[{"taxonomy":"category","embeddable":true,"href":"https:\/\/www.pressenza.com\/es\/wp-json\/wp\/v2\/categories?post=1198516"},{"taxonomy":"post_tag","embeddable":true,"href":"https:\/\/www.pressenza.com\/es\/wp-json\/wp\/v2\/tags?post=1198516"}],"curies":[{"name":"wp","href":"https:\/\/api.w.org\/{rel}","templated":true}]}}