{"id":1196799,"date":"2020-09-15T00:31:09","date_gmt":"2020-09-14T23:31:09","guid":{"rendered":"https:\/\/www.pressenza.com\/?p=1196799"},"modified":"2020-09-15T00:31:09","modified_gmt":"2020-09-14T23:31:09","slug":"que-va-a-pasar-en-chile","status":"publish","type":"post","link":"https:\/\/www.pressenza.com\/es\/2020\/09\/que-va-a-pasar-en-chile\/","title":{"rendered":"\u00bfQu\u00e9 va a pasar en Chile?"},"content":{"rendered":"<p>Titulamos esta columna con una de las consultas que m\u00e1s se nos hacen a los periodistas. Hay quienes conf\u00edan en que\u00a0 podemos entregar una respuesta algo m\u00e1s informada y con menos sesgo ideol\u00f3gico que la de otros observadores de la realidad. Sin embargo, predecir el futuro conlleva siempre un riesgo enorme, aunque est\u00e1 dentro de nuestra misi\u00f3n informativa alertar sobre lo que pueda suceder en cualquier \u00e1mbito de la vida.<\/p>\n<p>Pero es en pol\u00edtica donde se nos ponen las mayores exigencias, sobre todo en tiempos de tantas incertidumbres y problemas. Cu\u00e1ndo, adem\u00e1s, enfrentamos una pandemia que en Chile est\u00e1 determinando mucho lo que acontezca sobre el Plebiscito Constitucional convocado para octubre, as\u00ed como con el conjunto de comicios que le seguir\u00e1n para conformar una asamblea constituyente, elegir a los gobernadores regionales, renovar el Parlamento y tener un nuevo Presidente de la Rep\u00fablica.<\/p>\n<p>Los que tienen m\u00e1s remilgos hacia las decisiones ciudadanas conf\u00edan en los rebrotes del Covid 19, en la agudizaci\u00f3n de las protestas sociales y la conmoci\u00f3n que vive la Araucan\u00eda para plantear la idea de que todos estos procesos electorales debieran suspenderse. Pasado un nuevo aniversario del cruento golpe militar de 1973, la verdad es que el pa\u00eds ha vuelto a encenderse en demandas y protestas sociales y las llamadas fuerzas del orden se preparan para impedir los acontecimientos del 18 de octubre pasado. Casi todos aceptan que Chile definitivamente cambi\u00f3 desde ese d\u00eda y hoy el pueblo asume que solo con su movilizaci\u00f3n podr\u00e1 exigir un trabajo y salario justo, una pensi\u00f3n digna y la posibilidad de que el pa\u00eds supere la profunda inequidad que nos identifica. Adem\u00e1s de obtener ese conjunto de reformas educacionales y culturales tambi\u00e9n demandadas por la poblaci\u00f3n.<\/p>\n<p>A medida que pasan los meses y se debate sobre la posibilidad de una nueva Constituci\u00f3n, vamos entendiendo que al pa\u00eds se lo ha puesto ante una riesgosa trampa. Que, de no obtener los partidarios del \u201capruebo\u201d una representaci\u00f3n de m\u00e1s de un 70 o 75 por ciento de los miembros de la convenci\u00f3n constituyente, la derecha y los sectores m\u00e1s retardatarios podr\u00e1n ponerle muchos obst\u00e1culos a cada precepto de la nueva Carta Magna, por lo que no podemos descartar un severo conflicto social cuando el pinochetismo y sus herederos decidan ejercer su veto a las reformas acordadas mayoritariamente. Por lo mismo es que los sectores progresistas debieran ya estar organizados para defender su triunfo en el Plebiscito y velar porque los cambios realmente se impongan.<\/p>\n<p>Ser\u00e1n aproximadamente dos a\u00f1os en que las relaciones entre reformistas y retardatarios se har\u00e1n muy r\u00edspidas, adem\u00e1s de que no podemos dar por hecho que el Gobierno y el Parlamento vayan a conformarse con su papel de observadores y cumplan como mandatarios y garantes de lo que el pueblo y su convenci\u00f3n constituyente\u00a0 decidan. No existe esta cualidad en la conformaci\u00f3n autoritaria de las autoridades del pa\u00eds, en quienes se nutren de la Constituci\u00f3n de 1980 que cada a\u00f1o juran respetar. Lo que tambi\u00e9n explica la perpetuaci\u00f3n de los mismos en la conducci\u00f3n del Estado chileno, como la c\u00f3mplice connivencia de la clase pol\u00edtica en el Congreso Nacional.<\/p>\n<p>No es descartable, tampoco, que el Plebiscito y las siguientes consultas electorales sean invadidos por el cohecho, la millonaria propaganda electoral y otras pr\u00e1cticas ya institucionalizadas en nuestras pr\u00e1cticas electorales. As\u00ed como perfectamente podemos prever que el gran empresariado mover\u00e1 ingentes recursos para influir indebidamente en estos procesos, cuando los esc\u00e1ndalos por todos los sobornos a legisladores, partidos, jueces y otros funcionarios p\u00fablicos siguen sum\u00e1ndose a la larga lista de impunidades.<\/p>\n<p>Parece incre\u00edble que uno de los ex senadores derechistas imputado por recibir recursos desde las empresas haya reaparecido en la escena pol\u00edtica y otros de sus colegas, que pr\u00e1cticamente hab\u00edan desaparecido de los medios de comunicaci\u00f3n, hoy renueven cobertura en la televisi\u00f3n y la prensa, en un pa\u00eds que carece de la democr\u00e1tica diversidad medi\u00e1tica. Llegando no pocos a\u00a0 la desfachatez (tanto de derecha o izquierda) de proclamarse candidatos presidenciales a m\u00e1s de dos a\u00f1os de esta elecci\u00f3n.\u00a0 Anteponiendo, como lo hacen habitualmente,\u00a0 sus apetitos personales al curso pol\u00edtico y social de los acontecimientos.<\/p>\n<p>En efecto, cuando la crisis econ\u00f3mica es tan severa, a juzgar los altos niveles de desigualdad, desempleo, criminalidad y otras lacras, ya tenemos al menos siete u ocho figurines pol\u00edticos que intentan convertirse en presidenciales. Sin importarle un bledo sus graves desaciertos, su avanzada edad, su probada corruptibilidad, incluso un muy precario respaldo en las encuestas. Todo esto sin contar, todav\u00eda, las decenas de alcaldes que consideran que por su desempe\u00f1o durante la pandemia se merecen emigrar hacia el Parlamento o, incluso, ce\u00f1irse la Banda Presidencial. Para todos estos autodenominados \u201cservidores p\u00fablicos\u201d nada importa m\u00e1s que ellos mismos; una actitud bochornosa, por supuesto, pero tambi\u00e9n temeraria, si consideramos la ira popular que diariamente se alimenta con el p\u00e9simo desempe\u00f1o econ\u00f3mico social. Lo que nos ha llevado, de nuevo, a ser un pa\u00eds pobre y todav\u00eda m\u00e1s desigual que en el pasado. Al extremo que, seg\u00fan varios expertos, el pa\u00eds ha retrocedido por lo menos 10 a\u00f1os en relaci\u00f3n al objetivo de un crecimiento con m\u00e1s equidad.<\/p>\n<p>Ya se reconoce universalmente que Chile est\u00e1 entre las naciones del mundo que peor ha encarado el Covid 19, si se considera el n\u00famero de muertos en relaci\u00f3n al tama\u00f1o de nuestra poblaci\u00f3n. Seguramente lo que calculan estos potenciales candidatos es que el descr\u00e9dito solo afectar\u00e1 a La Moneda y a quien ha llegado a ser el gobernante de menos apoyo popular en el Continente. Un multimillonario megal\u00f3mano, acosado por las denuncias de enriquecimiento il\u00edcito y que debiera agradecerle solo a la crisis sanitaria mantenerse en La Moneda. Forzado, en su orfandad pol\u00edtica, a sumar como colaboradores a un ministro del Interior y a un Canciller de v\u00ednculos tortuosos con los grandes violadores de los Derechos Humanos durante la Dictadura.<\/p>\n<p>De prolongarse tal insolvencia pol\u00edtica y frustraci\u00f3n popular, llegaremos a un escenario de serias confrontaciones y, por qu\u00e9 descartarlo, sumirnos en una nueva y tr\u00e1gica guerra civil. Es cuesti\u00f3n de percibir lo que sucede en la Araucan\u00eda y revisar el recuento cotidiano de la radicalidad que ha adquirido el conflicto mapuche, una naci\u00f3n abusada m\u00e1s de cinco siglos por el colonialismo espa\u00f1ol y chileno y, ahora, verdaderamente acosado por la negligencia y el terrorismo de estado. Sin exageraci\u00f3n, se puede asegurar que estamos a un tris de que este conflicto y otros se extiendan por todo el territorio.<\/p>\n<p>Sin duda, el pa\u00eds est\u00e1 otra vez encima de un polvor\u00edn a causa de los abusos de las autoridades, la codicia empresarial y la cada vez m\u00e1s extensa discriminaci\u00f3n y marginalidad social.\u00a0 La chispa que encienda una nueva confrontaci\u00f3n fratricida perfectamente puede ser el intento que algunos ya expresan de deso\u00edr u obstaculizar la voluntad soberana. Tal como ha ocurrido en tantos y luctuosos acontecimientos de un Chile siempre m\u00e1s autoritario que democr\u00e1tico. Si contamos, entre tantos bochornosos ejemplos, la revoluci\u00f3n de 1891, las reiteradas masacres a trabajadores y estudiantes, la llamada Pacificaci\u00f3n de la Araucan\u00eda, el bombardeo a La Moneda y la forma en estos \u00faltimos a\u00f1os en que la clase pol\u00edtica se ha corrompido y dado la espalda a la sociedad civil.<\/p>\n<p>Qu\u00e9 duda cabe que la apat\u00eda electoral representa el desencanto del pueblo sobre el sistema que nos rige. Lo que ya no asegura que las autoridades puedan mantenerse en sus cargos sin contratiempos. Desde la Explosi\u00f3n Social el pa\u00eds entendi\u00f3 el valor y la fuerza del derecho a la rebeli\u00f3n.\u00a0 As\u00ed como comprob\u00f3 las\u00a0 flaquezas de las \u201cfuerzas del orden\u201d cuando son las multitudes las que se levantan con resoluci\u00f3n.<\/p>\n<p>Quisi\u00e9ramos que el pa\u00eds pueda salvarse de un nuevo vendaval\u00a0 pol\u00edtico y social pero, cuando me lo consultan, creo\u00a0 honesto responder que \u00e9ste se est\u00e1 haciendo inminente. Sobre todo por la profundizaci\u00f3n de las inequidades, como la descomposici\u00f3n \u00e9tica de los gobernantes.<\/p>\n","protected":false},"excerpt":{"rendered":"<p>Titulamos esta columna con una de las consultas que m\u00e1s se nos hacen a los periodistas. Hay quienes conf\u00edan en que\u00a0 podemos entregar una respuesta algo m\u00e1s informada y con menos sesgo ideol\u00f3gico que la de otros observadores de la&hellip;<\/p>\n","protected":false},"author":1739,"featured_media":1196806,"comment_status":"closed","ping_status":"closed","sticky":false,"template":"","format":"standard","meta":{"footnotes":""},"categories":[11389,161,74,67],"tags":[29,1344],"class_list":["post-1196799","post","type-post","status-publish","format-standard","has-post-thumbnail","hentry","category-contenido-original","category-opiniones","category-politica-es","category-sudamerica","tag-chile","tag-plebiscito"],"yoast_head":"<!-- This site is optimized with the Yoast SEO plugin v27.1.1 - https:\/\/yoast.com\/product\/yoast-seo-wordpress\/ -->\n<title>\u00bfQu\u00e9 va a pasar en Chile?<\/title>\n<meta name=\"description\" content=\"\u00bfQu\u00e9 va a pasar en Chile?\" \/>\n<meta name=\"robots\" content=\"index, follow, max-snippet:-1, max-image-preview:large, max-video-preview:-1\" \/>\n<link rel=\"canonical\" href=\"https:\/\/www.pressenza.com\/es\/2020\/09\/que-va-a-pasar-en-chile\/\" \/>\n<meta property=\"og:locale\" content=\"es_ES\" \/>\n<meta property=\"og:type\" content=\"article\" \/>\n<meta property=\"og:title\" content=\"\u00bfQu\u00e9 va a pasar en Chile?\" \/>\n<meta property=\"og:description\" content=\"\u00bfQu\u00e9 va a pasar en Chile?\" \/>\n<meta property=\"og:url\" content=\"https:\/\/www.pressenza.com\/es\/2020\/09\/que-va-a-pasar-en-chile\/\" \/>\n<meta property=\"og:site_name\" content=\"Pressenza\" \/>\n<meta property=\"article:publisher\" content=\"https:\/\/www.facebook.com\/PressenzaItalia\" \/>\n<meta property=\"article:published_time\" content=\"2020-09-14T23:31:09+00:00\" \/>\n<meta property=\"og:image\" content=\"https:\/\/www.pressenza.com\/wp-content\/uploads\/2020\/09\/5-2.jpeg\" \/>\n\t<meta property=\"og:image:width\" content=\"1280\" \/>\n\t<meta property=\"og:image:height\" content=\"719\" \/>\n\t<meta property=\"og:image:type\" content=\"image\/jpeg\" \/>\n<meta name=\"author\" content=\"Juan Pablo C\u00e1rdenas\" \/>\n<meta name=\"twitter:card\" content=\"summary_large_image\" \/>\n<meta name=\"twitter:creator\" content=\"@PressenzaIPA\" \/>\n<meta name=\"twitter:site\" content=\"@PressenzaIPA\" \/>\n<meta name=\"twitter:label1\" content=\"Escrito por\" \/>\n\t<meta name=\"twitter:data1\" content=\"Juan Pablo C\u00e1rdenas\" \/>\n\t<meta name=\"twitter:label2\" content=\"Tiempo de lectura\" \/>\n\t<meta name=\"twitter:data2\" content=\"7 minutos\" \/>\n<script type=\"application\/ld+json\" class=\"yoast-schema-graph\">{\"@context\":\"https:\/\/schema.org\",\"@graph\":[{\"@type\":\"Article\",\"@id\":\"https:\/\/www.pressenza.com\/es\/2020\/09\/que-va-a-pasar-en-chile\/#article\",\"isPartOf\":{\"@id\":\"https:\/\/www.pressenza.com\/es\/2020\/09\/que-va-a-pasar-en-chile\/\"},\"author\":{\"name\":\"Juan Pablo C\u00e1rdenas\",\"@id\":\"https:\/\/www.pressenza.com\/es\/#\/schema\/person\/d72a7c8c014dcbfa2ef9e9976103ea0d\"},\"headline\":\"\u00bfQu\u00e9 va a pasar en Chile?\",\"datePublished\":\"2020-09-14T23:31:09+00:00\",\"mainEntityOfPage\":{\"@id\":\"https:\/\/www.pressenza.com\/es\/2020\/09\/que-va-a-pasar-en-chile\/\"},\"wordCount\":1425,\"publisher\":{\"@id\":\"https:\/\/www.pressenza.com\/es\/#organization\"},\"image\":{\"@id\":\"https:\/\/www.pressenza.com\/es\/2020\/09\/que-va-a-pasar-en-chile\/#primaryimage\"},\"thumbnailUrl\":\"https:\/\/www.pressenza.com\/wp-content\/uploads\/2020\/09\/5-2.jpeg\",\"keywords\":[\"Chile\",\"Plebiscito\"],\"articleSection\":[\"Contenido Original\",\"Opiniones\",\"Pol\u00edtica\",\"Sudam\u00e9rica\"],\"inLanguage\":\"es\"},{\"@type\":\"WebPage\",\"@id\":\"https:\/\/www.pressenza.com\/es\/2020\/09\/que-va-a-pasar-en-chile\/\",\"url\":\"https:\/\/www.pressenza.com\/es\/2020\/09\/que-va-a-pasar-en-chile\/\",\"name\":\"\u00bfQu\u00e9 va a pasar en Chile?\",\"isPartOf\":{\"@id\":\"https:\/\/www.pressenza.com\/es\/#website\"},\"primaryImageOfPage\":{\"@id\":\"https:\/\/www.pressenza.com\/es\/2020\/09\/que-va-a-pasar-en-chile\/#primaryimage\"},\"image\":{\"@id\":\"https:\/\/www.pressenza.com\/es\/2020\/09\/que-va-a-pasar-en-chile\/#primaryimage\"},\"thumbnailUrl\":\"https:\/\/www.pressenza.com\/wp-content\/uploads\/2020\/09\/5-2.jpeg\",\"datePublished\":\"2020-09-14T23:31:09+00:00\",\"description\":\"\u00bfQu\u00e9 va a pasar en Chile?\",\"breadcrumb\":{\"@id\":\"https:\/\/www.pressenza.com\/es\/2020\/09\/que-va-a-pasar-en-chile\/#breadcrumb\"},\"inLanguage\":\"es\",\"potentialAction\":[{\"@type\":\"ReadAction\",\"target\":[\"https:\/\/www.pressenza.com\/es\/2020\/09\/que-va-a-pasar-en-chile\/\"]}]},{\"@type\":\"ImageObject\",\"inLanguage\":\"es\",\"@id\":\"https:\/\/www.pressenza.com\/es\/2020\/09\/que-va-a-pasar-en-chile\/#primaryimage\",\"url\":\"https:\/\/www.pressenza.com\/wp-content\/uploads\/2020\/09\/5-2.jpeg\",\"contentUrl\":\"https:\/\/www.pressenza.com\/wp-content\/uploads\/2020\/09\/5-2.jpeg\",\"width\":1280,\"height\":719,\"caption\":\"Claudia Aranda\"},{\"@type\":\"BreadcrumbList\",\"@id\":\"https:\/\/www.pressenza.com\/es\/2020\/09\/que-va-a-pasar-en-chile\/#breadcrumb\",\"itemListElement\":[{\"@type\":\"ListItem\",\"position\":1,\"name\":\"Accueil\",\"item\":\"https:\/\/www.pressenza.com\/es\/\"},{\"@type\":\"ListItem\",\"position\":2,\"name\":\"\u00bfQu\u00e9 va a pasar en Chile?\"}]},{\"@type\":\"WebSite\",\"@id\":\"https:\/\/www.pressenza.com\/es\/#website\",\"url\":\"https:\/\/www.pressenza.com\/es\/\",\"name\":\"Pressenza\",\"description\":\"International Press Agency\",\"publisher\":{\"@id\":\"https:\/\/www.pressenza.com\/es\/#organization\"},\"potentialAction\":[{\"@type\":\"SearchAction\",\"target\":{\"@type\":\"EntryPoint\",\"urlTemplate\":\"https:\/\/www.pressenza.com\/es\/?s={search_term_string}\"},\"query-input\":{\"@type\":\"PropertyValueSpecification\",\"valueRequired\":true,\"valueName\":\"search_term_string\"}}],\"inLanguage\":\"es\"},{\"@type\":\"Organization\",\"@id\":\"https:\/\/www.pressenza.com\/es\/#organization\",\"name\":\"Pressenza\",\"url\":\"https:\/\/www.pressenza.com\/es\/\",\"logo\":{\"@type\":\"ImageObject\",\"inLanguage\":\"es\",\"@id\":\"https:\/\/www.pressenza.com\/es\/#\/schema\/logo\/image\/\",\"url\":\"https:\/\/www.pressenza.com\/wp-content\/uploads\/2022\/10\/pressenza_logo_200x200.jpg\",\"contentUrl\":\"https:\/\/www.pressenza.com\/wp-content\/uploads\/2022\/10\/pressenza_logo_200x200.jpg\",\"width\":200,\"height\":200,\"caption\":\"Pressenza\"},\"image\":{\"@id\":\"https:\/\/www.pressenza.com\/es\/#\/schema\/logo\/image\/\"},\"sameAs\":[\"https:\/\/www.facebook.com\/PressenzaItalia\",\"https:\/\/x.com\/PressenzaIPA\"]},{\"@type\":\"Person\",\"@id\":\"https:\/\/www.pressenza.com\/es\/#\/schema\/person\/d72a7c8c014dcbfa2ef9e9976103ea0d\",\"name\":\"Juan Pablo C\u00e1rdenas\",\"description\":\"Juan Pablo C\u00e1rdenas Squella es un periodista y profesor universitario de vasta trayectoria. En el 2005 recibi\u00f3 en premio nacional de Periodismo y, antes, la Pluma de Oro de la Libertad, otorgada por la Federaci\u00f3n Mundial de la Prensa. Tambi\u00e9n obtuvo el Premio Latinoamericano de Periodismo, la Houten Camara de Holanda (1989) entre otras m\u00faltiples distinciones nacionales y extranjeras. Forma parte de los sesenta periodistas del mundo considerados H\u00e9roes de la Libertad de Expresi\u00f3n, reconocimiento hecho por la Federaci\u00f3n Internacional de Periodistas. Ha sido director y columnista de las revistas Debate Universitario, An\u00e1lisis y Los Tiempos, as\u00ed como del diario electr\u00f3nico primeral\u00ednea.cl. Tambi\u00e9n fue por m\u00e1s 18 a\u00f1os director de la Radio Universidad de Chile y de su diario digital. Se ha desempe\u00f1ado como profesor de varias escuelas de periodismo de Santiago y Valpara\u00edso y en la Universidad de Chile alcanz\u00f3 el grado de profesor titular y senador universitario.\",\"url\":\"https:\/\/www.pressenza.com\/es\/author\/juan-pablo-cardenas\/\"}]}<\/script>\n<!-- \/ Yoast SEO plugin. -->","yoast_head_json":{"title":"\u00bfQu\u00e9 va a pasar en Chile?","description":"\u00bfQu\u00e9 va a pasar en Chile?","robots":{"index":"index","follow":"follow","max-snippet":"max-snippet:-1","max-image-preview":"max-image-preview:large","max-video-preview":"max-video-preview:-1"},"canonical":"https:\/\/www.pressenza.com\/es\/2020\/09\/que-va-a-pasar-en-chile\/","og_locale":"es_ES","og_type":"article","og_title":"\u00bfQu\u00e9 va a pasar en Chile?","og_description":"\u00bfQu\u00e9 va a pasar en Chile?","og_url":"https:\/\/www.pressenza.com\/es\/2020\/09\/que-va-a-pasar-en-chile\/","og_site_name":"Pressenza","article_publisher":"https:\/\/www.facebook.com\/PressenzaItalia","article_published_time":"2020-09-14T23:31:09+00:00","og_image":[{"width":1280,"height":719,"url":"https:\/\/www.pressenza.com\/wp-content\/uploads\/2020\/09\/5-2.jpeg","type":"image\/jpeg"}],"author":"Juan Pablo C\u00e1rdenas","twitter_card":"summary_large_image","twitter_creator":"@PressenzaIPA","twitter_site":"@PressenzaIPA","twitter_misc":{"Escrito por":"Juan Pablo C\u00e1rdenas","Tiempo de lectura":"7 minutos"},"schema":{"@context":"https:\/\/schema.org","@graph":[{"@type":"Article","@id":"https:\/\/www.pressenza.com\/es\/2020\/09\/que-va-a-pasar-en-chile\/#article","isPartOf":{"@id":"https:\/\/www.pressenza.com\/es\/2020\/09\/que-va-a-pasar-en-chile\/"},"author":{"name":"Juan Pablo C\u00e1rdenas","@id":"https:\/\/www.pressenza.com\/es\/#\/schema\/person\/d72a7c8c014dcbfa2ef9e9976103ea0d"},"headline":"\u00bfQu\u00e9 va a pasar en Chile?","datePublished":"2020-09-14T23:31:09+00:00","mainEntityOfPage":{"@id":"https:\/\/www.pressenza.com\/es\/2020\/09\/que-va-a-pasar-en-chile\/"},"wordCount":1425,"publisher":{"@id":"https:\/\/www.pressenza.com\/es\/#organization"},"image":{"@id":"https:\/\/www.pressenza.com\/es\/2020\/09\/que-va-a-pasar-en-chile\/#primaryimage"},"thumbnailUrl":"https:\/\/www.pressenza.com\/wp-content\/uploads\/2020\/09\/5-2.jpeg","keywords":["Chile","Plebiscito"],"articleSection":["Contenido Original","Opiniones","Pol\u00edtica","Sudam\u00e9rica"],"inLanguage":"es"},{"@type":"WebPage","@id":"https:\/\/www.pressenza.com\/es\/2020\/09\/que-va-a-pasar-en-chile\/","url":"https:\/\/www.pressenza.com\/es\/2020\/09\/que-va-a-pasar-en-chile\/","name":"\u00bfQu\u00e9 va a pasar en Chile?","isPartOf":{"@id":"https:\/\/www.pressenza.com\/es\/#website"},"primaryImageOfPage":{"@id":"https:\/\/www.pressenza.com\/es\/2020\/09\/que-va-a-pasar-en-chile\/#primaryimage"},"image":{"@id":"https:\/\/www.pressenza.com\/es\/2020\/09\/que-va-a-pasar-en-chile\/#primaryimage"},"thumbnailUrl":"https:\/\/www.pressenza.com\/wp-content\/uploads\/2020\/09\/5-2.jpeg","datePublished":"2020-09-14T23:31:09+00:00","description":"\u00bfQu\u00e9 va a pasar en Chile?","breadcrumb":{"@id":"https:\/\/www.pressenza.com\/es\/2020\/09\/que-va-a-pasar-en-chile\/#breadcrumb"},"inLanguage":"es","potentialAction":[{"@type":"ReadAction","target":["https:\/\/www.pressenza.com\/es\/2020\/09\/que-va-a-pasar-en-chile\/"]}]},{"@type":"ImageObject","inLanguage":"es","@id":"https:\/\/www.pressenza.com\/es\/2020\/09\/que-va-a-pasar-en-chile\/#primaryimage","url":"https:\/\/www.pressenza.com\/wp-content\/uploads\/2020\/09\/5-2.jpeg","contentUrl":"https:\/\/www.pressenza.com\/wp-content\/uploads\/2020\/09\/5-2.jpeg","width":1280,"height":719,"caption":"Claudia Aranda"},{"@type":"BreadcrumbList","@id":"https:\/\/www.pressenza.com\/es\/2020\/09\/que-va-a-pasar-en-chile\/#breadcrumb","itemListElement":[{"@type":"ListItem","position":1,"name":"Accueil","item":"https:\/\/www.pressenza.com\/es\/"},{"@type":"ListItem","position":2,"name":"\u00bfQu\u00e9 va a pasar en Chile?"}]},{"@type":"WebSite","@id":"https:\/\/www.pressenza.com\/es\/#website","url":"https:\/\/www.pressenza.com\/es\/","name":"Pressenza","description":"International Press Agency","publisher":{"@id":"https:\/\/www.pressenza.com\/es\/#organization"},"potentialAction":[{"@type":"SearchAction","target":{"@type":"EntryPoint","urlTemplate":"https:\/\/www.pressenza.com\/es\/?s={search_term_string}"},"query-input":{"@type":"PropertyValueSpecification","valueRequired":true,"valueName":"search_term_string"}}],"inLanguage":"es"},{"@type":"Organization","@id":"https:\/\/www.pressenza.com\/es\/#organization","name":"Pressenza","url":"https:\/\/www.pressenza.com\/es\/","logo":{"@type":"ImageObject","inLanguage":"es","@id":"https:\/\/www.pressenza.com\/es\/#\/schema\/logo\/image\/","url":"https:\/\/www.pressenza.com\/wp-content\/uploads\/2022\/10\/pressenza_logo_200x200.jpg","contentUrl":"https:\/\/www.pressenza.com\/wp-content\/uploads\/2022\/10\/pressenza_logo_200x200.jpg","width":200,"height":200,"caption":"Pressenza"},"image":{"@id":"https:\/\/www.pressenza.com\/es\/#\/schema\/logo\/image\/"},"sameAs":["https:\/\/www.facebook.com\/PressenzaItalia","https:\/\/x.com\/PressenzaIPA"]},{"@type":"Person","@id":"https:\/\/www.pressenza.com\/es\/#\/schema\/person\/d72a7c8c014dcbfa2ef9e9976103ea0d","name":"Juan Pablo C\u00e1rdenas","description":"Juan Pablo C\u00e1rdenas Squella es un periodista y profesor universitario de vasta trayectoria. En el 2005 recibi\u00f3 en premio nacional de Periodismo y, antes, la Pluma de Oro de la Libertad, otorgada por la Federaci\u00f3n Mundial de la Prensa. Tambi\u00e9n obtuvo el Premio Latinoamericano de Periodismo, la Houten Camara de Holanda (1989) entre otras m\u00faltiples distinciones nacionales y extranjeras. Forma parte de los sesenta periodistas del mundo considerados H\u00e9roes de la Libertad de Expresi\u00f3n, reconocimiento hecho por la Federaci\u00f3n Internacional de Periodistas. Ha sido director y columnista de las revistas Debate Universitario, An\u00e1lisis y Los Tiempos, as\u00ed como del diario electr\u00f3nico primeral\u00ednea.cl. Tambi\u00e9n fue por m\u00e1s 18 a\u00f1os director de la Radio Universidad de Chile y de su diario digital. Se ha desempe\u00f1ado como profesor de varias escuelas de periodismo de Santiago y Valpara\u00edso y en la Universidad de Chile alcanz\u00f3 el grado de profesor titular y senador universitario.","url":"https:\/\/www.pressenza.com\/es\/author\/juan-pablo-cardenas\/"}]}},"place":"Santiago de Chile","original_article_url":"","_links":{"self":[{"href":"https:\/\/www.pressenza.com\/es\/wp-json\/wp\/v2\/posts\/1196799","targetHints":{"allow":["GET"]}}],"collection":[{"href":"https:\/\/www.pressenza.com\/es\/wp-json\/wp\/v2\/posts"}],"about":[{"href":"https:\/\/www.pressenza.com\/es\/wp-json\/wp\/v2\/types\/post"}],"author":[{"embeddable":true,"href":"https:\/\/www.pressenza.com\/es\/wp-json\/wp\/v2\/users\/1739"}],"replies":[{"embeddable":true,"href":"https:\/\/www.pressenza.com\/es\/wp-json\/wp\/v2\/comments?post=1196799"}],"version-history":[{"count":0,"href":"https:\/\/www.pressenza.com\/es\/wp-json\/wp\/v2\/posts\/1196799\/revisions"}],"wp:featuredmedia":[{"embeddable":true,"href":"https:\/\/www.pressenza.com\/es\/wp-json\/wp\/v2\/media\/1196806"}],"wp:attachment":[{"href":"https:\/\/www.pressenza.com\/es\/wp-json\/wp\/v2\/media?parent=1196799"}],"wp:term":[{"taxonomy":"category","embeddable":true,"href":"https:\/\/www.pressenza.com\/es\/wp-json\/wp\/v2\/categories?post=1196799"},{"taxonomy":"post_tag","embeddable":true,"href":"https:\/\/www.pressenza.com\/es\/wp-json\/wp\/v2\/tags?post=1196799"}],"curies":[{"name":"wp","href":"https:\/\/api.w.org\/{rel}","templated":true}]}}