{"id":1191612,"date":"2020-09-08T03:12:54","date_gmt":"2020-09-08T02:12:54","guid":{"rendered":"https:\/\/www.pressenza.com\/?p=1191612"},"modified":"2020-09-08T03:22:00","modified_gmt":"2020-09-08T02:22:00","slug":"el-mundo-exige-paz-conferencia-internacional-por-la-implementacion-del-acuerdo-final-de-paz","status":"publish","type":"post","link":"https:\/\/www.pressenza.com\/es\/2020\/09\/el-mundo-exige-paz-conferencia-internacional-por-la-implementacion-del-acuerdo-final-de-paz\/","title":{"rendered":"El mundo Exige Paz: Conferencia Internacional por la Implementaci\u00f3n del Acuerdo Final de Paz"},"content":{"rendered":"<p>La platafoma colombiana Defendamos La Paz, con sus cap\u00edtulos nacional e internacional, avanza en la organizaci\u00f3n de la Conferencia Internacional por la Implementaci\u00f3n del Acuerdo Final de Paz, programada para el pr\u00f3ximo 26 de septiembre. En este importante encuentro se abordar\u00e1n el asesinato de l\u00edderes sociales y excombatientes, el funcionamiento del sistema de justicia transicional, la reincorporaci\u00f3n y la inversi\u00f3n en las zonas con <a href=\"https:\/\/www.renovacionterritorio.gov.co\/especiales\/especial_PDET\/\">Programas de Desarrollo de Enfoque Territorial<\/a>, m\u00e1s conocidas como PDET.<\/p>\n<p>A esta conferencia se invit\u00f3 desde el pasado 24 de agosto al presidente Iv\u00e1n Duque, con el fin de establecer un di\u00e1logo franco y respetuoso sobre avances y tareas pendientes de la implementaci\u00f3n. En la conferencia intervendr\u00e1n algunos Premios N\u00f3bel de Paz, entre los que se encuentran Juan Manuel Santos y Jos\u00e9 Ramos Horta; la Comisi\u00f3n de Notables; congresistas norteamericanos y europeos, exnegociadores del proceso de paz, la misi\u00f3n de verificaci\u00f3n de Naciones Unidas, el Sistema de Verdad Justicia Reparaci\u00f3n y no Repetici\u00f3n, la comunidad internacional acreditada en Colombia, organizaciones, l\u00edderes sociales y de v\u00edctimas, en las que se reiterar\u00e1 la necesidad que las partes firmantes cumplan el acuerdo.<\/p>\n<p>El 26 de septiembre se cumplir\u00e1n cuatro a\u00f1os de la firma del acuerdo de paz en la ciudad de Cartagena de Indias y la conferencia ser\u00e1 transmitida por las redes sociales de Defendamos la Paz a partir de las 9 am. La semana del 15 de septiembre se dar\u00e1 a conocer la programaci\u00f3n completa del evento y desde Pressenza estaremos pendientes para compartirla con nuestros lectores.<\/p>\n<p>Redes sociales de Defendamos la Paz:<\/p>\n<p>Fecebook: https:\/\/www.facebook.com\/DefendamosLaPazColombia<\/p>\n<p>Twitter: @DefendamosPaz<\/p>\n<p><a href=\"https:\/\/www.facebook.com\/watch\/?v=1182832578741459&amp;extid=dqOoQQlsZ0ZuZrBF\">Aqu\u00ed podr\u00e1n ver el evento de lanzamiento completo de esta iniciativa\u00a0<\/a> en la que participaron el ex candidato presidencia y jefe de la delegaci\u00f3n del gobierno en las negociaciones de La Habana, Humberto de la Calle, el ex ministro Juan Fernando Cristo, el senador Iv\u00e1n Cepeda Castro y Rodrigo Londo\u00f1o por el partido FARC.<\/p>\n","protected":false},"excerpt":{"rendered":"<p>La platafoma colombiana Defendamos La Paz, con sus cap\u00edtulos nacional e internacional, avanza en la organizaci\u00f3n de la Conferencia Internacional por la Implementaci\u00f3n del Acuerdo Final de Paz, programada para el pr\u00f3ximo 26 de septiembre. En este importante encuentro se&hellip;<\/p>\n","protected":false},"author":1053,"featured_media":1191625,"comment_status":"closed","ping_status":"closed","sticky":false,"template":"","format":"standard","meta":{"footnotes":""},"categories":[11389,79],"tags":[19409,30,29378,61930,81094,81093,16247,81095,419,68571],"class_list":["post-1191612","post","type-post","status-publish","format-standard","has-post-thumbnail","hentry","category-contenido-original","category-derechos-humanos","tag-acuerdo-de-paz","tag-colombia","tag-conferencia-por-la-paz","tag-defendamos-la-paz","tag-huberto-de-la-calle","tag-implentacion-de-los-acuerdos","tag-ivan-cepeda","tag-juan-fernando-cristo","tag-paz","tag-rodrigo-londono"],"yoast_head":"<!-- This site is optimized with the Yoast SEO plugin v27.1.1 - https:\/\/yoast.com\/product\/yoast-seo-wordpress\/ -->\n<title>El mundo Exige Paz: Conferencia Internacional por la Implementaci\u00f3n del Acuerdo Final de Paz<\/title>\n<meta name=\"description\" content=\"La platafoma colombiana Defendamos La Paz, con sus cap\u00edtulos nacional e internacional, avanza en la organizaci\u00f3n de la Conferencia Internacional por la\" \/>\n<meta name=\"robots\" content=\"index, follow, max-snippet:-1, max-image-preview:large, max-video-preview:-1\" \/>\n<link rel=\"canonical\" href=\"https:\/\/www.pressenza.com\/es\/2020\/09\/el-mundo-exige-paz-conferencia-internacional-por-la-implementacion-del-acuerdo-final-de-paz\/\" \/>\n<meta property=\"og:locale\" content=\"es_ES\" \/>\n<meta property=\"og:type\" content=\"article\" \/>\n<meta property=\"og:title\" content=\"El mundo Exige Paz: Conferencia Internacional por la Implementaci\u00f3n del Acuerdo Final de Paz\" \/>\n<meta property=\"og:description\" content=\"La platafoma colombiana Defendamos La Paz, con sus cap\u00edtulos nacional e internacional, avanza en la organizaci\u00f3n de la Conferencia Internacional por la\" \/>\n<meta property=\"og:url\" content=\"https:\/\/www.pressenza.com\/es\/2020\/09\/el-mundo-exige-paz-conferencia-internacional-por-la-implementacion-del-acuerdo-final-de-paz\/\" \/>\n<meta property=\"og:site_name\" content=\"Pressenza\" \/>\n<meta property=\"article:publisher\" content=\"https:\/\/www.facebook.com\/PressenzaItalia\" \/>\n<meta property=\"article:published_time\" content=\"2020-09-08T02:12:54+00:00\" \/>\n<meta property=\"article:modified_time\" content=\"2020-09-08T02:22:00+00:00\" \/>\n<meta property=\"og:image\" content=\"https:\/\/www.pressenza.com\/wp-content\/uploads\/2020\/09\/Encuentro_Internacional_por_la_Paz-1.jpg\" \/>\n\t<meta property=\"og:image:width\" content=\"1280\" \/>\n\t<meta property=\"og:image:height\" content=\"653\" \/>\n\t<meta property=\"og:image:type\" content=\"image\/jpeg\" \/>\n<meta name=\"author\" content=\"Redacci\u00f3n Colombia\" \/>\n<meta name=\"twitter:card\" content=\"summary_large_image\" \/>\n<meta name=\"twitter:creator\" content=\"@PressenzaIPA\" \/>\n<meta name=\"twitter:site\" content=\"@PressenzaIPA\" \/>\n<meta name=\"twitter:label1\" content=\"Escrito por\" \/>\n\t<meta name=\"twitter:data1\" content=\"Redacci\u00f3n Colombia\" \/>\n\t<meta name=\"twitter:label2\" content=\"Tiempo de lectura\" \/>\n\t<meta name=\"twitter:data2\" content=\"2 minutos\" \/>\n<script type=\"application\/ld+json\" class=\"yoast-schema-graph\">{\"@context\":\"https:\/\/schema.org\",\"@graph\":[{\"@type\":\"Article\",\"@id\":\"https:\/\/www.pressenza.com\/es\/2020\/09\/el-mundo-exige-paz-conferencia-internacional-por-la-implementacion-del-acuerdo-final-de-paz\/#article\",\"isPartOf\":{\"@id\":\"https:\/\/www.pressenza.com\/es\/2020\/09\/el-mundo-exige-paz-conferencia-internacional-por-la-implementacion-del-acuerdo-final-de-paz\/\"},\"author\":{\"name\":\"Redacci\u00f3n Colombia\",\"@id\":\"https:\/\/www.pressenza.com\/es\/#\/schema\/person\/7c8ee170a4502d638436c91e385315f2\"},\"headline\":\"El mundo Exige Paz: Conferencia Internacional por la Implementaci\u00f3n del Acuerdo Final de Paz\",\"datePublished\":\"2020-09-08T02:12:54+00:00\",\"dateModified\":\"2020-09-08T02:22:00+00:00\",\"mainEntityOfPage\":{\"@id\":\"https:\/\/www.pressenza.com\/es\/2020\/09\/el-mundo-exige-paz-conferencia-internacional-por-la-implementacion-del-acuerdo-final-de-paz\/\"},\"wordCount\":355,\"publisher\":{\"@id\":\"https:\/\/www.pressenza.com\/es\/#organization\"},\"image\":{\"@id\":\"https:\/\/www.pressenza.com\/es\/2020\/09\/el-mundo-exige-paz-conferencia-internacional-por-la-implementacion-del-acuerdo-final-de-paz\/#primaryimage\"},\"thumbnailUrl\":\"https:\/\/www.pressenza.com\/wp-content\/uploads\/2020\/09\/Encuentro_Internacional_por_la_Paz-1.jpg\",\"keywords\":[\"Acuerdo de paz\",\"Colombia\",\"conferencia por la paz\",\"Defendamos la paz\",\"Huberto de la Calle\",\"Implentaci\u00f3n de los Acuerdos\",\"Iv\u00e1n Cepeda\",\"Juan Fernando Cristo\",\"Paz\",\"Rodrigo Londo\u00f1o\"],\"articleSection\":[\"Contenido Original\",\"Derechos Humanos\"],\"inLanguage\":\"es\"},{\"@type\":\"WebPage\",\"@id\":\"https:\/\/www.pressenza.com\/es\/2020\/09\/el-mundo-exige-paz-conferencia-internacional-por-la-implementacion-del-acuerdo-final-de-paz\/\",\"url\":\"https:\/\/www.pressenza.com\/es\/2020\/09\/el-mundo-exige-paz-conferencia-internacional-por-la-implementacion-del-acuerdo-final-de-paz\/\",\"name\":\"El mundo Exige Paz: Conferencia Internacional por la Implementaci\u00f3n del Acuerdo Final de Paz\",\"isPartOf\":{\"@id\":\"https:\/\/www.pressenza.com\/es\/#website\"},\"primaryImageOfPage\":{\"@id\":\"https:\/\/www.pressenza.com\/es\/2020\/09\/el-mundo-exige-paz-conferencia-internacional-por-la-implementacion-del-acuerdo-final-de-paz\/#primaryimage\"},\"image\":{\"@id\":\"https:\/\/www.pressenza.com\/es\/2020\/09\/el-mundo-exige-paz-conferencia-internacional-por-la-implementacion-del-acuerdo-final-de-paz\/#primaryimage\"},\"thumbnailUrl\":\"https:\/\/www.pressenza.com\/wp-content\/uploads\/2020\/09\/Encuentro_Internacional_por_la_Paz-1.jpg\",\"datePublished\":\"2020-09-08T02:12:54+00:00\",\"dateModified\":\"2020-09-08T02:22:00+00:00\",\"description\":\"La platafoma colombiana Defendamos La Paz, con sus cap\u00edtulos nacional e internacional, avanza en la organizaci\u00f3n de la Conferencia Internacional por la\",\"breadcrumb\":{\"@id\":\"https:\/\/www.pressenza.com\/es\/2020\/09\/el-mundo-exige-paz-conferencia-internacional-por-la-implementacion-del-acuerdo-final-de-paz\/#breadcrumb\"},\"inLanguage\":\"es\",\"potentialAction\":[{\"@type\":\"ReadAction\",\"target\":[\"https:\/\/www.pressenza.com\/es\/2020\/09\/el-mundo-exige-paz-conferencia-internacional-por-la-implementacion-del-acuerdo-final-de-paz\/\"]}]},{\"@type\":\"ImageObject\",\"inLanguage\":\"es\",\"@id\":\"https:\/\/www.pressenza.com\/es\/2020\/09\/el-mundo-exige-paz-conferencia-internacional-por-la-implementacion-del-acuerdo-final-de-paz\/#primaryimage\",\"url\":\"https:\/\/www.pressenza.com\/wp-content\/uploads\/2020\/09\/Encuentro_Internacional_por_la_Paz-1.jpg\",\"contentUrl\":\"https:\/\/www.pressenza.com\/wp-content\/uploads\/2020\/09\/Encuentro_Internacional_por_la_Paz-1.jpg\",\"width\":1280,\"height\":653,\"caption\":\"Encuentro_Internacional_por_la_Paz\"},{\"@type\":\"BreadcrumbList\",\"@id\":\"https:\/\/www.pressenza.com\/es\/2020\/09\/el-mundo-exige-paz-conferencia-internacional-por-la-implementacion-del-acuerdo-final-de-paz\/#breadcrumb\",\"itemListElement\":[{\"@type\":\"ListItem\",\"position\":1,\"name\":\"Accueil\",\"item\":\"https:\/\/www.pressenza.com\/es\/\"},{\"@type\":\"ListItem\",\"position\":2,\"name\":\"El mundo Exige Paz: Conferencia Internacional por la Implementaci\u00f3n del Acuerdo Final de Paz\"}]},{\"@type\":\"WebSite\",\"@id\":\"https:\/\/www.pressenza.com\/es\/#website\",\"url\":\"https:\/\/www.pressenza.com\/es\/\",\"name\":\"Pressenza\",\"description\":\"International Press Agency\",\"publisher\":{\"@id\":\"https:\/\/www.pressenza.com\/es\/#organization\"},\"potentialAction\":[{\"@type\":\"SearchAction\",\"target\":{\"@type\":\"EntryPoint\",\"urlTemplate\":\"https:\/\/www.pressenza.com\/es\/?s={search_term_string}\"},\"query-input\":{\"@type\":\"PropertyValueSpecification\",\"valueRequired\":true,\"valueName\":\"search_term_string\"}}],\"inLanguage\":\"es\"},{\"@type\":\"Organization\",\"@id\":\"https:\/\/www.pressenza.com\/es\/#organization\",\"name\":\"Pressenza\",\"url\":\"https:\/\/www.pressenza.com\/es\/\",\"logo\":{\"@type\":\"ImageObject\",\"inLanguage\":\"es\",\"@id\":\"https:\/\/www.pressenza.com\/es\/#\/schema\/logo\/image\/\",\"url\":\"https:\/\/www.pressenza.com\/wp-content\/uploads\/2022\/10\/pressenza_logo_200x200.jpg\",\"contentUrl\":\"https:\/\/www.pressenza.com\/wp-content\/uploads\/2022\/10\/pressenza_logo_200x200.jpg\",\"width\":200,\"height\":200,\"caption\":\"Pressenza\"},\"image\":{\"@id\":\"https:\/\/www.pressenza.com\/es\/#\/schema\/logo\/image\/\"},\"sameAs\":[\"https:\/\/www.facebook.com\/PressenzaItalia\",\"https:\/\/x.com\/PressenzaIPA\"]},{\"@type\":\"Person\",\"@id\":\"https:\/\/www.pressenza.com\/es\/#\/schema\/person\/7c8ee170a4502d638436c91e385315f2\",\"name\":\"Redacci\u00f3n Colombia\",\"description\":\"News published by the Pressenza bureau in Colombia\",\"url\":\"https:\/\/www.pressenza.com\/es\/author\/redaccion-colombia\/\"}]}<\/script>\n<!-- \/ Yoast SEO plugin. -->","yoast_head_json":{"title":"El mundo Exige Paz: Conferencia Internacional por la Implementaci\u00f3n del Acuerdo Final de Paz","description":"La platafoma colombiana Defendamos La Paz, con sus cap\u00edtulos nacional e internacional, avanza en la organizaci\u00f3n de la Conferencia Internacional por la","robots":{"index":"index","follow":"follow","max-snippet":"max-snippet:-1","max-image-preview":"max-image-preview:large","max-video-preview":"max-video-preview:-1"},"canonical":"https:\/\/www.pressenza.com\/es\/2020\/09\/el-mundo-exige-paz-conferencia-internacional-por-la-implementacion-del-acuerdo-final-de-paz\/","og_locale":"es_ES","og_type":"article","og_title":"El mundo Exige Paz: Conferencia Internacional por la Implementaci\u00f3n del Acuerdo Final de Paz","og_description":"La platafoma colombiana Defendamos La Paz, con sus cap\u00edtulos nacional e internacional, avanza en la organizaci\u00f3n de la Conferencia Internacional por la","og_url":"https:\/\/www.pressenza.com\/es\/2020\/09\/el-mundo-exige-paz-conferencia-internacional-por-la-implementacion-del-acuerdo-final-de-paz\/","og_site_name":"Pressenza","article_publisher":"https:\/\/www.facebook.com\/PressenzaItalia","article_published_time":"2020-09-08T02:12:54+00:00","article_modified_time":"2020-09-08T02:22:00+00:00","og_image":[{"width":1280,"height":653,"url":"https:\/\/www.pressenza.com\/wp-content\/uploads\/2020\/09\/Encuentro_Internacional_por_la_Paz-1.jpg","type":"image\/jpeg"}],"author":"Redacci\u00f3n Colombia","twitter_card":"summary_large_image","twitter_creator":"@PressenzaIPA","twitter_site":"@PressenzaIPA","twitter_misc":{"Escrito por":"Redacci\u00f3n Colombia","Tiempo de lectura":"2 minutos"},"schema":{"@context":"https:\/\/schema.org","@graph":[{"@type":"Article","@id":"https:\/\/www.pressenza.com\/es\/2020\/09\/el-mundo-exige-paz-conferencia-internacional-por-la-implementacion-del-acuerdo-final-de-paz\/#article","isPartOf":{"@id":"https:\/\/www.pressenza.com\/es\/2020\/09\/el-mundo-exige-paz-conferencia-internacional-por-la-implementacion-del-acuerdo-final-de-paz\/"},"author":{"name":"Redacci\u00f3n Colombia","@id":"https:\/\/www.pressenza.com\/es\/#\/schema\/person\/7c8ee170a4502d638436c91e385315f2"},"headline":"El mundo Exige Paz: Conferencia Internacional por la Implementaci\u00f3n del Acuerdo Final de Paz","datePublished":"2020-09-08T02:12:54+00:00","dateModified":"2020-09-08T02:22:00+00:00","mainEntityOfPage":{"@id":"https:\/\/www.pressenza.com\/es\/2020\/09\/el-mundo-exige-paz-conferencia-internacional-por-la-implementacion-del-acuerdo-final-de-paz\/"},"wordCount":355,"publisher":{"@id":"https:\/\/www.pressenza.com\/es\/#organization"},"image":{"@id":"https:\/\/www.pressenza.com\/es\/2020\/09\/el-mundo-exige-paz-conferencia-internacional-por-la-implementacion-del-acuerdo-final-de-paz\/#primaryimage"},"thumbnailUrl":"https:\/\/www.pressenza.com\/wp-content\/uploads\/2020\/09\/Encuentro_Internacional_por_la_Paz-1.jpg","keywords":["Acuerdo de paz","Colombia","conferencia por la paz","Defendamos la paz","Huberto de la Calle","Implentaci\u00f3n de los Acuerdos","Iv\u00e1n Cepeda","Juan Fernando Cristo","Paz","Rodrigo Londo\u00f1o"],"articleSection":["Contenido Original","Derechos Humanos"],"inLanguage":"es"},{"@type":"WebPage","@id":"https:\/\/www.pressenza.com\/es\/2020\/09\/el-mundo-exige-paz-conferencia-internacional-por-la-implementacion-del-acuerdo-final-de-paz\/","url":"https:\/\/www.pressenza.com\/es\/2020\/09\/el-mundo-exige-paz-conferencia-internacional-por-la-implementacion-del-acuerdo-final-de-paz\/","name":"El mundo Exige Paz: Conferencia Internacional por la Implementaci\u00f3n del Acuerdo Final de Paz","isPartOf":{"@id":"https:\/\/www.pressenza.com\/es\/#website"},"primaryImageOfPage":{"@id":"https:\/\/www.pressenza.com\/es\/2020\/09\/el-mundo-exige-paz-conferencia-internacional-por-la-implementacion-del-acuerdo-final-de-paz\/#primaryimage"},"image":{"@id":"https:\/\/www.pressenza.com\/es\/2020\/09\/el-mundo-exige-paz-conferencia-internacional-por-la-implementacion-del-acuerdo-final-de-paz\/#primaryimage"},"thumbnailUrl":"https:\/\/www.pressenza.com\/wp-content\/uploads\/2020\/09\/Encuentro_Internacional_por_la_Paz-1.jpg","datePublished":"2020-09-08T02:12:54+00:00","dateModified":"2020-09-08T02:22:00+00:00","description":"La platafoma colombiana Defendamos La Paz, con sus cap\u00edtulos nacional e internacional, avanza en la organizaci\u00f3n de la Conferencia Internacional por la","breadcrumb":{"@id":"https:\/\/www.pressenza.com\/es\/2020\/09\/el-mundo-exige-paz-conferencia-internacional-por-la-implementacion-del-acuerdo-final-de-paz\/#breadcrumb"},"inLanguage":"es","potentialAction":[{"@type":"ReadAction","target":["https:\/\/www.pressenza.com\/es\/2020\/09\/el-mundo-exige-paz-conferencia-internacional-por-la-implementacion-del-acuerdo-final-de-paz\/"]}]},{"@type":"ImageObject","inLanguage":"es","@id":"https:\/\/www.pressenza.com\/es\/2020\/09\/el-mundo-exige-paz-conferencia-internacional-por-la-implementacion-del-acuerdo-final-de-paz\/#primaryimage","url":"https:\/\/www.pressenza.com\/wp-content\/uploads\/2020\/09\/Encuentro_Internacional_por_la_Paz-1.jpg","contentUrl":"https:\/\/www.pressenza.com\/wp-content\/uploads\/2020\/09\/Encuentro_Internacional_por_la_Paz-1.jpg","width":1280,"height":653,"caption":"Encuentro_Internacional_por_la_Paz"},{"@type":"BreadcrumbList","@id":"https:\/\/www.pressenza.com\/es\/2020\/09\/el-mundo-exige-paz-conferencia-internacional-por-la-implementacion-del-acuerdo-final-de-paz\/#breadcrumb","itemListElement":[{"@type":"ListItem","position":1,"name":"Accueil","item":"https:\/\/www.pressenza.com\/es\/"},{"@type":"ListItem","position":2,"name":"El mundo Exige Paz: Conferencia Internacional por la Implementaci\u00f3n del Acuerdo Final de Paz"}]},{"@type":"WebSite","@id":"https:\/\/www.pressenza.com\/es\/#website","url":"https:\/\/www.pressenza.com\/es\/","name":"Pressenza","description":"International Press Agency","publisher":{"@id":"https:\/\/www.pressenza.com\/es\/#organization"},"potentialAction":[{"@type":"SearchAction","target":{"@type":"EntryPoint","urlTemplate":"https:\/\/www.pressenza.com\/es\/?s={search_term_string}"},"query-input":{"@type":"PropertyValueSpecification","valueRequired":true,"valueName":"search_term_string"}}],"inLanguage":"es"},{"@type":"Organization","@id":"https:\/\/www.pressenza.com\/es\/#organization","name":"Pressenza","url":"https:\/\/www.pressenza.com\/es\/","logo":{"@type":"ImageObject","inLanguage":"es","@id":"https:\/\/www.pressenza.com\/es\/#\/schema\/logo\/image\/","url":"https:\/\/www.pressenza.com\/wp-content\/uploads\/2022\/10\/pressenza_logo_200x200.jpg","contentUrl":"https:\/\/www.pressenza.com\/wp-content\/uploads\/2022\/10\/pressenza_logo_200x200.jpg","width":200,"height":200,"caption":"Pressenza"},"image":{"@id":"https:\/\/www.pressenza.com\/es\/#\/schema\/logo\/image\/"},"sameAs":["https:\/\/www.facebook.com\/PressenzaItalia","https:\/\/x.com\/PressenzaIPA"]},{"@type":"Person","@id":"https:\/\/www.pressenza.com\/es\/#\/schema\/person\/7c8ee170a4502d638436c91e385315f2","name":"Redacci\u00f3n Colombia","description":"News published by the Pressenza bureau in Colombia","url":"https:\/\/www.pressenza.com\/es\/author\/redaccion-colombia\/"}]}},"place":"Bogot\u00e1","original_article_url":"","_links":{"self":[{"href":"https:\/\/www.pressenza.com\/es\/wp-json\/wp\/v2\/posts\/1191612","targetHints":{"allow":["GET"]}}],"collection":[{"href":"https:\/\/www.pressenza.com\/es\/wp-json\/wp\/v2\/posts"}],"about":[{"href":"https:\/\/www.pressenza.com\/es\/wp-json\/wp\/v2\/types\/post"}],"author":[{"embeddable":true,"href":"https:\/\/www.pressenza.com\/es\/wp-json\/wp\/v2\/users\/1053"}],"replies":[{"embeddable":true,"href":"https:\/\/www.pressenza.com\/es\/wp-json\/wp\/v2\/comments?post=1191612"}],"version-history":[{"count":0,"href":"https:\/\/www.pressenza.com\/es\/wp-json\/wp\/v2\/posts\/1191612\/revisions"}],"wp:featuredmedia":[{"embeddable":true,"href":"https:\/\/www.pressenza.com\/es\/wp-json\/wp\/v2\/media\/1191625"}],"wp:attachment":[{"href":"https:\/\/www.pressenza.com\/es\/wp-json\/wp\/v2\/media?parent=1191612"}],"wp:term":[{"taxonomy":"category","embeddable":true,"href":"https:\/\/www.pressenza.com\/es\/wp-json\/wp\/v2\/categories?post=1191612"},{"taxonomy":"post_tag","embeddable":true,"href":"https:\/\/www.pressenza.com\/es\/wp-json\/wp\/v2\/tags?post=1191612"}],"curies":[{"name":"wp","href":"https:\/\/api.w.org\/{rel}","templated":true}]}}