{"id":1191533,"date":"2020-09-07T23:07:24","date_gmt":"2020-09-07T22:07:24","guid":{"rendered":"https:\/\/www.pressenza.com\/?p=1191533"},"modified":"2020-09-07T23:07:24","modified_gmt":"2020-09-07T22:07:24","slug":"fiestas-dieciocheras-pandemia-y-plebiscito","status":"publish","type":"post","link":"https:\/\/www.pressenza.com\/es\/2020\/09\/fiestas-dieciocheras-pandemia-y-plebiscito\/","title":{"rendered":"Fiestas dieciocheras, pandemia y Plebiscito"},"content":{"rendered":"<p>Aunque se trata de d\u00edas con distinto significado, el 18 y el 19 de septiembre se realizan las Fiestas Patrias de Chile. Quiz\u00e1s su coincidencia radique en que ninguna de estas fechas hace referencia a la verdad hist\u00f3rica de nuestro pa\u00eds, cuando se sabe que la aut\u00e9ntica independencia nacional se obtuvo solo ocho a\u00f1os despu\u00e9s de 1810, y que las llamadas \u201cglorias del Ej\u00e9rcito\u201d realmente no son tales porque los que se merecen reconocimiento, en justicia, son los miles de compatriotas en armas, sobre todo civiles, que lograron nuestra Emancipaci\u00f3n de Espa\u00f1a el 12 de febrero de 1818. Efem\u00e9ride que aparece casi inadvertida en nuestro calendario cuando fue hasta entonces que Bernardo O\u00b4Higgins firm\u00f3 el acta de la Independencia, acto que ni siquiera tuvo lugar en la Capital. Todos sabemos, adem\u00e1s, que las FFAA chilenas tienen un enorme prontuario de horrendos cr\u00edmenes cometidos contra nuestra propia poblaci\u00f3n; esto es, suman muchos m\u00e1s muertos y v\u00edctimas entre los chilenos que en los conflictos b\u00e9licos con los pa\u00edses vecinos.<\/p>\n<p>En general, los historiadores coinciden que en 1810 lo que hubo fue una asamblea de personas de la alta sociedad santiaguina que, sin proponerse nuestra soberan\u00eda, en realidad se auto convoc\u00f3 para manifestar su adhesi\u00f3n a Fernando Vll (denominado el rey Fel\u00f3n) mientras durase el cautiverio impuesto por la invasi\u00f3n napole\u00f3nica que instal\u00f3 en el trono espa\u00f1ol al hermano de Napole\u00f3n (Pepe Botella). No m\u00e1s de unos cuatrocientos notables que se propusieron administrar el pa\u00eds solo a la espera del retorno del Monarca Borb\u00f3n al poder.<\/p>\n<p>Es lamentable, pero son pocos los chilenos que saben realmente lo ocurrido en 1810 y 1818, como a lo largo de nuestra trayectoria republicana. Sin embargo, se asume que durante estos d\u00edas de septiembre el pa\u00eds goza de todas las dispensas para celebrar, organizar fondas, paradas militares y un rutinario conjunto de festividades que concluyen siempre en una gran borrachera nacional, una desenfrenada comilona y excesos que se prodigan todos los a\u00f1os en cr\u00edmenes, ri\u00f1as, accidentes de tr\u00e1nsito y, como lo destacan algunos nutricionistas, en un enorme consumo de alcohol, grasas y otras vituallas que provocan el aumento de dos o tres kilos como promedio en el peso f\u00edsico de la poblaci\u00f3n. No est\u00e1 de m\u00e1s recordar que, en materia de salud, es la obesidad la m\u00e1s grave de nuestras pandemias, si consideramos el n\u00famero de enfermos y decesos que se le derivan o asocian.<\/p>\n<p>A pesar del estado de emergencia impuesto por las autoridades para encarar la pandemia, como la gran cantidad de cuarentenas y confinamientos decretados en todo Chile, el gobierno de Pi\u00f1era no quiere que las Fiestas Patrias de este a\u00f1o sufran demasiadas privaciones, por lo que ha decidido restablecer una serie de derechos sociales por varios meses suspendidos, a fin de que durante los d\u00edas dieciocheros el pa\u00eds pueda resarcirse de tanto tiempo de restricciones. Favoreciendo sin ambages el consumo de toda suerte de comidas y bebidas por lo general nocivos para la salud y el orden p\u00fablico.\u00a0 En la esperanza, tambi\u00e9n, de que el consumismo mejore las amilanadas cifras de nuestra econom\u00eda.<\/p>\n<p>Los hospitales y los servicios m\u00e9dicos deber\u00e1n aprontarse para atender las m\u00e1s diversas emergencias sanitarias m\u00e1s all\u00e1 de la infecci\u00f3n por el virus \u201cchino\u201d, como algunos siguen llam\u00e1ndolo, y que ha demostrado que Chile es uno de los pa\u00edses de la Tierra\u00a0 menos solventes para combatirlo, si consideramos nuestra discreta poblaci\u00f3n. Los epidemi\u00f3logos advierten el riesgo de que en estos d\u00edas se produzcan muchos rebrotes del contagio a causa de las fiestas, aglomeraciones y excesos, aunque las tradicionales fondas se han prohibido y los desfiles militares ya no se realizar\u00e1n en estas mismas fechas. Muy a pesar de la alta oficialidad que ve en estas marciales presentaciones casi su \u00fanica raz\u00f3n de seguir existiendo y poder gastar los millonarios recursos asignados por un Estado que dice representar a todos sus habitantes. A no dudarlo, el distanciamiento social y las mascarillas van a relajarse mucho en estas celebraciones\u2026<\/p>\n<p>Posiblemente, Pi\u00f1era y sus ministros ven oportunidad en que el jolgorio patriotero les haga recuperar algunos puntos de aprobaci\u00f3n en las encuestas, donde su exiguo cr\u00e9dito social luce pr\u00e1cticamente irremontable. Sin embargo, es notorio que los sectores m\u00e1s recalcitrantes del oficialismo abrigan el deseo que la infecci\u00f3n por el COVID se intensifique, y ello pueda darle pretexto al gobierno y a las c\u00fapulas pol\u00edticas para postergar el Plebiscito Constitucional. Un proceso que en octubre pr\u00f3ximo augura el triunfo de quienes quieren una nueva Constituci\u00f3n y cuyo contenido sea definido \u00fanicamente por ciudadanos democr\u00e1ticamente electos y mandatados para discutir y redactar la nueva Carta Magna.<\/p>\n<p>Por lo mismo que el Ejecutivo se opone a legislar sobre la posibilidad de que sufraguen los infectados por el virus tanto de forma presencial o remota como ocurre en otros pa\u00edses. De manera que en caso que la consulta electoral no pueda impedirse o posponerse, solo asistan a votar los m\u00e1s atrevidos y una alta abstenci\u00f3n ciudadana deslegitime el proceso constituyente.<\/p>\n<p>Debemos estar atentos.<\/p>\n","protected":false},"excerpt":{"rendered":"<p>Aunque se trata de d\u00edas con distinto significado, el 18 y el 19 de septiembre se realizan las Fiestas Patrias de Chile. Quiz\u00e1s su coincidencia radique en que ninguna de estas fechas hace referencia a la verdad hist\u00f3rica de nuestro&hellip;<\/p>\n","protected":false},"author":1739,"featured_media":1191534,"comment_status":"closed","ping_status":"closed","sticky":false,"template":"","format":"standard","meta":{"footnotes":""},"categories":[11389,161,74,67],"tags":[29,1344],"class_list":["post-1191533","post","type-post","status-publish","format-standard","has-post-thumbnail","hentry","category-contenido-original","category-opiniones","category-politica-es","category-sudamerica","tag-chile","tag-plebiscito"],"yoast_head":"<!-- This site is optimized with the Yoast SEO plugin v27.1.1 - https:\/\/yoast.com\/product\/yoast-seo-wordpress\/ -->\n<title>Fiestas dieciocheras, pandemia y Plebiscito<\/title>\n<meta name=\"description\" content=\"Fiestas dieciocheras, pandemia y Plebiscito\" \/>\n<meta name=\"robots\" content=\"index, follow, max-snippet:-1, max-image-preview:large, max-video-preview:-1\" \/>\n<link rel=\"canonical\" href=\"https:\/\/www.pressenza.com\/es\/2020\/09\/fiestas-dieciocheras-pandemia-y-plebiscito\/\" \/>\n<meta property=\"og:locale\" content=\"es_ES\" \/>\n<meta property=\"og:type\" content=\"article\" \/>\n<meta property=\"og:title\" content=\"Fiestas dieciocheras, pandemia y Plebiscito\" \/>\n<meta property=\"og:description\" content=\"Fiestas dieciocheras, pandemia y Plebiscito\" \/>\n<meta property=\"og:url\" content=\"https:\/\/www.pressenza.com\/es\/2020\/09\/fiestas-dieciocheras-pandemia-y-plebiscito\/\" \/>\n<meta property=\"og:site_name\" content=\"Pressenza\" \/>\n<meta property=\"article:publisher\" content=\"https:\/\/www.facebook.com\/PressenzaItalia\" \/>\n<meta property=\"article:published_time\" content=\"2020-09-07T22:07:24+00:00\" \/>\n<meta property=\"og:image\" content=\"https:\/\/www.pressenza.com\/wp-content\/uploads\/2020\/09\/PartH-apruebo.jpg\" \/>\n\t<meta property=\"og:image:width\" content=\"1280\" \/>\n\t<meta property=\"og:image:height\" content=\"960\" \/>\n\t<meta property=\"og:image:type\" content=\"image\/jpeg\" \/>\n<meta name=\"author\" content=\"Juan Pablo C\u00e1rdenas\" \/>\n<meta name=\"twitter:card\" content=\"summary_large_image\" \/>\n<meta name=\"twitter:creator\" content=\"@PressenzaIPA\" \/>\n<meta name=\"twitter:site\" content=\"@PressenzaIPA\" \/>\n<meta name=\"twitter:label1\" content=\"Escrito por\" \/>\n\t<meta name=\"twitter:data1\" content=\"Juan Pablo C\u00e1rdenas\" \/>\n\t<meta name=\"twitter:label2\" content=\"Tiempo de lectura\" \/>\n\t<meta name=\"twitter:data2\" content=\"4 minutos\" \/>\n<script type=\"application\/ld+json\" class=\"yoast-schema-graph\">{\"@context\":\"https:\/\/schema.org\",\"@graph\":[{\"@type\":\"Article\",\"@id\":\"https:\/\/www.pressenza.com\/es\/2020\/09\/fiestas-dieciocheras-pandemia-y-plebiscito\/#article\",\"isPartOf\":{\"@id\":\"https:\/\/www.pressenza.com\/es\/2020\/09\/fiestas-dieciocheras-pandemia-y-plebiscito\/\"},\"author\":{\"name\":\"Juan Pablo C\u00e1rdenas\",\"@id\":\"https:\/\/www.pressenza.com\/es\/#\/schema\/person\/d72a7c8c014dcbfa2ef9e9976103ea0d\"},\"headline\":\"Fiestas dieciocheras, pandemia y Plebiscito\",\"datePublished\":\"2020-09-07T22:07:24+00:00\",\"mainEntityOfPage\":{\"@id\":\"https:\/\/www.pressenza.com\/es\/2020\/09\/fiestas-dieciocheras-pandemia-y-plebiscito\/\"},\"wordCount\":896,\"publisher\":{\"@id\":\"https:\/\/www.pressenza.com\/es\/#organization\"},\"image\":{\"@id\":\"https:\/\/www.pressenza.com\/es\/2020\/09\/fiestas-dieciocheras-pandemia-y-plebiscito\/#primaryimage\"},\"thumbnailUrl\":\"https:\/\/www.pressenza.com\/wp-content\/uploads\/2020\/09\/PartH-apruebo.jpg\",\"keywords\":[\"Chile\",\"Plebiscito\"],\"articleSection\":[\"Contenido Original\",\"Opiniones\",\"Pol\u00edtica\",\"Sudam\u00e9rica\"],\"inLanguage\":\"es\"},{\"@type\":\"WebPage\",\"@id\":\"https:\/\/www.pressenza.com\/es\/2020\/09\/fiestas-dieciocheras-pandemia-y-plebiscito\/\",\"url\":\"https:\/\/www.pressenza.com\/es\/2020\/09\/fiestas-dieciocheras-pandemia-y-plebiscito\/\",\"name\":\"Fiestas dieciocheras, pandemia y Plebiscito\",\"isPartOf\":{\"@id\":\"https:\/\/www.pressenza.com\/es\/#website\"},\"primaryImageOfPage\":{\"@id\":\"https:\/\/www.pressenza.com\/es\/2020\/09\/fiestas-dieciocheras-pandemia-y-plebiscito\/#primaryimage\"},\"image\":{\"@id\":\"https:\/\/www.pressenza.com\/es\/2020\/09\/fiestas-dieciocheras-pandemia-y-plebiscito\/#primaryimage\"},\"thumbnailUrl\":\"https:\/\/www.pressenza.com\/wp-content\/uploads\/2020\/09\/PartH-apruebo.jpg\",\"datePublished\":\"2020-09-07T22:07:24+00:00\",\"description\":\"Fiestas dieciocheras, pandemia y Plebiscito\",\"breadcrumb\":{\"@id\":\"https:\/\/www.pressenza.com\/es\/2020\/09\/fiestas-dieciocheras-pandemia-y-plebiscito\/#breadcrumb\"},\"inLanguage\":\"es\",\"potentialAction\":[{\"@type\":\"ReadAction\",\"target\":[\"https:\/\/www.pressenza.com\/es\/2020\/09\/fiestas-dieciocheras-pandemia-y-plebiscito\/\"]}]},{\"@type\":\"ImageObject\",\"inLanguage\":\"es\",\"@id\":\"https:\/\/www.pressenza.com\/es\/2020\/09\/fiestas-dieciocheras-pandemia-y-plebiscito\/#primaryimage\",\"url\":\"https:\/\/www.pressenza.com\/wp-content\/uploads\/2020\/09\/PartH-apruebo.jpg\",\"contentUrl\":\"https:\/\/www.pressenza.com\/wp-content\/uploads\/2020\/09\/PartH-apruebo.jpg\",\"width\":1280,\"height\":960},{\"@type\":\"BreadcrumbList\",\"@id\":\"https:\/\/www.pressenza.com\/es\/2020\/09\/fiestas-dieciocheras-pandemia-y-plebiscito\/#breadcrumb\",\"itemListElement\":[{\"@type\":\"ListItem\",\"position\":1,\"name\":\"Accueil\",\"item\":\"https:\/\/www.pressenza.com\/es\/\"},{\"@type\":\"ListItem\",\"position\":2,\"name\":\"Fiestas dieciocheras, pandemia y Plebiscito\"}]},{\"@type\":\"WebSite\",\"@id\":\"https:\/\/www.pressenza.com\/es\/#website\",\"url\":\"https:\/\/www.pressenza.com\/es\/\",\"name\":\"Pressenza\",\"description\":\"International Press Agency\",\"publisher\":{\"@id\":\"https:\/\/www.pressenza.com\/es\/#organization\"},\"potentialAction\":[{\"@type\":\"SearchAction\",\"target\":{\"@type\":\"EntryPoint\",\"urlTemplate\":\"https:\/\/www.pressenza.com\/es\/?s={search_term_string}\"},\"query-input\":{\"@type\":\"PropertyValueSpecification\",\"valueRequired\":true,\"valueName\":\"search_term_string\"}}],\"inLanguage\":\"es\"},{\"@type\":\"Organization\",\"@id\":\"https:\/\/www.pressenza.com\/es\/#organization\",\"name\":\"Pressenza\",\"url\":\"https:\/\/www.pressenza.com\/es\/\",\"logo\":{\"@type\":\"ImageObject\",\"inLanguage\":\"es\",\"@id\":\"https:\/\/www.pressenza.com\/es\/#\/schema\/logo\/image\/\",\"url\":\"https:\/\/www.pressenza.com\/wp-content\/uploads\/2022\/10\/pressenza_logo_200x200.jpg\",\"contentUrl\":\"https:\/\/www.pressenza.com\/wp-content\/uploads\/2022\/10\/pressenza_logo_200x200.jpg\",\"width\":200,\"height\":200,\"caption\":\"Pressenza\"},\"image\":{\"@id\":\"https:\/\/www.pressenza.com\/es\/#\/schema\/logo\/image\/\"},\"sameAs\":[\"https:\/\/www.facebook.com\/PressenzaItalia\",\"https:\/\/x.com\/PressenzaIPA\"]},{\"@type\":\"Person\",\"@id\":\"https:\/\/www.pressenza.com\/es\/#\/schema\/person\/d72a7c8c014dcbfa2ef9e9976103ea0d\",\"name\":\"Juan Pablo C\u00e1rdenas\",\"description\":\"Juan Pablo C\u00e1rdenas Squella es un periodista y profesor universitario de vasta trayectoria. En el 2005 recibi\u00f3 en premio nacional de Periodismo y, antes, la Pluma de Oro de la Libertad, otorgada por la Federaci\u00f3n Mundial de la Prensa. Tambi\u00e9n obtuvo el Premio Latinoamericano de Periodismo, la Houten Camara de Holanda (1989) entre otras m\u00faltiples distinciones nacionales y extranjeras. Forma parte de los sesenta periodistas del mundo considerados H\u00e9roes de la Libertad de Expresi\u00f3n, reconocimiento hecho por la Federaci\u00f3n Internacional de Periodistas. Ha sido director y columnista de las revistas Debate Universitario, An\u00e1lisis y Los Tiempos, as\u00ed como del diario electr\u00f3nico primeral\u00ednea.cl. Tambi\u00e9n fue por m\u00e1s 18 a\u00f1os director de la Radio Universidad de Chile y de su diario digital. Se ha desempe\u00f1ado como profesor de varias escuelas de periodismo de Santiago y Valpara\u00edso y en la Universidad de Chile alcanz\u00f3 el grado de profesor titular y senador universitario.\",\"url\":\"https:\/\/www.pressenza.com\/es\/author\/juan-pablo-cardenas\/\"}]}<\/script>\n<!-- \/ Yoast SEO plugin. -->","yoast_head_json":{"title":"Fiestas dieciocheras, pandemia y Plebiscito","description":"Fiestas dieciocheras, pandemia y Plebiscito","robots":{"index":"index","follow":"follow","max-snippet":"max-snippet:-1","max-image-preview":"max-image-preview:large","max-video-preview":"max-video-preview:-1"},"canonical":"https:\/\/www.pressenza.com\/es\/2020\/09\/fiestas-dieciocheras-pandemia-y-plebiscito\/","og_locale":"es_ES","og_type":"article","og_title":"Fiestas dieciocheras, pandemia y Plebiscito","og_description":"Fiestas dieciocheras, pandemia y Plebiscito","og_url":"https:\/\/www.pressenza.com\/es\/2020\/09\/fiestas-dieciocheras-pandemia-y-plebiscito\/","og_site_name":"Pressenza","article_publisher":"https:\/\/www.facebook.com\/PressenzaItalia","article_published_time":"2020-09-07T22:07:24+00:00","og_image":[{"width":1280,"height":960,"url":"https:\/\/www.pressenza.com\/wp-content\/uploads\/2020\/09\/PartH-apruebo.jpg","type":"image\/jpeg"}],"author":"Juan Pablo C\u00e1rdenas","twitter_card":"summary_large_image","twitter_creator":"@PressenzaIPA","twitter_site":"@PressenzaIPA","twitter_misc":{"Escrito por":"Juan Pablo C\u00e1rdenas","Tiempo de lectura":"4 minutos"},"schema":{"@context":"https:\/\/schema.org","@graph":[{"@type":"Article","@id":"https:\/\/www.pressenza.com\/es\/2020\/09\/fiestas-dieciocheras-pandemia-y-plebiscito\/#article","isPartOf":{"@id":"https:\/\/www.pressenza.com\/es\/2020\/09\/fiestas-dieciocheras-pandemia-y-plebiscito\/"},"author":{"name":"Juan Pablo C\u00e1rdenas","@id":"https:\/\/www.pressenza.com\/es\/#\/schema\/person\/d72a7c8c014dcbfa2ef9e9976103ea0d"},"headline":"Fiestas dieciocheras, pandemia y Plebiscito","datePublished":"2020-09-07T22:07:24+00:00","mainEntityOfPage":{"@id":"https:\/\/www.pressenza.com\/es\/2020\/09\/fiestas-dieciocheras-pandemia-y-plebiscito\/"},"wordCount":896,"publisher":{"@id":"https:\/\/www.pressenza.com\/es\/#organization"},"image":{"@id":"https:\/\/www.pressenza.com\/es\/2020\/09\/fiestas-dieciocheras-pandemia-y-plebiscito\/#primaryimage"},"thumbnailUrl":"https:\/\/www.pressenza.com\/wp-content\/uploads\/2020\/09\/PartH-apruebo.jpg","keywords":["Chile","Plebiscito"],"articleSection":["Contenido Original","Opiniones","Pol\u00edtica","Sudam\u00e9rica"],"inLanguage":"es"},{"@type":"WebPage","@id":"https:\/\/www.pressenza.com\/es\/2020\/09\/fiestas-dieciocheras-pandemia-y-plebiscito\/","url":"https:\/\/www.pressenza.com\/es\/2020\/09\/fiestas-dieciocheras-pandemia-y-plebiscito\/","name":"Fiestas dieciocheras, pandemia y Plebiscito","isPartOf":{"@id":"https:\/\/www.pressenza.com\/es\/#website"},"primaryImageOfPage":{"@id":"https:\/\/www.pressenza.com\/es\/2020\/09\/fiestas-dieciocheras-pandemia-y-plebiscito\/#primaryimage"},"image":{"@id":"https:\/\/www.pressenza.com\/es\/2020\/09\/fiestas-dieciocheras-pandemia-y-plebiscito\/#primaryimage"},"thumbnailUrl":"https:\/\/www.pressenza.com\/wp-content\/uploads\/2020\/09\/PartH-apruebo.jpg","datePublished":"2020-09-07T22:07:24+00:00","description":"Fiestas dieciocheras, pandemia y Plebiscito","breadcrumb":{"@id":"https:\/\/www.pressenza.com\/es\/2020\/09\/fiestas-dieciocheras-pandemia-y-plebiscito\/#breadcrumb"},"inLanguage":"es","potentialAction":[{"@type":"ReadAction","target":["https:\/\/www.pressenza.com\/es\/2020\/09\/fiestas-dieciocheras-pandemia-y-plebiscito\/"]}]},{"@type":"ImageObject","inLanguage":"es","@id":"https:\/\/www.pressenza.com\/es\/2020\/09\/fiestas-dieciocheras-pandemia-y-plebiscito\/#primaryimage","url":"https:\/\/www.pressenza.com\/wp-content\/uploads\/2020\/09\/PartH-apruebo.jpg","contentUrl":"https:\/\/www.pressenza.com\/wp-content\/uploads\/2020\/09\/PartH-apruebo.jpg","width":1280,"height":960},{"@type":"BreadcrumbList","@id":"https:\/\/www.pressenza.com\/es\/2020\/09\/fiestas-dieciocheras-pandemia-y-plebiscito\/#breadcrumb","itemListElement":[{"@type":"ListItem","position":1,"name":"Accueil","item":"https:\/\/www.pressenza.com\/es\/"},{"@type":"ListItem","position":2,"name":"Fiestas dieciocheras, pandemia y Plebiscito"}]},{"@type":"WebSite","@id":"https:\/\/www.pressenza.com\/es\/#website","url":"https:\/\/www.pressenza.com\/es\/","name":"Pressenza","description":"International Press Agency","publisher":{"@id":"https:\/\/www.pressenza.com\/es\/#organization"},"potentialAction":[{"@type":"SearchAction","target":{"@type":"EntryPoint","urlTemplate":"https:\/\/www.pressenza.com\/es\/?s={search_term_string}"},"query-input":{"@type":"PropertyValueSpecification","valueRequired":true,"valueName":"search_term_string"}}],"inLanguage":"es"},{"@type":"Organization","@id":"https:\/\/www.pressenza.com\/es\/#organization","name":"Pressenza","url":"https:\/\/www.pressenza.com\/es\/","logo":{"@type":"ImageObject","inLanguage":"es","@id":"https:\/\/www.pressenza.com\/es\/#\/schema\/logo\/image\/","url":"https:\/\/www.pressenza.com\/wp-content\/uploads\/2022\/10\/pressenza_logo_200x200.jpg","contentUrl":"https:\/\/www.pressenza.com\/wp-content\/uploads\/2022\/10\/pressenza_logo_200x200.jpg","width":200,"height":200,"caption":"Pressenza"},"image":{"@id":"https:\/\/www.pressenza.com\/es\/#\/schema\/logo\/image\/"},"sameAs":["https:\/\/www.facebook.com\/PressenzaItalia","https:\/\/x.com\/PressenzaIPA"]},{"@type":"Person","@id":"https:\/\/www.pressenza.com\/es\/#\/schema\/person\/d72a7c8c014dcbfa2ef9e9976103ea0d","name":"Juan Pablo C\u00e1rdenas","description":"Juan Pablo C\u00e1rdenas Squella es un periodista y profesor universitario de vasta trayectoria. En el 2005 recibi\u00f3 en premio nacional de Periodismo y, antes, la Pluma de Oro de la Libertad, otorgada por la Federaci\u00f3n Mundial de la Prensa. Tambi\u00e9n obtuvo el Premio Latinoamericano de Periodismo, la Houten Camara de Holanda (1989) entre otras m\u00faltiples distinciones nacionales y extranjeras. Forma parte de los sesenta periodistas del mundo considerados H\u00e9roes de la Libertad de Expresi\u00f3n, reconocimiento hecho por la Federaci\u00f3n Internacional de Periodistas. Ha sido director y columnista de las revistas Debate Universitario, An\u00e1lisis y Los Tiempos, as\u00ed como del diario electr\u00f3nico primeral\u00ednea.cl. Tambi\u00e9n fue por m\u00e1s 18 a\u00f1os director de la Radio Universidad de Chile y de su diario digital. Se ha desempe\u00f1ado como profesor de varias escuelas de periodismo de Santiago y Valpara\u00edso y en la Universidad de Chile alcanz\u00f3 el grado de profesor titular y senador universitario.","url":"https:\/\/www.pressenza.com\/es\/author\/juan-pablo-cardenas\/"}]}},"place":"Santiago de Chile","original_article_url":"","_links":{"self":[{"href":"https:\/\/www.pressenza.com\/es\/wp-json\/wp\/v2\/posts\/1191533","targetHints":{"allow":["GET"]}}],"collection":[{"href":"https:\/\/www.pressenza.com\/es\/wp-json\/wp\/v2\/posts"}],"about":[{"href":"https:\/\/www.pressenza.com\/es\/wp-json\/wp\/v2\/types\/post"}],"author":[{"embeddable":true,"href":"https:\/\/www.pressenza.com\/es\/wp-json\/wp\/v2\/users\/1739"}],"replies":[{"embeddable":true,"href":"https:\/\/www.pressenza.com\/es\/wp-json\/wp\/v2\/comments?post=1191533"}],"version-history":[{"count":0,"href":"https:\/\/www.pressenza.com\/es\/wp-json\/wp\/v2\/posts\/1191533\/revisions"}],"wp:featuredmedia":[{"embeddable":true,"href":"https:\/\/www.pressenza.com\/es\/wp-json\/wp\/v2\/media\/1191534"}],"wp:attachment":[{"href":"https:\/\/www.pressenza.com\/es\/wp-json\/wp\/v2\/media?parent=1191533"}],"wp:term":[{"taxonomy":"category","embeddable":true,"href":"https:\/\/www.pressenza.com\/es\/wp-json\/wp\/v2\/categories?post=1191533"},{"taxonomy":"post_tag","embeddable":true,"href":"https:\/\/www.pressenza.com\/es\/wp-json\/wp\/v2\/tags?post=1191533"}],"curies":[{"name":"wp","href":"https:\/\/api.w.org\/{rel}","templated":true}]}}