{"id":1191171,"date":"2020-09-07T01:03:34","date_gmt":"2020-09-07T00:03:34","guid":{"rendered":"https:\/\/www.pressenza.com\/?p=1191171"},"modified":"2020-09-07T01:03:34","modified_gmt":"2020-09-07T00:03:34","slug":"veredicto-sobre-muerte-de-periodista-aviva-desconfianza-en-la-justicia-de-eslovaquia","status":"publish","type":"post","link":"https:\/\/www.pressenza.com\/es\/2020\/09\/veredicto-sobre-muerte-de-periodista-aviva-desconfianza-en-la-justicia-de-eslovaquia\/","title":{"rendered":"Veredicto sobre muerte de periodista aviva desconfianza en la justicia de Eslovaquia"},"content":{"rendered":"<p>Por\u00a0<a title=\"Art\u00edculos de Ed Holt\" href=\"http:\/\/www.ipsnoticias.net\/author\/ed-holt\/\">Ed Holt<\/a><\/p>\n<p><span class=\"meta_origin\">BRATISLAVA, 4 sep 2020 (IPS)\u00a0<\/span>&#8211; La justicia de Eslovaquia absolvi\u00f3 por falta de pruebas a un empresario con supuestos v\u00ednculos con el crimen organizado de ordenar el asesinato del periodista J\u00e1n Kuciak, en un fallo que conmocion\u00f3 a los activistas por la libertad de expresi\u00f3n y aviv\u00f3 la desconfianza en la justicia y la pol\u00edtica de la sociedad de este pa\u00eds centroeuropeo.<span id=\"more-144961\"><\/span><\/p>\n<p>Marian Ko\u010dner fue enjuiciado por el cargo de ser el mandante del asesinato de Kuciak, un reportero de investigaci\u00f3n del sitio informativo digital Aktuality.sk.<\/p>\n<p>Kuciak y su prometida Martina Ku\u0161n\u00edrov\u00e1, ambos de 27 a\u00f1os, fueron asesinados a tiros en la casa de Kuciak en Velka Maca, a unos 65 kil\u00f3metros al este de la capital, Bratislava, en febrero de 2018.<\/p>\n<p>El asesino material confeso, Miroslav Marcek, un sicario de 37 a\u00f1os, fue declarado culpable a principios de este a\u00f1o de asesinar a la pareja y fue condenado a 23 a\u00f1os de c\u00e1rcel.<\/p>\n<p>Pero un Tribunal Penal Especial dictamin\u00f3 el jueves 3 que no hab\u00eda pruebas suficientes que demostrasen que Ko\u010dner ordenase el crimen. Alena Zsuszova, procesada por contratar al asesino, \u00a0tambi\u00e9n fue absuelta, mientras un tercer procesado, Tom\u00e1\u0161 Szab\u00f3, si fue hallado culpable de participar en los asesinatos y condenado a 25 a\u00f1os de prisi\u00f3n.<\/p>\n<p>\u00abEstamos sorprendidos y decepcionados de que despu\u00e9s de una larga investigaci\u00f3n, el proceso legal haya terminado con este veredicto. Este es un d\u00eda triste para la libertad de prensa y de expresi\u00f3n en Eslovaquia e internacionalmente\u00bb, dijo a IPS Tom Gibson, representante para la Uni\u00f3n Europea (UE) del\u00a0<a href=\"https:\/\/cpj.org\/es\/\">Comit\u00e9 para la Protecci\u00f3n de Periodistas<\/a>\u00a0(CPJ).<\/p>\n<p>La sentencia, asegur\u00f3, \u201cha enviado una se\u00f1al potencialmente muy escalofriante a otros periodistas de que no pueden ser protegidos y no pueden hacer su trabajo de manera segura\u00bb.<\/p>\n<p>Los asesinatos de Kuciak y Ku\u0161n\u00edrov\u00e1 \u00a0conmocionaron a Eslovaquia y dieron lugar a la mayor ola de protestas desde la ca\u00edda del comunismo en este pa\u00eds de 5,4 millones de personas.<\/p>\n<p>El esc\u00e1ndalo oblig\u00f3 a dimitir al entonces \u00a0primer ministro, Robert Fico, y el ministro del Interior, Robert Kalinak, a los que sum\u00f3 m\u00e1s tarde el jefe del servicio de polic\u00eda.<\/p>\n<p>La polic\u00eda dijo que los asesinatos estaban relacionados con el trabajo de Kuciak como periodista de investigaci\u00f3n, que en sus \u00faltimos art\u00edculos hab\u00eda sacado a la luz presuntos v\u00ednculos entre la mafia italiana y el partido Direcci\u00f3n-Socialdemocracia (Smer), de Fico, ahora la principal fuerza opositora eslovaca.<\/p>\n<p>La investigaci\u00f3n posterior desvel\u00f3 v\u00ednculos entre pol\u00edticos, fiscales, jueces y polic\u00edas y el grupo presuntamente involucrado en los dos asesinatos.<\/p>\n<p>En el centro de la trama se ubicaba a Ko\u010dner, una figura controvertida del mundo empresarial eslovaco, frecuentemente vinculada a presuntos delitos graves y que en una causa separada ya fue sentenciado a principios de este a\u00f1o a 19 a\u00f1os de c\u00e1rcel por falsificaci\u00f3n de pagar\u00e9s.<\/p>\n<p>Los fiscales argumentaron en el tribunal que Ko\u010dner \u00a0hab\u00eda ordenado el asesinato en venganza por los art\u00edculos que hab\u00eda escrito sobre los negocios \u00a0ilegales del multimillonario.<\/p>\n<p>Aunque no se le acus\u00f3 de autor material, para muchos Ko\u010dner \u00a0fue la figura central del juicio y un s\u00edmbolo de corrupci\u00f3n profundamente arraigada en los m\u00e1s altos niveles del Estado eslovaco.<\/p>\n<p>Antes de iniciarse el juicio, los periodistas y analistas pol\u00edticos coincid\u00edan en que este ser\u00eda un hito en la historia de Eslovaquia.<\/p>\n<p>El veredicto, se adujo, ser\u00eda determinante para restaurar la confianza social en el Poder Judicial, tras desnudarse durante la investigaci\u00f3n del caso su corrupci\u00f3n interna y las pr\u00e1cticas mafiosas de algunos estamentos judiciales.<\/p>\n<p>Tras emitirse la sentencia, muchos periodistas locales se declararon conmocionados y decepcionados, mientras otro grupo manifestaba su enojo por una resoluci\u00f3n que le resultaba incomprensible a la luz de las pruebas mostradas durante el juicio contra el empresario.<\/p>\n<p>El sentimiento general expresado es que la justicia fall\u00f3 a las v\u00edctimas y a sus familias, porque su asesinato segu\u00eda sin castigo para el autor o autores intelectuales.<\/p>\n<p>Christophe Deloire, secretario general del organismo de control de la libertad de prensa y de expresi\u00f3n\u00a0<a href=\"https:\/\/www.rsf-es.org\/\">Reporteros sin Fronteras<\/a>\u00a0(RSF), describe las absoluciones como \u00abun gran fracaso de los \u00f3rganos de investigaci\u00f3n y del Poder Judicial\u00bb.<\/p>\n<p>\u00abEsper\u00e1bamos que Eslovaquia diera un ejemplo positivo con el enjuiciamiento y condena de los cr\u00edmenes contra periodistas. En cambio, permanecemos en una situaci\u00f3n de impunidad. \u00bfQui\u00e9n orden\u00f3 el asesinato de J\u00e1n Kuciak? \u00bfPor qu\u00e9 fue asesinado? Deber\u00edamos tener una respuesta clara\u00bb, agreg\u00f3.<\/p>\n<p>Independientemente de las fallas judiciales que puedan o no haber llevado a la sentencia, se espera que tenga serias repercusiones en Eslovaquia y otros pa\u00edses y algunos argumentan que es un serio rev\u00e9s en la lucha contra la impunidad y la garant\u00eda de justicia.<\/p>\n<p>Pavol Szalai, jefe de la Oficina de la Uni\u00f3n Europea y los Balcanes de RSF, dijo a IPS: \u00abEste veredicto es el mayor rev\u00e9s para la libertad de prensa en Europa desde el asesinato en s\u00ed\u201d<\/p>\n<p>\u201cDurante esta investigaci\u00f3n y el proceso judicial, Eslovaquia fue vista como una isla de esperanza en Europa y hoy una fuerte se\u00f1al de esperanza podr\u00eda haberse enviado a otros pa\u00edses\u201d del entorno, explic\u00f3.<\/p>\n<p>Pero ahora, a\u00f1adi\u00f3, sucede todo lo contrario.<\/p>\n<p>\u201cCon el sistema de justicia eslovaco incapaz de identificar y llevar ante la justicia a la persona o personas que ordenaron estos asesinatos a pesar de la gran presi\u00f3n p\u00fablica y pol\u00edtica \u00a0para hacerlo, \u00bfc\u00f3mo se puede esperar que otros pa\u00edses, como Serbia, por ejemplo, lo hagan? \u00ab, reflexion\u00f3 pesimista.<\/p>\n<p>Gibson, por su parte, agreg\u00f3 que \u201ceste caso fue seguido de cerca a nivel internacional y para las instituciones europeas, especialmente, fue un caso importante en t\u00e9rminos de fortalecimiento de la libertad de prensa en Europa\u201d.<\/p>\n<p>\u00abUna de las cosas importantes sobre el asesinato de J\u00e1n Kuciak fue que era un periodista que trabajaba en historias de investigaci\u00f3n que involucraban informaci\u00f3n sensible y hay periodistas en muchos otros pa\u00edses que realizan un tipo de trabajo similar\u201d, record\u00f3.<\/p>\n<p>Para el activista \u201ceste caso fue una especie de s\u00edmbolo sobre la necesidad de proteger a los periodistas de otros pa\u00edses que realizan un trabajo similar \u00ab.<\/p>\n<p>La fiscal\u00eda eslovaca apel\u00f3 de inmediato al \u00a0veredicto, por lo que el caso pasar\u00e1 ahora a la Corte Suprema de Justicia, que lo validar\u00e1 o devolver\u00e1 el caso a un tribunal para que lo vuelva a procesar.<\/p>\n<p>Sin embargo, se espera que pasen meses antes de que el m\u00e1ximo tribunal emita su dictamen y si ordena un nuevo juicio pasar\u00e1n a\u00f1os antes de un nuevo veredicto, que tambi\u00e9n podr\u00eda ser apelado.<\/p>\n<p>Algunos observadores temen que esto pueda conducir a una erosi\u00f3n total de la confianza en el Poder Judicial eslovaco, ya debilitado\u00a0 por esta sentencia.<\/p>\n<p>\u201cSi finalmente las personas que ordenaron los asesinatos no son encarceladas, Eslovaquia arrastrar\u00e1 este caso como un trauma y no quedar\u00e1 confianza alguna en el sistema de justicia eslovaco, dijo a IPS la periodista Zuzana Petkova, quien trabaj\u00f3 con Kuciak en algunas investigaciones.<\/p>\n<p>A su juicio, \u201cya despu\u00e9s del veredicto de hoy, hay mucha menos confianza en el sistema\u00bb, aunque precis\u00f3 que \u201ceste no es el final del caso\u201d.<\/p>\n<p>El organismo de control anticorrupci\u00f3n Transparencia Internacional Eslovaquia, escribi\u00f3 en una publicaci\u00f3n de Facebook: \u00abDebe ser una prioridad m\u00e1xima para la Corte Suprema y los organismos encargados de hacer cumplir la ley evitar que este caso se convierta en el \u00faltimo clavo en el ata\u00fad de la confianza del p\u00fablico en el Poder Judicial y la \u00a0justicia en Eslovaquia \u00ab.<\/p>\n<p>Muchos pol\u00edticos reconocieron abiertamente su conmoci\u00f3n por el veredicto e instaron a la gente a seguir confiando en que todos los responsables de los dos asesinatos ser\u00e1n finalmente castigados por la justicia.<\/p>\n<p>Pero algunos de los que siguieron personalmente el juicio en el tribunal especial tienen una visi\u00f3n m\u00e1s pesimista.<\/p>\n<p>Drew Sullivan, editor del Proyecto sobre Crimen Organizado y Corrupci\u00f3n, \u00a0asegur\u00f3 a IPS que tiene pocas expectativas de que alguna vez los autores intelectuales de este crimen sean condenados.<\/p>\n<p>\u00abEl fallo fue una gran decepci\u00f3n, aunque no completamente inesperada. Las figuras experimentadas del crimen saben c\u00f3mo aislarse de sus cr\u00edmenes y por eso no hubo evidencia forense directa de la participaci\u00f3n (de Ko\u010dner)\u201d, analiz\u00f3.<\/p>\n<p>Pero acot\u00f3 que \u201cs\u00ed hubo testimonios y evidencias circunstanciales clara de su participaci\u00f3n. Si hubiera sido una persona com\u00fan, habr\u00eda sido declarado culpable en base al testimonio de testigos, pero los tribunales no aceptan el testimonio de los plebeyos contra la clase dominante\u201d.<\/p>\n<p>A su juicio pese a ser evidente por las llamadas pruebas indirectas su papel como autor material, \u00a0Ko\u010dner \u201ces rico y poderoso\u201d y eso ayuda a su impunidad a que ha causado y seguir\u00e1 causando problemas a la democracia de Eslovaquia.<\/p>\n","protected":false},"excerpt":{"rendered":"<p>Por\u00a0Ed Holt BRATISLAVA, 4 sep 2020 (IPS)\u00a0&#8211; La justicia de Eslovaquia absolvi\u00f3 por falta de pruebas a un empresario con supuestos v\u00ednculos con el crimen organizado de ordenar el asesinato del periodista J\u00e1n Kuciak, en un fallo que conmocion\u00f3 a&hellip;<\/p>\n","protected":false},"author":347,"featured_media":1191182,"comment_status":"closed","ping_status":"closed","sticky":false,"template":"","format":"standard","meta":{"footnotes":""},"categories":[66,74],"tags":[24643,15990,13186,60802],"class_list":["post-1191171","post","type-post","status-publish","format-standard","has-post-thumbnail","hentry","category-europa-es","category-politica-es","tag-corte-suprema-de-justicia","tag-eslovaquia","tag-impunidad","tag-investigaciones"],"yoast_head":"<!-- This site is optimized with the Yoast SEO plugin v27.1.1 - https:\/\/yoast.com\/product\/yoast-seo-wordpress\/ -->\n<title>Veredicto sobre muerte de periodista aviva desconfianza en la justicia de Eslovaquia<\/title>\n<meta name=\"description\" content=\"Por\u00a0Ed Holt BRATISLAVA, 4 sep 2020 (IPS)\u00a0- La justicia de Eslovaquia absolvi\u00f3 por falta de pruebas a un empresario con supuestos v\u00ednculos con el crimen\" \/>\n<meta name=\"robots\" content=\"index, follow, max-snippet:-1, max-image-preview:large, max-video-preview:-1\" \/>\n<link rel=\"canonical\" href=\"https:\/\/www.pressenza.com\/es\/2020\/09\/veredicto-sobre-muerte-de-periodista-aviva-desconfianza-en-la-justicia-de-eslovaquia\/\" \/>\n<meta property=\"og:locale\" content=\"es_ES\" \/>\n<meta property=\"og:type\" content=\"article\" \/>\n<meta property=\"og:title\" content=\"Veredicto sobre muerte de periodista aviva desconfianza en la justicia de Eslovaquia\" \/>\n<meta property=\"og:description\" content=\"Por\u00a0Ed Holt BRATISLAVA, 4 sep 2020 (IPS)\u00a0- La justicia de Eslovaquia absolvi\u00f3 por falta de pruebas a un empresario con supuestos v\u00ednculos con el crimen\" \/>\n<meta property=\"og:url\" content=\"https:\/\/www.pressenza.com\/es\/2020\/09\/veredicto-sobre-muerte-de-periodista-aviva-desconfianza-en-la-justicia-de-eslovaquia\/\" \/>\n<meta property=\"og:site_name\" content=\"Pressenza\" \/>\n<meta property=\"article:publisher\" content=\"https:\/\/www.facebook.com\/PressenzaItalia\" \/>\n<meta property=\"article:author\" content=\"http:\/\/www.facebook.com\/ipsnoticias\" \/>\n<meta property=\"article:published_time\" content=\"2020-09-07T00:03:34+00:00\" \/>\n<meta property=\"og:image\" content=\"https:\/\/www.pressenza.com\/wp-content\/uploads\/2020\/09\/periodista-eslovaquia-1.jpg\" \/>\n\t<meta property=\"og:image:width\" content=\"800\" \/>\n\t<meta property=\"og:image:height\" content=\"600\" \/>\n\t<meta property=\"og:image:type\" content=\"image\/jpeg\" \/>\n<meta name=\"author\" content=\"Inter Press Service\" \/>\n<meta name=\"twitter:card\" content=\"summary_large_image\" \/>\n<meta name=\"twitter:creator\" content=\"@ipsnoticias\" \/>\n<meta name=\"twitter:site\" content=\"@PressenzaIPA\" \/>\n<meta name=\"twitter:label1\" content=\"Escrito por\" \/>\n\t<meta name=\"twitter:data1\" content=\"Inter Press Service\" \/>\n\t<meta name=\"twitter:label2\" content=\"Tiempo de lectura\" \/>\n\t<meta name=\"twitter:data2\" content=\"8 minutos\" \/>\n<script type=\"application\/ld+json\" class=\"yoast-schema-graph\">{\"@context\":\"https:\/\/schema.org\",\"@graph\":[{\"@type\":\"Article\",\"@id\":\"https:\/\/www.pressenza.com\/es\/2020\/09\/veredicto-sobre-muerte-de-periodista-aviva-desconfianza-en-la-justicia-de-eslovaquia\/#article\",\"isPartOf\":{\"@id\":\"https:\/\/www.pressenza.com\/es\/2020\/09\/veredicto-sobre-muerte-de-periodista-aviva-desconfianza-en-la-justicia-de-eslovaquia\/\"},\"author\":{\"name\":\"Inter Press Service\",\"@id\":\"https:\/\/www.pressenza.com\/es\/#\/schema\/person\/7467f88f6765c239bdd52f3c432de81a\"},\"headline\":\"Veredicto sobre muerte de periodista aviva desconfianza en la justicia de Eslovaquia\",\"datePublished\":\"2020-09-07T00:03:34+00:00\",\"mainEntityOfPage\":{\"@id\":\"https:\/\/www.pressenza.com\/es\/2020\/09\/veredicto-sobre-muerte-de-periodista-aviva-desconfianza-en-la-justicia-de-eslovaquia\/\"},\"wordCount\":1545,\"publisher\":{\"@id\":\"https:\/\/www.pressenza.com\/es\/#organization\"},\"image\":{\"@id\":\"https:\/\/www.pressenza.com\/es\/2020\/09\/veredicto-sobre-muerte-de-periodista-aviva-desconfianza-en-la-justicia-de-eslovaquia\/#primaryimage\"},\"thumbnailUrl\":\"https:\/\/www.pressenza.com\/wp-content\/uploads\/2020\/09\/periodista-eslovaquia-1.jpg\",\"keywords\":[\"Corte Suprema de Justicia\",\"Eslovaquia\",\"Impunidad\",\"investigaciones\"],\"articleSection\":[\"Europa\",\"Pol\u00edtica\"],\"inLanguage\":\"es\"},{\"@type\":\"WebPage\",\"@id\":\"https:\/\/www.pressenza.com\/es\/2020\/09\/veredicto-sobre-muerte-de-periodista-aviva-desconfianza-en-la-justicia-de-eslovaquia\/\",\"url\":\"https:\/\/www.pressenza.com\/es\/2020\/09\/veredicto-sobre-muerte-de-periodista-aviva-desconfianza-en-la-justicia-de-eslovaquia\/\",\"name\":\"Veredicto sobre muerte de periodista aviva desconfianza en la justicia de Eslovaquia\",\"isPartOf\":{\"@id\":\"https:\/\/www.pressenza.com\/es\/#website\"},\"primaryImageOfPage\":{\"@id\":\"https:\/\/www.pressenza.com\/es\/2020\/09\/veredicto-sobre-muerte-de-periodista-aviva-desconfianza-en-la-justicia-de-eslovaquia\/#primaryimage\"},\"image\":{\"@id\":\"https:\/\/www.pressenza.com\/es\/2020\/09\/veredicto-sobre-muerte-de-periodista-aviva-desconfianza-en-la-justicia-de-eslovaquia\/#primaryimage\"},\"thumbnailUrl\":\"https:\/\/www.pressenza.com\/wp-content\/uploads\/2020\/09\/periodista-eslovaquia-1.jpg\",\"datePublished\":\"2020-09-07T00:03:34+00:00\",\"description\":\"Por\u00a0Ed Holt BRATISLAVA, 4 sep 2020 (IPS)\u00a0- La justicia de Eslovaquia absolvi\u00f3 por falta de pruebas a un empresario con supuestos v\u00ednculos con el crimen\",\"breadcrumb\":{\"@id\":\"https:\/\/www.pressenza.com\/es\/2020\/09\/veredicto-sobre-muerte-de-periodista-aviva-desconfianza-en-la-justicia-de-eslovaquia\/#breadcrumb\"},\"inLanguage\":\"es\",\"potentialAction\":[{\"@type\":\"ReadAction\",\"target\":[\"https:\/\/www.pressenza.com\/es\/2020\/09\/veredicto-sobre-muerte-de-periodista-aviva-desconfianza-en-la-justicia-de-eslovaquia\/\"]}]},{\"@type\":\"ImageObject\",\"inLanguage\":\"es\",\"@id\":\"https:\/\/www.pressenza.com\/es\/2020\/09\/veredicto-sobre-muerte-de-periodista-aviva-desconfianza-en-la-justicia-de-eslovaquia\/#primaryimage\",\"url\":\"https:\/\/www.pressenza.com\/wp-content\/uploads\/2020\/09\/periodista-eslovaquia-1.jpg\",\"contentUrl\":\"https:\/\/www.pressenza.com\/wp-content\/uploads\/2020\/09\/periodista-eslovaquia-1.jpg\",\"width\":800,\"height\":600},{\"@type\":\"BreadcrumbList\",\"@id\":\"https:\/\/www.pressenza.com\/es\/2020\/09\/veredicto-sobre-muerte-de-periodista-aviva-desconfianza-en-la-justicia-de-eslovaquia\/#breadcrumb\",\"itemListElement\":[{\"@type\":\"ListItem\",\"position\":1,\"name\":\"Accueil\",\"item\":\"https:\/\/www.pressenza.com\/es\/\"},{\"@type\":\"ListItem\",\"position\":2,\"name\":\"Veredicto sobre muerte de periodista aviva desconfianza en la justicia de Eslovaquia\"}]},{\"@type\":\"WebSite\",\"@id\":\"https:\/\/www.pressenza.com\/es\/#website\",\"url\":\"https:\/\/www.pressenza.com\/es\/\",\"name\":\"Pressenza\",\"description\":\"International Press Agency\",\"publisher\":{\"@id\":\"https:\/\/www.pressenza.com\/es\/#organization\"},\"potentialAction\":[{\"@type\":\"SearchAction\",\"target\":{\"@type\":\"EntryPoint\",\"urlTemplate\":\"https:\/\/www.pressenza.com\/es\/?s={search_term_string}\"},\"query-input\":{\"@type\":\"PropertyValueSpecification\",\"valueRequired\":true,\"valueName\":\"search_term_string\"}}],\"inLanguage\":\"es\"},{\"@type\":\"Organization\",\"@id\":\"https:\/\/www.pressenza.com\/es\/#organization\",\"name\":\"Pressenza\",\"url\":\"https:\/\/www.pressenza.com\/es\/\",\"logo\":{\"@type\":\"ImageObject\",\"inLanguage\":\"es\",\"@id\":\"https:\/\/www.pressenza.com\/es\/#\/schema\/logo\/image\/\",\"url\":\"https:\/\/www.pressenza.com\/wp-content\/uploads\/2022\/10\/pressenza_logo_200x200.jpg\",\"contentUrl\":\"https:\/\/www.pressenza.com\/wp-content\/uploads\/2022\/10\/pressenza_logo_200x200.jpg\",\"width\":200,\"height\":200,\"caption\":\"Pressenza\"},\"image\":{\"@id\":\"https:\/\/www.pressenza.com\/es\/#\/schema\/logo\/image\/\"},\"sameAs\":[\"https:\/\/www.facebook.com\/PressenzaItalia\",\"https:\/\/x.com\/PressenzaIPA\"]},{\"@type\":\"Person\",\"@id\":\"https:\/\/www.pressenza.com\/es\/#\/schema\/person\/7467f88f6765c239bdd52f3c432de81a\",\"name\":\"Inter Press Service\",\"description\":\"IPS is an international communications institution at the heart of a global news agency that amplifies the voices of the South and civil society on development, globalisation, human rights and the environment. www.ipsnews.net\",\"sameAs\":[\"http:\/\/www.facebook.com\/ipsnoticias\",\"https:\/\/x.com\/ipsnoticias\"],\"url\":\"https:\/\/www.pressenza.com\/es\/author\/ips-inter-press-service\/\"}]}<\/script>\n<!-- \/ Yoast SEO plugin. -->","yoast_head_json":{"title":"Veredicto sobre muerte de periodista aviva desconfianza en la justicia de Eslovaquia","description":"Por\u00a0Ed Holt BRATISLAVA, 4 sep 2020 (IPS)\u00a0- La justicia de Eslovaquia absolvi\u00f3 por falta de pruebas a un empresario con supuestos v\u00ednculos con el crimen","robots":{"index":"index","follow":"follow","max-snippet":"max-snippet:-1","max-image-preview":"max-image-preview:large","max-video-preview":"max-video-preview:-1"},"canonical":"https:\/\/www.pressenza.com\/es\/2020\/09\/veredicto-sobre-muerte-de-periodista-aviva-desconfianza-en-la-justicia-de-eslovaquia\/","og_locale":"es_ES","og_type":"article","og_title":"Veredicto sobre muerte de periodista aviva desconfianza en la justicia de Eslovaquia","og_description":"Por\u00a0Ed Holt BRATISLAVA, 4 sep 2020 (IPS)\u00a0- La justicia de Eslovaquia absolvi\u00f3 por falta de pruebas a un empresario con supuestos v\u00ednculos con el crimen","og_url":"https:\/\/www.pressenza.com\/es\/2020\/09\/veredicto-sobre-muerte-de-periodista-aviva-desconfianza-en-la-justicia-de-eslovaquia\/","og_site_name":"Pressenza","article_publisher":"https:\/\/www.facebook.com\/PressenzaItalia","article_author":"http:\/\/www.facebook.com\/ipsnoticias","article_published_time":"2020-09-07T00:03:34+00:00","og_image":[{"width":800,"height":600,"url":"https:\/\/www.pressenza.com\/wp-content\/uploads\/2020\/09\/periodista-eslovaquia-1.jpg","type":"image\/jpeg"}],"author":"Inter Press Service","twitter_card":"summary_large_image","twitter_creator":"@ipsnoticias","twitter_site":"@PressenzaIPA","twitter_misc":{"Escrito por":"Inter Press Service","Tiempo de lectura":"8 minutos"},"schema":{"@context":"https:\/\/schema.org","@graph":[{"@type":"Article","@id":"https:\/\/www.pressenza.com\/es\/2020\/09\/veredicto-sobre-muerte-de-periodista-aviva-desconfianza-en-la-justicia-de-eslovaquia\/#article","isPartOf":{"@id":"https:\/\/www.pressenza.com\/es\/2020\/09\/veredicto-sobre-muerte-de-periodista-aviva-desconfianza-en-la-justicia-de-eslovaquia\/"},"author":{"name":"Inter Press Service","@id":"https:\/\/www.pressenza.com\/es\/#\/schema\/person\/7467f88f6765c239bdd52f3c432de81a"},"headline":"Veredicto sobre muerte de periodista aviva desconfianza en la justicia de Eslovaquia","datePublished":"2020-09-07T00:03:34+00:00","mainEntityOfPage":{"@id":"https:\/\/www.pressenza.com\/es\/2020\/09\/veredicto-sobre-muerte-de-periodista-aviva-desconfianza-en-la-justicia-de-eslovaquia\/"},"wordCount":1545,"publisher":{"@id":"https:\/\/www.pressenza.com\/es\/#organization"},"image":{"@id":"https:\/\/www.pressenza.com\/es\/2020\/09\/veredicto-sobre-muerte-de-periodista-aviva-desconfianza-en-la-justicia-de-eslovaquia\/#primaryimage"},"thumbnailUrl":"https:\/\/www.pressenza.com\/wp-content\/uploads\/2020\/09\/periodista-eslovaquia-1.jpg","keywords":["Corte Suprema de Justicia","Eslovaquia","Impunidad","investigaciones"],"articleSection":["Europa","Pol\u00edtica"],"inLanguage":"es"},{"@type":"WebPage","@id":"https:\/\/www.pressenza.com\/es\/2020\/09\/veredicto-sobre-muerte-de-periodista-aviva-desconfianza-en-la-justicia-de-eslovaquia\/","url":"https:\/\/www.pressenza.com\/es\/2020\/09\/veredicto-sobre-muerte-de-periodista-aviva-desconfianza-en-la-justicia-de-eslovaquia\/","name":"Veredicto sobre muerte de periodista aviva desconfianza en la justicia de Eslovaquia","isPartOf":{"@id":"https:\/\/www.pressenza.com\/es\/#website"},"primaryImageOfPage":{"@id":"https:\/\/www.pressenza.com\/es\/2020\/09\/veredicto-sobre-muerte-de-periodista-aviva-desconfianza-en-la-justicia-de-eslovaquia\/#primaryimage"},"image":{"@id":"https:\/\/www.pressenza.com\/es\/2020\/09\/veredicto-sobre-muerte-de-periodista-aviva-desconfianza-en-la-justicia-de-eslovaquia\/#primaryimage"},"thumbnailUrl":"https:\/\/www.pressenza.com\/wp-content\/uploads\/2020\/09\/periodista-eslovaquia-1.jpg","datePublished":"2020-09-07T00:03:34+00:00","description":"Por\u00a0Ed Holt BRATISLAVA, 4 sep 2020 (IPS)\u00a0- La justicia de Eslovaquia absolvi\u00f3 por falta de pruebas a un empresario con supuestos v\u00ednculos con el crimen","breadcrumb":{"@id":"https:\/\/www.pressenza.com\/es\/2020\/09\/veredicto-sobre-muerte-de-periodista-aviva-desconfianza-en-la-justicia-de-eslovaquia\/#breadcrumb"},"inLanguage":"es","potentialAction":[{"@type":"ReadAction","target":["https:\/\/www.pressenza.com\/es\/2020\/09\/veredicto-sobre-muerte-de-periodista-aviva-desconfianza-en-la-justicia-de-eslovaquia\/"]}]},{"@type":"ImageObject","inLanguage":"es","@id":"https:\/\/www.pressenza.com\/es\/2020\/09\/veredicto-sobre-muerte-de-periodista-aviva-desconfianza-en-la-justicia-de-eslovaquia\/#primaryimage","url":"https:\/\/www.pressenza.com\/wp-content\/uploads\/2020\/09\/periodista-eslovaquia-1.jpg","contentUrl":"https:\/\/www.pressenza.com\/wp-content\/uploads\/2020\/09\/periodista-eslovaquia-1.jpg","width":800,"height":600},{"@type":"BreadcrumbList","@id":"https:\/\/www.pressenza.com\/es\/2020\/09\/veredicto-sobre-muerte-de-periodista-aviva-desconfianza-en-la-justicia-de-eslovaquia\/#breadcrumb","itemListElement":[{"@type":"ListItem","position":1,"name":"Accueil","item":"https:\/\/www.pressenza.com\/es\/"},{"@type":"ListItem","position":2,"name":"Veredicto sobre muerte de periodista aviva desconfianza en la justicia de Eslovaquia"}]},{"@type":"WebSite","@id":"https:\/\/www.pressenza.com\/es\/#website","url":"https:\/\/www.pressenza.com\/es\/","name":"Pressenza","description":"International Press Agency","publisher":{"@id":"https:\/\/www.pressenza.com\/es\/#organization"},"potentialAction":[{"@type":"SearchAction","target":{"@type":"EntryPoint","urlTemplate":"https:\/\/www.pressenza.com\/es\/?s={search_term_string}"},"query-input":{"@type":"PropertyValueSpecification","valueRequired":true,"valueName":"search_term_string"}}],"inLanguage":"es"},{"@type":"Organization","@id":"https:\/\/www.pressenza.com\/es\/#organization","name":"Pressenza","url":"https:\/\/www.pressenza.com\/es\/","logo":{"@type":"ImageObject","inLanguage":"es","@id":"https:\/\/www.pressenza.com\/es\/#\/schema\/logo\/image\/","url":"https:\/\/www.pressenza.com\/wp-content\/uploads\/2022\/10\/pressenza_logo_200x200.jpg","contentUrl":"https:\/\/www.pressenza.com\/wp-content\/uploads\/2022\/10\/pressenza_logo_200x200.jpg","width":200,"height":200,"caption":"Pressenza"},"image":{"@id":"https:\/\/www.pressenza.com\/es\/#\/schema\/logo\/image\/"},"sameAs":["https:\/\/www.facebook.com\/PressenzaItalia","https:\/\/x.com\/PressenzaIPA"]},{"@type":"Person","@id":"https:\/\/www.pressenza.com\/es\/#\/schema\/person\/7467f88f6765c239bdd52f3c432de81a","name":"Inter Press Service","description":"IPS is an international communications institution at the heart of a global news agency that amplifies the voices of the South and civil society on development, globalisation, human rights and the environment. www.ipsnews.net","sameAs":["http:\/\/www.facebook.com\/ipsnoticias","https:\/\/x.com\/ipsnoticias"],"url":"https:\/\/www.pressenza.com\/es\/author\/ips-inter-press-service\/"}]}},"place":"","original_article_url":"http:\/\/www.ipsnoticias.net\/2020\/09\/veredicto-muerte-periodista-aviva-desconfianza-la-justicia-de-eslovaquia\/","_links":{"self":[{"href":"https:\/\/www.pressenza.com\/es\/wp-json\/wp\/v2\/posts\/1191171","targetHints":{"allow":["GET"]}}],"collection":[{"href":"https:\/\/www.pressenza.com\/es\/wp-json\/wp\/v2\/posts"}],"about":[{"href":"https:\/\/www.pressenza.com\/es\/wp-json\/wp\/v2\/types\/post"}],"author":[{"embeddable":true,"href":"https:\/\/www.pressenza.com\/es\/wp-json\/wp\/v2\/users\/347"}],"replies":[{"embeddable":true,"href":"https:\/\/www.pressenza.com\/es\/wp-json\/wp\/v2\/comments?post=1191171"}],"version-history":[{"count":0,"href":"https:\/\/www.pressenza.com\/es\/wp-json\/wp\/v2\/posts\/1191171\/revisions"}],"wp:featuredmedia":[{"embeddable":true,"href":"https:\/\/www.pressenza.com\/es\/wp-json\/wp\/v2\/media\/1191182"}],"wp:attachment":[{"href":"https:\/\/www.pressenza.com\/es\/wp-json\/wp\/v2\/media?parent=1191171"}],"wp:term":[{"taxonomy":"category","embeddable":true,"href":"https:\/\/www.pressenza.com\/es\/wp-json\/wp\/v2\/categories?post=1191171"},{"taxonomy":"post_tag","embeddable":true,"href":"https:\/\/www.pressenza.com\/es\/wp-json\/wp\/v2\/tags?post=1191171"}],"curies":[{"name":"wp","href":"https:\/\/api.w.org\/{rel}","templated":true}]}}