{"id":1190849,"date":"2020-09-06T00:29:52","date_gmt":"2020-09-05T23:29:52","guid":{"rendered":"https:\/\/www.pressenza.com\/?p=1190849"},"modified":"2020-09-06T00:29:52","modified_gmt":"2020-09-05T23:29:52","slug":"video-presentacion-de-libro-la-experiencia-trascendental-metodologia-para-una-ascesis-con-apoyo-de-camara-de-supresion-sensorial-varios-autores","status":"publish","type":"post","link":"https:\/\/www.pressenza.com\/es\/2020\/09\/video-presentacion-de-libro-la-experiencia-trascendental-metodologia-para-una-ascesis-con-apoyo-de-camara-de-supresion-sensorial-varios-autores\/","title":{"rendered":"V\u00eddeo: Presentaci\u00f3n de libro \u00abLa experiencia Trascendental &#8211; Metodolog\u00eda para una Ascesis con apoyo de C\u00e1mara de Supresi\u00f3n Sensorial\u00bb, varios autores"},"content":{"rendered":"<p>Ac\u00e1 reproducimos el v\u00eddeo de la presentaci\u00f3n de esta obra que fuera comentada hoy en el marco de la Segunda Lluvia de Libros, feria editorial organizada por la Asociaci\u00f3n de Editores de Chile, por algunos de sus autores: Federico Palumbo desde Italia, P\u00eda Figueroa desde Chile, Quim de Riba desde Espa\u00f1a y Jos\u00e9 Gabriel Feres en su doble calidad de autor y editor del libro.<\/p>\n<p>Las versiones en papel como en e-pub (para tablets) en Espa\u00f1ol e Ingl\u00e9s pueden adquirirse en <a href=\"https:\/\/www.libreriahumanista.com\">www.libreriahumanista.com<\/a><\/p>\n<p><iframe loading=\"lazy\" title=\"Presentaci\u00f3n La Experiencia Trascendental   Lluvia de Libros\" width=\"500\" height=\"281\" src=\"https:\/\/www.youtube.com\/embed\/jTcprJmZHok?feature=oembed\" frameborder=\"0\" allow=\"accelerometer; autoplay; clipboard-write; encrypted-media; gyroscope; picture-in-picture; web-share\" referrerpolicy=\"strict-origin-when-cross-origin\" allowfullscreen><\/iframe><\/p>\n","protected":false},"excerpt":{"rendered":"<p>Ac\u00e1 reproducimos el v\u00eddeo de la presentaci\u00f3n de esta obra que fuera comentada hoy en el marco de la Segunda Lluvia de Libros, feria editorial organizada por la Asociaci\u00f3n de Editores de Chile, por algunos de sus autores: Federico Palumbo&hellip;<\/p>\n","protected":false},"author":43,"featured_media":1190851,"comment_status":"closed","ping_status":"closed","sticky":false,"template":"","format":"standard","meta":{"footnotes":""},"categories":[11389,1240,39,25678],"tags":[74426,80917,1042,547],"class_list":["post-1190849","post","type-post","status-publish","format-standard","has-post-thumbnail","hentry","category-contenido-original","category-humanismo-espiritualidad","category-internacional","category-video-es","tag-camara-de-supresion-sensorial","tag-la-experiencia-trascendental","tag-libros","tag-siloismo"],"yoast_head":"<!-- This site is optimized with the Yoast SEO plugin v27.1.1 - https:\/\/yoast.com\/product\/yoast-seo-wordpress\/ -->\n<title>V\u00eddeo: Presentaci\u00f3n de libro &quot;La experiencia Trascendental - Metodolog\u00eda para una Ascesis con apoyo de C\u00e1mara de Supresi\u00f3n Sensorial&quot;, varios autores<\/title>\n<meta name=\"description\" content=\"Ac\u00e1 reproducimos el v\u00eddeo de la presentaci\u00f3n de esta obra que fuera comentada hoy en el marco de la Segunda Lluvia de Libros, feria editorial organizada\" \/>\n<meta name=\"robots\" content=\"index, follow, max-snippet:-1, max-image-preview:large, max-video-preview:-1\" \/>\n<link rel=\"canonical\" href=\"https:\/\/www.pressenza.com\/es\/2020\/09\/video-presentacion-de-libro-la-experiencia-trascendental-metodologia-para-una-ascesis-con-apoyo-de-camara-de-supresion-sensorial-varios-autores\/\" \/>\n<meta property=\"og:locale\" content=\"es_ES\" \/>\n<meta property=\"og:type\" content=\"article\" \/>\n<meta property=\"og:title\" content=\"V\u00eddeo: Presentaci\u00f3n de libro &quot;La experiencia Trascendental - Metodolog\u00eda para una Ascesis con apoyo de C\u00e1mara de Supresi\u00f3n Sensorial&quot;, varios autores\" \/>\n<meta property=\"og:description\" content=\"Ac\u00e1 reproducimos el v\u00eddeo de la presentaci\u00f3n de esta obra que fuera comentada hoy en el marco de la Segunda Lluvia de Libros, feria editorial organizada\" \/>\n<meta property=\"og:url\" content=\"https:\/\/www.pressenza.com\/es\/2020\/09\/video-presentacion-de-libro-la-experiencia-trascendental-metodologia-para-una-ascesis-con-apoyo-de-camara-de-supresion-sensorial-varios-autores\/\" \/>\n<meta property=\"og:site_name\" content=\"Pressenza\" \/>\n<meta property=\"article:publisher\" content=\"https:\/\/www.facebook.com\/PressenzaItalia\" \/>\n<meta property=\"article:author\" content=\"https:\/\/www.facebook.com\/pressenza\" \/>\n<meta property=\"article:published_time\" content=\"2020-09-05T23:29:52+00:00\" \/>\n<meta property=\"og:image\" content=\"https:\/\/www.pressenza.com\/wp-content\/uploads\/2020\/09\/2a.-Lluvia-del-libro.jpg\" \/>\n\t<meta property=\"og:image:width\" content=\"700\" \/>\n\t<meta property=\"og:image:height\" content=\"300\" \/>\n\t<meta property=\"og:image:type\" content=\"image\/jpeg\" \/>\n<meta name=\"author\" content=\"Redacci\u00f3n Chile\" \/>\n<meta name=\"twitter:card\" content=\"summary_large_image\" \/>\n<meta name=\"twitter:creator\" content=\"@pressenza\" \/>\n<meta name=\"twitter:site\" content=\"@PressenzaIPA\" \/>\n<meta name=\"twitter:label1\" content=\"Escrito por\" \/>\n\t<meta name=\"twitter:data1\" content=\"Redacci\u00f3n Chile\" \/>\n<script type=\"application\/ld+json\" class=\"yoast-schema-graph\">{\"@context\":\"https:\/\/schema.org\",\"@graph\":[{\"@type\":\"Article\",\"@id\":\"https:\/\/www.pressenza.com\/es\/2020\/09\/video-presentacion-de-libro-la-experiencia-trascendental-metodologia-para-una-ascesis-con-apoyo-de-camara-de-supresion-sensorial-varios-autores\/#article\",\"isPartOf\":{\"@id\":\"https:\/\/www.pressenza.com\/es\/2020\/09\/video-presentacion-de-libro-la-experiencia-trascendental-metodologia-para-una-ascesis-con-apoyo-de-camara-de-supresion-sensorial-varios-autores\/\"},\"author\":{\"name\":\"Redacci\u00f3n Chile\",\"@id\":\"https:\/\/www.pressenza.com\/es\/#\/schema\/person\/d7db40df35d6698ba69ba9ee260944ed\"},\"headline\":\"V\u00eddeo: Presentaci\u00f3n de libro \u00abLa experiencia Trascendental &#8211; Metodolog\u00eda para una Ascesis con apoyo de C\u00e1mara de Supresi\u00f3n Sensorial\u00bb, varios autores\",\"datePublished\":\"2020-09-05T23:29:52+00:00\",\"mainEntityOfPage\":{\"@id\":\"https:\/\/www.pressenza.com\/es\/2020\/09\/video-presentacion-de-libro-la-experiencia-trascendental-metodologia-para-una-ascesis-con-apoyo-de-camara-de-supresion-sensorial-varios-autores\/\"},\"wordCount\":121,\"publisher\":{\"@id\":\"https:\/\/www.pressenza.com\/es\/#organization\"},\"image\":{\"@id\":\"https:\/\/www.pressenza.com\/es\/2020\/09\/video-presentacion-de-libro-la-experiencia-trascendental-metodologia-para-una-ascesis-con-apoyo-de-camara-de-supresion-sensorial-varios-autores\/#primaryimage\"},\"thumbnailUrl\":\"https:\/\/www.pressenza.com\/wp-content\/uploads\/2020\/09\/2a.-Lluvia-del-libro.jpg\",\"keywords\":[\"C\u00e1mara de Supresi\u00f3n Sensorial\",\"La Experiencia Trascendental\",\"libros\",\"Silo\u00edsmo\"],\"articleSection\":[\"Contenido Original\",\"Humanismo y Espiritualidad\",\"Internacional\",\"Video\"],\"inLanguage\":\"es\"},{\"@type\":\"WebPage\",\"@id\":\"https:\/\/www.pressenza.com\/es\/2020\/09\/video-presentacion-de-libro-la-experiencia-trascendental-metodologia-para-una-ascesis-con-apoyo-de-camara-de-supresion-sensorial-varios-autores\/\",\"url\":\"https:\/\/www.pressenza.com\/es\/2020\/09\/video-presentacion-de-libro-la-experiencia-trascendental-metodologia-para-una-ascesis-con-apoyo-de-camara-de-supresion-sensorial-varios-autores\/\",\"name\":\"V\u00eddeo: Presentaci\u00f3n de libro \\\"La experiencia Trascendental - Metodolog\u00eda para una Ascesis con apoyo de C\u00e1mara de Supresi\u00f3n Sensorial\\\", varios autores\",\"isPartOf\":{\"@id\":\"https:\/\/www.pressenza.com\/es\/#website\"},\"primaryImageOfPage\":{\"@id\":\"https:\/\/www.pressenza.com\/es\/2020\/09\/video-presentacion-de-libro-la-experiencia-trascendental-metodologia-para-una-ascesis-con-apoyo-de-camara-de-supresion-sensorial-varios-autores\/#primaryimage\"},\"image\":{\"@id\":\"https:\/\/www.pressenza.com\/es\/2020\/09\/video-presentacion-de-libro-la-experiencia-trascendental-metodologia-para-una-ascesis-con-apoyo-de-camara-de-supresion-sensorial-varios-autores\/#primaryimage\"},\"thumbnailUrl\":\"https:\/\/www.pressenza.com\/wp-content\/uploads\/2020\/09\/2a.-Lluvia-del-libro.jpg\",\"datePublished\":\"2020-09-05T23:29:52+00:00\",\"description\":\"Ac\u00e1 reproducimos el v\u00eddeo de la presentaci\u00f3n de esta obra que fuera comentada hoy en el marco de la Segunda Lluvia de Libros, feria editorial organizada\",\"breadcrumb\":{\"@id\":\"https:\/\/www.pressenza.com\/es\/2020\/09\/video-presentacion-de-libro-la-experiencia-trascendental-metodologia-para-una-ascesis-con-apoyo-de-camara-de-supresion-sensorial-varios-autores\/#breadcrumb\"},\"inLanguage\":\"es\",\"potentialAction\":[{\"@type\":\"ReadAction\",\"target\":[\"https:\/\/www.pressenza.com\/es\/2020\/09\/video-presentacion-de-libro-la-experiencia-trascendental-metodologia-para-una-ascesis-con-apoyo-de-camara-de-supresion-sensorial-varios-autores\/\"]}]},{\"@type\":\"ImageObject\",\"inLanguage\":\"es\",\"@id\":\"https:\/\/www.pressenza.com\/es\/2020\/09\/video-presentacion-de-libro-la-experiencia-trascendental-metodologia-para-una-ascesis-con-apoyo-de-camara-de-supresion-sensorial-varios-autores\/#primaryimage\",\"url\":\"https:\/\/www.pressenza.com\/wp-content\/uploads\/2020\/09\/2a.-Lluvia-del-libro.jpg\",\"contentUrl\":\"https:\/\/www.pressenza.com\/wp-content\/uploads\/2020\/09\/2a.-Lluvia-del-libro.jpg\",\"width\":700,\"height\":300,\"caption\":\"2a. Lluvia del libro\"},{\"@type\":\"BreadcrumbList\",\"@id\":\"https:\/\/www.pressenza.com\/es\/2020\/09\/video-presentacion-de-libro-la-experiencia-trascendental-metodologia-para-una-ascesis-con-apoyo-de-camara-de-supresion-sensorial-varios-autores\/#breadcrumb\",\"itemListElement\":[{\"@type\":\"ListItem\",\"position\":1,\"name\":\"Accueil\",\"item\":\"https:\/\/www.pressenza.com\/es\/\"},{\"@type\":\"ListItem\",\"position\":2,\"name\":\"V\u00eddeo: Presentaci\u00f3n de libro \u00abLa experiencia Trascendental &#8211; Metodolog\u00eda para una Ascesis con apoyo de C\u00e1mara de Supresi\u00f3n Sensorial\u00bb, varios autores\"}]},{\"@type\":\"WebSite\",\"@id\":\"https:\/\/www.pressenza.com\/es\/#website\",\"url\":\"https:\/\/www.pressenza.com\/es\/\",\"name\":\"Pressenza\",\"description\":\"International Press Agency\",\"publisher\":{\"@id\":\"https:\/\/www.pressenza.com\/es\/#organization\"},\"potentialAction\":[{\"@type\":\"SearchAction\",\"target\":{\"@type\":\"EntryPoint\",\"urlTemplate\":\"https:\/\/www.pressenza.com\/es\/?s={search_term_string}\"},\"query-input\":{\"@type\":\"PropertyValueSpecification\",\"valueRequired\":true,\"valueName\":\"search_term_string\"}}],\"inLanguage\":\"es\"},{\"@type\":\"Organization\",\"@id\":\"https:\/\/www.pressenza.com\/es\/#organization\",\"name\":\"Pressenza\",\"url\":\"https:\/\/www.pressenza.com\/es\/\",\"logo\":{\"@type\":\"ImageObject\",\"inLanguage\":\"es\",\"@id\":\"https:\/\/www.pressenza.com\/es\/#\/schema\/logo\/image\/\",\"url\":\"https:\/\/www.pressenza.com\/wp-content\/uploads\/2022\/10\/pressenza_logo_200x200.jpg\",\"contentUrl\":\"https:\/\/www.pressenza.com\/wp-content\/uploads\/2022\/10\/pressenza_logo_200x200.jpg\",\"width\":200,\"height\":200,\"caption\":\"Pressenza\"},\"image\":{\"@id\":\"https:\/\/www.pressenza.com\/es\/#\/schema\/logo\/image\/\"},\"sameAs\":[\"https:\/\/www.facebook.com\/PressenzaItalia\",\"https:\/\/x.com\/PressenzaIPA\"]},{\"@type\":\"Person\",\"@id\":\"https:\/\/www.pressenza.com\/es\/#\/schema\/person\/d7db40df35d6698ba69ba9ee260944ed\",\"name\":\"Redacci\u00f3n Chile\",\"description\":\"News from the Pressenza Bureau in Chile\",\"sameAs\":[\"https:\/\/www.facebook.com\/pressenza\",\"https:\/\/x.com\/pressenza\"],\"url\":\"https:\/\/www.pressenza.com\/es\/author\/redaccion-chile\/\"}]}<\/script>\n<!-- \/ Yoast SEO plugin. -->","yoast_head_json":{"title":"V\u00eddeo: Presentaci\u00f3n de libro \"La experiencia Trascendental - Metodolog\u00eda para una Ascesis con apoyo de C\u00e1mara de Supresi\u00f3n Sensorial\", varios autores","description":"Ac\u00e1 reproducimos el v\u00eddeo de la presentaci\u00f3n de esta obra que fuera comentada hoy en el marco de la Segunda Lluvia de Libros, feria editorial organizada","robots":{"index":"index","follow":"follow","max-snippet":"max-snippet:-1","max-image-preview":"max-image-preview:large","max-video-preview":"max-video-preview:-1"},"canonical":"https:\/\/www.pressenza.com\/es\/2020\/09\/video-presentacion-de-libro-la-experiencia-trascendental-metodologia-para-una-ascesis-con-apoyo-de-camara-de-supresion-sensorial-varios-autores\/","og_locale":"es_ES","og_type":"article","og_title":"V\u00eddeo: Presentaci\u00f3n de libro \"La experiencia Trascendental - Metodolog\u00eda para una Ascesis con apoyo de C\u00e1mara de Supresi\u00f3n Sensorial\", varios autores","og_description":"Ac\u00e1 reproducimos el v\u00eddeo de la presentaci\u00f3n de esta obra que fuera comentada hoy en el marco de la Segunda Lluvia de Libros, feria editorial organizada","og_url":"https:\/\/www.pressenza.com\/es\/2020\/09\/video-presentacion-de-libro-la-experiencia-trascendental-metodologia-para-una-ascesis-con-apoyo-de-camara-de-supresion-sensorial-varios-autores\/","og_site_name":"Pressenza","article_publisher":"https:\/\/www.facebook.com\/PressenzaItalia","article_author":"https:\/\/www.facebook.com\/pressenza","article_published_time":"2020-09-05T23:29:52+00:00","og_image":[{"width":700,"height":300,"url":"https:\/\/www.pressenza.com\/wp-content\/uploads\/2020\/09\/2a.-Lluvia-del-libro.jpg","type":"image\/jpeg"}],"author":"Redacci\u00f3n Chile","twitter_card":"summary_large_image","twitter_creator":"@pressenza","twitter_site":"@PressenzaIPA","twitter_misc":{"Escrito por":"Redacci\u00f3n Chile"},"schema":{"@context":"https:\/\/schema.org","@graph":[{"@type":"Article","@id":"https:\/\/www.pressenza.com\/es\/2020\/09\/video-presentacion-de-libro-la-experiencia-trascendental-metodologia-para-una-ascesis-con-apoyo-de-camara-de-supresion-sensorial-varios-autores\/#article","isPartOf":{"@id":"https:\/\/www.pressenza.com\/es\/2020\/09\/video-presentacion-de-libro-la-experiencia-trascendental-metodologia-para-una-ascesis-con-apoyo-de-camara-de-supresion-sensorial-varios-autores\/"},"author":{"name":"Redacci\u00f3n Chile","@id":"https:\/\/www.pressenza.com\/es\/#\/schema\/person\/d7db40df35d6698ba69ba9ee260944ed"},"headline":"V\u00eddeo: Presentaci\u00f3n de libro \u00abLa experiencia Trascendental &#8211; Metodolog\u00eda para una Ascesis con apoyo de C\u00e1mara de Supresi\u00f3n Sensorial\u00bb, varios autores","datePublished":"2020-09-05T23:29:52+00:00","mainEntityOfPage":{"@id":"https:\/\/www.pressenza.com\/es\/2020\/09\/video-presentacion-de-libro-la-experiencia-trascendental-metodologia-para-una-ascesis-con-apoyo-de-camara-de-supresion-sensorial-varios-autores\/"},"wordCount":121,"publisher":{"@id":"https:\/\/www.pressenza.com\/es\/#organization"},"image":{"@id":"https:\/\/www.pressenza.com\/es\/2020\/09\/video-presentacion-de-libro-la-experiencia-trascendental-metodologia-para-una-ascesis-con-apoyo-de-camara-de-supresion-sensorial-varios-autores\/#primaryimage"},"thumbnailUrl":"https:\/\/www.pressenza.com\/wp-content\/uploads\/2020\/09\/2a.-Lluvia-del-libro.jpg","keywords":["C\u00e1mara de Supresi\u00f3n Sensorial","La Experiencia Trascendental","libros","Silo\u00edsmo"],"articleSection":["Contenido Original","Humanismo y Espiritualidad","Internacional","Video"],"inLanguage":"es"},{"@type":"WebPage","@id":"https:\/\/www.pressenza.com\/es\/2020\/09\/video-presentacion-de-libro-la-experiencia-trascendental-metodologia-para-una-ascesis-con-apoyo-de-camara-de-supresion-sensorial-varios-autores\/","url":"https:\/\/www.pressenza.com\/es\/2020\/09\/video-presentacion-de-libro-la-experiencia-trascendental-metodologia-para-una-ascesis-con-apoyo-de-camara-de-supresion-sensorial-varios-autores\/","name":"V\u00eddeo: Presentaci\u00f3n de libro \"La experiencia Trascendental - Metodolog\u00eda para una Ascesis con apoyo de C\u00e1mara de Supresi\u00f3n Sensorial\", varios autores","isPartOf":{"@id":"https:\/\/www.pressenza.com\/es\/#website"},"primaryImageOfPage":{"@id":"https:\/\/www.pressenza.com\/es\/2020\/09\/video-presentacion-de-libro-la-experiencia-trascendental-metodologia-para-una-ascesis-con-apoyo-de-camara-de-supresion-sensorial-varios-autores\/#primaryimage"},"image":{"@id":"https:\/\/www.pressenza.com\/es\/2020\/09\/video-presentacion-de-libro-la-experiencia-trascendental-metodologia-para-una-ascesis-con-apoyo-de-camara-de-supresion-sensorial-varios-autores\/#primaryimage"},"thumbnailUrl":"https:\/\/www.pressenza.com\/wp-content\/uploads\/2020\/09\/2a.-Lluvia-del-libro.jpg","datePublished":"2020-09-05T23:29:52+00:00","description":"Ac\u00e1 reproducimos el v\u00eddeo de la presentaci\u00f3n de esta obra que fuera comentada hoy en el marco de la Segunda Lluvia de Libros, feria editorial organizada","breadcrumb":{"@id":"https:\/\/www.pressenza.com\/es\/2020\/09\/video-presentacion-de-libro-la-experiencia-trascendental-metodologia-para-una-ascesis-con-apoyo-de-camara-de-supresion-sensorial-varios-autores\/#breadcrumb"},"inLanguage":"es","potentialAction":[{"@type":"ReadAction","target":["https:\/\/www.pressenza.com\/es\/2020\/09\/video-presentacion-de-libro-la-experiencia-trascendental-metodologia-para-una-ascesis-con-apoyo-de-camara-de-supresion-sensorial-varios-autores\/"]}]},{"@type":"ImageObject","inLanguage":"es","@id":"https:\/\/www.pressenza.com\/es\/2020\/09\/video-presentacion-de-libro-la-experiencia-trascendental-metodologia-para-una-ascesis-con-apoyo-de-camara-de-supresion-sensorial-varios-autores\/#primaryimage","url":"https:\/\/www.pressenza.com\/wp-content\/uploads\/2020\/09\/2a.-Lluvia-del-libro.jpg","contentUrl":"https:\/\/www.pressenza.com\/wp-content\/uploads\/2020\/09\/2a.-Lluvia-del-libro.jpg","width":700,"height":300,"caption":"2a. Lluvia del libro"},{"@type":"BreadcrumbList","@id":"https:\/\/www.pressenza.com\/es\/2020\/09\/video-presentacion-de-libro-la-experiencia-trascendental-metodologia-para-una-ascesis-con-apoyo-de-camara-de-supresion-sensorial-varios-autores\/#breadcrumb","itemListElement":[{"@type":"ListItem","position":1,"name":"Accueil","item":"https:\/\/www.pressenza.com\/es\/"},{"@type":"ListItem","position":2,"name":"V\u00eddeo: Presentaci\u00f3n de libro \u00abLa experiencia Trascendental &#8211; Metodolog\u00eda para una Ascesis con apoyo de C\u00e1mara de Supresi\u00f3n Sensorial\u00bb, varios autores"}]},{"@type":"WebSite","@id":"https:\/\/www.pressenza.com\/es\/#website","url":"https:\/\/www.pressenza.com\/es\/","name":"Pressenza","description":"International Press Agency","publisher":{"@id":"https:\/\/www.pressenza.com\/es\/#organization"},"potentialAction":[{"@type":"SearchAction","target":{"@type":"EntryPoint","urlTemplate":"https:\/\/www.pressenza.com\/es\/?s={search_term_string}"},"query-input":{"@type":"PropertyValueSpecification","valueRequired":true,"valueName":"search_term_string"}}],"inLanguage":"es"},{"@type":"Organization","@id":"https:\/\/www.pressenza.com\/es\/#organization","name":"Pressenza","url":"https:\/\/www.pressenza.com\/es\/","logo":{"@type":"ImageObject","inLanguage":"es","@id":"https:\/\/www.pressenza.com\/es\/#\/schema\/logo\/image\/","url":"https:\/\/www.pressenza.com\/wp-content\/uploads\/2022\/10\/pressenza_logo_200x200.jpg","contentUrl":"https:\/\/www.pressenza.com\/wp-content\/uploads\/2022\/10\/pressenza_logo_200x200.jpg","width":200,"height":200,"caption":"Pressenza"},"image":{"@id":"https:\/\/www.pressenza.com\/es\/#\/schema\/logo\/image\/"},"sameAs":["https:\/\/www.facebook.com\/PressenzaItalia","https:\/\/x.com\/PressenzaIPA"]},{"@type":"Person","@id":"https:\/\/www.pressenza.com\/es\/#\/schema\/person\/d7db40df35d6698ba69ba9ee260944ed","name":"Redacci\u00f3n Chile","description":"News from the Pressenza Bureau in Chile","sameAs":["https:\/\/www.facebook.com\/pressenza","https:\/\/x.com\/pressenza"],"url":"https:\/\/www.pressenza.com\/es\/author\/redaccion-chile\/"}]}},"place":"Santiago de Chile","original_article_url":"","_links":{"self":[{"href":"https:\/\/www.pressenza.com\/es\/wp-json\/wp\/v2\/posts\/1190849","targetHints":{"allow":["GET"]}}],"collection":[{"href":"https:\/\/www.pressenza.com\/es\/wp-json\/wp\/v2\/posts"}],"about":[{"href":"https:\/\/www.pressenza.com\/es\/wp-json\/wp\/v2\/types\/post"}],"author":[{"embeddable":true,"href":"https:\/\/www.pressenza.com\/es\/wp-json\/wp\/v2\/users\/43"}],"replies":[{"embeddable":true,"href":"https:\/\/www.pressenza.com\/es\/wp-json\/wp\/v2\/comments?post=1190849"}],"version-history":[{"count":0,"href":"https:\/\/www.pressenza.com\/es\/wp-json\/wp\/v2\/posts\/1190849\/revisions"}],"wp:featuredmedia":[{"embeddable":true,"href":"https:\/\/www.pressenza.com\/es\/wp-json\/wp\/v2\/media\/1190851"}],"wp:attachment":[{"href":"https:\/\/www.pressenza.com\/es\/wp-json\/wp\/v2\/media?parent=1190849"}],"wp:term":[{"taxonomy":"category","embeddable":true,"href":"https:\/\/www.pressenza.com\/es\/wp-json\/wp\/v2\/categories?post=1190849"},{"taxonomy":"post_tag","embeddable":true,"href":"https:\/\/www.pressenza.com\/es\/wp-json\/wp\/v2\/tags?post=1190849"}],"curies":[{"name":"wp","href":"https:\/\/api.w.org\/{rel}","templated":true}]}}