{"id":1189418,"date":"2020-09-03T18:53:58","date_gmt":"2020-09-03T17:53:58","guid":{"rendered":"https:\/\/www.pressenza.com\/?p=1189418"},"modified":"2020-09-03T18:53:58","modified_gmt":"2020-09-03T17:53:58","slug":"presentacion-del-libro-la-experiencia-trascendental-metodologia-para-una-ascesis-con-apoyo-de-camara-de-supresion-sensorial-en-feria-virtual","status":"publish","type":"post","link":"https:\/\/www.pressenza.com\/es\/2020\/09\/presentacion-del-libro-la-experiencia-trascendental-metodologia-para-una-ascesis-con-apoyo-de-camara-de-supresion-sensorial-en-feria-virtual\/","title":{"rendered":"Presentaci\u00f3n del libro \u00abLa experiencia trascendental. Metodolog\u00eda para una Ascesis con apoyo de C\u00e1mara de Supresi\u00f3n Sensorial\u00bb en Feria virtual"},"content":{"rendered":"<p>La Experiencia Trascendental \u2013aquella que evidencie la continuidad del \u201cesp\u00edritu\u201d m\u00e1s all\u00e1 de la muerte f\u00edsica del cuerpo\u2013 ha sido el objetivo en torno al cual, ya en \u00e9pocas hist\u00f3ricas, se organizaron variadas escuelas m\u00edsticas. La Ascesis, por su parte, es el particular camino que cada una de ellas desarroll\u00f3 como propuesta para lograr alcanzar esa experiencia.<\/p>\n<p>Silo (1938-2010) \u2013quien \u00a0se refer\u00eda a s\u00ed mismo como un escritor y practicante de lo que llamaba una \u201creligiosidad interna\u201d\u2013 impulsa una propuesta de cambio espiritual y social simult\u00e1neo para avanzar \u00a0hacia la formaci\u00f3n de la Naci\u00f3n Humana Universal. En el campo de la espiritualidad afirma que \u201cno hay sentido en la vida si todo termina con la muerte\u201d, dedicando su escrito de La Mirada Interna (1989) a este tema y, \u00a0por otra parte, en sus Apuntes de Psicolog\u00eda (2006) explica la posibilidad de suspensi\u00f3n y supresi\u00f3n del propio Yo para tomar contacto con otro estado o nivel de conciencia que designa como de \u201cLo Profundo\u201d. Propone entonces una primera etapa de \u201cnivelaci\u00f3n\u201d, previa a la realizaci\u00f3n de una de cuatro \u201cDisciplinas\u201d que \u00e9l desarrollara (mental, energ\u00e9tica, material y morfol\u00f3gica), como pasos previos a una Ascesis que define como: \u201c&#8230;un camino de toda la vida, que va tendiendo a la superaci\u00f3n del Yo para entrar a los espacios profundos de lo sagrado\u201d.<\/p>\n<p>Los autores de este libro, recopilan y ordenan las conclusiones de m\u00e1s de un ciento de hombres y mujeres de distintos pa\u00edses que son parte de los varios miles que han seguido las ense\u00f1anzas de Silo en este campo y la metodolog\u00eda que aqu\u00ed proponen utiliza las ventajas de relajaci\u00f3n y concentraci\u00f3n que tiene una C\u00e1mara de Supresi\u00f3n Sensorial, como tambi\u00e9n las posibilidades que aporta el trabajo conjunto, para favorecer y acelerar el trabajo de Ascesis.<\/p>\n<p>La versi\u00f3n impresa o el e-book\u00a0 de esta obra (ePub, para lectores electr\u00f3nicos gen\u00e9ricos o Mobi, para lectores Kindle de Amazon) se puede conseguir en la pagina web: <a href=\"https:\/\/www.libreriahumanista.com\">www.libreriahumanista.com<\/a><\/p>\n<p>Una presentaci\u00f3n virtual del mismo tendr\u00e1 lugar en \u00abLluvia de libros\u00bb \u2013<a href=\"file:\/\/\/tmp\/mozilla_piafigueroa0\/programa-2-lluvia-de-libros.pdf\">actividad organizada por la Asociaci\u00f3n de Editores de Chile<\/a>\u2013 el s\u00e1bado 5 de septiembre a las 18:00 hrs. y el link para acceder es: <a href=\"https:\/\/www.youtube.com\/channel\/UCfkMLgub6Im2lcremBuxxdA\/videos\">https:\/\/www.youtube.com\/channel\/UCfkMLgub6Im2lcremBuxxdA\/videos<\/a><\/p>\n<p>&nbsp;<\/p>\n","protected":false},"excerpt":{"rendered":"<p>La Experiencia Trascendental \u2013aquella que evidencie la continuidad del \u201cesp\u00edritu\u201d m\u00e1s all\u00e1 de la muerte f\u00edsica del cuerpo\u2013 ha sido el objetivo en torno al cual, ya en \u00e9pocas hist\u00f3ricas, se organizaron variadas escuelas m\u00edsticas. La Ascesis, por su parte,&hellip;<\/p>\n","protected":false},"author":43,"featured_media":1189419,"comment_status":"closed","ping_status":"closed","sticky":false,"template":"","format":"standard","meta":{"footnotes":""},"categories":[11389,75,67],"tags":[80918,29,80917,547,80919],"class_list":["post-1189418","post","type-post","status-publish","format-standard","has-post-thumbnail","hentry","category-contenido-original","category-cultura-es","category-sudamerica","tag-cama-de-supresion-sensorial","tag-chile","tag-la-experiencia-trascendental","tag-siloismo","tag-virtual-ediciones-es"],"yoast_head":"<!-- This site is optimized with the Yoast SEO plugin v27.1.1 - https:\/\/yoast.com\/product\/yoast-seo-wordpress\/ -->\n<title>Presentaci\u00f3n del libro &quot;La experiencia trascendental. Metodolog\u00eda para una Ascesis con apoyo de C\u00e1mara de Supresi\u00f3n Sensorial&quot; en Feria virtual<\/title>\n<meta name=\"description\" content=\"Presentaci\u00f3n del libro &quot;La experiencia trascenedental. Metodolog\u00eda para una Ascesis con apoyo de C\u00e1mara de Supresi\u00f3n Sensorial&quot; en Feria virtual\" \/>\n<meta name=\"robots\" content=\"index, follow, max-snippet:-1, max-image-preview:large, max-video-preview:-1\" \/>\n<link rel=\"canonical\" href=\"https:\/\/www.pressenza.com\/es\/2020\/09\/presentacion-del-libro-la-experiencia-trascendental-metodologia-para-una-ascesis-con-apoyo-de-camara-de-supresion-sensorial-en-feria-virtual\/\" \/>\n<meta property=\"og:locale\" content=\"es_ES\" \/>\n<meta property=\"og:type\" content=\"article\" \/>\n<meta property=\"og:title\" content=\"Presentaci\u00f3n del libro &quot;La experiencia trascendental. Metodolog\u00eda para una Ascesis con apoyo de C\u00e1mara de Supresi\u00f3n Sensorial&quot; en Feria virtual\" \/>\n<meta property=\"og:description\" content=\"Presentaci\u00f3n del libro &quot;La experiencia trascenedental. Metodolog\u00eda para una Ascesis con apoyo de C\u00e1mara de Supresi\u00f3n Sensorial&quot; en Feria virtual\" \/>\n<meta property=\"og:url\" content=\"https:\/\/www.pressenza.com\/es\/2020\/09\/presentacion-del-libro-la-experiencia-trascendental-metodologia-para-una-ascesis-con-apoyo-de-camara-de-supresion-sensorial-en-feria-virtual\/\" \/>\n<meta property=\"og:site_name\" content=\"Pressenza\" \/>\n<meta property=\"article:publisher\" content=\"https:\/\/www.facebook.com\/PressenzaItalia\" \/>\n<meta property=\"article:author\" content=\"https:\/\/www.facebook.com\/pressenza\" \/>\n<meta property=\"article:published_time\" content=\"2020-09-03T17:53:58+00:00\" \/>\n<meta property=\"og:image\" content=\"https:\/\/www.pressenza.com\/wp-content\/uploads\/2020\/09\/Volante-Presentaci\u00f3n-LET.jpg\" \/>\n\t<meta property=\"og:image:width\" content=\"907\" \/>\n\t<meta property=\"og:image:height\" content=\"510\" \/>\n\t<meta property=\"og:image:type\" content=\"image\/jpeg\" \/>\n<meta name=\"author\" content=\"Redacci\u00f3n Chile\" \/>\n<meta name=\"twitter:card\" content=\"summary_large_image\" \/>\n<meta name=\"twitter:creator\" content=\"@pressenza\" \/>\n<meta name=\"twitter:site\" content=\"@PressenzaIPA\" \/>\n<meta name=\"twitter:label1\" content=\"Escrito por\" \/>\n\t<meta name=\"twitter:data1\" content=\"Redacci\u00f3n Chile\" \/>\n\t<meta name=\"twitter:label2\" content=\"Tiempo de lectura\" \/>\n\t<meta name=\"twitter:data2\" content=\"2 minutos\" \/>\n<script type=\"application\/ld+json\" class=\"yoast-schema-graph\">{\"@context\":\"https:\/\/schema.org\",\"@graph\":[{\"@type\":\"Article\",\"@id\":\"https:\/\/www.pressenza.com\/es\/2020\/09\/presentacion-del-libro-la-experiencia-trascendental-metodologia-para-una-ascesis-con-apoyo-de-camara-de-supresion-sensorial-en-feria-virtual\/#article\",\"isPartOf\":{\"@id\":\"https:\/\/www.pressenza.com\/es\/2020\/09\/presentacion-del-libro-la-experiencia-trascendental-metodologia-para-una-ascesis-con-apoyo-de-camara-de-supresion-sensorial-en-feria-virtual\/\"},\"author\":{\"name\":\"Redacci\u00f3n Chile\",\"@id\":\"https:\/\/www.pressenza.com\/es\/#\/schema\/person\/d7db40df35d6698ba69ba9ee260944ed\"},\"headline\":\"Presentaci\u00f3n del libro \u00abLa experiencia trascendental. Metodolog\u00eda para una Ascesis con apoyo de C\u00e1mara de Supresi\u00f3n Sensorial\u00bb en Feria virtual\",\"datePublished\":\"2020-09-03T17:53:58+00:00\",\"mainEntityOfPage\":{\"@id\":\"https:\/\/www.pressenza.com\/es\/2020\/09\/presentacion-del-libro-la-experiencia-trascendental-metodologia-para-una-ascesis-con-apoyo-de-camara-de-supresion-sensorial-en-feria-virtual\/\"},\"wordCount\":423,\"publisher\":{\"@id\":\"https:\/\/www.pressenza.com\/es\/#organization\"},\"image\":{\"@id\":\"https:\/\/www.pressenza.com\/es\/2020\/09\/presentacion-del-libro-la-experiencia-trascendental-metodologia-para-una-ascesis-con-apoyo-de-camara-de-supresion-sensorial-en-feria-virtual\/#primaryimage\"},\"thumbnailUrl\":\"https:\/\/www.pressenza.com\/wp-content\/uploads\/2020\/09\/Volante-Presentaci\u00f3n-LET.jpg\",\"keywords\":[\"C\u00e1ma de Supresi\u00f3n Sensorial\",\"Chile\",\"La Experiencia Trascendental\",\"Silo\u00edsmo\",\"Virtual Ediciones\"],\"articleSection\":[\"Contenido Original\",\"Cultura y Medios\",\"Sudam\u00e9rica\"],\"inLanguage\":\"es\"},{\"@type\":\"WebPage\",\"@id\":\"https:\/\/www.pressenza.com\/es\/2020\/09\/presentacion-del-libro-la-experiencia-trascendental-metodologia-para-una-ascesis-con-apoyo-de-camara-de-supresion-sensorial-en-feria-virtual\/\",\"url\":\"https:\/\/www.pressenza.com\/es\/2020\/09\/presentacion-del-libro-la-experiencia-trascendental-metodologia-para-una-ascesis-con-apoyo-de-camara-de-supresion-sensorial-en-feria-virtual\/\",\"name\":\"Presentaci\u00f3n del libro \\\"La experiencia trascendental. Metodolog\u00eda para una Ascesis con apoyo de C\u00e1mara de Supresi\u00f3n Sensorial\\\" en Feria virtual\",\"isPartOf\":{\"@id\":\"https:\/\/www.pressenza.com\/es\/#website\"},\"primaryImageOfPage\":{\"@id\":\"https:\/\/www.pressenza.com\/es\/2020\/09\/presentacion-del-libro-la-experiencia-trascendental-metodologia-para-una-ascesis-con-apoyo-de-camara-de-supresion-sensorial-en-feria-virtual\/#primaryimage\"},\"image\":{\"@id\":\"https:\/\/www.pressenza.com\/es\/2020\/09\/presentacion-del-libro-la-experiencia-trascendental-metodologia-para-una-ascesis-con-apoyo-de-camara-de-supresion-sensorial-en-feria-virtual\/#primaryimage\"},\"thumbnailUrl\":\"https:\/\/www.pressenza.com\/wp-content\/uploads\/2020\/09\/Volante-Presentaci\u00f3n-LET.jpg\",\"datePublished\":\"2020-09-03T17:53:58+00:00\",\"description\":\"Presentaci\u00f3n del libro \\\"La experiencia trascenedental. Metodolog\u00eda para una Ascesis con apoyo de C\u00e1mara de Supresi\u00f3n Sensorial\\\" en Feria virtual\",\"breadcrumb\":{\"@id\":\"https:\/\/www.pressenza.com\/es\/2020\/09\/presentacion-del-libro-la-experiencia-trascendental-metodologia-para-una-ascesis-con-apoyo-de-camara-de-supresion-sensorial-en-feria-virtual\/#breadcrumb\"},\"inLanguage\":\"es\",\"potentialAction\":[{\"@type\":\"ReadAction\",\"target\":[\"https:\/\/www.pressenza.com\/es\/2020\/09\/presentacion-del-libro-la-experiencia-trascendental-metodologia-para-una-ascesis-con-apoyo-de-camara-de-supresion-sensorial-en-feria-virtual\/\"]}]},{\"@type\":\"ImageObject\",\"inLanguage\":\"es\",\"@id\":\"https:\/\/www.pressenza.com\/es\/2020\/09\/presentacion-del-libro-la-experiencia-trascendental-metodologia-para-una-ascesis-con-apoyo-de-camara-de-supresion-sensorial-en-feria-virtual\/#primaryimage\",\"url\":\"https:\/\/www.pressenza.com\/wp-content\/uploads\/2020\/09\/Volante-Presentaci\u00f3n-LET.jpg\",\"contentUrl\":\"https:\/\/www.pressenza.com\/wp-content\/uploads\/2020\/09\/Volante-Presentaci\u00f3n-LET.jpg\",\"width\":907,\"height\":510,\"caption\":\"presentaci\u00f3n libro - Virtual Ediciones\"},{\"@type\":\"BreadcrumbList\",\"@id\":\"https:\/\/www.pressenza.com\/es\/2020\/09\/presentacion-del-libro-la-experiencia-trascendental-metodologia-para-una-ascesis-con-apoyo-de-camara-de-supresion-sensorial-en-feria-virtual\/#breadcrumb\",\"itemListElement\":[{\"@type\":\"ListItem\",\"position\":1,\"name\":\"Accueil\",\"item\":\"https:\/\/www.pressenza.com\/es\/\"},{\"@type\":\"ListItem\",\"position\":2,\"name\":\"Presentaci\u00f3n del libro \u00abLa experiencia trascendental. Metodolog\u00eda para una Ascesis con apoyo de C\u00e1mara de Supresi\u00f3n Sensorial\u00bb en Feria virtual\"}]},{\"@type\":\"WebSite\",\"@id\":\"https:\/\/www.pressenza.com\/es\/#website\",\"url\":\"https:\/\/www.pressenza.com\/es\/\",\"name\":\"Pressenza\",\"description\":\"International Press Agency\",\"publisher\":{\"@id\":\"https:\/\/www.pressenza.com\/es\/#organization\"},\"potentialAction\":[{\"@type\":\"SearchAction\",\"target\":{\"@type\":\"EntryPoint\",\"urlTemplate\":\"https:\/\/www.pressenza.com\/es\/?s={search_term_string}\"},\"query-input\":{\"@type\":\"PropertyValueSpecification\",\"valueRequired\":true,\"valueName\":\"search_term_string\"}}],\"inLanguage\":\"es\"},{\"@type\":\"Organization\",\"@id\":\"https:\/\/www.pressenza.com\/es\/#organization\",\"name\":\"Pressenza\",\"url\":\"https:\/\/www.pressenza.com\/es\/\",\"logo\":{\"@type\":\"ImageObject\",\"inLanguage\":\"es\",\"@id\":\"https:\/\/www.pressenza.com\/es\/#\/schema\/logo\/image\/\",\"url\":\"https:\/\/www.pressenza.com\/wp-content\/uploads\/2022\/10\/pressenza_logo_200x200.jpg\",\"contentUrl\":\"https:\/\/www.pressenza.com\/wp-content\/uploads\/2022\/10\/pressenza_logo_200x200.jpg\",\"width\":200,\"height\":200,\"caption\":\"Pressenza\"},\"image\":{\"@id\":\"https:\/\/www.pressenza.com\/es\/#\/schema\/logo\/image\/\"},\"sameAs\":[\"https:\/\/www.facebook.com\/PressenzaItalia\",\"https:\/\/x.com\/PressenzaIPA\"]},{\"@type\":\"Person\",\"@id\":\"https:\/\/www.pressenza.com\/es\/#\/schema\/person\/d7db40df35d6698ba69ba9ee260944ed\",\"name\":\"Redacci\u00f3n Chile\",\"description\":\"News from the Pressenza Bureau in Chile\",\"sameAs\":[\"https:\/\/www.facebook.com\/pressenza\",\"https:\/\/x.com\/pressenza\"],\"url\":\"https:\/\/www.pressenza.com\/es\/author\/redaccion-chile\/\"}]}<\/script>\n<!-- \/ Yoast SEO plugin. -->","yoast_head_json":{"title":"Presentaci\u00f3n del libro \"La experiencia trascendental. Metodolog\u00eda para una Ascesis con apoyo de C\u00e1mara de Supresi\u00f3n Sensorial\" en Feria virtual","description":"Presentaci\u00f3n del libro \"La experiencia trascenedental. Metodolog\u00eda para una Ascesis con apoyo de C\u00e1mara de Supresi\u00f3n Sensorial\" en Feria virtual","robots":{"index":"index","follow":"follow","max-snippet":"max-snippet:-1","max-image-preview":"max-image-preview:large","max-video-preview":"max-video-preview:-1"},"canonical":"https:\/\/www.pressenza.com\/es\/2020\/09\/presentacion-del-libro-la-experiencia-trascendental-metodologia-para-una-ascesis-con-apoyo-de-camara-de-supresion-sensorial-en-feria-virtual\/","og_locale":"es_ES","og_type":"article","og_title":"Presentaci\u00f3n del libro \"La experiencia trascendental. Metodolog\u00eda para una Ascesis con apoyo de C\u00e1mara de Supresi\u00f3n Sensorial\" en Feria virtual","og_description":"Presentaci\u00f3n del libro \"La experiencia trascenedental. Metodolog\u00eda para una Ascesis con apoyo de C\u00e1mara de Supresi\u00f3n Sensorial\" en Feria virtual","og_url":"https:\/\/www.pressenza.com\/es\/2020\/09\/presentacion-del-libro-la-experiencia-trascendental-metodologia-para-una-ascesis-con-apoyo-de-camara-de-supresion-sensorial-en-feria-virtual\/","og_site_name":"Pressenza","article_publisher":"https:\/\/www.facebook.com\/PressenzaItalia","article_author":"https:\/\/www.facebook.com\/pressenza","article_published_time":"2020-09-03T17:53:58+00:00","og_image":[{"width":907,"height":510,"url":"https:\/\/www.pressenza.com\/wp-content\/uploads\/2020\/09\/Volante-Presentaci\u00f3n-LET.jpg","type":"image\/jpeg"}],"author":"Redacci\u00f3n Chile","twitter_card":"summary_large_image","twitter_creator":"@pressenza","twitter_site":"@PressenzaIPA","twitter_misc":{"Escrito por":"Redacci\u00f3n Chile","Tiempo de lectura":"2 minutos"},"schema":{"@context":"https:\/\/schema.org","@graph":[{"@type":"Article","@id":"https:\/\/www.pressenza.com\/es\/2020\/09\/presentacion-del-libro-la-experiencia-trascendental-metodologia-para-una-ascesis-con-apoyo-de-camara-de-supresion-sensorial-en-feria-virtual\/#article","isPartOf":{"@id":"https:\/\/www.pressenza.com\/es\/2020\/09\/presentacion-del-libro-la-experiencia-trascendental-metodologia-para-una-ascesis-con-apoyo-de-camara-de-supresion-sensorial-en-feria-virtual\/"},"author":{"name":"Redacci\u00f3n Chile","@id":"https:\/\/www.pressenza.com\/es\/#\/schema\/person\/d7db40df35d6698ba69ba9ee260944ed"},"headline":"Presentaci\u00f3n del libro \u00abLa experiencia trascendental. Metodolog\u00eda para una Ascesis con apoyo de C\u00e1mara de Supresi\u00f3n Sensorial\u00bb en Feria virtual","datePublished":"2020-09-03T17:53:58+00:00","mainEntityOfPage":{"@id":"https:\/\/www.pressenza.com\/es\/2020\/09\/presentacion-del-libro-la-experiencia-trascendental-metodologia-para-una-ascesis-con-apoyo-de-camara-de-supresion-sensorial-en-feria-virtual\/"},"wordCount":423,"publisher":{"@id":"https:\/\/www.pressenza.com\/es\/#organization"},"image":{"@id":"https:\/\/www.pressenza.com\/es\/2020\/09\/presentacion-del-libro-la-experiencia-trascendental-metodologia-para-una-ascesis-con-apoyo-de-camara-de-supresion-sensorial-en-feria-virtual\/#primaryimage"},"thumbnailUrl":"https:\/\/www.pressenza.com\/wp-content\/uploads\/2020\/09\/Volante-Presentaci\u00f3n-LET.jpg","keywords":["C\u00e1ma de Supresi\u00f3n Sensorial","Chile","La Experiencia Trascendental","Silo\u00edsmo","Virtual Ediciones"],"articleSection":["Contenido Original","Cultura y Medios","Sudam\u00e9rica"],"inLanguage":"es"},{"@type":"WebPage","@id":"https:\/\/www.pressenza.com\/es\/2020\/09\/presentacion-del-libro-la-experiencia-trascendental-metodologia-para-una-ascesis-con-apoyo-de-camara-de-supresion-sensorial-en-feria-virtual\/","url":"https:\/\/www.pressenza.com\/es\/2020\/09\/presentacion-del-libro-la-experiencia-trascendental-metodologia-para-una-ascesis-con-apoyo-de-camara-de-supresion-sensorial-en-feria-virtual\/","name":"Presentaci\u00f3n del libro \"La experiencia trascendental. Metodolog\u00eda para una Ascesis con apoyo de C\u00e1mara de Supresi\u00f3n Sensorial\" en Feria virtual","isPartOf":{"@id":"https:\/\/www.pressenza.com\/es\/#website"},"primaryImageOfPage":{"@id":"https:\/\/www.pressenza.com\/es\/2020\/09\/presentacion-del-libro-la-experiencia-trascendental-metodologia-para-una-ascesis-con-apoyo-de-camara-de-supresion-sensorial-en-feria-virtual\/#primaryimage"},"image":{"@id":"https:\/\/www.pressenza.com\/es\/2020\/09\/presentacion-del-libro-la-experiencia-trascendental-metodologia-para-una-ascesis-con-apoyo-de-camara-de-supresion-sensorial-en-feria-virtual\/#primaryimage"},"thumbnailUrl":"https:\/\/www.pressenza.com\/wp-content\/uploads\/2020\/09\/Volante-Presentaci\u00f3n-LET.jpg","datePublished":"2020-09-03T17:53:58+00:00","description":"Presentaci\u00f3n del libro \"La experiencia trascenedental. Metodolog\u00eda para una Ascesis con apoyo de C\u00e1mara de Supresi\u00f3n Sensorial\" en Feria virtual","breadcrumb":{"@id":"https:\/\/www.pressenza.com\/es\/2020\/09\/presentacion-del-libro-la-experiencia-trascendental-metodologia-para-una-ascesis-con-apoyo-de-camara-de-supresion-sensorial-en-feria-virtual\/#breadcrumb"},"inLanguage":"es","potentialAction":[{"@type":"ReadAction","target":["https:\/\/www.pressenza.com\/es\/2020\/09\/presentacion-del-libro-la-experiencia-trascendental-metodologia-para-una-ascesis-con-apoyo-de-camara-de-supresion-sensorial-en-feria-virtual\/"]}]},{"@type":"ImageObject","inLanguage":"es","@id":"https:\/\/www.pressenza.com\/es\/2020\/09\/presentacion-del-libro-la-experiencia-trascendental-metodologia-para-una-ascesis-con-apoyo-de-camara-de-supresion-sensorial-en-feria-virtual\/#primaryimage","url":"https:\/\/www.pressenza.com\/wp-content\/uploads\/2020\/09\/Volante-Presentaci\u00f3n-LET.jpg","contentUrl":"https:\/\/www.pressenza.com\/wp-content\/uploads\/2020\/09\/Volante-Presentaci\u00f3n-LET.jpg","width":907,"height":510,"caption":"presentaci\u00f3n libro - Virtual Ediciones"},{"@type":"BreadcrumbList","@id":"https:\/\/www.pressenza.com\/es\/2020\/09\/presentacion-del-libro-la-experiencia-trascendental-metodologia-para-una-ascesis-con-apoyo-de-camara-de-supresion-sensorial-en-feria-virtual\/#breadcrumb","itemListElement":[{"@type":"ListItem","position":1,"name":"Accueil","item":"https:\/\/www.pressenza.com\/es\/"},{"@type":"ListItem","position":2,"name":"Presentaci\u00f3n del libro \u00abLa experiencia trascendental. Metodolog\u00eda para una Ascesis con apoyo de C\u00e1mara de Supresi\u00f3n Sensorial\u00bb en Feria virtual"}]},{"@type":"WebSite","@id":"https:\/\/www.pressenza.com\/es\/#website","url":"https:\/\/www.pressenza.com\/es\/","name":"Pressenza","description":"International Press Agency","publisher":{"@id":"https:\/\/www.pressenza.com\/es\/#organization"},"potentialAction":[{"@type":"SearchAction","target":{"@type":"EntryPoint","urlTemplate":"https:\/\/www.pressenza.com\/es\/?s={search_term_string}"},"query-input":{"@type":"PropertyValueSpecification","valueRequired":true,"valueName":"search_term_string"}}],"inLanguage":"es"},{"@type":"Organization","@id":"https:\/\/www.pressenza.com\/es\/#organization","name":"Pressenza","url":"https:\/\/www.pressenza.com\/es\/","logo":{"@type":"ImageObject","inLanguage":"es","@id":"https:\/\/www.pressenza.com\/es\/#\/schema\/logo\/image\/","url":"https:\/\/www.pressenza.com\/wp-content\/uploads\/2022\/10\/pressenza_logo_200x200.jpg","contentUrl":"https:\/\/www.pressenza.com\/wp-content\/uploads\/2022\/10\/pressenza_logo_200x200.jpg","width":200,"height":200,"caption":"Pressenza"},"image":{"@id":"https:\/\/www.pressenza.com\/es\/#\/schema\/logo\/image\/"},"sameAs":["https:\/\/www.facebook.com\/PressenzaItalia","https:\/\/x.com\/PressenzaIPA"]},{"@type":"Person","@id":"https:\/\/www.pressenza.com\/es\/#\/schema\/person\/d7db40df35d6698ba69ba9ee260944ed","name":"Redacci\u00f3n Chile","description":"News from the Pressenza Bureau in Chile","sameAs":["https:\/\/www.facebook.com\/pressenza","https:\/\/x.com\/pressenza"],"url":"https:\/\/www.pressenza.com\/es\/author\/redaccion-chile\/"}]}},"place":"Santiago de Chile","original_article_url":"","_links":{"self":[{"href":"https:\/\/www.pressenza.com\/es\/wp-json\/wp\/v2\/posts\/1189418","targetHints":{"allow":["GET"]}}],"collection":[{"href":"https:\/\/www.pressenza.com\/es\/wp-json\/wp\/v2\/posts"}],"about":[{"href":"https:\/\/www.pressenza.com\/es\/wp-json\/wp\/v2\/types\/post"}],"author":[{"embeddable":true,"href":"https:\/\/www.pressenza.com\/es\/wp-json\/wp\/v2\/users\/43"}],"replies":[{"embeddable":true,"href":"https:\/\/www.pressenza.com\/es\/wp-json\/wp\/v2\/comments?post=1189418"}],"version-history":[{"count":0,"href":"https:\/\/www.pressenza.com\/es\/wp-json\/wp\/v2\/posts\/1189418\/revisions"}],"wp:featuredmedia":[{"embeddable":true,"href":"https:\/\/www.pressenza.com\/es\/wp-json\/wp\/v2\/media\/1189419"}],"wp:attachment":[{"href":"https:\/\/www.pressenza.com\/es\/wp-json\/wp\/v2\/media?parent=1189418"}],"wp:term":[{"taxonomy":"category","embeddable":true,"href":"https:\/\/www.pressenza.com\/es\/wp-json\/wp\/v2\/categories?post=1189418"},{"taxonomy":"post_tag","embeddable":true,"href":"https:\/\/www.pressenza.com\/es\/wp-json\/wp\/v2\/tags?post=1189418"}],"curies":[{"name":"wp","href":"https:\/\/api.w.org\/{rel}","templated":true}]}}