{"id":1188610,"date":"2020-09-02T02:53:07","date_gmt":"2020-09-02T01:53:07","guid":{"rendered":"https:\/\/www.pressenza.com\/?p=1188610"},"modified":"2020-09-02T02:53:07","modified_gmt":"2020-09-02T01:53:07","slug":"revirtiendo-la-desertificacion","status":"publish","type":"post","link":"https:\/\/www.pressenza.com\/es\/2020\/09\/revirtiendo-la-desertificacion\/","title":{"rendered":"Revirtiendo la desertificaci\u00f3n"},"content":{"rendered":"<p>Mucho se est\u00e1 hablando mundialmente respecto del da\u00f1o ambiental que afecta nuestro planeta y poco se est\u00e1 mostrando de lo que en concreto se hace para revertir las situaciones de deterioro ambiental a las que se ha llegado. Porque hay esfuerzos y significativos. Hay logros y muy importantes. Seguro que todav\u00eda nada es suficiente, pero pueden inspirar e irse convirtiendo en ejemplos a seguir, en efectos demostraci\u00f3n de que s\u00ed es posible -por ejemplo- revertir la deforestaci\u00f3n como lo ha estado haciendo China.<\/p>\n<p>Presentamos ac\u00e1 dos v\u00eddeos que ilustran c\u00f3mo se est\u00e1 luchando para aumentar la cobertura boscosa en diversas regiones de China, transformando los m\u00e1s \u00e1ridos desiertos en zonas f\u00e9rtiles y llenas de vida. Una tarea tit\u00e1nica que alimenta la esperanza de poder superar la crisis ambiental alg\u00fan d\u00eda.<\/p>\n<p><iframe loading=\"lazy\" title=\"China intenta convertir sus desiertos en bosques\" width=\"500\" height=\"281\" src=\"https:\/\/www.youtube.com\/embed\/RbrHFhALj0w?feature=oembed\" frameborder=\"0\" allow=\"accelerometer; autoplay; clipboard-write; encrypted-media; gyroscope; picture-in-picture; web-share\" referrerpolicy=\"strict-origin-when-cross-origin\" allowfullscreen><\/iframe><\/p>\n<p><iframe loading=\"lazy\" title=\"China redobla esfuerzos para aumentar la cobertura boscosa y luchar contra la desertificaci\u00f3n\" width=\"500\" height=\"281\" src=\"https:\/\/www.youtube.com\/embed\/hnYzsJpP63k?feature=oembed\" frameborder=\"0\" allow=\"accelerometer; autoplay; clipboard-write; encrypted-media; gyroscope; picture-in-picture; web-share\" referrerpolicy=\"strict-origin-when-cross-origin\" allowfullscreen><\/iframe><\/p>\n","protected":false},"excerpt":{"rendered":"<p>Mucho se est\u00e1 hablando mundialmente respecto del da\u00f1o ambiental que afecta nuestro planeta y poco se est\u00e1 mostrando de lo que en concreto se hace para revertir las situaciones de deterioro ambiental a las que se ha llegado. Porque hay&hellip;<\/p>\n","protected":false},"author":1785,"featured_media":1188626,"comment_status":"closed","ping_status":"closed","sticky":false,"template":"","format":"standard","meta":{"footnotes":""},"categories":[65,78,25678],"tags":[1421,29741,62771],"class_list":["post-1188610","post","type-post","status-publish","format-standard","has-post-thumbnail","hentry","category-asia-es","category-medio-ambiente-ecologia","category-video-es","tag-china-es","tag-desertificacion","tag-forestacion"],"yoast_head":"<!-- This site is optimized with the Yoast SEO plugin v27.1.1 - https:\/\/yoast.com\/product\/yoast-seo-wordpress\/ -->\n<title>Revirtiendo la desertificaci\u00f3n<\/title>\n<meta name=\"description\" content=\"Revirtiendo la desertificaci\u00f3n\" \/>\n<meta name=\"robots\" content=\"index, follow, max-snippet:-1, max-image-preview:large, max-video-preview:-1\" \/>\n<link rel=\"canonical\" href=\"https:\/\/www.pressenza.com\/es\/2020\/09\/revirtiendo-la-desertificacion\/\" \/>\n<meta property=\"og:locale\" content=\"es_ES\" \/>\n<meta property=\"og:type\" content=\"article\" \/>\n<meta property=\"og:title\" content=\"Revirtiendo la desertificaci\u00f3n\" \/>\n<meta property=\"og:description\" content=\"Revirtiendo la desertificaci\u00f3n\" \/>\n<meta property=\"og:url\" content=\"https:\/\/www.pressenza.com\/es\/2020\/09\/revirtiendo-la-desertificacion\/\" \/>\n<meta property=\"og:site_name\" content=\"Pressenza\" \/>\n<meta property=\"article:publisher\" content=\"https:\/\/www.facebook.com\/PressenzaItalia\" \/>\n<meta property=\"article:published_time\" content=\"2020-09-02T01:53:07+00:00\" \/>\n<meta property=\"og:image\" content=\"https:\/\/www.pressenza.com\/wp-content\/uploads\/2020\/09\/bosque-amaneciendo.jpg\" \/>\n\t<meta property=\"og:image:width\" content=\"960\" \/>\n\t<meta property=\"og:image:height\" content=\"960\" \/>\n\t<meta property=\"og:image:type\" content=\"image\/jpeg\" \/>\n<meta name=\"author\" content=\"CGTN China Global Television Network\" \/>\n<meta name=\"twitter:card\" content=\"summary_large_image\" \/>\n<meta name=\"twitter:creator\" content=\"@PressenzaIPA\" \/>\n<meta name=\"twitter:site\" content=\"@PressenzaIPA\" \/>\n<meta name=\"twitter:label1\" content=\"Escrito por\" \/>\n\t<meta name=\"twitter:data1\" content=\"CGTN China Global Television Network\" \/>\n\t<meta name=\"twitter:label2\" content=\"Tiempo de lectura\" \/>\n\t<meta name=\"twitter:data2\" content=\"1 minuto\" \/>\n<script type=\"application\/ld+json\" class=\"yoast-schema-graph\">{\"@context\":\"https:\/\/schema.org\",\"@graph\":[{\"@type\":\"Article\",\"@id\":\"https:\/\/www.pressenza.com\/es\/2020\/09\/revirtiendo-la-desertificacion\/#article\",\"isPartOf\":{\"@id\":\"https:\/\/www.pressenza.com\/es\/2020\/09\/revirtiendo-la-desertificacion\/\"},\"author\":{\"name\":\"CGTN China Global Television Network\",\"@id\":\"https:\/\/www.pressenza.com\/es\/#\/schema\/person\/732fd28015c665a5d52b219e15541225\"},\"headline\":\"Revirtiendo la desertificaci\u00f3n\",\"datePublished\":\"2020-09-02T01:53:07+00:00\",\"mainEntityOfPage\":{\"@id\":\"https:\/\/www.pressenza.com\/es\/2020\/09\/revirtiendo-la-desertificacion\/\"},\"wordCount\":155,\"publisher\":{\"@id\":\"https:\/\/www.pressenza.com\/es\/#organization\"},\"image\":{\"@id\":\"https:\/\/www.pressenza.com\/es\/2020\/09\/revirtiendo-la-desertificacion\/#primaryimage\"},\"thumbnailUrl\":\"https:\/\/www.pressenza.com\/wp-content\/uploads\/2020\/09\/bosque-amaneciendo.jpg\",\"keywords\":[\"China\",\"desertificaci\u00f3n\",\"Forestaci\u00f3n\"],\"articleSection\":[\"Asia\",\"Ecolog\u00eda y Medio Ambiente\",\"Video\"],\"inLanguage\":\"es\"},{\"@type\":\"WebPage\",\"@id\":\"https:\/\/www.pressenza.com\/es\/2020\/09\/revirtiendo-la-desertificacion\/\",\"url\":\"https:\/\/www.pressenza.com\/es\/2020\/09\/revirtiendo-la-desertificacion\/\",\"name\":\"Revirtiendo la desertificaci\u00f3n\",\"isPartOf\":{\"@id\":\"https:\/\/www.pressenza.com\/es\/#website\"},\"primaryImageOfPage\":{\"@id\":\"https:\/\/www.pressenza.com\/es\/2020\/09\/revirtiendo-la-desertificacion\/#primaryimage\"},\"image\":{\"@id\":\"https:\/\/www.pressenza.com\/es\/2020\/09\/revirtiendo-la-desertificacion\/#primaryimage\"},\"thumbnailUrl\":\"https:\/\/www.pressenza.com\/wp-content\/uploads\/2020\/09\/bosque-amaneciendo.jpg\",\"datePublished\":\"2020-09-02T01:53:07+00:00\",\"description\":\"Revirtiendo la desertificaci\u00f3n\",\"breadcrumb\":{\"@id\":\"https:\/\/www.pressenza.com\/es\/2020\/09\/revirtiendo-la-desertificacion\/#breadcrumb\"},\"inLanguage\":\"es\",\"potentialAction\":[{\"@type\":\"ReadAction\",\"target\":[\"https:\/\/www.pressenza.com\/es\/2020\/09\/revirtiendo-la-desertificacion\/\"]}]},{\"@type\":\"ImageObject\",\"inLanguage\":\"es\",\"@id\":\"https:\/\/www.pressenza.com\/es\/2020\/09\/revirtiendo-la-desertificacion\/#primaryimage\",\"url\":\"https:\/\/www.pressenza.com\/wp-content\/uploads\/2020\/09\/bosque-amaneciendo.jpg\",\"contentUrl\":\"https:\/\/www.pressenza.com\/wp-content\/uploads\/2020\/09\/bosque-amaneciendo.jpg\",\"width\":960,\"height\":960,\"caption\":\"bosque amaneciendo - Alejandro Rodr\u00edguez\"},{\"@type\":\"BreadcrumbList\",\"@id\":\"https:\/\/www.pressenza.com\/es\/2020\/09\/revirtiendo-la-desertificacion\/#breadcrumb\",\"itemListElement\":[{\"@type\":\"ListItem\",\"position\":1,\"name\":\"Accueil\",\"item\":\"https:\/\/www.pressenza.com\/es\/\"},{\"@type\":\"ListItem\",\"position\":2,\"name\":\"Revirtiendo la desertificaci\u00f3n\"}]},{\"@type\":\"WebSite\",\"@id\":\"https:\/\/www.pressenza.com\/es\/#website\",\"url\":\"https:\/\/www.pressenza.com\/es\/\",\"name\":\"Pressenza\",\"description\":\"International Press Agency\",\"publisher\":{\"@id\":\"https:\/\/www.pressenza.com\/es\/#organization\"},\"potentialAction\":[{\"@type\":\"SearchAction\",\"target\":{\"@type\":\"EntryPoint\",\"urlTemplate\":\"https:\/\/www.pressenza.com\/es\/?s={search_term_string}\"},\"query-input\":{\"@type\":\"PropertyValueSpecification\",\"valueRequired\":true,\"valueName\":\"search_term_string\"}}],\"inLanguage\":\"es\"},{\"@type\":\"Organization\",\"@id\":\"https:\/\/www.pressenza.com\/es\/#organization\",\"name\":\"Pressenza\",\"url\":\"https:\/\/www.pressenza.com\/es\/\",\"logo\":{\"@type\":\"ImageObject\",\"inLanguage\":\"es\",\"@id\":\"https:\/\/www.pressenza.com\/es\/#\/schema\/logo\/image\/\",\"url\":\"https:\/\/www.pressenza.com\/wp-content\/uploads\/2022\/10\/pressenza_logo_200x200.jpg\",\"contentUrl\":\"https:\/\/www.pressenza.com\/wp-content\/uploads\/2022\/10\/pressenza_logo_200x200.jpg\",\"width\":200,\"height\":200,\"caption\":\"Pressenza\"},\"image\":{\"@id\":\"https:\/\/www.pressenza.com\/es\/#\/schema\/logo\/image\/\"},\"sameAs\":[\"https:\/\/www.facebook.com\/PressenzaItalia\",\"https:\/\/x.com\/PressenzaIPA\"]},{\"@type\":\"Person\",\"@id\":\"https:\/\/www.pressenza.com\/es\/#\/schema\/person\/732fd28015c665a5d52b219e15541225\",\"name\":\"CGTN China Global Television Network\",\"description\":\"China Global Television Network, or CGTN, is an international media organization launched by CCTV on December 31, 2016. It is now part of China's predominant radio and television broadcaster, China Media Group, which has incorporated CCTV, CNR and CRI since March 2018.\",\"sameAs\":[\"https:\/\/www.cgtn.com\/\"],\"url\":\"https:\/\/www.pressenza.com\/es\/author\/cgtn\/\"}]}<\/script>\n<!-- \/ Yoast SEO plugin. -->","yoast_head_json":{"title":"Revirtiendo la desertificaci\u00f3n","description":"Revirtiendo la desertificaci\u00f3n","robots":{"index":"index","follow":"follow","max-snippet":"max-snippet:-1","max-image-preview":"max-image-preview:large","max-video-preview":"max-video-preview:-1"},"canonical":"https:\/\/www.pressenza.com\/es\/2020\/09\/revirtiendo-la-desertificacion\/","og_locale":"es_ES","og_type":"article","og_title":"Revirtiendo la desertificaci\u00f3n","og_description":"Revirtiendo la desertificaci\u00f3n","og_url":"https:\/\/www.pressenza.com\/es\/2020\/09\/revirtiendo-la-desertificacion\/","og_site_name":"Pressenza","article_publisher":"https:\/\/www.facebook.com\/PressenzaItalia","article_published_time":"2020-09-02T01:53:07+00:00","og_image":[{"width":960,"height":960,"url":"https:\/\/www.pressenza.com\/wp-content\/uploads\/2020\/09\/bosque-amaneciendo.jpg","type":"image\/jpeg"}],"author":"CGTN China Global Television Network","twitter_card":"summary_large_image","twitter_creator":"@PressenzaIPA","twitter_site":"@PressenzaIPA","twitter_misc":{"Escrito por":"CGTN China Global Television Network","Tiempo de lectura":"1 minuto"},"schema":{"@context":"https:\/\/schema.org","@graph":[{"@type":"Article","@id":"https:\/\/www.pressenza.com\/es\/2020\/09\/revirtiendo-la-desertificacion\/#article","isPartOf":{"@id":"https:\/\/www.pressenza.com\/es\/2020\/09\/revirtiendo-la-desertificacion\/"},"author":{"name":"CGTN China Global Television Network","@id":"https:\/\/www.pressenza.com\/es\/#\/schema\/person\/732fd28015c665a5d52b219e15541225"},"headline":"Revirtiendo la desertificaci\u00f3n","datePublished":"2020-09-02T01:53:07+00:00","mainEntityOfPage":{"@id":"https:\/\/www.pressenza.com\/es\/2020\/09\/revirtiendo-la-desertificacion\/"},"wordCount":155,"publisher":{"@id":"https:\/\/www.pressenza.com\/es\/#organization"},"image":{"@id":"https:\/\/www.pressenza.com\/es\/2020\/09\/revirtiendo-la-desertificacion\/#primaryimage"},"thumbnailUrl":"https:\/\/www.pressenza.com\/wp-content\/uploads\/2020\/09\/bosque-amaneciendo.jpg","keywords":["China","desertificaci\u00f3n","Forestaci\u00f3n"],"articleSection":["Asia","Ecolog\u00eda y Medio Ambiente","Video"],"inLanguage":"es"},{"@type":"WebPage","@id":"https:\/\/www.pressenza.com\/es\/2020\/09\/revirtiendo-la-desertificacion\/","url":"https:\/\/www.pressenza.com\/es\/2020\/09\/revirtiendo-la-desertificacion\/","name":"Revirtiendo la desertificaci\u00f3n","isPartOf":{"@id":"https:\/\/www.pressenza.com\/es\/#website"},"primaryImageOfPage":{"@id":"https:\/\/www.pressenza.com\/es\/2020\/09\/revirtiendo-la-desertificacion\/#primaryimage"},"image":{"@id":"https:\/\/www.pressenza.com\/es\/2020\/09\/revirtiendo-la-desertificacion\/#primaryimage"},"thumbnailUrl":"https:\/\/www.pressenza.com\/wp-content\/uploads\/2020\/09\/bosque-amaneciendo.jpg","datePublished":"2020-09-02T01:53:07+00:00","description":"Revirtiendo la desertificaci\u00f3n","breadcrumb":{"@id":"https:\/\/www.pressenza.com\/es\/2020\/09\/revirtiendo-la-desertificacion\/#breadcrumb"},"inLanguage":"es","potentialAction":[{"@type":"ReadAction","target":["https:\/\/www.pressenza.com\/es\/2020\/09\/revirtiendo-la-desertificacion\/"]}]},{"@type":"ImageObject","inLanguage":"es","@id":"https:\/\/www.pressenza.com\/es\/2020\/09\/revirtiendo-la-desertificacion\/#primaryimage","url":"https:\/\/www.pressenza.com\/wp-content\/uploads\/2020\/09\/bosque-amaneciendo.jpg","contentUrl":"https:\/\/www.pressenza.com\/wp-content\/uploads\/2020\/09\/bosque-amaneciendo.jpg","width":960,"height":960,"caption":"bosque amaneciendo - Alejandro Rodr\u00edguez"},{"@type":"BreadcrumbList","@id":"https:\/\/www.pressenza.com\/es\/2020\/09\/revirtiendo-la-desertificacion\/#breadcrumb","itemListElement":[{"@type":"ListItem","position":1,"name":"Accueil","item":"https:\/\/www.pressenza.com\/es\/"},{"@type":"ListItem","position":2,"name":"Revirtiendo la desertificaci\u00f3n"}]},{"@type":"WebSite","@id":"https:\/\/www.pressenza.com\/es\/#website","url":"https:\/\/www.pressenza.com\/es\/","name":"Pressenza","description":"International Press Agency","publisher":{"@id":"https:\/\/www.pressenza.com\/es\/#organization"},"potentialAction":[{"@type":"SearchAction","target":{"@type":"EntryPoint","urlTemplate":"https:\/\/www.pressenza.com\/es\/?s={search_term_string}"},"query-input":{"@type":"PropertyValueSpecification","valueRequired":true,"valueName":"search_term_string"}}],"inLanguage":"es"},{"@type":"Organization","@id":"https:\/\/www.pressenza.com\/es\/#organization","name":"Pressenza","url":"https:\/\/www.pressenza.com\/es\/","logo":{"@type":"ImageObject","inLanguage":"es","@id":"https:\/\/www.pressenza.com\/es\/#\/schema\/logo\/image\/","url":"https:\/\/www.pressenza.com\/wp-content\/uploads\/2022\/10\/pressenza_logo_200x200.jpg","contentUrl":"https:\/\/www.pressenza.com\/wp-content\/uploads\/2022\/10\/pressenza_logo_200x200.jpg","width":200,"height":200,"caption":"Pressenza"},"image":{"@id":"https:\/\/www.pressenza.com\/es\/#\/schema\/logo\/image\/"},"sameAs":["https:\/\/www.facebook.com\/PressenzaItalia","https:\/\/x.com\/PressenzaIPA"]},{"@type":"Person","@id":"https:\/\/www.pressenza.com\/es\/#\/schema\/person\/732fd28015c665a5d52b219e15541225","name":"CGTN China Global Television Network","description":"China Global Television Network, or CGTN, is an international media organization launched by CCTV on December 31, 2016. It is now part of China's predominant radio and television broadcaster, China Media Group, which has incorporated CCTV, CNR and CRI since March 2018.","sameAs":["https:\/\/www.cgtn.com\/"],"url":"https:\/\/www.pressenza.com\/es\/author\/cgtn\/"}]}},"place":"China","original_article_url":"","_links":{"self":[{"href":"https:\/\/www.pressenza.com\/es\/wp-json\/wp\/v2\/posts\/1188610","targetHints":{"allow":["GET"]}}],"collection":[{"href":"https:\/\/www.pressenza.com\/es\/wp-json\/wp\/v2\/posts"}],"about":[{"href":"https:\/\/www.pressenza.com\/es\/wp-json\/wp\/v2\/types\/post"}],"author":[{"embeddable":true,"href":"https:\/\/www.pressenza.com\/es\/wp-json\/wp\/v2\/users\/1785"}],"replies":[{"embeddable":true,"href":"https:\/\/www.pressenza.com\/es\/wp-json\/wp\/v2\/comments?post=1188610"}],"version-history":[{"count":0,"href":"https:\/\/www.pressenza.com\/es\/wp-json\/wp\/v2\/posts\/1188610\/revisions"}],"wp:featuredmedia":[{"embeddable":true,"href":"https:\/\/www.pressenza.com\/es\/wp-json\/wp\/v2\/media\/1188626"}],"wp:attachment":[{"href":"https:\/\/www.pressenza.com\/es\/wp-json\/wp\/v2\/media?parent=1188610"}],"wp:term":[{"taxonomy":"category","embeddable":true,"href":"https:\/\/www.pressenza.com\/es\/wp-json\/wp\/v2\/categories?post=1188610"},{"taxonomy":"post_tag","embeddable":true,"href":"https:\/\/www.pressenza.com\/es\/wp-json\/wp\/v2\/tags?post=1188610"}],"curies":[{"name":"wp","href":"https:\/\/api.w.org\/{rel}","templated":true}]}}