{"id":1187835,"date":"2020-08-31T01:04:44","date_gmt":"2020-08-31T00:04:44","guid":{"rendered":"https:\/\/www.pressenza.com\/?p=1187835"},"modified":"2020-08-31T02:13:47","modified_gmt":"2020-08-31T01:13:47","slug":"chile-prisioneros-politicos-mapuche-en-huelga-de-hambre-se-encuentran-al-borde-de-la-muerte","status":"publish","type":"post","link":"https:\/\/www.pressenza.com\/es\/2020\/08\/chile-prisioneros-politicos-mapuche-en-huelga-de-hambre-se-encuentran-al-borde-de-la-muerte\/","title":{"rendered":"[Chile] Prisioneros pol\u00edticos mapuche en huelga de hambre se encuentran al borde de la muerte"},"content":{"rendered":"<p>Por Tanya H. Medina<\/p>\n<blockquote><p>El coronavirus ha forzado al Gobierno chileno a permitir la salida de la c\u00e1rcel de\u00a0un tercio de los presos del pa\u00eds. Pero en este grupo no est\u00e1 ni uno de los 26 prisioneros pol\u00edticos mapuche. Cuatro meses de huelga de hambre no han cambiado esta decisi\u00f3n. Esta semana, 16 de ellos iniciaron la huelga seca. Sus vidas penden de un hilo.<\/p><\/blockquote>\n<p>\u201cEs tanto el dolor e incapacidad para moverse que algunos han perdido el control de sus extremidades\u201d, indica Rodrigo Curipan, el werk\u00e9n (vocero) de 26 prisioneros pol\u00edticos mapuche que se encuentran al borde de la muerte en el sur de Chile. Llevan casi 120 d\u00edas de huelga de hambre, y esta semana 16 de ellos optaron por dejar de consumir l\u00edquidos, iniciando una huelga seca.<\/p>\n<p>Once de ellos ya debieron ser trasladados al hospital debido a su grave estado de salud, y los m\u00e9dicos no les dan m\u00e1s que unos d\u00edas de vida. Se indican graves arritmias cardiacas, taquicardias, disneas, hipoglucemia, cefalea y hematuria. Adem\u00e1s, denuncian tres casos que presentan cuatro s\u00edntomas de covid-19, que podr\u00edan venir de un brote del virus entre los gendarmes.<\/p>\n<p>Fuera de una de las c\u00e1rceles, los familiares instalaron un campamento desde donde realizan rogativas diarias, pidiendo que el Gobierno reaccione. Por el resto del territorio se realizan marchas de apoyo, se toman municipios, se cortan los caminos y se incendian camiones forestales.<\/p>\n<p>Lo que piden es que se respete el Convenio 169 de la OIT sobre Pueblos Ind\u00edgenas y Tribales en Pa\u00edses Independientes, firmado por el Gobierno chileno en 2008 y ganado tras muchos a\u00f1os de lucha pol\u00edtica. Este documento cubre un amplio rango de materias que abarca desde su reconocimiento como pueblos y sus derechos sobre la tierra y el territorio, recursos naturales y la defensa del medioambiente, hasta la salud, educaci\u00f3n, formaci\u00f3n profesional, condiciones de empleo y el derecho a mantener y fortalecer sus identidades, lenguas y religiones.<\/p>\n<p>El instrumento internacional reconoce tambi\u00e9n las aspiraciones de los pueblos ind\u00edgenas a asumir, dentro del marco de los Estados en que viven, el control de sus propias instituciones y de sus formas de vida y de desarrollo econ\u00f3mico. En tem\u00e1tica penal, indica que los pueblos originarios deben contar con medidas carcelarias especiales de acuerdo a sus culturas, y que deber\u00e1 darse la preferencia a tipos de sanci\u00f3n distintos del encarcelamiento.<\/p>\n<p>Esto se hace especialmente urgente en tiempos de pandemia, cuando el Gobierno chileno permiti\u00f3 a un tercio de todos sus presos (13.321) salir de las c\u00e1rceles para proteger su salud, incluidos dos condenados por violaciones a los derechos humanos cometidas durante la dictadura de Pinochet.<\/p>\n<p>El ministro de Justicia, Hern\u00e1n Larra\u00edn, accedi\u00f3 a crear una mesa de negociaci\u00f3n para discutir su aplicaci\u00f3n en el pa\u00eds. Sin embargo, rechaz\u00f3 cambiar las medidas cautelares de los prisioneros pol\u00edticos, por lo que decidieron mantener la huelga.<\/p>\n<p>\u201cEstamos pidiendo ser iguales ante la Ley. Estamos ante carabineros que mataron a mapuches y est\u00e1n en prisi\u00f3n domiciliaria\u201d, explica Curipan en referencia a casos como el del funcionario de polic\u00eda que asesin\u00f3 en 2018 al joven Camilo Catrillanca por la espalda, mientras conduc\u00eda su tractor.<\/p>\n<p>Nelida Molina, integrante de la Coordinadora de Apoyo al pueblo Mapuche Trawunche de Madrid, comparte su espanto ante la negativa del Gobierno chileno a ofrecer una soluci\u00f3n a los encarcelados:\u00a0\u201cDa tanta rabia e impotencia la indiferencia que les provoca la vida de personas cuyo \u00fanico recurso es acudir a una huelga de hambre que atenta contra sus propias vidas. Desde nuestro colectivo estamos muy angustiados por el nivel de violencia y racismo que se est\u00e1 aplicando a los presos pol\u00edticos mapuche y al pueblo-naci\u00f3n mapuche en general. Tambi\u00e9n nos llama much\u00edsimo la atenci\u00f3n la nula voluntad del Estado chileno frente a las demandas de aplicaci\u00f3n del Convenio 169, siendo que cumplirlo es una obligaci\u00f3n de todo Estado que lo ha ratificado. No puede ser que se mantenga prisioneras a personas sin tener pruebas que demuestren razones para mantenerles en esa situaci\u00f3n\u201d.<\/p>\n<p>Mientras tanto, los camioneros de la Confederaci\u00f3n Nacional del Transporte de Carga declararon paro nacional en protesta por los ataques incendiarios mapuche contra sus veh\u00edculos. Se trata de una acci\u00f3n que arriesga el abastecimiento nacional cuando a\u00fan hay cuarentenas en 49 comunas del pa\u00eds. Los camioneros entregaron un petitorio de 13 puntos, diez de los cuales son nada m\u00e1s y nada menos que leyes impulsadas por el propio Gobierno o Chile Vamos, la coalici\u00f3n del Presidente Pi\u00f1era.<\/p>\n<p>Fotograf\u00edas y videos compartidos en redes sociales muestran c\u00f3mo la polic\u00eda protege el paro de camioneros, mientras el ej\u00e9rcito estrena su nuevo equipo de drones, veh\u00edculos lanzagases y tanques \u00faltimo modelo comprados especialmente para la que llaman \u201cla zona roja del conflicto mapuche\u201d. La instituci\u00f3n de Carabineros ha sido fuertemente cuestionada por la poblaci\u00f3n en los \u00faltimos a\u00f1os luego de que se demostraran grav\u00edsimos casos de corrupci\u00f3n, montajes judiciales, y m\u00e1s de una decena de asesinatos de j\u00f3venes mapuche en los \u00faltimos 20 a\u00f1os.<\/p>\n<p>Esto es lo que ocurre hoy en Wallmapu, el territorio mapuche al oeste de la Cordillera de Los Andes. Ellos exigen su recuperaci\u00f3n desde hace m\u00e1s de cien a\u00f1os, para poder ejercer una autonom\u00eda similar a la que poseen las comunidades aut\u00f3nomas en Espa\u00f1a.<\/p>\n<p>Los 26 prisioneros pol\u00edticos mapuche se dividen entre tres c\u00e1rceles distribuidas entre dos regiones de Wallmapu. Algunos de ellos han sido condenados. Otros llevan meses en prisi\u00f3n preventiva, una figura permitida bajo la aplicaci\u00f3n de la Ley Antiterrorista. Ellos deben esperar encarcelados durante meses su juicio por delitos como robo con violencia, porte ilegal de armas, asalto y participaci\u00f3n en organizaci\u00f3n terrorista. Estos juicios suelen terminar absolviendo a los inculpados por falta de pruebas o irregularidades en el actuar policial.<\/p>\n<p>Curipan detall\u00f3 la situaci\u00f3n de los inculpados hace unos d\u00edas, al medio de periodismo de investigaci\u00f3n, Interferencia: \u201cEl Gobierno ha venido se\u00f1alando que los huelguistas no son prisioneros pol\u00edticos, sino que personas acusadas por delitos comunes ante los tribunales de justicia, pero cada uno ha sido v\u00edctima de persecuci\u00f3n pol\u00edtica, en cada una de sus causas, el Gobierno est\u00e1 en calidad de querellante. Hay una determinaci\u00f3n e intervenci\u00f3n pol\u00edtica en hacerse parte en buscar responsabilidad penal y poder condenarlos, porque, adem\u00e1s, tienen que ver con un contexto de procesos de reivindicaci\u00f3n territorial y pol\u00edtico. Incluso las conversaciones con los camioneros tienen que ver con determinaci\u00f3n pol\u00edtica\u201d.<\/p>\n<p>\u201cMi hermano lleva cuatro meses en prisi\u00f3n preventiva por derribar un dron que espiaba nuestra propiedad\u201d, cuenta Marcelo Huenchu\u00f1an acerca de Reinaldo Penchulef, quien est\u00e1 acusado de robo con violencia. Su madre falleci\u00f3 recientemente mientras \u00e9l se encontraba tras las rejas, y tiene una hija de ocho a\u00f1os. \u201cTras a\u00f1os de lucha, allanamientos y amedrantamientos, nuestra comunidad logr\u00f3 el control territorial, expulsando a una forestal que nos llen\u00f3 de basura\u201d. \u201cBasura\u201d es como llaman al eucalipto y el pino radiata, monocultivos que han desertificado y erosionado la regi\u00f3n.<\/p>\n<p>\u201cDerribaron el dron, no para rob\u00e1rselo, sino para exigir una explicaci\u00f3n. Tras ello, la comunidad fue allanada por m\u00e1s de 200 carabineros. Destruyeron tres casas buscando armamento, pero no encontraron nada, solo el dron. Hab\u00eda familias, ni\u00f1os chicos\u2026, no les import\u00f3. Y ah\u00ed detuvieron a nuestros pe\u00f1i (compa\u00f1eros)\u201d, concluye.<\/p>\n<p><strong>Bandera mapuche: el s\u00edmbolo del Estallido social de 2019<\/strong><br \/>\nLa Constituci\u00f3n que rige en Chile es la \u00fanica creada en dictadura que persiste en Latinoam\u00e9rica. No reconoce la existencia del pueblo mapuche, ni la de ning\u00fan otro pueblo originario en Chile, y subvenciona anualmente a un pu\u00f1ado de empresas forestales dominadas por dos grandes familias, que han ocupado los territorios ind\u00edgenas, secado sus fuentes de agua y eliminado sus bosques nativos. Tambi\u00e9n es la \u00fanica en el mundo que consagra al agua como un bien privado. Pero por fin, despu\u00e9s de 30 a\u00f1os, se ha abierto una posibilidad de cambio.<\/p>\n<p>Desde octubre de 2019 y hasta el comienzo de la pandemia en marzo, millones de chilenos y chilenas se reunieron todos los d\u00edas en la renombrada \u201cPlaza Dignidad\u201d, en el centro de Santiago. Se trat\u00f3 del alzamiento popular m\u00e1s importante de la historia democr\u00e1tica del pa\u00eds. La wen\u00fcfoye, la bandera mapuche, cubri\u00f3 la Alameda, los muros y las ventanas de los edificios, y se convirti\u00f3 en el s\u00edmbolo del movimiento. Chilenos y chilenas se sintieron identificados con el pueblo originario y su lucha de siglos contra una \u00e9lite que explota tanto a su poblaci\u00f3n como a sus recursos naturales, y que usa a la polic\u00eda para controlarla.<\/p>\n<p>Gracias al estallido social, en octubre de 2020 se realizar\u00e1 un plebiscito donde, con mascarilla, se podr\u00eda votar el cambio de la Constituci\u00f3n de Pinochet por una nueva y m\u00e1s democr\u00e1tica. Aun as\u00ed, la desconfianza en el aparato democr\u00e1tico es tal que este triunfo dista de celebrarse, y se siente m\u00e1s bien como un \u2018peor es nada\u2019. Hay mucho miedo de que no pase de ser un cambio de nombre.<\/p>\n<p><strong>Las claves hist\u00f3ricas del conflicto<\/strong><br \/>\nEste no es un conflicto colonial. Durante la conquista, el pueblo mapuche ejerci\u00f3 f\u00e9rrea resistencia al Imperio espa\u00f1ol y logr\u00f3 que \u00e9ste se viera obligado a negociar una treintena de tratados y a respetar su frontera en el r\u00edo Bio Bio.<\/p>\n<p>Tras la independencia y la creaci\u00f3n de la Rep\u00fablica de Chile, el Estado ratific\u00f3 estos tratados. Hasta que a mediados del siglo XIX decidi\u00f3 invadir Wallmapu por intereses econ\u00f3micos: la agricultura y la industria maderera. La guerra fue brutal y signific\u00f3 la muerte de parte importante de la poblaci\u00f3n mapuche. Chile us\u00f3 las famosas armas Winchester, que antes usaron los estadounidenses para exterminar a los pueblos originarios de esas tierras.<\/p>\n<p>El pa\u00eds latinoamericano tom\u00f3 el control del 90% del territorio mapuche y comenz\u00f3 a poblarlo de colonos europeos, dando inicio as\u00ed al proceso de neocolonialismo que aun impera. Las personas mapuche que sobrevivieron quedaron relegadas a peque\u00f1as reducciones de terreno y se vieron obligados a convertirse en peque\u00f1os campesinos, condenados a la pobreza.<\/p>\n<p>De los 11 millones de hect\u00e1reas del Wallmapu en el siglo XIX, el despojo los hizo llegar al siglo XX con 500.000 ha, y eso en dictadura se redujo a apenas 300.000 ha.<\/p>\n<p>En el retorno a la democracia se hicieron una serie de promesas hacia los pueblos ind\u00edgenas, pero aun ni se ha logrado el reconocimiento constitucional. Los \u00faltimos veinte a\u00f1os han estado marcados por la aplicaci\u00f3n de la Ley Antiterrorista exclusivamente contra personas mapuche, justificando la criminalizaci\u00f3n de su cultura y la militarizaci\u00f3n del territorio.<\/p>\n<p>&nbsp;<\/p>\n<p>Reportaje para El Salto Diario<\/p>\n<p>&nbsp;<\/p>\n","protected":false},"excerpt":{"rendered":"<p>Por Tanya H. Medina El coronavirus ha forzado al Gobierno chileno a permitir la salida de la c\u00e1rcel de\u00a0un tercio de los presos del pa\u00eds. Pero en este grupo no est\u00e1 ni uno de los 26 prisioneros pol\u00edticos mapuche. Cuatro&hellip;<\/p>\n","protected":false},"author":43,"featured_media":1187840,"comment_status":"closed","ping_status":"closed","sticky":false,"template":"","format":"standard","meta":{"footnotes":""},"categories":[11389,161,80,67],"tags":[29,395,71208,56323],"class_list":["post-1187835","post","type-post","status-publish","format-standard","has-post-thumbnail","hentry","category-contenido-original","category-opiniones","category-pueblos-originarios","category-sudamerica","tag-chile","tag-huelga-de-hambre","tag-lucha-mapuche","tag-presos-es"],"yoast_head":"<!-- This site is optimized with the Yoast SEO plugin v27.1.1 - https:\/\/yoast.com\/product\/yoast-seo-wordpress\/ -->\n<title>[Chile] Prisioneros pol\u00edticos mapuche en huelga de hambre se encuentran al borde de la muerte<\/title>\n<meta name=\"description\" content=\"[Chile] Prisioneros pol\u00edticos mapuche en huelga de hambre se encuentran al borde de la muerte\" \/>\n<meta name=\"robots\" content=\"index, follow, max-snippet:-1, max-image-preview:large, max-video-preview:-1\" \/>\n<link rel=\"canonical\" href=\"https:\/\/www.pressenza.com\/es\/2020\/08\/chile-prisioneros-politicos-mapuche-en-huelga-de-hambre-se-encuentran-al-borde-de-la-muerte\/\" \/>\n<meta property=\"og:locale\" content=\"es_ES\" \/>\n<meta property=\"og:type\" content=\"article\" \/>\n<meta property=\"og:title\" content=\"[Chile] Prisioneros pol\u00edticos mapuche en huelga de hambre se encuentran al borde de la muerte\" \/>\n<meta property=\"og:description\" content=\"[Chile] Prisioneros pol\u00edticos mapuche en huelga de hambre se encuentran al borde de la muerte\" \/>\n<meta property=\"og:url\" content=\"https:\/\/www.pressenza.com\/es\/2020\/08\/chile-prisioneros-politicos-mapuche-en-huelga-de-hambre-se-encuentran-al-borde-de-la-muerte\/\" \/>\n<meta property=\"og:site_name\" content=\"Pressenza\" \/>\n<meta property=\"article:publisher\" content=\"https:\/\/www.facebook.com\/PressenzaItalia\" \/>\n<meta property=\"article:author\" content=\"https:\/\/www.facebook.com\/pressenza\" \/>\n<meta property=\"article:published_time\" content=\"2020-08-31T00:04:44+00:00\" \/>\n<meta property=\"article:modified_time\" content=\"2020-08-31T01:13:47+00:00\" \/>\n<meta property=\"og:image\" content=\"https:\/\/www.pressenza.com\/wp-content\/uploads\/2020\/08\/dignidad-mapuche.jpg\" \/>\n\t<meta property=\"og:image:width\" content=\"2392\" \/>\n\t<meta property=\"og:image:height\" content=\"1287\" \/>\n\t<meta property=\"og:image:type\" content=\"image\/jpeg\" \/>\n<meta name=\"author\" content=\"Redacci\u00f3n Chile\" \/>\n<meta name=\"twitter:card\" content=\"summary_large_image\" \/>\n<meta name=\"twitter:creator\" content=\"@pressenza\" \/>\n<meta name=\"twitter:site\" content=\"@PressenzaIPA\" \/>\n<meta name=\"twitter:label1\" content=\"Escrito por\" \/>\n\t<meta name=\"twitter:data1\" content=\"Redacci\u00f3n Chile\" \/>\n\t<meta name=\"twitter:label2\" content=\"Tiempo de lectura\" \/>\n\t<meta name=\"twitter:data2\" content=\"9 minutos\" \/>\n<script type=\"application\/ld+json\" class=\"yoast-schema-graph\">{\"@context\":\"https:\/\/schema.org\",\"@graph\":[{\"@type\":\"Article\",\"@id\":\"https:\/\/www.pressenza.com\/es\/2020\/08\/chile-prisioneros-politicos-mapuche-en-huelga-de-hambre-se-encuentran-al-borde-de-la-muerte\/#article\",\"isPartOf\":{\"@id\":\"https:\/\/www.pressenza.com\/es\/2020\/08\/chile-prisioneros-politicos-mapuche-en-huelga-de-hambre-se-encuentran-al-borde-de-la-muerte\/\"},\"author\":{\"name\":\"Redacci\u00f3n Chile\",\"@id\":\"https:\/\/www.pressenza.com\/es\/#\/schema\/person\/d7db40df35d6698ba69ba9ee260944ed\"},\"headline\":\"[Chile] Prisioneros pol\u00edticos mapuche en huelga de hambre se encuentran al borde de la muerte\",\"datePublished\":\"2020-08-31T00:04:44+00:00\",\"dateModified\":\"2020-08-31T01:13:47+00:00\",\"mainEntityOfPage\":{\"@id\":\"https:\/\/www.pressenza.com\/es\/2020\/08\/chile-prisioneros-politicos-mapuche-en-huelga-de-hambre-se-encuentran-al-borde-de-la-muerte\/\"},\"wordCount\":1871,\"publisher\":{\"@id\":\"https:\/\/www.pressenza.com\/es\/#organization\"},\"image\":{\"@id\":\"https:\/\/www.pressenza.com\/es\/2020\/08\/chile-prisioneros-politicos-mapuche-en-huelga-de-hambre-se-encuentran-al-borde-de-la-muerte\/#primaryimage\"},\"thumbnailUrl\":\"https:\/\/www.pressenza.com\/wp-content\/uploads\/2020\/08\/dignidad-mapuche.jpg\",\"keywords\":[\"Chile\",\"huelga de hambre\",\"lucha mapuche\",\"presos\"],\"articleSection\":[\"Contenido Original\",\"Opiniones\",\"Pueblos Originarios\",\"Sudam\u00e9rica\"],\"inLanguage\":\"es\"},{\"@type\":\"WebPage\",\"@id\":\"https:\/\/www.pressenza.com\/es\/2020\/08\/chile-prisioneros-politicos-mapuche-en-huelga-de-hambre-se-encuentran-al-borde-de-la-muerte\/\",\"url\":\"https:\/\/www.pressenza.com\/es\/2020\/08\/chile-prisioneros-politicos-mapuche-en-huelga-de-hambre-se-encuentran-al-borde-de-la-muerte\/\",\"name\":\"[Chile] Prisioneros pol\u00edticos mapuche en huelga de hambre se encuentran al borde de la muerte\",\"isPartOf\":{\"@id\":\"https:\/\/www.pressenza.com\/es\/#website\"},\"primaryImageOfPage\":{\"@id\":\"https:\/\/www.pressenza.com\/es\/2020\/08\/chile-prisioneros-politicos-mapuche-en-huelga-de-hambre-se-encuentran-al-borde-de-la-muerte\/#primaryimage\"},\"image\":{\"@id\":\"https:\/\/www.pressenza.com\/es\/2020\/08\/chile-prisioneros-politicos-mapuche-en-huelga-de-hambre-se-encuentran-al-borde-de-la-muerte\/#primaryimage\"},\"thumbnailUrl\":\"https:\/\/www.pressenza.com\/wp-content\/uploads\/2020\/08\/dignidad-mapuche.jpg\",\"datePublished\":\"2020-08-31T00:04:44+00:00\",\"dateModified\":\"2020-08-31T01:13:47+00:00\",\"description\":\"[Chile] Prisioneros pol\u00edticos mapuche en huelga de hambre se encuentran al borde de la muerte\",\"breadcrumb\":{\"@id\":\"https:\/\/www.pressenza.com\/es\/2020\/08\/chile-prisioneros-politicos-mapuche-en-huelga-de-hambre-se-encuentran-al-borde-de-la-muerte\/#breadcrumb\"},\"inLanguage\":\"es\",\"potentialAction\":[{\"@type\":\"ReadAction\",\"target\":[\"https:\/\/www.pressenza.com\/es\/2020\/08\/chile-prisioneros-politicos-mapuche-en-huelga-de-hambre-se-encuentran-al-borde-de-la-muerte\/\"]}]},{\"@type\":\"ImageObject\",\"inLanguage\":\"es\",\"@id\":\"https:\/\/www.pressenza.com\/es\/2020\/08\/chile-prisioneros-politicos-mapuche-en-huelga-de-hambre-se-encuentran-al-borde-de-la-muerte\/#primaryimage\",\"url\":\"https:\/\/www.pressenza.com\/wp-content\/uploads\/2020\/08\/dignidad-mapuche.jpg\",\"contentUrl\":\"https:\/\/www.pressenza.com\/wp-content\/uploads\/2020\/08\/dignidad-mapuche.jpg\",\"width\":2392,\"height\":1287,\"caption\":\"dignidad mapuche - Riccardo Marinai\"},{\"@type\":\"BreadcrumbList\",\"@id\":\"https:\/\/www.pressenza.com\/es\/2020\/08\/chile-prisioneros-politicos-mapuche-en-huelga-de-hambre-se-encuentran-al-borde-de-la-muerte\/#breadcrumb\",\"itemListElement\":[{\"@type\":\"ListItem\",\"position\":1,\"name\":\"Accueil\",\"item\":\"https:\/\/www.pressenza.com\/es\/\"},{\"@type\":\"ListItem\",\"position\":2,\"name\":\"[Chile] Prisioneros pol\u00edticos mapuche en huelga de hambre se encuentran al borde de la muerte\"}]},{\"@type\":\"WebSite\",\"@id\":\"https:\/\/www.pressenza.com\/es\/#website\",\"url\":\"https:\/\/www.pressenza.com\/es\/\",\"name\":\"Pressenza\",\"description\":\"International Press Agency\",\"publisher\":{\"@id\":\"https:\/\/www.pressenza.com\/es\/#organization\"},\"potentialAction\":[{\"@type\":\"SearchAction\",\"target\":{\"@type\":\"EntryPoint\",\"urlTemplate\":\"https:\/\/www.pressenza.com\/es\/?s={search_term_string}\"},\"query-input\":{\"@type\":\"PropertyValueSpecification\",\"valueRequired\":true,\"valueName\":\"search_term_string\"}}],\"inLanguage\":\"es\"},{\"@type\":\"Organization\",\"@id\":\"https:\/\/www.pressenza.com\/es\/#organization\",\"name\":\"Pressenza\",\"url\":\"https:\/\/www.pressenza.com\/es\/\",\"logo\":{\"@type\":\"ImageObject\",\"inLanguage\":\"es\",\"@id\":\"https:\/\/www.pressenza.com\/es\/#\/schema\/logo\/image\/\",\"url\":\"https:\/\/www.pressenza.com\/wp-content\/uploads\/2022\/10\/pressenza_logo_200x200.jpg\",\"contentUrl\":\"https:\/\/www.pressenza.com\/wp-content\/uploads\/2022\/10\/pressenza_logo_200x200.jpg\",\"width\":200,\"height\":200,\"caption\":\"Pressenza\"},\"image\":{\"@id\":\"https:\/\/www.pressenza.com\/es\/#\/schema\/logo\/image\/\"},\"sameAs\":[\"https:\/\/www.facebook.com\/PressenzaItalia\",\"https:\/\/x.com\/PressenzaIPA\"]},{\"@type\":\"Person\",\"@id\":\"https:\/\/www.pressenza.com\/es\/#\/schema\/person\/d7db40df35d6698ba69ba9ee260944ed\",\"name\":\"Redacci\u00f3n Chile\",\"description\":\"News from the Pressenza Bureau in Chile\",\"sameAs\":[\"https:\/\/www.facebook.com\/pressenza\",\"https:\/\/x.com\/pressenza\"],\"url\":\"https:\/\/www.pressenza.com\/es\/author\/redaccion-chile\/\"}]}<\/script>\n<!-- \/ Yoast SEO plugin. -->","yoast_head_json":{"title":"[Chile] Prisioneros pol\u00edticos mapuche en huelga de hambre se encuentran al borde de la muerte","description":"[Chile] Prisioneros pol\u00edticos mapuche en huelga de hambre se encuentran al borde de la muerte","robots":{"index":"index","follow":"follow","max-snippet":"max-snippet:-1","max-image-preview":"max-image-preview:large","max-video-preview":"max-video-preview:-1"},"canonical":"https:\/\/www.pressenza.com\/es\/2020\/08\/chile-prisioneros-politicos-mapuche-en-huelga-de-hambre-se-encuentran-al-borde-de-la-muerte\/","og_locale":"es_ES","og_type":"article","og_title":"[Chile] Prisioneros pol\u00edticos mapuche en huelga de hambre se encuentran al borde de la muerte","og_description":"[Chile] Prisioneros pol\u00edticos mapuche en huelga de hambre se encuentran al borde de la muerte","og_url":"https:\/\/www.pressenza.com\/es\/2020\/08\/chile-prisioneros-politicos-mapuche-en-huelga-de-hambre-se-encuentran-al-borde-de-la-muerte\/","og_site_name":"Pressenza","article_publisher":"https:\/\/www.facebook.com\/PressenzaItalia","article_author":"https:\/\/www.facebook.com\/pressenza","article_published_time":"2020-08-31T00:04:44+00:00","article_modified_time":"2020-08-31T01:13:47+00:00","og_image":[{"width":2392,"height":1287,"url":"https:\/\/www.pressenza.com\/wp-content\/uploads\/2020\/08\/dignidad-mapuche.jpg","type":"image\/jpeg"}],"author":"Redacci\u00f3n Chile","twitter_card":"summary_large_image","twitter_creator":"@pressenza","twitter_site":"@PressenzaIPA","twitter_misc":{"Escrito por":"Redacci\u00f3n Chile","Tiempo de lectura":"9 minutos"},"schema":{"@context":"https:\/\/schema.org","@graph":[{"@type":"Article","@id":"https:\/\/www.pressenza.com\/es\/2020\/08\/chile-prisioneros-politicos-mapuche-en-huelga-de-hambre-se-encuentran-al-borde-de-la-muerte\/#article","isPartOf":{"@id":"https:\/\/www.pressenza.com\/es\/2020\/08\/chile-prisioneros-politicos-mapuche-en-huelga-de-hambre-se-encuentran-al-borde-de-la-muerte\/"},"author":{"name":"Redacci\u00f3n Chile","@id":"https:\/\/www.pressenza.com\/es\/#\/schema\/person\/d7db40df35d6698ba69ba9ee260944ed"},"headline":"[Chile] Prisioneros pol\u00edticos mapuche en huelga de hambre se encuentran al borde de la muerte","datePublished":"2020-08-31T00:04:44+00:00","dateModified":"2020-08-31T01:13:47+00:00","mainEntityOfPage":{"@id":"https:\/\/www.pressenza.com\/es\/2020\/08\/chile-prisioneros-politicos-mapuche-en-huelga-de-hambre-se-encuentran-al-borde-de-la-muerte\/"},"wordCount":1871,"publisher":{"@id":"https:\/\/www.pressenza.com\/es\/#organization"},"image":{"@id":"https:\/\/www.pressenza.com\/es\/2020\/08\/chile-prisioneros-politicos-mapuche-en-huelga-de-hambre-se-encuentran-al-borde-de-la-muerte\/#primaryimage"},"thumbnailUrl":"https:\/\/www.pressenza.com\/wp-content\/uploads\/2020\/08\/dignidad-mapuche.jpg","keywords":["Chile","huelga de hambre","lucha mapuche","presos"],"articleSection":["Contenido Original","Opiniones","Pueblos Originarios","Sudam\u00e9rica"],"inLanguage":"es"},{"@type":"WebPage","@id":"https:\/\/www.pressenza.com\/es\/2020\/08\/chile-prisioneros-politicos-mapuche-en-huelga-de-hambre-se-encuentran-al-borde-de-la-muerte\/","url":"https:\/\/www.pressenza.com\/es\/2020\/08\/chile-prisioneros-politicos-mapuche-en-huelga-de-hambre-se-encuentran-al-borde-de-la-muerte\/","name":"[Chile] Prisioneros pol\u00edticos mapuche en huelga de hambre se encuentran al borde de la muerte","isPartOf":{"@id":"https:\/\/www.pressenza.com\/es\/#website"},"primaryImageOfPage":{"@id":"https:\/\/www.pressenza.com\/es\/2020\/08\/chile-prisioneros-politicos-mapuche-en-huelga-de-hambre-se-encuentran-al-borde-de-la-muerte\/#primaryimage"},"image":{"@id":"https:\/\/www.pressenza.com\/es\/2020\/08\/chile-prisioneros-politicos-mapuche-en-huelga-de-hambre-se-encuentran-al-borde-de-la-muerte\/#primaryimage"},"thumbnailUrl":"https:\/\/www.pressenza.com\/wp-content\/uploads\/2020\/08\/dignidad-mapuche.jpg","datePublished":"2020-08-31T00:04:44+00:00","dateModified":"2020-08-31T01:13:47+00:00","description":"[Chile] Prisioneros pol\u00edticos mapuche en huelga de hambre se encuentran al borde de la muerte","breadcrumb":{"@id":"https:\/\/www.pressenza.com\/es\/2020\/08\/chile-prisioneros-politicos-mapuche-en-huelga-de-hambre-se-encuentran-al-borde-de-la-muerte\/#breadcrumb"},"inLanguage":"es","potentialAction":[{"@type":"ReadAction","target":["https:\/\/www.pressenza.com\/es\/2020\/08\/chile-prisioneros-politicos-mapuche-en-huelga-de-hambre-se-encuentran-al-borde-de-la-muerte\/"]}]},{"@type":"ImageObject","inLanguage":"es","@id":"https:\/\/www.pressenza.com\/es\/2020\/08\/chile-prisioneros-politicos-mapuche-en-huelga-de-hambre-se-encuentran-al-borde-de-la-muerte\/#primaryimage","url":"https:\/\/www.pressenza.com\/wp-content\/uploads\/2020\/08\/dignidad-mapuche.jpg","contentUrl":"https:\/\/www.pressenza.com\/wp-content\/uploads\/2020\/08\/dignidad-mapuche.jpg","width":2392,"height":1287,"caption":"dignidad mapuche - Riccardo Marinai"},{"@type":"BreadcrumbList","@id":"https:\/\/www.pressenza.com\/es\/2020\/08\/chile-prisioneros-politicos-mapuche-en-huelga-de-hambre-se-encuentran-al-borde-de-la-muerte\/#breadcrumb","itemListElement":[{"@type":"ListItem","position":1,"name":"Accueil","item":"https:\/\/www.pressenza.com\/es\/"},{"@type":"ListItem","position":2,"name":"[Chile] Prisioneros pol\u00edticos mapuche en huelga de hambre se encuentran al borde de la muerte"}]},{"@type":"WebSite","@id":"https:\/\/www.pressenza.com\/es\/#website","url":"https:\/\/www.pressenza.com\/es\/","name":"Pressenza","description":"International Press Agency","publisher":{"@id":"https:\/\/www.pressenza.com\/es\/#organization"},"potentialAction":[{"@type":"SearchAction","target":{"@type":"EntryPoint","urlTemplate":"https:\/\/www.pressenza.com\/es\/?s={search_term_string}"},"query-input":{"@type":"PropertyValueSpecification","valueRequired":true,"valueName":"search_term_string"}}],"inLanguage":"es"},{"@type":"Organization","@id":"https:\/\/www.pressenza.com\/es\/#organization","name":"Pressenza","url":"https:\/\/www.pressenza.com\/es\/","logo":{"@type":"ImageObject","inLanguage":"es","@id":"https:\/\/www.pressenza.com\/es\/#\/schema\/logo\/image\/","url":"https:\/\/www.pressenza.com\/wp-content\/uploads\/2022\/10\/pressenza_logo_200x200.jpg","contentUrl":"https:\/\/www.pressenza.com\/wp-content\/uploads\/2022\/10\/pressenza_logo_200x200.jpg","width":200,"height":200,"caption":"Pressenza"},"image":{"@id":"https:\/\/www.pressenza.com\/es\/#\/schema\/logo\/image\/"},"sameAs":["https:\/\/www.facebook.com\/PressenzaItalia","https:\/\/x.com\/PressenzaIPA"]},{"@type":"Person","@id":"https:\/\/www.pressenza.com\/es\/#\/schema\/person\/d7db40df35d6698ba69ba9ee260944ed","name":"Redacci\u00f3n Chile","description":"News from the Pressenza Bureau in Chile","sameAs":["https:\/\/www.facebook.com\/pressenza","https:\/\/x.com\/pressenza"],"url":"https:\/\/www.pressenza.com\/es\/author\/redaccion-chile\/"}]}},"place":"Temuco, Chile","original_article_url":"https:\/\/www.elsaltodiario.com\/chile\/prisioneros-politicos-mapuche-huelga-hambre-encuentran-borde-muerte","_links":{"self":[{"href":"https:\/\/www.pressenza.com\/es\/wp-json\/wp\/v2\/posts\/1187835","targetHints":{"allow":["GET"]}}],"collection":[{"href":"https:\/\/www.pressenza.com\/es\/wp-json\/wp\/v2\/posts"}],"about":[{"href":"https:\/\/www.pressenza.com\/es\/wp-json\/wp\/v2\/types\/post"}],"author":[{"embeddable":true,"href":"https:\/\/www.pressenza.com\/es\/wp-json\/wp\/v2\/users\/43"}],"replies":[{"embeddable":true,"href":"https:\/\/www.pressenza.com\/es\/wp-json\/wp\/v2\/comments?post=1187835"}],"version-history":[{"count":0,"href":"https:\/\/www.pressenza.com\/es\/wp-json\/wp\/v2\/posts\/1187835\/revisions"}],"wp:featuredmedia":[{"embeddable":true,"href":"https:\/\/www.pressenza.com\/es\/wp-json\/wp\/v2\/media\/1187840"}],"wp:attachment":[{"href":"https:\/\/www.pressenza.com\/es\/wp-json\/wp\/v2\/media?parent=1187835"}],"wp:term":[{"taxonomy":"category","embeddable":true,"href":"https:\/\/www.pressenza.com\/es\/wp-json\/wp\/v2\/categories?post=1187835"},{"taxonomy":"post_tag","embeddable":true,"href":"https:\/\/www.pressenza.com\/es\/wp-json\/wp\/v2\/tags?post=1187835"}],"curies":[{"name":"wp","href":"https:\/\/api.w.org\/{rel}","templated":true}]}}