{"id":1187798,"date":"2020-08-31T00:14:51","date_gmt":"2020-08-30T23:14:51","guid":{"rendered":"https:\/\/www.pressenza.com\/?p=1187798"},"modified":"2020-08-31T00:14:51","modified_gmt":"2020-08-30T23:14:51","slug":"entre-ovejas-te-veas","status":"publish","type":"post","link":"https:\/\/www.pressenza.com\/es\/2020\/08\/entre-ovejas-te-veas\/","title":{"rendered":"Entre ovejas te veas\u2026"},"content":{"rendered":"<p>Entre los t\u00e9rminos cient\u00edficos para explicar los diferentes aspectos de la pandemia que nos tiene encerrados y temerosos, se ha comenzado a difundir el concepto de inmunidad de reba\u00f1o (o inmunidad de grupo) como una posible soluci\u00f3n para detener la expansi\u00f3n del contagio con el virus SARS-CoV-2, nombre t\u00e9cnico del coronavirus responsable de la pandemia. Es la estrategia de emergencia ante la imposibilidad de realizar una campa\u00f1a masiva de vacunaci\u00f3n, dado que esa vacuna a\u00fan est\u00e1 lejos en el horizonte, o por lo menos inalcanzable para miles de millones de seres humanos en el planeta.<\/p>\n<p>La inmunidad de reba\u00f1o, de acuerdo con un art\u00edculo publicado por los doctores Esperanza G\u00f3mez-Luc\u00eda y Jos\u00e9 Antonio Ruiz-Santa-Quiter\u00eda, ambos investigadores del departamento de Sanidad Animal de la Universidad Complutense de Madrid, \u201cse da cuando un n\u00famero suficiente de individuos est\u00e1n protegidos frente a una determinada infecci\u00f3n y act\u00faan como cortafuegos impidiendo que el agente alcance a los que no est\u00e1n protegidos.\u201d. Es decir, para que la estrategia funcione sin la aplicaci\u00f3n de una vacuna \u2013lo cual ser\u00eda ideal- deben haberse contagiado de la enfermedad suficientes personas. Para m\u00e1s claridad, la mayor\u00eda de la poblaci\u00f3n. Esto tendr\u00eda el efecto de desarrollar una barrera inmunol\u00f3gica capaz de proteger a los m\u00e1s vulnerables; sin embargo para que esto suceda tambi\u00e9n debe haber transcurrido un largo tiempo, sobre todo en pa\u00edses que han aplicado y mantenido severas medidas de restricci\u00f3n.<\/p>\n<p>Otra de las condiciones indispensables para garantizar el \u00e9xito de esta aparente soluci\u00f3n de car\u00e1cter colectivo, es poseer una infraestructura sanitaria s\u00f3lida y eficiente capaz de atender los numerosos casos que se van a producir a partir de la apertura de las restricciones impuestas desde el inicio de la pandemia. Es decir, cuando todo el mundo comience a recuperar la din\u00e1mica normal de escuelas abiertas, restaurantes, bares, cines, centros de trabajo y dem\u00e1s, los contagios se multiplicar\u00e1n de manera exponencial bajo la consigna de la inmunidad de reba\u00f1o, llegando con especial dureza a los segmentos de poblaci\u00f3n susceptibles a sufrir la enfermedad con todos sus devastadores efectos: ni\u00f1ez desnutrida (alrededor del 50 por ciento de la poblaci\u00f3n infantil en algunos pa\u00edses centroamericanos), adultos mayores con enfermedades cr\u00f3nicas, personas carentes de seguridad social y de medios para costear la atenci\u00f3n hospitalaria.<\/p>\n<p>En pa\u00edses cuya infraestructura y servicio sanitario han sufrido los embates de sistemas pol\u00edticos y econ\u00f3micos opuestos a satisfacer las necesidades de la poblaci\u00f3n con el objetivo de privilegiar a sectores empresariales de enorme poder, se carece de los recursos m\u00ednimos para aplicar una estrategia de tan elevado riesgo para las mayor\u00edas. De acuerdo con el documento mencionado, en el caso del Covid19, la inmunidad de reba\u00f1o se alcanza cuando el 70 por ciento de la poblaci\u00f3n est\u00e1 protegida y, como indican sus autores, \u201cla inmunidad de grupo, para ser eficaz, necesita que haya un \u00fanico hospedador (en este caso las personas), que la infecci\u00f3n se transmita de persona a persona (sin intermediaci\u00f3n de vectores) y que la transmisi\u00f3n o vacunaci\u00f3n induzca una inmunidad s\u00f3lida. En el caso de SARS-CoV-2 no hay suficientes datos como para entender a\u00fan la epidemiolog\u00eda de la infecci\u00f3n, y adem\u00e1s el grado de inmunidad adquirido tras la infecci\u00f3n est\u00e1 por determinar.\u201d<\/p>\n<p>En pa\u00edses como los nuestros, con gobernantes opuestos a apoyarse en la ciencia, no se puede hablar de \u201cinmunidad de reba\u00f1o\u201d sino de algo mucho m\u00e1s real y espec\u00edfico: el \u201cs\u00e1lvese quien pueda\u201d de los incapaces.<\/p>\n","protected":false},"excerpt":{"rendered":"<p>Entre los t\u00e9rminos cient\u00edficos para explicar los diferentes aspectos de la pandemia que nos tiene encerrados y temerosos, se ha comenzado a difundir el concepto de inmunidad de reba\u00f1o (o inmunidad de grupo) como una posible soluci\u00f3n para detener la&hellip;<\/p>\n","protected":false},"author":1296,"featured_media":1187799,"comment_status":"closed","ping_status":"closed","sticky":false,"template":"","format":"standard","meta":{"footnotes":""},"categories":[11389,39,161,1239],"tags":[72517,80779],"class_list":["post-1187798","post","type-post","status-publish","format-standard","has-post-thumbnail","hentry","category-contenido-original","category-internacional","category-opiniones","category-salud","tag-crisis-coronavirus","tag-inmunidad-de-rebano"],"yoast_head":"<!-- This site is optimized with the Yoast SEO plugin v27.1.1 - https:\/\/yoast.com\/product\/yoast-seo-wordpress\/ -->\n<title>Entre ovejas te veas\u2026<\/title>\n<meta name=\"description\" content=\"Entre ovejas te veas\u2026\" \/>\n<meta name=\"robots\" content=\"index, follow, max-snippet:-1, max-image-preview:large, max-video-preview:-1\" \/>\n<link rel=\"canonical\" href=\"https:\/\/www.pressenza.com\/es\/2020\/08\/entre-ovejas-te-veas\/\" \/>\n<meta property=\"og:locale\" content=\"es_ES\" \/>\n<meta property=\"og:type\" content=\"article\" \/>\n<meta property=\"og:title\" content=\"Entre ovejas te veas\u2026\" \/>\n<meta property=\"og:description\" content=\"Entre ovejas te veas\u2026\" \/>\n<meta property=\"og:url\" content=\"https:\/\/www.pressenza.com\/es\/2020\/08\/entre-ovejas-te-veas\/\" \/>\n<meta property=\"og:site_name\" content=\"Pressenza\" \/>\n<meta property=\"article:publisher\" content=\"https:\/\/www.facebook.com\/PressenzaItalia\" \/>\n<meta property=\"article:author\" content=\"https:\/\/www.facebook.com\/pages\/Carolina-V\u00e1squez-Araya\/241844515845237?fref=ts\" \/>\n<meta property=\"article:published_time\" content=\"2020-08-30T23:14:51+00:00\" \/>\n<meta property=\"og:image\" content=\"https:\/\/www.pressenza.com\/wp-content\/uploads\/2020\/08\/JAMfila-para-rayos.jpg\" \/>\n\t<meta property=\"og:image:width\" content=\"1853\" \/>\n\t<meta property=\"og:image:height\" content=\"921\" \/>\n\t<meta property=\"og:image:type\" content=\"image\/jpeg\" \/>\n<meta name=\"author\" content=\"Carolina V\u00e1squez Araya\" \/>\n<meta name=\"twitter:card\" content=\"summary_large_image\" \/>\n<meta name=\"twitter:creator\" content=\"@carvasar\" \/>\n<meta name=\"twitter:site\" content=\"@PressenzaIPA\" \/>\n<meta name=\"twitter:label1\" content=\"Escrito por\" \/>\n\t<meta name=\"twitter:data1\" content=\"Carolina V\u00e1squez Araya\" \/>\n\t<meta name=\"twitter:label2\" content=\"Tiempo de lectura\" \/>\n\t<meta name=\"twitter:data2\" content=\"3 minutos\" \/>\n<script type=\"application\/ld+json\" class=\"yoast-schema-graph\">{\"@context\":\"https:\/\/schema.org\",\"@graph\":[{\"@type\":\"Article\",\"@id\":\"https:\/\/www.pressenza.com\/es\/2020\/08\/entre-ovejas-te-veas\/#article\",\"isPartOf\":{\"@id\":\"https:\/\/www.pressenza.com\/es\/2020\/08\/entre-ovejas-te-veas\/\"},\"author\":{\"name\":\"Carolina V\u00e1squez Araya\",\"@id\":\"https:\/\/www.pressenza.com\/es\/#\/schema\/person\/6936ca3bb8dee618b5cdfd0e4427cdd6\"},\"headline\":\"Entre ovejas te veas\u2026\",\"datePublished\":\"2020-08-30T23:14:51+00:00\",\"mainEntityOfPage\":{\"@id\":\"https:\/\/www.pressenza.com\/es\/2020\/08\/entre-ovejas-te-veas\/\"},\"wordCount\":632,\"publisher\":{\"@id\":\"https:\/\/www.pressenza.com\/es\/#organization\"},\"image\":{\"@id\":\"https:\/\/www.pressenza.com\/es\/2020\/08\/entre-ovejas-te-veas\/#primaryimage\"},\"thumbnailUrl\":\"https:\/\/www.pressenza.com\/wp-content\/uploads\/2020\/08\/JAMfila-para-rayos.jpg\",\"keywords\":[\"crisis coronavirus\",\"inmunidad de reba\u00f1o\"],\"articleSection\":[\"Contenido Original\",\"Internacional\",\"Opiniones\",\"Salud\"],\"inLanguage\":\"es\"},{\"@type\":\"WebPage\",\"@id\":\"https:\/\/www.pressenza.com\/es\/2020\/08\/entre-ovejas-te-veas\/\",\"url\":\"https:\/\/www.pressenza.com\/es\/2020\/08\/entre-ovejas-te-veas\/\",\"name\":\"Entre ovejas te veas\u2026\",\"isPartOf\":{\"@id\":\"https:\/\/www.pressenza.com\/es\/#website\"},\"primaryImageOfPage\":{\"@id\":\"https:\/\/www.pressenza.com\/es\/2020\/08\/entre-ovejas-te-veas\/#primaryimage\"},\"image\":{\"@id\":\"https:\/\/www.pressenza.com\/es\/2020\/08\/entre-ovejas-te-veas\/#primaryimage\"},\"thumbnailUrl\":\"https:\/\/www.pressenza.com\/wp-content\/uploads\/2020\/08\/JAMfila-para-rayos.jpg\",\"datePublished\":\"2020-08-30T23:14:51+00:00\",\"description\":\"Entre ovejas te veas\u2026\",\"breadcrumb\":{\"@id\":\"https:\/\/www.pressenza.com\/es\/2020\/08\/entre-ovejas-te-veas\/#breadcrumb\"},\"inLanguage\":\"es\",\"potentialAction\":[{\"@type\":\"ReadAction\",\"target\":[\"https:\/\/www.pressenza.com\/es\/2020\/08\/entre-ovejas-te-veas\/\"]}]},{\"@type\":\"ImageObject\",\"inLanguage\":\"es\",\"@id\":\"https:\/\/www.pressenza.com\/es\/2020\/08\/entre-ovejas-te-veas\/#primaryimage\",\"url\":\"https:\/\/www.pressenza.com\/wp-content\/uploads\/2020\/08\/JAMfila-para-rayos.jpg\",\"contentUrl\":\"https:\/\/www.pressenza.com\/wp-content\/uploads\/2020\/08\/JAMfila-para-rayos.jpg\",\"width\":1853,\"height\":921,\"caption\":\"Juan Carlos Mar\u00edn - hospital\"},{\"@type\":\"BreadcrumbList\",\"@id\":\"https:\/\/www.pressenza.com\/es\/2020\/08\/entre-ovejas-te-veas\/#breadcrumb\",\"itemListElement\":[{\"@type\":\"ListItem\",\"position\":1,\"name\":\"Accueil\",\"item\":\"https:\/\/www.pressenza.com\/es\/\"},{\"@type\":\"ListItem\",\"position\":2,\"name\":\"Entre ovejas te veas\u2026\"}]},{\"@type\":\"WebSite\",\"@id\":\"https:\/\/www.pressenza.com\/es\/#website\",\"url\":\"https:\/\/www.pressenza.com\/es\/\",\"name\":\"Pressenza\",\"description\":\"International Press Agency\",\"publisher\":{\"@id\":\"https:\/\/www.pressenza.com\/es\/#organization\"},\"potentialAction\":[{\"@type\":\"SearchAction\",\"target\":{\"@type\":\"EntryPoint\",\"urlTemplate\":\"https:\/\/www.pressenza.com\/es\/?s={search_term_string}\"},\"query-input\":{\"@type\":\"PropertyValueSpecification\",\"valueRequired\":true,\"valueName\":\"search_term_string\"}}],\"inLanguage\":\"es\"},{\"@type\":\"Organization\",\"@id\":\"https:\/\/www.pressenza.com\/es\/#organization\",\"name\":\"Pressenza\",\"url\":\"https:\/\/www.pressenza.com\/es\/\",\"logo\":{\"@type\":\"ImageObject\",\"inLanguage\":\"es\",\"@id\":\"https:\/\/www.pressenza.com\/es\/#\/schema\/logo\/image\/\",\"url\":\"https:\/\/www.pressenza.com\/wp-content\/uploads\/2022\/10\/pressenza_logo_200x200.jpg\",\"contentUrl\":\"https:\/\/www.pressenza.com\/wp-content\/uploads\/2022\/10\/pressenza_logo_200x200.jpg\",\"width\":200,\"height\":200,\"caption\":\"Pressenza\"},\"image\":{\"@id\":\"https:\/\/www.pressenza.com\/es\/#\/schema\/logo\/image\/\"},\"sameAs\":[\"https:\/\/www.facebook.com\/PressenzaItalia\",\"https:\/\/x.com\/PressenzaIPA\"]},{\"@type\":\"Person\",\"@id\":\"https:\/\/www.pressenza.com\/es\/#\/schema\/person\/6936ca3bb8dee618b5cdfd0e4427cdd6\",\"name\":\"Carolina V\u00e1squez Araya\",\"description\":\"Periodista y editora con m\u00e1s de 30 a\u00f1os de experiencia, cuyos logros profesionales en el desarrollo de proyectos de gran \u00e9xito avalan sus cualidades de liderazgo, creatividad y relaciones p\u00fablicas. Ha aportado sus conocimientos en proyectos de organizaciones con intereses orientados al desarrollo social, cultural y econ\u00f3mico del pa\u00eds, con especial \u00e9nfasis en el sector de cultura y educaci\u00f3n, emprendimiento, derechos humanos, justicia, ambiente, mujeres y ni\u00f1ez. Chilena en Guatemala. elquintopatio.wordpress.com\",\"sameAs\":[\"https:\/\/www.facebook.com\/pages\/Carolina-V\u00e1squez-Araya\/241844515845237?fref=ts\",\"https:\/\/x.com\/carvasar\"],\"url\":\"https:\/\/www.pressenza.com\/es\/author\/carolina-vasquez-araya\/\"}]}<\/script>\n<!-- \/ Yoast SEO plugin. -->","yoast_head_json":{"title":"Entre ovejas te veas\u2026","description":"Entre ovejas te veas\u2026","robots":{"index":"index","follow":"follow","max-snippet":"max-snippet:-1","max-image-preview":"max-image-preview:large","max-video-preview":"max-video-preview:-1"},"canonical":"https:\/\/www.pressenza.com\/es\/2020\/08\/entre-ovejas-te-veas\/","og_locale":"es_ES","og_type":"article","og_title":"Entre ovejas te veas\u2026","og_description":"Entre ovejas te veas\u2026","og_url":"https:\/\/www.pressenza.com\/es\/2020\/08\/entre-ovejas-te-veas\/","og_site_name":"Pressenza","article_publisher":"https:\/\/www.facebook.com\/PressenzaItalia","article_author":"https:\/\/www.facebook.com\/pages\/Carolina-V\u00e1squez-Araya\/241844515845237?fref=ts","article_published_time":"2020-08-30T23:14:51+00:00","og_image":[{"width":1853,"height":921,"url":"https:\/\/www.pressenza.com\/wp-content\/uploads\/2020\/08\/JAMfila-para-rayos.jpg","type":"image\/jpeg"}],"author":"Carolina V\u00e1squez Araya","twitter_card":"summary_large_image","twitter_creator":"@carvasar","twitter_site":"@PressenzaIPA","twitter_misc":{"Escrito por":"Carolina V\u00e1squez Araya","Tiempo de lectura":"3 minutos"},"schema":{"@context":"https:\/\/schema.org","@graph":[{"@type":"Article","@id":"https:\/\/www.pressenza.com\/es\/2020\/08\/entre-ovejas-te-veas\/#article","isPartOf":{"@id":"https:\/\/www.pressenza.com\/es\/2020\/08\/entre-ovejas-te-veas\/"},"author":{"name":"Carolina V\u00e1squez Araya","@id":"https:\/\/www.pressenza.com\/es\/#\/schema\/person\/6936ca3bb8dee618b5cdfd0e4427cdd6"},"headline":"Entre ovejas te veas\u2026","datePublished":"2020-08-30T23:14:51+00:00","mainEntityOfPage":{"@id":"https:\/\/www.pressenza.com\/es\/2020\/08\/entre-ovejas-te-veas\/"},"wordCount":632,"publisher":{"@id":"https:\/\/www.pressenza.com\/es\/#organization"},"image":{"@id":"https:\/\/www.pressenza.com\/es\/2020\/08\/entre-ovejas-te-veas\/#primaryimage"},"thumbnailUrl":"https:\/\/www.pressenza.com\/wp-content\/uploads\/2020\/08\/JAMfila-para-rayos.jpg","keywords":["crisis coronavirus","inmunidad de reba\u00f1o"],"articleSection":["Contenido Original","Internacional","Opiniones","Salud"],"inLanguage":"es"},{"@type":"WebPage","@id":"https:\/\/www.pressenza.com\/es\/2020\/08\/entre-ovejas-te-veas\/","url":"https:\/\/www.pressenza.com\/es\/2020\/08\/entre-ovejas-te-veas\/","name":"Entre ovejas te veas\u2026","isPartOf":{"@id":"https:\/\/www.pressenza.com\/es\/#website"},"primaryImageOfPage":{"@id":"https:\/\/www.pressenza.com\/es\/2020\/08\/entre-ovejas-te-veas\/#primaryimage"},"image":{"@id":"https:\/\/www.pressenza.com\/es\/2020\/08\/entre-ovejas-te-veas\/#primaryimage"},"thumbnailUrl":"https:\/\/www.pressenza.com\/wp-content\/uploads\/2020\/08\/JAMfila-para-rayos.jpg","datePublished":"2020-08-30T23:14:51+00:00","description":"Entre ovejas te veas\u2026","breadcrumb":{"@id":"https:\/\/www.pressenza.com\/es\/2020\/08\/entre-ovejas-te-veas\/#breadcrumb"},"inLanguage":"es","potentialAction":[{"@type":"ReadAction","target":["https:\/\/www.pressenza.com\/es\/2020\/08\/entre-ovejas-te-veas\/"]}]},{"@type":"ImageObject","inLanguage":"es","@id":"https:\/\/www.pressenza.com\/es\/2020\/08\/entre-ovejas-te-veas\/#primaryimage","url":"https:\/\/www.pressenza.com\/wp-content\/uploads\/2020\/08\/JAMfila-para-rayos.jpg","contentUrl":"https:\/\/www.pressenza.com\/wp-content\/uploads\/2020\/08\/JAMfila-para-rayos.jpg","width":1853,"height":921,"caption":"Juan Carlos Mar\u00edn - hospital"},{"@type":"BreadcrumbList","@id":"https:\/\/www.pressenza.com\/es\/2020\/08\/entre-ovejas-te-veas\/#breadcrumb","itemListElement":[{"@type":"ListItem","position":1,"name":"Accueil","item":"https:\/\/www.pressenza.com\/es\/"},{"@type":"ListItem","position":2,"name":"Entre ovejas te veas\u2026"}]},{"@type":"WebSite","@id":"https:\/\/www.pressenza.com\/es\/#website","url":"https:\/\/www.pressenza.com\/es\/","name":"Pressenza","description":"International Press Agency","publisher":{"@id":"https:\/\/www.pressenza.com\/es\/#organization"},"potentialAction":[{"@type":"SearchAction","target":{"@type":"EntryPoint","urlTemplate":"https:\/\/www.pressenza.com\/es\/?s={search_term_string}"},"query-input":{"@type":"PropertyValueSpecification","valueRequired":true,"valueName":"search_term_string"}}],"inLanguage":"es"},{"@type":"Organization","@id":"https:\/\/www.pressenza.com\/es\/#organization","name":"Pressenza","url":"https:\/\/www.pressenza.com\/es\/","logo":{"@type":"ImageObject","inLanguage":"es","@id":"https:\/\/www.pressenza.com\/es\/#\/schema\/logo\/image\/","url":"https:\/\/www.pressenza.com\/wp-content\/uploads\/2022\/10\/pressenza_logo_200x200.jpg","contentUrl":"https:\/\/www.pressenza.com\/wp-content\/uploads\/2022\/10\/pressenza_logo_200x200.jpg","width":200,"height":200,"caption":"Pressenza"},"image":{"@id":"https:\/\/www.pressenza.com\/es\/#\/schema\/logo\/image\/"},"sameAs":["https:\/\/www.facebook.com\/PressenzaItalia","https:\/\/x.com\/PressenzaIPA"]},{"@type":"Person","@id":"https:\/\/www.pressenza.com\/es\/#\/schema\/person\/6936ca3bb8dee618b5cdfd0e4427cdd6","name":"Carolina V\u00e1squez Araya","description":"Periodista y editora con m\u00e1s de 30 a\u00f1os de experiencia, cuyos logros profesionales en el desarrollo de proyectos de gran \u00e9xito avalan sus cualidades de liderazgo, creatividad y relaciones p\u00fablicas. Ha aportado sus conocimientos en proyectos de organizaciones con intereses orientados al desarrollo social, cultural y econ\u00f3mico del pa\u00eds, con especial \u00e9nfasis en el sector de cultura y educaci\u00f3n, emprendimiento, derechos humanos, justicia, ambiente, mujeres y ni\u00f1ez. Chilena en Guatemala. elquintopatio.wordpress.com","sameAs":["https:\/\/www.facebook.com\/pages\/Carolina-V\u00e1squez-Araya\/241844515845237?fref=ts","https:\/\/x.com\/carvasar"],"url":"https:\/\/www.pressenza.com\/es\/author\/carolina-vasquez-araya\/"}]}},"place":"Cuenca, Ecuador","original_article_url":"","_links":{"self":[{"href":"https:\/\/www.pressenza.com\/es\/wp-json\/wp\/v2\/posts\/1187798","targetHints":{"allow":["GET"]}}],"collection":[{"href":"https:\/\/www.pressenza.com\/es\/wp-json\/wp\/v2\/posts"}],"about":[{"href":"https:\/\/www.pressenza.com\/es\/wp-json\/wp\/v2\/types\/post"}],"author":[{"embeddable":true,"href":"https:\/\/www.pressenza.com\/es\/wp-json\/wp\/v2\/users\/1296"}],"replies":[{"embeddable":true,"href":"https:\/\/www.pressenza.com\/es\/wp-json\/wp\/v2\/comments?post=1187798"}],"version-history":[{"count":0,"href":"https:\/\/www.pressenza.com\/es\/wp-json\/wp\/v2\/posts\/1187798\/revisions"}],"wp:featuredmedia":[{"embeddable":true,"href":"https:\/\/www.pressenza.com\/es\/wp-json\/wp\/v2\/media\/1187799"}],"wp:attachment":[{"href":"https:\/\/www.pressenza.com\/es\/wp-json\/wp\/v2\/media?parent=1187798"}],"wp:term":[{"taxonomy":"category","embeddable":true,"href":"https:\/\/www.pressenza.com\/es\/wp-json\/wp\/v2\/categories?post=1187798"},{"taxonomy":"post_tag","embeddable":true,"href":"https:\/\/www.pressenza.com\/es\/wp-json\/wp\/v2\/tags?post=1187798"}],"curies":[{"name":"wp","href":"https:\/\/api.w.org\/{rel}","templated":true}]}}