{"id":1185841,"date":"2020-08-27T13:18:11","date_gmt":"2020-08-27T12:18:11","guid":{"rendered":"https:\/\/www.pressenza.com\/?p=1185841"},"modified":"2020-08-27T13:18:11","modified_gmt":"2020-08-27T12:18:11","slug":"el-desastre-del-ingreso-minimo-vital-y-la-estupidez-cipolla-tenia-razon","status":"publish","type":"post","link":"https:\/\/www.pressenza.com\/es\/2020\/08\/el-desastre-del-ingreso-minimo-vital-y-la-estupidez-cipolla-tenia-razon\/","title":{"rendered":"El desastre del Ingreso M\u00ednimo Vital y la estupidez: Cipolla ten\u00eda raz\u00f3n"},"content":{"rendered":"<article class=\"node-59494 node node-articulo view-mode-full clearfix\">\n<section class=\"field-body\">\u201cCualquier cuento de horror deber\u00eda tener un origen o un secreto\u201d, escrib\u00eda Stephen King en 1983 en su breve narraci\u00f3n\u00a0<em>El cami\u00f3n del t\u00edo Otto.<\/em>\u00a0El Ingreso M\u00ednimo Vital (IMV) no es un cuento, pero es un horror. No tiene uno sino los dos requisitos de King: un origen y un secreto. El origen es conocido por todo el mundo: las peores condiciones de existencia de gran parte de la poblaci\u00f3n no rica producidas por las pol\u00edticas econ\u00f3micas puestas en funcionamiento desde 2010 (con un gobierno del PSOE y extremadas poco despu\u00e9s por los gobiernos del PP) y las medidas decretadas por el confinamiento del Covid-19. Cada nuevo dato es peor que el anterior. El secreto deber\u00eda ser tambi\u00e9n conocido, aunque no es f\u00e1cil dada la desproporci\u00f3n de los medios que amplifican lo que hace el gobierno espa\u00f1ol y los mismos medios en lo que se refiere a la difusi\u00f3n y conocimiento de la renta b\u00e1sica incondicional y universal (RB). Muchos medios, es verdad, expusieron al principio del estado de emergencia algunas noticias sobre la RB, si bien introduciendo confusiones incre\u00edbles como identificar el IMV con la RB. Pero el secreto es este: el apoyo sin fisuras del gobierno actual, tanto la parte del PSOE como la de UP, a los subsidios condicionados y la aversi\u00f3n de este mismo gobierno a una RB incondicional y universal.En cualquier caso, el IMV despert\u00f3 esperanzas entre mucha gente necesitada. Muy normal. Tambi\u00e9n dispuso de muchos defensores provenientes del mundo de los \u201cexpertos\u201d (este conjunto tan poco claro como el de los tertulianos). Y adem\u00e1s algunos de los \u201cexpertos\u201d se convirtieron en poco m\u00e1s que palmeros entusiastas sin el menor atisbo de verg\u00fcenza. Eso no es o no deber\u00eda ser tan normal. Como la derecha extrema y la extrema derecha atacaban con la cantinela de la \u201cpaguita\u201d, los defensores del IMV ten\u00edan un buen pretexto para redirigir las atenciones y desviar las cr\u00edticas que no proven\u00edan de la derecha con la consabida m\u00fasica de que \u201chacen el juego a la derecha\u201d. La cosa sonaba ya entonces muy d\u00e9bil, muy d\u00e9bil. Extremadamente autojustificativa. Parec\u00eda que se ve\u00edan venir el chaparr\u00f3n, el fracaso, el horror. La t\u00e1ctica utilizada con los cr\u00edticos: la m\u00e1s agresiva. Los cr\u00edticos del IMV que defend\u00edamos la RB \u00e9ramos calificados con no mucha amabilidad de pretender \u201csaltos revolucionarios\u201d (sic) hacia la RB; de no entender que el \u201cgradualismo\u201d es la quintaesencia del funcionamiento del mundo (aunque en realidad es su pobre concepci\u00f3n del funcionamiento del mundo lo que ellos mismos defend\u00edan, pero no se trata ahora de ponernos quisquillosos); de ser terribles esencialistas que no ven m\u00e1s que la RB y cualquier cosa que se aparte de ella es vista como malvada; que calificar de subsidio para pobres al IMV era pura aporofobia (aunque el propio ministro Escriv\u00e1 hubiera dicho que era un subsidio para extremadamente pobres qu\u00e9 m\u00e1s da)\u2026 Como argucias ret\u00f3ricas pod\u00edan tener su efectividad. Para mantener a los fieles firmes por un tiempo, quiz\u00e1s tambi\u00e9n. Que esta argumentaci\u00f3n se atuviera a la verdad, a la voluntad sincera de discutir razones, era lo de menos.Todo ello se acompa\u00f1aba con la propaganda gloriosa (la hemeroteca no perdona). La de que el \u201cIMV\u201d era algo as\u00ed como un avance hist\u00f3rico del Estado de Bienestar, un hito sin parang\u00f3n, un\u00a0<em>rien va plus<\/em>\u00a0de la innovaci\u00f3n del bienestar. Y que era de ciegos no ver un paso de gigante como el que representaba el IMV en la lucha contra la pobreza. Expresiones que a fuer de ampulosas pretend\u00edan esconder su ridiculez y banalidad. Solo faltaban\u00a0<em>majorettes<\/em>.<\/p>\n<p>Hasta algunos amigos llegaron a decir con la mejor de las voluntades: no hay que enfrentarse al IMV. Ha despertado muchas ilusiones y no hay que descargar la artiller\u00eda de entrada.<\/p>\n<p>Han pasado ya casi tres meses desde que el IMV est\u00e1 vigente. Nadie, nadie, ni el m\u00e1s ferviente enemigo del IMV y partidario de la RB lleg\u00f3 a imaginar un escenario tan desastroso, que dejar\u00eda en lugar modesto a algunos de los cuentos de horror de Stephen King. Pero los del prol\u00edfico autor son al fin y al cabo cuentos, el IMV es una cruda realidad. Ahora los defensores del IMV piden tiempo. Con tiempo el IMV funcionar\u00e1. \u00bfDe verdad se puede defender esta posici\u00f3n ante la situaci\u00f3n de necesidad de gran parte de la poblaci\u00f3n? \u00bfCu\u00e1nto tiempo? \u00bfUn a\u00f1o, dos? Pocas esperanzas se ofrece para las personas que tienen escasos ingresos, si alguno, que son muchas y cada vez son m\u00e1s. Recordemos adem\u00e1s que el IMV est\u00e1 dirigido, seg\u00fan el ministro del ramo, a los extremadamente pobres, con lo que los pobres que no lo sean extremadamente ya est\u00e1n por dise\u00f1o excluidos, el 80%. De entrada.<\/p>\n<p>Vayamos a los hechos. Son conocidos porque han sido denunciados por asociaciones profesionales y sindicatos entre otros. Muy brevemente para refrescarlos.\u00a0<a href=\"https:\/\/www.lavanguardia.com\/economia\/20200820\/482912999272\/ugt-ingreso-minimo-vital-imv-josep-maria-alvarez.html?facet=amp\">Datos que ofrece la UGT<\/a>. 714.000 solicitudes presentadas. Solo se han resuelto 32.629, el 4,57%. Menos de un 5% de resoluciones: a eso se le llama urgencia social. Y de las resoluciones solamente el 12,7% han sido favorables. Es f\u00e1cil el c\u00e1lculo: el 0,58% del total presentadas. Poco m\u00e1s de 4.000, \u00a1de 4.000! De ah\u00ed que el secretario general de la UGT declare que el IMV \u201cno lo cobra nadie\u201d. La alternativa de este sindicalista es que se requiere un \u201csistema m\u00e1s autom\u00e1tico\u201d y no con tantos requisitos. Que no concluya con la defensa de la universalidad e incondicionalidad de la RB es pedirle demasiado. Hay que a\u00f1adir a esta cifra las 74.000 altas de oficio, antiguas familias perceptoras de la ayuda por hijo o menor a cargo, a las que se les ha otorgado directamente el IMV de manera temporal, pero que deber\u00e1n presentar igualmente en los pr\u00f3ximos meses la solicitud como el resto, si es que quieren seguir cobr\u00e1ndolo, lo que causa pavor por lo que les puede esperar.<a id=\"sdfootnote1anc\" href=\"https:\/\/www.sinpermiso.info\/textos\/el-desastre-del-ingreso-minimo-vital-y-la-estupidez-cipolla-tenia-razon#sdfootnote1sym\" name=\"sdfootnote1anc\"><sup>1<\/sup><\/a>\u00a0Si se mantiene el ritmo de resoluciones positivas, las 714.000 se quedar\u00e1n en 91.000 concesiones, que sumadas a las 74.000 altas de oficio (no sabemos cu\u00e1ntas decaer\u00e1n) har\u00edan un total de 165.000 hogares, menos del 20% de los previstos, lo que implicar\u00eda alcanzar a uno de cada diez hogares en pobreza extrema o uno de cada veinte en pobreza relativa (con datos de la ECV del 2018). No obstante, faltan datos esenciales para acabar de valorar el desastre: cu\u00e1ntos hogares no han tramitado el IMV porque est\u00e1n intentando tramitarlo presencialmente ante las dificultades de hacerlo digitalmente (no hay ninguna informaci\u00f3n del tap\u00f3n y las listas de espera en las oficinas del INSS); y cu\u00e1ntos hogares a los que se le conceder\u00e1 el IMV ya percib\u00edan un subsidio auton\u00f3mico, por lo que su mejora en ingresos ser\u00e1 marginal (\u00fanicamente la diferencia entre el importe auton\u00f3mico y el IMV).<\/p>\n<p>Junto a los problemas de dise\u00f1o de la medida, hay otros de car\u00e1cter operativo que han resultado demoledores. As\u00ed, el decreto del IMV dejaba poco definido el rol de otros operadores necesarios para que el IMV llegara a buen puerto: los servicios de las CCAA (en particular, la relaci\u00f3n del IMV con las rentas m\u00ednimas existentes en cada comunidad), el papel de los servicios de empleo o de los servicios sociales locales. En estos momentos, todo est\u00e1 por desarrollar. Solamente hay convenios con una comunidad aut\u00f3noma y con 150 ayuntamientos (en el reino hay m\u00e1s de 8.000). Mientras, el tiempo va pasando y las necesidades de las personas se agravan.<\/p>\n<p>Costes administrativos y de gesti\u00f3n. No sabemos, nadie lo puede saber todav\u00eda, pero por su concepci\u00f3n de ultracondicionado, el IMV es un candidato a batir r\u00e9cords de costos administrativos y de gesti\u00f3n. Alg\u00fan d\u00eda se sabr\u00e1n.<\/p>\n<p>\u00bfQu\u00e9 dicen, cuando lo dicen, los defensores permanentes del IMV y del \u201cavance hist\u00f3rico del Estado de Bienestar\u201d que supon\u00eda? Que ya hab\u00edan \u201calertado de algunos defectos\u201d, que ya hab\u00edan asesorado sobre determinadas ineficiencias (o cualquier palabra que se les ocurra al efecto), que ya, que ya, que ya\u2026 \u00a1Qu\u00e9 genios! Si se sab\u00eda con antelaci\u00f3n algunos de los errores del IMV y a\u00fan as\u00ed se lo calificaba con la memez de \u201cavance hist\u00f3rico del Estado de Bienestar\u201d, parece que algo no funciona de forma decente. Pongamos que el IMV hubiera funcionado (\u201cya lo hab\u00eda dicho\u201d). Pongamos que no funciona como hasta el m\u00e1s fan\u00e1tico defensor del mismo ya est\u00e1 convencido que ocurre (\u201cyo ya hab\u00eda advertido de algunos defectos\u201d). Una t\u00e1ctica 100% ganadora. Poco interesante intelectual y pol\u00edticamente, adem\u00e1s de completamente vac\u00eda de informaci\u00f3n. Esta t\u00e1ctica de los defensores del IMV podemos resumirla de forma m\u00e1s general de la siguiente manera. El modelo (es decir, el de subsidios condicionados) es bueno, si falla es por errores que pueden rectificarse. Que vuelve a fallar, rectifiquemos los nuevos errores. Que vuelve a fallar\u2026 lo mismo. Sin descanso. En Europa hay experiencias muy veteranas que est\u00e1n a disposici\u00f3n de cualquiera, y los \u201cerrores\u201d son muy parecidos, \u00bfno deber\u00eda hacer pensar que el problema es del mismo modelo? Preguntar eso es producto, para alguno de estos fieles del IMV, de lo antigradualistas dogm\u00e1ticos o ultraizquierdistas (sic) que algunos podemos llegar a ser. Para otras personas m\u00e1s abiertas a entender el mundo, se trata de pura racionalidad.<\/p>\n<p>Uno de nosotros fue invitado a exponer su opini\u00f3n sobre el IMV y la RB en la llamada \u201cComisi\u00f3n para la reconstrucci\u00f3n econ\u00f3mica y social\u201d el pasado 22 de junio en las Cortes.<a id=\"sdfootnote2anc\" href=\"https:\/\/www.sinpermiso.info\/textos\/el-desastre-del-ingreso-minimo-vital-y-la-estupidez-cipolla-tenia-razon#sdfootnote2sym\" name=\"sdfootnote2anc\"><sup>2<\/sup><\/a>\u00a0En\u00a0<a href=\"https:\/\/www.sinpermiso.info\/textos\/intervencion-de-daniel-raventos-en-la-comision-de-reconstruccion-economica-y-social\">esta exposici\u00f3n<\/a>\u00a0se dijo:<\/p>\n<p style=\"padding-left: 40px;\">Siempre que trazamos una l\u00ednea para dividir a las personas \u201cmerecedoras\u201d y \u201cno merecedoras\u201d de los subsidios condicionados como es el caso del Ingreso M\u00ednimo Vital, se pueden cometer dos tipos de errores. El primer tipo de error es el falso positivo que se comete cuando alguien pasa la prueba y no deber\u00eda haberlo hecho. El segundo tipo de error es el falso negativo que se realiza cuando alguien falla la prueba y deber\u00eda haberla pasado. Y los dos errores son muy frecuentes. Una persona recibe lo que no merece, seg\u00fan el criterio establecido entre merecedores y no merecedores, mientras que otra persona no recibe lo que merece. El primero no es importante, pero el segundo error tiene muy malas consecuencias para las personas que han quedado excluidas del subsidio condicionado. Dos estudios ofrecen unos datos muy desconsoladores para los subsidios condicionados. El primero, que agrupaba las ayudas condicionadas en 30 pa\u00edses encontr\u00f3 un promedio de error sorprendentemente alto: 50% quedaban excluidos de las ayudas. Otro estudio con 38 programas de ayudas focalizados a la pobreza en 23 pa\u00edses encontr\u00f3 que se excluye entre el 44 y el 97% de las personas a las que supuestamente dichos programas iban destinados a llegar. As\u00ed pues, las medidas que no son universales continuamente presentan este tipo de problemas: no cumplen los objetivos que buscan cumplir en un margen de error inusitadamente alto. Algo se est\u00e1 haciendo mal.<\/p>\n<p>Por supuesto que la preocupaci\u00f3n de muchos gestores y bur\u00f3cratas pol\u00edticos es evitar a cualquier precio el primer error: seguro que no ha pasado ni uno. Podemos estar seguros. Costes administrativos y de gesti\u00f3n empleados en buena parte para filtrar posibles \u201cdefraudadores\u201d. Aqu\u00ed se pueden apuntar un gran \u00e9xito (sic). Pero el segundo error, el falso negativo, bueno, no queremos encarnizarnos demasiado, pero m\u00e1s que error en el caso del IMV es un desastre por el que deber\u00e1n (o deber\u00edan si todo fuera perfecto) pagar sus responsables. Por justicia e higiene p\u00fablicas deber\u00edan irse. No es en absoluto cre\u00edble que no supieran ni anticiparan el desastre que iba a suponer la puesta en funcionamiento del IMV. Y, claro est\u00e1, si lo anticiparon es que son unos impostores. Si no, unos incompetentes. Debe exigirse responsabilidades, porque hay millones de personas en situaci\u00f3n desesperada y porque este desastre ya lo hemos visto en las recientes implantaciones de otras rentas condicionadas m\u00ednimas auton\u00f3micas. Y un gobierno que no es capaz de remediar una situaci\u00f3n socialmente tan cr\u00edtica para millones de personas, es sencillamente un gobierno in\u00fatil para las necesidades urgentes y esenciales de la ciudadan\u00eda m\u00e1s vulnerable, un gobierno que no merece el menor cr\u00e9dito. O son unos in\u00fatiles soberbios o son un claro ejemplo de estupidez\u00a0<em>\u00e0 la\u00a0<\/em>Cipolla,<a id=\"sdfootnote3anc\" href=\"https:\/\/www.sinpermiso.info\/textos\/el-desastre-del-ingreso-minimo-vital-y-la-estupidez-cipolla-tenia-razon#sdfootnote3sym\" name=\"sdfootnote3anc\"><sup>3<\/sup><\/a>\u00a0en ambos casos deber\u00edan irse cuanto antes. Aunque es posible que sean las dos cosas: soberbios y est\u00fapidos.<\/p>\n<p>Y consolarse con que la derecha lo hubiera hecho peor, es tremendamente suicida. Mientras, la derecha est\u00e1 contenta, \u201cla paguita\u201d ha cumplido sus expectativas: no generar\u00e1 m\u00e1s vagos a cuenta del Estado, por incomparecencia de este \u00faltimo. Quiz\u00e1s ahora se entiende porqu\u00e9 votaron a favor de la ley o se abstuvieron en su convalidaci\u00f3n en el Congreso.<\/p>\n<p>\u00bfLa derecha lo hubiera hecho peor? O m\u00e1s tenebrosamente: \u00bflo har\u00e1 peor? Porque el gobierno actual, si no ampl\u00eda su base social defendiendo de forma decidida a la inmensa mayor\u00eda de la poblaci\u00f3n no rica y se deja encandilar por las \u201cgrandes razones t\u00e9cnicas\u201d de la pol\u00edtica econ\u00f3mica que le pide la patronal y la gran derecha econ\u00f3mica, y por las razones de estado que le lleva literalmente a babear con la monarqu\u00eda corrupta borb\u00f3nica, con alguna t\u00edmida protesta de la parte minoritaria del gobierno, estar\u00e1 abriendo paso a que el pr\u00f3ximo gobierno sea de la derecha extrema y la extrema derecha. Si opta por razones del err\u00f3neamente llamado \u201crealismo\u201d y\/o del \u201cmal menor\u201d por las razones de la patronal y de los grandes poderes del estado plagado de nost\u00e1lgicos del franquismo, este gobierno tiene los meses contados. Poco consuelo ser\u00e1 entonces decir que la derecha lo hace a\u00fan peor.<\/p>\n<p>\u201cQue nadie se quede atr\u00e1s\u201d, \u201crescatar a la gente\u201d, \u00bfen qu\u00e9 est\u00e1 quedando todo eso?<a id=\"sdfootnote4anc\" href=\"https:\/\/www.sinpermiso.info\/textos\/el-desastre-del-ingreso-minimo-vital-y-la-estupidez-cipolla-tenia-razon#sdfootnote4sym\" name=\"sdfootnote4anc\"><sup>4<\/sup><\/a><\/p>\n<p>En fin, las malas noticias no acaban aqu\u00ed. A\u00fan suponiendo que el IMV se acabara en meses o a\u00f1os implement\u00e1ndose exitosamente (y que llegase a su objetivo, al 20% de los pobres), y creer tal cosa es m\u00e1s propio de la fe que de la raz\u00f3n, son tantos los fallos estructurales y las insuficiencias que tiene como subsidio condicionado en s\u00ed, que la esperanza de que acabe con una parte importante de la pobreza (con toda la pobreza el IMV ya ha renunciado y esto hay que reconoc\u00e9rselo) del Reino de Espa\u00f1a es cero. Necesitamos un\u00a0<em>reset<\/em>\u00a0total o esto se va de las manos, y, ante los que piden tiempo, no, no hay tiempo.<\/p>\n<hr \/>\n<p><strong>Notas<\/strong><br \/>\n<a id=\"sdfootnote1sym\" href=\"https:\/\/www.sinpermiso.info\/textos\/el-desastre-del-ingreso-minimo-vital-y-la-estupidez-cipolla-tenia-razon#sdfootnote1anc\" name=\"sdfootnote1sym\">1<\/a>\u00a0<a href=\"https:\/\/www.lavanguardia.com\/economia\/20200821\/482919632348\/seguridad-social-ingreso-minimo-vital-erte.html\">Aqu\u00ed<\/a>, el lector o lectora encontrar\u00e1 un buen resumen de la situaci\u00f3n en que actualmente se encuentra la administraci\u00f3n del IMV, con el reconocimiento expreso por parte del ministro Escriv\u00e1, responsable \u00faltimo de su gesti\u00f3n, que desde su puesta en funcionamiento tan solo han sido revisadas el 20% de las solicitudes. Suena desconsolador, por no usar alg\u00fan adjetivo m\u00e1s grueso, dada la situaci\u00f3n de alarma en que se encuentran un porcentaje elevado de los hogares que deber\u00edan recibirlo.<br \/>\n<a id=\"sdfootnote2sym\" href=\"https:\/\/www.sinpermiso.info\/textos\/el-desastre-del-ingreso-minimo-vital-y-la-estupidez-cipolla-tenia-razon#sdfootnote2anc\" name=\"sdfootnote2sym\">2<\/a>\u00a0La intervenci\u00f3n inicial, las preguntas y las opiniones de los grupos parlamentarios y la respuesta posterior est\u00e1n en este video del Congreso:\u00a0<a href=\"https:\/\/www.youtube.com\/watch?time_continue=1&amp;v=ibzvfRdCv90&amp;feature=emb_logo\">https:\/\/www.youtube.com\/watch?time_continue=1&amp;v=ibzvfRdCv90&amp;feature=emb_logo<\/a><br \/>\n<a id=\"sdfootnote3sym\" href=\"https:\/\/www.sinpermiso.info\/textos\/el-desastre-del-ingreso-minimo-vital-y-la-estupidez-cipolla-tenia-razon#sdfootnote3anc\" name=\"sdfootnote3sym\">3<\/a>\u00a0Para los que no conozcan la definici\u00f3n de estupidez de Carlo M. Cipolla: son est\u00fapidas aquellas personas que intentan hacer el mal en beneficio propio y acaban perjudic\u00e1ndose a ellas mismas tambi\u00e9n. Que nadie se rasgue las vestiduras: Nuestra tesis es que los dise\u00f1adores del IMV intentando ahorrar el m\u00e1ximo del coste de este subsidio condicionado (y ponerse una medalla de gestores excelsos) decidieron definir \u201cpobre\u201d en funci\u00f3n del (escaso) dinero que quer\u00edan gastarse en los pobres (los pobres no merecen la urgencia de la banca) y dise\u00f1aron un sistema kafkiano de solicitudes que, combinado con la escasez de medios y el desconocimiento de la realidad social de la poblaci\u00f3n vulnerable, se les ha ido completamente de las manos. Estupidez extrema\u00a0<em>\u00e0 la\u00a0<\/em>Cipolla para quien, record\u00e9moslo, el est\u00fapido tambi\u00e9n es peor que el malvado.<br \/>\n<a id=\"sdfootnote4sym\" href=\"https:\/\/www.sinpermiso.info\/textos\/el-desastre-del-ingreso-minimo-vital-y-la-estupidez-cipolla-tenia-razon#sdfootnote4anc\" name=\"sdfootnote4sym\">4<\/a>\u00a0En una fecha muy temprana del estado de emergencia, 22 de marzo, los mismos autores de este art\u00edculo dec\u00edamos: \u201cEl gobierno tiene los recursos para una intervenci\u00f3n fiscal. Esta pandemia global requiere de una respuesta contundente por las repercusiones que va a tener y con la tecnolog\u00eda actual ser\u00eda posible inyectar liquidez a la mayor\u00eda de domicilios. \u00a1No perdamos esta oportunidad! No es oportunismo, es cambio de objetivos. \u2018Rescatar a la gente\u2019 quiere decir precisamente eso: apostar por la mayor\u00eda de la poblaci\u00f3n. Algo que resulta ajeno a aquellos que consideran que la pol\u00edtica es solo el arte de lo \u2018posible\u2019, entendiendo por lo \u2018posible\u2019 aquello que no molesta, ni perturba el normal funcionamiento de los grandes poderes privados\u201d.<\/p>\n<\/section>\n<\/article>\n","protected":false},"excerpt":{"rendered":"<p>\u201cCualquier cuento de horror deber\u00eda tener un origen o un secreto\u201d, escrib\u00eda Stephen King en 1983 en su breve narraci\u00f3n\u00a0El cami\u00f3n del t\u00edo Otto.\u00a0El Ingreso M\u00ednimo Vital (IMV) no es un cuento, pero es un horror. No tiene uno sino&hellip;<\/p>\n","protected":false},"author":1511,"featured_media":1185846,"comment_status":"closed","ping_status":"closed","sticky":false,"template":"","format":"standard","meta":{"footnotes":""},"categories":[79,81,66,161,74],"tags":[80669,80668,49054,11929],"class_list":["post-1185841","post","type-post","status-publish","format-standard","has-post-thumbnail","hentry","category-derechos-humanos","category-economia-es","category-europa-es","category-opiniones","category-politica-es","tag-imv","tag-ingreso-minimo-vital","tag-rbui-es","tag-renta-basica-universal"],"yoast_head":"<!-- This site is optimized with the Yoast SEO plugin v27.1.1 - https:\/\/yoast.com\/product\/yoast-seo-wordpress\/ -->\n<title>El desastre del Ingreso M\u00ednimo Vital y la estupidez: Cipolla ten\u00eda raz\u00f3n<\/title>\n<meta name=\"description\" content=\"\u201cCualquier cuento de horror deber\u00eda tener un origen o un secreto\u201d, escrib\u00eda Stephen King en 1983 en su breve narraci\u00f3n\u00a0El cami\u00f3n del t\u00edo Otto.\u00a0El Ingreso\" \/>\n<meta name=\"robots\" content=\"index, follow, max-snippet:-1, max-image-preview:large, max-video-preview:-1\" \/>\n<link rel=\"canonical\" href=\"https:\/\/www.pressenza.com\/es\/2020\/08\/el-desastre-del-ingreso-minimo-vital-y-la-estupidez-cipolla-tenia-razon\/\" \/>\n<meta property=\"og:locale\" content=\"es_ES\" \/>\n<meta property=\"og:type\" content=\"article\" \/>\n<meta property=\"og:title\" content=\"El desastre del Ingreso M\u00ednimo Vital y la estupidez: Cipolla ten\u00eda raz\u00f3n\" \/>\n<meta property=\"og:description\" content=\"\u201cCualquier cuento de horror deber\u00eda tener un origen o un secreto\u201d, escrib\u00eda Stephen King en 1983 en su breve narraci\u00f3n\u00a0El cami\u00f3n del t\u00edo Otto.\u00a0El Ingreso\" \/>\n<meta property=\"og:url\" content=\"https:\/\/www.pressenza.com\/es\/2020\/08\/el-desastre-del-ingreso-minimo-vital-y-la-estupidez-cipolla-tenia-razon\/\" \/>\n<meta property=\"og:site_name\" content=\"Pressenza\" \/>\n<meta property=\"article:publisher\" content=\"https:\/\/www.facebook.com\/PressenzaItalia\" \/>\n<meta property=\"article:published_time\" content=\"2020-08-27T12:18:11+00:00\" \/>\n<meta property=\"og:image\" content=\"https:\/\/www.pressenza.com\/wp-content\/uploads\/2020\/08\/Imelda-Unsplash.jpg\" \/>\n\t<meta property=\"og:image:width\" content=\"800\" \/>\n\t<meta property=\"og:image:height\" content=\"494\" \/>\n\t<meta property=\"og:image:type\" content=\"image\/jpeg\" \/>\n<meta name=\"author\" content=\"Daniel Ravent\u00f3s\" \/>\n<meta name=\"twitter:card\" content=\"summary_large_image\" \/>\n<meta name=\"twitter:creator\" content=\"@PressenzaIPA\" \/>\n<meta name=\"twitter:site\" content=\"@PressenzaIPA\" \/>\n<meta name=\"twitter:label1\" content=\"Escrito por\" \/>\n\t<meta name=\"twitter:data1\" content=\"Daniel Ravent\u00f3s\" \/>\n\t<meta name=\"twitter:label2\" content=\"Tiempo de lectura\" \/>\n\t<meta name=\"twitter:data2\" content=\"15 minutos\" \/>\n<script type=\"application\/ld+json\" class=\"yoast-schema-graph\">{\"@context\":\"https:\/\/schema.org\",\"@graph\":[{\"@type\":\"Article\",\"@id\":\"https:\/\/www.pressenza.com\/es\/2020\/08\/el-desastre-del-ingreso-minimo-vital-y-la-estupidez-cipolla-tenia-razon\/#article\",\"isPartOf\":{\"@id\":\"https:\/\/www.pressenza.com\/es\/2020\/08\/el-desastre-del-ingreso-minimo-vital-y-la-estupidez-cipolla-tenia-razon\/\"},\"author\":{\"name\":\"Daniel Ravent\u00f3s\",\"@id\":\"https:\/\/www.pressenza.com\/es\/#\/schema\/person\/ad7e4f3e91c4d8a0091237ae541b7c2f\"},\"headline\":\"El desastre del Ingreso M\u00ednimo Vital y la estupidez: Cipolla ten\u00eda raz\u00f3n\",\"datePublished\":\"2020-08-27T12:18:11+00:00\",\"mainEntityOfPage\":{\"@id\":\"https:\/\/www.pressenza.com\/es\/2020\/08\/el-desastre-del-ingreso-minimo-vital-y-la-estupidez-cipolla-tenia-razon\/\"},\"wordCount\":2935,\"publisher\":{\"@id\":\"https:\/\/www.pressenza.com\/es\/#organization\"},\"image\":{\"@id\":\"https:\/\/www.pressenza.com\/es\/2020\/08\/el-desastre-del-ingreso-minimo-vital-y-la-estupidez-cipolla-tenia-razon\/#primaryimage\"},\"thumbnailUrl\":\"https:\/\/www.pressenza.com\/wp-content\/uploads\/2020\/08\/Imelda-Unsplash.jpg\",\"keywords\":[\"IMV\",\"ingreso m\u00ednimo vital\",\"RBUI\",\"Renta B\u00e1sica Universal\"],\"articleSection\":[\"Derechos Humanos\",\"Econom\u00eda\",\"Europa\",\"Opiniones\",\"Pol\u00edtica\"],\"inLanguage\":\"es\"},{\"@type\":\"WebPage\",\"@id\":\"https:\/\/www.pressenza.com\/es\/2020\/08\/el-desastre-del-ingreso-minimo-vital-y-la-estupidez-cipolla-tenia-razon\/\",\"url\":\"https:\/\/www.pressenza.com\/es\/2020\/08\/el-desastre-del-ingreso-minimo-vital-y-la-estupidez-cipolla-tenia-razon\/\",\"name\":\"El desastre del Ingreso M\u00ednimo Vital y la estupidez: Cipolla ten\u00eda raz\u00f3n\",\"isPartOf\":{\"@id\":\"https:\/\/www.pressenza.com\/es\/#website\"},\"primaryImageOfPage\":{\"@id\":\"https:\/\/www.pressenza.com\/es\/2020\/08\/el-desastre-del-ingreso-minimo-vital-y-la-estupidez-cipolla-tenia-razon\/#primaryimage\"},\"image\":{\"@id\":\"https:\/\/www.pressenza.com\/es\/2020\/08\/el-desastre-del-ingreso-minimo-vital-y-la-estupidez-cipolla-tenia-razon\/#primaryimage\"},\"thumbnailUrl\":\"https:\/\/www.pressenza.com\/wp-content\/uploads\/2020\/08\/Imelda-Unsplash.jpg\",\"datePublished\":\"2020-08-27T12:18:11+00:00\",\"description\":\"\u201cCualquier cuento de horror deber\u00eda tener un origen o un secreto\u201d, escrib\u00eda Stephen King en 1983 en su breve narraci\u00f3n\u00a0El cami\u00f3n del t\u00edo Otto.\u00a0El Ingreso\",\"breadcrumb\":{\"@id\":\"https:\/\/www.pressenza.com\/es\/2020\/08\/el-desastre-del-ingreso-minimo-vital-y-la-estupidez-cipolla-tenia-razon\/#breadcrumb\"},\"inLanguage\":\"es\",\"potentialAction\":[{\"@type\":\"ReadAction\",\"target\":[\"https:\/\/www.pressenza.com\/es\/2020\/08\/el-desastre-del-ingreso-minimo-vital-y-la-estupidez-cipolla-tenia-razon\/\"]}]},{\"@type\":\"ImageObject\",\"inLanguage\":\"es\",\"@id\":\"https:\/\/www.pressenza.com\/es\/2020\/08\/el-desastre-del-ingreso-minimo-vital-y-la-estupidez-cipolla-tenia-razon\/#primaryimage\",\"url\":\"https:\/\/www.pressenza.com\/wp-content\/uploads\/2020\/08\/Imelda-Unsplash.jpg\",\"contentUrl\":\"https:\/\/www.pressenza.com\/wp-content\/uploads\/2020\/08\/Imelda-Unsplash.jpg\",\"width\":800,\"height\":494},{\"@type\":\"BreadcrumbList\",\"@id\":\"https:\/\/www.pressenza.com\/es\/2020\/08\/el-desastre-del-ingreso-minimo-vital-y-la-estupidez-cipolla-tenia-razon\/#breadcrumb\",\"itemListElement\":[{\"@type\":\"ListItem\",\"position\":1,\"name\":\"Accueil\",\"item\":\"https:\/\/www.pressenza.com\/es\/\"},{\"@type\":\"ListItem\",\"position\":2,\"name\":\"El desastre del Ingreso M\u00ednimo Vital y la estupidez: Cipolla ten\u00eda raz\u00f3n\"}]},{\"@type\":\"WebSite\",\"@id\":\"https:\/\/www.pressenza.com\/es\/#website\",\"url\":\"https:\/\/www.pressenza.com\/es\/\",\"name\":\"Pressenza\",\"description\":\"International Press Agency\",\"publisher\":{\"@id\":\"https:\/\/www.pressenza.com\/es\/#organization\"},\"potentialAction\":[{\"@type\":\"SearchAction\",\"target\":{\"@type\":\"EntryPoint\",\"urlTemplate\":\"https:\/\/www.pressenza.com\/es\/?s={search_term_string}\"},\"query-input\":{\"@type\":\"PropertyValueSpecification\",\"valueRequired\":true,\"valueName\":\"search_term_string\"}}],\"inLanguage\":\"es\"},{\"@type\":\"Organization\",\"@id\":\"https:\/\/www.pressenza.com\/es\/#organization\",\"name\":\"Pressenza\",\"url\":\"https:\/\/www.pressenza.com\/es\/\",\"logo\":{\"@type\":\"ImageObject\",\"inLanguage\":\"es\",\"@id\":\"https:\/\/www.pressenza.com\/es\/#\/schema\/logo\/image\/\",\"url\":\"https:\/\/www.pressenza.com\/wp-content\/uploads\/2022\/10\/pressenza_logo_200x200.jpg\",\"contentUrl\":\"https:\/\/www.pressenza.com\/wp-content\/uploads\/2022\/10\/pressenza_logo_200x200.jpg\",\"width\":200,\"height\":200,\"caption\":\"Pressenza\"},\"image\":{\"@id\":\"https:\/\/www.pressenza.com\/es\/#\/schema\/logo\/image\/\"},\"sameAs\":[\"https:\/\/www.facebook.com\/PressenzaItalia\",\"https:\/\/x.com\/PressenzaIPA\"]},{\"@type\":\"Person\",\"@id\":\"https:\/\/www.pressenza.com\/es\/#\/schema\/person\/ad7e4f3e91c4d8a0091237ae541b7c2f\",\"name\":\"Daniel Ravent\u00f3s\",\"description\":\"Es editor de Sin Permiso, presidente de la Red Renta B\u00e1sica y profesor de la Facultad de Econom\u00eda y Empresa de la Universidad de Barcelona. Es miembro del comit\u00e9 cient\u00edfico de ATTAC. Sus \u00faltimos libros son \u201cLa renta b\u00e1sica, \u00bfpor qu\u00e9 y para qu\u00e9?\u201d (Catarata, 2021) y \u201cEn defensa de la renta b\u00e1sica. Por qu\u00e9 es justa y c\u00f3mo se financia\u201d (Deusto 2023), escrito con Jordi Arcarons, Julen Bollain y Llu\u00eds Torrens.\",\"url\":\"https:\/\/www.pressenza.com\/es\/author\/daniel-raventos\/\"}]}<\/script>\n<!-- \/ Yoast SEO plugin. -->","yoast_head_json":{"title":"El desastre del Ingreso M\u00ednimo Vital y la estupidez: Cipolla ten\u00eda raz\u00f3n","description":"\u201cCualquier cuento de horror deber\u00eda tener un origen o un secreto\u201d, escrib\u00eda Stephen King en 1983 en su breve narraci\u00f3n\u00a0El cami\u00f3n del t\u00edo Otto.\u00a0El Ingreso","robots":{"index":"index","follow":"follow","max-snippet":"max-snippet:-1","max-image-preview":"max-image-preview:large","max-video-preview":"max-video-preview:-1"},"canonical":"https:\/\/www.pressenza.com\/es\/2020\/08\/el-desastre-del-ingreso-minimo-vital-y-la-estupidez-cipolla-tenia-razon\/","og_locale":"es_ES","og_type":"article","og_title":"El desastre del Ingreso M\u00ednimo Vital y la estupidez: Cipolla ten\u00eda raz\u00f3n","og_description":"\u201cCualquier cuento de horror deber\u00eda tener un origen o un secreto\u201d, escrib\u00eda Stephen King en 1983 en su breve narraci\u00f3n\u00a0El cami\u00f3n del t\u00edo Otto.\u00a0El Ingreso","og_url":"https:\/\/www.pressenza.com\/es\/2020\/08\/el-desastre-del-ingreso-minimo-vital-y-la-estupidez-cipolla-tenia-razon\/","og_site_name":"Pressenza","article_publisher":"https:\/\/www.facebook.com\/PressenzaItalia","article_published_time":"2020-08-27T12:18:11+00:00","og_image":[{"width":800,"height":494,"url":"https:\/\/www.pressenza.com\/wp-content\/uploads\/2020\/08\/Imelda-Unsplash.jpg","type":"image\/jpeg"}],"author":"Daniel Ravent\u00f3s","twitter_card":"summary_large_image","twitter_creator":"@PressenzaIPA","twitter_site":"@PressenzaIPA","twitter_misc":{"Escrito por":"Daniel Ravent\u00f3s","Tiempo de lectura":"15 minutos"},"schema":{"@context":"https:\/\/schema.org","@graph":[{"@type":"Article","@id":"https:\/\/www.pressenza.com\/es\/2020\/08\/el-desastre-del-ingreso-minimo-vital-y-la-estupidez-cipolla-tenia-razon\/#article","isPartOf":{"@id":"https:\/\/www.pressenza.com\/es\/2020\/08\/el-desastre-del-ingreso-minimo-vital-y-la-estupidez-cipolla-tenia-razon\/"},"author":{"name":"Daniel Ravent\u00f3s","@id":"https:\/\/www.pressenza.com\/es\/#\/schema\/person\/ad7e4f3e91c4d8a0091237ae541b7c2f"},"headline":"El desastre del Ingreso M\u00ednimo Vital y la estupidez: Cipolla ten\u00eda raz\u00f3n","datePublished":"2020-08-27T12:18:11+00:00","mainEntityOfPage":{"@id":"https:\/\/www.pressenza.com\/es\/2020\/08\/el-desastre-del-ingreso-minimo-vital-y-la-estupidez-cipolla-tenia-razon\/"},"wordCount":2935,"publisher":{"@id":"https:\/\/www.pressenza.com\/es\/#organization"},"image":{"@id":"https:\/\/www.pressenza.com\/es\/2020\/08\/el-desastre-del-ingreso-minimo-vital-y-la-estupidez-cipolla-tenia-razon\/#primaryimage"},"thumbnailUrl":"https:\/\/www.pressenza.com\/wp-content\/uploads\/2020\/08\/Imelda-Unsplash.jpg","keywords":["IMV","ingreso m\u00ednimo vital","RBUI","Renta B\u00e1sica Universal"],"articleSection":["Derechos Humanos","Econom\u00eda","Europa","Opiniones","Pol\u00edtica"],"inLanguage":"es"},{"@type":"WebPage","@id":"https:\/\/www.pressenza.com\/es\/2020\/08\/el-desastre-del-ingreso-minimo-vital-y-la-estupidez-cipolla-tenia-razon\/","url":"https:\/\/www.pressenza.com\/es\/2020\/08\/el-desastre-del-ingreso-minimo-vital-y-la-estupidez-cipolla-tenia-razon\/","name":"El desastre del Ingreso M\u00ednimo Vital y la estupidez: Cipolla ten\u00eda raz\u00f3n","isPartOf":{"@id":"https:\/\/www.pressenza.com\/es\/#website"},"primaryImageOfPage":{"@id":"https:\/\/www.pressenza.com\/es\/2020\/08\/el-desastre-del-ingreso-minimo-vital-y-la-estupidez-cipolla-tenia-razon\/#primaryimage"},"image":{"@id":"https:\/\/www.pressenza.com\/es\/2020\/08\/el-desastre-del-ingreso-minimo-vital-y-la-estupidez-cipolla-tenia-razon\/#primaryimage"},"thumbnailUrl":"https:\/\/www.pressenza.com\/wp-content\/uploads\/2020\/08\/Imelda-Unsplash.jpg","datePublished":"2020-08-27T12:18:11+00:00","description":"\u201cCualquier cuento de horror deber\u00eda tener un origen o un secreto\u201d, escrib\u00eda Stephen King en 1983 en su breve narraci\u00f3n\u00a0El cami\u00f3n del t\u00edo Otto.\u00a0El Ingreso","breadcrumb":{"@id":"https:\/\/www.pressenza.com\/es\/2020\/08\/el-desastre-del-ingreso-minimo-vital-y-la-estupidez-cipolla-tenia-razon\/#breadcrumb"},"inLanguage":"es","potentialAction":[{"@type":"ReadAction","target":["https:\/\/www.pressenza.com\/es\/2020\/08\/el-desastre-del-ingreso-minimo-vital-y-la-estupidez-cipolla-tenia-razon\/"]}]},{"@type":"ImageObject","inLanguage":"es","@id":"https:\/\/www.pressenza.com\/es\/2020\/08\/el-desastre-del-ingreso-minimo-vital-y-la-estupidez-cipolla-tenia-razon\/#primaryimage","url":"https:\/\/www.pressenza.com\/wp-content\/uploads\/2020\/08\/Imelda-Unsplash.jpg","contentUrl":"https:\/\/www.pressenza.com\/wp-content\/uploads\/2020\/08\/Imelda-Unsplash.jpg","width":800,"height":494},{"@type":"BreadcrumbList","@id":"https:\/\/www.pressenza.com\/es\/2020\/08\/el-desastre-del-ingreso-minimo-vital-y-la-estupidez-cipolla-tenia-razon\/#breadcrumb","itemListElement":[{"@type":"ListItem","position":1,"name":"Accueil","item":"https:\/\/www.pressenza.com\/es\/"},{"@type":"ListItem","position":2,"name":"El desastre del Ingreso M\u00ednimo Vital y la estupidez: Cipolla ten\u00eda raz\u00f3n"}]},{"@type":"WebSite","@id":"https:\/\/www.pressenza.com\/es\/#website","url":"https:\/\/www.pressenza.com\/es\/","name":"Pressenza","description":"International Press Agency","publisher":{"@id":"https:\/\/www.pressenza.com\/es\/#organization"},"potentialAction":[{"@type":"SearchAction","target":{"@type":"EntryPoint","urlTemplate":"https:\/\/www.pressenza.com\/es\/?s={search_term_string}"},"query-input":{"@type":"PropertyValueSpecification","valueRequired":true,"valueName":"search_term_string"}}],"inLanguage":"es"},{"@type":"Organization","@id":"https:\/\/www.pressenza.com\/es\/#organization","name":"Pressenza","url":"https:\/\/www.pressenza.com\/es\/","logo":{"@type":"ImageObject","inLanguage":"es","@id":"https:\/\/www.pressenza.com\/es\/#\/schema\/logo\/image\/","url":"https:\/\/www.pressenza.com\/wp-content\/uploads\/2022\/10\/pressenza_logo_200x200.jpg","contentUrl":"https:\/\/www.pressenza.com\/wp-content\/uploads\/2022\/10\/pressenza_logo_200x200.jpg","width":200,"height":200,"caption":"Pressenza"},"image":{"@id":"https:\/\/www.pressenza.com\/es\/#\/schema\/logo\/image\/"},"sameAs":["https:\/\/www.facebook.com\/PressenzaItalia","https:\/\/x.com\/PressenzaIPA"]},{"@type":"Person","@id":"https:\/\/www.pressenza.com\/es\/#\/schema\/person\/ad7e4f3e91c4d8a0091237ae541b7c2f","name":"Daniel Ravent\u00f3s","description":"Es editor de Sin Permiso, presidente de la Red Renta B\u00e1sica y profesor de la Facultad de Econom\u00eda y Empresa de la Universidad de Barcelona. Es miembro del comit\u00e9 cient\u00edfico de ATTAC. Sus \u00faltimos libros son \u201cLa renta b\u00e1sica, \u00bfpor qu\u00e9 y para qu\u00e9?\u201d (Catarata, 2021) y \u201cEn defensa de la renta b\u00e1sica. Por qu\u00e9 es justa y c\u00f3mo se financia\u201d (Deusto 2023), escrito con Jordi Arcarons, Julen Bollain y Llu\u00eds Torrens.","url":"https:\/\/www.pressenza.com\/es\/author\/daniel-raventos\/"}]}},"place":"Madrid, Espa\u00f1a","original_article_url":"https:\/\/www.sinpermiso.info\/textos\/el-desastre-del-ingreso-minimo-vital-y-la-estupidez-cipolla-tenia-razon","_links":{"self":[{"href":"https:\/\/www.pressenza.com\/es\/wp-json\/wp\/v2\/posts\/1185841","targetHints":{"allow":["GET"]}}],"collection":[{"href":"https:\/\/www.pressenza.com\/es\/wp-json\/wp\/v2\/posts"}],"about":[{"href":"https:\/\/www.pressenza.com\/es\/wp-json\/wp\/v2\/types\/post"}],"author":[{"embeddable":true,"href":"https:\/\/www.pressenza.com\/es\/wp-json\/wp\/v2\/users\/1511"}],"replies":[{"embeddable":true,"href":"https:\/\/www.pressenza.com\/es\/wp-json\/wp\/v2\/comments?post=1185841"}],"version-history":[{"count":0,"href":"https:\/\/www.pressenza.com\/es\/wp-json\/wp\/v2\/posts\/1185841\/revisions"}],"wp:featuredmedia":[{"embeddable":true,"href":"https:\/\/www.pressenza.com\/es\/wp-json\/wp\/v2\/media\/1185846"}],"wp:attachment":[{"href":"https:\/\/www.pressenza.com\/es\/wp-json\/wp\/v2\/media?parent=1185841"}],"wp:term":[{"taxonomy":"category","embeddable":true,"href":"https:\/\/www.pressenza.com\/es\/wp-json\/wp\/v2\/categories?post=1185841"},{"taxonomy":"post_tag","embeddable":true,"href":"https:\/\/www.pressenza.com\/es\/wp-json\/wp\/v2\/tags?post=1185841"}],"curies":[{"name":"wp","href":"https:\/\/api.w.org\/{rel}","templated":true}]}}