{"id":1185141,"date":"2020-08-26T16:18:04","date_gmt":"2020-08-26T15:18:04","guid":{"rendered":"https:\/\/www.pressenza.com\/?p=1185141"},"modified":"2020-08-26T16:18:04","modified_gmt":"2020-08-26T15:18:04","slug":"el-gran-fracaso-de-la-izquierda-chilena","status":"publish","type":"post","link":"https:\/\/www.pressenza.com\/es\/2020\/08\/el-gran-fracaso-de-la-izquierda-chilena\/","title":{"rendered":"El gran fracaso de la izquierda chilena"},"content":{"rendered":"<p>Los largos a\u00f1os de la posdictadura no han sido capaces de provocar una adecuada actualizaci\u00f3n del mundo pol\u00edtico, especialmente en los que se imputan como de izquierda. El pinochetismo, en cambio, ha sido muy h\u00e1bil al reciclarse en partidos de distintas denominaciones para disimular la f\u00e9rrea adhesi\u00f3n que le otorgaran al r\u00e9gimen de facto y antidemocr\u00e1tico durante diecisiete a\u00f1os. Se podr\u00eda decir que las tres o cuatro expresiones que hoy exhibe la derecha han logrado sacudirse el \u201cpeso de la noche\u201d y hasta han tenido la audacia de tomar las banderas de la Democracia y los Derechos Humanos.<\/p>\n<p>Pura hipocres\u00eda, por cierto, pero muy eficiente electoralmente. En tres d\u00e9cadas han logrado ganar dos veces la presidencia de la Rep\u00fablica y desde el Parlamento realmente cogobernar con la Concertaci\u00f3n y la Nueva Mayor\u00eda, referentes que han elegido a tres mandatarios. Constan, adem\u00e1s, la impunidad que han logrado algunos de los m\u00e1s fieros represores del pueblo y la d\u00f3cil forma en que los m\u00e1s inescrupulosos empresarios han sido acogidos por los nuevos gobernantes, consolidado m\u00e1s negocios y fortuna que antes.<\/p>\n<p>Incluso, ahora, hay dirigentes derechistas que se asumen como campeones de la paz y los derechos del pueblo, condenando como dictatoriales a los reg\u00edmenes que no les gustan en el mundo por sus directrices econ\u00f3mico sociales. Acusando al centro y a la izquierda chilena de tener una pol\u00edtica ambigua al respecto o de estar en franca complicidad con esos reg\u00edmenes.<\/p>\n<p>Al contrario de lo sucedido en otros pa\u00edses que se zafaron de los caudillos y la pesadilla capitalista, la izquierda chilena permanece atomizada en m\u00e1s de veinte o treinta expresiones diferentes. En una enormidad de capillas pol\u00edticas a cargo de peque\u00f1os reyezuelos o caudillos, lo que se expresa tambi\u00e9n en el mundo de los estudiantes universitarios y secundarios, donde las denominaciones surgen con fruici\u00f3n y provocan el desconcierto total entre los j\u00f3venes al momento de elegir a sus dirigentes. En estos d\u00edas, la hist\u00f3rica Federaci\u00f3n de Estudiantes de la Universidad de Chile no logr\u00f3 convocar ni al treinta por ciento de quienes deb\u00edan sufragar para renovar a sus representantes. Tanto as\u00ed que sus actuales l\u00edderes clausuraron el proceso electoral y decidieron poner en \u201crefundaci\u00f3n\u201d a esta hist\u00f3rica entidad. \u00a1Qu\u00e9 lamentable!<\/p>\n<p>El llamado Frente Amplio abri\u00f3 las esperanzas de un cambio al fundarse y lograr una encomiable cantidad de votos para su candidata presidencial. Sin embargo, debemos reconocer que a poco de andar se ha formado en el recept\u00e1culo de una enorme cantidad de peque\u00f1os partidos y movimientos que se han negado a desaparecer y cuyo principal empe\u00f1o es controlar un \u201caparato\u201d que ya es m\u00e1s electoral que pol\u00edtico o ideol\u00f3gico.<\/p>\n<p>En las cifras del Servicio Electoral, el Servel, se puede apreciar la enorme deserci\u00f3n de militantes que han tenido las expresiones de la izquierda tradicional, de aquellos partidos que lograron entenderse y elegir a Salvador Allende, pero que en este momento de la historia solo constituyen carcasas de ese glorioso pasado. Sumidos, al mismo tiempo, en toda suerte de reyertas internas, pugnas de liderazgo y apetencias de poder. En corrupciones y toda suerte de otros vicios.<\/p>\n<p>Asimismo, la Democracia Cristiana da m\u00e1s pena que verg\u00fcenza. Nadie pudo haber imaginado lo sucedido con el partido de Frei Montalva, Radomiro Tomic, Bernardo Leighton y otros notables fundadores y l\u00edderes. Una colectividad que ahora anda a la deriva entre la derecha y la izquierda y cuyo com\u00fan denominador es imposible descubrir entre sus dirigentes m\u00e1s renombrados y mediocres, primando por sobre todos sus valores ideol\u00f3gicos del pasado que tanto a\u00f1oran la posibilidad de recuperar o aferrarse a cargos p\u00fablicos.<\/p>\n<p>\u00bfExiste, acaso, vestigio alguno del Partido Radical que le dio a Chile tres o cuatro mandatarios? \u00bfAlguien podr\u00eda contarnos que persigue el PPD a esta altura? Aunque imaginamos que todav\u00eda tiene un membrete y algunos fondos asignados por el Estado que le sirven para estampar la firma en los pactos electorales y hacerse validar desde el extranjero. Porque ya sabemos, con franqueza, que ninguno de \u00e9stos y otros partidos se expone a competir solo en las elecciones para ocultar, as\u00ed, su triste precariedad dentro del mont\u00f3n de candidatos y nomenclaturas.<\/p>\n<p>\u00a1Cu\u00e1ndo ir\u00e1 a surgir un l\u00edder verdadero que tire el mantel de toda esta verg\u00fcenza y se anime a convocar al pueblo progresista que sabemos que existe y respira con fuerza y arrojo\u00a0 en las protestas y levantamientos sociales! \u00bfPor qu\u00e9 los s\u00f3lidos referentes sociales que animaron la pol\u00edtica y la protesta de fines del a\u00f1o pasado no se proponen fundar algo nuevo y de \u00fanica denominaci\u00f3n? \u00bfEs que estar\u00e1n infiltrados como antes tantas organizaciones de trabajadores y pobladores?<\/p>\n<p>Estamos pr\u00f3ximos a concurrir a un plebiscito impuesto por el pueblo en las calles y que la clase pol\u00edtica en su conjunto no tuvo otra oportunidad para negarse sin arriesgar el desmoronamiento definitivo de nuestra institucionalidad. La pandemia, como sabemos, vino a aplacar los \u00e1nimos, pero no vaya a ser cosa que desde La Moneda y el Parlamento se consume otra traici\u00f3n para burlar la soberan\u00eda popular y abortar una nueva Constituci\u00f3n.<\/p>\n<p>\u00a1C\u00f3mo no darnos cuenta que, apoyados por la televisi\u00f3n y otros medios, los ministros, los alcaldes, los diputados y senadores andan mucho m\u00e1s preocupados de sus reelecciones que del nuevo orden institucional que por primera vez podr\u00eda ser definido por los ciudadanos! Solo basta contar, por ejemplo,\u00a0 la cantidad de precandidatos presidenciales proclamados por los medios de comunicaci\u00f3n, como por esa vor\u00e1gine de referentes pol\u00edticos de papel\u2026 O solo de timbre y campanilla, como se dec\u00eda antes.<\/p>\n<p>\u00bfNo ser\u00eda ya hora de que la izquierda chilena deje de mirarse el ombligo y cumpla con su misi\u00f3n de servir a la unidad y aportar a la lucha social? Representar y luchar por la redenci\u00f3n de los oprimidos.<\/p>\n<p>&nbsp;<\/p>\n","protected":false},"excerpt":{"rendered":"<p>Los largos a\u00f1os de la posdictadura no han sido capaces de provocar una adecuada actualizaci\u00f3n del mundo pol\u00edtico, especialmente en los que se imputan como de izquierda. El pinochetismo, en cambio, ha sido muy h\u00e1bil al reciclarse en partidos de&hellip;<\/p>\n","protected":false},"author":1739,"featured_media":1185142,"comment_status":"closed","ping_status":"closed","sticky":false,"template":"","format":"standard","meta":{"footnotes":""},"categories":[11389,161,74,67],"tags":[29,1375,1344],"class_list":["post-1185141","post","type-post","status-publish","format-standard","has-post-thumbnail","hentry","category-contenido-original","category-opiniones","category-politica-es","category-sudamerica","tag-chile","tag-izquierda","tag-plebiscito"],"yoast_head":"<!-- This site is optimized with the Yoast SEO plugin v27.1.1 - https:\/\/yoast.com\/product\/yoast-seo-wordpress\/ -->\n<title>El gran fracaso de la izquierda chilena<\/title>\n<meta name=\"description\" content=\"El gran fracaso de la izquierda chilena\" \/>\n<meta name=\"robots\" content=\"index, follow, max-snippet:-1, max-image-preview:large, max-video-preview:-1\" \/>\n<link rel=\"canonical\" href=\"https:\/\/www.pressenza.com\/es\/2020\/08\/el-gran-fracaso-de-la-izquierda-chilena\/\" \/>\n<meta property=\"og:locale\" content=\"es_ES\" \/>\n<meta property=\"og:type\" content=\"article\" \/>\n<meta property=\"og:title\" content=\"El gran fracaso de la izquierda chilena\" \/>\n<meta property=\"og:description\" content=\"El gran fracaso de la izquierda chilena\" \/>\n<meta property=\"og:url\" content=\"https:\/\/www.pressenza.com\/es\/2020\/08\/el-gran-fracaso-de-la-izquierda-chilena\/\" \/>\n<meta property=\"og:site_name\" content=\"Pressenza\" \/>\n<meta property=\"article:publisher\" content=\"https:\/\/www.facebook.com\/PressenzaItalia\" \/>\n<meta property=\"article:published_time\" content=\"2020-08-26T15:18:04+00:00\" \/>\n<meta property=\"og:image\" content=\"https:\/\/www.pressenza.com\/wp-content\/uploads\/2020\/08\/justicia.jpg\" \/>\n\t<meta property=\"og:image:width\" content=\"1920\" \/>\n\t<meta property=\"og:image:height\" content=\"1280\" \/>\n\t<meta property=\"og:image:type\" content=\"image\/jpeg\" \/>\n<meta name=\"author\" content=\"Juan Pablo C\u00e1rdenas\" \/>\n<meta name=\"twitter:card\" content=\"summary_large_image\" \/>\n<meta name=\"twitter:creator\" content=\"@PressenzaIPA\" \/>\n<meta name=\"twitter:site\" content=\"@PressenzaIPA\" \/>\n<meta name=\"twitter:label1\" content=\"Escrito por\" \/>\n\t<meta name=\"twitter:data1\" content=\"Juan Pablo C\u00e1rdenas\" \/>\n\t<meta name=\"twitter:label2\" content=\"Tiempo de lectura\" \/>\n\t<meta name=\"twitter:data2\" content=\"5 minutos\" \/>\n<script type=\"application\/ld+json\" class=\"yoast-schema-graph\">{\"@context\":\"https:\/\/schema.org\",\"@graph\":[{\"@type\":\"Article\",\"@id\":\"https:\/\/www.pressenza.com\/es\/2020\/08\/el-gran-fracaso-de-la-izquierda-chilena\/#article\",\"isPartOf\":{\"@id\":\"https:\/\/www.pressenza.com\/es\/2020\/08\/el-gran-fracaso-de-la-izquierda-chilena\/\"},\"author\":{\"name\":\"Juan Pablo C\u00e1rdenas\",\"@id\":\"https:\/\/www.pressenza.com\/es\/#\/schema\/person\/d72a7c8c014dcbfa2ef9e9976103ea0d\"},\"headline\":\"El gran fracaso de la izquierda chilena\",\"datePublished\":\"2020-08-26T15:18:04+00:00\",\"mainEntityOfPage\":{\"@id\":\"https:\/\/www.pressenza.com\/es\/2020\/08\/el-gran-fracaso-de-la-izquierda-chilena\/\"},\"wordCount\":1039,\"publisher\":{\"@id\":\"https:\/\/www.pressenza.com\/es\/#organization\"},\"image\":{\"@id\":\"https:\/\/www.pressenza.com\/es\/2020\/08\/el-gran-fracaso-de-la-izquierda-chilena\/#primaryimage\"},\"thumbnailUrl\":\"https:\/\/www.pressenza.com\/wp-content\/uploads\/2020\/08\/justicia.jpg\",\"keywords\":[\"Chile\",\"izquierda\",\"Plebiscito\"],\"articleSection\":[\"Contenido Original\",\"Opiniones\",\"Pol\u00edtica\",\"Sudam\u00e9rica\"],\"inLanguage\":\"es\"},{\"@type\":\"WebPage\",\"@id\":\"https:\/\/www.pressenza.com\/es\/2020\/08\/el-gran-fracaso-de-la-izquierda-chilena\/\",\"url\":\"https:\/\/www.pressenza.com\/es\/2020\/08\/el-gran-fracaso-de-la-izquierda-chilena\/\",\"name\":\"El gran fracaso de la izquierda chilena\",\"isPartOf\":{\"@id\":\"https:\/\/www.pressenza.com\/es\/#website\"},\"primaryImageOfPage\":{\"@id\":\"https:\/\/www.pressenza.com\/es\/2020\/08\/el-gran-fracaso-de-la-izquierda-chilena\/#primaryimage\"},\"image\":{\"@id\":\"https:\/\/www.pressenza.com\/es\/2020\/08\/el-gran-fracaso-de-la-izquierda-chilena\/#primaryimage\"},\"thumbnailUrl\":\"https:\/\/www.pressenza.com\/wp-content\/uploads\/2020\/08\/justicia.jpg\",\"datePublished\":\"2020-08-26T15:18:04+00:00\",\"description\":\"El gran fracaso de la izquierda chilena\",\"breadcrumb\":{\"@id\":\"https:\/\/www.pressenza.com\/es\/2020\/08\/el-gran-fracaso-de-la-izquierda-chilena\/#breadcrumb\"},\"inLanguage\":\"es\",\"potentialAction\":[{\"@type\":\"ReadAction\",\"target\":[\"https:\/\/www.pressenza.com\/es\/2020\/08\/el-gran-fracaso-de-la-izquierda-chilena\/\"]}]},{\"@type\":\"ImageObject\",\"inLanguage\":\"es\",\"@id\":\"https:\/\/www.pressenza.com\/es\/2020\/08\/el-gran-fracaso-de-la-izquierda-chilena\/#primaryimage\",\"url\":\"https:\/\/www.pressenza.com\/wp-content\/uploads\/2020\/08\/justicia.jpg\",\"contentUrl\":\"https:\/\/www.pressenza.com\/wp-content\/uploads\/2020\/08\/justicia.jpg\",\"width\":1920,\"height\":1280,\"caption\":\"Justicia - Claudia Aranda\"},{\"@type\":\"BreadcrumbList\",\"@id\":\"https:\/\/www.pressenza.com\/es\/2020\/08\/el-gran-fracaso-de-la-izquierda-chilena\/#breadcrumb\",\"itemListElement\":[{\"@type\":\"ListItem\",\"position\":1,\"name\":\"Accueil\",\"item\":\"https:\/\/www.pressenza.com\/es\/\"},{\"@type\":\"ListItem\",\"position\":2,\"name\":\"El gran fracaso de la izquierda chilena\"}]},{\"@type\":\"WebSite\",\"@id\":\"https:\/\/www.pressenza.com\/es\/#website\",\"url\":\"https:\/\/www.pressenza.com\/es\/\",\"name\":\"Pressenza\",\"description\":\"International Press Agency\",\"publisher\":{\"@id\":\"https:\/\/www.pressenza.com\/es\/#organization\"},\"potentialAction\":[{\"@type\":\"SearchAction\",\"target\":{\"@type\":\"EntryPoint\",\"urlTemplate\":\"https:\/\/www.pressenza.com\/es\/?s={search_term_string}\"},\"query-input\":{\"@type\":\"PropertyValueSpecification\",\"valueRequired\":true,\"valueName\":\"search_term_string\"}}],\"inLanguage\":\"es\"},{\"@type\":\"Organization\",\"@id\":\"https:\/\/www.pressenza.com\/es\/#organization\",\"name\":\"Pressenza\",\"url\":\"https:\/\/www.pressenza.com\/es\/\",\"logo\":{\"@type\":\"ImageObject\",\"inLanguage\":\"es\",\"@id\":\"https:\/\/www.pressenza.com\/es\/#\/schema\/logo\/image\/\",\"url\":\"https:\/\/www.pressenza.com\/wp-content\/uploads\/2022\/10\/pressenza_logo_200x200.jpg\",\"contentUrl\":\"https:\/\/www.pressenza.com\/wp-content\/uploads\/2022\/10\/pressenza_logo_200x200.jpg\",\"width\":200,\"height\":200,\"caption\":\"Pressenza\"},\"image\":{\"@id\":\"https:\/\/www.pressenza.com\/es\/#\/schema\/logo\/image\/\"},\"sameAs\":[\"https:\/\/www.facebook.com\/PressenzaItalia\",\"https:\/\/x.com\/PressenzaIPA\"]},{\"@type\":\"Person\",\"@id\":\"https:\/\/www.pressenza.com\/es\/#\/schema\/person\/d72a7c8c014dcbfa2ef9e9976103ea0d\",\"name\":\"Juan Pablo C\u00e1rdenas\",\"description\":\"Juan Pablo C\u00e1rdenas Squella es un periodista y profesor universitario de vasta trayectoria. En el 2005 recibi\u00f3 en premio nacional de Periodismo y, antes, la Pluma de Oro de la Libertad, otorgada por la Federaci\u00f3n Mundial de la Prensa. Tambi\u00e9n obtuvo el Premio Latinoamericano de Periodismo, la Houten Camara de Holanda (1989) entre otras m\u00faltiples distinciones nacionales y extranjeras. Forma parte de los sesenta periodistas del mundo considerados H\u00e9roes de la Libertad de Expresi\u00f3n, reconocimiento hecho por la Federaci\u00f3n Internacional de Periodistas. Ha sido director y columnista de las revistas Debate Universitario, An\u00e1lisis y Los Tiempos, as\u00ed como del diario electr\u00f3nico primeral\u00ednea.cl. Tambi\u00e9n fue por m\u00e1s 18 a\u00f1os director de la Radio Universidad de Chile y de su diario digital. Se ha desempe\u00f1ado como profesor de varias escuelas de periodismo de Santiago y Valpara\u00edso y en la Universidad de Chile alcanz\u00f3 el grado de profesor titular y senador universitario.\",\"url\":\"https:\/\/www.pressenza.com\/es\/author\/juan-pablo-cardenas\/\"}]}<\/script>\n<!-- \/ Yoast SEO plugin. -->","yoast_head_json":{"title":"El gran fracaso de la izquierda chilena","description":"El gran fracaso de la izquierda chilena","robots":{"index":"index","follow":"follow","max-snippet":"max-snippet:-1","max-image-preview":"max-image-preview:large","max-video-preview":"max-video-preview:-1"},"canonical":"https:\/\/www.pressenza.com\/es\/2020\/08\/el-gran-fracaso-de-la-izquierda-chilena\/","og_locale":"es_ES","og_type":"article","og_title":"El gran fracaso de la izquierda chilena","og_description":"El gran fracaso de la izquierda chilena","og_url":"https:\/\/www.pressenza.com\/es\/2020\/08\/el-gran-fracaso-de-la-izquierda-chilena\/","og_site_name":"Pressenza","article_publisher":"https:\/\/www.facebook.com\/PressenzaItalia","article_published_time":"2020-08-26T15:18:04+00:00","og_image":[{"width":1920,"height":1280,"url":"https:\/\/www.pressenza.com\/wp-content\/uploads\/2020\/08\/justicia.jpg","type":"image\/jpeg"}],"author":"Juan Pablo C\u00e1rdenas","twitter_card":"summary_large_image","twitter_creator":"@PressenzaIPA","twitter_site":"@PressenzaIPA","twitter_misc":{"Escrito por":"Juan Pablo C\u00e1rdenas","Tiempo de lectura":"5 minutos"},"schema":{"@context":"https:\/\/schema.org","@graph":[{"@type":"Article","@id":"https:\/\/www.pressenza.com\/es\/2020\/08\/el-gran-fracaso-de-la-izquierda-chilena\/#article","isPartOf":{"@id":"https:\/\/www.pressenza.com\/es\/2020\/08\/el-gran-fracaso-de-la-izquierda-chilena\/"},"author":{"name":"Juan Pablo C\u00e1rdenas","@id":"https:\/\/www.pressenza.com\/es\/#\/schema\/person\/d72a7c8c014dcbfa2ef9e9976103ea0d"},"headline":"El gran fracaso de la izquierda chilena","datePublished":"2020-08-26T15:18:04+00:00","mainEntityOfPage":{"@id":"https:\/\/www.pressenza.com\/es\/2020\/08\/el-gran-fracaso-de-la-izquierda-chilena\/"},"wordCount":1039,"publisher":{"@id":"https:\/\/www.pressenza.com\/es\/#organization"},"image":{"@id":"https:\/\/www.pressenza.com\/es\/2020\/08\/el-gran-fracaso-de-la-izquierda-chilena\/#primaryimage"},"thumbnailUrl":"https:\/\/www.pressenza.com\/wp-content\/uploads\/2020\/08\/justicia.jpg","keywords":["Chile","izquierda","Plebiscito"],"articleSection":["Contenido Original","Opiniones","Pol\u00edtica","Sudam\u00e9rica"],"inLanguage":"es"},{"@type":"WebPage","@id":"https:\/\/www.pressenza.com\/es\/2020\/08\/el-gran-fracaso-de-la-izquierda-chilena\/","url":"https:\/\/www.pressenza.com\/es\/2020\/08\/el-gran-fracaso-de-la-izquierda-chilena\/","name":"El gran fracaso de la izquierda chilena","isPartOf":{"@id":"https:\/\/www.pressenza.com\/es\/#website"},"primaryImageOfPage":{"@id":"https:\/\/www.pressenza.com\/es\/2020\/08\/el-gran-fracaso-de-la-izquierda-chilena\/#primaryimage"},"image":{"@id":"https:\/\/www.pressenza.com\/es\/2020\/08\/el-gran-fracaso-de-la-izquierda-chilena\/#primaryimage"},"thumbnailUrl":"https:\/\/www.pressenza.com\/wp-content\/uploads\/2020\/08\/justicia.jpg","datePublished":"2020-08-26T15:18:04+00:00","description":"El gran fracaso de la izquierda chilena","breadcrumb":{"@id":"https:\/\/www.pressenza.com\/es\/2020\/08\/el-gran-fracaso-de-la-izquierda-chilena\/#breadcrumb"},"inLanguage":"es","potentialAction":[{"@type":"ReadAction","target":["https:\/\/www.pressenza.com\/es\/2020\/08\/el-gran-fracaso-de-la-izquierda-chilena\/"]}]},{"@type":"ImageObject","inLanguage":"es","@id":"https:\/\/www.pressenza.com\/es\/2020\/08\/el-gran-fracaso-de-la-izquierda-chilena\/#primaryimage","url":"https:\/\/www.pressenza.com\/wp-content\/uploads\/2020\/08\/justicia.jpg","contentUrl":"https:\/\/www.pressenza.com\/wp-content\/uploads\/2020\/08\/justicia.jpg","width":1920,"height":1280,"caption":"Justicia - Claudia Aranda"},{"@type":"BreadcrumbList","@id":"https:\/\/www.pressenza.com\/es\/2020\/08\/el-gran-fracaso-de-la-izquierda-chilena\/#breadcrumb","itemListElement":[{"@type":"ListItem","position":1,"name":"Accueil","item":"https:\/\/www.pressenza.com\/es\/"},{"@type":"ListItem","position":2,"name":"El gran fracaso de la izquierda chilena"}]},{"@type":"WebSite","@id":"https:\/\/www.pressenza.com\/es\/#website","url":"https:\/\/www.pressenza.com\/es\/","name":"Pressenza","description":"International Press Agency","publisher":{"@id":"https:\/\/www.pressenza.com\/es\/#organization"},"potentialAction":[{"@type":"SearchAction","target":{"@type":"EntryPoint","urlTemplate":"https:\/\/www.pressenza.com\/es\/?s={search_term_string}"},"query-input":{"@type":"PropertyValueSpecification","valueRequired":true,"valueName":"search_term_string"}}],"inLanguage":"es"},{"@type":"Organization","@id":"https:\/\/www.pressenza.com\/es\/#organization","name":"Pressenza","url":"https:\/\/www.pressenza.com\/es\/","logo":{"@type":"ImageObject","inLanguage":"es","@id":"https:\/\/www.pressenza.com\/es\/#\/schema\/logo\/image\/","url":"https:\/\/www.pressenza.com\/wp-content\/uploads\/2022\/10\/pressenza_logo_200x200.jpg","contentUrl":"https:\/\/www.pressenza.com\/wp-content\/uploads\/2022\/10\/pressenza_logo_200x200.jpg","width":200,"height":200,"caption":"Pressenza"},"image":{"@id":"https:\/\/www.pressenza.com\/es\/#\/schema\/logo\/image\/"},"sameAs":["https:\/\/www.facebook.com\/PressenzaItalia","https:\/\/x.com\/PressenzaIPA"]},{"@type":"Person","@id":"https:\/\/www.pressenza.com\/es\/#\/schema\/person\/d72a7c8c014dcbfa2ef9e9976103ea0d","name":"Juan Pablo C\u00e1rdenas","description":"Juan Pablo C\u00e1rdenas Squella es un periodista y profesor universitario de vasta trayectoria. En el 2005 recibi\u00f3 en premio nacional de Periodismo y, antes, la Pluma de Oro de la Libertad, otorgada por la Federaci\u00f3n Mundial de la Prensa. Tambi\u00e9n obtuvo el Premio Latinoamericano de Periodismo, la Houten Camara de Holanda (1989) entre otras m\u00faltiples distinciones nacionales y extranjeras. Forma parte de los sesenta periodistas del mundo considerados H\u00e9roes de la Libertad de Expresi\u00f3n, reconocimiento hecho por la Federaci\u00f3n Internacional de Periodistas. Ha sido director y columnista de las revistas Debate Universitario, An\u00e1lisis y Los Tiempos, as\u00ed como del diario electr\u00f3nico primeral\u00ednea.cl. Tambi\u00e9n fue por m\u00e1s 18 a\u00f1os director de la Radio Universidad de Chile y de su diario digital. Se ha desempe\u00f1ado como profesor de varias escuelas de periodismo de Santiago y Valpara\u00edso y en la Universidad de Chile alcanz\u00f3 el grado de profesor titular y senador universitario.","url":"https:\/\/www.pressenza.com\/es\/author\/juan-pablo-cardenas\/"}]}},"place":"Santiago de Chile","original_article_url":"","_links":{"self":[{"href":"https:\/\/www.pressenza.com\/es\/wp-json\/wp\/v2\/posts\/1185141","targetHints":{"allow":["GET"]}}],"collection":[{"href":"https:\/\/www.pressenza.com\/es\/wp-json\/wp\/v2\/posts"}],"about":[{"href":"https:\/\/www.pressenza.com\/es\/wp-json\/wp\/v2\/types\/post"}],"author":[{"embeddable":true,"href":"https:\/\/www.pressenza.com\/es\/wp-json\/wp\/v2\/users\/1739"}],"replies":[{"embeddable":true,"href":"https:\/\/www.pressenza.com\/es\/wp-json\/wp\/v2\/comments?post=1185141"}],"version-history":[{"count":0,"href":"https:\/\/www.pressenza.com\/es\/wp-json\/wp\/v2\/posts\/1185141\/revisions"}],"wp:featuredmedia":[{"embeddable":true,"href":"https:\/\/www.pressenza.com\/es\/wp-json\/wp\/v2\/media\/1185142"}],"wp:attachment":[{"href":"https:\/\/www.pressenza.com\/es\/wp-json\/wp\/v2\/media?parent=1185141"}],"wp:term":[{"taxonomy":"category","embeddable":true,"href":"https:\/\/www.pressenza.com\/es\/wp-json\/wp\/v2\/categories?post=1185141"},{"taxonomy":"post_tag","embeddable":true,"href":"https:\/\/www.pressenza.com\/es\/wp-json\/wp\/v2\/tags?post=1185141"}],"curies":[{"name":"wp","href":"https:\/\/api.w.org\/{rel}","templated":true}]}}