{"id":1184129,"date":"2020-08-25T02:34:37","date_gmt":"2020-08-25T01:34:37","guid":{"rendered":"https:\/\/www.pressenza.com\/?p=1184129"},"modified":"2020-08-25T02:34:37","modified_gmt":"2020-08-25T01:34:37","slug":"cuba-iniciara-ensayos-clinicos-de-su-vacuna-anticovid-19","status":"publish","type":"post","link":"https:\/\/www.pressenza.com\/es\/2020\/08\/cuba-iniciara-ensayos-clinicos-de-su-vacuna-anticovid-19\/","title":{"rendered":"Cuba iniciar\u00e1 ensayos cl\u00ednicos de su vacuna antiCovid-19"},"content":{"rendered":"<p>Cuba iniciar\u00e1 el 24 de agosto la primera etapa de los ensayos cl\u00ednicos de su candidato vacunal contra la Covid-19, cuyos resultados estar\u00e1n disponibles en enero del 2021, indica hoy el Registro P\u00fablico Cubano de Ensayos Cl\u00ednicos.<\/p>\n<p>La investigaci\u00f3n para desarrollar el f\u00e1rmaco profil\u00e1ctico denominado Soberana 01 abarca a 676 personas de entre 19 y 80 a\u00f1os y est\u00e1 a cargo del Instituto Finlay de Vacunas.<\/p>\n<p>Seg\u00fan los datos oficiales, el estudio ser\u00e1 aleatorizado, controlado, adaptativo y multic\u00e9ntrico y tiene el prop\u00f3sito de evaluar la seguridad, reactogenicidad e inmunogenicidad del candidato en un esquema de dos dosis.<\/p>\n<p>La particularidad de la vacuna cubana consiste en que es desarrollada \u00edntegramente por instituciones cient\u00edficas estatales, por lo tanto sin \u00e1nimo de lucro, y que su distribuci\u00f3n ser\u00e1 gratuita y universal.<\/p>\n<p>Fuente: <a href=\"https:\/\/www.prensa-latina.cu\/index.php?o=rn&amp;id=390371&amp;SEO=cuba-iniciara-ensayos-clinicos-de-su-vacuna-anticovid-19\">Prensa Latina<\/a><\/p>\n","protected":false},"excerpt":{"rendered":"<p>Cuba iniciar\u00e1 el 24 de agosto la primera etapa de los ensayos cl\u00ednicos de su candidato vacunal contra la Covid-19, cuyos resultados estar\u00e1n disponibles en enero del 2021, indica hoy el Registro P\u00fablico Cubano de Ensayos Cl\u00ednicos. La investigaci\u00f3n para&hellip;<\/p>\n","protected":false},"author":1333,"featured_media":1183626,"comment_status":"closed","ping_status":"closed","sticky":false,"template":"","format":"standard","meta":{"footnotes":""},"categories":[11389,79,39,1239],"tags":[78757,379,74067],"class_list":["post-1184129","post","type-post","status-publish","format-standard","has-post-thumbnail","hentry","category-contenido-original","category-derechos-humanos","category-internacional","category-salud","tag-covid-19-ca-es","tag-cuba-es","tag-vacuna"],"yoast_head":"<!-- This site is optimized with the Yoast SEO plugin v27.1.1 - https:\/\/yoast.com\/product\/yoast-seo-wordpress\/ -->\n<title>Cuba iniciar\u00e1 ensayos cl\u00ednicos de su vacuna antiCovid-19<\/title>\n<meta name=\"description\" content=\"Cuba iniciar\u00e1 el 24 de agosto la primera etapa de los ensayos cl\u00ednicos de su candidato vacunal contra la Covid-19, cuyos resultados estar\u00e1n disponibles en\" \/>\n<meta name=\"robots\" content=\"index, follow, max-snippet:-1, max-image-preview:large, max-video-preview:-1\" \/>\n<link rel=\"canonical\" href=\"https:\/\/www.pressenza.com\/es\/2020\/08\/cuba-iniciara-ensayos-clinicos-de-su-vacuna-anticovid-19\/\" \/>\n<meta property=\"og:locale\" content=\"es_ES\" \/>\n<meta property=\"og:type\" content=\"article\" \/>\n<meta property=\"og:title\" content=\"Cuba iniciar\u00e1 ensayos cl\u00ednicos de su vacuna antiCovid-19\" \/>\n<meta property=\"og:description\" content=\"Cuba iniciar\u00e1 el 24 de agosto la primera etapa de los ensayos cl\u00ednicos de su candidato vacunal contra la Covid-19, cuyos resultados estar\u00e1n disponibles en\" \/>\n<meta property=\"og:url\" content=\"https:\/\/www.pressenza.com\/es\/2020\/08\/cuba-iniciara-ensayos-clinicos-de-su-vacuna-anticovid-19\/\" \/>\n<meta property=\"og:site_name\" content=\"Pressenza\" \/>\n<meta property=\"article:publisher\" content=\"https:\/\/www.facebook.com\/PressenzaItalia\" \/>\n<meta property=\"article:published_time\" content=\"2020-08-25T01:34:37+00:00\" \/>\n<meta property=\"og:image\" content=\"https:\/\/www.pressenza.com\/wp-content\/uploads\/2020\/08\/cuba-vacuna-prensalatina.jpg\" \/>\n\t<meta property=\"og:image:width\" content=\"750\" \/>\n\t<meta property=\"og:image:height\" content=\"499\" \/>\n\t<meta property=\"og:image:type\" content=\"image\/jpeg\" \/>\n<meta name=\"author\" content=\"Redacci\u00f3n Cuba\" \/>\n<meta name=\"twitter:card\" content=\"summary_large_image\" \/>\n<meta name=\"twitter:creator\" content=\"@PressenzaIPA\" \/>\n<meta name=\"twitter:site\" content=\"@PressenzaIPA\" \/>\n<meta name=\"twitter:label1\" content=\"Escrito por\" \/>\n\t<meta name=\"twitter:data1\" content=\"Redacci\u00f3n Cuba\" \/>\n\t<meta name=\"twitter:label2\" content=\"Tiempo de lectura\" \/>\n\t<meta name=\"twitter:data2\" content=\"1 minuto\" \/>\n<script type=\"application\/ld+json\" class=\"yoast-schema-graph\">{\"@context\":\"https:\/\/schema.org\",\"@graph\":[{\"@type\":\"Article\",\"@id\":\"https:\/\/www.pressenza.com\/es\/2020\/08\/cuba-iniciara-ensayos-clinicos-de-su-vacuna-anticovid-19\/#article\",\"isPartOf\":{\"@id\":\"https:\/\/www.pressenza.com\/es\/2020\/08\/cuba-iniciara-ensayos-clinicos-de-su-vacuna-anticovid-19\/\"},\"author\":{\"name\":\"Redacci\u00f3n Cuba\",\"@id\":\"https:\/\/www.pressenza.com\/es\/#\/schema\/person\/8ae9fb86616bf7972df5aa651a73f542\"},\"headline\":\"Cuba iniciar\u00e1 ensayos cl\u00ednicos de su vacuna antiCovid-19\",\"datePublished\":\"2020-08-25T01:34:37+00:00\",\"mainEntityOfPage\":{\"@id\":\"https:\/\/www.pressenza.com\/es\/2020\/08\/cuba-iniciara-ensayos-clinicos-de-su-vacuna-anticovid-19\/\"},\"wordCount\":147,\"publisher\":{\"@id\":\"https:\/\/www.pressenza.com\/es\/#organization\"},\"image\":{\"@id\":\"https:\/\/www.pressenza.com\/es\/2020\/08\/cuba-iniciara-ensayos-clinicos-de-su-vacuna-anticovid-19\/#primaryimage\"},\"thumbnailUrl\":\"https:\/\/www.pressenza.com\/wp-content\/uploads\/2020\/08\/cuba-vacuna-prensalatina.jpg\",\"keywords\":[\"COVID-19\",\"Cuba\",\"vacuna\"],\"articleSection\":[\"Contenido Original\",\"Derechos Humanos\",\"Internacional\",\"Salud\"],\"inLanguage\":\"es\"},{\"@type\":\"WebPage\",\"@id\":\"https:\/\/www.pressenza.com\/es\/2020\/08\/cuba-iniciara-ensayos-clinicos-de-su-vacuna-anticovid-19\/\",\"url\":\"https:\/\/www.pressenza.com\/es\/2020\/08\/cuba-iniciara-ensayos-clinicos-de-su-vacuna-anticovid-19\/\",\"name\":\"Cuba iniciar\u00e1 ensayos cl\u00ednicos de su vacuna antiCovid-19\",\"isPartOf\":{\"@id\":\"https:\/\/www.pressenza.com\/es\/#website\"},\"primaryImageOfPage\":{\"@id\":\"https:\/\/www.pressenza.com\/es\/2020\/08\/cuba-iniciara-ensayos-clinicos-de-su-vacuna-anticovid-19\/#primaryimage\"},\"image\":{\"@id\":\"https:\/\/www.pressenza.com\/es\/2020\/08\/cuba-iniciara-ensayos-clinicos-de-su-vacuna-anticovid-19\/#primaryimage\"},\"thumbnailUrl\":\"https:\/\/www.pressenza.com\/wp-content\/uploads\/2020\/08\/cuba-vacuna-prensalatina.jpg\",\"datePublished\":\"2020-08-25T01:34:37+00:00\",\"description\":\"Cuba iniciar\u00e1 el 24 de agosto la primera etapa de los ensayos cl\u00ednicos de su candidato vacunal contra la Covid-19, cuyos resultados estar\u00e1n disponibles en\",\"breadcrumb\":{\"@id\":\"https:\/\/www.pressenza.com\/es\/2020\/08\/cuba-iniciara-ensayos-clinicos-de-su-vacuna-anticovid-19\/#breadcrumb\"},\"inLanguage\":\"es\",\"potentialAction\":[{\"@type\":\"ReadAction\",\"target\":[\"https:\/\/www.pressenza.com\/es\/2020\/08\/cuba-iniciara-ensayos-clinicos-de-su-vacuna-anticovid-19\/\"]}]},{\"@type\":\"ImageObject\",\"inLanguage\":\"es\",\"@id\":\"https:\/\/www.pressenza.com\/es\/2020\/08\/cuba-iniciara-ensayos-clinicos-de-su-vacuna-anticovid-19\/#primaryimage\",\"url\":\"https:\/\/www.pressenza.com\/wp-content\/uploads\/2020\/08\/cuba-vacuna-prensalatina.jpg\",\"contentUrl\":\"https:\/\/www.pressenza.com\/wp-content\/uploads\/2020\/08\/cuba-vacuna-prensalatina.jpg\",\"width\":750,\"height\":499},{\"@type\":\"BreadcrumbList\",\"@id\":\"https:\/\/www.pressenza.com\/es\/2020\/08\/cuba-iniciara-ensayos-clinicos-de-su-vacuna-anticovid-19\/#breadcrumb\",\"itemListElement\":[{\"@type\":\"ListItem\",\"position\":1,\"name\":\"Accueil\",\"item\":\"https:\/\/www.pressenza.com\/es\/\"},{\"@type\":\"ListItem\",\"position\":2,\"name\":\"Cuba iniciar\u00e1 ensayos cl\u00ednicos de su vacuna antiCovid-19\"}]},{\"@type\":\"WebSite\",\"@id\":\"https:\/\/www.pressenza.com\/es\/#website\",\"url\":\"https:\/\/www.pressenza.com\/es\/\",\"name\":\"Pressenza\",\"description\":\"International Press Agency\",\"publisher\":{\"@id\":\"https:\/\/www.pressenza.com\/es\/#organization\"},\"potentialAction\":[{\"@type\":\"SearchAction\",\"target\":{\"@type\":\"EntryPoint\",\"urlTemplate\":\"https:\/\/www.pressenza.com\/es\/?s={search_term_string}\"},\"query-input\":{\"@type\":\"PropertyValueSpecification\",\"valueRequired\":true,\"valueName\":\"search_term_string\"}}],\"inLanguage\":\"es\"},{\"@type\":\"Organization\",\"@id\":\"https:\/\/www.pressenza.com\/es\/#organization\",\"name\":\"Pressenza\",\"url\":\"https:\/\/www.pressenza.com\/es\/\",\"logo\":{\"@type\":\"ImageObject\",\"inLanguage\":\"es\",\"@id\":\"https:\/\/www.pressenza.com\/es\/#\/schema\/logo\/image\/\",\"url\":\"https:\/\/www.pressenza.com\/wp-content\/uploads\/2022\/10\/pressenza_logo_200x200.jpg\",\"contentUrl\":\"https:\/\/www.pressenza.com\/wp-content\/uploads\/2022\/10\/pressenza_logo_200x200.jpg\",\"width\":200,\"height\":200,\"caption\":\"Pressenza\"},\"image\":{\"@id\":\"https:\/\/www.pressenza.com\/es\/#\/schema\/logo\/image\/\"},\"sameAs\":[\"https:\/\/www.facebook.com\/PressenzaItalia\",\"https:\/\/x.com\/PressenzaIPA\"]},{\"@type\":\"Person\",\"@id\":\"https:\/\/www.pressenza.com\/es\/#\/schema\/person\/8ae9fb86616bf7972df5aa651a73f542\",\"name\":\"Redacci\u00f3n Cuba\",\"description\":\"News published by the Pressenza bureau in Cuba\",\"url\":\"https:\/\/www.pressenza.com\/es\/author\/redaccion-cuba\/\"}]}<\/script>\n<!-- \/ Yoast SEO plugin. -->","yoast_head_json":{"title":"Cuba iniciar\u00e1 ensayos cl\u00ednicos de su vacuna antiCovid-19","description":"Cuba iniciar\u00e1 el 24 de agosto la primera etapa de los ensayos cl\u00ednicos de su candidato vacunal contra la Covid-19, cuyos resultados estar\u00e1n disponibles en","robots":{"index":"index","follow":"follow","max-snippet":"max-snippet:-1","max-image-preview":"max-image-preview:large","max-video-preview":"max-video-preview:-1"},"canonical":"https:\/\/www.pressenza.com\/es\/2020\/08\/cuba-iniciara-ensayos-clinicos-de-su-vacuna-anticovid-19\/","og_locale":"es_ES","og_type":"article","og_title":"Cuba iniciar\u00e1 ensayos cl\u00ednicos de su vacuna antiCovid-19","og_description":"Cuba iniciar\u00e1 el 24 de agosto la primera etapa de los ensayos cl\u00ednicos de su candidato vacunal contra la Covid-19, cuyos resultados estar\u00e1n disponibles en","og_url":"https:\/\/www.pressenza.com\/es\/2020\/08\/cuba-iniciara-ensayos-clinicos-de-su-vacuna-anticovid-19\/","og_site_name":"Pressenza","article_publisher":"https:\/\/www.facebook.com\/PressenzaItalia","article_published_time":"2020-08-25T01:34:37+00:00","og_image":[{"width":750,"height":499,"url":"https:\/\/www.pressenza.com\/wp-content\/uploads\/2020\/08\/cuba-vacuna-prensalatina.jpg","type":"image\/jpeg"}],"author":"Redacci\u00f3n Cuba","twitter_card":"summary_large_image","twitter_creator":"@PressenzaIPA","twitter_site":"@PressenzaIPA","twitter_misc":{"Escrito por":"Redacci\u00f3n Cuba","Tiempo de lectura":"1 minuto"},"schema":{"@context":"https:\/\/schema.org","@graph":[{"@type":"Article","@id":"https:\/\/www.pressenza.com\/es\/2020\/08\/cuba-iniciara-ensayos-clinicos-de-su-vacuna-anticovid-19\/#article","isPartOf":{"@id":"https:\/\/www.pressenza.com\/es\/2020\/08\/cuba-iniciara-ensayos-clinicos-de-su-vacuna-anticovid-19\/"},"author":{"name":"Redacci\u00f3n Cuba","@id":"https:\/\/www.pressenza.com\/es\/#\/schema\/person\/8ae9fb86616bf7972df5aa651a73f542"},"headline":"Cuba iniciar\u00e1 ensayos cl\u00ednicos de su vacuna antiCovid-19","datePublished":"2020-08-25T01:34:37+00:00","mainEntityOfPage":{"@id":"https:\/\/www.pressenza.com\/es\/2020\/08\/cuba-iniciara-ensayos-clinicos-de-su-vacuna-anticovid-19\/"},"wordCount":147,"publisher":{"@id":"https:\/\/www.pressenza.com\/es\/#organization"},"image":{"@id":"https:\/\/www.pressenza.com\/es\/2020\/08\/cuba-iniciara-ensayos-clinicos-de-su-vacuna-anticovid-19\/#primaryimage"},"thumbnailUrl":"https:\/\/www.pressenza.com\/wp-content\/uploads\/2020\/08\/cuba-vacuna-prensalatina.jpg","keywords":["COVID-19","Cuba","vacuna"],"articleSection":["Contenido Original","Derechos Humanos","Internacional","Salud"],"inLanguage":"es"},{"@type":"WebPage","@id":"https:\/\/www.pressenza.com\/es\/2020\/08\/cuba-iniciara-ensayos-clinicos-de-su-vacuna-anticovid-19\/","url":"https:\/\/www.pressenza.com\/es\/2020\/08\/cuba-iniciara-ensayos-clinicos-de-su-vacuna-anticovid-19\/","name":"Cuba iniciar\u00e1 ensayos cl\u00ednicos de su vacuna antiCovid-19","isPartOf":{"@id":"https:\/\/www.pressenza.com\/es\/#website"},"primaryImageOfPage":{"@id":"https:\/\/www.pressenza.com\/es\/2020\/08\/cuba-iniciara-ensayos-clinicos-de-su-vacuna-anticovid-19\/#primaryimage"},"image":{"@id":"https:\/\/www.pressenza.com\/es\/2020\/08\/cuba-iniciara-ensayos-clinicos-de-su-vacuna-anticovid-19\/#primaryimage"},"thumbnailUrl":"https:\/\/www.pressenza.com\/wp-content\/uploads\/2020\/08\/cuba-vacuna-prensalatina.jpg","datePublished":"2020-08-25T01:34:37+00:00","description":"Cuba iniciar\u00e1 el 24 de agosto la primera etapa de los ensayos cl\u00ednicos de su candidato vacunal contra la Covid-19, cuyos resultados estar\u00e1n disponibles en","breadcrumb":{"@id":"https:\/\/www.pressenza.com\/es\/2020\/08\/cuba-iniciara-ensayos-clinicos-de-su-vacuna-anticovid-19\/#breadcrumb"},"inLanguage":"es","potentialAction":[{"@type":"ReadAction","target":["https:\/\/www.pressenza.com\/es\/2020\/08\/cuba-iniciara-ensayos-clinicos-de-su-vacuna-anticovid-19\/"]}]},{"@type":"ImageObject","inLanguage":"es","@id":"https:\/\/www.pressenza.com\/es\/2020\/08\/cuba-iniciara-ensayos-clinicos-de-su-vacuna-anticovid-19\/#primaryimage","url":"https:\/\/www.pressenza.com\/wp-content\/uploads\/2020\/08\/cuba-vacuna-prensalatina.jpg","contentUrl":"https:\/\/www.pressenza.com\/wp-content\/uploads\/2020\/08\/cuba-vacuna-prensalatina.jpg","width":750,"height":499},{"@type":"BreadcrumbList","@id":"https:\/\/www.pressenza.com\/es\/2020\/08\/cuba-iniciara-ensayos-clinicos-de-su-vacuna-anticovid-19\/#breadcrumb","itemListElement":[{"@type":"ListItem","position":1,"name":"Accueil","item":"https:\/\/www.pressenza.com\/es\/"},{"@type":"ListItem","position":2,"name":"Cuba iniciar\u00e1 ensayos cl\u00ednicos de su vacuna antiCovid-19"}]},{"@type":"WebSite","@id":"https:\/\/www.pressenza.com\/es\/#website","url":"https:\/\/www.pressenza.com\/es\/","name":"Pressenza","description":"International Press Agency","publisher":{"@id":"https:\/\/www.pressenza.com\/es\/#organization"},"potentialAction":[{"@type":"SearchAction","target":{"@type":"EntryPoint","urlTemplate":"https:\/\/www.pressenza.com\/es\/?s={search_term_string}"},"query-input":{"@type":"PropertyValueSpecification","valueRequired":true,"valueName":"search_term_string"}}],"inLanguage":"es"},{"@type":"Organization","@id":"https:\/\/www.pressenza.com\/es\/#organization","name":"Pressenza","url":"https:\/\/www.pressenza.com\/es\/","logo":{"@type":"ImageObject","inLanguage":"es","@id":"https:\/\/www.pressenza.com\/es\/#\/schema\/logo\/image\/","url":"https:\/\/www.pressenza.com\/wp-content\/uploads\/2022\/10\/pressenza_logo_200x200.jpg","contentUrl":"https:\/\/www.pressenza.com\/wp-content\/uploads\/2022\/10\/pressenza_logo_200x200.jpg","width":200,"height":200,"caption":"Pressenza"},"image":{"@id":"https:\/\/www.pressenza.com\/es\/#\/schema\/logo\/image\/"},"sameAs":["https:\/\/www.facebook.com\/PressenzaItalia","https:\/\/x.com\/PressenzaIPA"]},{"@type":"Person","@id":"https:\/\/www.pressenza.com\/es\/#\/schema\/person\/8ae9fb86616bf7972df5aa651a73f542","name":"Redacci\u00f3n Cuba","description":"News published by the Pressenza bureau in Cuba","url":"https:\/\/www.pressenza.com\/es\/author\/redaccion-cuba\/"}]}},"place":"La Habana","original_article_url":"","_links":{"self":[{"href":"https:\/\/www.pressenza.com\/es\/wp-json\/wp\/v2\/posts\/1184129","targetHints":{"allow":["GET"]}}],"collection":[{"href":"https:\/\/www.pressenza.com\/es\/wp-json\/wp\/v2\/posts"}],"about":[{"href":"https:\/\/www.pressenza.com\/es\/wp-json\/wp\/v2\/types\/post"}],"author":[{"embeddable":true,"href":"https:\/\/www.pressenza.com\/es\/wp-json\/wp\/v2\/users\/1333"}],"replies":[{"embeddable":true,"href":"https:\/\/www.pressenza.com\/es\/wp-json\/wp\/v2\/comments?post=1184129"}],"version-history":[{"count":0,"href":"https:\/\/www.pressenza.com\/es\/wp-json\/wp\/v2\/posts\/1184129\/revisions"}],"wp:featuredmedia":[{"embeddable":true,"href":"https:\/\/www.pressenza.com\/es\/wp-json\/wp\/v2\/media\/1183626"}],"wp:attachment":[{"href":"https:\/\/www.pressenza.com\/es\/wp-json\/wp\/v2\/media?parent=1184129"}],"wp:term":[{"taxonomy":"category","embeddable":true,"href":"https:\/\/www.pressenza.com\/es\/wp-json\/wp\/v2\/categories?post=1184129"},{"taxonomy":"post_tag","embeddable":true,"href":"https:\/\/www.pressenza.com\/es\/wp-json\/wp\/v2\/tags?post=1184129"}],"curies":[{"name":"wp","href":"https:\/\/api.w.org\/{rel}","templated":true}]}}