{"id":1183,"date":"2009-09-01T00:00:00","date_gmt":"2009-09-01T00:00:00","guid":{"rendered":""},"modified":"2009-09-03T16:53:52","modified_gmt":"2009-09-03T16:53:52","slug":"sarah-onyango-xobamax-adhiere-a-la-marcha-mundial","status":"publish","type":"post","link":"https:\/\/www.pressenza.com\/es\/2009\/09\/sarah-onyango-xobamax-adhiere-a-la-marcha-mundial\/","title":{"rendered":"Sarah Onyango \u00abObama\u00bb adhiere a la Marcha Mundial"},"content":{"rendered":"<p>La abuela del Presidente de Estados Unidos de Am\u00e9rica adhiri\u00f3 este fin de semana a la Marcha Mundial por la Paz y la No-Violencia \u2014una iniciativa de Mundo sin Guerras y sin Violencia\u2014, cuyo inicio est\u00e1 programado para el 2 de octubre de 2009 en Wellington, Nueva Zelanda, y que culminar\u00e1 en Argentina el 2 de enero de 2010. Esta Marcha recorrer\u00e1 todos los continentes.<\/p>\n<p>En conversaci\u00f3n con Rashid Miruka, miembro del Movimiento Humanista, la se\u00f1ora Sarah acogi\u00f3 con entusiasmo la idea que subyace a la Marcha, alentando a otros a apoyar la iniciativa.<\/p>\n<p>Ella cree que ya no habr\u00e1 bombardeos nucleares ni interferencias territoriales y que todos los pa\u00edses tendr\u00e1n acceso a una \u201cenerg\u00eda nuclear con fines pac\u00edficos\u201d; comparte las ideas de su nieto, quien ha abierto una trayectoria de di\u00e1logo y de desarme nuclear. Ella est\u00e1 a favor de la paz y la no violencia.<\/p>\n<p>\u201cEn la Marcha Mundial deber\u00edan participar los j\u00f3venes, los viejos, e incluso los hu\u00e9rfanos, y deber\u00eda ser un punto de inflexi\u00f3n para el desarrollo de cada persona\u201d, afirm\u00f3.<\/p>\n<p>La se\u00f1ora Sarah desea que todos los seres humanos \u201cse unan y asuman la responsabilidad de transformar este mundo en un mundo sin guerras y con abundantes oportunidades de reconciliaci\u00f3n y prosperidad\u201d.<\/p>\n<p>*(Traducido por Patricia Straulino Peacock)*<\/p>\n","protected":false},"excerpt":{"rendered":"<p>Sarah Onyango \u00abObama\u00bb, abuela del Presidente de EE.UU., adhiri\u00f3 a la Marcha Mundial por la Paz y la No-Violencia, satisfecha con la idea subyacente de la Marcha, y destac\u00f3 que otros deber\u00edan dar su apoyo a esta iniciativa. Desea que todos \u201cse unan y se encarguen de transformar el mundo en un mundo sin guerras, y con abundantes oportunidades de reconciliaci\u00f3n y prosperidad.\u201d<\/p>\n","protected":false},"author":19,"featured_media":0,"comment_status":"closed","ping_status":"open","sticky":false,"template":"","format":"standard","meta":{"footnotes":""},"categories":[64,75],"tags":[],"class_list":["post-1183","post","type-post","status-publish","format-standard","hentry","category-africa-es","category-cultura-es"],"yoast_head":"<!-- This site is optimized with the Yoast SEO plugin v27.1.1 - https:\/\/yoast.com\/product\/yoast-seo-wordpress\/ -->\n<title>Sarah Onyango &quot;Obama&quot; adhiere a la Marcha Mundial<\/title>\n<meta name=\"description\" content=\"Sarah Onyango &quot;Obama&quot;, abuela del Presidente de EE.UU., adhiri\u00f3 a la Marcha Mundial por la Paz y la No-Violencia, satisfecha con la idea subyacente de la Marcha, y destac\u00f3 que otros deber\u00edan dar su apoyo a esta iniciativa. Desea que todos \u201cse unan y se encarguen de transformar el mundo en un mundo sin guerras, y con abundantes oportunidades de reconciliaci\u00f3n y prosperidad.\u201d\" \/>\n<meta name=\"robots\" content=\"index, follow, max-snippet:-1, max-image-preview:large, max-video-preview:-1\" \/>\n<link rel=\"canonical\" href=\"https:\/\/www.pressenza.com\/es\/2009\/09\/sarah-onyango-xobamax-adhiere-a-la-marcha-mundial\/\" \/>\n<meta property=\"og:locale\" content=\"es_ES\" \/>\n<meta property=\"og:type\" content=\"article\" \/>\n<meta property=\"og:title\" content=\"Sarah Onyango &quot;Obama&quot; adhiere a la Marcha Mundial\" \/>\n<meta property=\"og:description\" content=\"Sarah Onyango &quot;Obama&quot;, abuela del Presidente de EE.UU., adhiri\u00f3 a la Marcha Mundial por la Paz y la No-Violencia, satisfecha con la idea subyacente de la Marcha, y destac\u00f3 que otros deber\u00edan dar su apoyo a esta iniciativa. Desea que todos \u201cse unan y se encarguen de transformar el mundo en un mundo sin guerras, y con abundantes oportunidades de reconciliaci\u00f3n y prosperidad.\u201d\" \/>\n<meta property=\"og:url\" content=\"https:\/\/www.pressenza.com\/es\/2009\/09\/sarah-onyango-xobamax-adhiere-a-la-marcha-mundial\/\" \/>\n<meta property=\"og:site_name\" content=\"Pressenza\" \/>\n<meta property=\"article:publisher\" content=\"https:\/\/www.facebook.com\/PressenzaItalia\" \/>\n<meta property=\"article:author\" content=\"https:\/\/www.facebook.com\/pressenza\" \/>\n<meta property=\"article:published_time\" content=\"2009-09-01T00:00:00+00:00\" \/>\n<meta property=\"article:modified_time\" content=\"2009-09-03T16:53:52+00:00\" \/>\n<meta name=\"author\" content=\"Pressenza IPA\" \/>\n<meta name=\"twitter:card\" content=\"summary_large_image\" \/>\n<meta name=\"twitter:creator\" content=\"@PressenzaIPA\" \/>\n<meta name=\"twitter:site\" content=\"@PressenzaIPA\" \/>\n<meta name=\"twitter:label1\" content=\"Escrito por\" \/>\n\t<meta name=\"twitter:data1\" content=\"Pressenza IPA\" \/>\n\t<meta name=\"twitter:label2\" content=\"Tiempo de lectura\" \/>\n\t<meta name=\"twitter:data2\" content=\"1 minuto\" \/>\n<script type=\"application\/ld+json\" class=\"yoast-schema-graph\">{\"@context\":\"https:\/\/schema.org\",\"@graph\":[{\"@type\":\"Article\",\"@id\":\"https:\/\/www.pressenza.com\/es\/2009\/09\/sarah-onyango-xobamax-adhiere-a-la-marcha-mundial\/#article\",\"isPartOf\":{\"@id\":\"https:\/\/www.pressenza.com\/es\/2009\/09\/sarah-onyango-xobamax-adhiere-a-la-marcha-mundial\/\"},\"author\":{\"name\":\"Pressenza IPA\",\"@id\":\"https:\/\/www.pressenza.com\/es\/#\/schema\/person\/010e5d02bcf40965427a1289a4cc8d75\"},\"headline\":\"Sarah Onyango \u00abObama\u00bb adhiere a la Marcha Mundial\",\"datePublished\":\"2009-09-01T00:00:00+00:00\",\"dateModified\":\"2009-09-03T16:53:52+00:00\",\"mainEntityOfPage\":{\"@id\":\"https:\/\/www.pressenza.com\/es\/2009\/09\/sarah-onyango-xobamax-adhiere-a-la-marcha-mundial\/\"},\"wordCount\":231,\"publisher\":{\"@id\":\"https:\/\/www.pressenza.com\/es\/#organization\"},\"articleSection\":[\"Africa\",\"Cultura y Medios\"],\"inLanguage\":\"es\"},{\"@type\":\"WebPage\",\"@id\":\"https:\/\/www.pressenza.com\/es\/2009\/09\/sarah-onyango-xobamax-adhiere-a-la-marcha-mundial\/\",\"url\":\"https:\/\/www.pressenza.com\/es\/2009\/09\/sarah-onyango-xobamax-adhiere-a-la-marcha-mundial\/\",\"name\":\"Sarah Onyango \\\"Obama\\\" adhiere a la Marcha Mundial\",\"isPartOf\":{\"@id\":\"https:\/\/www.pressenza.com\/es\/#website\"},\"datePublished\":\"2009-09-01T00:00:00+00:00\",\"dateModified\":\"2009-09-03T16:53:52+00:00\",\"description\":\"Sarah Onyango \\\"Obama\\\", abuela del Presidente de EE.UU., adhiri\u00f3 a la Marcha Mundial por la Paz y la No-Violencia, satisfecha con la idea subyacente de la Marcha, y destac\u00f3 que otros deber\u00edan dar su apoyo a esta iniciativa. Desea que todos \u201cse unan y se encarguen de transformar el mundo en un mundo sin guerras, y con abundantes oportunidades de reconciliaci\u00f3n y prosperidad.\u201d\",\"breadcrumb\":{\"@id\":\"https:\/\/www.pressenza.com\/es\/2009\/09\/sarah-onyango-xobamax-adhiere-a-la-marcha-mundial\/#breadcrumb\"},\"inLanguage\":\"es\",\"potentialAction\":[{\"@type\":\"ReadAction\",\"target\":[\"https:\/\/www.pressenza.com\/es\/2009\/09\/sarah-onyango-xobamax-adhiere-a-la-marcha-mundial\/\"]}]},{\"@type\":\"BreadcrumbList\",\"@id\":\"https:\/\/www.pressenza.com\/es\/2009\/09\/sarah-onyango-xobamax-adhiere-a-la-marcha-mundial\/#breadcrumb\",\"itemListElement\":[{\"@type\":\"ListItem\",\"position\":1,\"name\":\"Accueil\",\"item\":\"https:\/\/www.pressenza.com\/es\/\"},{\"@type\":\"ListItem\",\"position\":2,\"name\":\"Sarah Onyango \u00abObama\u00bb adhiere a la Marcha Mundial\"}]},{\"@type\":\"WebSite\",\"@id\":\"https:\/\/www.pressenza.com\/es\/#website\",\"url\":\"https:\/\/www.pressenza.com\/es\/\",\"name\":\"Pressenza\",\"description\":\"International Press Agency\",\"publisher\":{\"@id\":\"https:\/\/www.pressenza.com\/es\/#organization\"},\"potentialAction\":[{\"@type\":\"SearchAction\",\"target\":{\"@type\":\"EntryPoint\",\"urlTemplate\":\"https:\/\/www.pressenza.com\/es\/?s={search_term_string}\"},\"query-input\":{\"@type\":\"PropertyValueSpecification\",\"valueRequired\":true,\"valueName\":\"search_term_string\"}}],\"inLanguage\":\"es\"},{\"@type\":\"Organization\",\"@id\":\"https:\/\/www.pressenza.com\/es\/#organization\",\"name\":\"Pressenza\",\"url\":\"https:\/\/www.pressenza.com\/es\/\",\"logo\":{\"@type\":\"ImageObject\",\"inLanguage\":\"es\",\"@id\":\"https:\/\/www.pressenza.com\/es\/#\/schema\/logo\/image\/\",\"url\":\"https:\/\/www.pressenza.com\/wp-content\/uploads\/2022\/10\/pressenza_logo_200x200.jpg\",\"contentUrl\":\"https:\/\/www.pressenza.com\/wp-content\/uploads\/2022\/10\/pressenza_logo_200x200.jpg\",\"width\":200,\"height\":200,\"caption\":\"Pressenza\"},\"image\":{\"@id\":\"https:\/\/www.pressenza.com\/es\/#\/schema\/logo\/image\/\"},\"sameAs\":[\"https:\/\/www.facebook.com\/PressenzaItalia\",\"https:\/\/x.com\/PressenzaIPA\"]},{\"@type\":\"Person\",\"@id\":\"https:\/\/www.pressenza.com\/es\/#\/schema\/person\/010e5d02bcf40965427a1289a4cc8d75\",\"name\":\"Pressenza IPA\",\"description\":\"News from Pressenza IPA correspondents\",\"sameAs\":[\"https:\/\/www.facebook.com\/pressenza\",\"https:\/\/x.com\/PressenzaIPA\"],\"url\":\"https:\/\/www.pressenza.com\/es\/author\/pressenza-ipa\/\"}]}<\/script>\n<!-- \/ Yoast SEO plugin. -->","yoast_head_json":{"title":"Sarah Onyango \"Obama\" adhiere a la Marcha Mundial","description":"Sarah Onyango \"Obama\", abuela del Presidente de EE.UU., adhiri\u00f3 a la Marcha Mundial por la Paz y la No-Violencia, satisfecha con la idea subyacente de la Marcha, y destac\u00f3 que otros deber\u00edan dar su apoyo a esta iniciativa. Desea que todos \u201cse unan y se encarguen de transformar el mundo en un mundo sin guerras, y con abundantes oportunidades de reconciliaci\u00f3n y prosperidad.\u201d","robots":{"index":"index","follow":"follow","max-snippet":"max-snippet:-1","max-image-preview":"max-image-preview:large","max-video-preview":"max-video-preview:-1"},"canonical":"https:\/\/www.pressenza.com\/es\/2009\/09\/sarah-onyango-xobamax-adhiere-a-la-marcha-mundial\/","og_locale":"es_ES","og_type":"article","og_title":"Sarah Onyango \"Obama\" adhiere a la Marcha Mundial","og_description":"Sarah Onyango \"Obama\", abuela del Presidente de EE.UU., adhiri\u00f3 a la Marcha Mundial por la Paz y la No-Violencia, satisfecha con la idea subyacente de la Marcha, y destac\u00f3 que otros deber\u00edan dar su apoyo a esta iniciativa. Desea que todos \u201cse unan y se encarguen de transformar el mundo en un mundo sin guerras, y con abundantes oportunidades de reconciliaci\u00f3n y prosperidad.\u201d","og_url":"https:\/\/www.pressenza.com\/es\/2009\/09\/sarah-onyango-xobamax-adhiere-a-la-marcha-mundial\/","og_site_name":"Pressenza","article_publisher":"https:\/\/www.facebook.com\/PressenzaItalia","article_author":"https:\/\/www.facebook.com\/pressenza","article_published_time":"2009-09-01T00:00:00+00:00","article_modified_time":"2009-09-03T16:53:52+00:00","author":"Pressenza IPA","twitter_card":"summary_large_image","twitter_creator":"@PressenzaIPA","twitter_site":"@PressenzaIPA","twitter_misc":{"Escrito por":"Pressenza IPA","Tiempo de lectura":"1 minuto"},"schema":{"@context":"https:\/\/schema.org","@graph":[{"@type":"Article","@id":"https:\/\/www.pressenza.com\/es\/2009\/09\/sarah-onyango-xobamax-adhiere-a-la-marcha-mundial\/#article","isPartOf":{"@id":"https:\/\/www.pressenza.com\/es\/2009\/09\/sarah-onyango-xobamax-adhiere-a-la-marcha-mundial\/"},"author":{"name":"Pressenza IPA","@id":"https:\/\/www.pressenza.com\/es\/#\/schema\/person\/010e5d02bcf40965427a1289a4cc8d75"},"headline":"Sarah Onyango \u00abObama\u00bb adhiere a la Marcha Mundial","datePublished":"2009-09-01T00:00:00+00:00","dateModified":"2009-09-03T16:53:52+00:00","mainEntityOfPage":{"@id":"https:\/\/www.pressenza.com\/es\/2009\/09\/sarah-onyango-xobamax-adhiere-a-la-marcha-mundial\/"},"wordCount":231,"publisher":{"@id":"https:\/\/www.pressenza.com\/es\/#organization"},"articleSection":["Africa","Cultura y Medios"],"inLanguage":"es"},{"@type":"WebPage","@id":"https:\/\/www.pressenza.com\/es\/2009\/09\/sarah-onyango-xobamax-adhiere-a-la-marcha-mundial\/","url":"https:\/\/www.pressenza.com\/es\/2009\/09\/sarah-onyango-xobamax-adhiere-a-la-marcha-mundial\/","name":"Sarah Onyango \"Obama\" adhiere a la Marcha Mundial","isPartOf":{"@id":"https:\/\/www.pressenza.com\/es\/#website"},"datePublished":"2009-09-01T00:00:00+00:00","dateModified":"2009-09-03T16:53:52+00:00","description":"Sarah Onyango \"Obama\", abuela del Presidente de EE.UU., adhiri\u00f3 a la Marcha Mundial por la Paz y la No-Violencia, satisfecha con la idea subyacente de la Marcha, y destac\u00f3 que otros deber\u00edan dar su apoyo a esta iniciativa. Desea que todos \u201cse unan y se encarguen de transformar el mundo en un mundo sin guerras, y con abundantes oportunidades de reconciliaci\u00f3n y prosperidad.\u201d","breadcrumb":{"@id":"https:\/\/www.pressenza.com\/es\/2009\/09\/sarah-onyango-xobamax-adhiere-a-la-marcha-mundial\/#breadcrumb"},"inLanguage":"es","potentialAction":[{"@type":"ReadAction","target":["https:\/\/www.pressenza.com\/es\/2009\/09\/sarah-onyango-xobamax-adhiere-a-la-marcha-mundial\/"]}]},{"@type":"BreadcrumbList","@id":"https:\/\/www.pressenza.com\/es\/2009\/09\/sarah-onyango-xobamax-adhiere-a-la-marcha-mundial\/#breadcrumb","itemListElement":[{"@type":"ListItem","position":1,"name":"Accueil","item":"https:\/\/www.pressenza.com\/es\/"},{"@type":"ListItem","position":2,"name":"Sarah Onyango \u00abObama\u00bb adhiere a la Marcha Mundial"}]},{"@type":"WebSite","@id":"https:\/\/www.pressenza.com\/es\/#website","url":"https:\/\/www.pressenza.com\/es\/","name":"Pressenza","description":"International Press Agency","publisher":{"@id":"https:\/\/www.pressenza.com\/es\/#organization"},"potentialAction":[{"@type":"SearchAction","target":{"@type":"EntryPoint","urlTemplate":"https:\/\/www.pressenza.com\/es\/?s={search_term_string}"},"query-input":{"@type":"PropertyValueSpecification","valueRequired":true,"valueName":"search_term_string"}}],"inLanguage":"es"},{"@type":"Organization","@id":"https:\/\/www.pressenza.com\/es\/#organization","name":"Pressenza","url":"https:\/\/www.pressenza.com\/es\/","logo":{"@type":"ImageObject","inLanguage":"es","@id":"https:\/\/www.pressenza.com\/es\/#\/schema\/logo\/image\/","url":"https:\/\/www.pressenza.com\/wp-content\/uploads\/2022\/10\/pressenza_logo_200x200.jpg","contentUrl":"https:\/\/www.pressenza.com\/wp-content\/uploads\/2022\/10\/pressenza_logo_200x200.jpg","width":200,"height":200,"caption":"Pressenza"},"image":{"@id":"https:\/\/www.pressenza.com\/es\/#\/schema\/logo\/image\/"},"sameAs":["https:\/\/www.facebook.com\/PressenzaItalia","https:\/\/x.com\/PressenzaIPA"]},{"@type":"Person","@id":"https:\/\/www.pressenza.com\/es\/#\/schema\/person\/010e5d02bcf40965427a1289a4cc8d75","name":"Pressenza IPA","description":"News from Pressenza IPA correspondents","sameAs":["https:\/\/www.facebook.com\/pressenza","https:\/\/x.com\/PressenzaIPA"],"url":"https:\/\/www.pressenza.com\/es\/author\/pressenza-ipa\/"}]}},"place":"Nairobi","original_article_url":"","_links":{"self":[{"href":"https:\/\/www.pressenza.com\/es\/wp-json\/wp\/v2\/posts\/1183","targetHints":{"allow":["GET"]}}],"collection":[{"href":"https:\/\/www.pressenza.com\/es\/wp-json\/wp\/v2\/posts"}],"about":[{"href":"https:\/\/www.pressenza.com\/es\/wp-json\/wp\/v2\/types\/post"}],"author":[{"embeddable":true,"href":"https:\/\/www.pressenza.com\/es\/wp-json\/wp\/v2\/users\/19"}],"replies":[{"embeddable":true,"href":"https:\/\/www.pressenza.com\/es\/wp-json\/wp\/v2\/comments?post=1183"}],"version-history":[{"count":0,"href":"https:\/\/www.pressenza.com\/es\/wp-json\/wp\/v2\/posts\/1183\/revisions"}],"wp:attachment":[{"href":"https:\/\/www.pressenza.com\/es\/wp-json\/wp\/v2\/media?parent=1183"}],"wp:term":[{"taxonomy":"category","embeddable":true,"href":"https:\/\/www.pressenza.com\/es\/wp-json\/wp\/v2\/categories?post=1183"},{"taxonomy":"post_tag","embeddable":true,"href":"https:\/\/www.pressenza.com\/es\/wp-json\/wp\/v2\/tags?post=1183"}],"curies":[{"name":"wp","href":"https:\/\/api.w.org\/{rel}","templated":true}]}}