{"id":1180173,"date":"2020-08-16T18:39:04","date_gmt":"2020-08-16T17:39:04","guid":{"rendered":"https:\/\/www.pressenza.com\/?p=1180173"},"modified":"2020-08-16T18:39:04","modified_gmt":"2020-08-16T17:39:04","slug":"mas-alla-del-choque-cultural-entre-el-occidente-blanco-y-china","status":"publish","type":"post","link":"https:\/\/www.pressenza.com\/es\/2020\/08\/mas-alla-del-choque-cultural-entre-el-occidente-blanco-y-china\/","title":{"rendered":"M\u00e1s all\u00e1 del choque cultural entre el Occidente Blanco y China"},"content":{"rendered":"<p>El 22 de julio, el <a href=\"https:\/\/www.texastribune.org\/2020\/07\/22\/houston-chinese-consulate-close-donald-trump\/\">Texas Tribune inform\u00f3<\/a> que la administraci\u00f3n de Trump hab\u00eda ordenado el cierre del Consulado Chino en Houston. El Gobierno chino tom\u00f3 represalias cerrando el Consulado de los Estados Unidos en Chengdu, capital de la provincia sudoccidental de Sichuan. Chengdu era un importante puesto diplom\u00e1tico de los Estados Unidos, que abarcaba gran parte del pa\u00eds, incluida la controvertida Regi\u00f3n Aut\u00f3noma del T\u00edbet. Antes de estas guerras de consulados, la mayor tensi\u00f3n entre los dos pa\u00edses hab\u00eda sido por la red 5G, ya que los gigantes de las telecomunicaciones chinas Huawei y ZTE controlan ahora alrededor del 40% del mercado mundial de la infraestructura 5G. El Fiscal General de los Estados Unidos, William Barr, dijo en su discurso en una conferencia en Washington que permitirle a China establecer un dominio 5G no s\u00f3lo era un \u00abpeligro monumental\u00bb, ya que Beijing podr\u00eda utilizar la tecnolog\u00eda para el control y la vigilancia, sino que \u00ablo que est\u00e1 en juego es mucho m\u00e1s importante que eso\u00bb. El Sr. Barr afirm\u00f3 que por primera vez en la historia, Estados Unidos no es el l\u00edder en un sector tecnol\u00f3gico importante que sustentar\u00e1 la innovaci\u00f3n futura. Esta frase, viniendo del Fiscal General del pa\u00eds m\u00e1s capitalista del mundo, es asombrosa. Despu\u00e9s de todo, \u00bfno es la competencia la idea del juego?<\/p>\n<p>Esta situaci\u00f3n, sin embargo, tiene mucho m\u00e1s que ver con la cultura que con el dinero y el capitalismo. Por un lado tenemos lo que llamo el Occidente-Blanco que ha estado dominando y controlando la mayor\u00eda del mundo por m\u00e1s de dos siglos, imponiendo sus valores, religi\u00f3n y estructuras sociales y econ\u00f3micas a trav\u00e9s del uso de la violencia en todas sus formas. El 29 de julio, Pressenza public\u00f3 este art\u00edculo \u00ab<a href=\"https:\/\/www.pressenza.com\/2020\/07\/we-will-coup-whoever-we-want-elon-musk-and-the-overthrow-of-democracy-in-bolivia\/\">Golpearemos a quien queramos: Elon Musk y el derrocamiento de la democracia en Bolivia\u00bb<\/a>, que demuestra la actitud en la que se basa la agresi\u00f3n. En Asia tenemos a China, con cuatro mil a\u00f1os de civilizaci\u00f3n, que se ha convertido en la segunda potencia econ\u00f3mica mundial en 20 a\u00f1os, asumiendo el liderazgo en materia de nuevas tecnolog\u00edas, energ\u00eda verde y asoci\u00e1ndose con m\u00e1s de 70 pa\u00edses en una iniciativa conocida como la Nueva Ruta de la Seda. Charles Parton, ex diplom\u00e1tico de la UE en China, dijo al <a href=\"https:\/\/www.ft.com\/content\/0714074a-0334-11e7-aa5b-6bb07f5c8e12?mhq5j=e1\">Financial Times<\/a>, en junio de 2017: No hay duda de que China se est\u00e1 convirtiendo en un peso pesado en sentido geopol\u00edtico, entrando por la brecha dejada por los Estados Unidos en materia de libre comercio y cambio clim\u00e1tico. \u00abA medida que algunos pa\u00edses occidentales retroceden levantando &#8216;muros&#8217;, China se las arregla para construir puentes, tanto literales como metaf\u00f3ricos\u00bb, dec\u00eda un reciente comentario de Xinhua, agencia estatal de medios de comunicaci\u00f3n china.<\/p>\n<p>La din\u00e1mica de esas dos culturas se ha transformado totalmente: la China cerrada e introvertida se ha vuelto mucho m\u00e1s abierta y busca asociarse a nivel mundial, mientras que el Occidente Blanco est\u00e1 cerrando esas puertas y volvi\u00e9ndose introvertido, como lo demuestra el Brexit del Reino Unido y el muro con M\u00e9xico de los EE.UU., pa\u00eds que se ha salido del acuerdo de Par\u00eds, ha renunciado a la OMS, y as\u00ed sucesivamente.<\/p>\n<p>Lo que est\u00e1 sucediendo entre el Occidente-Blanco y China impactar\u00e1 en el futuro de la humanidad y por lo tanto nos concierne a todos. No podemos permitirnos el lujo de entrar en otra Guerra Fr\u00eda, con el consecuente aumento de las tensiones y los pa\u00edses de todo el planeta se ven obligados a elegir un bando. Tenemos que encontrar la forma de superar el dominio cultural -el patr\u00f3n de miles de a\u00f1os de historia humana- y entrar en una era de convivencia y cooperaci\u00f3n cultural. Es un momento en el que cada cultura tendr\u00e1 un papel que desempe\u00f1ar, pero cada una tambi\u00e9n tendr\u00e1 que estar abierta al cambio. Para avanzar en esta direcci\u00f3n, hay unas pocas preguntas que necesitan respuesta: 1) \u00bfPodemos ver al Occidente Blanco coexistiendo con otras culturas en paridad, como iguales?; 2) \u00bfC\u00f3mo podr\u00edamos animar a otras culturas, como a las comunidades ind\u00edgenas, musulmanas e indias, a asumir un papel de mayor liderazgo? y 3) \u00bfQu\u00e9 es lo que mi cultura necesita cambiar para ayudar al resto de la humanidad?<\/p>\n<p>Si hubiera un momento para aplicar plenamente la propuesta de una Naci\u00f3n Humana Universal, ser\u00eda ahora mismo. Para ello, necesitamos definir bien c\u00f3mo las culturas interactuar\u00e1n y se asociar\u00e1n entre s\u00ed. No se trata de una cuesti\u00f3n de dinero, mercados o algo as\u00ed, estos son temas secundarios, sino que se trata de tener una fuerte imagen del futuro donde las culturas se entiendan, conf\u00eden, trabajen, se asocien entre s\u00ed y se comprometan a resolver cualquier conflicto sin usar ninguna forma de violencia.<\/p>\n<p>&nbsp;<\/p>\n<p>&nbsp;<\/p>\n","protected":false},"excerpt":{"rendered":"<p>El 22 de julio, el Texas Tribune inform\u00f3 que la administraci\u00f3n de Trump hab\u00eda ordenado el cierre del Consulado Chino en Houston. El Gobierno chino tom\u00f3 represalias cerrando el Consulado de los Estados Unidos en Chengdu, capital de la provincia&hellip;<\/p>\n","protected":false},"author":33,"featured_media":1179837,"comment_status":"closed","ping_status":"closed","sticky":false,"template":"","format":"standard","meta":{"footnotes":""},"categories":[65,76,11389,75,1240,39,68,161],"tags":[48915,15571,55534,80066],"class_list":["post-1180173","post","type-post","status-publish","format-standard","has-post-thumbnail","hentry","category-asia-es","category-relaciones-exteriores","category-contenido-original","category-cultura-es","category-humanismo-espiritualidad","category-internacional","category-norteamerica","category-opiniones","tag-china-eeuu","tag-nacion-humana-universal","tag-nueva-guerra-fria","tag-occidente-blanco"],"yoast_head":"<!-- This site is optimized with the Yoast SEO plugin v27.1.1 - https:\/\/yoast.com\/product\/yoast-seo-wordpress\/ -->\n<title>M\u00e1s all\u00e1 del choque cultural entre el Occidente Blanco y China<\/title>\n<meta name=\"description\" content=\"M\u00e1s all\u00e1 del choque cultural entre el Occidente blanco y China\" \/>\n<meta name=\"robots\" content=\"index, follow, max-snippet:-1, max-image-preview:large, max-video-preview:-1\" \/>\n<link rel=\"canonical\" href=\"https:\/\/www.pressenza.com\/es\/2020\/08\/mas-alla-del-choque-cultural-entre-el-occidente-blanco-y-china\/\" \/>\n<meta property=\"og:locale\" content=\"es_ES\" \/>\n<meta property=\"og:type\" content=\"article\" \/>\n<meta property=\"og:title\" content=\"M\u00e1s all\u00e1 del choque cultural entre el Occidente Blanco y China\" \/>\n<meta property=\"og:description\" content=\"M\u00e1s all\u00e1 del choque cultural entre el Occidente blanco y China\" \/>\n<meta property=\"og:url\" content=\"https:\/\/www.pressenza.com\/es\/2020\/08\/mas-alla-del-choque-cultural-entre-el-occidente-blanco-y-china\/\" \/>\n<meta property=\"og:site_name\" content=\"Pressenza\" \/>\n<meta property=\"article:publisher\" content=\"https:\/\/www.facebook.com\/PressenzaItalia\" \/>\n<meta property=\"article:author\" content=\"https:\/\/www.facebook.com\/DavidAnderssonNYC\" \/>\n<meta property=\"article:published_time\" content=\"2020-08-16T17:39:04+00:00\" \/>\n<meta property=\"og:image\" content=\"https:\/\/www.pressenza.com\/wp-content\/uploads\/2020\/08\/The_Approach_of_the_Emperor_of_China_to_His_Tent_in_Tartary_to_Receive_the_British_Ambassador_brightened.jpg\" \/>\n\t<meta property=\"og:image:width\" content=\"1600\" \/>\n\t<meta property=\"og:image:height\" content=\"1198\" \/>\n\t<meta property=\"og:image:type\" content=\"image\/jpeg\" \/>\n<meta name=\"author\" content=\"David Andersson\" \/>\n<meta name=\"twitter:card\" content=\"summary_large_image\" \/>\n<meta name=\"twitter:creator\" content=\"@davidandersson\" \/>\n<meta name=\"twitter:site\" content=\"@PressenzaIPA\" \/>\n<meta name=\"twitter:label1\" content=\"Escrito por\" \/>\n\t<meta name=\"twitter:data1\" content=\"David Andersson\" \/>\n\t<meta name=\"twitter:label2\" content=\"Tiempo de lectura\" \/>\n\t<meta name=\"twitter:data2\" content=\"4 minutos\" \/>\n<script type=\"application\/ld+json\" class=\"yoast-schema-graph\">{\"@context\":\"https:\/\/schema.org\",\"@graph\":[{\"@type\":\"Article\",\"@id\":\"https:\/\/www.pressenza.com\/es\/2020\/08\/mas-alla-del-choque-cultural-entre-el-occidente-blanco-y-china\/#article\",\"isPartOf\":{\"@id\":\"https:\/\/www.pressenza.com\/es\/2020\/08\/mas-alla-del-choque-cultural-entre-el-occidente-blanco-y-china\/\"},\"author\":{\"name\":\"David Andersson\",\"@id\":\"https:\/\/www.pressenza.com\/es\/#\/schema\/person\/ab79c1a9145b1ddd71272b5a4c0816d1\"},\"headline\":\"M\u00e1s all\u00e1 del choque cultural entre el Occidente Blanco y China\",\"datePublished\":\"2020-08-16T17:39:04+00:00\",\"mainEntityOfPage\":{\"@id\":\"https:\/\/www.pressenza.com\/es\/2020\/08\/mas-alla-del-choque-cultural-entre-el-occidente-blanco-y-china\/\"},\"wordCount\":851,\"publisher\":{\"@id\":\"https:\/\/www.pressenza.com\/es\/#organization\"},\"image\":{\"@id\":\"https:\/\/www.pressenza.com\/es\/2020\/08\/mas-alla-del-choque-cultural-entre-el-occidente-blanco-y-china\/#primaryimage\"},\"thumbnailUrl\":\"https:\/\/www.pressenza.com\/wp-content\/uploads\/2020\/08\/The_Approach_of_the_Emperor_of_China_to_His_Tent_in_Tartary_to_Receive_the_British_Ambassador_brightened.jpg\",\"keywords\":[\"China-EEUU\",\"Naci\u00f3n Humana Universal\",\"nueva guerra fr\u00eda\",\"Occidente Blanco\"],\"articleSection\":[\"Asia\",\"Asuntos internacionales\",\"Contenido Original\",\"Cultura y Medios\",\"Humanismo y Espiritualidad\",\"Internacional\",\"Norteam\u00e9rica\",\"Opiniones\"],\"inLanguage\":\"es\"},{\"@type\":\"WebPage\",\"@id\":\"https:\/\/www.pressenza.com\/es\/2020\/08\/mas-alla-del-choque-cultural-entre-el-occidente-blanco-y-china\/\",\"url\":\"https:\/\/www.pressenza.com\/es\/2020\/08\/mas-alla-del-choque-cultural-entre-el-occidente-blanco-y-china\/\",\"name\":\"M\u00e1s all\u00e1 del choque cultural entre el Occidente Blanco y China\",\"isPartOf\":{\"@id\":\"https:\/\/www.pressenza.com\/es\/#website\"},\"primaryImageOfPage\":{\"@id\":\"https:\/\/www.pressenza.com\/es\/2020\/08\/mas-alla-del-choque-cultural-entre-el-occidente-blanco-y-china\/#primaryimage\"},\"image\":{\"@id\":\"https:\/\/www.pressenza.com\/es\/2020\/08\/mas-alla-del-choque-cultural-entre-el-occidente-blanco-y-china\/#primaryimage\"},\"thumbnailUrl\":\"https:\/\/www.pressenza.com\/wp-content\/uploads\/2020\/08\/The_Approach_of_the_Emperor_of_China_to_His_Tent_in_Tartary_to_Receive_the_British_Ambassador_brightened.jpg\",\"datePublished\":\"2020-08-16T17:39:04+00:00\",\"description\":\"M\u00e1s all\u00e1 del choque cultural entre el Occidente blanco y China\",\"breadcrumb\":{\"@id\":\"https:\/\/www.pressenza.com\/es\/2020\/08\/mas-alla-del-choque-cultural-entre-el-occidente-blanco-y-china\/#breadcrumb\"},\"inLanguage\":\"es\",\"potentialAction\":[{\"@type\":\"ReadAction\",\"target\":[\"https:\/\/www.pressenza.com\/es\/2020\/08\/mas-alla-del-choque-cultural-entre-el-occidente-blanco-y-china\/\"]}]},{\"@type\":\"ImageObject\",\"inLanguage\":\"es\",\"@id\":\"https:\/\/www.pressenza.com\/es\/2020\/08\/mas-alla-del-choque-cultural-entre-el-occidente-blanco-y-china\/#primaryimage\",\"url\":\"https:\/\/www.pressenza.com\/wp-content\/uploads\/2020\/08\/The_Approach_of_the_Emperor_of_China_to_His_Tent_in_Tartary_to_Receive_the_British_Ambassador_brightened.jpg\",\"contentUrl\":\"https:\/\/www.pressenza.com\/wp-content\/uploads\/2020\/08\/The_Approach_of_the_Emperor_of_China_to_His_Tent_in_Tartary_to_Receive_the_British_Ambassador_brightened.jpg\",\"width\":1600,\"height\":1198,\"caption\":\"The Approach of the Emperor of China to His Tent in Tartary to Receive the British Ambassador\"},{\"@type\":\"BreadcrumbList\",\"@id\":\"https:\/\/www.pressenza.com\/es\/2020\/08\/mas-alla-del-choque-cultural-entre-el-occidente-blanco-y-china\/#breadcrumb\",\"itemListElement\":[{\"@type\":\"ListItem\",\"position\":1,\"name\":\"Accueil\",\"item\":\"https:\/\/www.pressenza.com\/es\/\"},{\"@type\":\"ListItem\",\"position\":2,\"name\":\"M\u00e1s all\u00e1 del choque cultural entre el Occidente Blanco y China\"}]},{\"@type\":\"WebSite\",\"@id\":\"https:\/\/www.pressenza.com\/es\/#website\",\"url\":\"https:\/\/www.pressenza.com\/es\/\",\"name\":\"Pressenza\",\"description\":\"International Press Agency\",\"publisher\":{\"@id\":\"https:\/\/www.pressenza.com\/es\/#organization\"},\"potentialAction\":[{\"@type\":\"SearchAction\",\"target\":{\"@type\":\"EntryPoint\",\"urlTemplate\":\"https:\/\/www.pressenza.com\/es\/?s={search_term_string}\"},\"query-input\":{\"@type\":\"PropertyValueSpecification\",\"valueRequired\":true,\"valueName\":\"search_term_string\"}}],\"inLanguage\":\"es\"},{\"@type\":\"Organization\",\"@id\":\"https:\/\/www.pressenza.com\/es\/#organization\",\"name\":\"Pressenza\",\"url\":\"https:\/\/www.pressenza.com\/es\/\",\"logo\":{\"@type\":\"ImageObject\",\"inLanguage\":\"es\",\"@id\":\"https:\/\/www.pressenza.com\/es\/#\/schema\/logo\/image\/\",\"url\":\"https:\/\/www.pressenza.com\/wp-content\/uploads\/2022\/10\/pressenza_logo_200x200.jpg\",\"contentUrl\":\"https:\/\/www.pressenza.com\/wp-content\/uploads\/2022\/10\/pressenza_logo_200x200.jpg\",\"width\":200,\"height\":200,\"caption\":\"Pressenza\"},\"image\":{\"@id\":\"https:\/\/www.pressenza.com\/es\/#\/schema\/logo\/image\/\"},\"sameAs\":[\"https:\/\/www.facebook.com\/PressenzaItalia\",\"https:\/\/x.com\/PressenzaIPA\"]},{\"@type\":\"Person\",\"@id\":\"https:\/\/www.pressenza.com\/es\/#\/schema\/person\/ab79c1a9145b1ddd71272b5a4c0816d1\",\"name\":\"David Andersson\",\"description\":\"David Andersson is a writer and humanist based in New York City. He focuses on issues of global justice, collective consciousness, and nonviolent transformation. English Editor with Pressenza International Press Agency and is the author of The White-West: A Look in the Mirror, a collection of op-eds examining the dynamics of Western identity and its global impact. CounterPunch, denikreferendum.cz, Mobilized News, Countercurrents, LA Progressive, and Dissident Voice have published his recent work. Many of his articles have been translated into more than five languages.\",\"sameAs\":[\"https:\/\/www.facebook.com\/DavidAnderssonNYC\",\"https:\/\/www.instagram.com\/davidanderssonnyc\/\",\"https:\/\/www.linkedin.com\/in\/david-andersson-269724232\/\",\"https:\/\/x.com\/davidandersson\"],\"url\":\"https:\/\/www.pressenza.com\/es\/author\/david-andersson\/\"}]}<\/script>\n<!-- \/ Yoast SEO plugin. -->","yoast_head_json":{"title":"M\u00e1s all\u00e1 del choque cultural entre el Occidente Blanco y China","description":"M\u00e1s all\u00e1 del choque cultural entre el Occidente blanco y China","robots":{"index":"index","follow":"follow","max-snippet":"max-snippet:-1","max-image-preview":"max-image-preview:large","max-video-preview":"max-video-preview:-1"},"canonical":"https:\/\/www.pressenza.com\/es\/2020\/08\/mas-alla-del-choque-cultural-entre-el-occidente-blanco-y-china\/","og_locale":"es_ES","og_type":"article","og_title":"M\u00e1s all\u00e1 del choque cultural entre el Occidente Blanco y China","og_description":"M\u00e1s all\u00e1 del choque cultural entre el Occidente blanco y China","og_url":"https:\/\/www.pressenza.com\/es\/2020\/08\/mas-alla-del-choque-cultural-entre-el-occidente-blanco-y-china\/","og_site_name":"Pressenza","article_publisher":"https:\/\/www.facebook.com\/PressenzaItalia","article_author":"https:\/\/www.facebook.com\/DavidAnderssonNYC","article_published_time":"2020-08-16T17:39:04+00:00","og_image":[{"width":1600,"height":1198,"url":"https:\/\/www.pressenza.com\/wp-content\/uploads\/2020\/08\/The_Approach_of_the_Emperor_of_China_to_His_Tent_in_Tartary_to_Receive_the_British_Ambassador_brightened.jpg","type":"image\/jpeg"}],"author":"David Andersson","twitter_card":"summary_large_image","twitter_creator":"@davidandersson","twitter_site":"@PressenzaIPA","twitter_misc":{"Escrito por":"David Andersson","Tiempo de lectura":"4 minutos"},"schema":{"@context":"https:\/\/schema.org","@graph":[{"@type":"Article","@id":"https:\/\/www.pressenza.com\/es\/2020\/08\/mas-alla-del-choque-cultural-entre-el-occidente-blanco-y-china\/#article","isPartOf":{"@id":"https:\/\/www.pressenza.com\/es\/2020\/08\/mas-alla-del-choque-cultural-entre-el-occidente-blanco-y-china\/"},"author":{"name":"David Andersson","@id":"https:\/\/www.pressenza.com\/es\/#\/schema\/person\/ab79c1a9145b1ddd71272b5a4c0816d1"},"headline":"M\u00e1s all\u00e1 del choque cultural entre el Occidente Blanco y China","datePublished":"2020-08-16T17:39:04+00:00","mainEntityOfPage":{"@id":"https:\/\/www.pressenza.com\/es\/2020\/08\/mas-alla-del-choque-cultural-entre-el-occidente-blanco-y-china\/"},"wordCount":851,"publisher":{"@id":"https:\/\/www.pressenza.com\/es\/#organization"},"image":{"@id":"https:\/\/www.pressenza.com\/es\/2020\/08\/mas-alla-del-choque-cultural-entre-el-occidente-blanco-y-china\/#primaryimage"},"thumbnailUrl":"https:\/\/www.pressenza.com\/wp-content\/uploads\/2020\/08\/The_Approach_of_the_Emperor_of_China_to_His_Tent_in_Tartary_to_Receive_the_British_Ambassador_brightened.jpg","keywords":["China-EEUU","Naci\u00f3n Humana Universal","nueva guerra fr\u00eda","Occidente Blanco"],"articleSection":["Asia","Asuntos internacionales","Contenido Original","Cultura y Medios","Humanismo y Espiritualidad","Internacional","Norteam\u00e9rica","Opiniones"],"inLanguage":"es"},{"@type":"WebPage","@id":"https:\/\/www.pressenza.com\/es\/2020\/08\/mas-alla-del-choque-cultural-entre-el-occidente-blanco-y-china\/","url":"https:\/\/www.pressenza.com\/es\/2020\/08\/mas-alla-del-choque-cultural-entre-el-occidente-blanco-y-china\/","name":"M\u00e1s all\u00e1 del choque cultural entre el Occidente Blanco y China","isPartOf":{"@id":"https:\/\/www.pressenza.com\/es\/#website"},"primaryImageOfPage":{"@id":"https:\/\/www.pressenza.com\/es\/2020\/08\/mas-alla-del-choque-cultural-entre-el-occidente-blanco-y-china\/#primaryimage"},"image":{"@id":"https:\/\/www.pressenza.com\/es\/2020\/08\/mas-alla-del-choque-cultural-entre-el-occidente-blanco-y-china\/#primaryimage"},"thumbnailUrl":"https:\/\/www.pressenza.com\/wp-content\/uploads\/2020\/08\/The_Approach_of_the_Emperor_of_China_to_His_Tent_in_Tartary_to_Receive_the_British_Ambassador_brightened.jpg","datePublished":"2020-08-16T17:39:04+00:00","description":"M\u00e1s all\u00e1 del choque cultural entre el Occidente blanco y China","breadcrumb":{"@id":"https:\/\/www.pressenza.com\/es\/2020\/08\/mas-alla-del-choque-cultural-entre-el-occidente-blanco-y-china\/#breadcrumb"},"inLanguage":"es","potentialAction":[{"@type":"ReadAction","target":["https:\/\/www.pressenza.com\/es\/2020\/08\/mas-alla-del-choque-cultural-entre-el-occidente-blanco-y-china\/"]}]},{"@type":"ImageObject","inLanguage":"es","@id":"https:\/\/www.pressenza.com\/es\/2020\/08\/mas-alla-del-choque-cultural-entre-el-occidente-blanco-y-china\/#primaryimage","url":"https:\/\/www.pressenza.com\/wp-content\/uploads\/2020\/08\/The_Approach_of_the_Emperor_of_China_to_His_Tent_in_Tartary_to_Receive_the_British_Ambassador_brightened.jpg","contentUrl":"https:\/\/www.pressenza.com\/wp-content\/uploads\/2020\/08\/The_Approach_of_the_Emperor_of_China_to_His_Tent_in_Tartary_to_Receive_the_British_Ambassador_brightened.jpg","width":1600,"height":1198,"caption":"The Approach of the Emperor of China to His Tent in Tartary to Receive the British Ambassador"},{"@type":"BreadcrumbList","@id":"https:\/\/www.pressenza.com\/es\/2020\/08\/mas-alla-del-choque-cultural-entre-el-occidente-blanco-y-china\/#breadcrumb","itemListElement":[{"@type":"ListItem","position":1,"name":"Accueil","item":"https:\/\/www.pressenza.com\/es\/"},{"@type":"ListItem","position":2,"name":"M\u00e1s all\u00e1 del choque cultural entre el Occidente Blanco y China"}]},{"@type":"WebSite","@id":"https:\/\/www.pressenza.com\/es\/#website","url":"https:\/\/www.pressenza.com\/es\/","name":"Pressenza","description":"International Press Agency","publisher":{"@id":"https:\/\/www.pressenza.com\/es\/#organization"},"potentialAction":[{"@type":"SearchAction","target":{"@type":"EntryPoint","urlTemplate":"https:\/\/www.pressenza.com\/es\/?s={search_term_string}"},"query-input":{"@type":"PropertyValueSpecification","valueRequired":true,"valueName":"search_term_string"}}],"inLanguage":"es"},{"@type":"Organization","@id":"https:\/\/www.pressenza.com\/es\/#organization","name":"Pressenza","url":"https:\/\/www.pressenza.com\/es\/","logo":{"@type":"ImageObject","inLanguage":"es","@id":"https:\/\/www.pressenza.com\/es\/#\/schema\/logo\/image\/","url":"https:\/\/www.pressenza.com\/wp-content\/uploads\/2022\/10\/pressenza_logo_200x200.jpg","contentUrl":"https:\/\/www.pressenza.com\/wp-content\/uploads\/2022\/10\/pressenza_logo_200x200.jpg","width":200,"height":200,"caption":"Pressenza"},"image":{"@id":"https:\/\/www.pressenza.com\/es\/#\/schema\/logo\/image\/"},"sameAs":["https:\/\/www.facebook.com\/PressenzaItalia","https:\/\/x.com\/PressenzaIPA"]},{"@type":"Person","@id":"https:\/\/www.pressenza.com\/es\/#\/schema\/person\/ab79c1a9145b1ddd71272b5a4c0816d1","name":"David Andersson","description":"David Andersson is a writer and humanist based in New York City. He focuses on issues of global justice, collective consciousness, and nonviolent transformation. English Editor with Pressenza International Press Agency and is the author of The White-West: A Look in the Mirror, a collection of op-eds examining the dynamics of Western identity and its global impact. CounterPunch, denikreferendum.cz, Mobilized News, Countercurrents, LA Progressive, and Dissident Voice have published his recent work. Many of his articles have been translated into more than five languages.","sameAs":["https:\/\/www.facebook.com\/DavidAnderssonNYC","https:\/\/www.instagram.com\/davidanderssonnyc\/","https:\/\/www.linkedin.com\/in\/david-andersson-269724232\/","https:\/\/x.com\/davidandersson"],"url":"https:\/\/www.pressenza.com\/es\/author\/david-andersson\/"}]}},"place":"Nueva York","original_article_url":"","_links":{"self":[{"href":"https:\/\/www.pressenza.com\/es\/wp-json\/wp\/v2\/posts\/1180173","targetHints":{"allow":["GET"]}}],"collection":[{"href":"https:\/\/www.pressenza.com\/es\/wp-json\/wp\/v2\/posts"}],"about":[{"href":"https:\/\/www.pressenza.com\/es\/wp-json\/wp\/v2\/types\/post"}],"author":[{"embeddable":true,"href":"https:\/\/www.pressenza.com\/es\/wp-json\/wp\/v2\/users\/33"}],"replies":[{"embeddable":true,"href":"https:\/\/www.pressenza.com\/es\/wp-json\/wp\/v2\/comments?post=1180173"}],"version-history":[{"count":0,"href":"https:\/\/www.pressenza.com\/es\/wp-json\/wp\/v2\/posts\/1180173\/revisions"}],"wp:featuredmedia":[{"embeddable":true,"href":"https:\/\/www.pressenza.com\/es\/wp-json\/wp\/v2\/media\/1179837"}],"wp:attachment":[{"href":"https:\/\/www.pressenza.com\/es\/wp-json\/wp\/v2\/media?parent=1180173"}],"wp:term":[{"taxonomy":"category","embeddable":true,"href":"https:\/\/www.pressenza.com\/es\/wp-json\/wp\/v2\/categories?post=1180173"},{"taxonomy":"post_tag","embeddable":true,"href":"https:\/\/www.pressenza.com\/es\/wp-json\/wp\/v2\/tags?post=1180173"}],"curies":[{"name":"wp","href":"https:\/\/api.w.org\/{rel}","templated":true}]}}