{"id":1174,"date":"2009-09-02T00:00:00","date_gmt":"2009-09-02T00:00:00","guid":{"rendered":""},"modified":"2012-11-01T18:51:42","modified_gmt":"2012-11-01T18:51:42","slug":"harold-mayne-nicholls-y-el-futbol-chileno-se-compromete-a-difundir-un-futbol-sin-violencia","status":"publish","type":"post","link":"https:\/\/www.pressenza.com\/es\/2009\/09\/harold-mayne-nicholls-y-el-futbol-chileno-se-compromete-a-difundir-un-futbol-sin-violencia\/","title":{"rendered":"Harold Mayne Nicholls y el futbol chileno se compromete a difundir un futbol sin violencia"},"content":{"rendered":"<p>Harold Mayne Nicholls declar\u00f3 con ocasi\u00f3n de la firma de este convenio, que esta segunda fase del Campeonato Nacional ser\u00e1 una temporada de No Violencia en el Futbol, la primera de este tipo e in\u00e9dita en el deporte popular.<\/p>\n<p>En el acto llevado a cabo en la Sede de la ANFP, ubicada en Quil\u00edn 5635, Pe\u00f1alol\u00e9n, Santiago, firmaron como testigos de buena f\u00e9 tambi\u00e9n el Intendente de la Regi\u00f3n Metropolitana Igor Garafulic y el Presidente del Sindicato de Futbolistas SIFTUP, Carlos Soto.<\/p>\n","protected":false},"excerpt":{"rendered":"<p>La Asociaci\u00f3n Nacional de F\u00fatbol Profesional, ANFP, representada por Harold Mayne Nicholls, firm\u00f3 un convenio con la organizaci\u00f3n Mundo sin Guerras y sin Violencia, comprometi\u00e9ndose a difundir a trav\u00e9s de los partidos de f\u00fatbol asociados a la segunda fase del Campeonato Nacional, la actividad internacional de la Marcha Mundial por la Paz y la No Violencia.<\/p>\n","protected":false},"author":19,"featured_media":0,"comment_status":"closed","ping_status":"open","sticky":false,"template":"","format":"standard","meta":{"footnotes":""},"categories":[149,1242,1243,67],"tags":[],"class_list":["post-1174","post","type-post","status-publish","format-standard","hentry","category-comunicados-de-prensa","category-noviolencia-tema","category-paz-desarme","category-sudamerica"],"yoast_head":"<!-- This site is optimized with the Yoast SEO plugin v27.1.1 - https:\/\/yoast.com\/product\/yoast-seo-wordpress\/ -->\n<title>Harold Mayne Nicholls y el futbol chileno se compromete a difundir un futbol sin violencia<\/title>\n<meta name=\"description\" content=\"La Asociaci\u00f3n Nacional de F\u00fatbol Profesional, ANFP, representada por Harold Mayne Nicholls, firm\u00f3 un convenio con la organizaci\u00f3n Mundo sin Guerras y sin Violencia, comprometi\u00e9ndose a difundir a trav\u00e9s de los partidos de f\u00fatbol asociados a la segunda fase del Campeonato Nacional, la actividad internacional de la Marcha Mundial por la Paz y la No Violencia.\" \/>\n<meta name=\"robots\" content=\"index, follow, max-snippet:-1, max-image-preview:large, max-video-preview:-1\" \/>\n<link rel=\"canonical\" href=\"https:\/\/www.pressenza.com\/es\/2009\/09\/harold-mayne-nicholls-y-el-futbol-chileno-se-compromete-a-difundir-un-futbol-sin-violencia\/\" \/>\n<meta property=\"og:locale\" content=\"es_ES\" \/>\n<meta property=\"og:type\" content=\"article\" \/>\n<meta property=\"og:title\" content=\"Harold Mayne Nicholls y el futbol chileno se compromete a difundir un futbol sin violencia\" \/>\n<meta property=\"og:description\" content=\"La Asociaci\u00f3n Nacional de F\u00fatbol Profesional, ANFP, representada por Harold Mayne Nicholls, firm\u00f3 un convenio con la organizaci\u00f3n Mundo sin Guerras y sin Violencia, comprometi\u00e9ndose a difundir a trav\u00e9s de los partidos de f\u00fatbol asociados a la segunda fase del Campeonato Nacional, la actividad internacional de la Marcha Mundial por la Paz y la No Violencia.\" \/>\n<meta property=\"og:url\" content=\"https:\/\/www.pressenza.com\/es\/2009\/09\/harold-mayne-nicholls-y-el-futbol-chileno-se-compromete-a-difundir-un-futbol-sin-violencia\/\" \/>\n<meta property=\"og:site_name\" content=\"Pressenza\" \/>\n<meta property=\"article:publisher\" content=\"https:\/\/www.facebook.com\/PressenzaItalia\" \/>\n<meta property=\"article:author\" content=\"https:\/\/www.facebook.com\/pressenza\" \/>\n<meta property=\"article:published_time\" content=\"2009-09-02T00:00:00+00:00\" \/>\n<meta property=\"article:modified_time\" content=\"2012-11-01T18:51:42+00:00\" \/>\n<meta name=\"author\" content=\"Pressenza IPA\" \/>\n<meta name=\"twitter:card\" content=\"summary_large_image\" \/>\n<meta name=\"twitter:creator\" content=\"@PressenzaIPA\" \/>\n<meta name=\"twitter:site\" content=\"@PressenzaIPA\" \/>\n<meta name=\"twitter:label1\" content=\"Escrito por\" \/>\n\t<meta name=\"twitter:data1\" content=\"Pressenza IPA\" \/>\n<script type=\"application\/ld+json\" class=\"yoast-schema-graph\">{\"@context\":\"https:\/\/schema.org\",\"@graph\":[{\"@type\":\"Article\",\"@id\":\"https:\/\/www.pressenza.com\/es\/2009\/09\/harold-mayne-nicholls-y-el-futbol-chileno-se-compromete-a-difundir-un-futbol-sin-violencia\/#article\",\"isPartOf\":{\"@id\":\"https:\/\/www.pressenza.com\/es\/2009\/09\/harold-mayne-nicholls-y-el-futbol-chileno-se-compromete-a-difundir-un-futbol-sin-violencia\/\"},\"author\":{\"name\":\"Pressenza IPA\",\"@id\":\"https:\/\/www.pressenza.com\/es\/#\/schema\/person\/010e5d02bcf40965427a1289a4cc8d75\"},\"headline\":\"Harold Mayne Nicholls y el futbol chileno se compromete a difundir un futbol sin violencia\",\"datePublished\":\"2009-09-02T00:00:00+00:00\",\"dateModified\":\"2012-11-01T18:51:42+00:00\",\"mainEntityOfPage\":{\"@id\":\"https:\/\/www.pressenza.com\/es\/2009\/09\/harold-mayne-nicholls-y-el-futbol-chileno-se-compromete-a-difundir-un-futbol-sin-violencia\/\"},\"wordCount\":103,\"publisher\":{\"@id\":\"https:\/\/www.pressenza.com\/es\/#organization\"},\"articleSection\":[\"Comunicados de Prensa\",\"Noviolencia\",\"Paz y Desarme\",\"Sudam\u00e9rica\"],\"inLanguage\":\"es\"},{\"@type\":\"WebPage\",\"@id\":\"https:\/\/www.pressenza.com\/es\/2009\/09\/harold-mayne-nicholls-y-el-futbol-chileno-se-compromete-a-difundir-un-futbol-sin-violencia\/\",\"url\":\"https:\/\/www.pressenza.com\/es\/2009\/09\/harold-mayne-nicholls-y-el-futbol-chileno-se-compromete-a-difundir-un-futbol-sin-violencia\/\",\"name\":\"Harold Mayne Nicholls y el futbol chileno se compromete a difundir un futbol sin violencia\",\"isPartOf\":{\"@id\":\"https:\/\/www.pressenza.com\/es\/#website\"},\"datePublished\":\"2009-09-02T00:00:00+00:00\",\"dateModified\":\"2012-11-01T18:51:42+00:00\",\"description\":\"La Asociaci\u00f3n Nacional de F\u00fatbol Profesional, ANFP, representada por Harold Mayne Nicholls, firm\u00f3 un convenio con la organizaci\u00f3n Mundo sin Guerras y sin Violencia, comprometi\u00e9ndose a difundir a trav\u00e9s de los partidos de f\u00fatbol asociados a la segunda fase del Campeonato Nacional, la actividad internacional de la Marcha Mundial por la Paz y la No Violencia.\",\"breadcrumb\":{\"@id\":\"https:\/\/www.pressenza.com\/es\/2009\/09\/harold-mayne-nicholls-y-el-futbol-chileno-se-compromete-a-difundir-un-futbol-sin-violencia\/#breadcrumb\"},\"inLanguage\":\"es\",\"potentialAction\":[{\"@type\":\"ReadAction\",\"target\":[\"https:\/\/www.pressenza.com\/es\/2009\/09\/harold-mayne-nicholls-y-el-futbol-chileno-se-compromete-a-difundir-un-futbol-sin-violencia\/\"]}]},{\"@type\":\"BreadcrumbList\",\"@id\":\"https:\/\/www.pressenza.com\/es\/2009\/09\/harold-mayne-nicholls-y-el-futbol-chileno-se-compromete-a-difundir-un-futbol-sin-violencia\/#breadcrumb\",\"itemListElement\":[{\"@type\":\"ListItem\",\"position\":1,\"name\":\"Accueil\",\"item\":\"https:\/\/www.pressenza.com\/es\/\"},{\"@type\":\"ListItem\",\"position\":2,\"name\":\"Harold Mayne Nicholls y el futbol chileno se compromete a difundir un futbol sin violencia\"}]},{\"@type\":\"WebSite\",\"@id\":\"https:\/\/www.pressenza.com\/es\/#website\",\"url\":\"https:\/\/www.pressenza.com\/es\/\",\"name\":\"Pressenza\",\"description\":\"International Press Agency\",\"publisher\":{\"@id\":\"https:\/\/www.pressenza.com\/es\/#organization\"},\"potentialAction\":[{\"@type\":\"SearchAction\",\"target\":{\"@type\":\"EntryPoint\",\"urlTemplate\":\"https:\/\/www.pressenza.com\/es\/?s={search_term_string}\"},\"query-input\":{\"@type\":\"PropertyValueSpecification\",\"valueRequired\":true,\"valueName\":\"search_term_string\"}}],\"inLanguage\":\"es\"},{\"@type\":\"Organization\",\"@id\":\"https:\/\/www.pressenza.com\/es\/#organization\",\"name\":\"Pressenza\",\"url\":\"https:\/\/www.pressenza.com\/es\/\",\"logo\":{\"@type\":\"ImageObject\",\"inLanguage\":\"es\",\"@id\":\"https:\/\/www.pressenza.com\/es\/#\/schema\/logo\/image\/\",\"url\":\"https:\/\/www.pressenza.com\/wp-content\/uploads\/2022\/10\/pressenza_logo_200x200.jpg\",\"contentUrl\":\"https:\/\/www.pressenza.com\/wp-content\/uploads\/2022\/10\/pressenza_logo_200x200.jpg\",\"width\":200,\"height\":200,\"caption\":\"Pressenza\"},\"image\":{\"@id\":\"https:\/\/www.pressenza.com\/es\/#\/schema\/logo\/image\/\"},\"sameAs\":[\"https:\/\/www.facebook.com\/PressenzaItalia\",\"https:\/\/x.com\/PressenzaIPA\"]},{\"@type\":\"Person\",\"@id\":\"https:\/\/www.pressenza.com\/es\/#\/schema\/person\/010e5d02bcf40965427a1289a4cc8d75\",\"name\":\"Pressenza IPA\",\"description\":\"News from Pressenza IPA correspondents\",\"sameAs\":[\"https:\/\/www.facebook.com\/pressenza\",\"https:\/\/x.com\/PressenzaIPA\"],\"url\":\"https:\/\/www.pressenza.com\/es\/author\/pressenza-ipa\/\"}]}<\/script>\n<!-- \/ Yoast SEO plugin. -->","yoast_head_json":{"title":"Harold Mayne Nicholls y el futbol chileno se compromete a difundir un futbol sin violencia","description":"La Asociaci\u00f3n Nacional de F\u00fatbol Profesional, ANFP, representada por Harold Mayne Nicholls, firm\u00f3 un convenio con la organizaci\u00f3n Mundo sin Guerras y sin Violencia, comprometi\u00e9ndose a difundir a trav\u00e9s de los partidos de f\u00fatbol asociados a la segunda fase del Campeonato Nacional, la actividad internacional de la Marcha Mundial por la Paz y la No Violencia.","robots":{"index":"index","follow":"follow","max-snippet":"max-snippet:-1","max-image-preview":"max-image-preview:large","max-video-preview":"max-video-preview:-1"},"canonical":"https:\/\/www.pressenza.com\/es\/2009\/09\/harold-mayne-nicholls-y-el-futbol-chileno-se-compromete-a-difundir-un-futbol-sin-violencia\/","og_locale":"es_ES","og_type":"article","og_title":"Harold Mayne Nicholls y el futbol chileno se compromete a difundir un futbol sin violencia","og_description":"La Asociaci\u00f3n Nacional de F\u00fatbol Profesional, ANFP, representada por Harold Mayne Nicholls, firm\u00f3 un convenio con la organizaci\u00f3n Mundo sin Guerras y sin Violencia, comprometi\u00e9ndose a difundir a trav\u00e9s de los partidos de f\u00fatbol asociados a la segunda fase del Campeonato Nacional, la actividad internacional de la Marcha Mundial por la Paz y la No Violencia.","og_url":"https:\/\/www.pressenza.com\/es\/2009\/09\/harold-mayne-nicholls-y-el-futbol-chileno-se-compromete-a-difundir-un-futbol-sin-violencia\/","og_site_name":"Pressenza","article_publisher":"https:\/\/www.facebook.com\/PressenzaItalia","article_author":"https:\/\/www.facebook.com\/pressenza","article_published_time":"2009-09-02T00:00:00+00:00","article_modified_time":"2012-11-01T18:51:42+00:00","author":"Pressenza IPA","twitter_card":"summary_large_image","twitter_creator":"@PressenzaIPA","twitter_site":"@PressenzaIPA","twitter_misc":{"Escrito por":"Pressenza IPA"},"schema":{"@context":"https:\/\/schema.org","@graph":[{"@type":"Article","@id":"https:\/\/www.pressenza.com\/es\/2009\/09\/harold-mayne-nicholls-y-el-futbol-chileno-se-compromete-a-difundir-un-futbol-sin-violencia\/#article","isPartOf":{"@id":"https:\/\/www.pressenza.com\/es\/2009\/09\/harold-mayne-nicholls-y-el-futbol-chileno-se-compromete-a-difundir-un-futbol-sin-violencia\/"},"author":{"name":"Pressenza IPA","@id":"https:\/\/www.pressenza.com\/es\/#\/schema\/person\/010e5d02bcf40965427a1289a4cc8d75"},"headline":"Harold Mayne Nicholls y el futbol chileno se compromete a difundir un futbol sin violencia","datePublished":"2009-09-02T00:00:00+00:00","dateModified":"2012-11-01T18:51:42+00:00","mainEntityOfPage":{"@id":"https:\/\/www.pressenza.com\/es\/2009\/09\/harold-mayne-nicholls-y-el-futbol-chileno-se-compromete-a-difundir-un-futbol-sin-violencia\/"},"wordCount":103,"publisher":{"@id":"https:\/\/www.pressenza.com\/es\/#organization"},"articleSection":["Comunicados de Prensa","Noviolencia","Paz y Desarme","Sudam\u00e9rica"],"inLanguage":"es"},{"@type":"WebPage","@id":"https:\/\/www.pressenza.com\/es\/2009\/09\/harold-mayne-nicholls-y-el-futbol-chileno-se-compromete-a-difundir-un-futbol-sin-violencia\/","url":"https:\/\/www.pressenza.com\/es\/2009\/09\/harold-mayne-nicholls-y-el-futbol-chileno-se-compromete-a-difundir-un-futbol-sin-violencia\/","name":"Harold Mayne Nicholls y el futbol chileno se compromete a difundir un futbol sin violencia","isPartOf":{"@id":"https:\/\/www.pressenza.com\/es\/#website"},"datePublished":"2009-09-02T00:00:00+00:00","dateModified":"2012-11-01T18:51:42+00:00","description":"La Asociaci\u00f3n Nacional de F\u00fatbol Profesional, ANFP, representada por Harold Mayne Nicholls, firm\u00f3 un convenio con la organizaci\u00f3n Mundo sin Guerras y sin Violencia, comprometi\u00e9ndose a difundir a trav\u00e9s de los partidos de f\u00fatbol asociados a la segunda fase del Campeonato Nacional, la actividad internacional de la Marcha Mundial por la Paz y la No Violencia.","breadcrumb":{"@id":"https:\/\/www.pressenza.com\/es\/2009\/09\/harold-mayne-nicholls-y-el-futbol-chileno-se-compromete-a-difundir-un-futbol-sin-violencia\/#breadcrumb"},"inLanguage":"es","potentialAction":[{"@type":"ReadAction","target":["https:\/\/www.pressenza.com\/es\/2009\/09\/harold-mayne-nicholls-y-el-futbol-chileno-se-compromete-a-difundir-un-futbol-sin-violencia\/"]}]},{"@type":"BreadcrumbList","@id":"https:\/\/www.pressenza.com\/es\/2009\/09\/harold-mayne-nicholls-y-el-futbol-chileno-se-compromete-a-difundir-un-futbol-sin-violencia\/#breadcrumb","itemListElement":[{"@type":"ListItem","position":1,"name":"Accueil","item":"https:\/\/www.pressenza.com\/es\/"},{"@type":"ListItem","position":2,"name":"Harold Mayne Nicholls y el futbol chileno se compromete a difundir un futbol sin violencia"}]},{"@type":"WebSite","@id":"https:\/\/www.pressenza.com\/es\/#website","url":"https:\/\/www.pressenza.com\/es\/","name":"Pressenza","description":"International Press Agency","publisher":{"@id":"https:\/\/www.pressenza.com\/es\/#organization"},"potentialAction":[{"@type":"SearchAction","target":{"@type":"EntryPoint","urlTemplate":"https:\/\/www.pressenza.com\/es\/?s={search_term_string}"},"query-input":{"@type":"PropertyValueSpecification","valueRequired":true,"valueName":"search_term_string"}}],"inLanguage":"es"},{"@type":"Organization","@id":"https:\/\/www.pressenza.com\/es\/#organization","name":"Pressenza","url":"https:\/\/www.pressenza.com\/es\/","logo":{"@type":"ImageObject","inLanguage":"es","@id":"https:\/\/www.pressenza.com\/es\/#\/schema\/logo\/image\/","url":"https:\/\/www.pressenza.com\/wp-content\/uploads\/2022\/10\/pressenza_logo_200x200.jpg","contentUrl":"https:\/\/www.pressenza.com\/wp-content\/uploads\/2022\/10\/pressenza_logo_200x200.jpg","width":200,"height":200,"caption":"Pressenza"},"image":{"@id":"https:\/\/www.pressenza.com\/es\/#\/schema\/logo\/image\/"},"sameAs":["https:\/\/www.facebook.com\/PressenzaItalia","https:\/\/x.com\/PressenzaIPA"]},{"@type":"Person","@id":"https:\/\/www.pressenza.com\/es\/#\/schema\/person\/010e5d02bcf40965427a1289a4cc8d75","name":"Pressenza IPA","description":"News from Pressenza IPA correspondents","sameAs":["https:\/\/www.facebook.com\/pressenza","https:\/\/x.com\/PressenzaIPA"],"url":"https:\/\/www.pressenza.com\/es\/author\/pressenza-ipa\/"}]}},"place":"Santiago","original_article_url":"","_links":{"self":[{"href":"https:\/\/www.pressenza.com\/es\/wp-json\/wp\/v2\/posts\/1174","targetHints":{"allow":["GET"]}}],"collection":[{"href":"https:\/\/www.pressenza.com\/es\/wp-json\/wp\/v2\/posts"}],"about":[{"href":"https:\/\/www.pressenza.com\/es\/wp-json\/wp\/v2\/types\/post"}],"author":[{"embeddable":true,"href":"https:\/\/www.pressenza.com\/es\/wp-json\/wp\/v2\/users\/19"}],"replies":[{"embeddable":true,"href":"https:\/\/www.pressenza.com\/es\/wp-json\/wp\/v2\/comments?post=1174"}],"version-history":[{"count":0,"href":"https:\/\/www.pressenza.com\/es\/wp-json\/wp\/v2\/posts\/1174\/revisions"}],"wp:attachment":[{"href":"https:\/\/www.pressenza.com\/es\/wp-json\/wp\/v2\/media?parent=1174"}],"wp:term":[{"taxonomy":"category","embeddable":true,"href":"https:\/\/www.pressenza.com\/es\/wp-json\/wp\/v2\/categories?post=1174"},{"taxonomy":"post_tag","embeddable":true,"href":"https:\/\/www.pressenza.com\/es\/wp-json\/wp\/v2\/tags?post=1174"}],"curies":[{"name":"wp","href":"https:\/\/api.w.org\/{rel}","templated":true}]}}