{"id":1172111,"date":"2020-08-04T01:08:17","date_gmt":"2020-08-04T00:08:17","guid":{"rendered":"https:\/\/www.pressenza.com\/?p=1172111"},"modified":"2020-08-04T01:13:22","modified_gmt":"2020-08-04T00:13:22","slug":"liderazgos-sin-miedo-campana-por-la-vida-de-los-y-las-lideres-sociales-en-colombia","status":"publish","type":"post","link":"https:\/\/www.pressenza.com\/es\/2020\/08\/liderazgos-sin-miedo-campana-por-la-vida-de-los-y-las-lideres-sociales-en-colombia\/","title":{"rendered":"Liderazgos sin Miedo: campa\u00f1a por la vida de los y las l\u00edderes sociales en Colombia"},"content":{"rendered":"<p><strong>\u00a1Levanto mi voz por ti, porque t\u00fa la has levantado por mi!<\/strong><\/p>\n<p>A partir de ma\u00f1ana martes 4 de agosto comenzar\u00e1 la campa\u00f1a #LiderazgosSinMiedo y que se extender\u00e1 durante los meses de agosto y septiembre. Distintas organizaciones y medios de comunicaci\u00f3n desde Colombia y otros rincones de Am\u00e9rica Latina, sumar\u00e1n sus voces para expresar su rechazo frente a los asesinatos de l\u00edderes y lideresas sociales en Colombia y rodear a aquellos que a\u00fan en medio de la situaci\u00f3n, contin\u00faan trabajando incansablemente por la paz, la convivencia y el buen vivir.<\/p>\n<p>Pressenza hace parte de esta iniciativa impulsada por la <a href=\"https:\/\/asociacionpalco.org\/\">Asociaci\u00f3n Palco<\/a> y su emisora La Esquina Radio de Medell\u00edn, Colombia. Esperamos unan sus voces a trav\u00e9s de las distintas redes sociales, comparti\u00e9ndo la informaci\u00f3n producida que podr\u00e1n encontrar en nuestras redes sociales y en esta p\u00e1gina web: <a href=\"https:\/\/asociacionpalco.org\/liderazgos-sin-miedo\/\">Liderazgos Sin Miedo<\/a><\/p>\n<p>De esta campa\u00f1a hacen parte: <a href=\"https:\/\/www.region.org.co\/\">Corporaci\u00f3n Regi\u00f3n<\/a>, <a href=\"http:\/\/viva.org.co\/\">Viva la Ciudadan\u00eda<\/a>, <a href=\"https:\/\/diariodepaz.com\/\">Diario de Paz<\/a>, <a href=\"https:\/\/cjlibertad.org\/\">Corporaci\u00f3n Jur\u00eddica Libertad<\/a>, <a href=\"http:\/\/hacemosmemoria.org\/\">Hacemos Memoria<\/a>, <a href=\"https:\/\/www.facebook.com\/elojodelaguja\">El Ojo de la Aguja<\/a>, <a href=\"https:\/\/www.dejusticia.org\/\">Dejusticia<\/a>, <a href=\"https:\/\/www.aler.org\/\">Aler<\/a>, Agencia Pressenza y La Esquina Radio.<\/p>\n<p><em>\u00bfQu\u00e9 ser\u00eda de nuestra Colombia si los y las defensoras de derechos humanos no siguen levantando su voz para exigir el cumplimiento y respeto de los derechos humanos?<\/em><\/p>\n<p>Silencio, ser\u00eda la primera respuesta que encontrar\u00edamos entre las comunidades. Vulneraci\u00f3n, la respuesta que se har\u00eda evidente en los territorios. Y seguro, usted tiene muchas otras posibles respuestas de lo que ser\u00eda Colombia.<\/p>\n<p>Por la defensa de los derechos humanos hemos perdido miles y miles de vidas de l\u00edderes y lideresas sociales a quienes les han callado su voz.<\/p>\n<p>De acuerdo con <a href=\"https:\/\/somosdefensores.org\/\">Somos Defensores<\/a>, en 2019 se registraron 844 casos de agresiones a l\u00edderes y lideresas sociales, fue \u201cel a\u00f1o m\u00e1s violento de la \u00faltima d\u00e9cada para l\u00edderes sociales y personas defensoras de derechos humanos en Colombia. En promedio, 2,3 personas fueron agredidas por d\u00eda\u201d. \u00a0Entre enero y marzo de 2020 se confirmaron 197 agresiones individuales contra 187 personas con liderazgo, seg\u00fan datos del Sistema de Informaci\u00f3n sobre agresiones contra personas defensoras de derechos humanos en Colombia.<\/p>\n<p><img loading=\"lazy\" decoding=\"async\" class=\"wp-image-1172112 size-large aligncenter\" src=\"https:\/\/www.pressenza.com\/wp-content\/uploads\/2020\/08\/LiderazgosSinMiedo-720x324.jpg\" alt=\"Liderazgos Sin Miedo\" width=\"720\" height=\"324\" srcset=\"https:\/\/www.pressenza.com\/wp-content\/uploads\/2020\/08\/LiderazgosSinMiedo-720x324.jpg 720w, https:\/\/www.pressenza.com\/wp-content\/uploads\/2020\/08\/LiderazgosSinMiedo-300x135.jpg 300w, https:\/\/www.pressenza.com\/wp-content\/uploads\/2020\/08\/LiderazgosSinMiedo-768x346.jpg 768w, https:\/\/www.pressenza.com\/wp-content\/uploads\/2020\/08\/LiderazgosSinMiedo.jpg 1000w\" sizes=\"auto, (max-width: 720px) 100vw, 720px\" \/><\/p>\n<p>Hoy es indispensable y urgente agradecer a William, Yirley, Marina, Eliecer, Andr\u00e9s, \u00c1ngela, Cecilia, Diana; hombres y mujeres campesinas, afrodescendientes, ind\u00edgenas, j\u00f3venes, personas LGBTI; ciudadanos y ciudadanas que han levantado su voz por la defensa y el respeto de los derechos humanos. S\u00ed, los suyos y los m\u00edos.<\/p>\n<p>Es urgente hacer memoria de los y las defensoras de derechos humanos que ya no est\u00e1n. Y reconocer la labor de quienes desde sus territorios contin\u00faan sus legados levantando sus voces. Hoy es necesario y justo, acompa\u00f1arlos en la defensa de sus vidas.<\/p>\n<p>Por eso nos hemos unido organizaciones sociales de Medell\u00edn, Colombia y Latinoam\u00e9rica en la campa\u00f1a #LiderazgosSinmiedo, para a trav\u00e9s de la radio comunitaria visibilizar la importancia que tienen las lideresas y l\u00edderes sociales para la democracia y la paz de nuestro pa\u00eds y el mundo. Y as\u00ed, desde diferentes latitudes escuchar sus voces.<\/p>\n","protected":false},"excerpt":{"rendered":"<p>\u00a1Levanto mi voz por ti, porque t\u00fa la has levantado por mi! A partir de ma\u00f1ana martes 4 de agosto comenzar\u00e1 la campa\u00f1a #LiderazgosSinMiedo y que se extender\u00e1 durante los meses de agosto y septiembre. Distintas organizaciones y medios de&hellip;<\/p>\n","protected":false},"author":1053,"featured_media":1172123,"comment_status":"closed","ping_status":"closed","sticky":false,"template":"","format":"standard","meta":{"footnotes":""},"categories":[11389,79,67],"tags":[79718,71960,30,10315,79717,37051],"class_list":["post-1172111","post","type-post","status-publish","format-standard","has-post-thumbnail","hentry","category-contenido-original","category-derechos-humanos","category-sudamerica","tag-liderazgossinmiedo","tag-asesinato-de-lideres","tag-colombia","tag-genocidio-es","tag-liderazgos-sin-miedo","tag-lideres-sociales"],"yoast_head":"<!-- This site is optimized with the Yoast SEO plugin v27.1.1 - https:\/\/yoast.com\/product\/yoast-seo-wordpress\/ -->\n<title>Liderazgos sin Miedo: campa\u00f1a por la vida de los y las l\u00edderes sociales en Colombia<\/title>\n<meta name=\"description\" content=\"\u00a1Levanto mi voz por ti, porque t\u00fa la has levantado por mi! A partir de ma\u00f1ana martes 4 de agosto comenzar\u00e1 la campa\u00f1a #LiderazgosSinMiedo y que se\" \/>\n<meta name=\"robots\" content=\"index, follow, max-snippet:-1, max-image-preview:large, max-video-preview:-1\" \/>\n<link rel=\"canonical\" href=\"https:\/\/www.pressenza.com\/es\/2020\/08\/liderazgos-sin-miedo-campana-por-la-vida-de-los-y-las-lideres-sociales-en-colombia\/\" \/>\n<meta property=\"og:locale\" content=\"es_ES\" \/>\n<meta property=\"og:type\" content=\"article\" \/>\n<meta property=\"og:title\" content=\"Liderazgos sin Miedo: campa\u00f1a por la vida de los y las l\u00edderes sociales en Colombia\" \/>\n<meta property=\"og:description\" content=\"\u00a1Levanto mi voz por ti, porque t\u00fa la has levantado por mi! A partir de ma\u00f1ana martes 4 de agosto comenzar\u00e1 la campa\u00f1a #LiderazgosSinMiedo y que se\" \/>\n<meta property=\"og:url\" content=\"https:\/\/www.pressenza.com\/es\/2020\/08\/liderazgos-sin-miedo-campana-por-la-vida-de-los-y-las-lideres-sociales-en-colombia\/\" \/>\n<meta property=\"og:site_name\" content=\"Pressenza\" \/>\n<meta property=\"article:publisher\" content=\"https:\/\/www.facebook.com\/PressenzaItalia\" \/>\n<meta property=\"article:published_time\" content=\"2020-08-04T00:08:17+00:00\" \/>\n<meta property=\"article:modified_time\" content=\"2020-08-04T00:13:22+00:00\" \/>\n<meta property=\"og:image\" content=\"https:\/\/www.pressenza.com\/wp-content\/uploads\/2020\/08\/WhatsApp-Image-2020-08-01-at-1.57.51-PM.jpeg\" \/>\n\t<meta property=\"og:image:width\" content=\"1280\" \/>\n\t<meta property=\"og:image:height\" content=\"720\" \/>\n\t<meta property=\"og:image:type\" content=\"image\/jpeg\" \/>\n<meta name=\"author\" content=\"Redacci\u00f3n Colombia\" \/>\n<meta name=\"twitter:card\" content=\"summary_large_image\" \/>\n<meta name=\"twitter:creator\" content=\"@PressenzaIPA\" \/>\n<meta name=\"twitter:site\" content=\"@PressenzaIPA\" \/>\n<meta name=\"twitter:label1\" content=\"Escrito por\" \/>\n\t<meta name=\"twitter:data1\" content=\"Redacci\u00f3n Colombia\" \/>\n\t<meta name=\"twitter:label2\" content=\"Tiempo de lectura\" \/>\n\t<meta name=\"twitter:data2\" content=\"3 minutos\" \/>\n<script type=\"application\/ld+json\" class=\"yoast-schema-graph\">{\"@context\":\"https:\/\/schema.org\",\"@graph\":[{\"@type\":\"Article\",\"@id\":\"https:\/\/www.pressenza.com\/es\/2020\/08\/liderazgos-sin-miedo-campana-por-la-vida-de-los-y-las-lideres-sociales-en-colombia\/#article\",\"isPartOf\":{\"@id\":\"https:\/\/www.pressenza.com\/es\/2020\/08\/liderazgos-sin-miedo-campana-por-la-vida-de-los-y-las-lideres-sociales-en-colombia\/\"},\"author\":{\"name\":\"Redacci\u00f3n Colombia\",\"@id\":\"https:\/\/www.pressenza.com\/es\/#\/schema\/person\/7c8ee170a4502d638436c91e385315f2\"},\"headline\":\"Liderazgos sin Miedo: campa\u00f1a por la vida de los y las l\u00edderes sociales en Colombia\",\"datePublished\":\"2020-08-04T00:08:17+00:00\",\"dateModified\":\"2020-08-04T00:13:22+00:00\",\"mainEntityOfPage\":{\"@id\":\"https:\/\/www.pressenza.com\/es\/2020\/08\/liderazgos-sin-miedo-campana-por-la-vida-de-los-y-las-lideres-sociales-en-colombia\/\"},\"wordCount\":540,\"publisher\":{\"@id\":\"https:\/\/www.pressenza.com\/es\/#organization\"},\"image\":{\"@id\":\"https:\/\/www.pressenza.com\/es\/2020\/08\/liderazgos-sin-miedo-campana-por-la-vida-de-los-y-las-lideres-sociales-en-colombia\/#primaryimage\"},\"thumbnailUrl\":\"https:\/\/www.pressenza.com\/wp-content\/uploads\/2020\/08\/WhatsApp-Image-2020-08-01-at-1.57.51-PM.jpeg\",\"keywords\":[\"#LiderazgosSinMiedo\",\"asesinato de l\u00edderes\",\"Colombia\",\"Genocidio\",\"Liderazgos Sin Miedo\",\"l\u00edderes sociales\"],\"articleSection\":[\"Contenido Original\",\"Derechos Humanos\",\"Sudam\u00e9rica\"],\"inLanguage\":\"es\"},{\"@type\":\"WebPage\",\"@id\":\"https:\/\/www.pressenza.com\/es\/2020\/08\/liderazgos-sin-miedo-campana-por-la-vida-de-los-y-las-lideres-sociales-en-colombia\/\",\"url\":\"https:\/\/www.pressenza.com\/es\/2020\/08\/liderazgos-sin-miedo-campana-por-la-vida-de-los-y-las-lideres-sociales-en-colombia\/\",\"name\":\"Liderazgos sin Miedo: campa\u00f1a por la vida de los y las l\u00edderes sociales en Colombia\",\"isPartOf\":{\"@id\":\"https:\/\/www.pressenza.com\/es\/#website\"},\"primaryImageOfPage\":{\"@id\":\"https:\/\/www.pressenza.com\/es\/2020\/08\/liderazgos-sin-miedo-campana-por-la-vida-de-los-y-las-lideres-sociales-en-colombia\/#primaryimage\"},\"image\":{\"@id\":\"https:\/\/www.pressenza.com\/es\/2020\/08\/liderazgos-sin-miedo-campana-por-la-vida-de-los-y-las-lideres-sociales-en-colombia\/#primaryimage\"},\"thumbnailUrl\":\"https:\/\/www.pressenza.com\/wp-content\/uploads\/2020\/08\/WhatsApp-Image-2020-08-01-at-1.57.51-PM.jpeg\",\"datePublished\":\"2020-08-04T00:08:17+00:00\",\"dateModified\":\"2020-08-04T00:13:22+00:00\",\"description\":\"\u00a1Levanto mi voz por ti, porque t\u00fa la has levantado por mi! A partir de ma\u00f1ana martes 4 de agosto comenzar\u00e1 la campa\u00f1a #LiderazgosSinMiedo y que se\",\"breadcrumb\":{\"@id\":\"https:\/\/www.pressenza.com\/es\/2020\/08\/liderazgos-sin-miedo-campana-por-la-vida-de-los-y-las-lideres-sociales-en-colombia\/#breadcrumb\"},\"inLanguage\":\"es\",\"potentialAction\":[{\"@type\":\"ReadAction\",\"target\":[\"https:\/\/www.pressenza.com\/es\/2020\/08\/liderazgos-sin-miedo-campana-por-la-vida-de-los-y-las-lideres-sociales-en-colombia\/\"]}]},{\"@type\":\"ImageObject\",\"inLanguage\":\"es\",\"@id\":\"https:\/\/www.pressenza.com\/es\/2020\/08\/liderazgos-sin-miedo-campana-por-la-vida-de-los-y-las-lideres-sociales-en-colombia\/#primaryimage\",\"url\":\"https:\/\/www.pressenza.com\/wp-content\/uploads\/2020\/08\/WhatsApp-Image-2020-08-01-at-1.57.51-PM.jpeg\",\"contentUrl\":\"https:\/\/www.pressenza.com\/wp-content\/uploads\/2020\/08\/WhatsApp-Image-2020-08-01-at-1.57.51-PM.jpeg\",\"width\":1280,\"height\":720,\"caption\":\"Campa\u00f1a Liderazgos Sin Miedo\"},{\"@type\":\"BreadcrumbList\",\"@id\":\"https:\/\/www.pressenza.com\/es\/2020\/08\/liderazgos-sin-miedo-campana-por-la-vida-de-los-y-las-lideres-sociales-en-colombia\/#breadcrumb\",\"itemListElement\":[{\"@type\":\"ListItem\",\"position\":1,\"name\":\"Accueil\",\"item\":\"https:\/\/www.pressenza.com\/es\/\"},{\"@type\":\"ListItem\",\"position\":2,\"name\":\"Liderazgos sin Miedo: campa\u00f1a por la vida de los y las l\u00edderes sociales en Colombia\"}]},{\"@type\":\"WebSite\",\"@id\":\"https:\/\/www.pressenza.com\/es\/#website\",\"url\":\"https:\/\/www.pressenza.com\/es\/\",\"name\":\"Pressenza\",\"description\":\"International Press Agency\",\"publisher\":{\"@id\":\"https:\/\/www.pressenza.com\/es\/#organization\"},\"potentialAction\":[{\"@type\":\"SearchAction\",\"target\":{\"@type\":\"EntryPoint\",\"urlTemplate\":\"https:\/\/www.pressenza.com\/es\/?s={search_term_string}\"},\"query-input\":{\"@type\":\"PropertyValueSpecification\",\"valueRequired\":true,\"valueName\":\"search_term_string\"}}],\"inLanguage\":\"es\"},{\"@type\":\"Organization\",\"@id\":\"https:\/\/www.pressenza.com\/es\/#organization\",\"name\":\"Pressenza\",\"url\":\"https:\/\/www.pressenza.com\/es\/\",\"logo\":{\"@type\":\"ImageObject\",\"inLanguage\":\"es\",\"@id\":\"https:\/\/www.pressenza.com\/es\/#\/schema\/logo\/image\/\",\"url\":\"https:\/\/www.pressenza.com\/wp-content\/uploads\/2022\/10\/pressenza_logo_200x200.jpg\",\"contentUrl\":\"https:\/\/www.pressenza.com\/wp-content\/uploads\/2022\/10\/pressenza_logo_200x200.jpg\",\"width\":200,\"height\":200,\"caption\":\"Pressenza\"},\"image\":{\"@id\":\"https:\/\/www.pressenza.com\/es\/#\/schema\/logo\/image\/\"},\"sameAs\":[\"https:\/\/www.facebook.com\/PressenzaItalia\",\"https:\/\/x.com\/PressenzaIPA\"]},{\"@type\":\"Person\",\"@id\":\"https:\/\/www.pressenza.com\/es\/#\/schema\/person\/7c8ee170a4502d638436c91e385315f2\",\"name\":\"Redacci\u00f3n Colombia\",\"description\":\"News published by the Pressenza bureau in Colombia\",\"url\":\"https:\/\/www.pressenza.com\/es\/author\/redaccion-colombia\/\"}]}<\/script>\n<!-- \/ Yoast SEO plugin. -->","yoast_head_json":{"title":"Liderazgos sin Miedo: campa\u00f1a por la vida de los y las l\u00edderes sociales en Colombia","description":"\u00a1Levanto mi voz por ti, porque t\u00fa la has levantado por mi! A partir de ma\u00f1ana martes 4 de agosto comenzar\u00e1 la campa\u00f1a #LiderazgosSinMiedo y que se","robots":{"index":"index","follow":"follow","max-snippet":"max-snippet:-1","max-image-preview":"max-image-preview:large","max-video-preview":"max-video-preview:-1"},"canonical":"https:\/\/www.pressenza.com\/es\/2020\/08\/liderazgos-sin-miedo-campana-por-la-vida-de-los-y-las-lideres-sociales-en-colombia\/","og_locale":"es_ES","og_type":"article","og_title":"Liderazgos sin Miedo: campa\u00f1a por la vida de los y las l\u00edderes sociales en Colombia","og_description":"\u00a1Levanto mi voz por ti, porque t\u00fa la has levantado por mi! A partir de ma\u00f1ana martes 4 de agosto comenzar\u00e1 la campa\u00f1a #LiderazgosSinMiedo y que se","og_url":"https:\/\/www.pressenza.com\/es\/2020\/08\/liderazgos-sin-miedo-campana-por-la-vida-de-los-y-las-lideres-sociales-en-colombia\/","og_site_name":"Pressenza","article_publisher":"https:\/\/www.facebook.com\/PressenzaItalia","article_published_time":"2020-08-04T00:08:17+00:00","article_modified_time":"2020-08-04T00:13:22+00:00","og_image":[{"width":1280,"height":720,"url":"https:\/\/www.pressenza.com\/wp-content\/uploads\/2020\/08\/WhatsApp-Image-2020-08-01-at-1.57.51-PM.jpeg","type":"image\/jpeg"}],"author":"Redacci\u00f3n Colombia","twitter_card":"summary_large_image","twitter_creator":"@PressenzaIPA","twitter_site":"@PressenzaIPA","twitter_misc":{"Escrito por":"Redacci\u00f3n Colombia","Tiempo de lectura":"3 minutos"},"schema":{"@context":"https:\/\/schema.org","@graph":[{"@type":"Article","@id":"https:\/\/www.pressenza.com\/es\/2020\/08\/liderazgos-sin-miedo-campana-por-la-vida-de-los-y-las-lideres-sociales-en-colombia\/#article","isPartOf":{"@id":"https:\/\/www.pressenza.com\/es\/2020\/08\/liderazgos-sin-miedo-campana-por-la-vida-de-los-y-las-lideres-sociales-en-colombia\/"},"author":{"name":"Redacci\u00f3n Colombia","@id":"https:\/\/www.pressenza.com\/es\/#\/schema\/person\/7c8ee170a4502d638436c91e385315f2"},"headline":"Liderazgos sin Miedo: campa\u00f1a por la vida de los y las l\u00edderes sociales en Colombia","datePublished":"2020-08-04T00:08:17+00:00","dateModified":"2020-08-04T00:13:22+00:00","mainEntityOfPage":{"@id":"https:\/\/www.pressenza.com\/es\/2020\/08\/liderazgos-sin-miedo-campana-por-la-vida-de-los-y-las-lideres-sociales-en-colombia\/"},"wordCount":540,"publisher":{"@id":"https:\/\/www.pressenza.com\/es\/#organization"},"image":{"@id":"https:\/\/www.pressenza.com\/es\/2020\/08\/liderazgos-sin-miedo-campana-por-la-vida-de-los-y-las-lideres-sociales-en-colombia\/#primaryimage"},"thumbnailUrl":"https:\/\/www.pressenza.com\/wp-content\/uploads\/2020\/08\/WhatsApp-Image-2020-08-01-at-1.57.51-PM.jpeg","keywords":["#LiderazgosSinMiedo","asesinato de l\u00edderes","Colombia","Genocidio","Liderazgos Sin Miedo","l\u00edderes sociales"],"articleSection":["Contenido Original","Derechos Humanos","Sudam\u00e9rica"],"inLanguage":"es"},{"@type":"WebPage","@id":"https:\/\/www.pressenza.com\/es\/2020\/08\/liderazgos-sin-miedo-campana-por-la-vida-de-los-y-las-lideres-sociales-en-colombia\/","url":"https:\/\/www.pressenza.com\/es\/2020\/08\/liderazgos-sin-miedo-campana-por-la-vida-de-los-y-las-lideres-sociales-en-colombia\/","name":"Liderazgos sin Miedo: campa\u00f1a por la vida de los y las l\u00edderes sociales en Colombia","isPartOf":{"@id":"https:\/\/www.pressenza.com\/es\/#website"},"primaryImageOfPage":{"@id":"https:\/\/www.pressenza.com\/es\/2020\/08\/liderazgos-sin-miedo-campana-por-la-vida-de-los-y-las-lideres-sociales-en-colombia\/#primaryimage"},"image":{"@id":"https:\/\/www.pressenza.com\/es\/2020\/08\/liderazgos-sin-miedo-campana-por-la-vida-de-los-y-las-lideres-sociales-en-colombia\/#primaryimage"},"thumbnailUrl":"https:\/\/www.pressenza.com\/wp-content\/uploads\/2020\/08\/WhatsApp-Image-2020-08-01-at-1.57.51-PM.jpeg","datePublished":"2020-08-04T00:08:17+00:00","dateModified":"2020-08-04T00:13:22+00:00","description":"\u00a1Levanto mi voz por ti, porque t\u00fa la has levantado por mi! A partir de ma\u00f1ana martes 4 de agosto comenzar\u00e1 la campa\u00f1a #LiderazgosSinMiedo y que se","breadcrumb":{"@id":"https:\/\/www.pressenza.com\/es\/2020\/08\/liderazgos-sin-miedo-campana-por-la-vida-de-los-y-las-lideres-sociales-en-colombia\/#breadcrumb"},"inLanguage":"es","potentialAction":[{"@type":"ReadAction","target":["https:\/\/www.pressenza.com\/es\/2020\/08\/liderazgos-sin-miedo-campana-por-la-vida-de-los-y-las-lideres-sociales-en-colombia\/"]}]},{"@type":"ImageObject","inLanguage":"es","@id":"https:\/\/www.pressenza.com\/es\/2020\/08\/liderazgos-sin-miedo-campana-por-la-vida-de-los-y-las-lideres-sociales-en-colombia\/#primaryimage","url":"https:\/\/www.pressenza.com\/wp-content\/uploads\/2020\/08\/WhatsApp-Image-2020-08-01-at-1.57.51-PM.jpeg","contentUrl":"https:\/\/www.pressenza.com\/wp-content\/uploads\/2020\/08\/WhatsApp-Image-2020-08-01-at-1.57.51-PM.jpeg","width":1280,"height":720,"caption":"Campa\u00f1a Liderazgos Sin Miedo"},{"@type":"BreadcrumbList","@id":"https:\/\/www.pressenza.com\/es\/2020\/08\/liderazgos-sin-miedo-campana-por-la-vida-de-los-y-las-lideres-sociales-en-colombia\/#breadcrumb","itemListElement":[{"@type":"ListItem","position":1,"name":"Accueil","item":"https:\/\/www.pressenza.com\/es\/"},{"@type":"ListItem","position":2,"name":"Liderazgos sin Miedo: campa\u00f1a por la vida de los y las l\u00edderes sociales en Colombia"}]},{"@type":"WebSite","@id":"https:\/\/www.pressenza.com\/es\/#website","url":"https:\/\/www.pressenza.com\/es\/","name":"Pressenza","description":"International Press Agency","publisher":{"@id":"https:\/\/www.pressenza.com\/es\/#organization"},"potentialAction":[{"@type":"SearchAction","target":{"@type":"EntryPoint","urlTemplate":"https:\/\/www.pressenza.com\/es\/?s={search_term_string}"},"query-input":{"@type":"PropertyValueSpecification","valueRequired":true,"valueName":"search_term_string"}}],"inLanguage":"es"},{"@type":"Organization","@id":"https:\/\/www.pressenza.com\/es\/#organization","name":"Pressenza","url":"https:\/\/www.pressenza.com\/es\/","logo":{"@type":"ImageObject","inLanguage":"es","@id":"https:\/\/www.pressenza.com\/es\/#\/schema\/logo\/image\/","url":"https:\/\/www.pressenza.com\/wp-content\/uploads\/2022\/10\/pressenza_logo_200x200.jpg","contentUrl":"https:\/\/www.pressenza.com\/wp-content\/uploads\/2022\/10\/pressenza_logo_200x200.jpg","width":200,"height":200,"caption":"Pressenza"},"image":{"@id":"https:\/\/www.pressenza.com\/es\/#\/schema\/logo\/image\/"},"sameAs":["https:\/\/www.facebook.com\/PressenzaItalia","https:\/\/x.com\/PressenzaIPA"]},{"@type":"Person","@id":"https:\/\/www.pressenza.com\/es\/#\/schema\/person\/7c8ee170a4502d638436c91e385315f2","name":"Redacci\u00f3n Colombia","description":"News published by the Pressenza bureau in Colombia","url":"https:\/\/www.pressenza.com\/es\/author\/redaccion-colombia\/"}]}},"place":"","original_article_url":"","_links":{"self":[{"href":"https:\/\/www.pressenza.com\/es\/wp-json\/wp\/v2\/posts\/1172111","targetHints":{"allow":["GET"]}}],"collection":[{"href":"https:\/\/www.pressenza.com\/es\/wp-json\/wp\/v2\/posts"}],"about":[{"href":"https:\/\/www.pressenza.com\/es\/wp-json\/wp\/v2\/types\/post"}],"author":[{"embeddable":true,"href":"https:\/\/www.pressenza.com\/es\/wp-json\/wp\/v2\/users\/1053"}],"replies":[{"embeddable":true,"href":"https:\/\/www.pressenza.com\/es\/wp-json\/wp\/v2\/comments?post=1172111"}],"version-history":[{"count":0,"href":"https:\/\/www.pressenza.com\/es\/wp-json\/wp\/v2\/posts\/1172111\/revisions"}],"wp:featuredmedia":[{"embeddable":true,"href":"https:\/\/www.pressenza.com\/es\/wp-json\/wp\/v2\/media\/1172123"}],"wp:attachment":[{"href":"https:\/\/www.pressenza.com\/es\/wp-json\/wp\/v2\/media?parent=1172111"}],"wp:term":[{"taxonomy":"category","embeddable":true,"href":"https:\/\/www.pressenza.com\/es\/wp-json\/wp\/v2\/categories?post=1172111"},{"taxonomy":"post_tag","embeddable":true,"href":"https:\/\/www.pressenza.com\/es\/wp-json\/wp\/v2\/tags?post=1172111"}],"curies":[{"name":"wp","href":"https:\/\/api.w.org\/{rel}","templated":true}]}}