{"id":1169948,"date":"2020-08-04T16:16:06","date_gmt":"2020-08-04T15:16:06","guid":{"rendered":"https:\/\/www.pressenza.com\/?p=1169948"},"modified":"2020-08-04T23:30:40","modified_gmt":"2020-08-04T22:30:40","slug":"por-que-la-renta-basica-universal-debe-ser-considerada-un-derecho-humano","status":"publish","type":"post","link":"https:\/\/www.pressenza.com\/es\/2020\/08\/por-que-la-renta-basica-universal-debe-ser-considerada-un-derecho-humano\/","title":{"rendered":"\u00bfPor qu\u00e9 la Renta B\u00e1sica Universal debe ser considerada un Derecho Humano?"},"content":{"rendered":"<blockquote><p>Porque asegurar\u00eda lo m\u00e1s b\u00e1sico: la subsistencia. Y ello tendr\u00eda enormes consecuencias f\u00edsicas, psicol\u00f3gicas&#8230; individuales y colectivas.<\/p>\n<p class=\"_5gmx\" data-testid=\"event-permalink-event-name\">Esta nota es la primera parte de la intervenci\u00f3n de la autora dentro del acto virtual titulado <strong>Renta B\u00e1sica Universal e Incondicional, un derecho pendiente<\/strong>, organizado por el <span class=\"fwb\"><a id=\"js_4d\" class=\"profileLink\" href=\"https:\/\/www.facebook.com\/centroestudioshumanistasnvciv\/?__xts__%5B0%5D=68.ARAkD3zLXp5k4T-iepMG-_Uw0qaCYJ9cNRgd-Yc5TkRX2DZ4JOBWtdDYyUsTujNqF0GisimF_Zy-Yg78IItSwYXH3dWm-N619eQzPmN_POrTFy1oZSvZ9DHetpTLRssG9BZbjJ-3rAFG9EVV0bl3vJ0z8pF1_IJrOXcOwNZ0jt1LUBSGyQmwhy1yQ83sgnjuT58hiHIwqDorr9wTUMGG8Be8Bn-FK5pAVpgFc9AS4zXkRUDhaSIwn8XAsrK741X3HHpYDVYY3S6mTU2nHxZg8oWm3-2hovJyZ3TJw-SYVGhbYlQWY1z4qEM&amp;eid=ARCMGUm-rubj6YLXW5Kjk8mo3KsMTRofw9DxJJototxrYV_uBmj6e_tHYH2bIunCghJ-Hu409EGLqpcA&amp;fref=tag\" data-hovercard=\"\/ajax\/hovercard\/page.php?id=598210666978940&amp;extragetparams=%7B%22eid%22%3A%22ARCMGUm-rubj6YLXW5Kjk8mo3KsMTRofw9DxJJototxrYV_uBmj6e_tHYH2bIunCghJ-Hu409EGLqpcA%22%2C%22fref%22%3A%22tag%22%7D\" data-hovercard-prefer-more-content-show=\"1\" aria-describedby=\"u_46_1\" aria-owns=\"\">Centro de Estudios Humanistas Nueva Civilizaci\u00f3n<\/a><\/span>\u00a0el pasado 23 de julio.<\/p>\n<\/blockquote>\n<p>Si no est\u00e1 asegurada la subsistencia, el resto de los derechos sobran. Necesitamos asegurar que el cuerpo, que el soporte en el que habitamos, pueda vivir y est\u00e9 sano.<\/p>\n<p>Y una renta b\u00e1sica universal, incondicional, individual y suficiente, permitir\u00eda asegurar esa base primera, imprescindible para sobrevivir y adem\u00e1s pondr\u00eda el piso para poder poner en pr\u00e1ctica el resto de los derechos y que no se queden, para la mayor\u00eda de la poblaci\u00f3n a nivel planetario, en un escrito, recogido en una Declaraci\u00f3n fant\u00e1stica llena de buenas intenciones.<\/p>\n<p>Hemos de ser serios. Si nos declaramos defensores de los derechos humanos, hemos de ver c\u00f3mo implementar mecanismos para llevarlos a la pr\u00e1ctica.<\/p>\n<p>Hasta aqu\u00ed nos ha tra\u00eddo, en el mejor de los casos, la <strong>caridad<\/strong>. Est\u00e1 bien, la caridad ha asegurado y sigue asegurando que un buen n\u00famero de personas puedan comer (no todas las que pasan hambre, por cierto. No en todo el planeta, por cierto) aunque los gobiernos, presos del gran capital internacional, traten en ciertos casos y como pueden, de legislar para que esas migajas que el capital deja caer se repartan de manera lo m\u00e1s justa posible.<\/p>\n<p>&nbsp;<\/p>\n<blockquote>\n<p style=\"text-align: right;\"><em><span style=\"color: #808080;\"><strong>Los derechos humanos como superadores de la caridad que nos ha tra\u00eddo hasta aqu\u00ed<\/strong><\/span><\/em><\/p>\n<\/blockquote>\n<p>&nbsp;<\/p>\n<p>Pero si hablamos en serio, <strong>hablemos de derechos<\/strong>.<\/p>\n<p>Para hacerlo, lo primero que hemos de cuestionar es la concentraci\u00f3n de la riqueza, una riqueza que se acumula de modo escandalosamente inmoral, en manos de unas pocas manos mientras la mayor\u00eda pasa hambre, mientras la mayor\u00eda de la poblaci\u00f3n a nivel planetario no tiene condiciones m\u00ednimas de vida digna porque quienes acumulan esa riqueza les arrebatan esas condiciones. Es absolutamente inmoral que un solo ser humano, uno solo, pase hambre en este momento con la cantidad de riqueza que hay.<\/p>\n<p>De implementarse una renta b\u00e1sica universal, se terminar\u00eda de golpe con el hambre en el mundo y, por cierto, se comenzar\u00eda a poner en pr\u00e1ctica, a desarrollar los art\u00edculos 22. 23 y 25.1 de la Carta de DDHH de Naciones Unidas.<\/p>\n<p>Ser\u00eda un paso en la redistribuci\u00f3n de la riqueza y, como consecuencia, ganar\u00edamos en justicia social.<\/p>\n<p>Pero adem\u00e1s de terminarse con el hambre en el mundo, una renta b\u00e1sica permitir\u00eda que otros derechos pudieran avanzar en todo el planeta: el derecho a la salud, a la educaci\u00f3n, a una pensi\u00f3n en la vejez\u2026<\/p>\n<p>Es decir, avanzar\u00edamos ostensiblemente en contar con las <strong>mismas oportunidades para todos<\/strong>\u2026 Y con ello, ganar\u00edamos en <strong>libertad.<\/strong><\/p>\n<p>Como ven, se producir\u00eda un efecto domin\u00f3 que afectar\u00eda a la puesta en pr\u00e1ctica de otros derechos, que como todos sabemos hoy son papel mojado para la mayor\u00eda de la poblaci\u00f3n a nivel planetario.<\/p>\n<p>Si tenemos asegurado el derecho a la subsistencia (comida, agua, techo, energ\u00eda\u2026 ), tendr\u00edamos libertad para negociar un empleo, por ejemplo.<\/p>\n<p>Imag\u00ednense c\u00f3mo cambiar\u00eda la situaci\u00f3n de las mujeres, no solo porque no tendr\u00edan que depender, por ejemplo, de una pareja o ex pareja (a veces maltratadora, por cierto), que ya es mucho, sino porque se les reconocer\u00eda el aporte impagable del trabajo de <strong>cuidados<\/strong> que desarrollan y que habitualmente no est\u00e1 pagado, y cuando lo est\u00e1, lo est\u00e1 pesimamente. Un trabajo, el de cuidados, imprescindible para la <strong>vida<\/strong>. Un trabajo que desarrollan habitualmente las mujeres y las ni\u00f1as, tambi\u00e9n las ni\u00f1as.<\/p>\n<p>&nbsp;<\/p>\n<blockquote>\n<p style=\"text-align: right;\"><span style=\"color: #808080;\"><strong><em>Imagino, espero que los grandes defensores del empleo no pensar\u00e1n que los ni\u00f1os tambi\u00e9n tienen que desarrollar un empleo para dignificarse o bien para que merezcan sobrevivir<\/em><\/strong><\/span><\/p>\n<\/blockquote>\n<p>&nbsp;<\/p>\n<p>Y aqu\u00ed entramos en el cap\u00edtulo del trabajo infantil. Habl\u00e1bamos del trabajo de cuidados, desarrollado en no pocas ocasiones por ni\u00f1as.<\/p>\n<p>Pero adem\u00e1s est\u00e1 el empleo desarrollado por ni\u00f1as y ni\u00f1os. Me refiero al <strong>trabajo infantil<\/strong>.<\/p>\n<p>Imagino que los apasionados defensores del empleo como medio de subsistencia (porque lo contrario genera vagos -opinan- o porque el empleo es lo que dignifica al ser humano, etc. ) Dec\u00eda que imagino, espero que los grandes defensores del empleo no pensar\u00e1n que los ni\u00f1os tambi\u00e9n tienen que desarrollar un empleo para dignificarse o bien para que merezcan sobrevivir.<\/p>\n<p>\u00bfO es que cuando los ni\u00f1os no son blancos, o no han sido engendrados en ciertas zonas del planeta deber\u00edan tener menos derechos?<\/p>\n<p>\u00bfPodemos imaginar por un instante, solo por un instante, cu\u00e1ntas oportunidades se le abrir\u00edan a un ni\u00f1o que est\u00e1 empleado por un plato de comida, o que se le paga menos de un d\u00f3lar al d\u00eda por trabajar 10, 12, 14, 16 horas\u2026 de contar con una renta b\u00e1sica?<\/p>\n<p>\u00bfQu\u00e9 oportunidades se le abrir\u00edan a una ni\u00f1a que hoy se ve obligada a casarse con un hombre, que le dobla, le triplica o m\u00e1s la edad, y que queda embarazada nada m\u00e1s tener la posibilidad natural de que ocurra? \u00bfQu\u00e9 oportunidades se le abrir\u00edan a esa ni\u00f1a si tuviera medios, si tuviera la subsistencia asegurada desde su nacimiento?<\/p>\n<p>Porque todo esto del matrimonio infantil, con todo el relato de que es un hecho cultural,\u00a0 pareciera que se justifica.\u00a0 Y claro que es cultural, que no es natural, son pr\u00e1cticas culturales, s\u00ed, pero que se apoyan en gran medidas en la pobreza, en la miseria de la ni\u00f1a que est\u00e1 condenada a casarse porque su familia no puede mantenerla o porque, de este modo, su familia puede comer.<\/p>\n<p>\u00bfSe imaginan si a todos esos ni\u00f1os se les diera la oportunidad de desarrollarse en plenitud, como seres sagrados que son?<\/p>\n<p>Pero dejemos este cap\u00edtulo, tan doloroso en la historia del ser humano, y en el cual desgraciadamente estamos y que tanta riqueza produce, por cierto, para nombrar algunos <strong>otros derechos<\/strong> que podr\u00edan desarrollarse por la implementaci\u00f3n de una renta b\u00e1sica.<\/p>\n<p>&nbsp;<\/p>\n<blockquote>\n<p style=\"text-align: right;\"><em><span style=\"color: #808080;\"><strong>&#8230;sin el derecho a la subsistencia, todos los dem\u00e1s derechos est\u00e1n en cuesti\u00f3n.<\/strong><\/span><\/em><\/p>\n<\/blockquote>\n<p>&nbsp;<\/p>\n<p>Hablo del derecho a la libertad de pensamiento y creencias, a la libertad de expresi\u00f3n, a la libertad de informaci\u00f3n\u2026 todos condicionados si no tenemos la subsistencia asegurada.<\/p>\n<p>Como ven, sin el derecho a la subsistencia, todos los dem\u00e1s derechos est\u00e1n en cuesti\u00f3n.<\/p>\n<p>Podr\u00edamos nombrar otros derechos tambi\u00e9n: el <strong>derecho a la reparaci\u00f3n hist\u00f3rica<\/strong> y aqu\u00ed adem\u00e1s de mujeres, ni\u00f1os, hemos de hablar de pueblos enteros, regiones enteras del planeta. Pueblos esclavizados, expoliados, pueblos condenados a nacer, crecer, malvivir y morir en medio de guerras que facilitan ese expolio, que los condena a la miseria, la enfermedad y la muerte.<\/p>\n<p>\u00a1C\u00f3mo cambiar\u00eda la vida de todas estas poblaciones de tener la subsistencia asegurada!<\/p>\n<p>Amigas, amigos, la riqueza -que crece y crece cada d\u00eda m\u00e1s, por el aporte de todas y todos-permitir\u00eda que toda la humanidad viviera en condiciones de vida digna, con mayores oportunidades para todos en todos los campos, con mayor justicia social y mayor libertad. Ello nos ayudar\u00eda como sociedad planetaria que somos a comenzar a construir el mundo al que aspiramos la mayor\u00eda de las personas.<\/p>\n<p>Parte de esa aspiraci\u00f3n quedaba reflejada en un papel en 1948. Esa Declaraci\u00f3n de Derechos Humanos puede comenzar a concretarse para toda la Humanidad, si comenzamos por asegurar su subsistencia. Y ello puede llevarse a cabo con una medida como una renta b\u00e1sica universal incondicional individual y suficiente<\/p>\n<p>Eso es posible hoy. Hay riqueza suficiente, m\u00e1s que suficiente, una riqueza que es de todas y todos.<\/p>\n<p>Aquella declaraci\u00f3n de intenciones, la Carta de DDHH, \u00a0no habla exactamente del mundo ideal al que aspiramos pero, de concretarse, se estar\u00eda comenzando a escribir el primer cap\u00edtulo de ese mundo. Un mundo en el que el ser humano pueda mirar su pasado y comprender que fue un error de c\u00e1lculo que unos pocos se apropiaran de los que es de todos, y que apueste por reconciliarse con su propia historia; un mundo en el que cada ser humano desarrolle el Prop\u00f3sito que considere le hace sentir pleno y desde el cual pueda aportar m\u00e1s a la comunidad, a la construcci\u00f3n del <strong>nosotros<\/strong>, un mundo distenso, un mundo m\u00e1s l\u00facido, con un nivel de conciencia m\u00e1s alto, un mundo noviolento, un mundo a la altura del ser humano&#8230; El mundo que anhelamos y que, por cierto, nos merecemos.<\/p>\n","protected":false},"excerpt":{"rendered":"<p>Porque asegurar\u00eda lo m\u00e1s b\u00e1sico: la subsistencia. Y ello tendr\u00eda enormes consecuencias f\u00edsicas, psicol\u00f3gicas&#8230; individuales y colectivas. Esta nota es la primera parte de la intervenci\u00f3n de la autora dentro del acto virtual titulado Renta B\u00e1sica Universal e Incondicional, un&hellip;<\/p>\n","protected":false},"author":1561,"featured_media":1172648,"comment_status":"closed","ping_status":"closed","sticky":false,"template":"","format":"standard","meta":{"footnotes":""},"categories":[11389,79,161],"tags":[441,79761,27815,4754,79568,34946,79762],"class_list":["post-1169948","post","type-post","status-publish","format-standard","has-post-thumbnail","hentry","category-contenido-original","category-derechos-humanos","category-opiniones","tag-derechos-humanos","tag-empleo-infantil","tag-mujer","tag-ninos","tag-red-humanista-por-la-renta-basica-universal","tag-renta-basica-universal-e-incondicional","tag-trabajo-de-cuidados"],"yoast_head":"<!-- This site is optimized with the Yoast SEO plugin v27.1.1 - https:\/\/yoast.com\/product\/yoast-seo-wordpress\/ -->\n<title>\u00bfPor qu\u00e9 la Renta B\u00e1sica Universal debe ser considerada un Derecho Humano?<\/title>\n<meta name=\"description\" content=\"Porque asegurar\u00eda lo m\u00e1s b\u00e1sico: la subsistencia. Y ello tendr\u00eda enormes consecuencias f\u00edsicas, psicol\u00f3gicas... individuales y colectivas. Esta nota es la\" \/>\n<meta name=\"robots\" content=\"index, follow, max-snippet:-1, max-image-preview:large, max-video-preview:-1\" \/>\n<link rel=\"canonical\" href=\"https:\/\/www.pressenza.com\/es\/2020\/08\/por-que-la-renta-basica-universal-debe-ser-considerada-un-derecho-humano\/\" \/>\n<meta property=\"og:locale\" content=\"es_ES\" \/>\n<meta property=\"og:type\" content=\"article\" \/>\n<meta property=\"og:title\" content=\"\u00bfPor qu\u00e9 la Renta B\u00e1sica Universal debe ser considerada un Derecho Humano?\" \/>\n<meta property=\"og:description\" content=\"Porque asegurar\u00eda lo m\u00e1s b\u00e1sico: la subsistencia. Y ello tendr\u00eda enormes consecuencias f\u00edsicas, psicol\u00f3gicas... individuales y colectivas. Esta nota es la\" \/>\n<meta property=\"og:url\" content=\"https:\/\/www.pressenza.com\/es\/2020\/08\/por-que-la-renta-basica-universal-debe-ser-considerada-un-derecho-humano\/\" \/>\n<meta property=\"og:site_name\" content=\"Pressenza\" \/>\n<meta property=\"article:publisher\" content=\"https:\/\/www.facebook.com\/PressenzaItalia\" \/>\n<meta property=\"article:published_time\" content=\"2020-08-04T15:16:06+00:00\" \/>\n<meta property=\"article:modified_time\" content=\"2020-08-04T22:30:40+00:00\" \/>\n<meta property=\"og:image\" content=\"https:\/\/www.pressenza.com\/wp-content\/uploads\/2020\/08\/child-labour-Imagen-de-WikiImages-en-Pixabay.jpg\" \/>\n\t<meta property=\"og:image:width\" content=\"640\" \/>\n\t<meta property=\"og:image:height\" content=\"433\" \/>\n\t<meta property=\"og:image:type\" content=\"image\/jpeg\" \/>\n<meta name=\"author\" content=\"Juana P\u00e9rez Montero\" \/>\n<meta name=\"twitter:card\" content=\"summary_large_image\" \/>\n<meta name=\"twitter:creator\" content=\"@PressenzaIPA\" \/>\n<meta name=\"twitter:site\" content=\"@PressenzaIPA\" \/>\n<meta name=\"twitter:label1\" content=\"Escrito por\" \/>\n\t<meta name=\"twitter:data1\" content=\"Juana P\u00e9rez Montero\" \/>\n\t<meta name=\"twitter:label2\" content=\"Tiempo de lectura\" \/>\n\t<meta name=\"twitter:data2\" content=\"7 minutos\" \/>\n<script type=\"application\/ld+json\" class=\"yoast-schema-graph\">{\"@context\":\"https:\/\/schema.org\",\"@graph\":[{\"@type\":\"Article\",\"@id\":\"https:\/\/www.pressenza.com\/es\/2020\/08\/por-que-la-renta-basica-universal-debe-ser-considerada-un-derecho-humano\/#article\",\"isPartOf\":{\"@id\":\"https:\/\/www.pressenza.com\/es\/2020\/08\/por-que-la-renta-basica-universal-debe-ser-considerada-un-derecho-humano\/\"},\"author\":{\"name\":\"Juana P\u00e9rez Montero\",\"@id\":\"https:\/\/www.pressenza.com\/es\/#\/schema\/person\/606cbea0307458f18c06dd6b1ec227ec\"},\"headline\":\"\u00bfPor qu\u00e9 la Renta B\u00e1sica Universal debe ser considerada un Derecho Humano?\",\"datePublished\":\"2020-08-04T15:16:06+00:00\",\"dateModified\":\"2020-08-04T22:30:40+00:00\",\"mainEntityOfPage\":{\"@id\":\"https:\/\/www.pressenza.com\/es\/2020\/08\/por-que-la-renta-basica-universal-debe-ser-considerada-un-derecho-humano\/\"},\"wordCount\":1512,\"publisher\":{\"@id\":\"https:\/\/www.pressenza.com\/es\/#organization\"},\"image\":{\"@id\":\"https:\/\/www.pressenza.com\/es\/2020\/08\/por-que-la-renta-basica-universal-debe-ser-considerada-un-derecho-humano\/#primaryimage\"},\"thumbnailUrl\":\"https:\/\/www.pressenza.com\/wp-content\/uploads\/2020\/08\/child-labour-Imagen-de-WikiImages-en-Pixabay.jpg\",\"keywords\":[\"Derechos humanos\",\"empleo infantil\",\"mujer\",\"NI\u00d1OS\",\"Red Humanista por la Renta B\u00e1sica Universal\",\"Renta B\u00e1sica Universal e Incondicional\",\"trabajo de cuidados\"],\"articleSection\":[\"Contenido Original\",\"Derechos Humanos\",\"Opiniones\"],\"inLanguage\":\"es\"},{\"@type\":\"WebPage\",\"@id\":\"https:\/\/www.pressenza.com\/es\/2020\/08\/por-que-la-renta-basica-universal-debe-ser-considerada-un-derecho-humano\/\",\"url\":\"https:\/\/www.pressenza.com\/es\/2020\/08\/por-que-la-renta-basica-universal-debe-ser-considerada-un-derecho-humano\/\",\"name\":\"\u00bfPor qu\u00e9 la Renta B\u00e1sica Universal debe ser considerada un Derecho Humano?\",\"isPartOf\":{\"@id\":\"https:\/\/www.pressenza.com\/es\/#website\"},\"primaryImageOfPage\":{\"@id\":\"https:\/\/www.pressenza.com\/es\/2020\/08\/por-que-la-renta-basica-universal-debe-ser-considerada-un-derecho-humano\/#primaryimage\"},\"image\":{\"@id\":\"https:\/\/www.pressenza.com\/es\/2020\/08\/por-que-la-renta-basica-universal-debe-ser-considerada-un-derecho-humano\/#primaryimage\"},\"thumbnailUrl\":\"https:\/\/www.pressenza.com\/wp-content\/uploads\/2020\/08\/child-labour-Imagen-de-WikiImages-en-Pixabay.jpg\",\"datePublished\":\"2020-08-04T15:16:06+00:00\",\"dateModified\":\"2020-08-04T22:30:40+00:00\",\"description\":\"Porque asegurar\u00eda lo m\u00e1s b\u00e1sico: la subsistencia. Y ello tendr\u00eda enormes consecuencias f\u00edsicas, psicol\u00f3gicas... individuales y colectivas. Esta nota es la\",\"breadcrumb\":{\"@id\":\"https:\/\/www.pressenza.com\/es\/2020\/08\/por-que-la-renta-basica-universal-debe-ser-considerada-un-derecho-humano\/#breadcrumb\"},\"inLanguage\":\"es\",\"potentialAction\":[{\"@type\":\"ReadAction\",\"target\":[\"https:\/\/www.pressenza.com\/es\/2020\/08\/por-que-la-renta-basica-universal-debe-ser-considerada-un-derecho-humano\/\"]}]},{\"@type\":\"ImageObject\",\"inLanguage\":\"es\",\"@id\":\"https:\/\/www.pressenza.com\/es\/2020\/08\/por-que-la-renta-basica-universal-debe-ser-considerada-un-derecho-humano\/#primaryimage\",\"url\":\"https:\/\/www.pressenza.com\/wp-content\/uploads\/2020\/08\/child-labour-Imagen-de-WikiImages-en-Pixabay.jpg\",\"contentUrl\":\"https:\/\/www.pressenza.com\/wp-content\/uploads\/2020\/08\/child-labour-Imagen-de-WikiImages-en-Pixabay.jpg\",\"width\":640,\"height\":433,\"caption\":\"Esta realidad no est\u00e1 superada en una gran parte del planeta\"},{\"@type\":\"BreadcrumbList\",\"@id\":\"https:\/\/www.pressenza.com\/es\/2020\/08\/por-que-la-renta-basica-universal-debe-ser-considerada-un-derecho-humano\/#breadcrumb\",\"itemListElement\":[{\"@type\":\"ListItem\",\"position\":1,\"name\":\"Accueil\",\"item\":\"https:\/\/www.pressenza.com\/es\/\"},{\"@type\":\"ListItem\",\"position\":2,\"name\":\"\u00bfPor qu\u00e9 la Renta B\u00e1sica Universal debe ser considerada un Derecho Humano?\"}]},{\"@type\":\"WebSite\",\"@id\":\"https:\/\/www.pressenza.com\/es\/#website\",\"url\":\"https:\/\/www.pressenza.com\/es\/\",\"name\":\"Pressenza\",\"description\":\"International Press Agency\",\"publisher\":{\"@id\":\"https:\/\/www.pressenza.com\/es\/#organization\"},\"potentialAction\":[{\"@type\":\"SearchAction\",\"target\":{\"@type\":\"EntryPoint\",\"urlTemplate\":\"https:\/\/www.pressenza.com\/es\/?s={search_term_string}\"},\"query-input\":{\"@type\":\"PropertyValueSpecification\",\"valueRequired\":true,\"valueName\":\"search_term_string\"}}],\"inLanguage\":\"es\"},{\"@type\":\"Organization\",\"@id\":\"https:\/\/www.pressenza.com\/es\/#organization\",\"name\":\"Pressenza\",\"url\":\"https:\/\/www.pressenza.com\/es\/\",\"logo\":{\"@type\":\"ImageObject\",\"inLanguage\":\"es\",\"@id\":\"https:\/\/www.pressenza.com\/es\/#\/schema\/logo\/image\/\",\"url\":\"https:\/\/www.pressenza.com\/wp-content\/uploads\/2022\/10\/pressenza_logo_200x200.jpg\",\"contentUrl\":\"https:\/\/www.pressenza.com\/wp-content\/uploads\/2022\/10\/pressenza_logo_200x200.jpg\",\"width\":200,\"height\":200,\"caption\":\"Pressenza\"},\"image\":{\"@id\":\"https:\/\/www.pressenza.com\/es\/#\/schema\/logo\/image\/\"},\"sameAs\":[\"https:\/\/www.facebook.com\/PressenzaItalia\",\"https:\/\/x.com\/PressenzaIPA\"]},{\"@type\":\"Person\",\"@id\":\"https:\/\/www.pressenza.com\/es\/#\/schema\/person\/606cbea0307458f18c06dd6b1ec227ec\",\"name\":\"Juana P\u00e9rez Montero\",\"description\":\"Juana P\u00e9rez Montero es periodista y activista humanista.\",\"url\":\"https:\/\/www.pressenza.com\/es\/author\/juana-perez-montero\/\"}]}<\/script>\n<!-- \/ Yoast SEO plugin. -->","yoast_head_json":{"title":"\u00bfPor qu\u00e9 la Renta B\u00e1sica Universal debe ser considerada un Derecho Humano?","description":"Porque asegurar\u00eda lo m\u00e1s b\u00e1sico: la subsistencia. Y ello tendr\u00eda enormes consecuencias f\u00edsicas, psicol\u00f3gicas... individuales y colectivas. Esta nota es la","robots":{"index":"index","follow":"follow","max-snippet":"max-snippet:-1","max-image-preview":"max-image-preview:large","max-video-preview":"max-video-preview:-1"},"canonical":"https:\/\/www.pressenza.com\/es\/2020\/08\/por-que-la-renta-basica-universal-debe-ser-considerada-un-derecho-humano\/","og_locale":"es_ES","og_type":"article","og_title":"\u00bfPor qu\u00e9 la Renta B\u00e1sica Universal debe ser considerada un Derecho Humano?","og_description":"Porque asegurar\u00eda lo m\u00e1s b\u00e1sico: la subsistencia. Y ello tendr\u00eda enormes consecuencias f\u00edsicas, psicol\u00f3gicas... individuales y colectivas. Esta nota es la","og_url":"https:\/\/www.pressenza.com\/es\/2020\/08\/por-que-la-renta-basica-universal-debe-ser-considerada-un-derecho-humano\/","og_site_name":"Pressenza","article_publisher":"https:\/\/www.facebook.com\/PressenzaItalia","article_published_time":"2020-08-04T15:16:06+00:00","article_modified_time":"2020-08-04T22:30:40+00:00","og_image":[{"width":640,"height":433,"url":"https:\/\/www.pressenza.com\/wp-content\/uploads\/2020\/08\/child-labour-Imagen-de-WikiImages-en-Pixabay.jpg","type":"image\/jpeg"}],"author":"Juana P\u00e9rez Montero","twitter_card":"summary_large_image","twitter_creator":"@PressenzaIPA","twitter_site":"@PressenzaIPA","twitter_misc":{"Escrito por":"Juana P\u00e9rez Montero","Tiempo de lectura":"7 minutos"},"schema":{"@context":"https:\/\/schema.org","@graph":[{"@type":"Article","@id":"https:\/\/www.pressenza.com\/es\/2020\/08\/por-que-la-renta-basica-universal-debe-ser-considerada-un-derecho-humano\/#article","isPartOf":{"@id":"https:\/\/www.pressenza.com\/es\/2020\/08\/por-que-la-renta-basica-universal-debe-ser-considerada-un-derecho-humano\/"},"author":{"name":"Juana P\u00e9rez Montero","@id":"https:\/\/www.pressenza.com\/es\/#\/schema\/person\/606cbea0307458f18c06dd6b1ec227ec"},"headline":"\u00bfPor qu\u00e9 la Renta B\u00e1sica Universal debe ser considerada un Derecho Humano?","datePublished":"2020-08-04T15:16:06+00:00","dateModified":"2020-08-04T22:30:40+00:00","mainEntityOfPage":{"@id":"https:\/\/www.pressenza.com\/es\/2020\/08\/por-que-la-renta-basica-universal-debe-ser-considerada-un-derecho-humano\/"},"wordCount":1512,"publisher":{"@id":"https:\/\/www.pressenza.com\/es\/#organization"},"image":{"@id":"https:\/\/www.pressenza.com\/es\/2020\/08\/por-que-la-renta-basica-universal-debe-ser-considerada-un-derecho-humano\/#primaryimage"},"thumbnailUrl":"https:\/\/www.pressenza.com\/wp-content\/uploads\/2020\/08\/child-labour-Imagen-de-WikiImages-en-Pixabay.jpg","keywords":["Derechos humanos","empleo infantil","mujer","NI\u00d1OS","Red Humanista por la Renta B\u00e1sica Universal","Renta B\u00e1sica Universal e Incondicional","trabajo de cuidados"],"articleSection":["Contenido Original","Derechos Humanos","Opiniones"],"inLanguage":"es"},{"@type":"WebPage","@id":"https:\/\/www.pressenza.com\/es\/2020\/08\/por-que-la-renta-basica-universal-debe-ser-considerada-un-derecho-humano\/","url":"https:\/\/www.pressenza.com\/es\/2020\/08\/por-que-la-renta-basica-universal-debe-ser-considerada-un-derecho-humano\/","name":"\u00bfPor qu\u00e9 la Renta B\u00e1sica Universal debe ser considerada un Derecho Humano?","isPartOf":{"@id":"https:\/\/www.pressenza.com\/es\/#website"},"primaryImageOfPage":{"@id":"https:\/\/www.pressenza.com\/es\/2020\/08\/por-que-la-renta-basica-universal-debe-ser-considerada-un-derecho-humano\/#primaryimage"},"image":{"@id":"https:\/\/www.pressenza.com\/es\/2020\/08\/por-que-la-renta-basica-universal-debe-ser-considerada-un-derecho-humano\/#primaryimage"},"thumbnailUrl":"https:\/\/www.pressenza.com\/wp-content\/uploads\/2020\/08\/child-labour-Imagen-de-WikiImages-en-Pixabay.jpg","datePublished":"2020-08-04T15:16:06+00:00","dateModified":"2020-08-04T22:30:40+00:00","description":"Porque asegurar\u00eda lo m\u00e1s b\u00e1sico: la subsistencia. Y ello tendr\u00eda enormes consecuencias f\u00edsicas, psicol\u00f3gicas... individuales y colectivas. Esta nota es la","breadcrumb":{"@id":"https:\/\/www.pressenza.com\/es\/2020\/08\/por-que-la-renta-basica-universal-debe-ser-considerada-un-derecho-humano\/#breadcrumb"},"inLanguage":"es","potentialAction":[{"@type":"ReadAction","target":["https:\/\/www.pressenza.com\/es\/2020\/08\/por-que-la-renta-basica-universal-debe-ser-considerada-un-derecho-humano\/"]}]},{"@type":"ImageObject","inLanguage":"es","@id":"https:\/\/www.pressenza.com\/es\/2020\/08\/por-que-la-renta-basica-universal-debe-ser-considerada-un-derecho-humano\/#primaryimage","url":"https:\/\/www.pressenza.com\/wp-content\/uploads\/2020\/08\/child-labour-Imagen-de-WikiImages-en-Pixabay.jpg","contentUrl":"https:\/\/www.pressenza.com\/wp-content\/uploads\/2020\/08\/child-labour-Imagen-de-WikiImages-en-Pixabay.jpg","width":640,"height":433,"caption":"Esta realidad no est\u00e1 superada en una gran parte del planeta"},{"@type":"BreadcrumbList","@id":"https:\/\/www.pressenza.com\/es\/2020\/08\/por-que-la-renta-basica-universal-debe-ser-considerada-un-derecho-humano\/#breadcrumb","itemListElement":[{"@type":"ListItem","position":1,"name":"Accueil","item":"https:\/\/www.pressenza.com\/es\/"},{"@type":"ListItem","position":2,"name":"\u00bfPor qu\u00e9 la Renta B\u00e1sica Universal debe ser considerada un Derecho Humano?"}]},{"@type":"WebSite","@id":"https:\/\/www.pressenza.com\/es\/#website","url":"https:\/\/www.pressenza.com\/es\/","name":"Pressenza","description":"International Press Agency","publisher":{"@id":"https:\/\/www.pressenza.com\/es\/#organization"},"potentialAction":[{"@type":"SearchAction","target":{"@type":"EntryPoint","urlTemplate":"https:\/\/www.pressenza.com\/es\/?s={search_term_string}"},"query-input":{"@type":"PropertyValueSpecification","valueRequired":true,"valueName":"search_term_string"}}],"inLanguage":"es"},{"@type":"Organization","@id":"https:\/\/www.pressenza.com\/es\/#organization","name":"Pressenza","url":"https:\/\/www.pressenza.com\/es\/","logo":{"@type":"ImageObject","inLanguage":"es","@id":"https:\/\/www.pressenza.com\/es\/#\/schema\/logo\/image\/","url":"https:\/\/www.pressenza.com\/wp-content\/uploads\/2022\/10\/pressenza_logo_200x200.jpg","contentUrl":"https:\/\/www.pressenza.com\/wp-content\/uploads\/2022\/10\/pressenza_logo_200x200.jpg","width":200,"height":200,"caption":"Pressenza"},"image":{"@id":"https:\/\/www.pressenza.com\/es\/#\/schema\/logo\/image\/"},"sameAs":["https:\/\/www.facebook.com\/PressenzaItalia","https:\/\/x.com\/PressenzaIPA"]},{"@type":"Person","@id":"https:\/\/www.pressenza.com\/es\/#\/schema\/person\/606cbea0307458f18c06dd6b1ec227ec","name":"Juana P\u00e9rez Montero","description":"Juana P\u00e9rez Montero es periodista y activista humanista.","url":"https:\/\/www.pressenza.com\/es\/author\/juana-perez-montero\/"}]}},"place":"Madrid (Espa\u00f1a)","original_article_url":"","_links":{"self":[{"href":"https:\/\/www.pressenza.com\/es\/wp-json\/wp\/v2\/posts\/1169948","targetHints":{"allow":["GET"]}}],"collection":[{"href":"https:\/\/www.pressenza.com\/es\/wp-json\/wp\/v2\/posts"}],"about":[{"href":"https:\/\/www.pressenza.com\/es\/wp-json\/wp\/v2\/types\/post"}],"author":[{"embeddable":true,"href":"https:\/\/www.pressenza.com\/es\/wp-json\/wp\/v2\/users\/1561"}],"replies":[{"embeddable":true,"href":"https:\/\/www.pressenza.com\/es\/wp-json\/wp\/v2\/comments?post=1169948"}],"version-history":[{"count":0,"href":"https:\/\/www.pressenza.com\/es\/wp-json\/wp\/v2\/posts\/1169948\/revisions"}],"wp:featuredmedia":[{"embeddable":true,"href":"https:\/\/www.pressenza.com\/es\/wp-json\/wp\/v2\/media\/1172648"}],"wp:attachment":[{"href":"https:\/\/www.pressenza.com\/es\/wp-json\/wp\/v2\/media?parent=1169948"}],"wp:term":[{"taxonomy":"category","embeddable":true,"href":"https:\/\/www.pressenza.com\/es\/wp-json\/wp\/v2\/categories?post=1169948"},{"taxonomy":"post_tag","embeddable":true,"href":"https:\/\/www.pressenza.com\/es\/wp-json\/wp\/v2\/tags?post=1169948"}],"curies":[{"name":"wp","href":"https:\/\/api.w.org\/{rel}","templated":true}]}}