{"id":1169349,"date":"2020-07-30T19:43:33","date_gmt":"2020-07-30T18:43:33","guid":{"rendered":"https:\/\/www.pressenza.com\/?p=1169349"},"modified":"2020-07-30T19:43:33","modified_gmt":"2020-07-30T18:43:33","slug":"estela-de-carlotto-facundo-es-un-desaparecido-en-democracia","status":"publish","type":"post","link":"https:\/\/www.pressenza.com\/es\/2020\/07\/estela-de-carlotto-facundo-es-un-desaparecido-en-democracia\/","title":{"rendered":"Estela de Carlotto: \u00abFacundo es un desaparecido en democracia\u00bb"},"content":{"rendered":"<p><em>Por<strong> Estela de Carlotto, Abuela de Plaza de Mayo\/La Poderosa<\/strong><\/em><\/p>\n<p>&nbsp;<\/p>\n<p>Cuando hablamos de Facundo, hablamos de un desaparecido en democracia desde hace 3 meses, una desaparici\u00f3n forzada de persona. Hay muchos lugares en los que la Polic\u00eda todav\u00eda mantiene actitudes de la dictadura y hasta ahora no se sabe d\u00f3nde est\u00e1 Facundo. Los organismos de Derechos Humanos \u00edbamos a darles charlas a los cadetes de todas las fuerzas, a hablarles de derechos, comportamientos y de c\u00f3mo ellos deben defendernos y no agraviarnos. Los polic\u00edas deben confesar, deben dar toda la informaci\u00f3n que tienen para que sepamos d\u00f3nde est\u00e1 Facundo. Hoy hay que buscarlo, a pesar de otro impedimento grande: nosotras estamos cuestionando al fiscal que lleva la investigaci\u00f3n adelante porque es corrupto, durante nuestras causas se ha encargado de defender a las personas implicadas en los secuestros de nuestros hijos.<\/p>\n<p>Hemos tenido una reuni\u00f3n virtual con Cristina, la mam\u00e1 de Facundo, una se\u00f1ora tierna, sufrida pero valiente; nosotras, que ya llevamos m\u00e1s de 40 a\u00f1os de lucha, sabemos lo bueno que es sentirnos acompa\u00f1adas. En otras oportunidades vamos al lugar del hecho al instante, para que ese abrazo no sea virtual, pero esta pandemia nos obliga a estar recluidas para salvar vidas, las nuestras y las de otros. Le ofrecimos nuestro abrazo, le expresamos nuestra adhesi\u00f3n y solidaridad, lo que cada organismo puede dar, como abogados, psic\u00f3logos, el acompa\u00f1amiento virtual para visibilizarlo en la prensa y dem\u00e1s. Desgraciadamente, la televisi\u00f3n y algunos peri\u00f3dicos miran al rev\u00e9s de donde deben mirar.<\/p>\n<p>En Abuelas de Plaza de Mayo no estamos de vacaciones; no debemos callarnos ni quedarnos quietas, siempre en los medios para que escuchen la consigna de que no vamos a bajar los brazos hasta que los asesinos de la \u00faltima dictadura c\u00edvico militar est\u00e9n en la c\u00e1rcel. Le debemos seguir dando fuerzas a la mam\u00e1 de Facundo, para que con el dolor encima y con la palabra justa, no se entregue. Porque es imperdonable que alguien haga desaparecer a un jovencito que estaba caminando para llegar a la casa de su ex novia, y nunca lleg\u00f3.<\/p>\n","protected":false},"excerpt":{"rendered":"<p>Por Estela de Carlotto, Abuela de Plaza de Mayo\/La Poderosa &nbsp; Cuando hablamos de Facundo, hablamos de un desaparecido en democracia desde hace 3 meses, una desaparici\u00f3n forzada de persona. Hay muchos lugares en los que la Polic\u00eda todav\u00eda mantiene&hellip;<\/p>\n","protected":false},"author":1254,"featured_media":1169350,"comment_status":"closed","ping_status":"closed","sticky":false,"template":"","format":"standard","meta":{"footnotes":""},"categories":[79,161,67],"tags":[1028,696,6903,79526,79527,16058],"class_list":["post-1169349","post","type-post","status-publish","format-standard","has-post-thumbnail","hentry","category-derechos-humanos","category-opiniones","category-sudamerica","tag-abuelas-de-plaza-de-mayo","tag-democracia","tag-desaparecidos-es","tag-facundo","tag-facundo-astudillo","tag-policia-es"],"yoast_head":"<!-- This site is optimized with the Yoast SEO plugin v27.1.1 - https:\/\/yoast.com\/product\/yoast-seo-wordpress\/ -->\n<title>Estela de Carlotto: &quot;Facundo es un desaparecido en democracia&quot;<\/title>\n<meta name=\"description\" content=\"Por Estela de Carlotto, Abuela de Plaza de Mayo\/La Poderosa &nbsp; Cuando hablamos de Facundo, hablamos de un desaparecido en democracia desde hace 3\" \/>\n<meta name=\"robots\" content=\"index, follow, max-snippet:-1, max-image-preview:large, max-video-preview:-1\" \/>\n<link rel=\"canonical\" href=\"https:\/\/www.pressenza.com\/es\/2020\/07\/estela-de-carlotto-facundo-es-un-desaparecido-en-democracia\/\" \/>\n<meta property=\"og:locale\" content=\"es_ES\" \/>\n<meta property=\"og:type\" content=\"article\" \/>\n<meta property=\"og:title\" content=\"Estela de Carlotto: &quot;Facundo es un desaparecido en democracia&quot;\" \/>\n<meta property=\"og:description\" content=\"Por Estela de Carlotto, Abuela de Plaza de Mayo\/La Poderosa &nbsp; Cuando hablamos de Facundo, hablamos de un desaparecido en democracia desde hace 3\" \/>\n<meta property=\"og:url\" content=\"https:\/\/www.pressenza.com\/es\/2020\/07\/estela-de-carlotto-facundo-es-un-desaparecido-en-democracia\/\" \/>\n<meta property=\"og:site_name\" content=\"Pressenza\" \/>\n<meta property=\"article:publisher\" content=\"https:\/\/www.facebook.com\/PressenzaItalia\" \/>\n<meta property=\"article:author\" content=\"https:\/\/www.facebook.com\/pressenza\" \/>\n<meta property=\"article:published_time\" content=\"2020-07-30T18:43:33+00:00\" \/>\n<meta property=\"og:image\" content=\"https:\/\/www.pressenza.com\/wp-content\/uploads\/2020\/07\/Estela-de-Carlotto-Lapoderosa.jpg\" \/>\n\t<meta property=\"og:image:width\" content=\"960\" \/>\n\t<meta property=\"og:image:height\" content=\"960\" \/>\n\t<meta property=\"og:image:type\" content=\"image\/jpeg\" \/>\n<meta name=\"author\" content=\"Redacci\u00f3n Mar del Plata\" \/>\n<meta name=\"twitter:card\" content=\"summary_large_image\" \/>\n<meta name=\"twitter:creator\" content=\"@Pressenza\" \/>\n<meta name=\"twitter:site\" content=\"@PressenzaIPA\" \/>\n<meta name=\"twitter:label1\" content=\"Escrito por\" \/>\n\t<meta name=\"twitter:data1\" content=\"Redacci\u00f3n Mar del Plata\" \/>\n\t<meta name=\"twitter:label2\" content=\"Tiempo de lectura\" \/>\n\t<meta name=\"twitter:data2\" content=\"2 minutos\" \/>\n<script type=\"application\/ld+json\" class=\"yoast-schema-graph\">{\"@context\":\"https:\/\/schema.org\",\"@graph\":[{\"@type\":\"Article\",\"@id\":\"https:\/\/www.pressenza.com\/es\/2020\/07\/estela-de-carlotto-facundo-es-un-desaparecido-en-democracia\/#article\",\"isPartOf\":{\"@id\":\"https:\/\/www.pressenza.com\/es\/2020\/07\/estela-de-carlotto-facundo-es-un-desaparecido-en-democracia\/\"},\"author\":{\"name\":\"Redacci\u00f3n Mar del Plata\",\"@id\":\"https:\/\/www.pressenza.com\/es\/#\/schema\/person\/738658b5125ecea661a8a0b96dba8b69\"},\"headline\":\"Estela de Carlotto: \u00abFacundo es un desaparecido en democracia\u00bb\",\"datePublished\":\"2020-07-30T18:43:33+00:00\",\"mainEntityOfPage\":{\"@id\":\"https:\/\/www.pressenza.com\/es\/2020\/07\/estela-de-carlotto-facundo-es-un-desaparecido-en-democracia\/\"},\"wordCount\":379,\"publisher\":{\"@id\":\"https:\/\/www.pressenza.com\/es\/#organization\"},\"image\":{\"@id\":\"https:\/\/www.pressenza.com\/es\/2020\/07\/estela-de-carlotto-facundo-es-un-desaparecido-en-democracia\/#primaryimage\"},\"thumbnailUrl\":\"https:\/\/www.pressenza.com\/wp-content\/uploads\/2020\/07\/Estela-de-Carlotto-Lapoderosa.jpg\",\"keywords\":[\"Abuelas de Plaza de Mayo\",\"Democracia\",\"desaparecidos\",\"Facundo\",\"Facundo Astudillo\",\"policia\"],\"articleSection\":[\"Derechos Humanos\",\"Opiniones\",\"Sudam\u00e9rica\"],\"inLanguage\":\"es\"},{\"@type\":\"WebPage\",\"@id\":\"https:\/\/www.pressenza.com\/es\/2020\/07\/estela-de-carlotto-facundo-es-un-desaparecido-en-democracia\/\",\"url\":\"https:\/\/www.pressenza.com\/es\/2020\/07\/estela-de-carlotto-facundo-es-un-desaparecido-en-democracia\/\",\"name\":\"Estela de Carlotto: \\\"Facundo es un desaparecido en democracia\\\"\",\"isPartOf\":{\"@id\":\"https:\/\/www.pressenza.com\/es\/#website\"},\"primaryImageOfPage\":{\"@id\":\"https:\/\/www.pressenza.com\/es\/2020\/07\/estela-de-carlotto-facundo-es-un-desaparecido-en-democracia\/#primaryimage\"},\"image\":{\"@id\":\"https:\/\/www.pressenza.com\/es\/2020\/07\/estela-de-carlotto-facundo-es-un-desaparecido-en-democracia\/#primaryimage\"},\"thumbnailUrl\":\"https:\/\/www.pressenza.com\/wp-content\/uploads\/2020\/07\/Estela-de-Carlotto-Lapoderosa.jpg\",\"datePublished\":\"2020-07-30T18:43:33+00:00\",\"description\":\"Por Estela de Carlotto, Abuela de Plaza de Mayo\/La Poderosa &nbsp; Cuando hablamos de Facundo, hablamos de un desaparecido en democracia desde hace 3\",\"breadcrumb\":{\"@id\":\"https:\/\/www.pressenza.com\/es\/2020\/07\/estela-de-carlotto-facundo-es-un-desaparecido-en-democracia\/#breadcrumb\"},\"inLanguage\":\"es\",\"potentialAction\":[{\"@type\":\"ReadAction\",\"target\":[\"https:\/\/www.pressenza.com\/es\/2020\/07\/estela-de-carlotto-facundo-es-un-desaparecido-en-democracia\/\"]}]},{\"@type\":\"ImageObject\",\"inLanguage\":\"es\",\"@id\":\"https:\/\/www.pressenza.com\/es\/2020\/07\/estela-de-carlotto-facundo-es-un-desaparecido-en-democracia\/#primaryimage\",\"url\":\"https:\/\/www.pressenza.com\/wp-content\/uploads\/2020\/07\/Estela-de-Carlotto-Lapoderosa.jpg\",\"contentUrl\":\"https:\/\/www.pressenza.com\/wp-content\/uploads\/2020\/07\/Estela-de-Carlotto-Lapoderosa.jpg\",\"width\":960,\"height\":960},{\"@type\":\"BreadcrumbList\",\"@id\":\"https:\/\/www.pressenza.com\/es\/2020\/07\/estela-de-carlotto-facundo-es-un-desaparecido-en-democracia\/#breadcrumb\",\"itemListElement\":[{\"@type\":\"ListItem\",\"position\":1,\"name\":\"Accueil\",\"item\":\"https:\/\/www.pressenza.com\/es\/\"},{\"@type\":\"ListItem\",\"position\":2,\"name\":\"Estela de Carlotto: \u00abFacundo es un desaparecido en democracia\u00bb\"}]},{\"@type\":\"WebSite\",\"@id\":\"https:\/\/www.pressenza.com\/es\/#website\",\"url\":\"https:\/\/www.pressenza.com\/es\/\",\"name\":\"Pressenza\",\"description\":\"International Press Agency\",\"publisher\":{\"@id\":\"https:\/\/www.pressenza.com\/es\/#organization\"},\"potentialAction\":[{\"@type\":\"SearchAction\",\"target\":{\"@type\":\"EntryPoint\",\"urlTemplate\":\"https:\/\/www.pressenza.com\/es\/?s={search_term_string}\"},\"query-input\":{\"@type\":\"PropertyValueSpecification\",\"valueRequired\":true,\"valueName\":\"search_term_string\"}}],\"inLanguage\":\"es\"},{\"@type\":\"Organization\",\"@id\":\"https:\/\/www.pressenza.com\/es\/#organization\",\"name\":\"Pressenza\",\"url\":\"https:\/\/www.pressenza.com\/es\/\",\"logo\":{\"@type\":\"ImageObject\",\"inLanguage\":\"es\",\"@id\":\"https:\/\/www.pressenza.com\/es\/#\/schema\/logo\/image\/\",\"url\":\"https:\/\/www.pressenza.com\/wp-content\/uploads\/2022\/10\/pressenza_logo_200x200.jpg\",\"contentUrl\":\"https:\/\/www.pressenza.com\/wp-content\/uploads\/2022\/10\/pressenza_logo_200x200.jpg\",\"width\":200,\"height\":200,\"caption\":\"Pressenza\"},\"image\":{\"@id\":\"https:\/\/www.pressenza.com\/es\/#\/schema\/logo\/image\/\"},\"sameAs\":[\"https:\/\/www.facebook.com\/PressenzaItalia\",\"https:\/\/x.com\/PressenzaIPA\"]},{\"@type\":\"Person\",\"@id\":\"https:\/\/www.pressenza.com\/es\/#\/schema\/person\/738658b5125ecea661a8a0b96dba8b69\",\"name\":\"Redacci\u00f3n Mar del Plata\",\"description\":\"News published by the Pressenza bureau in Mar Del Plata, Argentina\",\"sameAs\":[\"https:\/\/www.facebook.com\/pressenza\",\"https:\/\/x.com\/Pressenza\"],\"url\":\"https:\/\/www.pressenza.com\/es\/author\/redaccion-mar-del-plata\/\"}]}<\/script>\n<!-- \/ Yoast SEO plugin. -->","yoast_head_json":{"title":"Estela de Carlotto: \"Facundo es un desaparecido en democracia\"","description":"Por Estela de Carlotto, Abuela de Plaza de Mayo\/La Poderosa &nbsp; Cuando hablamos de Facundo, hablamos de un desaparecido en democracia desde hace 3","robots":{"index":"index","follow":"follow","max-snippet":"max-snippet:-1","max-image-preview":"max-image-preview:large","max-video-preview":"max-video-preview:-1"},"canonical":"https:\/\/www.pressenza.com\/es\/2020\/07\/estela-de-carlotto-facundo-es-un-desaparecido-en-democracia\/","og_locale":"es_ES","og_type":"article","og_title":"Estela de Carlotto: \"Facundo es un desaparecido en democracia\"","og_description":"Por Estela de Carlotto, Abuela de Plaza de Mayo\/La Poderosa &nbsp; Cuando hablamos de Facundo, hablamos de un desaparecido en democracia desde hace 3","og_url":"https:\/\/www.pressenza.com\/es\/2020\/07\/estela-de-carlotto-facundo-es-un-desaparecido-en-democracia\/","og_site_name":"Pressenza","article_publisher":"https:\/\/www.facebook.com\/PressenzaItalia","article_author":"https:\/\/www.facebook.com\/pressenza","article_published_time":"2020-07-30T18:43:33+00:00","og_image":[{"width":960,"height":960,"url":"https:\/\/www.pressenza.com\/wp-content\/uploads\/2020\/07\/Estela-de-Carlotto-Lapoderosa.jpg","type":"image\/jpeg"}],"author":"Redacci\u00f3n Mar del Plata","twitter_card":"summary_large_image","twitter_creator":"@Pressenza","twitter_site":"@PressenzaIPA","twitter_misc":{"Escrito por":"Redacci\u00f3n Mar del Plata","Tiempo de lectura":"2 minutos"},"schema":{"@context":"https:\/\/schema.org","@graph":[{"@type":"Article","@id":"https:\/\/www.pressenza.com\/es\/2020\/07\/estela-de-carlotto-facundo-es-un-desaparecido-en-democracia\/#article","isPartOf":{"@id":"https:\/\/www.pressenza.com\/es\/2020\/07\/estela-de-carlotto-facundo-es-un-desaparecido-en-democracia\/"},"author":{"name":"Redacci\u00f3n Mar del Plata","@id":"https:\/\/www.pressenza.com\/es\/#\/schema\/person\/738658b5125ecea661a8a0b96dba8b69"},"headline":"Estela de Carlotto: \u00abFacundo es un desaparecido en democracia\u00bb","datePublished":"2020-07-30T18:43:33+00:00","mainEntityOfPage":{"@id":"https:\/\/www.pressenza.com\/es\/2020\/07\/estela-de-carlotto-facundo-es-un-desaparecido-en-democracia\/"},"wordCount":379,"publisher":{"@id":"https:\/\/www.pressenza.com\/es\/#organization"},"image":{"@id":"https:\/\/www.pressenza.com\/es\/2020\/07\/estela-de-carlotto-facundo-es-un-desaparecido-en-democracia\/#primaryimage"},"thumbnailUrl":"https:\/\/www.pressenza.com\/wp-content\/uploads\/2020\/07\/Estela-de-Carlotto-Lapoderosa.jpg","keywords":["Abuelas de Plaza de Mayo","Democracia","desaparecidos","Facundo","Facundo Astudillo","policia"],"articleSection":["Derechos Humanos","Opiniones","Sudam\u00e9rica"],"inLanguage":"es"},{"@type":"WebPage","@id":"https:\/\/www.pressenza.com\/es\/2020\/07\/estela-de-carlotto-facundo-es-un-desaparecido-en-democracia\/","url":"https:\/\/www.pressenza.com\/es\/2020\/07\/estela-de-carlotto-facundo-es-un-desaparecido-en-democracia\/","name":"Estela de Carlotto: \"Facundo es un desaparecido en democracia\"","isPartOf":{"@id":"https:\/\/www.pressenza.com\/es\/#website"},"primaryImageOfPage":{"@id":"https:\/\/www.pressenza.com\/es\/2020\/07\/estela-de-carlotto-facundo-es-un-desaparecido-en-democracia\/#primaryimage"},"image":{"@id":"https:\/\/www.pressenza.com\/es\/2020\/07\/estela-de-carlotto-facundo-es-un-desaparecido-en-democracia\/#primaryimage"},"thumbnailUrl":"https:\/\/www.pressenza.com\/wp-content\/uploads\/2020\/07\/Estela-de-Carlotto-Lapoderosa.jpg","datePublished":"2020-07-30T18:43:33+00:00","description":"Por Estela de Carlotto, Abuela de Plaza de Mayo\/La Poderosa &nbsp; Cuando hablamos de Facundo, hablamos de un desaparecido en democracia desde hace 3","breadcrumb":{"@id":"https:\/\/www.pressenza.com\/es\/2020\/07\/estela-de-carlotto-facundo-es-un-desaparecido-en-democracia\/#breadcrumb"},"inLanguage":"es","potentialAction":[{"@type":"ReadAction","target":["https:\/\/www.pressenza.com\/es\/2020\/07\/estela-de-carlotto-facundo-es-un-desaparecido-en-democracia\/"]}]},{"@type":"ImageObject","inLanguage":"es","@id":"https:\/\/www.pressenza.com\/es\/2020\/07\/estela-de-carlotto-facundo-es-un-desaparecido-en-democracia\/#primaryimage","url":"https:\/\/www.pressenza.com\/wp-content\/uploads\/2020\/07\/Estela-de-Carlotto-Lapoderosa.jpg","contentUrl":"https:\/\/www.pressenza.com\/wp-content\/uploads\/2020\/07\/Estela-de-Carlotto-Lapoderosa.jpg","width":960,"height":960},{"@type":"BreadcrumbList","@id":"https:\/\/www.pressenza.com\/es\/2020\/07\/estela-de-carlotto-facundo-es-un-desaparecido-en-democracia\/#breadcrumb","itemListElement":[{"@type":"ListItem","position":1,"name":"Accueil","item":"https:\/\/www.pressenza.com\/es\/"},{"@type":"ListItem","position":2,"name":"Estela de Carlotto: \u00abFacundo es un desaparecido en democracia\u00bb"}]},{"@type":"WebSite","@id":"https:\/\/www.pressenza.com\/es\/#website","url":"https:\/\/www.pressenza.com\/es\/","name":"Pressenza","description":"International Press Agency","publisher":{"@id":"https:\/\/www.pressenza.com\/es\/#organization"},"potentialAction":[{"@type":"SearchAction","target":{"@type":"EntryPoint","urlTemplate":"https:\/\/www.pressenza.com\/es\/?s={search_term_string}"},"query-input":{"@type":"PropertyValueSpecification","valueRequired":true,"valueName":"search_term_string"}}],"inLanguage":"es"},{"@type":"Organization","@id":"https:\/\/www.pressenza.com\/es\/#organization","name":"Pressenza","url":"https:\/\/www.pressenza.com\/es\/","logo":{"@type":"ImageObject","inLanguage":"es","@id":"https:\/\/www.pressenza.com\/es\/#\/schema\/logo\/image\/","url":"https:\/\/www.pressenza.com\/wp-content\/uploads\/2022\/10\/pressenza_logo_200x200.jpg","contentUrl":"https:\/\/www.pressenza.com\/wp-content\/uploads\/2022\/10\/pressenza_logo_200x200.jpg","width":200,"height":200,"caption":"Pressenza"},"image":{"@id":"https:\/\/www.pressenza.com\/es\/#\/schema\/logo\/image\/"},"sameAs":["https:\/\/www.facebook.com\/PressenzaItalia","https:\/\/x.com\/PressenzaIPA"]},{"@type":"Person","@id":"https:\/\/www.pressenza.com\/es\/#\/schema\/person\/738658b5125ecea661a8a0b96dba8b69","name":"Redacci\u00f3n Mar del Plata","description":"News published by the Pressenza bureau in Mar Del Plata, Argentina","sameAs":["https:\/\/www.facebook.com\/pressenza","https:\/\/x.com\/Pressenza"],"url":"https:\/\/www.pressenza.com\/es\/author\/redaccion-mar-del-plata\/"}]}},"place":"Ciudad de Buenos Aires. La Poderosa","original_article_url":"https:\/\/www.facebook.com\/gargantapodero\/","_links":{"self":[{"href":"https:\/\/www.pressenza.com\/es\/wp-json\/wp\/v2\/posts\/1169349","targetHints":{"allow":["GET"]}}],"collection":[{"href":"https:\/\/www.pressenza.com\/es\/wp-json\/wp\/v2\/posts"}],"about":[{"href":"https:\/\/www.pressenza.com\/es\/wp-json\/wp\/v2\/types\/post"}],"author":[{"embeddable":true,"href":"https:\/\/www.pressenza.com\/es\/wp-json\/wp\/v2\/users\/1254"}],"replies":[{"embeddable":true,"href":"https:\/\/www.pressenza.com\/es\/wp-json\/wp\/v2\/comments?post=1169349"}],"version-history":[{"count":0,"href":"https:\/\/www.pressenza.com\/es\/wp-json\/wp\/v2\/posts\/1169349\/revisions"}],"wp:featuredmedia":[{"embeddable":true,"href":"https:\/\/www.pressenza.com\/es\/wp-json\/wp\/v2\/media\/1169350"}],"wp:attachment":[{"href":"https:\/\/www.pressenza.com\/es\/wp-json\/wp\/v2\/media?parent=1169349"}],"wp:term":[{"taxonomy":"category","embeddable":true,"href":"https:\/\/www.pressenza.com\/es\/wp-json\/wp\/v2\/categories?post=1169349"},{"taxonomy":"post_tag","embeddable":true,"href":"https:\/\/www.pressenza.com\/es\/wp-json\/wp\/v2\/tags?post=1169349"}],"curies":[{"name":"wp","href":"https:\/\/api.w.org\/{rel}","templated":true}]}}