{"id":1168343,"date":"2020-07-29T00:24:31","date_gmt":"2020-07-28T23:24:31","guid":{"rendered":"https:\/\/www.pressenza.com\/?p=1168343"},"modified":"2020-07-29T00:24:31","modified_gmt":"2020-07-28T23:24:31","slug":"david-choquehuanca-en-radio-grafica-el-pueblo-boliviano-ha-perdido-el-miedo","status":"publish","type":"post","link":"https:\/\/www.pressenza.com\/es\/2020\/07\/david-choquehuanca-en-radio-grafica-el-pueblo-boliviano-ha-perdido-el-miedo\/","title":{"rendered":"David Choquehuanca en Radio Gr\u00e1fica: \u201cEl pueblo boliviano ha perdido el miedo\u201d"},"content":{"rendered":"<p class=\"jeg_post_subtitle\"><em>El candidato a vicepresidente de Bolivia, a fondo sobre las pr\u00f3ximas elecciones que pueden poner fin a la dictadura<\/em><\/p>\n<p><iframe loading=\"lazy\" src=\"\/\/ar.radiocut.fm\/audiocut\/embed\/mini\/entrevista-a-fondo-a-david-choquehuanca\/\" width=\"100%\" height=\"65px\" frameborder=\"no\" scrolling=\"no\"><\/iframe><\/p>\n<div class=\"intro-text\">\n<p>David Choquehuanca, candidato a vicepresidente del Estado Plurinacional de Bolivia por el MAS-IPSP, habl\u00f3 en\u00a0<span class=\"highlight\">Radio Gr\u00e1fica<\/span>\u00a0sobre la compleja situaci\u00f3n que atraviesa el vecino pa\u00eds, donde las elecciones fueron nuevamente postergadas el Tribunal Supremo Electoral (TSE).<\/p>\n<\/div>\n<p>En un extenso di\u00e1logo con Lucas Molinari, el hombre que acompa\u00f1a a\u00a0Luis Arce Catacora en la f\u00f3rmula impulsada por el derrocado Evo Morales Ayma, habl\u00f3 de c\u00f3mo el pueblo boliviano se organiza frente al golpe de estado que desde el 12 de noviembre de 2019 sostiene a\u00a0Jeanine \u00c1\u00f1ez\u00a0como presidenta autoproclamada. Anticip\u00f3 que este martes 28 y toda la semana habr\u00e1 manifestaciones para rechazar el cambio de fecha de los comicios que, por ley, deben realizarse el 6 de septiembre.<\/p>\n<p>\u2013<b>Se ha conocido que se postergan las elecciones que estaban previstas para el 6 de septiembre al 18 de octubre \u00bfYa es un hecho?<\/b><\/p>\n<p>-En principio las elecciones deb\u00edan realizarse tres meses despu\u00e9s del Golpe de Estado, que las han postergado hasta mayo. A partir de all\u00ed decidieron que se har\u00edan en el mes de agosto, para finalmente fijarlas el 6 de septiembre.<\/p>\n<p>Esta fecha hab\u00eda sido elegida luego de un di\u00e1logo con las agrupaciones pol\u00edticas que participar\u00e1n en las elecciones, m\u00e1s el Tribunal Supremo Electoral. A su vez, ha sido acompa\u00f1ada por la Asamblea Legislativa Plurinacional, que sac\u00f3 una ley para que elecciones se puedan realizar en la fecha pactada.<\/p>\n<p>Utilizaron la pandemia como pretexto para postergar las elecciones, o no realizarlas. Y en Bolivia estamos en una situaci\u00f3n compleja, dif\u00edcil, de incertidumbre luego del Golpe de Estado del a\u00f1o pasado.<\/p>\n<p>De pronto nos vimos sorprendidos por el anuncio del Tribunal Supremo Electoral que nuevamente se postergaron las elecciones para el 18 de octubre.<\/p>\n<p>La poblaci\u00f3n, el pueblo boliviano, no entiende, parece que no quieren (desde el gobierno de facto) las elecciones porque no les conviene. Saben que el Movimiento Al Socialismo va a recuperar la democracia, la salud, la educaci\u00f3n y vamos a volver a nuestro proceso de cambio.<\/p>\n<p>Bolivia quiere volver a construir estabilidad econ\u00f3mica, pol\u00edtica, social. Y esto la derecha no lo quiere, y utiliza a la pandemia para que no se pueda votar.<\/p>\n<p>Frente a este anuncio de postergaci\u00f3n, nuestros movimientos sociales, junto a la central obrera boliviana, y el pueblo boliviano, han convocado a un Cabildo Nacional, y a una marcha desde casa en la Ciudad del Alto para analizar esta intenci\u00f3n del gobierno de facto.<\/p>\n<p><b>-El Cabildo que se llevar\u00e1 a cabo el d\u00eda 28 de julio, \u00bftiene abierta la participaci\u00f3n hacia toda la sociedad boliviana?<\/b><\/p>\n<p>-Todos los que quieren democracia en Bolivia, los que quieren recuperar y defender a los derechos humanos, colectivos, los que quieren tener autoridades leg\u00edtimas, que sean elegidas por el pueblo, van a participar del Cabildo Nacional convocado por la Central Obrera Boliviana, y los movimientos sociales.<\/p>\n<p><b>-\u00bfHay preocupaci\u00f3n por el esquema represivo de \u00c1\u00f1ez, luego de lo ocurrido en Senkata como en otros lugares de Bolivia?<\/b><\/p>\n<p>-Est\u00e1n utilizando la pandemia para sembrar temor, miedo, para reprimir, para perseguir la libertad de expresi\u00f3n, para perseguir a las organizaciones sociales y judicializar a la pol\u00edtica.<\/p>\n<p>No est\u00e1 descartada ninguna represi\u00f3n, pero el pueblo boliviano ha perdido el miedo. No puede callarse m\u00e1s.<\/p>\n<p>Poco a poco el pueblo se organiza, se autoconvoca para recuperar nuestra democracia, nuestro Estado de Derecho, nuestras empresas estrat\u00e9gicas, que est\u00e1n en riesgo. Para defender nuestra soberan\u00eda nacional, nuestros recursos naturales, y nuestra justicia.<\/p>\n<p>El gobierno de A\u00f1ez ha anunciado que no van a permitir actos \u201cterroristas\u201d, porque todo es calificado como terrorista aqu\u00ed en Bolivia.<\/p>\n<p><b>-\u00bfC\u00f3mo ven el tema de las garant\u00edas, de los observadores internacionales? Luego de lo ocurrido durante el Golpe de Estado y la justificaci\u00f3n que dio la Organizaci\u00f3n de Estados Americanos.<\/b><\/p>\n<p>-Las instituciones han perdido credibilidad. Hay un derrumbe de las mismas, est\u00e1n muy fr\u00e1giles. El mismo Tribunal Superior Electoral est\u00e1 fraccionado.<\/p>\n<p>Es muy importante para nosotros el acompa\u00f1amiento de la comunidad internacional para garantizar elecciones transparentes, justas. El apoyo de las Naciones Unidas, de la Uni\u00f3n Europea, de las autoridades parlamentarias de pa\u00edses que puedan acompa\u00f1ar no solamente como observadores, sino que formen parte del proceso que estamos llevando adelante los bolivianos.<\/p>\n<p>Nunca hemos tenido confianza en la OEA por su actuaci\u00f3n parcializada en las anteriores elecciones.<\/p>\n<blockquote class=\"twitter-tweet\">\n<p dir=\"ltr\" lang=\"es\">.<a href=\"https:\/\/twitter.com\/elonmusk?ref_src=twsrc%5Etfw\">@elonmusk<\/a>, due\u00f1o de la f\u00e1brica m\u00e1s grande de autos el\u00e9ctricos, dice sobre el golpe de Estado en <a href=\"https:\/\/twitter.com\/hashtag\/Bolivia?src=hash&amp;ref_src=twsrc%5Etfw\">#Bolivia<\/a>: \u201cNosotros golpearemos a quien queramos\u201d.<br \/>\nOtra prueba m\u00e1s de que el golpe fue por el litio boliviano; y dos masacres como saldo. \u00a1Defenderemos siempre nuestros recursos! <a href=\"https:\/\/t.co\/T0O1tReJaj\">pic.twitter.com\/T0O1tReJaj<\/a><\/p>\n<p>\u2014 Evo Morales Ayma (@evoespueblo) <a href=\"https:\/\/twitter.com\/evoespueblo\/status\/1287064230835957762?ref_src=twsrc%5Etfw\">July 25, 2020<\/a><\/p><\/blockquote>\n<p><script async src=\"https:\/\/platform.twitter.com\/widgets.js\" charset=\"utf-8\"><\/script><\/p>\n<p><b>-En los \u00faltimos d\u00edas hubo un tweet de Elon Musk que reivindic\u00f3 el golpe de Estado a Evo Morales, el cual ya sali\u00f3 a responderle. Esto es as\u00ed debido a los recursos naturales, como el litio, que posee el pa\u00eds trasandino.<\/b><\/p>\n<p>-As\u00ed piensan las trasnacionales, las multinacionales. A ellos no les interesa la vida, ni la situaci\u00f3n de los pueblos.<\/p>\n<p>Ellos viven la dictadura del dinero, y estas afirmaciones es una muestra m\u00e1s de d\u00f3nde ha venido el Golpe de Estado. Todos los pa\u00edses que tienen recursos naturales corren el riesgo de ser intervenidos por estas transnacionales.<\/p>\n<p>El pueblo boliviano, y la comunidad internacional, conoce la verdad de quien ha hecho el Golpe de Estado en Bolivia, y el rol que ha jugado algunos organismos internacionales como la OEA, y ha sido organizado por los Estados Unidos.<\/p>\n<p>Ellos observan nuestros recursos naturales, nuestro litio. Bolivia es rica en agua dulce, en recursos forestales, mineral\u00f3gicos, tenemos \u00e1reas protegidas. Tenemos todo.<\/p>\n<p>No quieren que nosotros llevemos adelante nuestro propio proceso de industrializaci\u00f3n, y que ning\u00fan pa\u00eds pueda levantarse de manera soberana.<\/p>\n<p><b>-La crisis del modelo capitalista, y esta pandemia nos invit\u00f3 a reflexionar sobre c\u00f3mo debemos relacionarnos como humanidad con la naturaleza.\u00a0<\/b><\/p>\n<p>-Estamos atravesando una crisis global, energ\u00e9tica, financiera, h\u00eddrica, ambiental, alimentaria, institucional. Y una de las peores manifestaciones de ella es la crisis sanitaria.<\/p>\n<p>Esta pandemia tiene que permitir reflexionar de manera global de c\u00f3mo vamos a enfrentar las dem\u00e1s crisis, y no solamente tenemos que hablar del coronavirus.<\/p>\n<p>En el mundo mueren por enfermedades cardiovasculares alrededor de 18 millones de personas, mueren 9 millones por c\u00e1ncer.<\/p>\n<p>Cuando hablamos de salud, tenemos que hablar de manera integral, y no solamente me refiero a los seres humanos. Sino cuando nuestros ni\u00f1os salen del vientre de su madre, puedan respirar un aire limpio, aire sano. No aire contaminado, ni envenenado.<\/p>\n<p>Tenemos que proteger la salud, a su vez, de nuestros oc\u00e9anos, mares, de nuestra madre tierra.<\/p>\n<p>Vivimos la crisis global del capitalismo, que es antropocentrista, que solo piensa en el ser humano, y no somos los \u00fanicos en este planeta, es hora de pensar, de dejar de ser egocentristas.<\/p>\n<p>Nuestro planeta se estaba ahogando, se estaba muriendo, en estos d\u00edas el planeta pudo respirar. Tenemos que ver el mensaje que nos da la naturaleza todos los d\u00edas.<\/p>\n<p>Hoy d\u00eda frente a la crisis de valores, emergen los valores de nuestros pueblos ind\u00edgenas, de las culturas milenarias.<\/p>\n<p>Los aymara tenemos c\u00f3digos, uno de ellos es\u00a0<em>K\u2019umara<\/em>, que significa persona sana, vida sana. Otro de nuestros c\u00f3digos es Jiwasa, que es \u201cno soy yo, somos nosotros\u201d, es en otras palabras, la muerte del egocentrismo.<\/p>\n<p>Hay que que pensar que los seres humanos estamos infectados por la codicia, el racismo, el individualismo, la divisi\u00f3n, el enfrentamiento, y debemos sanarnos.<\/p>\n<p><b>-En Argentina, si se enciende los medios de comunicaci\u00f3n est\u00e1n permanentemente mostrando la desesperaci\u00f3n a que todo vuelva a la normalidad. Siempre hay que buscar reflexionar qu\u00e9 es la normalidad, y c\u00f3mo construimos un nuevo Estado que sea m\u00e1s justo. El virus nos pone en cuesti\u00f3n de c\u00f3mo estamos viviendo en las grandes ciudades.<\/b><\/p>\n<p>-Hay que pensar en un proyecto de vida, donde no hay fronteras, divisiones, donde podemos construir integraci\u00f3n, unidad, y hermandad. Donde el poder y la econom\u00eda puede circular desde la redistribuci\u00f3n.<\/p>\n<p>No se puede seguir con la econom\u00eda lineal de acumulaci\u00f3n porque hoy vemos las consecuencias de este modelo, y tenemos pobreza, desigualdad. Hay que cambiar todo.<\/p>\n<p><b>-\u00bfEsa nueva normalidad es el modelo comunitario?<\/b><\/p>\n<p>-Este no es simplemente un modelo, el\u00a0<em>Ayllu<\/em>, en nuestro c\u00f3digo Aymara, es un sistema de organizaci\u00f3n de vida. No es un modelo de organizaci\u00f3n social solamente.<\/p>\n<p>Nosotros est\u00e1bamos en proceso de recuperar, y volver a nuestro Ayllu, que significa sociedad. Por eso se hablaba de socialismo comunitario.<\/p>\n<p>Es momento de empezar a valorar nuestras ra\u00edces culturales, nuestra identidad, nuestros c\u00f3digos, y s\u00edmbolos. Por ello, levantamos la Wiphala, porque es un c\u00f3digo de inclusi\u00f3n, del consenso, del equilibrio y de la integraci\u00f3n.<\/p>\n<p>Son tiempos de ver con nuestros propios ojos nuestra realidad, y decidir nosotros mismos c\u00f3mo queremos vivir. Trabajar la unidad, no la divisi\u00f3n, por eso el pr\u00f3ximo gobierno, cualquiera que sea debe ser de unidad nacional, de reconciliaci\u00f3n, donde tenemos que ponernos de acuerdos, de concertaci\u00f3n nacional.<\/p>\n<ul>\n<li>Entrevista realizada en\u00a0<em>Punto de Partida<\/em> (lunes a viernes de 8 a 10) por Radio Gr\u00e1fica<\/li>\n<li>Redacci\u00f3n por Carolina Ocampo<\/li>\n<\/ul>\n","protected":false},"excerpt":{"rendered":"<p>El candidato a vicepresidente de Bolivia, a fondo sobre las pr\u00f3ximas elecciones que pueden poner fin a la dictadura David Choquehuanca, candidato a vicepresidente del Estado Plurinacional de Bolivia por el MAS-IPSP, habl\u00f3 en\u00a0Radio Gr\u00e1fica\u00a0sobre la compleja situaci\u00f3n que atraviesa&hellip;<\/p>\n","protected":false},"author":87,"featured_media":1168344,"comment_status":"closed","ping_status":"closed","sticky":false,"template":"","format":"standard","meta":{"footnotes":""},"categories":[79,155,74,22754,67],"tags":[1646,22987,2429,403,1557,55209,27729],"class_list":["post-1168343","post","type-post","status-publish","format-standard","has-post-thumbnail","hentry","category-derechos-humanos","category-entrevistas","category-politica-es","category-radio-es","category-sudamerica","tag-bolivia","tag-david-choquehuanca","tag-dictadura","tag-elecciones","tag-golpe-de-estado-es","tag-mas-es","tag-radio-grafica"],"yoast_head":"<!-- This site is optimized with the Yoast SEO plugin v27.1.1 - https:\/\/yoast.com\/product\/yoast-seo-wordpress\/ -->\n<title>David Choquehuanca en Radio Gr\u00e1fica: \u201cEl pueblo boliviano ha perdido el miedo\u201d<\/title>\n<meta name=\"description\" content=\"El candidato a vicepresidente de Bolivia, a fondo sobre las pr\u00f3ximas elecciones que pueden poner fin a la dictadura David Choquehuanca, candidato a\" \/>\n<meta name=\"robots\" content=\"index, follow, max-snippet:-1, max-image-preview:large, max-video-preview:-1\" \/>\n<link rel=\"canonical\" href=\"https:\/\/www.pressenza.com\/es\/2020\/07\/david-choquehuanca-en-radio-grafica-el-pueblo-boliviano-ha-perdido-el-miedo\/\" \/>\n<meta property=\"og:locale\" content=\"es_ES\" \/>\n<meta property=\"og:type\" content=\"article\" \/>\n<meta property=\"og:title\" content=\"David Choquehuanca en Radio Gr\u00e1fica: \u201cEl pueblo boliviano ha perdido el miedo\u201d\" \/>\n<meta property=\"og:description\" content=\"El candidato a vicepresidente de Bolivia, a fondo sobre las pr\u00f3ximas elecciones que pueden poner fin a la dictadura David Choquehuanca, candidato a\" \/>\n<meta property=\"og:url\" content=\"https:\/\/www.pressenza.com\/es\/2020\/07\/david-choquehuanca-en-radio-grafica-el-pueblo-boliviano-ha-perdido-el-miedo\/\" \/>\n<meta property=\"og:site_name\" content=\"Pressenza\" \/>\n<meta property=\"article:publisher\" content=\"https:\/\/www.facebook.com\/PressenzaItalia\" \/>\n<meta property=\"article:published_time\" content=\"2020-07-28T23:24:31+00:00\" \/>\n<meta property=\"og:image\" content=\"https:\/\/www.pressenza.com\/wp-content\/uploads\/2020\/07\/choquehuanca.png\" \/>\n\t<meta property=\"og:image:width\" content=\"780\" \/>\n\t<meta property=\"og:image:height\" content=\"545\" \/>\n\t<meta property=\"og:image:type\" content=\"image\/png\" \/>\n<meta name=\"author\" content=\"Redacci\u00f3n Argentina\" \/>\n<meta name=\"twitter:card\" content=\"summary_large_image\" \/>\n<meta name=\"twitter:creator\" content=\"@pressenza\" \/>\n<meta name=\"twitter:site\" content=\"@PressenzaIPA\" \/>\n<meta name=\"twitter:label1\" content=\"Escrito por\" \/>\n\t<meta name=\"twitter:data1\" content=\"Redacci\u00f3n Argentina\" \/>\n\t<meta name=\"twitter:label2\" content=\"Tiempo de lectura\" \/>\n\t<meta name=\"twitter:data2\" content=\"8 minutos\" \/>\n<script type=\"application\/ld+json\" class=\"yoast-schema-graph\">{\"@context\":\"https:\/\/schema.org\",\"@graph\":[{\"@type\":\"Article\",\"@id\":\"https:\/\/www.pressenza.com\/es\/2020\/07\/david-choquehuanca-en-radio-grafica-el-pueblo-boliviano-ha-perdido-el-miedo\/#article\",\"isPartOf\":{\"@id\":\"https:\/\/www.pressenza.com\/es\/2020\/07\/david-choquehuanca-en-radio-grafica-el-pueblo-boliviano-ha-perdido-el-miedo\/\"},\"author\":{\"name\":\"Redacci\u00f3n Argentina\",\"@id\":\"https:\/\/www.pressenza.com\/es\/#\/schema\/person\/0dda7d1b68267ad95b1e1d83abc98c89\"},\"headline\":\"David Choquehuanca en Radio Gr\u00e1fica: \u201cEl pueblo boliviano ha perdido el miedo\u201d\",\"datePublished\":\"2020-07-28T23:24:31+00:00\",\"mainEntityOfPage\":{\"@id\":\"https:\/\/www.pressenza.com\/es\/2020\/07\/david-choquehuanca-en-radio-grafica-el-pueblo-boliviano-ha-perdido-el-miedo\/\"},\"wordCount\":1623,\"publisher\":{\"@id\":\"https:\/\/www.pressenza.com\/es\/#organization\"},\"image\":{\"@id\":\"https:\/\/www.pressenza.com\/es\/2020\/07\/david-choquehuanca-en-radio-grafica-el-pueblo-boliviano-ha-perdido-el-miedo\/#primaryimage\"},\"thumbnailUrl\":\"https:\/\/www.pressenza.com\/wp-content\/uploads\/2020\/07\/choquehuanca.png\",\"keywords\":[\"Bolivia\",\"David Choquehuanca\",\"dictadura\",\"elecciones\",\"golpe de estado\",\"MAS\",\"Radio Gr\u00e1fica\"],\"articleSection\":[\"Derechos Humanos\",\"Entrevistas\",\"Pol\u00edtica\",\"Radio\",\"Sudam\u00e9rica\"],\"inLanguage\":\"es\"},{\"@type\":\"WebPage\",\"@id\":\"https:\/\/www.pressenza.com\/es\/2020\/07\/david-choquehuanca-en-radio-grafica-el-pueblo-boliviano-ha-perdido-el-miedo\/\",\"url\":\"https:\/\/www.pressenza.com\/es\/2020\/07\/david-choquehuanca-en-radio-grafica-el-pueblo-boliviano-ha-perdido-el-miedo\/\",\"name\":\"David Choquehuanca en Radio Gr\u00e1fica: \u201cEl pueblo boliviano ha perdido el miedo\u201d\",\"isPartOf\":{\"@id\":\"https:\/\/www.pressenza.com\/es\/#website\"},\"primaryImageOfPage\":{\"@id\":\"https:\/\/www.pressenza.com\/es\/2020\/07\/david-choquehuanca-en-radio-grafica-el-pueblo-boliviano-ha-perdido-el-miedo\/#primaryimage\"},\"image\":{\"@id\":\"https:\/\/www.pressenza.com\/es\/2020\/07\/david-choquehuanca-en-radio-grafica-el-pueblo-boliviano-ha-perdido-el-miedo\/#primaryimage\"},\"thumbnailUrl\":\"https:\/\/www.pressenza.com\/wp-content\/uploads\/2020\/07\/choquehuanca.png\",\"datePublished\":\"2020-07-28T23:24:31+00:00\",\"description\":\"El candidato a vicepresidente de Bolivia, a fondo sobre las pr\u00f3ximas elecciones que pueden poner fin a la dictadura David Choquehuanca, candidato a\",\"breadcrumb\":{\"@id\":\"https:\/\/www.pressenza.com\/es\/2020\/07\/david-choquehuanca-en-radio-grafica-el-pueblo-boliviano-ha-perdido-el-miedo\/#breadcrumb\"},\"inLanguage\":\"es\",\"potentialAction\":[{\"@type\":\"ReadAction\",\"target\":[\"https:\/\/www.pressenza.com\/es\/2020\/07\/david-choquehuanca-en-radio-grafica-el-pueblo-boliviano-ha-perdido-el-miedo\/\"]}]},{\"@type\":\"ImageObject\",\"inLanguage\":\"es\",\"@id\":\"https:\/\/www.pressenza.com\/es\/2020\/07\/david-choquehuanca-en-radio-grafica-el-pueblo-boliviano-ha-perdido-el-miedo\/#primaryimage\",\"url\":\"https:\/\/www.pressenza.com\/wp-content\/uploads\/2020\/07\/choquehuanca.png\",\"contentUrl\":\"https:\/\/www.pressenza.com\/wp-content\/uploads\/2020\/07\/choquehuanca.png\",\"width\":780,\"height\":545},{\"@type\":\"BreadcrumbList\",\"@id\":\"https:\/\/www.pressenza.com\/es\/2020\/07\/david-choquehuanca-en-radio-grafica-el-pueblo-boliviano-ha-perdido-el-miedo\/#breadcrumb\",\"itemListElement\":[{\"@type\":\"ListItem\",\"position\":1,\"name\":\"Accueil\",\"item\":\"https:\/\/www.pressenza.com\/es\/\"},{\"@type\":\"ListItem\",\"position\":2,\"name\":\"David Choquehuanca en Radio Gr\u00e1fica: \u201cEl pueblo boliviano ha perdido el miedo\u201d\"}]},{\"@type\":\"WebSite\",\"@id\":\"https:\/\/www.pressenza.com\/es\/#website\",\"url\":\"https:\/\/www.pressenza.com\/es\/\",\"name\":\"Pressenza\",\"description\":\"International Press Agency\",\"publisher\":{\"@id\":\"https:\/\/www.pressenza.com\/es\/#organization\"},\"potentialAction\":[{\"@type\":\"SearchAction\",\"target\":{\"@type\":\"EntryPoint\",\"urlTemplate\":\"https:\/\/www.pressenza.com\/es\/?s={search_term_string}\"},\"query-input\":{\"@type\":\"PropertyValueSpecification\",\"valueRequired\":true,\"valueName\":\"search_term_string\"}}],\"inLanguage\":\"es\"},{\"@type\":\"Organization\",\"@id\":\"https:\/\/www.pressenza.com\/es\/#organization\",\"name\":\"Pressenza\",\"url\":\"https:\/\/www.pressenza.com\/es\/\",\"logo\":{\"@type\":\"ImageObject\",\"inLanguage\":\"es\",\"@id\":\"https:\/\/www.pressenza.com\/es\/#\/schema\/logo\/image\/\",\"url\":\"https:\/\/www.pressenza.com\/wp-content\/uploads\/2022\/10\/pressenza_logo_200x200.jpg\",\"contentUrl\":\"https:\/\/www.pressenza.com\/wp-content\/uploads\/2022\/10\/pressenza_logo_200x200.jpg\",\"width\":200,\"height\":200,\"caption\":\"Pressenza\"},\"image\":{\"@id\":\"https:\/\/www.pressenza.com\/es\/#\/schema\/logo\/image\/\"},\"sameAs\":[\"https:\/\/www.facebook.com\/PressenzaItalia\",\"https:\/\/x.com\/PressenzaIPA\"]},{\"@type\":\"Person\",\"@id\":\"https:\/\/www.pressenza.com\/es\/#\/schema\/person\/0dda7d1b68267ad95b1e1d83abc98c89\",\"name\":\"Redacci\u00f3n Argentina\",\"description\":\"News from the Pressenza Bureau in Argentina.\",\"sameAs\":[\"https:\/\/x.com\/pressenza\"],\"url\":\"https:\/\/www.pressenza.com\/es\/author\/redaccion-argentina\/\"}]}<\/script>\n<!-- \/ Yoast SEO plugin. -->","yoast_head_json":{"title":"David Choquehuanca en Radio Gr\u00e1fica: \u201cEl pueblo boliviano ha perdido el miedo\u201d","description":"El candidato a vicepresidente de Bolivia, a fondo sobre las pr\u00f3ximas elecciones que pueden poner fin a la dictadura David Choquehuanca, candidato a","robots":{"index":"index","follow":"follow","max-snippet":"max-snippet:-1","max-image-preview":"max-image-preview:large","max-video-preview":"max-video-preview:-1"},"canonical":"https:\/\/www.pressenza.com\/es\/2020\/07\/david-choquehuanca-en-radio-grafica-el-pueblo-boliviano-ha-perdido-el-miedo\/","og_locale":"es_ES","og_type":"article","og_title":"David Choquehuanca en Radio Gr\u00e1fica: \u201cEl pueblo boliviano ha perdido el miedo\u201d","og_description":"El candidato a vicepresidente de Bolivia, a fondo sobre las pr\u00f3ximas elecciones que pueden poner fin a la dictadura David Choquehuanca, candidato a","og_url":"https:\/\/www.pressenza.com\/es\/2020\/07\/david-choquehuanca-en-radio-grafica-el-pueblo-boliviano-ha-perdido-el-miedo\/","og_site_name":"Pressenza","article_publisher":"https:\/\/www.facebook.com\/PressenzaItalia","article_published_time":"2020-07-28T23:24:31+00:00","og_image":[{"width":780,"height":545,"url":"https:\/\/www.pressenza.com\/wp-content\/uploads\/2020\/07\/choquehuanca.png","type":"image\/png"}],"author":"Redacci\u00f3n Argentina","twitter_card":"summary_large_image","twitter_creator":"@pressenza","twitter_site":"@PressenzaIPA","twitter_misc":{"Escrito por":"Redacci\u00f3n Argentina","Tiempo de lectura":"8 minutos"},"schema":{"@context":"https:\/\/schema.org","@graph":[{"@type":"Article","@id":"https:\/\/www.pressenza.com\/es\/2020\/07\/david-choquehuanca-en-radio-grafica-el-pueblo-boliviano-ha-perdido-el-miedo\/#article","isPartOf":{"@id":"https:\/\/www.pressenza.com\/es\/2020\/07\/david-choquehuanca-en-radio-grafica-el-pueblo-boliviano-ha-perdido-el-miedo\/"},"author":{"name":"Redacci\u00f3n Argentina","@id":"https:\/\/www.pressenza.com\/es\/#\/schema\/person\/0dda7d1b68267ad95b1e1d83abc98c89"},"headline":"David Choquehuanca en Radio Gr\u00e1fica: \u201cEl pueblo boliviano ha perdido el miedo\u201d","datePublished":"2020-07-28T23:24:31+00:00","mainEntityOfPage":{"@id":"https:\/\/www.pressenza.com\/es\/2020\/07\/david-choquehuanca-en-radio-grafica-el-pueblo-boliviano-ha-perdido-el-miedo\/"},"wordCount":1623,"publisher":{"@id":"https:\/\/www.pressenza.com\/es\/#organization"},"image":{"@id":"https:\/\/www.pressenza.com\/es\/2020\/07\/david-choquehuanca-en-radio-grafica-el-pueblo-boliviano-ha-perdido-el-miedo\/#primaryimage"},"thumbnailUrl":"https:\/\/www.pressenza.com\/wp-content\/uploads\/2020\/07\/choquehuanca.png","keywords":["Bolivia","David Choquehuanca","dictadura","elecciones","golpe de estado","MAS","Radio Gr\u00e1fica"],"articleSection":["Derechos Humanos","Entrevistas","Pol\u00edtica","Radio","Sudam\u00e9rica"],"inLanguage":"es"},{"@type":"WebPage","@id":"https:\/\/www.pressenza.com\/es\/2020\/07\/david-choquehuanca-en-radio-grafica-el-pueblo-boliviano-ha-perdido-el-miedo\/","url":"https:\/\/www.pressenza.com\/es\/2020\/07\/david-choquehuanca-en-radio-grafica-el-pueblo-boliviano-ha-perdido-el-miedo\/","name":"David Choquehuanca en Radio Gr\u00e1fica: \u201cEl pueblo boliviano ha perdido el miedo\u201d","isPartOf":{"@id":"https:\/\/www.pressenza.com\/es\/#website"},"primaryImageOfPage":{"@id":"https:\/\/www.pressenza.com\/es\/2020\/07\/david-choquehuanca-en-radio-grafica-el-pueblo-boliviano-ha-perdido-el-miedo\/#primaryimage"},"image":{"@id":"https:\/\/www.pressenza.com\/es\/2020\/07\/david-choquehuanca-en-radio-grafica-el-pueblo-boliviano-ha-perdido-el-miedo\/#primaryimage"},"thumbnailUrl":"https:\/\/www.pressenza.com\/wp-content\/uploads\/2020\/07\/choquehuanca.png","datePublished":"2020-07-28T23:24:31+00:00","description":"El candidato a vicepresidente de Bolivia, a fondo sobre las pr\u00f3ximas elecciones que pueden poner fin a la dictadura David Choquehuanca, candidato a","breadcrumb":{"@id":"https:\/\/www.pressenza.com\/es\/2020\/07\/david-choquehuanca-en-radio-grafica-el-pueblo-boliviano-ha-perdido-el-miedo\/#breadcrumb"},"inLanguage":"es","potentialAction":[{"@type":"ReadAction","target":["https:\/\/www.pressenza.com\/es\/2020\/07\/david-choquehuanca-en-radio-grafica-el-pueblo-boliviano-ha-perdido-el-miedo\/"]}]},{"@type":"ImageObject","inLanguage":"es","@id":"https:\/\/www.pressenza.com\/es\/2020\/07\/david-choquehuanca-en-radio-grafica-el-pueblo-boliviano-ha-perdido-el-miedo\/#primaryimage","url":"https:\/\/www.pressenza.com\/wp-content\/uploads\/2020\/07\/choquehuanca.png","contentUrl":"https:\/\/www.pressenza.com\/wp-content\/uploads\/2020\/07\/choquehuanca.png","width":780,"height":545},{"@type":"BreadcrumbList","@id":"https:\/\/www.pressenza.com\/es\/2020\/07\/david-choquehuanca-en-radio-grafica-el-pueblo-boliviano-ha-perdido-el-miedo\/#breadcrumb","itemListElement":[{"@type":"ListItem","position":1,"name":"Accueil","item":"https:\/\/www.pressenza.com\/es\/"},{"@type":"ListItem","position":2,"name":"David Choquehuanca en Radio Gr\u00e1fica: \u201cEl pueblo boliviano ha perdido el miedo\u201d"}]},{"@type":"WebSite","@id":"https:\/\/www.pressenza.com\/es\/#website","url":"https:\/\/www.pressenza.com\/es\/","name":"Pressenza","description":"International Press Agency","publisher":{"@id":"https:\/\/www.pressenza.com\/es\/#organization"},"potentialAction":[{"@type":"SearchAction","target":{"@type":"EntryPoint","urlTemplate":"https:\/\/www.pressenza.com\/es\/?s={search_term_string}"},"query-input":{"@type":"PropertyValueSpecification","valueRequired":true,"valueName":"search_term_string"}}],"inLanguage":"es"},{"@type":"Organization","@id":"https:\/\/www.pressenza.com\/es\/#organization","name":"Pressenza","url":"https:\/\/www.pressenza.com\/es\/","logo":{"@type":"ImageObject","inLanguage":"es","@id":"https:\/\/www.pressenza.com\/es\/#\/schema\/logo\/image\/","url":"https:\/\/www.pressenza.com\/wp-content\/uploads\/2022\/10\/pressenza_logo_200x200.jpg","contentUrl":"https:\/\/www.pressenza.com\/wp-content\/uploads\/2022\/10\/pressenza_logo_200x200.jpg","width":200,"height":200,"caption":"Pressenza"},"image":{"@id":"https:\/\/www.pressenza.com\/es\/#\/schema\/logo\/image\/"},"sameAs":["https:\/\/www.facebook.com\/PressenzaItalia","https:\/\/x.com\/PressenzaIPA"]},{"@type":"Person","@id":"https:\/\/www.pressenza.com\/es\/#\/schema\/person\/0dda7d1b68267ad95b1e1d83abc98c89","name":"Redacci\u00f3n Argentina","description":"News from the Pressenza Bureau in Argentina.","sameAs":["https:\/\/x.com\/pressenza"],"url":"https:\/\/www.pressenza.com\/es\/author\/redaccion-argentina\/"}]}},"place":"Ciudad de Buenos Aires, Argentina","original_article_url":"https:\/\/radiografica.org.ar\/2020\/07\/28\/david-choquehuanca-en-radio-grafica-el-pueblo-boliviano-ha-perdido-el-miedo\/","_links":{"self":[{"href":"https:\/\/www.pressenza.com\/es\/wp-json\/wp\/v2\/posts\/1168343","targetHints":{"allow":["GET"]}}],"collection":[{"href":"https:\/\/www.pressenza.com\/es\/wp-json\/wp\/v2\/posts"}],"about":[{"href":"https:\/\/www.pressenza.com\/es\/wp-json\/wp\/v2\/types\/post"}],"author":[{"embeddable":true,"href":"https:\/\/www.pressenza.com\/es\/wp-json\/wp\/v2\/users\/87"}],"replies":[{"embeddable":true,"href":"https:\/\/www.pressenza.com\/es\/wp-json\/wp\/v2\/comments?post=1168343"}],"version-history":[{"count":0,"href":"https:\/\/www.pressenza.com\/es\/wp-json\/wp\/v2\/posts\/1168343\/revisions"}],"wp:featuredmedia":[{"embeddable":true,"href":"https:\/\/www.pressenza.com\/es\/wp-json\/wp\/v2\/media\/1168344"}],"wp:attachment":[{"href":"https:\/\/www.pressenza.com\/es\/wp-json\/wp\/v2\/media?parent=1168343"}],"wp:term":[{"taxonomy":"category","embeddable":true,"href":"https:\/\/www.pressenza.com\/es\/wp-json\/wp\/v2\/categories?post=1168343"},{"taxonomy":"post_tag","embeddable":true,"href":"https:\/\/www.pressenza.com\/es\/wp-json\/wp\/v2\/tags?post=1168343"}],"curies":[{"name":"wp","href":"https:\/\/api.w.org\/{rel}","templated":true}]}}