{"id":1167800,"date":"2020-07-28T03:17:03","date_gmt":"2020-07-28T02:17:03","guid":{"rendered":"https:\/\/www.pressenza.com\/?p=1167800"},"modified":"2020-07-28T03:17:03","modified_gmt":"2020-07-28T02:17:03","slug":"trump-y-el-tribunal-supremo-derrota-legal-pero-victoria-politica","status":"publish","type":"post","link":"https:\/\/www.pressenza.com\/es\/2020\/07\/trump-y-el-tribunal-supremo-derrota-legal-pero-victoria-politica\/","title":{"rendered":"Trump y el Tribunal Supremo: \u00bfderrota legal pero victoria pol\u00edtica?"},"content":{"rendered":"<p>\u00abHace doscientos a\u00f1os, un gran jurista de nuestro Tribunal dictamin\u00f3 que ning\u00fan ciudadano, ni siquiera el Presidente, est\u00e1 por encima del deber com\u00fan de presentar pruebas si se le cita en una investigaci\u00f3n penal\u00bb.\u00a0 As\u00ed, John Roberts, el presidente de la Corte Suprema de los Estados Unidos, confirm\u00f3 que Donald Trump debe presentar los documentos requeridos por la Oficina del Fiscal General de Nueva York, que est\u00e1 investigando las irregularidades en la campa\u00f1a electoral de 2016.\u00a0 Estos son los intentos de la campa\u00f1a del 45\u00ba presidente para silenciar dos supuestas relaciones con la estrella pornogr\u00e1fica Stormy Daniels y la ex modelo de Playboy Karen McDougal.\u00a0 El fiscal Cyrus Vance Jr. tendr\u00e1 acceso a los registros fiscales y contables del actual inquilino de la Casa Blanca para su uso en el Gran Jurado, lo que significa que permanecer\u00e1n fuera del conocimiento p\u00fablico.<\/p>\n<p>Sin embargo, la derrota de Trump (7-2) en el Tribunal Supremo fue mitigada por otra parte por las demandas de tres comisiones del Congreso para las declaraciones de impuestos de Trump.\u00a0 En este caso, el Tribunal remiti\u00f3 la solicitud a un tribunal inferior, considerando que las solicitudes de las Comisiones no eran lo suficientemente espec\u00edficas.\u00a0 Seg\u00fan los analistas, llevar\u00e1 tiempo y, por lo tanto, los estadounidenses no ver\u00e1n las declaraciones de impuestos del Presidente como han podido hacer con casi todos los dem\u00e1s candidatos presidenciales en las \u00faltimas d\u00e9cadas.<\/p>\n<p>A pesar de las dos aparentes derrotas, Trump sale bien parado porque el Tribunal no ha impuesto la entrega inmediata de estos documentos.\u00a0 Vance tendr\u00e1 que seguir luchando por ellos y los presidentes de las tres comisiones tendr\u00e1n que sudar siete camisas para alcanzar su objetivo.\u00a0 Se cree que esto podr\u00eda ocurrir despu\u00e9s de las elecciones del 3 de noviembre.\u00a0 Por lo tanto, el Tribunal ha dado una bofetada a Trump sobre la cuesti\u00f3n de su inmunidad absoluta, pero al mismo tiempo le ha dado tiempo para continuar las batallas legales y mantener sus asuntos en secreto.\u00a0 Obviamente, si Trump no muestra sus declaraciones de impuestos, aumenta la sospecha de que existe algo poco claro.\u00a0 Hasta ahora esto no le ha perjudicado pol\u00edticamente pero Joe Biden usar\u00e1 este tema para aumentar las dudas sobre su oponente.<\/p>\n<p>El hecho de que Trump no tenga inmunidad absoluta ha tranquilizado a todos, ya que confirma que la Corte Suprema ha cumplido con su deber y ha actuado como contrapeso a las tendencias autoritarias del actual inquilino de la Casa Blanca.\u00a0 Le ata las manos, si no demasiado.\u00a0 Pero confirma el concepto b\u00e1sico de que el actual presidente y los del futuro tienen l\u00edmites en sus considerables poderes.\u00a0 Considerando que los republicanos en el Senado han cerrado no uno sino ambos ojos a las transgresiones de Trump, al menos una de las tres ramas del poder americano ha hecho o\u00edr su voz.\u00a0 Sin embargo, la decisi\u00f3n env\u00eda un mensaje inquietante.\u00a0 Un presidente que no quiere cooperar con el Congreso y respetar los actos de citaci\u00f3n puede tratar de seguir el camino de Trump, que es retrasar y expirar el reloj.\u00a0 Tambi\u00e9n demuestra que la justicia no es la misma para todos, porque quienes tienen recursos, como Trump, pueden utilizar el sistema jur\u00eddico con abogados y salirse con la suya o, al menos, desacelerar las decisiones y empujarlas hacia el futuro hasta que sus oponentes se cansen y finalmente prevalezcan.<\/p>\n<p>La \u00abvictoria\u00bb del 45\u00ba presidente, sin embargo, podr\u00eda ser una victoria p\u00edrrica.\u00a0 Todos los pron\u00f3sticos nos dicen que Trump perder\u00e1 las elecciones y en seis meses tendr\u00e1 que dejar la Casa Blanca.\u00a0 Ya no tendr\u00e1 los poderes del presidente y tendr\u00e1 que defenderse usando sus recursos como un ciudadano privado.\u00a0 Trump podr\u00eda concederse a s\u00ed mismo un perd\u00f3n como indic\u00f3 en un tweet de 2018 en el que afirma tener \u00abel poder absoluto de concederse a s\u00ed mismo un perd\u00f3n\u00bb.\u00a0 En ese caso, volver\u00eda a presentar otro recurso ante el Tribunal Supremo porque la Constituci\u00f3n no deja claro si la facultad presidencial de conceder un indulto incluye al propio presidente.\u00a0 Trump tambi\u00e9n podr\u00eda renunciar y ser perdonado por Mike Pence, su ayudante, que tendr\u00eda la oportunidad de convertirse en el 46\u00ba presidente, aunque por poco tiempo.\u00a0 Sin embargo, el indulto s\u00f3lo ser\u00eda v\u00e1lido para los asuntos federales y no se aplicar\u00eda a sus problemas jur\u00eddicos con la Fiscal\u00eda de Nueva York relacionados con asuntos estatales.\u00a0 As\u00ed que la posibilidad de una condena por fraude fiscal y electoral permanece.<\/p>\n<p>El riesgo no es remoto.\u00a0 Como testific\u00f3 su antiguo abogado Michael Cohen, es muy probable que Trump mintiera en sus solicitudes de pr\u00e9stamos bancarios inflando el valor de su propiedad pero luego desinfl\u00e1ndolo cuando present\u00f3 sus declaraciones de impuestos.\u00a0 Cabe a\u00f1adir que, en el caso de fraude electoral que provoc\u00f3 la encarcelaci\u00f3n de Cohen, se cita que el ex abogado actu\u00f3 en coordinaci\u00f3n con el \u00abindividuo n\u00famero uno\u00bb, es decir, el propio Trump, cuyos cheques firmados fueron presentados al Congreso.\u00a0 Estas son algunas de las hip\u00f3tesis que el Fiscal Vance abordar\u00e1 tan pronto como pueda obtener la informaci\u00f3n solicitada que el Tribunal Supremo ha decidido que se le entregue.\u00a0 Los abogados de Trump ya han tomado medidas legales para evitar o al menos retrasar estas entregas.<\/p>\n<p>Nada ayudar\u00e1 en ning\u00fan caso a Biden en las elecciones del 3 de noviembre.\u00a0 Los fiscales y los jueces no quieren actuar en el per\u00edodo previo a las elecciones para no ser acusados de interferencia sesgada e influir en el resultado de una elecci\u00f3n presidencial.\u00a0 El peligro para Trump, sin embargo, existe.\u00a0 La media derrota de la Corte Suprema podr\u00eda ser peligrosa.<\/p>\n<p>En su reciente reuni\u00f3n en Tulsa Oklahoma Trump se felicit\u00f3 por los \u00abdos grandes jueces de la Corte Suprema\u00bb, Neil Gorsuch y Brett Kavanaugh, a quienes nombr\u00f3.\u00a0 Pero ellos tambi\u00e9n votaron en su contra, demostrando una cierta independencia, comprendiendo muy bien que Trump pronto desaparecer\u00e1 de la escena y que su cargo durar\u00e1 muchos a\u00f1os.\u00a0 El 45\u00ba presidente se sinti\u00f3 \u00abtraicionado\u00bb y lo expresar\u00eda a su personal.\u00a0 Sin embargo, a diferencia de sus otros empleados, Trump no puede despedir a los jueces como lo hizo recientemente con Brad Parscale, su director de campa\u00f1a, a quien culp\u00f3 de la desastrosa situaci\u00f3n en la que se encuentra seg\u00fan todas las encuestas.<\/p>\n<hr \/>\n<p><em>Traducci\u00f3n del italiano por Maria Consuelo Alvarado<\/em><\/p>\n","protected":false},"excerpt":{"rendered":"<p>\u00abHace doscientos a\u00f1os, un gran jurista de nuestro Tribunal dictamin\u00f3 que ning\u00fan ciudadano, ni siquiera el Presidente, est\u00e1 por encima del deber com\u00fan de presentar pruebas si se le cita en una investigaci\u00f3n penal\u00bb.\u00a0 As\u00ed, John Roberts, el presidente de&hellip;<\/p>\n","protected":false},"author":1521,"featured_media":1161989,"comment_status":"closed","ping_status":"closed","sticky":false,"template":"","format":"standard","meta":{"footnotes":""},"categories":[11389,39,68,161,74],"tags":[5654,26187,10793,54340],"class_list":["post-1167800","post","type-post","status-publish","format-standard","has-post-thumbnail","hentry","category-contenido-original","category-internacional","category-norteamerica","category-opiniones","category-politica-es","tag-corte-suprema","tag-donald-trump-es","tag-estados-unidos-de-norteamerica","tag-usa-es"],"yoast_head":"<!-- This site is optimized with the Yoast SEO plugin v27.1.1 - https:\/\/yoast.com\/product\/yoast-seo-wordpress\/ -->\n<title>Trump y el Tribunal Supremo: \u00bfderrota legal pero victoria pol\u00edtica?<\/title>\n<meta name=\"description\" content=\"&quot;Hace doscientos a\u00f1os, un gran jurista de nuestro Tribunal dictamin\u00f3 que ning\u00fan ciudadano, ni siquiera el Presidente, est\u00e1 por encima del deber com\u00fan de\" \/>\n<meta name=\"robots\" content=\"index, follow, max-snippet:-1, max-image-preview:large, max-video-preview:-1\" \/>\n<link rel=\"canonical\" href=\"https:\/\/www.pressenza.com\/es\/2020\/07\/trump-y-el-tribunal-supremo-derrota-legal-pero-victoria-politica\/\" \/>\n<meta property=\"og:locale\" content=\"es_ES\" \/>\n<meta property=\"og:type\" content=\"article\" \/>\n<meta property=\"og:title\" content=\"Trump y el Tribunal Supremo: \u00bfderrota legal pero victoria pol\u00edtica?\" \/>\n<meta property=\"og:description\" content=\"&quot;Hace doscientos a\u00f1os, un gran jurista de nuestro Tribunal dictamin\u00f3 que ning\u00fan ciudadano, ni siquiera el Presidente, est\u00e1 por encima del deber com\u00fan de\" \/>\n<meta property=\"og:url\" content=\"https:\/\/www.pressenza.com\/es\/2020\/07\/trump-y-el-tribunal-supremo-derrota-legal-pero-victoria-politica\/\" \/>\n<meta property=\"og:site_name\" content=\"Pressenza\" \/>\n<meta property=\"article:publisher\" content=\"https:\/\/www.facebook.com\/PressenzaItalia\" \/>\n<meta property=\"article:published_time\" content=\"2020-07-28T02:17:03+00:00\" \/>\n<meta property=\"og:image\" content=\"https:\/\/www.pressenza.com\/wp-content\/uploads\/2020\/07\/Supreme_Court_of_the_United_States_-_Roberts_Court_2018.jpg\" \/>\n\t<meta property=\"og:image:width\" content=\"1500\" \/>\n\t<meta property=\"og:image:height\" content=\"1179\" \/>\n\t<meta property=\"og:image:type\" content=\"image\/jpeg\" \/>\n<meta name=\"author\" content=\"Domenico Maceri\" \/>\n<meta name=\"twitter:card\" content=\"summary_large_image\" \/>\n<meta name=\"twitter:creator\" content=\"@PressenzaIPA\" \/>\n<meta name=\"twitter:site\" content=\"@PressenzaIPA\" \/>\n<meta name=\"twitter:label1\" content=\"Escrito por\" \/>\n\t<meta name=\"twitter:data1\" content=\"Domenico Maceri\" \/>\n\t<meta name=\"twitter:label2\" content=\"Tiempo de lectura\" \/>\n\t<meta name=\"twitter:data2\" content=\"5 minutos\" \/>\n<script type=\"application\/ld+json\" class=\"yoast-schema-graph\">{\"@context\":\"https:\/\/schema.org\",\"@graph\":[{\"@type\":\"Article\",\"@id\":\"https:\/\/www.pressenza.com\/es\/2020\/07\/trump-y-el-tribunal-supremo-derrota-legal-pero-victoria-politica\/#article\",\"isPartOf\":{\"@id\":\"https:\/\/www.pressenza.com\/es\/2020\/07\/trump-y-el-tribunal-supremo-derrota-legal-pero-victoria-politica\/\"},\"author\":{\"name\":\"Domenico Maceri\",\"@id\":\"https:\/\/www.pressenza.com\/es\/#\/schema\/person\/ebb6d41cb7d11ded74e2ae352648fe11\"},\"headline\":\"Trump y el Tribunal Supremo: \u00bfderrota legal pero victoria pol\u00edtica?\",\"datePublished\":\"2020-07-28T02:17:03+00:00\",\"mainEntityOfPage\":{\"@id\":\"https:\/\/www.pressenza.com\/es\/2020\/07\/trump-y-el-tribunal-supremo-derrota-legal-pero-victoria-politica\/\"},\"wordCount\":1104,\"publisher\":{\"@id\":\"https:\/\/www.pressenza.com\/es\/#organization\"},\"image\":{\"@id\":\"https:\/\/www.pressenza.com\/es\/2020\/07\/trump-y-el-tribunal-supremo-derrota-legal-pero-victoria-politica\/#primaryimage\"},\"thumbnailUrl\":\"https:\/\/www.pressenza.com\/wp-content\/uploads\/2020\/07\/Supreme_Court_of_the_United_States_-_Roberts_Court_2018.jpg\",\"keywords\":[\"Corte Suprema\",\"Donald Trump\",\"Estados Unidos de Norteam\u00e9rica\",\"USA\"],\"articleSection\":[\"Contenido Original\",\"Internacional\",\"Norteam\u00e9rica\",\"Opiniones\",\"Pol\u00edtica\"],\"inLanguage\":\"es\"},{\"@type\":\"WebPage\",\"@id\":\"https:\/\/www.pressenza.com\/es\/2020\/07\/trump-y-el-tribunal-supremo-derrota-legal-pero-victoria-politica\/\",\"url\":\"https:\/\/www.pressenza.com\/es\/2020\/07\/trump-y-el-tribunal-supremo-derrota-legal-pero-victoria-politica\/\",\"name\":\"Trump y el Tribunal Supremo: \u00bfderrota legal pero victoria pol\u00edtica?\",\"isPartOf\":{\"@id\":\"https:\/\/www.pressenza.com\/es\/#website\"},\"primaryImageOfPage\":{\"@id\":\"https:\/\/www.pressenza.com\/es\/2020\/07\/trump-y-el-tribunal-supremo-derrota-legal-pero-victoria-politica\/#primaryimage\"},\"image\":{\"@id\":\"https:\/\/www.pressenza.com\/es\/2020\/07\/trump-y-el-tribunal-supremo-derrota-legal-pero-victoria-politica\/#primaryimage\"},\"thumbnailUrl\":\"https:\/\/www.pressenza.com\/wp-content\/uploads\/2020\/07\/Supreme_Court_of_the_United_States_-_Roberts_Court_2018.jpg\",\"datePublished\":\"2020-07-28T02:17:03+00:00\",\"description\":\"\\\"Hace doscientos a\u00f1os, un gran jurista de nuestro Tribunal dictamin\u00f3 que ning\u00fan ciudadano, ni siquiera el Presidente, est\u00e1 por encima del deber com\u00fan de\",\"breadcrumb\":{\"@id\":\"https:\/\/www.pressenza.com\/es\/2020\/07\/trump-y-el-tribunal-supremo-derrota-legal-pero-victoria-politica\/#breadcrumb\"},\"inLanguage\":\"es\",\"potentialAction\":[{\"@type\":\"ReadAction\",\"target\":[\"https:\/\/www.pressenza.com\/es\/2020\/07\/trump-y-el-tribunal-supremo-derrota-legal-pero-victoria-politica\/\"]}]},{\"@type\":\"ImageObject\",\"inLanguage\":\"es\",\"@id\":\"https:\/\/www.pressenza.com\/es\/2020\/07\/trump-y-el-tribunal-supremo-derrota-legal-pero-victoria-politica\/#primaryimage\",\"url\":\"https:\/\/www.pressenza.com\/wp-content\/uploads\/2020\/07\/Supreme_Court_of_the_United_States_-_Roberts_Court_2018.jpg\",\"contentUrl\":\"https:\/\/www.pressenza.com\/wp-content\/uploads\/2020\/07\/Supreme_Court_of_the_United_States_-_Roberts_Court_2018.jpg\",\"width\":1500,\"height\":1179,\"caption\":\"The Roberts Court, November 30, 2018. Seated, from left to right: Justices Stephen G. Breyer and Clarence Thomas, Chief Justice John G. Roberts, Jr., and Justices Ruth Bader Ginsburg and Samuel A. Alito. Standing, from left to right: Justices Neil M. Gorsuch, Sonia Sotomayor, Elena Kagan, and Brett M. Kavanaugh. Photograph by Fred Schilling, Supreme Court Curator's Office.\"},{\"@type\":\"BreadcrumbList\",\"@id\":\"https:\/\/www.pressenza.com\/es\/2020\/07\/trump-y-el-tribunal-supremo-derrota-legal-pero-victoria-politica\/#breadcrumb\",\"itemListElement\":[{\"@type\":\"ListItem\",\"position\":1,\"name\":\"Accueil\",\"item\":\"https:\/\/www.pressenza.com\/es\/\"},{\"@type\":\"ListItem\",\"position\":2,\"name\":\"Trump y el Tribunal Supremo: \u00bfderrota legal pero victoria pol\u00edtica?\"}]},{\"@type\":\"WebSite\",\"@id\":\"https:\/\/www.pressenza.com\/es\/#website\",\"url\":\"https:\/\/www.pressenza.com\/es\/\",\"name\":\"Pressenza\",\"description\":\"International Press Agency\",\"publisher\":{\"@id\":\"https:\/\/www.pressenza.com\/es\/#organization\"},\"potentialAction\":[{\"@type\":\"SearchAction\",\"target\":{\"@type\":\"EntryPoint\",\"urlTemplate\":\"https:\/\/www.pressenza.com\/es\/?s={search_term_string}\"},\"query-input\":{\"@type\":\"PropertyValueSpecification\",\"valueRequired\":true,\"valueName\":\"search_term_string\"}}],\"inLanguage\":\"es\"},{\"@type\":\"Organization\",\"@id\":\"https:\/\/www.pressenza.com\/es\/#organization\",\"name\":\"Pressenza\",\"url\":\"https:\/\/www.pressenza.com\/es\/\",\"logo\":{\"@type\":\"ImageObject\",\"inLanguage\":\"es\",\"@id\":\"https:\/\/www.pressenza.com\/es\/#\/schema\/logo\/image\/\",\"url\":\"https:\/\/www.pressenza.com\/wp-content\/uploads\/2022\/10\/pressenza_logo_200x200.jpg\",\"contentUrl\":\"https:\/\/www.pressenza.com\/wp-content\/uploads\/2022\/10\/pressenza_logo_200x200.jpg\",\"width\":200,\"height\":200,\"caption\":\"Pressenza\"},\"image\":{\"@id\":\"https:\/\/www.pressenza.com\/es\/#\/schema\/logo\/image\/\"},\"sameAs\":[\"https:\/\/www.facebook.com\/PressenzaItalia\",\"https:\/\/x.com\/PressenzaIPA\"]},{\"@type\":\"Person\",\"@id\":\"https:\/\/www.pressenza.com\/es\/#\/schema\/person\/ebb6d41cb7d11ded74e2ae352648fe11\",\"name\":\"Domenico Maceri\",\"description\":\"Domenico Maceri \u00e8 nato in Italia ma risiede negli Stati Uniti da molti anni. Ha studiato lingue e letterature romanze alla New Jersey City University, UCLA, e California State University Northridge, e poi ha completato il PhD in letterature comparate alla University of California a Santa Barbara. \u00c8 professore emerito all'Allan Hancock College di Santa Maria, California. Ha pubblicato un libro su Pirandello, uno sulla grammatica spagnola, e un altro sulla grammatica italiana. Ha anche pubblicato numerosi articoli accademici su Italian Quarterly, Selecta, Hispania, Mosaic, Mester, World Literature Today, e altrove. Da una ventina d'anni scrive editoriali in inglese alcuni dei quali sono stati pubblicati dal Japan Times, Washington Times, Chicago Tribune, New York Times e molti altri su argomenti vari come il multilinguismo, l'immigrazione, e la politica. I suoi editoriali in italiano su argomenti simili dono apparsi su Il Nuovo Riformista, Le Opinioni delle Libert\u00e0, L'Unit\u00e0, America Oggi e molti altri. Alcuni dei sui editoriali hanno vinto premi dalla National Association of Hispanic Publications.\",\"url\":\"https:\/\/www.pressenza.com\/es\/author\/domenico-maceri\/\"}]}<\/script>\n<!-- \/ Yoast SEO plugin. -->","yoast_head_json":{"title":"Trump y el Tribunal Supremo: \u00bfderrota legal pero victoria pol\u00edtica?","description":"\"Hace doscientos a\u00f1os, un gran jurista de nuestro Tribunal dictamin\u00f3 que ning\u00fan ciudadano, ni siquiera el Presidente, est\u00e1 por encima del deber com\u00fan de","robots":{"index":"index","follow":"follow","max-snippet":"max-snippet:-1","max-image-preview":"max-image-preview:large","max-video-preview":"max-video-preview:-1"},"canonical":"https:\/\/www.pressenza.com\/es\/2020\/07\/trump-y-el-tribunal-supremo-derrota-legal-pero-victoria-politica\/","og_locale":"es_ES","og_type":"article","og_title":"Trump y el Tribunal Supremo: \u00bfderrota legal pero victoria pol\u00edtica?","og_description":"\"Hace doscientos a\u00f1os, un gran jurista de nuestro Tribunal dictamin\u00f3 que ning\u00fan ciudadano, ni siquiera el Presidente, est\u00e1 por encima del deber com\u00fan de","og_url":"https:\/\/www.pressenza.com\/es\/2020\/07\/trump-y-el-tribunal-supremo-derrota-legal-pero-victoria-politica\/","og_site_name":"Pressenza","article_publisher":"https:\/\/www.facebook.com\/PressenzaItalia","article_published_time":"2020-07-28T02:17:03+00:00","og_image":[{"width":1500,"height":1179,"url":"https:\/\/www.pressenza.com\/wp-content\/uploads\/2020\/07\/Supreme_Court_of_the_United_States_-_Roberts_Court_2018.jpg","type":"image\/jpeg"}],"author":"Domenico Maceri","twitter_card":"summary_large_image","twitter_creator":"@PressenzaIPA","twitter_site":"@PressenzaIPA","twitter_misc":{"Escrito por":"Domenico Maceri","Tiempo de lectura":"5 minutos"},"schema":{"@context":"https:\/\/schema.org","@graph":[{"@type":"Article","@id":"https:\/\/www.pressenza.com\/es\/2020\/07\/trump-y-el-tribunal-supremo-derrota-legal-pero-victoria-politica\/#article","isPartOf":{"@id":"https:\/\/www.pressenza.com\/es\/2020\/07\/trump-y-el-tribunal-supremo-derrota-legal-pero-victoria-politica\/"},"author":{"name":"Domenico Maceri","@id":"https:\/\/www.pressenza.com\/es\/#\/schema\/person\/ebb6d41cb7d11ded74e2ae352648fe11"},"headline":"Trump y el Tribunal Supremo: \u00bfderrota legal pero victoria pol\u00edtica?","datePublished":"2020-07-28T02:17:03+00:00","mainEntityOfPage":{"@id":"https:\/\/www.pressenza.com\/es\/2020\/07\/trump-y-el-tribunal-supremo-derrota-legal-pero-victoria-politica\/"},"wordCount":1104,"publisher":{"@id":"https:\/\/www.pressenza.com\/es\/#organization"},"image":{"@id":"https:\/\/www.pressenza.com\/es\/2020\/07\/trump-y-el-tribunal-supremo-derrota-legal-pero-victoria-politica\/#primaryimage"},"thumbnailUrl":"https:\/\/www.pressenza.com\/wp-content\/uploads\/2020\/07\/Supreme_Court_of_the_United_States_-_Roberts_Court_2018.jpg","keywords":["Corte Suprema","Donald Trump","Estados Unidos de Norteam\u00e9rica","USA"],"articleSection":["Contenido Original","Internacional","Norteam\u00e9rica","Opiniones","Pol\u00edtica"],"inLanguage":"es"},{"@type":"WebPage","@id":"https:\/\/www.pressenza.com\/es\/2020\/07\/trump-y-el-tribunal-supremo-derrota-legal-pero-victoria-politica\/","url":"https:\/\/www.pressenza.com\/es\/2020\/07\/trump-y-el-tribunal-supremo-derrota-legal-pero-victoria-politica\/","name":"Trump y el Tribunal Supremo: \u00bfderrota legal pero victoria pol\u00edtica?","isPartOf":{"@id":"https:\/\/www.pressenza.com\/es\/#website"},"primaryImageOfPage":{"@id":"https:\/\/www.pressenza.com\/es\/2020\/07\/trump-y-el-tribunal-supremo-derrota-legal-pero-victoria-politica\/#primaryimage"},"image":{"@id":"https:\/\/www.pressenza.com\/es\/2020\/07\/trump-y-el-tribunal-supremo-derrota-legal-pero-victoria-politica\/#primaryimage"},"thumbnailUrl":"https:\/\/www.pressenza.com\/wp-content\/uploads\/2020\/07\/Supreme_Court_of_the_United_States_-_Roberts_Court_2018.jpg","datePublished":"2020-07-28T02:17:03+00:00","description":"\"Hace doscientos a\u00f1os, un gran jurista de nuestro Tribunal dictamin\u00f3 que ning\u00fan ciudadano, ni siquiera el Presidente, est\u00e1 por encima del deber com\u00fan de","breadcrumb":{"@id":"https:\/\/www.pressenza.com\/es\/2020\/07\/trump-y-el-tribunal-supremo-derrota-legal-pero-victoria-politica\/#breadcrumb"},"inLanguage":"es","potentialAction":[{"@type":"ReadAction","target":["https:\/\/www.pressenza.com\/es\/2020\/07\/trump-y-el-tribunal-supremo-derrota-legal-pero-victoria-politica\/"]}]},{"@type":"ImageObject","inLanguage":"es","@id":"https:\/\/www.pressenza.com\/es\/2020\/07\/trump-y-el-tribunal-supremo-derrota-legal-pero-victoria-politica\/#primaryimage","url":"https:\/\/www.pressenza.com\/wp-content\/uploads\/2020\/07\/Supreme_Court_of_the_United_States_-_Roberts_Court_2018.jpg","contentUrl":"https:\/\/www.pressenza.com\/wp-content\/uploads\/2020\/07\/Supreme_Court_of_the_United_States_-_Roberts_Court_2018.jpg","width":1500,"height":1179,"caption":"The Roberts Court, November 30, 2018. Seated, from left to right: Justices Stephen G. Breyer and Clarence Thomas, Chief Justice John G. Roberts, Jr., and Justices Ruth Bader Ginsburg and Samuel A. Alito. Standing, from left to right: Justices Neil M. Gorsuch, Sonia Sotomayor, Elena Kagan, and Brett M. Kavanaugh. Photograph by Fred Schilling, Supreme Court Curator's Office."},{"@type":"BreadcrumbList","@id":"https:\/\/www.pressenza.com\/es\/2020\/07\/trump-y-el-tribunal-supremo-derrota-legal-pero-victoria-politica\/#breadcrumb","itemListElement":[{"@type":"ListItem","position":1,"name":"Accueil","item":"https:\/\/www.pressenza.com\/es\/"},{"@type":"ListItem","position":2,"name":"Trump y el Tribunal Supremo: \u00bfderrota legal pero victoria pol\u00edtica?"}]},{"@type":"WebSite","@id":"https:\/\/www.pressenza.com\/es\/#website","url":"https:\/\/www.pressenza.com\/es\/","name":"Pressenza","description":"International Press Agency","publisher":{"@id":"https:\/\/www.pressenza.com\/es\/#organization"},"potentialAction":[{"@type":"SearchAction","target":{"@type":"EntryPoint","urlTemplate":"https:\/\/www.pressenza.com\/es\/?s={search_term_string}"},"query-input":{"@type":"PropertyValueSpecification","valueRequired":true,"valueName":"search_term_string"}}],"inLanguage":"es"},{"@type":"Organization","@id":"https:\/\/www.pressenza.com\/es\/#organization","name":"Pressenza","url":"https:\/\/www.pressenza.com\/es\/","logo":{"@type":"ImageObject","inLanguage":"es","@id":"https:\/\/www.pressenza.com\/es\/#\/schema\/logo\/image\/","url":"https:\/\/www.pressenza.com\/wp-content\/uploads\/2022\/10\/pressenza_logo_200x200.jpg","contentUrl":"https:\/\/www.pressenza.com\/wp-content\/uploads\/2022\/10\/pressenza_logo_200x200.jpg","width":200,"height":200,"caption":"Pressenza"},"image":{"@id":"https:\/\/www.pressenza.com\/es\/#\/schema\/logo\/image\/"},"sameAs":["https:\/\/www.facebook.com\/PressenzaItalia","https:\/\/x.com\/PressenzaIPA"]},{"@type":"Person","@id":"https:\/\/www.pressenza.com\/es\/#\/schema\/person\/ebb6d41cb7d11ded74e2ae352648fe11","name":"Domenico Maceri","description":"Domenico Maceri \u00e8 nato in Italia ma risiede negli Stati Uniti da molti anni. Ha studiato lingue e letterature romanze alla New Jersey City University, UCLA, e California State University Northridge, e poi ha completato il PhD in letterature comparate alla University of California a Santa Barbara. \u00c8 professore emerito all'Allan Hancock College di Santa Maria, California. Ha pubblicato un libro su Pirandello, uno sulla grammatica spagnola, e un altro sulla grammatica italiana. Ha anche pubblicato numerosi articoli accademici su Italian Quarterly, Selecta, Hispania, Mosaic, Mester, World Literature Today, e altrove. Da una ventina d'anni scrive editoriali in inglese alcuni dei quali sono stati pubblicati dal Japan Times, Washington Times, Chicago Tribune, New York Times e molti altri su argomenti vari come il multilinguismo, l'immigrazione, e la politica. I suoi editoriali in italiano su argomenti simili dono apparsi su Il Nuovo Riformista, Le Opinioni delle Libert\u00e0, L'Unit\u00e0, America Oggi e molti altri. Alcuni dei sui editoriali hanno vinto premi dalla National Association of Hispanic Publications.","url":"https:\/\/www.pressenza.com\/es\/author\/domenico-maceri\/"}]}},"place":"San Luis Obispo, California","original_article_url":"","_links":{"self":[{"href":"https:\/\/www.pressenza.com\/es\/wp-json\/wp\/v2\/posts\/1167800","targetHints":{"allow":["GET"]}}],"collection":[{"href":"https:\/\/www.pressenza.com\/es\/wp-json\/wp\/v2\/posts"}],"about":[{"href":"https:\/\/www.pressenza.com\/es\/wp-json\/wp\/v2\/types\/post"}],"author":[{"embeddable":true,"href":"https:\/\/www.pressenza.com\/es\/wp-json\/wp\/v2\/users\/1521"}],"replies":[{"embeddable":true,"href":"https:\/\/www.pressenza.com\/es\/wp-json\/wp\/v2\/comments?post=1167800"}],"version-history":[{"count":0,"href":"https:\/\/www.pressenza.com\/es\/wp-json\/wp\/v2\/posts\/1167800\/revisions"}],"wp:featuredmedia":[{"embeddable":true,"href":"https:\/\/www.pressenza.com\/es\/wp-json\/wp\/v2\/media\/1161989"}],"wp:attachment":[{"href":"https:\/\/www.pressenza.com\/es\/wp-json\/wp\/v2\/media?parent=1167800"}],"wp:term":[{"taxonomy":"category","embeddable":true,"href":"https:\/\/www.pressenza.com\/es\/wp-json\/wp\/v2\/categories?post=1167800"},{"taxonomy":"post_tag","embeddable":true,"href":"https:\/\/www.pressenza.com\/es\/wp-json\/wp\/v2\/tags?post=1167800"}],"curies":[{"name":"wp","href":"https:\/\/api.w.org\/{rel}","templated":true}]}}