{"id":1167787,"date":"2020-07-29T03:51:47","date_gmt":"2020-07-29T02:51:47","guid":{"rendered":"https:\/\/www.pressenza.com\/?p=1167787"},"modified":"2020-08-12T14:50:58","modified_gmt":"2020-08-12T13:50:58","slug":"bolsonaro-y-la-oms-se-unieron-en-la-misma-lucha","status":"publish","type":"post","link":"https:\/\/www.pressenza.com\/es\/2020\/07\/bolsonaro-y-la-oms-se-unieron-en-la-misma-lucha\/","title":{"rendered":"Bolsonaro y la OMS se unieron en la misma lucha?"},"content":{"rendered":"<p>Jair Bolsonaro, como Trump, afirma que no hay epidemia de Covid-19 y se muestra sonriente mientras bebe la Cloroquina, obteniendo as\u00ed la imagen de un d\u00e9spota de buen humor y definitivamente tonto.<\/p>\n<p>Mucha gente hace un simple razonamiento: si \u00e9l toma Cloroquina, habr\u00eda que ser tonto para hacerlo.<\/p>\n<p>Es necesario aclarar aqu\u00ed que la Hidroxicloroquina debe ser administrada con cuidado, y no como en el video de Bolsonaro que habla de ella como si fuera la nueva aspirina, haciendo que la gente piense que el Covid-19 es un resfriado com\u00fan y que el distanciamiento y la protecci\u00f3n no son necesarios, que \u00abtodo est\u00e1 bien\u00bb a pesar de los miles de muertos, y que se puede volver feliz al trabajo.<\/p>\n<p>La OMS, por su parte, prohibi\u00f3 la cloroquina a partir del estudio de Mandep R. Mehra y Coll, publicado en <a href=\"https:\/\/doi.org\/10.1016\/S0140-6736(20)31180-6\">The Lancet<\/a> y que fue desacreditado inmediatamente por 120 cient\u00edficos y cientos de m\u00e9dicos por ser <em>pr\u00e1cticamente tonto<\/em> (v\u00e9ase la <a href=\"https:\/\/www.pressenza.com\/it\/informazioni\/\">entrevista en Pressenza en HippocratesOrg<\/a>) y luego sobre la base de un estudio de alto perfil a simple vista (<a href=\"https:\/\/www.recoverytrial.net\/files\/hcq-recovery-statement-050620-final-002.pdf\">Recovery of Oxford<\/a>) que no tiene una buena sustentaci\u00f3n cl\u00ednica, a pesar de las apariencias.<\/p>\n<p>El resultado en este caso tambi\u00e9n es que la hidroxicloroquina no sirve para combatir el Covid-19, dice la OMS&#8230; (financiada en gran parte por Bill Gates y Big Pharma que pretenden lanzar la vacuna contra el Covid y contra la gripe a gran escala), ignorando a prop\u00f3sito la existencia de muchos estudios cient\u00edficos que han demostrado la eficacia de la hidroxicloroquina. No menos importante es el <a href=\"https:\/\/www.sciencedirect.com\/science\/article\/pii\/S1477893920302817\">estudio en Marsella<\/a> del Prof. Didier Raoul.<\/p>\n<p>Perm\u00edtanme explicarme mejor: en el estudio Recovery utilizaron Hidroxicloroquina en dosis superiores a las recomendadas en pacientes ya graves a los que no tiene sentido dar esta terapia ni siquiera en dosis regulares. Adem\u00e1s, probaron la hidroxicloroquina sola, cuando se sabe que es eficaz en las primeras etapas de la enfermedad y si se administra junto a la azitromicina y a veces a la heparina.<\/p>\n<p>\u00bfCu\u00e1l es el prop\u00f3sito de este <em>caos ingl\u00e9s<\/em>? No quiero parecer maliciosa, pero hay un gran inter\u00e9s en el horizonte por las costosas terapias antivirales y la vacuna contra el Covid, que ser\u00e1 crucial cuando no tengamos una terapia simple y eficaz para frenar y cortar de ra\u00edz los casos, mucho antes de que lleguen a la fase avanzada y, finalmente, a los cuidados intensivos.<\/p>\n<p>No se puede dudar de la existencia de la pandemia de Covid-19, como quisieran los populistas reinantes, pero s\u00ed del hecho de que la causa sea s\u00f3lo el Coronavirus, al menos observando los acontecimientos tal y como ocurrieron.<\/p>\n<p>Recuerdo aqu\u00ed que la Asociaci\u00f3n Americana de M\u00e9dicos y Cirujanos (AAPS) present\u00f3 una solicitud de un requerimiento judicial preliminar el 22 de junio de 2020 para obligar al gobierno de los Estados Unidos a liberalizar el uso de la hidroxicloroquina. \u00ab\u00bfPor qu\u00e9 el gobierno contin\u00faa reteniendo m\u00e1s de 60 millones de dosis de HCQ?\u00bb pregunta la Dra. Jane Orient, Directora Ejecutiva de la AAPS. \u00abEste f\u00e1rmaco potencialmente salvavidas abunda en las bodegas del gobierno mientras los americanos mueren por COVID-19\u00bb.<\/p>\n<p>En resumen, Bolsonaro por un lado y la O.M.S. por el otro desacreditan el \u00fanico f\u00e1rmaco barato y eficaz en las primeras fases de la enfermedad: la hidroxicloroquina. Es dif\u00edcil decir c\u00f3mo la estupidez o el bandolerismo prevalecen en ambos.<\/p>\n<p>El profesor Cipolla de la Universidad de Berkley nos advirti\u00f3 en su momento:<\/p>\n<p>A menudo la gente razonable es puesta a prueba por los tontos porque son sorprendidos por su ataque impredecible y no pueden organizar una defensa racional, dado que el ataque no tiene una estructura racional. (Tomado libremente de \u00abLeyes b\u00e1sicas de la estupidez humana\u00bb).<\/p>\n<p>Deber\u00edamos sonre\u00edr, pero si pensamos en el da\u00f1o que estas posiciones aparentemente opuestas hacen al mundo, que sigue muriendo por COVID-19, uno se pregunta en qu\u00e9 direcci\u00f3n desesperada va la humanidad.<\/p>\n<p>Podemos y debemos dejar de delegar la lectura de la realidad a los pol\u00edticos y a los super expertos y dar voz a nuestro sentido cr\u00edtico desacreditando pacientemente las construcciones pseudo cient\u00edficas y los populismos que simplemente apoyan los grandes intereses de las multinacionales.<\/p>\n<p>En todo el mundo est\u00e1n surgiendo muchos movimientos de m\u00e9dicos y ciudadanos que se rebelan contra la arrogante estupidez de quienes piensan en los intereses de unos pocos olvidando que no hay salvaci\u00f3n si no llega a todos, porque estamos interconectados y somos interdependientes. En Italia, entre otros, naci\u00f3 el movimiento Hip\u00f3cratesOrg <a href=\"https:\/\/www.facebook.com\/IppocrateOrg\/\">https:\/\/www.facebook.com\/IppocrateOrg\/<\/a>\u00a0 fundado por Mauro Rango y muchos otros m\u00e9dicos. En este video el Dr. Rango explica claramente todo el camino recorrido hasta ahora. <a href=\"https:\/\/d.tube\/#!\/v\/ippocrateorg61\/QmNVfobeBW8G6igGJZT2ghzYLrHRrUQVBKNP7uUcJJQ36r\">https:\/\/d.tube\/#!\/v\/ippocrateorg61\/QmNVfobeBW8G6igGJZT2ghzYLrHRrUQVBKNP7uUcJJQ36r<\/a><\/p>\n<p>No puedo terminar sin mencionar el exterminio de los pueblos originarios brasile\u00f1os, que avanza sin trabas debido al Covid-19 y a la continua invasi\u00f3n de sus territorios por los buscadores de oro y los terratenientes, defendidos por Bolsonaro, que propagan enfermedades y virus a los que los nativos son muy vulnerables. Tal vez no es tanto la Hidroxicloroquina (distribuida por Bolsonaro sin m\u00e9todo alguno ni con la debida atenci\u00f3n a los problemas cardiol\u00f3gicos) lo mejor para los indios, como s\u00ed lo es la libertad de ser ellos mismos y de vivir sus tradiciones, sin invasiones y agresiones.<\/p>\n<p><strong>Maria Antoinetta B\u00e0lzola, m\u00e9dico psiquiatra<\/strong><\/p>\n<hr \/>\n<p><em>Traducido del italiano por Estefany Zaldumbide<\/em><\/p>\n","protected":false},"excerpt":{"rendered":"<p>Jair Bolsonaro, como Trump, afirma que no hay epidemia de Covid-19 y se muestra sonriente mientras bebe la Cloroquina, obteniendo as\u00ed la imagen de un d\u00e9spota de buen humor y definitivamente tonto. Mucha gente hace un simple razonamiento: si \u00e9l&hellip;<\/p>\n","protected":false},"author":594,"featured_media":1122493,"comment_status":"closed","ping_status":"closed","sticky":false,"template":"","format":"standard","meta":{"footnotes":""},"categories":[11389,161,74,1239],"tags":[78757,79397,79398,54889],"class_list":["post-1167787","post","type-post","status-publish","format-standard","has-post-thumbnail","hentry","category-contenido-original","category-opiniones","category-politica-es","category-salud","tag-covid-19-ca-es","tag-curas-para-el-covid-19","tag-hidroxicloroquina-es","tag-jair-bolsonaro-es"],"yoast_head":"<!-- This site is optimized with the Yoast SEO plugin v27.1.1 - https:\/\/yoast.com\/product\/yoast-seo-wordpress\/ -->\n<title>Bolsonaro y la OMS se unieron en la misma lucha?<\/title>\n<meta name=\"description\" content=\"Jair Bolsonaro, como Trump, afirma que no hay epidemia de Covid-19 y se muestra sonriente mientras bebe la Cloroquina, obteniendo as\u00ed la imagen de un\" \/>\n<meta name=\"robots\" content=\"index, follow, max-snippet:-1, max-image-preview:large, max-video-preview:-1\" \/>\n<link rel=\"canonical\" href=\"https:\/\/www.pressenza.com\/es\/2020\/07\/bolsonaro-y-la-oms-se-unieron-en-la-misma-lucha\/\" \/>\n<meta property=\"og:locale\" content=\"es_ES\" \/>\n<meta property=\"og:type\" content=\"article\" \/>\n<meta property=\"og:title\" content=\"Bolsonaro y la OMS se unieron en la misma lucha?\" \/>\n<meta property=\"og:description\" content=\"Jair Bolsonaro, como Trump, afirma que no hay epidemia de Covid-19 y se muestra sonriente mientras bebe la Cloroquina, obteniendo as\u00ed la imagen de un\" \/>\n<meta property=\"og:url\" content=\"https:\/\/www.pressenza.com\/es\/2020\/07\/bolsonaro-y-la-oms-se-unieron-en-la-misma-lucha\/\" \/>\n<meta property=\"og:site_name\" content=\"Pressenza\" \/>\n<meta property=\"article:publisher\" content=\"https:\/\/www.facebook.com\/PressenzaItalia\" \/>\n<meta property=\"article:author\" content=\"https:\/\/www.facebook.com\/PressenzaItalia\" \/>\n<meta property=\"article:published_time\" content=\"2020-07-29T02:51:47+00:00\" \/>\n<meta property=\"article:modified_time\" content=\"2020-08-12T13:50:58+00:00\" \/>\n<meta property=\"og:image\" content=\"https:\/\/www.pressenza.com\/wp-content\/uploads\/2020\/05\/1280px-jair_bolsonaro_na_camara_sobre_a_comissao_da_verdade.jpg\" \/>\n\t<meta property=\"og:image:width\" content=\"1000\" \/>\n\t<meta property=\"og:image:height\" content=\"613\" \/>\n\t<meta property=\"og:image:type\" content=\"image\/jpeg\" \/>\n<meta name=\"author\" content=\"Redazione Italia\" \/>\n<meta name=\"twitter:card\" content=\"summary_large_image\" \/>\n<meta name=\"twitter:creator\" content=\"@pressenza_it\" \/>\n<meta name=\"twitter:site\" content=\"@PressenzaIPA\" \/>\n<meta name=\"twitter:label1\" content=\"Escrito por\" \/>\n\t<meta name=\"twitter:data1\" content=\"Redazione Italia\" \/>\n\t<meta name=\"twitter:label2\" content=\"Tiempo de lectura\" \/>\n\t<meta name=\"twitter:data2\" content=\"5 minutos\" \/>\n<script type=\"application\/ld+json\" class=\"yoast-schema-graph\">{\"@context\":\"https:\/\/schema.org\",\"@graph\":[{\"@type\":\"Article\",\"@id\":\"https:\/\/www.pressenza.com\/es\/2020\/07\/bolsonaro-y-la-oms-se-unieron-en-la-misma-lucha\/#article\",\"isPartOf\":{\"@id\":\"https:\/\/www.pressenza.com\/es\/2020\/07\/bolsonaro-y-la-oms-se-unieron-en-la-misma-lucha\/\"},\"author\":{\"name\":\"Redazione Italia\",\"@id\":\"https:\/\/www.pressenza.com\/es\/#\/schema\/person\/d983e81827ae24f2c7b1a2123d197f8d\"},\"headline\":\"Bolsonaro y la OMS se unieron en la misma lucha?\",\"datePublished\":\"2020-07-29T02:51:47+00:00\",\"dateModified\":\"2020-08-12T13:50:58+00:00\",\"mainEntityOfPage\":{\"@id\":\"https:\/\/www.pressenza.com\/es\/2020\/07\/bolsonaro-y-la-oms-se-unieron-en-la-misma-lucha\/\"},\"wordCount\":941,\"publisher\":{\"@id\":\"https:\/\/www.pressenza.com\/es\/#organization\"},\"image\":{\"@id\":\"https:\/\/www.pressenza.com\/es\/2020\/07\/bolsonaro-y-la-oms-se-unieron-en-la-misma-lucha\/#primaryimage\"},\"thumbnailUrl\":\"https:\/\/www.pressenza.com\/wp-content\/uploads\/2020\/05\/1280px-jair_bolsonaro_na_camara_sobre_a_comissao_da_verdade.jpg\",\"keywords\":[\"COVID-19\",\"curas para el Covid-19\",\"hidroxicloroquina\",\"Jair Bolsonaro\"],\"articleSection\":[\"Contenido Original\",\"Opiniones\",\"Pol\u00edtica\",\"Salud\"],\"inLanguage\":\"es\"},{\"@type\":\"WebPage\",\"@id\":\"https:\/\/www.pressenza.com\/es\/2020\/07\/bolsonaro-y-la-oms-se-unieron-en-la-misma-lucha\/\",\"url\":\"https:\/\/www.pressenza.com\/es\/2020\/07\/bolsonaro-y-la-oms-se-unieron-en-la-misma-lucha\/\",\"name\":\"Bolsonaro y la OMS se unieron en la misma lucha?\",\"isPartOf\":{\"@id\":\"https:\/\/www.pressenza.com\/es\/#website\"},\"primaryImageOfPage\":{\"@id\":\"https:\/\/www.pressenza.com\/es\/2020\/07\/bolsonaro-y-la-oms-se-unieron-en-la-misma-lucha\/#primaryimage\"},\"image\":{\"@id\":\"https:\/\/www.pressenza.com\/es\/2020\/07\/bolsonaro-y-la-oms-se-unieron-en-la-misma-lucha\/#primaryimage\"},\"thumbnailUrl\":\"https:\/\/www.pressenza.com\/wp-content\/uploads\/2020\/05\/1280px-jair_bolsonaro_na_camara_sobre_a_comissao_da_verdade.jpg\",\"datePublished\":\"2020-07-29T02:51:47+00:00\",\"dateModified\":\"2020-08-12T13:50:58+00:00\",\"description\":\"Jair Bolsonaro, como Trump, afirma que no hay epidemia de Covid-19 y se muestra sonriente mientras bebe la Cloroquina, obteniendo as\u00ed la imagen de un\",\"breadcrumb\":{\"@id\":\"https:\/\/www.pressenza.com\/es\/2020\/07\/bolsonaro-y-la-oms-se-unieron-en-la-misma-lucha\/#breadcrumb\"},\"inLanguage\":\"es\",\"potentialAction\":[{\"@type\":\"ReadAction\",\"target\":[\"https:\/\/www.pressenza.com\/es\/2020\/07\/bolsonaro-y-la-oms-se-unieron-en-la-misma-lucha\/\"]}]},{\"@type\":\"ImageObject\",\"inLanguage\":\"es\",\"@id\":\"https:\/\/www.pressenza.com\/es\/2020\/07\/bolsonaro-y-la-oms-se-unieron-en-la-misma-lucha\/#primaryimage\",\"url\":\"https:\/\/www.pressenza.com\/wp-content\/uploads\/2020\/05\/1280px-jair_bolsonaro_na_camara_sobre_a_comissao_da_verdade.jpg\",\"contentUrl\":\"https:\/\/www.pressenza.com\/wp-content\/uploads\/2020\/05\/1280px-jair_bolsonaro_na_camara_sobre_a_comissao_da_verdade.jpg\",\"width\":1000,\"height\":613},{\"@type\":\"BreadcrumbList\",\"@id\":\"https:\/\/www.pressenza.com\/es\/2020\/07\/bolsonaro-y-la-oms-se-unieron-en-la-misma-lucha\/#breadcrumb\",\"itemListElement\":[{\"@type\":\"ListItem\",\"position\":1,\"name\":\"Accueil\",\"item\":\"https:\/\/www.pressenza.com\/es\/\"},{\"@type\":\"ListItem\",\"position\":2,\"name\":\"Bolsonaro y la OMS se unieron en la misma lucha?\"}]},{\"@type\":\"WebSite\",\"@id\":\"https:\/\/www.pressenza.com\/es\/#website\",\"url\":\"https:\/\/www.pressenza.com\/es\/\",\"name\":\"Pressenza\",\"description\":\"International Press Agency\",\"publisher\":{\"@id\":\"https:\/\/www.pressenza.com\/es\/#organization\"},\"potentialAction\":[{\"@type\":\"SearchAction\",\"target\":{\"@type\":\"EntryPoint\",\"urlTemplate\":\"https:\/\/www.pressenza.com\/es\/?s={search_term_string}\"},\"query-input\":{\"@type\":\"PropertyValueSpecification\",\"valueRequired\":true,\"valueName\":\"search_term_string\"}}],\"inLanguage\":\"es\"},{\"@type\":\"Organization\",\"@id\":\"https:\/\/www.pressenza.com\/es\/#organization\",\"name\":\"Pressenza\",\"url\":\"https:\/\/www.pressenza.com\/es\/\",\"logo\":{\"@type\":\"ImageObject\",\"inLanguage\":\"es\",\"@id\":\"https:\/\/www.pressenza.com\/es\/#\/schema\/logo\/image\/\",\"url\":\"https:\/\/www.pressenza.com\/wp-content\/uploads\/2022\/10\/pressenza_logo_200x200.jpg\",\"contentUrl\":\"https:\/\/www.pressenza.com\/wp-content\/uploads\/2022\/10\/pressenza_logo_200x200.jpg\",\"width\":200,\"height\":200,\"caption\":\"Pressenza\"},\"image\":{\"@id\":\"https:\/\/www.pressenza.com\/es\/#\/schema\/logo\/image\/\"},\"sameAs\":[\"https:\/\/www.facebook.com\/PressenzaItalia\",\"https:\/\/x.com\/PressenzaIPA\"]},{\"@type\":\"Person\",\"@id\":\"https:\/\/www.pressenza.com\/es\/#\/schema\/person\/d983e81827ae24f2c7b1a2123d197f8d\",\"name\":\"Redazione Italia\",\"description\":\"News from the Pressenza Bureau in Italy\",\"sameAs\":[\"https:\/\/www.pressenza.com\/it\/author\/redazione-italia\/\",\"https:\/\/www.facebook.com\/PressenzaItalia\",\"https:\/\/www.instagram.com\/pressenza_italia\/\",\"https:\/\/x.com\/pressenza_it\",\"https:\/\/www.youtube.com\/channel\/UCSalEIWjE1RSxkwjfftFuqg\"],\"url\":\"https:\/\/www.pressenza.com\/es\/author\/redazione-italia\/\"}]}<\/script>\n<!-- \/ Yoast SEO plugin. -->","yoast_head_json":{"title":"Bolsonaro y la OMS se unieron en la misma lucha?","description":"Jair Bolsonaro, como Trump, afirma que no hay epidemia de Covid-19 y se muestra sonriente mientras bebe la Cloroquina, obteniendo as\u00ed la imagen de un","robots":{"index":"index","follow":"follow","max-snippet":"max-snippet:-1","max-image-preview":"max-image-preview:large","max-video-preview":"max-video-preview:-1"},"canonical":"https:\/\/www.pressenza.com\/es\/2020\/07\/bolsonaro-y-la-oms-se-unieron-en-la-misma-lucha\/","og_locale":"es_ES","og_type":"article","og_title":"Bolsonaro y la OMS se unieron en la misma lucha?","og_description":"Jair Bolsonaro, como Trump, afirma que no hay epidemia de Covid-19 y se muestra sonriente mientras bebe la Cloroquina, obteniendo as\u00ed la imagen de un","og_url":"https:\/\/www.pressenza.com\/es\/2020\/07\/bolsonaro-y-la-oms-se-unieron-en-la-misma-lucha\/","og_site_name":"Pressenza","article_publisher":"https:\/\/www.facebook.com\/PressenzaItalia","article_author":"https:\/\/www.facebook.com\/PressenzaItalia","article_published_time":"2020-07-29T02:51:47+00:00","article_modified_time":"2020-08-12T13:50:58+00:00","og_image":[{"width":1000,"height":613,"url":"https:\/\/www.pressenza.com\/wp-content\/uploads\/2020\/05\/1280px-jair_bolsonaro_na_camara_sobre_a_comissao_da_verdade.jpg","type":"image\/jpeg"}],"author":"Redazione Italia","twitter_card":"summary_large_image","twitter_creator":"@pressenza_it","twitter_site":"@PressenzaIPA","twitter_misc":{"Escrito por":"Redazione Italia","Tiempo de lectura":"5 minutos"},"schema":{"@context":"https:\/\/schema.org","@graph":[{"@type":"Article","@id":"https:\/\/www.pressenza.com\/es\/2020\/07\/bolsonaro-y-la-oms-se-unieron-en-la-misma-lucha\/#article","isPartOf":{"@id":"https:\/\/www.pressenza.com\/es\/2020\/07\/bolsonaro-y-la-oms-se-unieron-en-la-misma-lucha\/"},"author":{"name":"Redazione Italia","@id":"https:\/\/www.pressenza.com\/es\/#\/schema\/person\/d983e81827ae24f2c7b1a2123d197f8d"},"headline":"Bolsonaro y la OMS se unieron en la misma lucha?","datePublished":"2020-07-29T02:51:47+00:00","dateModified":"2020-08-12T13:50:58+00:00","mainEntityOfPage":{"@id":"https:\/\/www.pressenza.com\/es\/2020\/07\/bolsonaro-y-la-oms-se-unieron-en-la-misma-lucha\/"},"wordCount":941,"publisher":{"@id":"https:\/\/www.pressenza.com\/es\/#organization"},"image":{"@id":"https:\/\/www.pressenza.com\/es\/2020\/07\/bolsonaro-y-la-oms-se-unieron-en-la-misma-lucha\/#primaryimage"},"thumbnailUrl":"https:\/\/www.pressenza.com\/wp-content\/uploads\/2020\/05\/1280px-jair_bolsonaro_na_camara_sobre_a_comissao_da_verdade.jpg","keywords":["COVID-19","curas para el Covid-19","hidroxicloroquina","Jair Bolsonaro"],"articleSection":["Contenido Original","Opiniones","Pol\u00edtica","Salud"],"inLanguage":"es"},{"@type":"WebPage","@id":"https:\/\/www.pressenza.com\/es\/2020\/07\/bolsonaro-y-la-oms-se-unieron-en-la-misma-lucha\/","url":"https:\/\/www.pressenza.com\/es\/2020\/07\/bolsonaro-y-la-oms-se-unieron-en-la-misma-lucha\/","name":"Bolsonaro y la OMS se unieron en la misma lucha?","isPartOf":{"@id":"https:\/\/www.pressenza.com\/es\/#website"},"primaryImageOfPage":{"@id":"https:\/\/www.pressenza.com\/es\/2020\/07\/bolsonaro-y-la-oms-se-unieron-en-la-misma-lucha\/#primaryimage"},"image":{"@id":"https:\/\/www.pressenza.com\/es\/2020\/07\/bolsonaro-y-la-oms-se-unieron-en-la-misma-lucha\/#primaryimage"},"thumbnailUrl":"https:\/\/www.pressenza.com\/wp-content\/uploads\/2020\/05\/1280px-jair_bolsonaro_na_camara_sobre_a_comissao_da_verdade.jpg","datePublished":"2020-07-29T02:51:47+00:00","dateModified":"2020-08-12T13:50:58+00:00","description":"Jair Bolsonaro, como Trump, afirma que no hay epidemia de Covid-19 y se muestra sonriente mientras bebe la Cloroquina, obteniendo as\u00ed la imagen de un","breadcrumb":{"@id":"https:\/\/www.pressenza.com\/es\/2020\/07\/bolsonaro-y-la-oms-se-unieron-en-la-misma-lucha\/#breadcrumb"},"inLanguage":"es","potentialAction":[{"@type":"ReadAction","target":["https:\/\/www.pressenza.com\/es\/2020\/07\/bolsonaro-y-la-oms-se-unieron-en-la-misma-lucha\/"]}]},{"@type":"ImageObject","inLanguage":"es","@id":"https:\/\/www.pressenza.com\/es\/2020\/07\/bolsonaro-y-la-oms-se-unieron-en-la-misma-lucha\/#primaryimage","url":"https:\/\/www.pressenza.com\/wp-content\/uploads\/2020\/05\/1280px-jair_bolsonaro_na_camara_sobre_a_comissao_da_verdade.jpg","contentUrl":"https:\/\/www.pressenza.com\/wp-content\/uploads\/2020\/05\/1280px-jair_bolsonaro_na_camara_sobre_a_comissao_da_verdade.jpg","width":1000,"height":613},{"@type":"BreadcrumbList","@id":"https:\/\/www.pressenza.com\/es\/2020\/07\/bolsonaro-y-la-oms-se-unieron-en-la-misma-lucha\/#breadcrumb","itemListElement":[{"@type":"ListItem","position":1,"name":"Accueil","item":"https:\/\/www.pressenza.com\/es\/"},{"@type":"ListItem","position":2,"name":"Bolsonaro y la OMS se unieron en la misma lucha?"}]},{"@type":"WebSite","@id":"https:\/\/www.pressenza.com\/es\/#website","url":"https:\/\/www.pressenza.com\/es\/","name":"Pressenza","description":"International Press Agency","publisher":{"@id":"https:\/\/www.pressenza.com\/es\/#organization"},"potentialAction":[{"@type":"SearchAction","target":{"@type":"EntryPoint","urlTemplate":"https:\/\/www.pressenza.com\/es\/?s={search_term_string}"},"query-input":{"@type":"PropertyValueSpecification","valueRequired":true,"valueName":"search_term_string"}}],"inLanguage":"es"},{"@type":"Organization","@id":"https:\/\/www.pressenza.com\/es\/#organization","name":"Pressenza","url":"https:\/\/www.pressenza.com\/es\/","logo":{"@type":"ImageObject","inLanguage":"es","@id":"https:\/\/www.pressenza.com\/es\/#\/schema\/logo\/image\/","url":"https:\/\/www.pressenza.com\/wp-content\/uploads\/2022\/10\/pressenza_logo_200x200.jpg","contentUrl":"https:\/\/www.pressenza.com\/wp-content\/uploads\/2022\/10\/pressenza_logo_200x200.jpg","width":200,"height":200,"caption":"Pressenza"},"image":{"@id":"https:\/\/www.pressenza.com\/es\/#\/schema\/logo\/image\/"},"sameAs":["https:\/\/www.facebook.com\/PressenzaItalia","https:\/\/x.com\/PressenzaIPA"]},{"@type":"Person","@id":"https:\/\/www.pressenza.com\/es\/#\/schema\/person\/d983e81827ae24f2c7b1a2123d197f8d","name":"Redazione Italia","description":"News from the Pressenza Bureau in Italy","sameAs":["https:\/\/www.pressenza.com\/it\/author\/redazione-italia\/","https:\/\/www.facebook.com\/PressenzaItalia","https:\/\/www.instagram.com\/pressenza_italia\/","https:\/\/x.com\/pressenza_it","https:\/\/www.youtube.com\/channel\/UCSalEIWjE1RSxkwjfftFuqg"],"url":"https:\/\/www.pressenza.com\/es\/author\/redazione-italia\/"}]}},"place":"Maria Antonietta B\u00e0lzola","original_article_url":"","_links":{"self":[{"href":"https:\/\/www.pressenza.com\/es\/wp-json\/wp\/v2\/posts\/1167787","targetHints":{"allow":["GET"]}}],"collection":[{"href":"https:\/\/www.pressenza.com\/es\/wp-json\/wp\/v2\/posts"}],"about":[{"href":"https:\/\/www.pressenza.com\/es\/wp-json\/wp\/v2\/types\/post"}],"author":[{"embeddable":true,"href":"https:\/\/www.pressenza.com\/es\/wp-json\/wp\/v2\/users\/594"}],"replies":[{"embeddable":true,"href":"https:\/\/www.pressenza.com\/es\/wp-json\/wp\/v2\/comments?post=1167787"}],"version-history":[{"count":0,"href":"https:\/\/www.pressenza.com\/es\/wp-json\/wp\/v2\/posts\/1167787\/revisions"}],"wp:featuredmedia":[{"embeddable":true,"href":"https:\/\/www.pressenza.com\/es\/wp-json\/wp\/v2\/media\/1122493"}],"wp:attachment":[{"href":"https:\/\/www.pressenza.com\/es\/wp-json\/wp\/v2\/media?parent=1167787"}],"wp:term":[{"taxonomy":"category","embeddable":true,"href":"https:\/\/www.pressenza.com\/es\/wp-json\/wp\/v2\/categories?post=1167787"},{"taxonomy":"post_tag","embeddable":true,"href":"https:\/\/www.pressenza.com\/es\/wp-json\/wp\/v2\/tags?post=1167787"}],"curies":[{"name":"wp","href":"https:\/\/api.w.org\/{rel}","templated":true}]}}