{"id":1165992,"date":"2020-07-24T20:23:56","date_gmt":"2020-07-24T19:23:56","guid":{"rendered":"https:\/\/www.pressenza.com\/?p=1165992"},"modified":"2020-07-24T20:23:56","modified_gmt":"2020-07-24T19:23:56","slug":"cuatro-elementos-del-23-07-2020-colombia-y-sudafrica","status":"publish","type":"post","link":"https:\/\/www.pressenza.com\/es\/2020\/07\/cuatro-elementos-del-23-07-2020-colombia-y-sudafrica\/","title":{"rendered":"Cuatro Elementos del 23\/07\/2020 Colombia y Sud\u00e1frica"},"content":{"rendered":"<p>Una semana m\u00e1s, los Cuatro Elementos se pusieron a recorrer el mundo, para interiorizarse de la realidad que aqueja a la humanidad toda. Junto a Boaventura Monjane estuvimos en Sud\u00e1frica y Mozambique conociendo la actualidad de la pandemia y de las crisis que sufren estos pa\u00edses, pero tambi\u00e9n, con Daniel Botero actualizamos la situaci\u00f3n del proceso de paz colombiano, que el gobierno de Iv\u00e1n Duque no tiene ning\u00fan inter\u00e9s en cumplir.<\/p>\n<!--[if lt IE 9]><script>document.createElement('audio');<\/script><![endif]-->\n<audio class=\"wp-audio-shortcode\" id=\"audio-1165992-1\" preload=\"none\" style=\"width: 100%;\" controls=\"controls\"><source type=\"audio\/mpeg\" src=\"https:\/\/ar.ivoox.com\/es\/cuatro-elementos-del-23-07-2020-colombia-sudafrica_md_54342058_wp_1.mp3?_=1\" \/><a href=\"https:\/\/ar.ivoox.com\/es\/cuatro-elementos-del-23-07-2020-colombia-sudafrica_md_54342058_wp_1.mp3\">https:\/\/ar.ivoox.com\/es\/cuatro-elementos-del-23-07-2020-colombia-sudafrica_md_54342058_wp_1.mp3<\/a><\/audio>\n<p><a title=\"Cuatro Elementos del 23\/07\/2020 Colombia y Sud\u00e1frica\" href=\"https:\/\/ar.ivoox.com\/es\/cuatro-elementos-del-23-07-2020-colombia-sudafrica-audios-mp3_rf_54342058_1.html\">Ir a descargar<\/a><\/p>\n<p>El programa de los editores de Pressenza se emite cada jueves a las 18 hs de Ecuador por Pichincha Universal 95.3 FM.<\/p>\n<p><em><strong>Recorrido planetario<\/strong><\/em><\/p>\n<p><b>\u00c1FRICA- GAB\u00d3N\u00a0<\/b><\/p>\n<p><span style=\"font-weight: 400;\">Por primera vez, una mujer est\u00e1 al frente de Gab\u00f3n. Rose Christiane Ossouka Raponda, de 56 a\u00f1os, la semana pasada dej\u00f3 de ser ministra de Defensa de Gab\u00f3n, para juramentar como Primera Ministra de la naci\u00f3n africana.<\/span><\/p>\n<p><span style=\"font-weight: 400;\">Nombrada por el presidente Ali Bongo Ondimba para reemplazar a Julien Nkoghe Bekale, quien dur\u00f3 un a\u00f1o y medio en el cargo. El mandatario justific\u00f3 su decisi\u00f3n en la necesidad de \u201casegurar el relanzamiento econ\u00f3mico del pa\u00eds y el apoyo social necesario a la luz de la crisis mundial vinculada a la COVID-19\u201d.<\/span><\/p>\n<p><span style=\"font-weight: 400;\">Oussouka Raponda es una economista que se gradu\u00f3 en el Instituto Gab\u00f3n de Econom\u00eda y Finanzas, especializado en finanzas p\u00fablicas y que deber\u00e1 hacer frente a la ca\u00edda del precio del crudo, que afect\u00f3 muy fuerte a los ingresos de Gab\u00f3n.<\/span><\/p>\n<p><span style=\"font-weight: 400;\">La situaci\u00f3n pol\u00edtica es muy delicada, luego de que en octubre de 2018, el presidente Bongo sufriera un derrame cerebral que afect\u00f3 gravemente su salud. Pese a los cuestionamientos, sigue al frente del pa\u00eds y resisti\u00f3 un intento de golpe de estado apenas comenzado el a\u00f1o 2019.<\/span><\/p>\n<p><b>Europa\u00a0<\/b><\/p>\n<p><span style=\"font-weight: 400;\">Espa\u00f1a registra fuerte aumento de contagios por la Covid-19. Madrid comunic\u00f3 hoy 971 nuevos contagios por el coronavirus SARS-CoV-2 y elev\u00f3 a 270 mil 166 el total de casos positivos desde el comienzo de la pandemia, inform\u00f3 el Ministerio de Sanidad.<\/span><\/p>\n<p><span style=\"font-weight: 400;\">Esta cifra de infectados en las \u00faltimas 24 horas es la m\u00e1s alta tras decretarse el final del confinamiento el pasado 21 de junio, cuando se relajaron las restricciones a la movilidad y aparecieron rebrotes del mort\u00edfero virus en numerosas partes del pa\u00eds.<\/span><\/p>\n<p><b>NORTEAM\u00c9RICA\/ASIA &#8211; EEUU \/ China<\/b><\/p>\n<p><span style=\"font-weight: 400;\">Pek\u00edn ha amenazado con tomar represalias despu\u00e9s de que Estados Unidos orden\u00d3 este mi\u00e9rcoles el cierre del Consulado del pa\u00eds asi\u00e1tico en la ciudad de Houston (estado de Texas), dando a su personal un plazo de 72 horas para abandonar el pa\u00eds.<\/span><\/p>\n<p><span style=\"font-weight: 400;\">El portavoz del Ministerio chino de Relaciones Exteriores, Wang Wenbin, ha calificado la medida del Gobierno estadounidense de \u00abescalada sin precedentes\u00bb en medio de la creciente tensi\u00f3n que domina las relaciones entre Washington y Pek\u00edn, que se han enconado en los \u00faltimos meses debido a la intensa guerra comercial y tecnol\u00f3gica, las disputas en torno del manejo de la pandemia y la nueva ley china de seguridad impuesta en Hong Kong.<\/span><\/p>\n<p><span style=\"font-weight: 400;\">\u00abChina condena en\u00e9rgicamente este movimiento, tan escandaloso e injustificado que sabotear\u00e1 las relaciones chinoestadounidenses\u00bb, asever\u00f3 Wenbin. \u00abInstamos a Estados Unidos a que revoque inmediatamente su err\u00f3nea decisi\u00f3n. De lo contrario, China adoptar\u00e1 las respuestas leg\u00edtimas y necesarias\u00bb, agreg\u00f3 el diplom\u00e1tico chino.<\/span><\/p>\n<p><b>MEDIO ORIENTE Y NORTE DE \u00c1FRICA<\/b><\/p>\n<p><span style=\"font-weight: 400;\">Los pa\u00edses \u00e1rabes enfrentan muchas dificultades para responder a la pandemia de la Covid-19, afirm\u00f3 hoy el secretario general de la ONU, Ant\u00f3nio Guterres.<\/span><\/p>\n<p><span style=\"font-weight: 400;\">La pandemia ha expuesto desaf\u00edos end\u00e9micos y la econom\u00eda regional sufre m\u00faltiples conmociones, tanto por el nuevo coronavirus como por la fuerte ca\u00edda de los precios del petr\u00f3leo, las remesas y el turismo, se\u00f1al\u00f3 en un v\u00eddeomensaje.<\/span><\/p>\n<p><span style=\"font-weight: 400;\">Guterres a\u00f1adi\u00f3 adem\u00e1s que una cuarta parte de la poblaci\u00f3n \u00e1rabe puede vivir en la pobreza si la econom\u00eda contin\u00faa cuesta abajo en una regi\u00f3n que ya est\u00e1 llena de tensiones y desigualdades y esto tendr\u00e1 profundas consecuencias en la estabilidad pol\u00edtica y social. Algunas comunidades se ven especialmente afectadas, incluidas las mujeres, los migrantes -que representan el 40 por ciento de la fuerza laboral- y los 55 millones de personas que ya dependen de la asistencia humanitaria para salvar vidas, se\u00f1al\u00f3.<\/span><\/p>\n<p><span style=\"font-weight: 400;\">Quienes est\u00e1n atrapados en un conflicto armado enfrentan desaf\u00edos particulares, especialmente los 26 millones de refugiados y desplazados internos, que se encuentran entre los m\u00e1s expuestos al virus, sostuvo.<\/span><\/p>\n<p><b>SUDAM\u00c9RICA &#8211; Brasil<\/b><\/p>\n<p><span style=\"font-weight: 400;\">En el Congreso Nacional brasile\u00f1o se lanz\u00f3 este martes el Frente Parlamentario Mixto por la Renta B\u00e1sica, que busca implementar un programa de transferencias directas de dinero por parte del Estado para m\u00e1s de 120 millones de personas. La idea es que el proyecto beneficie a cerca del 60% de los brasile\u00f1os, que no est\u00e1n incluidos en los programas de protecci\u00f3n social, como la Bolsa Fam\u00edlia.<\/span><\/p>\n<p><span style=\"font-weight: 400;\">El Frente, que cuenta con la asesor\u00eda de la Red por la Renta B\u00e1sica local y de otras organizaciones y movimientos sociales, agrupa a 215 parlamentarios de 23 partidos de toda tendencia del parlamento brasile\u00f1o.<\/span><\/p>\n<p><span style=\"font-weight: 400;\">Brasil ya hab\u00eda aprobado a finales de marzo una especie de renta b\u00e1sica de 600 reales (equivalentes a 114 d\u00f3lares) durante tres meses para paliar el efecto del frenazo econ\u00f3mico entre 60 millones de trabajadores informales, es decir cerca de la cuarta parte de su poblaci\u00f3n total.<\/span><\/p>\n","protected":false},"excerpt":{"rendered":"<p>Una semana m\u00e1s, los Cuatro Elementos se pusieron a recorrer el mundo, para interiorizarse de la realidad que aqueja a la humanidad toda. Junto a Boaventura Monjane estuvimos en Sud\u00e1frica y Mozambique conociendo la actualidad de la pandemia y de&hellip;<\/p>\n","protected":false},"author":1011,"featured_media":1166005,"comment_status":"closed","ping_status":"closed","sticky":false,"template":"","format":"standard","meta":{"footnotes":""},"categories":[64,11389,39,1243,22754,1239,67],"tags":[70731,42907,30,70071,78757,69785,4813,72253,31091,16372,40752,54738,5364],"class_list":["post-1165992","post","type-post","status-publish","format-standard","has-post-thumbnail","hentry","category-africa-es","category-contenido-original","category-internacional","category-paz-desarme","category-radio-es","category-salud","category-sudamerica","tag-4-elementos","tag-asesinato-de-lideres-sociales","tag-colombia","tag-coronavirus-es","tag-covid-19-ca-es","tag-cuatro-elementos","tag-mozambique-es","tag-pandemia-es","tag-paz-en-colombia","tag-pichincha-universal","tag-pressenza-internacional","tag-radio-es","tag-sudafrica-es"],"yoast_head":"<!-- This site is optimized with the Yoast SEO plugin v27.1.1 - https:\/\/yoast.com\/product\/yoast-seo-wordpress\/ -->\n<title>Cuatro Elementos del 23\/07\/2020 Colombia y Sud\u00e1frica<\/title>\n<meta name=\"description\" content=\"Una semana m\u00e1s, los Cuatro Elementos se pusieron a recorrer el mundo, para interiorizarse de la realidad que aqueja a la humanidad toda. Junto a\" \/>\n<meta name=\"robots\" content=\"index, follow, max-snippet:-1, max-image-preview:large, max-video-preview:-1\" \/>\n<link rel=\"canonical\" href=\"https:\/\/www.pressenza.com\/es\/2020\/07\/cuatro-elementos-del-23-07-2020-colombia-y-sudafrica\/\" \/>\n<meta property=\"og:locale\" content=\"es_ES\" \/>\n<meta property=\"og:type\" content=\"article\" \/>\n<meta property=\"og:title\" content=\"Cuatro Elementos del 23\/07\/2020 Colombia y Sud\u00e1frica\" \/>\n<meta property=\"og:description\" content=\"Una semana m\u00e1s, los Cuatro Elementos se pusieron a recorrer el mundo, para interiorizarse de la realidad que aqueja a la humanidad toda. Junto a\" \/>\n<meta property=\"og:url\" content=\"https:\/\/www.pressenza.com\/es\/2020\/07\/cuatro-elementos-del-23-07-2020-colombia-y-sudafrica\/\" \/>\n<meta property=\"og:site_name\" content=\"Pressenza\" \/>\n<meta property=\"article:publisher\" content=\"https:\/\/www.facebook.com\/PressenzaItalia\" \/>\n<meta property=\"article:published_time\" content=\"2020-07-24T19:23:56+00:00\" \/>\n<meta property=\"og:image\" content=\"https:\/\/www.pressenza.com\/wp-content\/uploads\/2020\/07\/Cuatro-Elementos-entrevistas-37.jpg\" \/>\n\t<meta property=\"og:image:width\" content=\"1920\" \/>\n\t<meta property=\"og:image:height\" content=\"1483\" \/>\n\t<meta property=\"og:image:type\" content=\"image\/jpeg\" \/>\n<meta name=\"author\" content=\"Redacci\u00f3n Ecuador\" \/>\n<meta name=\"twitter:card\" content=\"summary_large_image\" \/>\n<meta name=\"twitter:creator\" content=\"@PressenzaIPA\" \/>\n<meta name=\"twitter:site\" content=\"@PressenzaIPA\" \/>\n<meta name=\"twitter:label1\" content=\"Escrito por\" \/>\n\t<meta name=\"twitter:data1\" content=\"Redacci\u00f3n Ecuador\" \/>\n\t<meta name=\"twitter:label2\" content=\"Tiempo de lectura\" \/>\n\t<meta name=\"twitter:data2\" content=\"5 minutos\" \/>\n<script type=\"application\/ld+json\" class=\"yoast-schema-graph\">{\"@context\":\"https:\/\/schema.org\",\"@graph\":[{\"@type\":\"Article\",\"@id\":\"https:\/\/www.pressenza.com\/es\/2020\/07\/cuatro-elementos-del-23-07-2020-colombia-y-sudafrica\/#article\",\"isPartOf\":{\"@id\":\"https:\/\/www.pressenza.com\/es\/2020\/07\/cuatro-elementos-del-23-07-2020-colombia-y-sudafrica\/\"},\"author\":{\"name\":\"Redacci\u00f3n Ecuador\",\"@id\":\"https:\/\/www.pressenza.com\/es\/#\/schema\/person\/883a735c40665759bcc6fe0c26bcb46f\"},\"headline\":\"Cuatro Elementos del 23\/07\/2020 Colombia y Sud\u00e1frica\",\"datePublished\":\"2020-07-24T19:23:56+00:00\",\"mainEntityOfPage\":{\"@id\":\"https:\/\/www.pressenza.com\/es\/2020\/07\/cuatro-elementos-del-23-07-2020-colombia-y-sudafrica\/\"},\"wordCount\":933,\"publisher\":{\"@id\":\"https:\/\/www.pressenza.com\/es\/#organization\"},\"image\":{\"@id\":\"https:\/\/www.pressenza.com\/es\/2020\/07\/cuatro-elementos-del-23-07-2020-colombia-y-sudafrica\/#primaryimage\"},\"thumbnailUrl\":\"https:\/\/www.pressenza.com\/wp-content\/uploads\/2020\/07\/Cuatro-Elementos-entrevistas-37.jpg\",\"keywords\":[\"4 Elementos\",\"asesinato de l\u00edderes sociales\",\"Colombia\",\"coronav\u00edrus\",\"COVID-19\",\"Cuatro Elementos\",\"Mozambique\",\"pandemia\",\"paz en Colombia\",\"Pichincha Universal\",\"Pressenza Internacional\",\"radio\",\"Sud\u00e1frica\"],\"articleSection\":[\"Africa\",\"Contenido Original\",\"Internacional\",\"Paz y Desarme\",\"Radio\",\"Salud\",\"Sudam\u00e9rica\"],\"inLanguage\":\"es\"},{\"@type\":\"WebPage\",\"@id\":\"https:\/\/www.pressenza.com\/es\/2020\/07\/cuatro-elementos-del-23-07-2020-colombia-y-sudafrica\/\",\"url\":\"https:\/\/www.pressenza.com\/es\/2020\/07\/cuatro-elementos-del-23-07-2020-colombia-y-sudafrica\/\",\"name\":\"Cuatro Elementos del 23\/07\/2020 Colombia y Sud\u00e1frica\",\"isPartOf\":{\"@id\":\"https:\/\/www.pressenza.com\/es\/#website\"},\"primaryImageOfPage\":{\"@id\":\"https:\/\/www.pressenza.com\/es\/2020\/07\/cuatro-elementos-del-23-07-2020-colombia-y-sudafrica\/#primaryimage\"},\"image\":{\"@id\":\"https:\/\/www.pressenza.com\/es\/2020\/07\/cuatro-elementos-del-23-07-2020-colombia-y-sudafrica\/#primaryimage\"},\"thumbnailUrl\":\"https:\/\/www.pressenza.com\/wp-content\/uploads\/2020\/07\/Cuatro-Elementos-entrevistas-37.jpg\",\"datePublished\":\"2020-07-24T19:23:56+00:00\",\"description\":\"Una semana m\u00e1s, los Cuatro Elementos se pusieron a recorrer el mundo, para interiorizarse de la realidad que aqueja a la humanidad toda. Junto a\",\"breadcrumb\":{\"@id\":\"https:\/\/www.pressenza.com\/es\/2020\/07\/cuatro-elementos-del-23-07-2020-colombia-y-sudafrica\/#breadcrumb\"},\"inLanguage\":\"es\",\"potentialAction\":[{\"@type\":\"ReadAction\",\"target\":[\"https:\/\/www.pressenza.com\/es\/2020\/07\/cuatro-elementos-del-23-07-2020-colombia-y-sudafrica\/\"]}]},{\"@type\":\"ImageObject\",\"inLanguage\":\"es\",\"@id\":\"https:\/\/www.pressenza.com\/es\/2020\/07\/cuatro-elementos-del-23-07-2020-colombia-y-sudafrica\/#primaryimage\",\"url\":\"https:\/\/www.pressenza.com\/wp-content\/uploads\/2020\/07\/Cuatro-Elementos-entrevistas-37.jpg\",\"contentUrl\":\"https:\/\/www.pressenza.com\/wp-content\/uploads\/2020\/07\/Cuatro-Elementos-entrevistas-37.jpg\",\"width\":1920,\"height\":1483},{\"@type\":\"BreadcrumbList\",\"@id\":\"https:\/\/www.pressenza.com\/es\/2020\/07\/cuatro-elementos-del-23-07-2020-colombia-y-sudafrica\/#breadcrumb\",\"itemListElement\":[{\"@type\":\"ListItem\",\"position\":1,\"name\":\"Accueil\",\"item\":\"https:\/\/www.pressenza.com\/es\/\"},{\"@type\":\"ListItem\",\"position\":2,\"name\":\"Cuatro Elementos del 23\/07\/2020 Colombia y Sud\u00e1frica\"}]},{\"@type\":\"WebSite\",\"@id\":\"https:\/\/www.pressenza.com\/es\/#website\",\"url\":\"https:\/\/www.pressenza.com\/es\/\",\"name\":\"Pressenza\",\"description\":\"International Press Agency\",\"publisher\":{\"@id\":\"https:\/\/www.pressenza.com\/es\/#organization\"},\"potentialAction\":[{\"@type\":\"SearchAction\",\"target\":{\"@type\":\"EntryPoint\",\"urlTemplate\":\"https:\/\/www.pressenza.com\/es\/?s={search_term_string}\"},\"query-input\":{\"@type\":\"PropertyValueSpecification\",\"valueRequired\":true,\"valueName\":\"search_term_string\"}}],\"inLanguage\":\"es\"},{\"@type\":\"Organization\",\"@id\":\"https:\/\/www.pressenza.com\/es\/#organization\",\"name\":\"Pressenza\",\"url\":\"https:\/\/www.pressenza.com\/es\/\",\"logo\":{\"@type\":\"ImageObject\",\"inLanguage\":\"es\",\"@id\":\"https:\/\/www.pressenza.com\/es\/#\/schema\/logo\/image\/\",\"url\":\"https:\/\/www.pressenza.com\/wp-content\/uploads\/2022\/10\/pressenza_logo_200x200.jpg\",\"contentUrl\":\"https:\/\/www.pressenza.com\/wp-content\/uploads\/2022\/10\/pressenza_logo_200x200.jpg\",\"width\":200,\"height\":200,\"caption\":\"Pressenza\"},\"image\":{\"@id\":\"https:\/\/www.pressenza.com\/es\/#\/schema\/logo\/image\/\"},\"sameAs\":[\"https:\/\/www.facebook.com\/PressenzaItalia\",\"https:\/\/x.com\/PressenzaIPA\"]},{\"@type\":\"Person\",\"@id\":\"https:\/\/www.pressenza.com\/es\/#\/schema\/person\/883a735c40665759bcc6fe0c26bcb46f\",\"name\":\"Redacci\u00f3n Ecuador\",\"description\":\"News published by the Pressenza bureau in Quito, Ecuador\",\"url\":\"https:\/\/www.pressenza.com\/es\/author\/redaccion-ecuador\/\"}]}<\/script>\n<!-- \/ Yoast SEO plugin. -->","yoast_head_json":{"title":"Cuatro Elementos del 23\/07\/2020 Colombia y Sud\u00e1frica","description":"Una semana m\u00e1s, los Cuatro Elementos se pusieron a recorrer el mundo, para interiorizarse de la realidad que aqueja a la humanidad toda. Junto a","robots":{"index":"index","follow":"follow","max-snippet":"max-snippet:-1","max-image-preview":"max-image-preview:large","max-video-preview":"max-video-preview:-1"},"canonical":"https:\/\/www.pressenza.com\/es\/2020\/07\/cuatro-elementos-del-23-07-2020-colombia-y-sudafrica\/","og_locale":"es_ES","og_type":"article","og_title":"Cuatro Elementos del 23\/07\/2020 Colombia y Sud\u00e1frica","og_description":"Una semana m\u00e1s, los Cuatro Elementos se pusieron a recorrer el mundo, para interiorizarse de la realidad que aqueja a la humanidad toda. Junto a","og_url":"https:\/\/www.pressenza.com\/es\/2020\/07\/cuatro-elementos-del-23-07-2020-colombia-y-sudafrica\/","og_site_name":"Pressenza","article_publisher":"https:\/\/www.facebook.com\/PressenzaItalia","article_published_time":"2020-07-24T19:23:56+00:00","og_image":[{"width":1920,"height":1483,"url":"https:\/\/www.pressenza.com\/wp-content\/uploads\/2020\/07\/Cuatro-Elementos-entrevistas-37.jpg","type":"image\/jpeg"}],"author":"Redacci\u00f3n Ecuador","twitter_card":"summary_large_image","twitter_creator":"@PressenzaIPA","twitter_site":"@PressenzaIPA","twitter_misc":{"Escrito por":"Redacci\u00f3n Ecuador","Tiempo de lectura":"5 minutos"},"schema":{"@context":"https:\/\/schema.org","@graph":[{"@type":"Article","@id":"https:\/\/www.pressenza.com\/es\/2020\/07\/cuatro-elementos-del-23-07-2020-colombia-y-sudafrica\/#article","isPartOf":{"@id":"https:\/\/www.pressenza.com\/es\/2020\/07\/cuatro-elementos-del-23-07-2020-colombia-y-sudafrica\/"},"author":{"name":"Redacci\u00f3n Ecuador","@id":"https:\/\/www.pressenza.com\/es\/#\/schema\/person\/883a735c40665759bcc6fe0c26bcb46f"},"headline":"Cuatro Elementos del 23\/07\/2020 Colombia y Sud\u00e1frica","datePublished":"2020-07-24T19:23:56+00:00","mainEntityOfPage":{"@id":"https:\/\/www.pressenza.com\/es\/2020\/07\/cuatro-elementos-del-23-07-2020-colombia-y-sudafrica\/"},"wordCount":933,"publisher":{"@id":"https:\/\/www.pressenza.com\/es\/#organization"},"image":{"@id":"https:\/\/www.pressenza.com\/es\/2020\/07\/cuatro-elementos-del-23-07-2020-colombia-y-sudafrica\/#primaryimage"},"thumbnailUrl":"https:\/\/www.pressenza.com\/wp-content\/uploads\/2020\/07\/Cuatro-Elementos-entrevistas-37.jpg","keywords":["4 Elementos","asesinato de l\u00edderes sociales","Colombia","coronav\u00edrus","COVID-19","Cuatro Elementos","Mozambique","pandemia","paz en Colombia","Pichincha Universal","Pressenza Internacional","radio","Sud\u00e1frica"],"articleSection":["Africa","Contenido Original","Internacional","Paz y Desarme","Radio","Salud","Sudam\u00e9rica"],"inLanguage":"es"},{"@type":"WebPage","@id":"https:\/\/www.pressenza.com\/es\/2020\/07\/cuatro-elementos-del-23-07-2020-colombia-y-sudafrica\/","url":"https:\/\/www.pressenza.com\/es\/2020\/07\/cuatro-elementos-del-23-07-2020-colombia-y-sudafrica\/","name":"Cuatro Elementos del 23\/07\/2020 Colombia y Sud\u00e1frica","isPartOf":{"@id":"https:\/\/www.pressenza.com\/es\/#website"},"primaryImageOfPage":{"@id":"https:\/\/www.pressenza.com\/es\/2020\/07\/cuatro-elementos-del-23-07-2020-colombia-y-sudafrica\/#primaryimage"},"image":{"@id":"https:\/\/www.pressenza.com\/es\/2020\/07\/cuatro-elementos-del-23-07-2020-colombia-y-sudafrica\/#primaryimage"},"thumbnailUrl":"https:\/\/www.pressenza.com\/wp-content\/uploads\/2020\/07\/Cuatro-Elementos-entrevistas-37.jpg","datePublished":"2020-07-24T19:23:56+00:00","description":"Una semana m\u00e1s, los Cuatro Elementos se pusieron a recorrer el mundo, para interiorizarse de la realidad que aqueja a la humanidad toda. Junto a","breadcrumb":{"@id":"https:\/\/www.pressenza.com\/es\/2020\/07\/cuatro-elementos-del-23-07-2020-colombia-y-sudafrica\/#breadcrumb"},"inLanguage":"es","potentialAction":[{"@type":"ReadAction","target":["https:\/\/www.pressenza.com\/es\/2020\/07\/cuatro-elementos-del-23-07-2020-colombia-y-sudafrica\/"]}]},{"@type":"ImageObject","inLanguage":"es","@id":"https:\/\/www.pressenza.com\/es\/2020\/07\/cuatro-elementos-del-23-07-2020-colombia-y-sudafrica\/#primaryimage","url":"https:\/\/www.pressenza.com\/wp-content\/uploads\/2020\/07\/Cuatro-Elementos-entrevistas-37.jpg","contentUrl":"https:\/\/www.pressenza.com\/wp-content\/uploads\/2020\/07\/Cuatro-Elementos-entrevistas-37.jpg","width":1920,"height":1483},{"@type":"BreadcrumbList","@id":"https:\/\/www.pressenza.com\/es\/2020\/07\/cuatro-elementos-del-23-07-2020-colombia-y-sudafrica\/#breadcrumb","itemListElement":[{"@type":"ListItem","position":1,"name":"Accueil","item":"https:\/\/www.pressenza.com\/es\/"},{"@type":"ListItem","position":2,"name":"Cuatro Elementos del 23\/07\/2020 Colombia y Sud\u00e1frica"}]},{"@type":"WebSite","@id":"https:\/\/www.pressenza.com\/es\/#website","url":"https:\/\/www.pressenza.com\/es\/","name":"Pressenza","description":"International Press Agency","publisher":{"@id":"https:\/\/www.pressenza.com\/es\/#organization"},"potentialAction":[{"@type":"SearchAction","target":{"@type":"EntryPoint","urlTemplate":"https:\/\/www.pressenza.com\/es\/?s={search_term_string}"},"query-input":{"@type":"PropertyValueSpecification","valueRequired":true,"valueName":"search_term_string"}}],"inLanguage":"es"},{"@type":"Organization","@id":"https:\/\/www.pressenza.com\/es\/#organization","name":"Pressenza","url":"https:\/\/www.pressenza.com\/es\/","logo":{"@type":"ImageObject","inLanguage":"es","@id":"https:\/\/www.pressenza.com\/es\/#\/schema\/logo\/image\/","url":"https:\/\/www.pressenza.com\/wp-content\/uploads\/2022\/10\/pressenza_logo_200x200.jpg","contentUrl":"https:\/\/www.pressenza.com\/wp-content\/uploads\/2022\/10\/pressenza_logo_200x200.jpg","width":200,"height":200,"caption":"Pressenza"},"image":{"@id":"https:\/\/www.pressenza.com\/es\/#\/schema\/logo\/image\/"},"sameAs":["https:\/\/www.facebook.com\/PressenzaItalia","https:\/\/x.com\/PressenzaIPA"]},{"@type":"Person","@id":"https:\/\/www.pressenza.com\/es\/#\/schema\/person\/883a735c40665759bcc6fe0c26bcb46f","name":"Redacci\u00f3n Ecuador","description":"News published by the Pressenza bureau in Quito, Ecuador","url":"https:\/\/www.pressenza.com\/es\/author\/redaccion-ecuador\/"}]}},"place":"Quito - Buenos Aires - Santiago de Chile - Medell\u00edn - Ciudad del Cabo","original_article_url":"","_links":{"self":[{"href":"https:\/\/www.pressenza.com\/es\/wp-json\/wp\/v2\/posts\/1165992","targetHints":{"allow":["GET"]}}],"collection":[{"href":"https:\/\/www.pressenza.com\/es\/wp-json\/wp\/v2\/posts"}],"about":[{"href":"https:\/\/www.pressenza.com\/es\/wp-json\/wp\/v2\/types\/post"}],"author":[{"embeddable":true,"href":"https:\/\/www.pressenza.com\/es\/wp-json\/wp\/v2\/users\/1011"}],"replies":[{"embeddable":true,"href":"https:\/\/www.pressenza.com\/es\/wp-json\/wp\/v2\/comments?post=1165992"}],"version-history":[{"count":0,"href":"https:\/\/www.pressenza.com\/es\/wp-json\/wp\/v2\/posts\/1165992\/revisions"}],"wp:featuredmedia":[{"embeddable":true,"href":"https:\/\/www.pressenza.com\/es\/wp-json\/wp\/v2\/media\/1166005"}],"wp:attachment":[{"href":"https:\/\/www.pressenza.com\/es\/wp-json\/wp\/v2\/media?parent=1165992"}],"wp:term":[{"taxonomy":"category","embeddable":true,"href":"https:\/\/www.pressenza.com\/es\/wp-json\/wp\/v2\/categories?post=1165992"},{"taxonomy":"post_tag","embeddable":true,"href":"https:\/\/www.pressenza.com\/es\/wp-json\/wp\/v2\/tags?post=1165992"}],"curies":[{"name":"wp","href":"https:\/\/api.w.org\/{rel}","templated":true}]}}