{"id":1164291,"date":"2020-07-21T22:31:33","date_gmt":"2020-07-21T21:31:33","guid":{"rendered":"https:\/\/www.pressenza.com\/?p=1164291"},"modified":"2020-07-21T22:31:33","modified_gmt":"2020-07-21T21:31:33","slug":"bolivia-gobierno-de-anez-encarcelara-a-vocales-del-tribunal-supremo-electoral-si-no-anulan-al-mas","status":"publish","type":"post","link":"https:\/\/www.pressenza.com\/es\/2020\/07\/bolivia-gobierno-de-anez-encarcelara-a-vocales-del-tribunal-supremo-electoral-si-no-anulan-al-mas\/","title":{"rendered":"Bolivia: Gobierno de \u00c1\u00f1ez encarcelar\u00e1 a vocales del Tribunal Supremo Electoral si no anulan al MAS"},"content":{"rendered":"<p>El gobierno \u2018de facto\u2019 de Bolivia amenaza con penas de prisi\u00f3n a los miembros del TSE si no anulan personalidad jur\u00eddica del Movimiento al Socialismo (MAS).<br \/>\n<iframe loading=\"lazy\" src=\"http:\/\/hispantv.ir\/services\/embed\/player.aspx?id=472074&amp;kind=news\" width=\"580\" height=\"326\" frameborder=\"0\"><\/iframe><\/p>\n<p>\u201cSi act\u00faan de esa forma, tarde o temprano van a llegar y terminar en la c\u00e1rcel si no anulan la persona jur\u00eddica (del MAS)\u201d, as\u00ed lo afirm\u00f3 el lunes el coordinador de Movimientos Sociales del gobierno de facto, Rafael Quispe.<\/p>\n<p>Quispe manifest\u00f3, asimismo, que, si el Tribunal Supremo Electoral (TSE) no procede a anular la personer\u00eda del MAS, incurrir\u00e1 en el delito penal por incumplimiento de sus deberes.<\/p>\n<p>El funcionario del gobierno de facto acus\u00f3 al candidato del MAS a la Presidencia de Bolivia, Luis Arce, de revelar datos de encuestas, una actuaci\u00f3n que proh\u00edben las leyes electorales del pa\u00eds andino.<\/p>\n<p>El MAS se defendi\u00f3 ante tales imputaciones del gobierno de facto y pidi\u00f3 al TSE que act\u00fae con imparcialidad ante las presiones. De igual modo, afirm\u00f3 que su candidato no difundi\u00f3 ning\u00fan sondeo y se\u00f1al\u00f3 que solo se limit\u00f3 a responder a la pregunta que le formularon en una entrevista, sin ofrecer m\u00e1s datos al respecto.<\/p>\n<p>No es la primera vez que el gobierno interino intenta cancelar la personalidad jur\u00eddica del MAS y, con ello, dejar fuera de las elecciones del 6 de septiembre al candidato presidencial de dicha formaci\u00f3n pol\u00edtica.<\/p>\n<p>En este sentido, a principios de julio, el gobierno de facto acus\u00f3 a Arce, ministro de Econom\u00eda mientras ostent\u00f3 el poder en Bolivia el depuesto presidente Evo Morales, de compras irregulares durante su gesti\u00f3n.<\/p>\n<p>Jeanine \u00c1\u00f1ez asumi\u00f3 la Presidencia de Bolivia despu\u00e9s de que Morales presentara su renuncia en noviembre de 2019 tras el golpe de Estado orquestado en su contra por la oposici\u00f3n, que desconoci\u00f3 su reelecci\u00f3n en las presidenciales del 20 de octubre de ese mismo a\u00f1o.<\/p>\n<p>El 19 de enero, el exmandatario bolivariano\u00a0<a href=\"https:\/\/www.hispantv.com\/noticias\/bolivia\/447337\/luis-arce-candidato-morales-elecciones\">eligi\u00f3 al binomio presidencial de su partido, el MAS, para los comicios presidenciales,<\/a>\u00a0es decir, Arce\u00a0y el excanciller\u00a0David Choquehuanca, a fin de competir por la Presidencia y la Vicepresidencia, respectivamente; sin embargo, el gobierno\u00a0<em>de facto<\/em>\u00a0de \u00c1\u00f1ez ha dado curso a una serie de investigaciones por presunto desv\u00edo de recursos durante el paso de Arce por varias instituciones p\u00fablicas.<\/p>\n","protected":false},"excerpt":{"rendered":"<p>El gobierno \u2018de facto\u2019 de Bolivia amenaza con penas de prisi\u00f3n a los miembros del TSE si no anulan personalidad jur\u00eddica del Movimiento al Socialismo (MAS). \u201cSi act\u00faan de esa forma, tarde o temprano van a llegar y terminar en&hellip;<\/p>\n","protected":false},"author":954,"featured_media":1164292,"comment_status":"closed","ping_status":"closed","sticky":false,"template":"","format":"standard","meta":{"footnotes":""},"categories":[74,67],"tags":[1646,2429,403,79137,69354,55209],"class_list":["post-1164291","post","type-post","status-publish","format-standard","has-post-thumbnail","hentry","category-politica-es","category-sudamerica","tag-bolivia","tag-dictadura","tag-elecciones","tag-gobierno-de-facto","tag-jeannine-anez","tag-mas-es"],"yoast_head":"<!-- This site is optimized with the Yoast SEO plugin v27.1.1 - https:\/\/yoast.com\/product\/yoast-seo-wordpress\/ -->\n<title>Bolivia: Gobierno de \u00c1\u00f1ez encarcelar\u00e1 a vocales del Tribunal Supremo Electoral si no anulan al MAS<\/title>\n<meta name=\"description\" content=\"El gobierno \u2018de facto\u2019 de Bolivia amenaza con penas de prisi\u00f3n a los miembros del TSE si no anulan personalidad jur\u00eddica del Movimiento al Socialismo\" \/>\n<meta name=\"robots\" content=\"index, follow, max-snippet:-1, max-image-preview:large, max-video-preview:-1\" \/>\n<link rel=\"canonical\" href=\"https:\/\/www.pressenza.com\/es\/2020\/07\/bolivia-gobierno-de-anez-encarcelara-a-vocales-del-tribunal-supremo-electoral-si-no-anulan-al-mas\/\" \/>\n<meta property=\"og:locale\" content=\"es_ES\" \/>\n<meta property=\"og:type\" content=\"article\" \/>\n<meta property=\"og:title\" content=\"Bolivia: Gobierno de \u00c1\u00f1ez encarcelar\u00e1 a vocales del Tribunal Supremo Electoral si no anulan al MAS\" \/>\n<meta property=\"og:description\" content=\"El gobierno \u2018de facto\u2019 de Bolivia amenaza con penas de prisi\u00f3n a los miembros del TSE si no anulan personalidad jur\u00eddica del Movimiento al Socialismo\" \/>\n<meta property=\"og:url\" content=\"https:\/\/www.pressenza.com\/es\/2020\/07\/bolivia-gobierno-de-anez-encarcelara-a-vocales-del-tribunal-supremo-electoral-si-no-anulan-al-mas\/\" \/>\n<meta property=\"og:site_name\" content=\"Pressenza\" \/>\n<meta property=\"article:publisher\" content=\"https:\/\/www.facebook.com\/PressenzaItalia\" \/>\n<meta property=\"article:author\" content=\"https:\/\/www.facebook.com\/Hispantv\" \/>\n<meta property=\"article:published_time\" content=\"2020-07-21T21:31:33+00:00\" \/>\n<meta property=\"og:image\" content=\"https:\/\/www.pressenza.com\/wp-content\/uploads\/2020\/07\/TSE-Bolivia.png\" \/>\n\t<meta property=\"og:image:width\" content=\"1366\" \/>\n\t<meta property=\"og:image:height\" content=\"768\" \/>\n\t<meta property=\"og:image:type\" content=\"image\/png\" \/>\n<meta name=\"author\" content=\"HispanTV\" \/>\n<meta name=\"twitter:card\" content=\"summary_large_image\" \/>\n<meta name=\"twitter:creator\" content=\"@Hispantv\" \/>\n<meta name=\"twitter:site\" content=\"@PressenzaIPA\" \/>\n<meta name=\"twitter:label1\" content=\"Escrito por\" \/>\n\t<meta name=\"twitter:data1\" content=\"HispanTV\" \/>\n\t<meta name=\"twitter:label2\" content=\"Tiempo de lectura\" \/>\n\t<meta name=\"twitter:data2\" content=\"2 minutos\" \/>\n<script type=\"application\/ld+json\" class=\"yoast-schema-graph\">{\"@context\":\"https:\/\/schema.org\",\"@graph\":[{\"@type\":\"Article\",\"@id\":\"https:\/\/www.pressenza.com\/es\/2020\/07\/bolivia-gobierno-de-anez-encarcelara-a-vocales-del-tribunal-supremo-electoral-si-no-anulan-al-mas\/#article\",\"isPartOf\":{\"@id\":\"https:\/\/www.pressenza.com\/es\/2020\/07\/bolivia-gobierno-de-anez-encarcelara-a-vocales-del-tribunal-supremo-electoral-si-no-anulan-al-mas\/\"},\"author\":{\"name\":\"HispanTV\",\"@id\":\"https:\/\/www.pressenza.com\/es\/#\/schema\/person\/2e5ffdf0e238fbba512bcf5c97959187\"},\"headline\":\"Bolivia: Gobierno de \u00c1\u00f1ez encarcelar\u00e1 a vocales del Tribunal Supremo Electoral si no anulan al MAS\",\"datePublished\":\"2020-07-21T21:31:33+00:00\",\"mainEntityOfPage\":{\"@id\":\"https:\/\/www.pressenza.com\/es\/2020\/07\/bolivia-gobierno-de-anez-encarcelara-a-vocales-del-tribunal-supremo-electoral-si-no-anulan-al-mas\/\"},\"wordCount\":402,\"publisher\":{\"@id\":\"https:\/\/www.pressenza.com\/es\/#organization\"},\"image\":{\"@id\":\"https:\/\/www.pressenza.com\/es\/2020\/07\/bolivia-gobierno-de-anez-encarcelara-a-vocales-del-tribunal-supremo-electoral-si-no-anulan-al-mas\/#primaryimage\"},\"thumbnailUrl\":\"https:\/\/www.pressenza.com\/wp-content\/uploads\/2020\/07\/TSE-Bolivia.png\",\"keywords\":[\"Bolivia\",\"dictadura\",\"elecciones\",\"gobierno de facto\",\"Jeannine \u00c1\u00f1ez\",\"MAS\"],\"articleSection\":[\"Pol\u00edtica\",\"Sudam\u00e9rica\"],\"inLanguage\":\"es\"},{\"@type\":\"WebPage\",\"@id\":\"https:\/\/www.pressenza.com\/es\/2020\/07\/bolivia-gobierno-de-anez-encarcelara-a-vocales-del-tribunal-supremo-electoral-si-no-anulan-al-mas\/\",\"url\":\"https:\/\/www.pressenza.com\/es\/2020\/07\/bolivia-gobierno-de-anez-encarcelara-a-vocales-del-tribunal-supremo-electoral-si-no-anulan-al-mas\/\",\"name\":\"Bolivia: Gobierno de \u00c1\u00f1ez encarcelar\u00e1 a vocales del Tribunal Supremo Electoral si no anulan al MAS\",\"isPartOf\":{\"@id\":\"https:\/\/www.pressenza.com\/es\/#website\"},\"primaryImageOfPage\":{\"@id\":\"https:\/\/www.pressenza.com\/es\/2020\/07\/bolivia-gobierno-de-anez-encarcelara-a-vocales-del-tribunal-supremo-electoral-si-no-anulan-al-mas\/#primaryimage\"},\"image\":{\"@id\":\"https:\/\/www.pressenza.com\/es\/2020\/07\/bolivia-gobierno-de-anez-encarcelara-a-vocales-del-tribunal-supremo-electoral-si-no-anulan-al-mas\/#primaryimage\"},\"thumbnailUrl\":\"https:\/\/www.pressenza.com\/wp-content\/uploads\/2020\/07\/TSE-Bolivia.png\",\"datePublished\":\"2020-07-21T21:31:33+00:00\",\"description\":\"El gobierno \u2018de facto\u2019 de Bolivia amenaza con penas de prisi\u00f3n a los miembros del TSE si no anulan personalidad jur\u00eddica del Movimiento al Socialismo\",\"breadcrumb\":{\"@id\":\"https:\/\/www.pressenza.com\/es\/2020\/07\/bolivia-gobierno-de-anez-encarcelara-a-vocales-del-tribunal-supremo-electoral-si-no-anulan-al-mas\/#breadcrumb\"},\"inLanguage\":\"es\",\"potentialAction\":[{\"@type\":\"ReadAction\",\"target\":[\"https:\/\/www.pressenza.com\/es\/2020\/07\/bolivia-gobierno-de-anez-encarcelara-a-vocales-del-tribunal-supremo-electoral-si-no-anulan-al-mas\/\"]}]},{\"@type\":\"ImageObject\",\"inLanguage\":\"es\",\"@id\":\"https:\/\/www.pressenza.com\/es\/2020\/07\/bolivia-gobierno-de-anez-encarcelara-a-vocales-del-tribunal-supremo-electoral-si-no-anulan-al-mas\/#primaryimage\",\"url\":\"https:\/\/www.pressenza.com\/wp-content\/uploads\/2020\/07\/TSE-Bolivia.png\",\"contentUrl\":\"https:\/\/www.pressenza.com\/wp-content\/uploads\/2020\/07\/TSE-Bolivia.png\",\"width\":1366,\"height\":768},{\"@type\":\"BreadcrumbList\",\"@id\":\"https:\/\/www.pressenza.com\/es\/2020\/07\/bolivia-gobierno-de-anez-encarcelara-a-vocales-del-tribunal-supremo-electoral-si-no-anulan-al-mas\/#breadcrumb\",\"itemListElement\":[{\"@type\":\"ListItem\",\"position\":1,\"name\":\"Accueil\",\"item\":\"https:\/\/www.pressenza.com\/es\/\"},{\"@type\":\"ListItem\",\"position\":2,\"name\":\"Bolivia: Gobierno de \u00c1\u00f1ez encarcelar\u00e1 a vocales del Tribunal Supremo Electoral si no anulan al MAS\"}]},{\"@type\":\"WebSite\",\"@id\":\"https:\/\/www.pressenza.com\/es\/#website\",\"url\":\"https:\/\/www.pressenza.com\/es\/\",\"name\":\"Pressenza\",\"description\":\"International Press Agency\",\"publisher\":{\"@id\":\"https:\/\/www.pressenza.com\/es\/#organization\"},\"potentialAction\":[{\"@type\":\"SearchAction\",\"target\":{\"@type\":\"EntryPoint\",\"urlTemplate\":\"https:\/\/www.pressenza.com\/es\/?s={search_term_string}\"},\"query-input\":{\"@type\":\"PropertyValueSpecification\",\"valueRequired\":true,\"valueName\":\"search_term_string\"}}],\"inLanguage\":\"es\"},{\"@type\":\"Organization\",\"@id\":\"https:\/\/www.pressenza.com\/es\/#organization\",\"name\":\"Pressenza\",\"url\":\"https:\/\/www.pressenza.com\/es\/\",\"logo\":{\"@type\":\"ImageObject\",\"inLanguage\":\"es\",\"@id\":\"https:\/\/www.pressenza.com\/es\/#\/schema\/logo\/image\/\",\"url\":\"https:\/\/www.pressenza.com\/wp-content\/uploads\/2022\/10\/pressenza_logo_200x200.jpg\",\"contentUrl\":\"https:\/\/www.pressenza.com\/wp-content\/uploads\/2022\/10\/pressenza_logo_200x200.jpg\",\"width\":200,\"height\":200,\"caption\":\"Pressenza\"},\"image\":{\"@id\":\"https:\/\/www.pressenza.com\/es\/#\/schema\/logo\/image\/\"},\"sameAs\":[\"https:\/\/www.facebook.com\/PressenzaItalia\",\"https:\/\/x.com\/PressenzaIPA\"]},{\"@type\":\"Person\",\"@id\":\"https:\/\/www.pressenza.com\/es\/#\/schema\/person\/2e5ffdf0e238fbba512bcf5c97959187\",\"name\":\"HispanTV\",\"description\":\"Trabajar bajo el f\u00e9rreo compromiso como medio de comunicaci\u00f3n para fomentar el acercamiento entre los pueblos de Ir\u00e1n, el Hispanoamericano y los de Medio Oriente, considerando adem\u00e1s la necesidad de crear una mayor cercan\u00eda entre todos los pueblos de Am\u00e9rica Latina. http:\/\/www.hispantv.com\/\",\"sameAs\":[\"http:\/\/www.hispantv.ir\",\"https:\/\/www.facebook.com\/Hispantv\",\"https:\/\/x.com\/Hispantv\"],\"url\":\"https:\/\/www.pressenza.com\/es\/author\/hispantv\/\"}]}<\/script>\n<!-- \/ Yoast SEO plugin. -->","yoast_head_json":{"title":"Bolivia: Gobierno de \u00c1\u00f1ez encarcelar\u00e1 a vocales del Tribunal Supremo Electoral si no anulan al MAS","description":"El gobierno \u2018de facto\u2019 de Bolivia amenaza con penas de prisi\u00f3n a los miembros del TSE si no anulan personalidad jur\u00eddica del Movimiento al Socialismo","robots":{"index":"index","follow":"follow","max-snippet":"max-snippet:-1","max-image-preview":"max-image-preview:large","max-video-preview":"max-video-preview:-1"},"canonical":"https:\/\/www.pressenza.com\/es\/2020\/07\/bolivia-gobierno-de-anez-encarcelara-a-vocales-del-tribunal-supremo-electoral-si-no-anulan-al-mas\/","og_locale":"es_ES","og_type":"article","og_title":"Bolivia: Gobierno de \u00c1\u00f1ez encarcelar\u00e1 a vocales del Tribunal Supremo Electoral si no anulan al MAS","og_description":"El gobierno \u2018de facto\u2019 de Bolivia amenaza con penas de prisi\u00f3n a los miembros del TSE si no anulan personalidad jur\u00eddica del Movimiento al Socialismo","og_url":"https:\/\/www.pressenza.com\/es\/2020\/07\/bolivia-gobierno-de-anez-encarcelara-a-vocales-del-tribunal-supremo-electoral-si-no-anulan-al-mas\/","og_site_name":"Pressenza","article_publisher":"https:\/\/www.facebook.com\/PressenzaItalia","article_author":"https:\/\/www.facebook.com\/Hispantv","article_published_time":"2020-07-21T21:31:33+00:00","og_image":[{"width":1366,"height":768,"url":"https:\/\/www.pressenza.com\/wp-content\/uploads\/2020\/07\/TSE-Bolivia.png","type":"image\/png"}],"author":"HispanTV","twitter_card":"summary_large_image","twitter_creator":"@Hispantv","twitter_site":"@PressenzaIPA","twitter_misc":{"Escrito por":"HispanTV","Tiempo de lectura":"2 minutos"},"schema":{"@context":"https:\/\/schema.org","@graph":[{"@type":"Article","@id":"https:\/\/www.pressenza.com\/es\/2020\/07\/bolivia-gobierno-de-anez-encarcelara-a-vocales-del-tribunal-supremo-electoral-si-no-anulan-al-mas\/#article","isPartOf":{"@id":"https:\/\/www.pressenza.com\/es\/2020\/07\/bolivia-gobierno-de-anez-encarcelara-a-vocales-del-tribunal-supremo-electoral-si-no-anulan-al-mas\/"},"author":{"name":"HispanTV","@id":"https:\/\/www.pressenza.com\/es\/#\/schema\/person\/2e5ffdf0e238fbba512bcf5c97959187"},"headline":"Bolivia: Gobierno de \u00c1\u00f1ez encarcelar\u00e1 a vocales del Tribunal Supremo Electoral si no anulan al MAS","datePublished":"2020-07-21T21:31:33+00:00","mainEntityOfPage":{"@id":"https:\/\/www.pressenza.com\/es\/2020\/07\/bolivia-gobierno-de-anez-encarcelara-a-vocales-del-tribunal-supremo-electoral-si-no-anulan-al-mas\/"},"wordCount":402,"publisher":{"@id":"https:\/\/www.pressenza.com\/es\/#organization"},"image":{"@id":"https:\/\/www.pressenza.com\/es\/2020\/07\/bolivia-gobierno-de-anez-encarcelara-a-vocales-del-tribunal-supremo-electoral-si-no-anulan-al-mas\/#primaryimage"},"thumbnailUrl":"https:\/\/www.pressenza.com\/wp-content\/uploads\/2020\/07\/TSE-Bolivia.png","keywords":["Bolivia","dictadura","elecciones","gobierno de facto","Jeannine \u00c1\u00f1ez","MAS"],"articleSection":["Pol\u00edtica","Sudam\u00e9rica"],"inLanguage":"es"},{"@type":"WebPage","@id":"https:\/\/www.pressenza.com\/es\/2020\/07\/bolivia-gobierno-de-anez-encarcelara-a-vocales-del-tribunal-supremo-electoral-si-no-anulan-al-mas\/","url":"https:\/\/www.pressenza.com\/es\/2020\/07\/bolivia-gobierno-de-anez-encarcelara-a-vocales-del-tribunal-supremo-electoral-si-no-anulan-al-mas\/","name":"Bolivia: Gobierno de \u00c1\u00f1ez encarcelar\u00e1 a vocales del Tribunal Supremo Electoral si no anulan al MAS","isPartOf":{"@id":"https:\/\/www.pressenza.com\/es\/#website"},"primaryImageOfPage":{"@id":"https:\/\/www.pressenza.com\/es\/2020\/07\/bolivia-gobierno-de-anez-encarcelara-a-vocales-del-tribunal-supremo-electoral-si-no-anulan-al-mas\/#primaryimage"},"image":{"@id":"https:\/\/www.pressenza.com\/es\/2020\/07\/bolivia-gobierno-de-anez-encarcelara-a-vocales-del-tribunal-supremo-electoral-si-no-anulan-al-mas\/#primaryimage"},"thumbnailUrl":"https:\/\/www.pressenza.com\/wp-content\/uploads\/2020\/07\/TSE-Bolivia.png","datePublished":"2020-07-21T21:31:33+00:00","description":"El gobierno \u2018de facto\u2019 de Bolivia amenaza con penas de prisi\u00f3n a los miembros del TSE si no anulan personalidad jur\u00eddica del Movimiento al Socialismo","breadcrumb":{"@id":"https:\/\/www.pressenza.com\/es\/2020\/07\/bolivia-gobierno-de-anez-encarcelara-a-vocales-del-tribunal-supremo-electoral-si-no-anulan-al-mas\/#breadcrumb"},"inLanguage":"es","potentialAction":[{"@type":"ReadAction","target":["https:\/\/www.pressenza.com\/es\/2020\/07\/bolivia-gobierno-de-anez-encarcelara-a-vocales-del-tribunal-supremo-electoral-si-no-anulan-al-mas\/"]}]},{"@type":"ImageObject","inLanguage":"es","@id":"https:\/\/www.pressenza.com\/es\/2020\/07\/bolivia-gobierno-de-anez-encarcelara-a-vocales-del-tribunal-supremo-electoral-si-no-anulan-al-mas\/#primaryimage","url":"https:\/\/www.pressenza.com\/wp-content\/uploads\/2020\/07\/TSE-Bolivia.png","contentUrl":"https:\/\/www.pressenza.com\/wp-content\/uploads\/2020\/07\/TSE-Bolivia.png","width":1366,"height":768},{"@type":"BreadcrumbList","@id":"https:\/\/www.pressenza.com\/es\/2020\/07\/bolivia-gobierno-de-anez-encarcelara-a-vocales-del-tribunal-supremo-electoral-si-no-anulan-al-mas\/#breadcrumb","itemListElement":[{"@type":"ListItem","position":1,"name":"Accueil","item":"https:\/\/www.pressenza.com\/es\/"},{"@type":"ListItem","position":2,"name":"Bolivia: Gobierno de \u00c1\u00f1ez encarcelar\u00e1 a vocales del Tribunal Supremo Electoral si no anulan al MAS"}]},{"@type":"WebSite","@id":"https:\/\/www.pressenza.com\/es\/#website","url":"https:\/\/www.pressenza.com\/es\/","name":"Pressenza","description":"International Press Agency","publisher":{"@id":"https:\/\/www.pressenza.com\/es\/#organization"},"potentialAction":[{"@type":"SearchAction","target":{"@type":"EntryPoint","urlTemplate":"https:\/\/www.pressenza.com\/es\/?s={search_term_string}"},"query-input":{"@type":"PropertyValueSpecification","valueRequired":true,"valueName":"search_term_string"}}],"inLanguage":"es"},{"@type":"Organization","@id":"https:\/\/www.pressenza.com\/es\/#organization","name":"Pressenza","url":"https:\/\/www.pressenza.com\/es\/","logo":{"@type":"ImageObject","inLanguage":"es","@id":"https:\/\/www.pressenza.com\/es\/#\/schema\/logo\/image\/","url":"https:\/\/www.pressenza.com\/wp-content\/uploads\/2022\/10\/pressenza_logo_200x200.jpg","contentUrl":"https:\/\/www.pressenza.com\/wp-content\/uploads\/2022\/10\/pressenza_logo_200x200.jpg","width":200,"height":200,"caption":"Pressenza"},"image":{"@id":"https:\/\/www.pressenza.com\/es\/#\/schema\/logo\/image\/"},"sameAs":["https:\/\/www.facebook.com\/PressenzaItalia","https:\/\/x.com\/PressenzaIPA"]},{"@type":"Person","@id":"https:\/\/www.pressenza.com\/es\/#\/schema\/person\/2e5ffdf0e238fbba512bcf5c97959187","name":"HispanTV","description":"Trabajar bajo el f\u00e9rreo compromiso como medio de comunicaci\u00f3n para fomentar el acercamiento entre los pueblos de Ir\u00e1n, el Hispanoamericano y los de Medio Oriente, considerando adem\u00e1s la necesidad de crear una mayor cercan\u00eda entre todos los pueblos de Am\u00e9rica Latina. http:\/\/www.hispantv.com\/","sameAs":["http:\/\/www.hispantv.ir","https:\/\/www.facebook.com\/Hispantv","https:\/\/x.com\/Hispantv"],"url":"https:\/\/www.pressenza.com\/es\/author\/hispantv\/"}]}},"place":"La Paz, Bolivia","original_article_url":"https:\/\/www.hispantv.com\/noticias\/bolivia\/472074\/anez-tribunal-electoral-mas","_links":{"self":[{"href":"https:\/\/www.pressenza.com\/es\/wp-json\/wp\/v2\/posts\/1164291","targetHints":{"allow":["GET"]}}],"collection":[{"href":"https:\/\/www.pressenza.com\/es\/wp-json\/wp\/v2\/posts"}],"about":[{"href":"https:\/\/www.pressenza.com\/es\/wp-json\/wp\/v2\/types\/post"}],"author":[{"embeddable":true,"href":"https:\/\/www.pressenza.com\/es\/wp-json\/wp\/v2\/users\/954"}],"replies":[{"embeddable":true,"href":"https:\/\/www.pressenza.com\/es\/wp-json\/wp\/v2\/comments?post=1164291"}],"version-history":[{"count":0,"href":"https:\/\/www.pressenza.com\/es\/wp-json\/wp\/v2\/posts\/1164291\/revisions"}],"wp:featuredmedia":[{"embeddable":true,"href":"https:\/\/www.pressenza.com\/es\/wp-json\/wp\/v2\/media\/1164292"}],"wp:attachment":[{"href":"https:\/\/www.pressenza.com\/es\/wp-json\/wp\/v2\/media?parent=1164291"}],"wp:term":[{"taxonomy":"category","embeddable":true,"href":"https:\/\/www.pressenza.com\/es\/wp-json\/wp\/v2\/categories?post=1164291"},{"taxonomy":"post_tag","embeddable":true,"href":"https:\/\/www.pressenza.com\/es\/wp-json\/wp\/v2\/tags?post=1164291"}],"curies":[{"name":"wp","href":"https:\/\/api.w.org\/{rel}","templated":true}]}}