{"id":1164138,"date":"2020-07-21T17:10:31","date_gmt":"2020-07-21T16:10:31","guid":{"rendered":"https:\/\/www.pressenza.com\/?p=1164138"},"modified":"2020-07-22T01:59:50","modified_gmt":"2020-07-22T00:59:50","slug":"infodemia-un-tsunami-de-informacion-sobre-el-coronavirus-que-mete-miedo","status":"publish","type":"post","link":"https:\/\/www.pressenza.com\/es\/2020\/07\/infodemia-un-tsunami-de-informacion-sobre-el-coronavirus-que-mete-miedo\/","title":{"rendered":"Infodemia vs. Coronavirus \u00bfCu\u00e1l epidemia es m\u00e1s grave?"},"content":{"rendered":"<p>Por Dr. Mario F\u00e9lix Bruno*<\/p>\n<p>Estamos viviendo, un momento muy especial, a ra\u00edz de la pandemia originada por el Coronavirus (COVID-19), con amplia diseminaci\u00f3n a trav\u00e9s del mundo. La informaci\u00f3n, brindada sobre esta afecci\u00f3n, presenta dos fallas severas: el contenido de lo informado, y la forma como se realiza. La Sociedad Argentina de Periodismo M\u00e9dico, atenta a toda informaci\u00f3n de salud, no puede dejar de se\u00f1alar, estas circunstancias. Para ello, hemos tomado como base, el articulo original, publicado por el Centro de Divulgaci\u00f3n Cient\u00edfica de la Facultad de Farmacia y Bioqu\u00edmica de la Universidad de Buenos Aires, cuya responsable es la Magister en Comunicaci\u00f3n, Amalia Dellamea, a su vez, profesora del curso de posgrado de nuestra entidad. Su presentaci\u00f3n, se titula: \u201cInfodemia. Un tsunami de informaci\u00f3n sobre el coronavirus, que mete miedo\u201d.<\/p>\n<p>Se considera infodemia como una epidemia de mala informaci\u00f3n. En muchos casos, como el presente, los datos errados que se emiten por redes sociales, causan mucho mal. Tambi\u00e9n, se puede definir como, la afecci\u00f3n en t\u00e9rminos econ\u00f3micos causada por la propagaci\u00f3n de noticias erradas o que causan p\u00e1nico. \u201c<em>No solo estamos luchando contra una epidemia; estamos luchando contra una infodemia<\/em>\u201d, alert\u00f3 el director general de la Organizaci\u00f3n Mundial de la Salud, Tedros Adhanon Ghebreyesus, en la Conferencia de Seguridad realizada en M\u00fanich el 15 de febrero de 2020. Nos dice la autora que \u201c<em>en efecto, el t\u00e9rmino infodemia ha protagonizado hoy multitud de titulares en relaci\u00f3n con la alerta de la Organizaci\u00f3n Mundial de la Salud. Seg\u00fan explica la propia OMS, la voz inglesa infodemic, se refiere a una sobreabundancia de informaci\u00f3n (alguna rigurosa y otra no) que hace que para las personas sea dif\u00edcil encontrar recursos fidedignos y una gu\u00eda de confianza cuando la necesitan\u201d. La infodemia relacionada con el coronavirus hace referencia al enorme volumen de informaci\u00f3n sobre esta pandemia, muchas de las cuales son falsas, originando una verdadera \u201cepidemia nociva de rumores que se generan durante los brotes\u201d.<\/em><\/p>\n<p>Dellamea nos refiere, que la informaci\u00f3n actual sobre el COVID 19 es \u201c<em>un tsunami de informaci\u00f3n verdadera, mixturada en un revoltijo mayoritario de rumores, datos falsos, inciertos, incomprobables, atemorizantes, amenazantes\u00a8.<\/em><\/p>\n<p>Nuevamente internet y las redes sociales est\u00e1n en el centro de la tormenta. La preocupaci\u00f3n mundial por la infodemia se justifica debido a la inusitada rapidez con que viaja, la amplitud que cubre y los efectos perniciosos que puede ejercer sobre la ciudadan\u00eda. Las redes sociales se constituyen, en m\u00e1quinas de dispersi\u00f3n en apariencia infalibles. Am\u00e9n del papel que en esta circunstancia est\u00e1n desempe\u00f1ando los medios de comunicaci\u00f3n tradicionales. Las desinformaciones se propagan cual virus, por todo el mundo de una manera tal que la Organizaci\u00f3n Mundial de la Salud (OMS) ya habla de una infodemia. Por lo que hoy se debe trabajar no s\u00f3lo para frenar al Covid-19, sino tambi\u00e9n para ponerle coto a la desinformaci\u00f3n que circula impunemente Se ha pasado de la toxicidad de la informaci\u00f3n (infoxicaci\u00f3n), que puede tener un car\u00e1cter individual, a una epidemia informativa colectiva: la infodemia.<\/p>\n<p>M\u00e1s adelante, en este excelente trabajo comunicacional, la autora hace referencia a las formas y origen de esta epidemia de informaci\u00f3n. Nos dice:<\/p>\n<p><em>\u201cla forma que suele adoptar esa transmisi\u00f3n fren\u00e9tica de informaciones falsas, dudosas, incomprobables, pero siempre alarmantes, desasosegantes y amenazantes, es la de un rumor, cuyo origen, su fuente primigenia, es desconocida y an\u00f3nima; pero as\u00ed y todo cunde apote\u00f3sicamente. Que rumores ha habido siempre, no hay dudas. As\u00ed, por ejemplo, la mayor\u00eda de las obras que analizan la historia de las pestes, destinan frondosos ac\u00e1pites al papel nocivo de los rumores. Pero el tortuoso y raudo proceso con que reptan y se trasladan esas informaciones, hoy lleva a niveles insospechados de alarma, con el consecuente miedo y ansiedad que impuls\u00f3 en su momento, a los ciudadanos, a tomar decisiones apresuradas e incluso irracionales, como abarrotarse de todo el alcohol en gel y los barbijos que pudieron y obtener, acaparar alimentos y agua para pertrecharse frente a una cuarentena global, independientemente de que se encuentren alejados de los centros de circulaci\u00f3n del virus\u201d.<\/em><\/p>\n<p>Otra derivaci\u00f3n de la infodemia, se relaciona con el incremento de acciones xen\u00f3fobas, al inicio referidas a las personas de origen chino y sus descendientes, pero luego ampliada no solo a los extranjeros, sino a las clases sociales, dentro de un mismo pa\u00eds. En este aspecto, Dellamea escribe \u201c<em>El virus se convierte as\u00ed en el motivo de la persecuci\u00f3n en virtud de los estereotipos previamente construidos y compartidos. Bastan algunos estereotipos para que haya persecuci\u00f3n en tiempos de crisis social o cultural. A la vez, la yuxtaposici\u00f3n de varios estereotipos lleva a la persecuci\u00f3n Asistimos tambi\u00e9n a la aparici\u00f3n de expresiones y conductas racistas y a la b\u00fasqueda de chivos expiatorios\u201d<\/em>. En esta circunstancia, podemos hablar de racismo sanitario.<\/p>\n<p>Por lo expuesto, los miembros de la Sociedad Argentina de Periodismo M\u00e9dico estimamos que nos enfrentamos a dos epidemias simultaneas: Infodemia y Coronavirus. Para combatir la primera, sugerimos tomar como ciertas, solo la informaci\u00f3n emitida por las autoridades sanitarias locales y de centros internacionales de referencia. Para la segunda, difundir en su justa medida, las comunicaciones oficiales y de expertos, tendientes a cumplir las normas de conducta social y de higiene establecidas por la autoridad sanitaria.<\/p>\n<p>&nbsp;<\/p>\n<p>*<em>Doctor en Medicina. Especialista en Oncolog\u00eda. Profesor de la Escuela de Graduados de la Asociaci\u00f3n Medica Argentina. Presidente del Comit\u00e9 de Cuidados Paliativos de la Asociaci\u00f3n Medica Argentina. Presidente de la Sociedad Argentina de Cancerolog\u00eda (2018\/2019) Presidente de la Sociedad Argentina de Periodismo Medico. Profesor Titular de la Catedra de Comunicaci\u00f3n de Salud de la Facultad de Ciencias de la Salud de la Universidad Maimonides.<\/em><\/p>\n","protected":false},"excerpt":{"rendered":"<p>Por Dr. Mario F\u00e9lix Bruno* Estamos viviendo, un momento muy especial, a ra\u00edz de la pandemia originada por el Coronavirus (COVID-19), con amplia diseminaci\u00f3n a trav\u00e9s del mundo. La informaci\u00f3n, brindada sobre esta afecci\u00f3n, presenta dos fallas severas: el contenido&hellip;<\/p>\n","protected":false},"author":1273,"featured_media":1164140,"comment_status":"closed","ping_status":"closed","sticky":false,"template":"","format":"standard","meta":{"footnotes":""},"categories":[11389,75,161,67],"tags":[72517,79123,17428,79122],"class_list":["post-1164138","post","type-post","status-publish","format-standard","has-post-thumbnail","hentry","category-contenido-original","category-cultura-es","category-opiniones","category-sudamerica","tag-crisis-coronavirus","tag-infodemia","tag-informacion","tag-sociedad-argentina-de-periodismo-medico"],"yoast_head":"<!-- This site is optimized with the Yoast SEO plugin v27.1.1 - https:\/\/yoast.com\/product\/yoast-seo-wordpress\/ -->\n<title>Infodemia vs. Coronavirus \u00bfCu\u00e1l epidemia es m\u00e1s grave?<\/title>\n<meta name=\"description\" content=\"Infodemia\" \/>\n<meta name=\"robots\" content=\"index, follow, max-snippet:-1, max-image-preview:large, max-video-preview:-1\" \/>\n<link rel=\"canonical\" href=\"https:\/\/www.pressenza.com\/es\/2020\/07\/infodemia-un-tsunami-de-informacion-sobre-el-coronavirus-que-mete-miedo\/\" \/>\n<meta property=\"og:locale\" content=\"es_ES\" \/>\n<meta property=\"og:type\" content=\"article\" \/>\n<meta property=\"og:title\" content=\"Infodemia vs. Coronavirus \u00bfCu\u00e1l epidemia es m\u00e1s grave?\" \/>\n<meta property=\"og:description\" content=\"Infodemia\" \/>\n<meta property=\"og:url\" content=\"https:\/\/www.pressenza.com\/es\/2020\/07\/infodemia-un-tsunami-de-informacion-sobre-el-coronavirus-que-mete-miedo\/\" \/>\n<meta property=\"og:site_name\" content=\"Pressenza\" \/>\n<meta property=\"article:publisher\" content=\"https:\/\/www.facebook.com\/PressenzaItalia\" \/>\n<meta property=\"article:author\" content=\"https:\/\/www.facebook.com\/Pressenza\/\" \/>\n<meta property=\"article:published_time\" content=\"2020-07-21T16:10:31+00:00\" \/>\n<meta property=\"article:modified_time\" content=\"2020-07-22T00:59:50+00:00\" \/>\n<meta property=\"og:image\" content=\"https:\/\/www.pressenza.com\/wp-content\/uploads\/2020\/07\/JCMenfermo.jpg\" \/>\n\t<meta property=\"og:image:width\" content=\"1235\" \/>\n\t<meta property=\"og:image:height\" content=\"926\" \/>\n\t<meta property=\"og:image:type\" content=\"image\/jpeg\" \/>\n<meta name=\"author\" content=\"Redacci\u00f3n Buenos Aires\" \/>\n<meta name=\"twitter:card\" content=\"summary_large_image\" \/>\n<meta name=\"twitter:creator\" content=\"@pressenza\" \/>\n<meta name=\"twitter:site\" content=\"@PressenzaIPA\" \/>\n<meta name=\"twitter:label1\" content=\"Escrito por\" \/>\n\t<meta name=\"twitter:data1\" content=\"Redacci\u00f3n Buenos Aires\" \/>\n\t<meta name=\"twitter:label2\" content=\"Tiempo de lectura\" \/>\n\t<meta name=\"twitter:data2\" content=\"5 minutos\" \/>\n<script type=\"application\/ld+json\" class=\"yoast-schema-graph\">{\"@context\":\"https:\/\/schema.org\",\"@graph\":[{\"@type\":\"Article\",\"@id\":\"https:\/\/www.pressenza.com\/es\/2020\/07\/infodemia-un-tsunami-de-informacion-sobre-el-coronavirus-que-mete-miedo\/#article\",\"isPartOf\":{\"@id\":\"https:\/\/www.pressenza.com\/es\/2020\/07\/infodemia-un-tsunami-de-informacion-sobre-el-coronavirus-que-mete-miedo\/\"},\"author\":{\"name\":\"Redacci\u00f3n Buenos Aires\",\"@id\":\"https:\/\/www.pressenza.com\/es\/#\/schema\/person\/d61b5f5fc632435ce9db3a31b1f2be87\"},\"headline\":\"Infodemia vs. Coronavirus \u00bfCu\u00e1l epidemia es m\u00e1s grave?\",\"datePublished\":\"2020-07-21T16:10:31+00:00\",\"dateModified\":\"2020-07-22T00:59:50+00:00\",\"mainEntityOfPage\":{\"@id\":\"https:\/\/www.pressenza.com\/es\/2020\/07\/infodemia-un-tsunami-de-informacion-sobre-el-coronavirus-que-mete-miedo\/\"},\"wordCount\":1014,\"publisher\":{\"@id\":\"https:\/\/www.pressenza.com\/es\/#organization\"},\"image\":{\"@id\":\"https:\/\/www.pressenza.com\/es\/2020\/07\/infodemia-un-tsunami-de-informacion-sobre-el-coronavirus-que-mete-miedo\/#primaryimage\"},\"thumbnailUrl\":\"https:\/\/www.pressenza.com\/wp-content\/uploads\/2020\/07\/JCMenfermo.jpg\",\"keywords\":[\"crisis coronavirus\",\"infodemia\",\"informaci\u00f3n\",\"Sociedad Argentina de Periodismo M\u00e9dico\"],\"articleSection\":[\"Contenido Original\",\"Cultura y Medios\",\"Opiniones\",\"Sudam\u00e9rica\"],\"inLanguage\":\"es\"},{\"@type\":\"WebPage\",\"@id\":\"https:\/\/www.pressenza.com\/es\/2020\/07\/infodemia-un-tsunami-de-informacion-sobre-el-coronavirus-que-mete-miedo\/\",\"url\":\"https:\/\/www.pressenza.com\/es\/2020\/07\/infodemia-un-tsunami-de-informacion-sobre-el-coronavirus-que-mete-miedo\/\",\"name\":\"Infodemia vs. Coronavirus \u00bfCu\u00e1l epidemia es m\u00e1s grave?\",\"isPartOf\":{\"@id\":\"https:\/\/www.pressenza.com\/es\/#website\"},\"primaryImageOfPage\":{\"@id\":\"https:\/\/www.pressenza.com\/es\/2020\/07\/infodemia-un-tsunami-de-informacion-sobre-el-coronavirus-que-mete-miedo\/#primaryimage\"},\"image\":{\"@id\":\"https:\/\/www.pressenza.com\/es\/2020\/07\/infodemia-un-tsunami-de-informacion-sobre-el-coronavirus-que-mete-miedo\/#primaryimage\"},\"thumbnailUrl\":\"https:\/\/www.pressenza.com\/wp-content\/uploads\/2020\/07\/JCMenfermo.jpg\",\"datePublished\":\"2020-07-21T16:10:31+00:00\",\"dateModified\":\"2020-07-22T00:59:50+00:00\",\"description\":\"Infodemia\",\"breadcrumb\":{\"@id\":\"https:\/\/www.pressenza.com\/es\/2020\/07\/infodemia-un-tsunami-de-informacion-sobre-el-coronavirus-que-mete-miedo\/#breadcrumb\"},\"inLanguage\":\"es\",\"potentialAction\":[{\"@type\":\"ReadAction\",\"target\":[\"https:\/\/www.pressenza.com\/es\/2020\/07\/infodemia-un-tsunami-de-informacion-sobre-el-coronavirus-que-mete-miedo\/\"]}]},{\"@type\":\"ImageObject\",\"inLanguage\":\"es\",\"@id\":\"https:\/\/www.pressenza.com\/es\/2020\/07\/infodemia-un-tsunami-de-informacion-sobre-el-coronavirus-que-mete-miedo\/#primaryimage\",\"url\":\"https:\/\/www.pressenza.com\/wp-content\/uploads\/2020\/07\/JCMenfermo.jpg\",\"contentUrl\":\"https:\/\/www.pressenza.com\/wp-content\/uploads\/2020\/07\/JCMenfermo.jpg\",\"width\":1235,\"height\":926},{\"@type\":\"BreadcrumbList\",\"@id\":\"https:\/\/www.pressenza.com\/es\/2020\/07\/infodemia-un-tsunami-de-informacion-sobre-el-coronavirus-que-mete-miedo\/#breadcrumb\",\"itemListElement\":[{\"@type\":\"ListItem\",\"position\":1,\"name\":\"Accueil\",\"item\":\"https:\/\/www.pressenza.com\/es\/\"},{\"@type\":\"ListItem\",\"position\":2,\"name\":\"Infodemia vs. Coronavirus \u00bfCu\u00e1l epidemia es m\u00e1s grave?\"}]},{\"@type\":\"WebSite\",\"@id\":\"https:\/\/www.pressenza.com\/es\/#website\",\"url\":\"https:\/\/www.pressenza.com\/es\/\",\"name\":\"Pressenza\",\"description\":\"International Press Agency\",\"publisher\":{\"@id\":\"https:\/\/www.pressenza.com\/es\/#organization\"},\"potentialAction\":[{\"@type\":\"SearchAction\",\"target\":{\"@type\":\"EntryPoint\",\"urlTemplate\":\"https:\/\/www.pressenza.com\/es\/?s={search_term_string}\"},\"query-input\":{\"@type\":\"PropertyValueSpecification\",\"valueRequired\":true,\"valueName\":\"search_term_string\"}}],\"inLanguage\":\"es\"},{\"@type\":\"Organization\",\"@id\":\"https:\/\/www.pressenza.com\/es\/#organization\",\"name\":\"Pressenza\",\"url\":\"https:\/\/www.pressenza.com\/es\/\",\"logo\":{\"@type\":\"ImageObject\",\"inLanguage\":\"es\",\"@id\":\"https:\/\/www.pressenza.com\/es\/#\/schema\/logo\/image\/\",\"url\":\"https:\/\/www.pressenza.com\/wp-content\/uploads\/2022\/10\/pressenza_logo_200x200.jpg\",\"contentUrl\":\"https:\/\/www.pressenza.com\/wp-content\/uploads\/2022\/10\/pressenza_logo_200x200.jpg\",\"width\":200,\"height\":200,\"caption\":\"Pressenza\"},\"image\":{\"@id\":\"https:\/\/www.pressenza.com\/es\/#\/schema\/logo\/image\/\"},\"sameAs\":[\"https:\/\/www.facebook.com\/PressenzaItalia\",\"https:\/\/x.com\/PressenzaIPA\"]},{\"@type\":\"Person\",\"@id\":\"https:\/\/www.pressenza.com\/es\/#\/schema\/person\/d61b5f5fc632435ce9db3a31b1f2be87\",\"name\":\"Redacci\u00f3n Buenos Aires\",\"description\":\"News published by the Pressenza bureau in Buenos Aires, Argentina\",\"sameAs\":[\"https:\/\/www.facebook.com\/Pressenza\/\",\"https:\/\/x.com\/pressenza\"],\"url\":\"https:\/\/www.pressenza.com\/es\/author\/redaccion-buenos-aires\/\"}]}<\/script>\n<!-- \/ Yoast SEO plugin. -->","yoast_head_json":{"title":"Infodemia vs. Coronavirus \u00bfCu\u00e1l epidemia es m\u00e1s grave?","description":"Infodemia","robots":{"index":"index","follow":"follow","max-snippet":"max-snippet:-1","max-image-preview":"max-image-preview:large","max-video-preview":"max-video-preview:-1"},"canonical":"https:\/\/www.pressenza.com\/es\/2020\/07\/infodemia-un-tsunami-de-informacion-sobre-el-coronavirus-que-mete-miedo\/","og_locale":"es_ES","og_type":"article","og_title":"Infodemia vs. Coronavirus \u00bfCu\u00e1l epidemia es m\u00e1s grave?","og_description":"Infodemia","og_url":"https:\/\/www.pressenza.com\/es\/2020\/07\/infodemia-un-tsunami-de-informacion-sobre-el-coronavirus-que-mete-miedo\/","og_site_name":"Pressenza","article_publisher":"https:\/\/www.facebook.com\/PressenzaItalia","article_author":"https:\/\/www.facebook.com\/Pressenza\/","article_published_time":"2020-07-21T16:10:31+00:00","article_modified_time":"2020-07-22T00:59:50+00:00","og_image":[{"width":1235,"height":926,"url":"https:\/\/www.pressenza.com\/wp-content\/uploads\/2020\/07\/JCMenfermo.jpg","type":"image\/jpeg"}],"author":"Redacci\u00f3n Buenos Aires","twitter_card":"summary_large_image","twitter_creator":"@pressenza","twitter_site":"@PressenzaIPA","twitter_misc":{"Escrito por":"Redacci\u00f3n Buenos Aires","Tiempo de lectura":"5 minutos"},"schema":{"@context":"https:\/\/schema.org","@graph":[{"@type":"Article","@id":"https:\/\/www.pressenza.com\/es\/2020\/07\/infodemia-un-tsunami-de-informacion-sobre-el-coronavirus-que-mete-miedo\/#article","isPartOf":{"@id":"https:\/\/www.pressenza.com\/es\/2020\/07\/infodemia-un-tsunami-de-informacion-sobre-el-coronavirus-que-mete-miedo\/"},"author":{"name":"Redacci\u00f3n Buenos Aires","@id":"https:\/\/www.pressenza.com\/es\/#\/schema\/person\/d61b5f5fc632435ce9db3a31b1f2be87"},"headline":"Infodemia vs. Coronavirus \u00bfCu\u00e1l epidemia es m\u00e1s grave?","datePublished":"2020-07-21T16:10:31+00:00","dateModified":"2020-07-22T00:59:50+00:00","mainEntityOfPage":{"@id":"https:\/\/www.pressenza.com\/es\/2020\/07\/infodemia-un-tsunami-de-informacion-sobre-el-coronavirus-que-mete-miedo\/"},"wordCount":1014,"publisher":{"@id":"https:\/\/www.pressenza.com\/es\/#organization"},"image":{"@id":"https:\/\/www.pressenza.com\/es\/2020\/07\/infodemia-un-tsunami-de-informacion-sobre-el-coronavirus-que-mete-miedo\/#primaryimage"},"thumbnailUrl":"https:\/\/www.pressenza.com\/wp-content\/uploads\/2020\/07\/JCMenfermo.jpg","keywords":["crisis coronavirus","infodemia","informaci\u00f3n","Sociedad Argentina de Periodismo M\u00e9dico"],"articleSection":["Contenido Original","Cultura y Medios","Opiniones","Sudam\u00e9rica"],"inLanguage":"es"},{"@type":"WebPage","@id":"https:\/\/www.pressenza.com\/es\/2020\/07\/infodemia-un-tsunami-de-informacion-sobre-el-coronavirus-que-mete-miedo\/","url":"https:\/\/www.pressenza.com\/es\/2020\/07\/infodemia-un-tsunami-de-informacion-sobre-el-coronavirus-que-mete-miedo\/","name":"Infodemia vs. Coronavirus \u00bfCu\u00e1l epidemia es m\u00e1s grave?","isPartOf":{"@id":"https:\/\/www.pressenza.com\/es\/#website"},"primaryImageOfPage":{"@id":"https:\/\/www.pressenza.com\/es\/2020\/07\/infodemia-un-tsunami-de-informacion-sobre-el-coronavirus-que-mete-miedo\/#primaryimage"},"image":{"@id":"https:\/\/www.pressenza.com\/es\/2020\/07\/infodemia-un-tsunami-de-informacion-sobre-el-coronavirus-que-mete-miedo\/#primaryimage"},"thumbnailUrl":"https:\/\/www.pressenza.com\/wp-content\/uploads\/2020\/07\/JCMenfermo.jpg","datePublished":"2020-07-21T16:10:31+00:00","dateModified":"2020-07-22T00:59:50+00:00","description":"Infodemia","breadcrumb":{"@id":"https:\/\/www.pressenza.com\/es\/2020\/07\/infodemia-un-tsunami-de-informacion-sobre-el-coronavirus-que-mete-miedo\/#breadcrumb"},"inLanguage":"es","potentialAction":[{"@type":"ReadAction","target":["https:\/\/www.pressenza.com\/es\/2020\/07\/infodemia-un-tsunami-de-informacion-sobre-el-coronavirus-que-mete-miedo\/"]}]},{"@type":"ImageObject","inLanguage":"es","@id":"https:\/\/www.pressenza.com\/es\/2020\/07\/infodemia-un-tsunami-de-informacion-sobre-el-coronavirus-que-mete-miedo\/#primaryimage","url":"https:\/\/www.pressenza.com\/wp-content\/uploads\/2020\/07\/JCMenfermo.jpg","contentUrl":"https:\/\/www.pressenza.com\/wp-content\/uploads\/2020\/07\/JCMenfermo.jpg","width":1235,"height":926},{"@type":"BreadcrumbList","@id":"https:\/\/www.pressenza.com\/es\/2020\/07\/infodemia-un-tsunami-de-informacion-sobre-el-coronavirus-que-mete-miedo\/#breadcrumb","itemListElement":[{"@type":"ListItem","position":1,"name":"Accueil","item":"https:\/\/www.pressenza.com\/es\/"},{"@type":"ListItem","position":2,"name":"Infodemia vs. Coronavirus \u00bfCu\u00e1l epidemia es m\u00e1s grave?"}]},{"@type":"WebSite","@id":"https:\/\/www.pressenza.com\/es\/#website","url":"https:\/\/www.pressenza.com\/es\/","name":"Pressenza","description":"International Press Agency","publisher":{"@id":"https:\/\/www.pressenza.com\/es\/#organization"},"potentialAction":[{"@type":"SearchAction","target":{"@type":"EntryPoint","urlTemplate":"https:\/\/www.pressenza.com\/es\/?s={search_term_string}"},"query-input":{"@type":"PropertyValueSpecification","valueRequired":true,"valueName":"search_term_string"}}],"inLanguage":"es"},{"@type":"Organization","@id":"https:\/\/www.pressenza.com\/es\/#organization","name":"Pressenza","url":"https:\/\/www.pressenza.com\/es\/","logo":{"@type":"ImageObject","inLanguage":"es","@id":"https:\/\/www.pressenza.com\/es\/#\/schema\/logo\/image\/","url":"https:\/\/www.pressenza.com\/wp-content\/uploads\/2022\/10\/pressenza_logo_200x200.jpg","contentUrl":"https:\/\/www.pressenza.com\/wp-content\/uploads\/2022\/10\/pressenza_logo_200x200.jpg","width":200,"height":200,"caption":"Pressenza"},"image":{"@id":"https:\/\/www.pressenza.com\/es\/#\/schema\/logo\/image\/"},"sameAs":["https:\/\/www.facebook.com\/PressenzaItalia","https:\/\/x.com\/PressenzaIPA"]},{"@type":"Person","@id":"https:\/\/www.pressenza.com\/es\/#\/schema\/person\/d61b5f5fc632435ce9db3a31b1f2be87","name":"Redacci\u00f3n Buenos Aires","description":"News published by the Pressenza bureau in Buenos Aires, Argentina","sameAs":["https:\/\/www.facebook.com\/Pressenza\/","https:\/\/x.com\/pressenza"],"url":"https:\/\/www.pressenza.com\/es\/author\/redaccion-buenos-aires\/"}]}},"place":"Buenos Aires, Argentina","original_article_url":"","_links":{"self":[{"href":"https:\/\/www.pressenza.com\/es\/wp-json\/wp\/v2\/posts\/1164138","targetHints":{"allow":["GET"]}}],"collection":[{"href":"https:\/\/www.pressenza.com\/es\/wp-json\/wp\/v2\/posts"}],"about":[{"href":"https:\/\/www.pressenza.com\/es\/wp-json\/wp\/v2\/types\/post"}],"author":[{"embeddable":true,"href":"https:\/\/www.pressenza.com\/es\/wp-json\/wp\/v2\/users\/1273"}],"replies":[{"embeddable":true,"href":"https:\/\/www.pressenza.com\/es\/wp-json\/wp\/v2\/comments?post=1164138"}],"version-history":[{"count":0,"href":"https:\/\/www.pressenza.com\/es\/wp-json\/wp\/v2\/posts\/1164138\/revisions"}],"wp:featuredmedia":[{"embeddable":true,"href":"https:\/\/www.pressenza.com\/es\/wp-json\/wp\/v2\/media\/1164140"}],"wp:attachment":[{"href":"https:\/\/www.pressenza.com\/es\/wp-json\/wp\/v2\/media?parent=1164138"}],"wp:term":[{"taxonomy":"category","embeddable":true,"href":"https:\/\/www.pressenza.com\/es\/wp-json\/wp\/v2\/categories?post=1164138"},{"taxonomy":"post_tag","embeddable":true,"href":"https:\/\/www.pressenza.com\/es\/wp-json\/wp\/v2\/tags?post=1164138"}],"curies":[{"name":"wp","href":"https:\/\/api.w.org\/{rel}","templated":true}]}}