{"id":1163717,"date":"2020-07-21T00:42:54","date_gmt":"2020-07-20T23:42:54","guid":{"rendered":"https:\/\/www.pressenza.com\/?p=1163717"},"modified":"2020-07-21T21:06:46","modified_gmt":"2020-07-21T20:06:46","slug":"tres","status":"publish","type":"post","link":"https:\/\/www.pressenza.com\/es\/2020\/07\/tres\/","title":{"rendered":"Tres"},"content":{"rendered":"<p><em>Por<strong> Ricardo Silva Romero<\/strong><\/em>*<\/p>\n<p>Mientras pasa este texto, un colombiano est\u00e1 contemplando la posibilidad de que lo maten. Porque ac\u00e1 es as\u00ed. Porque se lo han advertido como advirti\u00e9ndole un \u00faltimo castigo. Y sin embargo, a pesar de los rumores de que ah\u00ed vienen ya y de los vaticinios inapelables, todo asesinato es una sorpresa, todo asesinato es por la espalda. Cuando le dispararon a la entrada del Puente A\u00e9reo de Bogot\u00e1, cuando se vio a s\u00ed mismo ultimado como entendiendo que a uno s\u00ed puede pasarle lo que le pasa a otro, el l\u00edder de la UP Bernardo Jaramillo le dijo a su esposa \u201cmi amor&#8230; no siento las piernas&#8230; estos hijueputas me mataron&#8230; abr\u00e1zame y prot\u00e9geme que me voy a morir&#8230;\u201d para que de 1990 en adelante fuera claro que ni los m\u00e1rtires se resignan a nuestra violencia.<\/p>\n<p>El relator de la ONU Michel Forst dijo en febrero de este a\u00f1o que Colombia es uno de los pa\u00edses m\u00e1s peligrosos del mundo para la defensa de los derechos humanos. Y, como las cifras no describen el drama que es cada caso, un grupo de columnistas \u2013al que me sumo\u2013 se ha propuesto contar las vidas de los l\u00edderes asesinados. Hay que contarlas, una a una a una, hasta que sea claro que tanto los verdugos como las v\u00edctimas est\u00e1n entre nosotros, y sea obvio que no ha habido nada sobrenatural \u2013la mera posibilidad, permitida por cada cual y por todos, de da\u00f1ar tr\u00e1gicamente al otro\u2013 en este horror que ha tenido cara de tradici\u00f3n.<\/p>\n<p>Hay que contar que el lunes festivo 7 de enero de 2019, cuando fue fusilado en su propia casa en el barrio La Victoria del municipio de Cartagena del Chair\u00e1 (Caquet\u00e1), delante de su familia, por dos sicarios de qui\u00e9n sabe cu\u00e1l de las bandas de traficantes de la regi\u00f3n, el presidente de la junta de acci\u00f3n comunal Miguel Antonio Guti\u00e9rrez era un cuarent\u00f3n de camisas de cuadros cansado de tragarse la sonrisa de siempre por culpa de los hostigamientos de los \u00faltimos seis meses: \u201cLa comunidad hace un llamado al Gobierno para que haga presencia\u201d, \u201cse est\u00e1 ofreciendo una recompensa de hasta diez millones de pesos\u201d, \u201crecib\u00eda constantes amenazas, pero su labor no paraba\u201d, se dijo entonces.<\/p>\n<p>Hay que contar que el martes 15 de enero de 2019, cuando ciertos miembros del Eln, sembradores de minas antipersonas, rompieron su propia tregua para llev\u00e1rselo y matarlo en una vereda de Montecristo (Bol\u00edvar), el combativo V\u00edctor Manuel Trujillo no solo era un veintea\u00f1ero que cantaba sobre justicia social sin pelos en la lengua y con gafas oscuras, sino un respetado l\u00edder comunitario que ten\u00eda encima tanto a las autodefensas como a los guerrilleros por haber participado en el paro de 2013: \u201cOfrecieron recompensa por m\u00ed, quer\u00edan arrestarme porque yo los dirig\u00ed&#8230;\u201d, canta, sonriente, en el coro de su canci\u00f3n sobre las protestas, \u201c\u00bfest\u00e1n pa\u2019 ayudarnos o est\u00e1n pa\u2019 joder?\u201d.<\/p>\n<p>Hay que contar que el mi\u00e9rcoles 20 de febrero de 2019, cuando su cuerpo ya no pudo recuperarse, en el hospital de El Tunal aqu\u00ed en Bogot\u00e1, de los disparos que un delincuente borroso le peg\u00f3 en la polvorienta cancha Los G\u00fcires del barrio Caba\u00f1as del R\u00edo (Arauca), la lideresa comunal Zaira Bellasm\u00edn P\u00e9rez era la vocera del sector, pero sobre todo era la madre de tres ni\u00f1os y cuatro ni\u00f1as: \u201cEstamos indignados de ver lo que ocurri\u00f3 \u2013declar\u00f3 un habitante del lugar a El Mirador\u2013: esta era una se\u00f1ora que a todos nos colaboraba en lo que pod\u00eda, no ten\u00eda plata, ni nada, pero ella se mov\u00eda por cualquier persona y gestionaba, y sentimos impotencia y frustraci\u00f3n porque en eso se ha convertido la cancha de los G\u00fcires\u201d.<\/p>\n<p>El martes en la ma\u00f1ana el instituto Max Planck revel\u00f3 el descubrimiento de otro sistema solar, como el espejo del nuestro, con un planeta semejante a la Tierra: ojal\u00e1 exista all\u00e1 una Colombia al rev\u00e9s en la que matar no sea una funci\u00f3n corporal.<\/p>\n<hr \/>\n<p>* Para muchos, el mejor novelista vivo de Colombia. Sus libros son un \u00e9xito editorial garantizado, y sus columnas est\u00e1n llenas de contenido social, denuncia y lenguaje literario. Columnista de El Tiempo.<\/p>\n<p>&nbsp;<\/p>\n<p>Este art\u00edculo es parte de una serie escrita por columnistas colombianos, en memoria de los l\u00edderes sociales asesinados en su pa\u00eds. Lea otras columnas ya publicadas en Pressenza,\u00a0<a href=\"https:\/\/www.pressenza.com\/es\/tag\/lahuelladeloslideres\/\" target=\"_blank\" rel=\"noopener noreferrer\">en este enlace<\/a>.<\/p>\n","protected":false},"excerpt":{"rendered":"<p>Por Ricardo Silva Romero* Mientras pasa este texto, un colombiano est\u00e1 contemplando la posibilidad de que lo maten. Porque ac\u00e1 es as\u00ed. Porque se lo han advertido como advirti\u00e9ndole un \u00faltimo castigo. Y sin embargo, a pesar de los rumores&hellip;<\/p>\n","protected":false},"author":1053,"featured_media":1156681,"comment_status":"closed","ping_status":"closed","sticky":false,"template":"","format":"standard","meta":{"footnotes":""},"categories":[79,161,1243,67],"tags":[78569,78568,30,78570,37051,6619],"class_list":["post-1163717","post","type-post","status-publish","format-standard","has-post-thumbnail","hentry","category-derechos-humanos","category-opiniones","category-paz-desarme","category-sudamerica","tag-defendamoslapaz","tag-lahuelladeloslideres","tag-colombia","tag-dlp","tag-lideres-sociales","tag-proceso-de-paz"],"yoast_head":"<!-- This site is optimized with the Yoast SEO plugin v27.1.1 - https:\/\/yoast.com\/product\/yoast-seo-wordpress\/ -->\n<title>Tres<\/title>\n<meta name=\"description\" content=\"Por Ricardo Silva Romero* Mientras pasa este texto, un colombiano est\u00e1 contemplando la posibilidad de que lo maten. Porque ac\u00e1 es as\u00ed. Porque se lo han\" \/>\n<meta name=\"robots\" content=\"index, follow, max-snippet:-1, max-image-preview:large, max-video-preview:-1\" \/>\n<link rel=\"canonical\" href=\"https:\/\/www.pressenza.com\/es\/2020\/07\/tres\/\" \/>\n<meta property=\"og:locale\" content=\"es_ES\" \/>\n<meta property=\"og:type\" content=\"article\" \/>\n<meta property=\"og:title\" content=\"Tres\" \/>\n<meta property=\"og:description\" content=\"Por Ricardo Silva Romero* Mientras pasa este texto, un colombiano est\u00e1 contemplando la posibilidad de que lo maten. Porque ac\u00e1 es as\u00ed. Porque se lo han\" \/>\n<meta property=\"og:url\" content=\"https:\/\/www.pressenza.com\/es\/2020\/07\/tres\/\" \/>\n<meta property=\"og:site_name\" content=\"Pressenza\" \/>\n<meta property=\"article:publisher\" content=\"https:\/\/www.facebook.com\/PressenzaItalia\" \/>\n<meta property=\"article:published_time\" content=\"2020-07-20T23:42:54+00:00\" \/>\n<meta property=\"article:modified_time\" content=\"2020-07-21T20:06:46+00:00\" \/>\n<meta property=\"og:image\" content=\"https:\/\/www.pressenza.com\/wp-content\/uploads\/2020\/07\/La-huella1.jpg\" \/>\n\t<meta property=\"og:image:width\" content=\"781\" \/>\n\t<meta property=\"og:image:height\" content=\"450\" \/>\n\t<meta property=\"og:image:type\" content=\"image\/jpeg\" \/>\n<meta name=\"author\" content=\"Redacci\u00f3n Colombia\" \/>\n<meta name=\"twitter:card\" content=\"summary_large_image\" \/>\n<meta name=\"twitter:creator\" content=\"@PressenzaIPA\" \/>\n<meta name=\"twitter:site\" content=\"@PressenzaIPA\" \/>\n<meta name=\"twitter:label1\" content=\"Escrito por\" \/>\n\t<meta name=\"twitter:data1\" content=\"Redacci\u00f3n Colombia\" \/>\n\t<meta name=\"twitter:label2\" content=\"Tiempo de lectura\" \/>\n\t<meta name=\"twitter:data2\" content=\"4 minutos\" \/>\n<script type=\"application\/ld+json\" class=\"yoast-schema-graph\">{\"@context\":\"https:\/\/schema.org\",\"@graph\":[{\"@type\":\"Article\",\"@id\":\"https:\/\/www.pressenza.com\/es\/2020\/07\/tres\/#article\",\"isPartOf\":{\"@id\":\"https:\/\/www.pressenza.com\/es\/2020\/07\/tres\/\"},\"author\":{\"name\":\"Redacci\u00f3n Colombia\",\"@id\":\"https:\/\/www.pressenza.com\/es\/#\/schema\/person\/7c8ee170a4502d638436c91e385315f2\"},\"headline\":\"Tres\",\"datePublished\":\"2020-07-20T23:42:54+00:00\",\"dateModified\":\"2020-07-21T20:06:46+00:00\",\"mainEntityOfPage\":{\"@id\":\"https:\/\/www.pressenza.com\/es\/2020\/07\/tres\/\"},\"wordCount\":766,\"publisher\":{\"@id\":\"https:\/\/www.pressenza.com\/es\/#organization\"},\"image\":{\"@id\":\"https:\/\/www.pressenza.com\/es\/2020\/07\/tres\/#primaryimage\"},\"thumbnailUrl\":\"https:\/\/www.pressenza.com\/wp-content\/uploads\/2020\/07\/La-huella1.jpg\",\"keywords\":[\"#DefendamosLaPaz\",\"#LaHuellaDeLosLideres\",\"Colombia\",\"DLP\",\"l\u00edderes sociales\",\"proceso de paz\"],\"articleSection\":[\"Derechos Humanos\",\"Opiniones\",\"Paz y Desarme\",\"Sudam\u00e9rica\"],\"inLanguage\":\"es\"},{\"@type\":\"WebPage\",\"@id\":\"https:\/\/www.pressenza.com\/es\/2020\/07\/tres\/\",\"url\":\"https:\/\/www.pressenza.com\/es\/2020\/07\/tres\/\",\"name\":\"Tres\",\"isPartOf\":{\"@id\":\"https:\/\/www.pressenza.com\/es\/#website\"},\"primaryImageOfPage\":{\"@id\":\"https:\/\/www.pressenza.com\/es\/2020\/07\/tres\/#primaryimage\"},\"image\":{\"@id\":\"https:\/\/www.pressenza.com\/es\/2020\/07\/tres\/#primaryimage\"},\"thumbnailUrl\":\"https:\/\/www.pressenza.com\/wp-content\/uploads\/2020\/07\/La-huella1.jpg\",\"datePublished\":\"2020-07-20T23:42:54+00:00\",\"dateModified\":\"2020-07-21T20:06:46+00:00\",\"description\":\"Por Ricardo Silva Romero* Mientras pasa este texto, un colombiano est\u00e1 contemplando la posibilidad de que lo maten. Porque ac\u00e1 es as\u00ed. Porque se lo han\",\"breadcrumb\":{\"@id\":\"https:\/\/www.pressenza.com\/es\/2020\/07\/tres\/#breadcrumb\"},\"inLanguage\":\"es\",\"potentialAction\":[{\"@type\":\"ReadAction\",\"target\":[\"https:\/\/www.pressenza.com\/es\/2020\/07\/tres\/\"]}]},{\"@type\":\"ImageObject\",\"inLanguage\":\"es\",\"@id\":\"https:\/\/www.pressenza.com\/es\/2020\/07\/tres\/#primaryimage\",\"url\":\"https:\/\/www.pressenza.com\/wp-content\/uploads\/2020\/07\/La-huella1.jpg\",\"contentUrl\":\"https:\/\/www.pressenza.com\/wp-content\/uploads\/2020\/07\/La-huella1.jpg\",\"width\":781,\"height\":450},{\"@type\":\"BreadcrumbList\",\"@id\":\"https:\/\/www.pressenza.com\/es\/2020\/07\/tres\/#breadcrumb\",\"itemListElement\":[{\"@type\":\"ListItem\",\"position\":1,\"name\":\"Accueil\",\"item\":\"https:\/\/www.pressenza.com\/es\/\"},{\"@type\":\"ListItem\",\"position\":2,\"name\":\"Tres\"}]},{\"@type\":\"WebSite\",\"@id\":\"https:\/\/www.pressenza.com\/es\/#website\",\"url\":\"https:\/\/www.pressenza.com\/es\/\",\"name\":\"Pressenza\",\"description\":\"International Press Agency\",\"publisher\":{\"@id\":\"https:\/\/www.pressenza.com\/es\/#organization\"},\"potentialAction\":[{\"@type\":\"SearchAction\",\"target\":{\"@type\":\"EntryPoint\",\"urlTemplate\":\"https:\/\/www.pressenza.com\/es\/?s={search_term_string}\"},\"query-input\":{\"@type\":\"PropertyValueSpecification\",\"valueRequired\":true,\"valueName\":\"search_term_string\"}}],\"inLanguage\":\"es\"},{\"@type\":\"Organization\",\"@id\":\"https:\/\/www.pressenza.com\/es\/#organization\",\"name\":\"Pressenza\",\"url\":\"https:\/\/www.pressenza.com\/es\/\",\"logo\":{\"@type\":\"ImageObject\",\"inLanguage\":\"es\",\"@id\":\"https:\/\/www.pressenza.com\/es\/#\/schema\/logo\/image\/\",\"url\":\"https:\/\/www.pressenza.com\/wp-content\/uploads\/2022\/10\/pressenza_logo_200x200.jpg\",\"contentUrl\":\"https:\/\/www.pressenza.com\/wp-content\/uploads\/2022\/10\/pressenza_logo_200x200.jpg\",\"width\":200,\"height\":200,\"caption\":\"Pressenza\"},\"image\":{\"@id\":\"https:\/\/www.pressenza.com\/es\/#\/schema\/logo\/image\/\"},\"sameAs\":[\"https:\/\/www.facebook.com\/PressenzaItalia\",\"https:\/\/x.com\/PressenzaIPA\"]},{\"@type\":\"Person\",\"@id\":\"https:\/\/www.pressenza.com\/es\/#\/schema\/person\/7c8ee170a4502d638436c91e385315f2\",\"name\":\"Redacci\u00f3n Colombia\",\"description\":\"News published by the Pressenza bureau in Colombia\",\"url\":\"https:\/\/www.pressenza.com\/es\/author\/redaccion-colombia\/\"}]}<\/script>\n<!-- \/ Yoast SEO plugin. -->","yoast_head_json":{"title":"Tres","description":"Por Ricardo Silva Romero* Mientras pasa este texto, un colombiano est\u00e1 contemplando la posibilidad de que lo maten. Porque ac\u00e1 es as\u00ed. Porque se lo han","robots":{"index":"index","follow":"follow","max-snippet":"max-snippet:-1","max-image-preview":"max-image-preview:large","max-video-preview":"max-video-preview:-1"},"canonical":"https:\/\/www.pressenza.com\/es\/2020\/07\/tres\/","og_locale":"es_ES","og_type":"article","og_title":"Tres","og_description":"Por Ricardo Silva Romero* Mientras pasa este texto, un colombiano est\u00e1 contemplando la posibilidad de que lo maten. Porque ac\u00e1 es as\u00ed. Porque se lo han","og_url":"https:\/\/www.pressenza.com\/es\/2020\/07\/tres\/","og_site_name":"Pressenza","article_publisher":"https:\/\/www.facebook.com\/PressenzaItalia","article_published_time":"2020-07-20T23:42:54+00:00","article_modified_time":"2020-07-21T20:06:46+00:00","og_image":[{"width":781,"height":450,"url":"https:\/\/www.pressenza.com\/wp-content\/uploads\/2020\/07\/La-huella1.jpg","type":"image\/jpeg"}],"author":"Redacci\u00f3n Colombia","twitter_card":"summary_large_image","twitter_creator":"@PressenzaIPA","twitter_site":"@PressenzaIPA","twitter_misc":{"Escrito por":"Redacci\u00f3n Colombia","Tiempo de lectura":"4 minutos"},"schema":{"@context":"https:\/\/schema.org","@graph":[{"@type":"Article","@id":"https:\/\/www.pressenza.com\/es\/2020\/07\/tres\/#article","isPartOf":{"@id":"https:\/\/www.pressenza.com\/es\/2020\/07\/tres\/"},"author":{"name":"Redacci\u00f3n Colombia","@id":"https:\/\/www.pressenza.com\/es\/#\/schema\/person\/7c8ee170a4502d638436c91e385315f2"},"headline":"Tres","datePublished":"2020-07-20T23:42:54+00:00","dateModified":"2020-07-21T20:06:46+00:00","mainEntityOfPage":{"@id":"https:\/\/www.pressenza.com\/es\/2020\/07\/tres\/"},"wordCount":766,"publisher":{"@id":"https:\/\/www.pressenza.com\/es\/#organization"},"image":{"@id":"https:\/\/www.pressenza.com\/es\/2020\/07\/tres\/#primaryimage"},"thumbnailUrl":"https:\/\/www.pressenza.com\/wp-content\/uploads\/2020\/07\/La-huella1.jpg","keywords":["#DefendamosLaPaz","#LaHuellaDeLosLideres","Colombia","DLP","l\u00edderes sociales","proceso de paz"],"articleSection":["Derechos Humanos","Opiniones","Paz y Desarme","Sudam\u00e9rica"],"inLanguage":"es"},{"@type":"WebPage","@id":"https:\/\/www.pressenza.com\/es\/2020\/07\/tres\/","url":"https:\/\/www.pressenza.com\/es\/2020\/07\/tres\/","name":"Tres","isPartOf":{"@id":"https:\/\/www.pressenza.com\/es\/#website"},"primaryImageOfPage":{"@id":"https:\/\/www.pressenza.com\/es\/2020\/07\/tres\/#primaryimage"},"image":{"@id":"https:\/\/www.pressenza.com\/es\/2020\/07\/tres\/#primaryimage"},"thumbnailUrl":"https:\/\/www.pressenza.com\/wp-content\/uploads\/2020\/07\/La-huella1.jpg","datePublished":"2020-07-20T23:42:54+00:00","dateModified":"2020-07-21T20:06:46+00:00","description":"Por Ricardo Silva Romero* Mientras pasa este texto, un colombiano est\u00e1 contemplando la posibilidad de que lo maten. Porque ac\u00e1 es as\u00ed. Porque se lo han","breadcrumb":{"@id":"https:\/\/www.pressenza.com\/es\/2020\/07\/tres\/#breadcrumb"},"inLanguage":"es","potentialAction":[{"@type":"ReadAction","target":["https:\/\/www.pressenza.com\/es\/2020\/07\/tres\/"]}]},{"@type":"ImageObject","inLanguage":"es","@id":"https:\/\/www.pressenza.com\/es\/2020\/07\/tres\/#primaryimage","url":"https:\/\/www.pressenza.com\/wp-content\/uploads\/2020\/07\/La-huella1.jpg","contentUrl":"https:\/\/www.pressenza.com\/wp-content\/uploads\/2020\/07\/La-huella1.jpg","width":781,"height":450},{"@type":"BreadcrumbList","@id":"https:\/\/www.pressenza.com\/es\/2020\/07\/tres\/#breadcrumb","itemListElement":[{"@type":"ListItem","position":1,"name":"Accueil","item":"https:\/\/www.pressenza.com\/es\/"},{"@type":"ListItem","position":2,"name":"Tres"}]},{"@type":"WebSite","@id":"https:\/\/www.pressenza.com\/es\/#website","url":"https:\/\/www.pressenza.com\/es\/","name":"Pressenza","description":"International Press Agency","publisher":{"@id":"https:\/\/www.pressenza.com\/es\/#organization"},"potentialAction":[{"@type":"SearchAction","target":{"@type":"EntryPoint","urlTemplate":"https:\/\/www.pressenza.com\/es\/?s={search_term_string}"},"query-input":{"@type":"PropertyValueSpecification","valueRequired":true,"valueName":"search_term_string"}}],"inLanguage":"es"},{"@type":"Organization","@id":"https:\/\/www.pressenza.com\/es\/#organization","name":"Pressenza","url":"https:\/\/www.pressenza.com\/es\/","logo":{"@type":"ImageObject","inLanguage":"es","@id":"https:\/\/www.pressenza.com\/es\/#\/schema\/logo\/image\/","url":"https:\/\/www.pressenza.com\/wp-content\/uploads\/2022\/10\/pressenza_logo_200x200.jpg","contentUrl":"https:\/\/www.pressenza.com\/wp-content\/uploads\/2022\/10\/pressenza_logo_200x200.jpg","width":200,"height":200,"caption":"Pressenza"},"image":{"@id":"https:\/\/www.pressenza.com\/es\/#\/schema\/logo\/image\/"},"sameAs":["https:\/\/www.facebook.com\/PressenzaItalia","https:\/\/x.com\/PressenzaIPA"]},{"@type":"Person","@id":"https:\/\/www.pressenza.com\/es\/#\/schema\/person\/7c8ee170a4502d638436c91e385315f2","name":"Redacci\u00f3n Colombia","description":"News published by the Pressenza bureau in Colombia","url":"https:\/\/www.pressenza.com\/es\/author\/redaccion-colombia\/"}]}},"place":"Bogot\u00e1","original_article_url":"https:\/\/www.eltiempo.com\/opinion\/columnistas\/ricardo-silva-romero\/tres-columna-de-ricardo-silva-romero-505926","_links":{"self":[{"href":"https:\/\/www.pressenza.com\/es\/wp-json\/wp\/v2\/posts\/1163717","targetHints":{"allow":["GET"]}}],"collection":[{"href":"https:\/\/www.pressenza.com\/es\/wp-json\/wp\/v2\/posts"}],"about":[{"href":"https:\/\/www.pressenza.com\/es\/wp-json\/wp\/v2\/types\/post"}],"author":[{"embeddable":true,"href":"https:\/\/www.pressenza.com\/es\/wp-json\/wp\/v2\/users\/1053"}],"replies":[{"embeddable":true,"href":"https:\/\/www.pressenza.com\/es\/wp-json\/wp\/v2\/comments?post=1163717"}],"version-history":[{"count":0,"href":"https:\/\/www.pressenza.com\/es\/wp-json\/wp\/v2\/posts\/1163717\/revisions"}],"wp:featuredmedia":[{"embeddable":true,"href":"https:\/\/www.pressenza.com\/es\/wp-json\/wp\/v2\/media\/1156681"}],"wp:attachment":[{"href":"https:\/\/www.pressenza.com\/es\/wp-json\/wp\/v2\/media?parent=1163717"}],"wp:term":[{"taxonomy":"category","embeddable":true,"href":"https:\/\/www.pressenza.com\/es\/wp-json\/wp\/v2\/categories?post=1163717"},{"taxonomy":"post_tag","embeddable":true,"href":"https:\/\/www.pressenza.com\/es\/wp-json\/wp\/v2\/tags?post=1163717"}],"curies":[{"name":"wp","href":"https:\/\/api.w.org\/{rel}","templated":true}]}}