{"id":1163018,"date":"2020-07-19T21:00:28","date_gmt":"2020-07-19T20:00:28","guid":{"rendered":"https:\/\/www.pressenza.com\/?p=1163018"},"modified":"2020-07-19T21:00:28","modified_gmt":"2020-07-19T20:00:28","slug":"amenazaron-de-muerte-a-hebe-de-bonafini","status":"publish","type":"post","link":"https:\/\/www.pressenza.com\/es\/2020\/07\/amenazaron-de-muerte-a-hebe-de-bonafini\/","title":{"rendered":"Amenazaron de muerte a Hebe de Bonafini"},"content":{"rendered":"<p>Por Jorge Pard\u00e9s<\/p>\n<p>En la madrugada de ayer, alrededor de las 2 de la ma\u00f1ana, a trav\u00e9s del portero el\u00e9ctrico de su casa, al que se accede luego de entrar a la vivienda abriendo el port\u00f3n de entrada, amenazaron a Hebe de Bonafini dici\u00e9ndole \u00abPara que te calles te vamos a matar\u00bb.<\/p>\n<p>Tres horas despu\u00e9s, por el tel\u00e9fono de l\u00ednea, volvieron a amenazarla con la misma sentencia: \u201cTe vamos a matar para que te calles\u00bb.<\/p>\n<p>Este miserable ataque perpetrado contra la Presidenta de la Asociaci\u00f3n Madres de Plaza de Mayo contra su persona, su vivienda, fue realizado en ausencia de la custodia que tendr\u00eda que haber estado, pero no se encontraba en su puesto de trabajo.<\/p>\n<p>Es llamativo que s\u00f3lo tres d\u00edas despu\u00e9s de que Hebe publicara una carta al Presidente de la Naci\u00f3n en la que le expresaba con dolor que las Madres se sent\u00edan agraviadas y heridas en su coraz\u00f3n porque \u00e9l sent\u00f3 a su mesa a los que explotan a los trabajadores y trabajadoras, a los que saquearon el pa\u00eds y que secuestraron a muchos de sus hijos e hijas que luchaban por la Patria liberada se perge\u00f1e un ataque de este tipo.<\/p>\n<p><img loading=\"lazy\" decoding=\"async\" class=\"alignnone wp-image-1163029 size-full\" src=\"https:\/\/www.pressenza.com\/wp-content\/uploads\/2020\/07\/carta.jpeg\" alt=\"\" width=\"960\" height=\"888\" srcset=\"https:\/\/www.pressenza.com\/wp-content\/uploads\/2020\/07\/carta.jpeg 960w, https:\/\/www.pressenza.com\/wp-content\/uploads\/2020\/07\/carta-300x278.jpeg 300w, https:\/\/www.pressenza.com\/wp-content\/uploads\/2020\/07\/carta-720x666.jpeg 720w, https:\/\/www.pressenza.com\/wp-content\/uploads\/2020\/07\/carta-768x710.jpeg 768w\" sizes=\"auto, (max-width: 960px) 100vw, 960px\" \/><\/p>\n<p>Da necesariamente a pensar que se trat\u00f3 de vincular al gobierno con el ataque, porque todos saben y a muchos les molesta demasiado, que a Hebe de Bonafini acciones como estas m\u00e1s que doblegarla la fortalecen y le refuerzan el sentido de su lucha.<\/p>\n<p>No importa que el primer mandatario respondiera p\u00fablica y personalmente a esa carta y que Hebe se lo agradeciera. No importa que Hebe nos explique una y mil veces que a los propios se los critica y a los enemigos se los combate. No importa nada de eso, es mas f\u00e1cil vincular, subliminalmente, al gobierno con el ataque.<\/p>\n<p>La respuesta del gobierno no se hizo esperar, el apoyo y la solidaridad lleg\u00f3 desde todos los niveles. La ministra de Seguridad expres\u00f3 p\u00fablicamente las medidas adoptadas por indicaci\u00f3n del Presidente y concluy\u00f3 su contundente mensaje de 140 caracteres afirmando que el gobierno \u201cCaminamos (marchamos) con las Madres siempre. Abrazamos a Hebe\u201d.<\/p>\n<p>M\u00e1s all\u00e1 del r\u00e1pido y acertado tratamiento del tema, m\u00e1s all\u00e1 de que se esclarezca el hecho, de que se investigue el origen y se castigue a los instigadores queda una reflexi\u00f3n que se impone.<\/p>\n<p>Este accionar de estos grupos de tareas en democracia, que nos retrotraen a \u00e9pocas terriblemente oscuras de nuestra historia nos alcanzan a todos y nos tienen que dejar claro que no van a parar si nosotros no los frenamos.<\/p>\n<p>Desde Radio Caput pudimos comunicarnos con ella y la sentimos vital pese a no haber dormido, fuerte y clara como siempre. Pudimos transmitirle el cari\u00f1o de todos nosotros y nuestra incondicionalidad. La lucha sigue. #ConLasMadresNo. Ni un paso atr\u00e1s!<\/p>\n","protected":false},"excerpt":{"rendered":"<p>Por Jorge Pard\u00e9s En la madrugada de ayer, alrededor de las 2 de la ma\u00f1ana, a trav\u00e9s del portero el\u00e9ctrico de su casa, al que se accede luego de entrar a la vivienda abriendo el port\u00f3n de entrada, amenazaron a&hellip;<\/p>\n","protected":false},"author":1273,"featured_media":1163019,"comment_status":"closed","ping_status":"closed","sticky":false,"template":"","format":"standard","meta":{"footnotes":""},"categories":[11389,79,67],"tags":[79051,26,22906],"class_list":["post-1163018","post","type-post","status-publish","format-standard","has-post-thumbnail","hentry","category-contenido-original","category-derechos-humanos","category-sudamerica","tag-conlasmadresno","tag-argentina","tag-hebe-de-bonafini"],"yoast_head":"<!-- This site is optimized with the Yoast SEO plugin v27.1.1 - https:\/\/yoast.com\/product\/yoast-seo-wordpress\/ -->\n<title>Amenazaron de muerte a Hebe de Bonafini<\/title>\n<meta name=\"description\" content=\"Amenazaron de muerte a Hebe de Bonafini\" \/>\n<meta name=\"robots\" content=\"index, follow, max-snippet:-1, max-image-preview:large, max-video-preview:-1\" \/>\n<link rel=\"canonical\" href=\"https:\/\/www.pressenza.com\/es\/2020\/07\/amenazaron-de-muerte-a-hebe-de-bonafini\/\" \/>\n<meta property=\"og:locale\" content=\"es_ES\" \/>\n<meta property=\"og:type\" content=\"article\" \/>\n<meta property=\"og:title\" content=\"Amenazaron de muerte a Hebe de Bonafini\" \/>\n<meta property=\"og:description\" content=\"Amenazaron de muerte a Hebe de Bonafini\" \/>\n<meta property=\"og:url\" content=\"https:\/\/www.pressenza.com\/es\/2020\/07\/amenazaron-de-muerte-a-hebe-de-bonafini\/\" \/>\n<meta property=\"og:site_name\" content=\"Pressenza\" \/>\n<meta property=\"article:publisher\" content=\"https:\/\/www.facebook.com\/PressenzaItalia\" \/>\n<meta property=\"article:author\" content=\"https:\/\/www.facebook.com\/Pressenza\/\" \/>\n<meta property=\"article:published_time\" content=\"2020-07-19T20:00:28+00:00\" \/>\n<meta property=\"og:image\" content=\"https:\/\/www.pressenza.com\/wp-content\/uploads\/2020\/07\/Hebe.jpeg\" \/>\n\t<meta property=\"og:image:width\" content=\"820\" \/>\n\t<meta property=\"og:image:height\" content=\"456\" \/>\n\t<meta property=\"og:image:type\" content=\"image\/jpeg\" \/>\n<meta name=\"author\" content=\"Redacci\u00f3n Buenos Aires\" \/>\n<meta name=\"twitter:card\" content=\"summary_large_image\" \/>\n<meta name=\"twitter:creator\" content=\"@pressenza\" \/>\n<meta name=\"twitter:site\" content=\"@PressenzaIPA\" \/>\n<meta name=\"twitter:label1\" content=\"Escrito por\" \/>\n\t<meta name=\"twitter:data1\" content=\"Redacci\u00f3n Buenos Aires\" \/>\n\t<meta name=\"twitter:label2\" content=\"Tiempo de lectura\" \/>\n\t<meta name=\"twitter:data2\" content=\"2 minutos\" \/>\n<script type=\"application\/ld+json\" class=\"yoast-schema-graph\">{\"@context\":\"https:\/\/schema.org\",\"@graph\":[{\"@type\":\"Article\",\"@id\":\"https:\/\/www.pressenza.com\/es\/2020\/07\/amenazaron-de-muerte-a-hebe-de-bonafini\/#article\",\"isPartOf\":{\"@id\":\"https:\/\/www.pressenza.com\/es\/2020\/07\/amenazaron-de-muerte-a-hebe-de-bonafini\/\"},\"author\":{\"name\":\"Redacci\u00f3n Buenos Aires\",\"@id\":\"https:\/\/www.pressenza.com\/es\/#\/schema\/person\/d61b5f5fc632435ce9db3a31b1f2be87\"},\"headline\":\"Amenazaron de muerte a Hebe de Bonafini\",\"datePublished\":\"2020-07-19T20:00:28+00:00\",\"mainEntityOfPage\":{\"@id\":\"https:\/\/www.pressenza.com\/es\/2020\/07\/amenazaron-de-muerte-a-hebe-de-bonafini\/\"},\"wordCount\":498,\"publisher\":{\"@id\":\"https:\/\/www.pressenza.com\/es\/#organization\"},\"image\":{\"@id\":\"https:\/\/www.pressenza.com\/es\/2020\/07\/amenazaron-de-muerte-a-hebe-de-bonafini\/#primaryimage\"},\"thumbnailUrl\":\"https:\/\/www.pressenza.com\/wp-content\/uploads\/2020\/07\/Hebe.jpeg\",\"keywords\":[\"#ConLasMadresNo\",\"Argentina\",\"Hebe de Bonafini\"],\"articleSection\":[\"Contenido Original\",\"Derechos Humanos\",\"Sudam\u00e9rica\"],\"inLanguage\":\"es\"},{\"@type\":\"WebPage\",\"@id\":\"https:\/\/www.pressenza.com\/es\/2020\/07\/amenazaron-de-muerte-a-hebe-de-bonafini\/\",\"url\":\"https:\/\/www.pressenza.com\/es\/2020\/07\/amenazaron-de-muerte-a-hebe-de-bonafini\/\",\"name\":\"Amenazaron de muerte a Hebe de Bonafini\",\"isPartOf\":{\"@id\":\"https:\/\/www.pressenza.com\/es\/#website\"},\"primaryImageOfPage\":{\"@id\":\"https:\/\/www.pressenza.com\/es\/2020\/07\/amenazaron-de-muerte-a-hebe-de-bonafini\/#primaryimage\"},\"image\":{\"@id\":\"https:\/\/www.pressenza.com\/es\/2020\/07\/amenazaron-de-muerte-a-hebe-de-bonafini\/#primaryimage\"},\"thumbnailUrl\":\"https:\/\/www.pressenza.com\/wp-content\/uploads\/2020\/07\/Hebe.jpeg\",\"datePublished\":\"2020-07-19T20:00:28+00:00\",\"description\":\"Amenazaron de muerte a Hebe de Bonafini\",\"breadcrumb\":{\"@id\":\"https:\/\/www.pressenza.com\/es\/2020\/07\/amenazaron-de-muerte-a-hebe-de-bonafini\/#breadcrumb\"},\"inLanguage\":\"es\",\"potentialAction\":[{\"@type\":\"ReadAction\",\"target\":[\"https:\/\/www.pressenza.com\/es\/2020\/07\/amenazaron-de-muerte-a-hebe-de-bonafini\/\"]}]},{\"@type\":\"ImageObject\",\"inLanguage\":\"es\",\"@id\":\"https:\/\/www.pressenza.com\/es\/2020\/07\/amenazaron-de-muerte-a-hebe-de-bonafini\/#primaryimage\",\"url\":\"https:\/\/www.pressenza.com\/wp-content\/uploads\/2020\/07\/Hebe.jpeg\",\"contentUrl\":\"https:\/\/www.pressenza.com\/wp-content\/uploads\/2020\/07\/Hebe.jpeg\",\"width\":820,\"height\":456},{\"@type\":\"BreadcrumbList\",\"@id\":\"https:\/\/www.pressenza.com\/es\/2020\/07\/amenazaron-de-muerte-a-hebe-de-bonafini\/#breadcrumb\",\"itemListElement\":[{\"@type\":\"ListItem\",\"position\":1,\"name\":\"Accueil\",\"item\":\"https:\/\/www.pressenza.com\/es\/\"},{\"@type\":\"ListItem\",\"position\":2,\"name\":\"Amenazaron de muerte a Hebe de Bonafini\"}]},{\"@type\":\"WebSite\",\"@id\":\"https:\/\/www.pressenza.com\/es\/#website\",\"url\":\"https:\/\/www.pressenza.com\/es\/\",\"name\":\"Pressenza\",\"description\":\"International Press Agency\",\"publisher\":{\"@id\":\"https:\/\/www.pressenza.com\/es\/#organization\"},\"potentialAction\":[{\"@type\":\"SearchAction\",\"target\":{\"@type\":\"EntryPoint\",\"urlTemplate\":\"https:\/\/www.pressenza.com\/es\/?s={search_term_string}\"},\"query-input\":{\"@type\":\"PropertyValueSpecification\",\"valueRequired\":true,\"valueName\":\"search_term_string\"}}],\"inLanguage\":\"es\"},{\"@type\":\"Organization\",\"@id\":\"https:\/\/www.pressenza.com\/es\/#organization\",\"name\":\"Pressenza\",\"url\":\"https:\/\/www.pressenza.com\/es\/\",\"logo\":{\"@type\":\"ImageObject\",\"inLanguage\":\"es\",\"@id\":\"https:\/\/www.pressenza.com\/es\/#\/schema\/logo\/image\/\",\"url\":\"https:\/\/www.pressenza.com\/wp-content\/uploads\/2022\/10\/pressenza_logo_200x200.jpg\",\"contentUrl\":\"https:\/\/www.pressenza.com\/wp-content\/uploads\/2022\/10\/pressenza_logo_200x200.jpg\",\"width\":200,\"height\":200,\"caption\":\"Pressenza\"},\"image\":{\"@id\":\"https:\/\/www.pressenza.com\/es\/#\/schema\/logo\/image\/\"},\"sameAs\":[\"https:\/\/www.facebook.com\/PressenzaItalia\",\"https:\/\/x.com\/PressenzaIPA\"]},{\"@type\":\"Person\",\"@id\":\"https:\/\/www.pressenza.com\/es\/#\/schema\/person\/d61b5f5fc632435ce9db3a31b1f2be87\",\"name\":\"Redacci\u00f3n Buenos Aires\",\"description\":\"News published by the Pressenza bureau in Buenos Aires, Argentina\",\"sameAs\":[\"https:\/\/www.facebook.com\/Pressenza\/\",\"https:\/\/x.com\/pressenza\"],\"url\":\"https:\/\/www.pressenza.com\/es\/author\/redaccion-buenos-aires\/\"}]}<\/script>\n<!-- \/ Yoast SEO plugin. -->","yoast_head_json":{"title":"Amenazaron de muerte a Hebe de Bonafini","description":"Amenazaron de muerte a Hebe de Bonafini","robots":{"index":"index","follow":"follow","max-snippet":"max-snippet:-1","max-image-preview":"max-image-preview:large","max-video-preview":"max-video-preview:-1"},"canonical":"https:\/\/www.pressenza.com\/es\/2020\/07\/amenazaron-de-muerte-a-hebe-de-bonafini\/","og_locale":"es_ES","og_type":"article","og_title":"Amenazaron de muerte a Hebe de Bonafini","og_description":"Amenazaron de muerte a Hebe de Bonafini","og_url":"https:\/\/www.pressenza.com\/es\/2020\/07\/amenazaron-de-muerte-a-hebe-de-bonafini\/","og_site_name":"Pressenza","article_publisher":"https:\/\/www.facebook.com\/PressenzaItalia","article_author":"https:\/\/www.facebook.com\/Pressenza\/","article_published_time":"2020-07-19T20:00:28+00:00","og_image":[{"width":820,"height":456,"url":"https:\/\/www.pressenza.com\/wp-content\/uploads\/2020\/07\/Hebe.jpeg","type":"image\/jpeg"}],"author":"Redacci\u00f3n Buenos Aires","twitter_card":"summary_large_image","twitter_creator":"@pressenza","twitter_site":"@PressenzaIPA","twitter_misc":{"Escrito por":"Redacci\u00f3n Buenos Aires","Tiempo de lectura":"2 minutos"},"schema":{"@context":"https:\/\/schema.org","@graph":[{"@type":"Article","@id":"https:\/\/www.pressenza.com\/es\/2020\/07\/amenazaron-de-muerte-a-hebe-de-bonafini\/#article","isPartOf":{"@id":"https:\/\/www.pressenza.com\/es\/2020\/07\/amenazaron-de-muerte-a-hebe-de-bonafini\/"},"author":{"name":"Redacci\u00f3n Buenos Aires","@id":"https:\/\/www.pressenza.com\/es\/#\/schema\/person\/d61b5f5fc632435ce9db3a31b1f2be87"},"headline":"Amenazaron de muerte a Hebe de Bonafini","datePublished":"2020-07-19T20:00:28+00:00","mainEntityOfPage":{"@id":"https:\/\/www.pressenza.com\/es\/2020\/07\/amenazaron-de-muerte-a-hebe-de-bonafini\/"},"wordCount":498,"publisher":{"@id":"https:\/\/www.pressenza.com\/es\/#organization"},"image":{"@id":"https:\/\/www.pressenza.com\/es\/2020\/07\/amenazaron-de-muerte-a-hebe-de-bonafini\/#primaryimage"},"thumbnailUrl":"https:\/\/www.pressenza.com\/wp-content\/uploads\/2020\/07\/Hebe.jpeg","keywords":["#ConLasMadresNo","Argentina","Hebe de Bonafini"],"articleSection":["Contenido Original","Derechos Humanos","Sudam\u00e9rica"],"inLanguage":"es"},{"@type":"WebPage","@id":"https:\/\/www.pressenza.com\/es\/2020\/07\/amenazaron-de-muerte-a-hebe-de-bonafini\/","url":"https:\/\/www.pressenza.com\/es\/2020\/07\/amenazaron-de-muerte-a-hebe-de-bonafini\/","name":"Amenazaron de muerte a Hebe de Bonafini","isPartOf":{"@id":"https:\/\/www.pressenza.com\/es\/#website"},"primaryImageOfPage":{"@id":"https:\/\/www.pressenza.com\/es\/2020\/07\/amenazaron-de-muerte-a-hebe-de-bonafini\/#primaryimage"},"image":{"@id":"https:\/\/www.pressenza.com\/es\/2020\/07\/amenazaron-de-muerte-a-hebe-de-bonafini\/#primaryimage"},"thumbnailUrl":"https:\/\/www.pressenza.com\/wp-content\/uploads\/2020\/07\/Hebe.jpeg","datePublished":"2020-07-19T20:00:28+00:00","description":"Amenazaron de muerte a Hebe de Bonafini","breadcrumb":{"@id":"https:\/\/www.pressenza.com\/es\/2020\/07\/amenazaron-de-muerte-a-hebe-de-bonafini\/#breadcrumb"},"inLanguage":"es","potentialAction":[{"@type":"ReadAction","target":["https:\/\/www.pressenza.com\/es\/2020\/07\/amenazaron-de-muerte-a-hebe-de-bonafini\/"]}]},{"@type":"ImageObject","inLanguage":"es","@id":"https:\/\/www.pressenza.com\/es\/2020\/07\/amenazaron-de-muerte-a-hebe-de-bonafini\/#primaryimage","url":"https:\/\/www.pressenza.com\/wp-content\/uploads\/2020\/07\/Hebe.jpeg","contentUrl":"https:\/\/www.pressenza.com\/wp-content\/uploads\/2020\/07\/Hebe.jpeg","width":820,"height":456},{"@type":"BreadcrumbList","@id":"https:\/\/www.pressenza.com\/es\/2020\/07\/amenazaron-de-muerte-a-hebe-de-bonafini\/#breadcrumb","itemListElement":[{"@type":"ListItem","position":1,"name":"Accueil","item":"https:\/\/www.pressenza.com\/es\/"},{"@type":"ListItem","position":2,"name":"Amenazaron de muerte a Hebe de Bonafini"}]},{"@type":"WebSite","@id":"https:\/\/www.pressenza.com\/es\/#website","url":"https:\/\/www.pressenza.com\/es\/","name":"Pressenza","description":"International Press Agency","publisher":{"@id":"https:\/\/www.pressenza.com\/es\/#organization"},"potentialAction":[{"@type":"SearchAction","target":{"@type":"EntryPoint","urlTemplate":"https:\/\/www.pressenza.com\/es\/?s={search_term_string}"},"query-input":{"@type":"PropertyValueSpecification","valueRequired":true,"valueName":"search_term_string"}}],"inLanguage":"es"},{"@type":"Organization","@id":"https:\/\/www.pressenza.com\/es\/#organization","name":"Pressenza","url":"https:\/\/www.pressenza.com\/es\/","logo":{"@type":"ImageObject","inLanguage":"es","@id":"https:\/\/www.pressenza.com\/es\/#\/schema\/logo\/image\/","url":"https:\/\/www.pressenza.com\/wp-content\/uploads\/2022\/10\/pressenza_logo_200x200.jpg","contentUrl":"https:\/\/www.pressenza.com\/wp-content\/uploads\/2022\/10\/pressenza_logo_200x200.jpg","width":200,"height":200,"caption":"Pressenza"},"image":{"@id":"https:\/\/www.pressenza.com\/es\/#\/schema\/logo\/image\/"},"sameAs":["https:\/\/www.facebook.com\/PressenzaItalia","https:\/\/x.com\/PressenzaIPA"]},{"@type":"Person","@id":"https:\/\/www.pressenza.com\/es\/#\/schema\/person\/d61b5f5fc632435ce9db3a31b1f2be87","name":"Redacci\u00f3n Buenos Aires","description":"News published by the Pressenza bureau in Buenos Aires, Argentina","sameAs":["https:\/\/www.facebook.com\/Pressenza\/","https:\/\/x.com\/pressenza"],"url":"https:\/\/www.pressenza.com\/es\/author\/redaccion-buenos-aires\/"}]}},"place":"Buenos Aires, Argentina","original_article_url":"","_links":{"self":[{"href":"https:\/\/www.pressenza.com\/es\/wp-json\/wp\/v2\/posts\/1163018","targetHints":{"allow":["GET"]}}],"collection":[{"href":"https:\/\/www.pressenza.com\/es\/wp-json\/wp\/v2\/posts"}],"about":[{"href":"https:\/\/www.pressenza.com\/es\/wp-json\/wp\/v2\/types\/post"}],"author":[{"embeddable":true,"href":"https:\/\/www.pressenza.com\/es\/wp-json\/wp\/v2\/users\/1273"}],"replies":[{"embeddable":true,"href":"https:\/\/www.pressenza.com\/es\/wp-json\/wp\/v2\/comments?post=1163018"}],"version-history":[{"count":0,"href":"https:\/\/www.pressenza.com\/es\/wp-json\/wp\/v2\/posts\/1163018\/revisions"}],"wp:featuredmedia":[{"embeddable":true,"href":"https:\/\/www.pressenza.com\/es\/wp-json\/wp\/v2\/media\/1163019"}],"wp:attachment":[{"href":"https:\/\/www.pressenza.com\/es\/wp-json\/wp\/v2\/media?parent=1163018"}],"wp:term":[{"taxonomy":"category","embeddable":true,"href":"https:\/\/www.pressenza.com\/es\/wp-json\/wp\/v2\/categories?post=1163018"},{"taxonomy":"post_tag","embeddable":true,"href":"https:\/\/www.pressenza.com\/es\/wp-json\/wp\/v2\/tags?post=1163018"}],"curies":[{"name":"wp","href":"https:\/\/api.w.org\/{rel}","templated":true}]}}