{"id":1160987,"date":"2020-07-16T21:12:26","date_gmt":"2020-07-16T20:12:26","guid":{"rendered":"https:\/\/www.pressenza.com\/?p=1160987"},"modified":"2020-07-16T21:12:26","modified_gmt":"2020-07-16T20:12:26","slug":"feliz-dia-del-padre","status":"publish","type":"post","link":"https:\/\/www.pressenza.com\/es\/2020\/07\/feliz-dia-del-padre\/","title":{"rendered":"Feliz d\u00eda del padre"},"content":{"rendered":"<p><em>Por<a href=\"https:\/\/twitter.com\/DCoronell\" target=\"_blank\" rel=\"noopener noreferrer\"><strong> Daniel Coronell<\/strong><\/a><\/em><\/p>\n<p>&nbsp;<\/p>\n<p>Este domingo nadie le celebrar\u00e1 el d\u00eda del padre a Juana Monta\u00f1o. Nadie le traer\u00e1 una flor a su casa de Puerto Tejada como lo hac\u00eda desde ni\u00f1a Mar\u00eda del Pilar Hurtado preguntando con su sonrisa luminosa: \u00ab\u00bfPa qu\u00e9 pap\u00e1 si yo tengo a mi mam\u00e1?\u00bb. Juana -piel de \u00e9bano, ojos preciosos, 64 a\u00f1os, 50 de ellos limpiando casas ajenas para ganarse la vida- remueve las telara\u00f1as del alma para contarme: \u00abCuando ella ten\u00eda tres meses de nacida&#8230; \u00e9l, el pap\u00e1 de ella, nos abandon\u00f3. Se fue para Venezuela y arm\u00f3 otro hogar&#8230; Tuve que ser pap\u00e1 y mam\u00e1 de todos mis hijos\u00bb.<\/p>\n<p>Hoy hace exactamente un a\u00f1o, el viernes 21 de junio de 2019 a las 6 y 50 de la ma\u00f1ana, Mar\u00eda del Pilar fue asesinada lejos de ella, en Tierralta, C\u00f3rdoba. Dos sicarios en moto la esperaban cuando sal\u00eda de su casa a trabajar. Le dispararon cuatro veces delante de uno de sus hijos.<\/p>\n<p>El crimen habr\u00eda pasado desapercibido, como el de otros 626 l\u00edderes sociales en Colombia, si no fuera porque alg\u00fan vecino grab\u00f3 con su celular la reacci\u00f3n del mellicito, uno de sus cuatro hijos, segundos despu\u00e9s del asesinato.<\/p>\n<p>La imagen recorri\u00f3 el mundo. Un ni\u00f1o llorando al lado del cuerpo inerte de su mam\u00e1, gritando \u201c\u00bfPor qu\u00e9?\u201d, mientras golpeaba con sus manos un rancho de palma y pl\u00e1stico; y pateaba la maldita tierra que vio caer a la persona que m\u00e1s lo quiso en la vida.<\/p>\n<p>\u2013Me mataron a mi muchacha como a un perro \u2013suspira Juana\u2013 Fue por un pedazo de tierra.<\/p>\n<p>Mar\u00eda del Pilar Hurtado, recicladora y obrera en un aserradero, hac\u00eda parte de un grupo de colonos que tomaron unas tierras cercanas al barrio 9 de agosto en Tierralta. Ella defend\u00eda el dere cho de esas familias y ped\u00eda que les titularan los lotes. El propietario de parte de esos terrenos era Fabio Otero Paternina, padre del entonces alcalde del municipio Fabio Otero Avil\u00e9s.<\/p>\n<p>La noticia mundial del asesinato cogi\u00f3 al presidente Iv\u00e1n Duque en Par\u00eds. En su cuenta de Twitter public\u00f3 el formato de rigor para estos casos: \u201cCondenamos atroz crimen de Mar\u00eda del Pilar Hurtado Monta\u00f1o en Tierralta, C\u00f3rdoba. Nos duele profundamente la tristeza y el sufrimiento de su hijo\u2026\u201d. Y digo que es un formato porque con casi id\u00e9ntica redacci\u00f3n, deplor\u00f3 un tiempo despu\u00e9s el crimen de dos ecologistas \u201cCondenamos atroz crimen de Natalia y Rodrigo en zona rural de Santa Marta\u2026\u201d.<\/p>\n<p>El mandatario orden\u00f3 desde Europa que su alto consejero para los derechos humanos, lo representara en la comisi\u00f3n que ten\u00eda la misi\u00f3n urgente de aclarar el asesinato. El funcionario anunci\u00f3 que un fiscal especializado llevar\u00eda la investigaci\u00f3n y que estar\u00eda acompa\u00f1ado por veinte miembros de las Fuerzas Militares y cuatro integrantes de la Dij\u00edn \u201cpara poder r\u00e1pidamente encontrar los responsables de este hecho\u201d.<\/p>\n<p>El alto consejero que hizo ese anuncio esperanzador es ahora el fiscal general de la naci\u00f3n, Francisco Barbosa. Sin embargo, un a\u00f1o despu\u00e9s, los prometidos r\u00e1pidos r\u00e1pidos resultados siguen sin producirse. El caso duerme en una fiscal\u00eda de Monter\u00eda.<\/p>\n<p>Reci\u00e9n ocurrido el crimen, la Procuradur\u00eda suspendi\u00f3 al alcalde Fabio Otero Avil\u00e9s para que su poder no se sintiera en la investigaci\u00f3n \u201cpor presuntas irregularidades en el control del orden p\u00fablico, que habr\u00edan derivado en el homicidio de Mar\u00eda del Pilar Hurtado\u201d.<\/p>\n<p>Pocos d\u00edas despu\u00e9s, el alcalde present\u00f3 una acci\u00f3n de tutela contra la decisi\u00f3n a la Procuradur\u00eda que tuvo un tr\u00e1mite asombroso. Entr\u00f3 al sistema autom\u00e1tico de reparto a las 9:33 de la ma\u00f1ana y fue asignada al juzgado cuarto penal. Cuatro minutos despu\u00e9s, a las 9:37, sin que nadie se explique por qu\u00e9, pas\u00f3 al juzgado primero. Apenas hab\u00eda trascurrido un minuto cuando la inquieta tutela fue remitida al juzgado cuarto, pero no se qued\u00f3 ah\u00ed. A las 9:42 termin\u00f3 en el juzgado segundo, donde el titular, su se\u00f1or\u00eda, el juez Edwin Jos\u00e9 Rodelo Tapias fall\u00f3, en tiempo r\u00e9cord, a favor de Otero.<\/p>\n<p>La Procuradur\u00eda denunci\u00f3 la manipulaci\u00f3n, le abri\u00f3 investigaci\u00f3n al encargado del reparto e impugn\u00f3 la tutela. El caso lleg\u00f3 entonces al Tribunal Superior de Monter\u00eda, donde los magistrados titulares se declararon impedidos, por considerarse todos \u201cenemigos\u201d del apoderado del alcalde Otero. En consecuencia, el estudio de la tutela fue asumido por una sala de conjueces que ratific\u00f3 que el cuestionado alcalde ten\u00eda derecho a volver al cargo.<\/p>\n<p>El poderoso Fabio Leonardo Otero Avil\u00e9s, a quien muchos llaman Mauricio, termin\u00f3 en diciembre su administraci\u00f3n. En la regi\u00f3n siguen actuando los paramilitares: lasAutodefensas Gaitanistas de Colombia, que es el nombre art\u00edstico del Clan del Golfo. La banda de l os Caparros, recientemente bautizados como bloque Virgilo Peralta Arenas y las llamadas disidencias de las Farc, que de acuerdo con un vecino de la zona \u201cse hacen llamar as\u00ed pero son hombres que antes conocimos como paramilitares\u201d.<\/p>\n<p>El crimen de Mar\u00eda del Pilar Hurtado sigue en la impunidad.<\/p>\n<p>\u2013Todo lo que dijo el Presidente, no me ha cumplido \u2013afirma, sin rencor, Juana Monta\u00f1o\u2013 Me ha olvidado mucho\u2026Me abandonaron, muy feo.<\/p>\n<p>Ella ahora vela por los cuatro hu\u00e9rfanos, recibe una peque\u00f1a ayuda econ\u00f3mica del padre del menor de los ni\u00f1os. Ellos, que han sufrido tanto, quiz\u00e1s entiendan hoy por qu\u00e9 a la abuela hay que darle un abrazo de d\u00eda del padre.<\/p>\n<hr \/>\n<p>* Periodista, investigador. Ha sacado a la luz p\u00fablica los m\u00e1s complejos casos de corrupci\u00f3n de la pol\u00edtica y el poder colombianos. Ha sido por muchos a\u00f1os, el columnista m\u00e1s le\u00eddo en Colombia. Actualmente, columnista y fundador de #LosDanieles,\u00a0 portal period\u00edstico de amplio impacto y lectura en Colombia.<\/p>\n<p>&nbsp;<\/p>\n<p>Este art\u00edculo es parte de una serie escrita por columnistas colombianos, en memoria de los l\u00edderes sociales asesinados en su pa\u00eds. Lea otras columnas ya publicadas en Pressenza, <a href=\"https:\/\/www.pressenza.com\/es\/tag\/lahuelladeloslideres\/\" target=\"_blank\" rel=\"noopener noreferrer\">en este enlace<\/a>.<\/p>\n","protected":false},"excerpt":{"rendered":"<p>Por Daniel Coronell &nbsp; Este domingo nadie le celebrar\u00e1 el d\u00eda del padre a Juana Monta\u00f1o. Nadie le traer\u00e1 una flor a su casa de Puerto Tejada como lo hac\u00eda desde ni\u00f1a Mar\u00eda del Pilar Hurtado preguntando con su sonrisa&hellip;<\/p>\n","protected":false},"author":1053,"featured_media":1156681,"comment_status":"closed","ping_status":"closed","sticky":false,"template":"","format":"standard","meta":{"footnotes":""},"categories":[79,161,1243,67],"tags":[78569,78568,30,78570,37051,6619],"class_list":["post-1160987","post","type-post","status-publish","format-standard","has-post-thumbnail","hentry","category-derechos-humanos","category-opiniones","category-paz-desarme","category-sudamerica","tag-defendamoslapaz","tag-lahuelladeloslideres","tag-colombia","tag-dlp","tag-lideres-sociales","tag-proceso-de-paz"],"yoast_head":"<!-- This site is optimized with the Yoast SEO plugin v27.1.1 - https:\/\/yoast.com\/product\/yoast-seo-wordpress\/ -->\n<title>Feliz d\u00eda del padre<\/title>\n<meta name=\"description\" content=\"Por Daniel Coronell &nbsp; Este domingo nadie le celebrar\u00e1 el d\u00eda del padre a Juana Monta\u00f1o. Nadie le traer\u00e1 una flor a su casa de Puerto Tejada como lo\" \/>\n<meta name=\"robots\" content=\"index, follow, max-snippet:-1, max-image-preview:large, max-video-preview:-1\" \/>\n<link rel=\"canonical\" href=\"https:\/\/www.pressenza.com\/es\/2020\/07\/feliz-dia-del-padre\/\" \/>\n<meta property=\"og:locale\" content=\"es_ES\" \/>\n<meta property=\"og:type\" content=\"article\" \/>\n<meta property=\"og:title\" content=\"Feliz d\u00eda del padre\" \/>\n<meta property=\"og:description\" content=\"Por Daniel Coronell &nbsp; Este domingo nadie le celebrar\u00e1 el d\u00eda del padre a Juana Monta\u00f1o. Nadie le traer\u00e1 una flor a su casa de Puerto Tejada como lo\" \/>\n<meta property=\"og:url\" content=\"https:\/\/www.pressenza.com\/es\/2020\/07\/feliz-dia-del-padre\/\" \/>\n<meta property=\"og:site_name\" content=\"Pressenza\" \/>\n<meta property=\"article:publisher\" content=\"https:\/\/www.facebook.com\/PressenzaItalia\" \/>\n<meta property=\"article:published_time\" content=\"2020-07-16T20:12:26+00:00\" \/>\n<meta property=\"og:image\" content=\"https:\/\/www.pressenza.com\/wp-content\/uploads\/2020\/07\/La-huella1.jpg\" \/>\n\t<meta property=\"og:image:width\" content=\"781\" \/>\n\t<meta property=\"og:image:height\" content=\"450\" \/>\n\t<meta property=\"og:image:type\" content=\"image\/jpeg\" \/>\n<meta name=\"author\" content=\"Redacci\u00f3n Colombia\" \/>\n<meta name=\"twitter:card\" content=\"summary_large_image\" \/>\n<meta name=\"twitter:creator\" content=\"@PressenzaIPA\" \/>\n<meta name=\"twitter:site\" content=\"@PressenzaIPA\" \/>\n<meta name=\"twitter:label1\" content=\"Escrito por\" \/>\n\t<meta name=\"twitter:data1\" content=\"Redacci\u00f3n Colombia\" \/>\n\t<meta name=\"twitter:label2\" content=\"Tiempo de lectura\" \/>\n\t<meta name=\"twitter:data2\" content=\"5 minutos\" \/>\n<script type=\"application\/ld+json\" class=\"yoast-schema-graph\">{\"@context\":\"https:\/\/schema.org\",\"@graph\":[{\"@type\":\"Article\",\"@id\":\"https:\/\/www.pressenza.com\/es\/2020\/07\/feliz-dia-del-padre\/#article\",\"isPartOf\":{\"@id\":\"https:\/\/www.pressenza.com\/es\/2020\/07\/feliz-dia-del-padre\/\"},\"author\":{\"name\":\"Redacci\u00f3n Colombia\",\"@id\":\"https:\/\/www.pressenza.com\/es\/#\/schema\/person\/7c8ee170a4502d638436c91e385315f2\"},\"headline\":\"Feliz d\u00eda del padre\",\"datePublished\":\"2020-07-16T20:12:26+00:00\",\"mainEntityOfPage\":{\"@id\":\"https:\/\/www.pressenza.com\/es\/2020\/07\/feliz-dia-del-padre\/\"},\"wordCount\":1045,\"publisher\":{\"@id\":\"https:\/\/www.pressenza.com\/es\/#organization\"},\"image\":{\"@id\":\"https:\/\/www.pressenza.com\/es\/2020\/07\/feliz-dia-del-padre\/#primaryimage\"},\"thumbnailUrl\":\"https:\/\/www.pressenza.com\/wp-content\/uploads\/2020\/07\/La-huella1.jpg\",\"keywords\":[\"#DefendamosLaPaz\",\"#LaHuellaDeLosLideres\",\"Colombia\",\"DLP\",\"l\u00edderes sociales\",\"proceso de paz\"],\"articleSection\":[\"Derechos Humanos\",\"Opiniones\",\"Paz y Desarme\",\"Sudam\u00e9rica\"],\"inLanguage\":\"es\"},{\"@type\":\"WebPage\",\"@id\":\"https:\/\/www.pressenza.com\/es\/2020\/07\/feliz-dia-del-padre\/\",\"url\":\"https:\/\/www.pressenza.com\/es\/2020\/07\/feliz-dia-del-padre\/\",\"name\":\"Feliz d\u00eda del padre\",\"isPartOf\":{\"@id\":\"https:\/\/www.pressenza.com\/es\/#website\"},\"primaryImageOfPage\":{\"@id\":\"https:\/\/www.pressenza.com\/es\/2020\/07\/feliz-dia-del-padre\/#primaryimage\"},\"image\":{\"@id\":\"https:\/\/www.pressenza.com\/es\/2020\/07\/feliz-dia-del-padre\/#primaryimage\"},\"thumbnailUrl\":\"https:\/\/www.pressenza.com\/wp-content\/uploads\/2020\/07\/La-huella1.jpg\",\"datePublished\":\"2020-07-16T20:12:26+00:00\",\"description\":\"Por Daniel Coronell &nbsp; Este domingo nadie le celebrar\u00e1 el d\u00eda del padre a Juana Monta\u00f1o. Nadie le traer\u00e1 una flor a su casa de Puerto Tejada como lo\",\"breadcrumb\":{\"@id\":\"https:\/\/www.pressenza.com\/es\/2020\/07\/feliz-dia-del-padre\/#breadcrumb\"},\"inLanguage\":\"es\",\"potentialAction\":[{\"@type\":\"ReadAction\",\"target\":[\"https:\/\/www.pressenza.com\/es\/2020\/07\/feliz-dia-del-padre\/\"]}]},{\"@type\":\"ImageObject\",\"inLanguage\":\"es\",\"@id\":\"https:\/\/www.pressenza.com\/es\/2020\/07\/feliz-dia-del-padre\/#primaryimage\",\"url\":\"https:\/\/www.pressenza.com\/wp-content\/uploads\/2020\/07\/La-huella1.jpg\",\"contentUrl\":\"https:\/\/www.pressenza.com\/wp-content\/uploads\/2020\/07\/La-huella1.jpg\",\"width\":781,\"height\":450},{\"@type\":\"BreadcrumbList\",\"@id\":\"https:\/\/www.pressenza.com\/es\/2020\/07\/feliz-dia-del-padre\/#breadcrumb\",\"itemListElement\":[{\"@type\":\"ListItem\",\"position\":1,\"name\":\"Accueil\",\"item\":\"https:\/\/www.pressenza.com\/es\/\"},{\"@type\":\"ListItem\",\"position\":2,\"name\":\"Feliz d\u00eda del padre\"}]},{\"@type\":\"WebSite\",\"@id\":\"https:\/\/www.pressenza.com\/es\/#website\",\"url\":\"https:\/\/www.pressenza.com\/es\/\",\"name\":\"Pressenza\",\"description\":\"International Press Agency\",\"publisher\":{\"@id\":\"https:\/\/www.pressenza.com\/es\/#organization\"},\"potentialAction\":[{\"@type\":\"SearchAction\",\"target\":{\"@type\":\"EntryPoint\",\"urlTemplate\":\"https:\/\/www.pressenza.com\/es\/?s={search_term_string}\"},\"query-input\":{\"@type\":\"PropertyValueSpecification\",\"valueRequired\":true,\"valueName\":\"search_term_string\"}}],\"inLanguage\":\"es\"},{\"@type\":\"Organization\",\"@id\":\"https:\/\/www.pressenza.com\/es\/#organization\",\"name\":\"Pressenza\",\"url\":\"https:\/\/www.pressenza.com\/es\/\",\"logo\":{\"@type\":\"ImageObject\",\"inLanguage\":\"es\",\"@id\":\"https:\/\/www.pressenza.com\/es\/#\/schema\/logo\/image\/\",\"url\":\"https:\/\/www.pressenza.com\/wp-content\/uploads\/2022\/10\/pressenza_logo_200x200.jpg\",\"contentUrl\":\"https:\/\/www.pressenza.com\/wp-content\/uploads\/2022\/10\/pressenza_logo_200x200.jpg\",\"width\":200,\"height\":200,\"caption\":\"Pressenza\"},\"image\":{\"@id\":\"https:\/\/www.pressenza.com\/es\/#\/schema\/logo\/image\/\"},\"sameAs\":[\"https:\/\/www.facebook.com\/PressenzaItalia\",\"https:\/\/x.com\/PressenzaIPA\"]},{\"@type\":\"Person\",\"@id\":\"https:\/\/www.pressenza.com\/es\/#\/schema\/person\/7c8ee170a4502d638436c91e385315f2\",\"name\":\"Redacci\u00f3n Colombia\",\"description\":\"News published by the Pressenza bureau in Colombia\",\"url\":\"https:\/\/www.pressenza.com\/es\/author\/redaccion-colombia\/\"}]}<\/script>\n<!-- \/ Yoast SEO plugin. -->","yoast_head_json":{"title":"Feliz d\u00eda del padre","description":"Por Daniel Coronell &nbsp; Este domingo nadie le celebrar\u00e1 el d\u00eda del padre a Juana Monta\u00f1o. Nadie le traer\u00e1 una flor a su casa de Puerto Tejada como lo","robots":{"index":"index","follow":"follow","max-snippet":"max-snippet:-1","max-image-preview":"max-image-preview:large","max-video-preview":"max-video-preview:-1"},"canonical":"https:\/\/www.pressenza.com\/es\/2020\/07\/feliz-dia-del-padre\/","og_locale":"es_ES","og_type":"article","og_title":"Feliz d\u00eda del padre","og_description":"Por Daniel Coronell &nbsp; Este domingo nadie le celebrar\u00e1 el d\u00eda del padre a Juana Monta\u00f1o. Nadie le traer\u00e1 una flor a su casa de Puerto Tejada como lo","og_url":"https:\/\/www.pressenza.com\/es\/2020\/07\/feliz-dia-del-padre\/","og_site_name":"Pressenza","article_publisher":"https:\/\/www.facebook.com\/PressenzaItalia","article_published_time":"2020-07-16T20:12:26+00:00","og_image":[{"width":781,"height":450,"url":"https:\/\/www.pressenza.com\/wp-content\/uploads\/2020\/07\/La-huella1.jpg","type":"image\/jpeg"}],"author":"Redacci\u00f3n Colombia","twitter_card":"summary_large_image","twitter_creator":"@PressenzaIPA","twitter_site":"@PressenzaIPA","twitter_misc":{"Escrito por":"Redacci\u00f3n Colombia","Tiempo de lectura":"5 minutos"},"schema":{"@context":"https:\/\/schema.org","@graph":[{"@type":"Article","@id":"https:\/\/www.pressenza.com\/es\/2020\/07\/feliz-dia-del-padre\/#article","isPartOf":{"@id":"https:\/\/www.pressenza.com\/es\/2020\/07\/feliz-dia-del-padre\/"},"author":{"name":"Redacci\u00f3n Colombia","@id":"https:\/\/www.pressenza.com\/es\/#\/schema\/person\/7c8ee170a4502d638436c91e385315f2"},"headline":"Feliz d\u00eda del padre","datePublished":"2020-07-16T20:12:26+00:00","mainEntityOfPage":{"@id":"https:\/\/www.pressenza.com\/es\/2020\/07\/feliz-dia-del-padre\/"},"wordCount":1045,"publisher":{"@id":"https:\/\/www.pressenza.com\/es\/#organization"},"image":{"@id":"https:\/\/www.pressenza.com\/es\/2020\/07\/feliz-dia-del-padre\/#primaryimage"},"thumbnailUrl":"https:\/\/www.pressenza.com\/wp-content\/uploads\/2020\/07\/La-huella1.jpg","keywords":["#DefendamosLaPaz","#LaHuellaDeLosLideres","Colombia","DLP","l\u00edderes sociales","proceso de paz"],"articleSection":["Derechos Humanos","Opiniones","Paz y Desarme","Sudam\u00e9rica"],"inLanguage":"es"},{"@type":"WebPage","@id":"https:\/\/www.pressenza.com\/es\/2020\/07\/feliz-dia-del-padre\/","url":"https:\/\/www.pressenza.com\/es\/2020\/07\/feliz-dia-del-padre\/","name":"Feliz d\u00eda del padre","isPartOf":{"@id":"https:\/\/www.pressenza.com\/es\/#website"},"primaryImageOfPage":{"@id":"https:\/\/www.pressenza.com\/es\/2020\/07\/feliz-dia-del-padre\/#primaryimage"},"image":{"@id":"https:\/\/www.pressenza.com\/es\/2020\/07\/feliz-dia-del-padre\/#primaryimage"},"thumbnailUrl":"https:\/\/www.pressenza.com\/wp-content\/uploads\/2020\/07\/La-huella1.jpg","datePublished":"2020-07-16T20:12:26+00:00","description":"Por Daniel Coronell &nbsp; Este domingo nadie le celebrar\u00e1 el d\u00eda del padre a Juana Monta\u00f1o. Nadie le traer\u00e1 una flor a su casa de Puerto Tejada como lo","breadcrumb":{"@id":"https:\/\/www.pressenza.com\/es\/2020\/07\/feliz-dia-del-padre\/#breadcrumb"},"inLanguage":"es","potentialAction":[{"@type":"ReadAction","target":["https:\/\/www.pressenza.com\/es\/2020\/07\/feliz-dia-del-padre\/"]}]},{"@type":"ImageObject","inLanguage":"es","@id":"https:\/\/www.pressenza.com\/es\/2020\/07\/feliz-dia-del-padre\/#primaryimage","url":"https:\/\/www.pressenza.com\/wp-content\/uploads\/2020\/07\/La-huella1.jpg","contentUrl":"https:\/\/www.pressenza.com\/wp-content\/uploads\/2020\/07\/La-huella1.jpg","width":781,"height":450},{"@type":"BreadcrumbList","@id":"https:\/\/www.pressenza.com\/es\/2020\/07\/feliz-dia-del-padre\/#breadcrumb","itemListElement":[{"@type":"ListItem","position":1,"name":"Accueil","item":"https:\/\/www.pressenza.com\/es\/"},{"@type":"ListItem","position":2,"name":"Feliz d\u00eda del padre"}]},{"@type":"WebSite","@id":"https:\/\/www.pressenza.com\/es\/#website","url":"https:\/\/www.pressenza.com\/es\/","name":"Pressenza","description":"International Press Agency","publisher":{"@id":"https:\/\/www.pressenza.com\/es\/#organization"},"potentialAction":[{"@type":"SearchAction","target":{"@type":"EntryPoint","urlTemplate":"https:\/\/www.pressenza.com\/es\/?s={search_term_string}"},"query-input":{"@type":"PropertyValueSpecification","valueRequired":true,"valueName":"search_term_string"}}],"inLanguage":"es"},{"@type":"Organization","@id":"https:\/\/www.pressenza.com\/es\/#organization","name":"Pressenza","url":"https:\/\/www.pressenza.com\/es\/","logo":{"@type":"ImageObject","inLanguage":"es","@id":"https:\/\/www.pressenza.com\/es\/#\/schema\/logo\/image\/","url":"https:\/\/www.pressenza.com\/wp-content\/uploads\/2022\/10\/pressenza_logo_200x200.jpg","contentUrl":"https:\/\/www.pressenza.com\/wp-content\/uploads\/2022\/10\/pressenza_logo_200x200.jpg","width":200,"height":200,"caption":"Pressenza"},"image":{"@id":"https:\/\/www.pressenza.com\/es\/#\/schema\/logo\/image\/"},"sameAs":["https:\/\/www.facebook.com\/PressenzaItalia","https:\/\/x.com\/PressenzaIPA"]},{"@type":"Person","@id":"https:\/\/www.pressenza.com\/es\/#\/schema\/person\/7c8ee170a4502d638436c91e385315f2","name":"Redacci\u00f3n Colombia","description":"News published by the Pressenza bureau in Colombia","url":"https:\/\/www.pressenza.com\/es\/author\/redaccion-colombia\/"}]}},"place":"Bogot\u00e1","original_article_url":"https:\/\/losdanieles.com\/daniel-coronell\/feliz-dia-del-padre\/","_links":{"self":[{"href":"https:\/\/www.pressenza.com\/es\/wp-json\/wp\/v2\/posts\/1160987","targetHints":{"allow":["GET"]}}],"collection":[{"href":"https:\/\/www.pressenza.com\/es\/wp-json\/wp\/v2\/posts"}],"about":[{"href":"https:\/\/www.pressenza.com\/es\/wp-json\/wp\/v2\/types\/post"}],"author":[{"embeddable":true,"href":"https:\/\/www.pressenza.com\/es\/wp-json\/wp\/v2\/users\/1053"}],"replies":[{"embeddable":true,"href":"https:\/\/www.pressenza.com\/es\/wp-json\/wp\/v2\/comments?post=1160987"}],"version-history":[{"count":0,"href":"https:\/\/www.pressenza.com\/es\/wp-json\/wp\/v2\/posts\/1160987\/revisions"}],"wp:featuredmedia":[{"embeddable":true,"href":"https:\/\/www.pressenza.com\/es\/wp-json\/wp\/v2\/media\/1156681"}],"wp:attachment":[{"href":"https:\/\/www.pressenza.com\/es\/wp-json\/wp\/v2\/media?parent=1160987"}],"wp:term":[{"taxonomy":"category","embeddable":true,"href":"https:\/\/www.pressenza.com\/es\/wp-json\/wp\/v2\/categories?post=1160987"},{"taxonomy":"post_tag","embeddable":true,"href":"https:\/\/www.pressenza.com\/es\/wp-json\/wp\/v2\/tags?post=1160987"}],"curies":[{"name":"wp","href":"https:\/\/api.w.org\/{rel}","templated":true}]}}