{"id":1160087,"date":"2020-07-15T15:27:14","date_gmt":"2020-07-15T14:27:14","guid":{"rendered":"https:\/\/www.pressenza.com\/?p=1160087"},"modified":"2020-07-15T15:27:14","modified_gmt":"2020-07-15T14:27:14","slug":"espejismo-el-desplome-de-la-violencia-en-el-salvador","status":"publish","type":"post","link":"https:\/\/www.pressenza.com\/es\/2020\/07\/espejismo-el-desplome-de-la-violencia-en-el-salvador\/","title":{"rendered":"\u00bfEspejismo? El desplome de la violencia en El Salvador"},"content":{"rendered":"<p><em><strong>por Gerardo Villagr\u00e1n del Corral*<\/strong><\/em><\/p>\n<p>En el primer a\u00f1o de Nayib Bukele como presidente, El Salvador ha visto una fuerte ca\u00edda, del 60 por ciento seg\u00fan cifras oficiales, en las tasas de homicidios, que por mucho tiempo fueron astron\u00f3micamente altas. Si bien el p\u00fablico celebra sus pol\u00edticas de \u201cmano dura\u201d, el \u00e9xito podr\u00eda deberse a un entendimiento discreto e informal entre las pandillas y el gobierno.<\/p>\n<p>Reducir los homicidios por parte de las tres principales pandillas en uno de los pa\u00edses m\u00e1s violentos del mundo es una haza\u00f1a de gran importancia. Pero las causas precisas de la disminuci\u00f3n son complejas y a menudo poco claras. Los recientes brotes de violencia de las pandillas y controversias pol\u00edticas resaltan lo fr\u00e1gil y reversible que puede resultar este logro.<\/p>\n<p>Un informe de Crisis Group se\u00f1ala que mantener la reducci\u00f3n de la violencia es clave y para ello el gobierno deber\u00eda priorizar proyectos de desarrollo enfocados en la comunidad, la rehabilitaci\u00f3n de los pandilleros encarcelados y estrategias policiales m\u00e1s sofisticadas, incluyendo m\u00e1s controles internos en las fuerzas de seguridad.<\/p>\n<p>Despu\u00e9s de d\u00e9cadas de una atroz violencia de pandillas, las tasas de homicidios se han desplomado en El Salvador bajo la administraci\u00f3n de su nuevo presidente, Nayib Bukele. Ante el crecimiento de las pandillas MS-13 y Barrio 18, los gobiernos anteriores recurrieron a pol\u00edticas de \u201cmano dura\u201d para someterlas, solo para encontrar que incrementaban la violencia.<\/p>\n<p>La ca\u00edda de las tasas de homicidios puede deberse no solo a las pol\u00edticas de seguridad p\u00fablica del gobierno, sino tambi\u00e9n a la decisi\u00f3n de las pandillas de detener el derramamiento de sangre, posiblemente a ra\u00edz de un fr\u00e1gil acuerdo de no agresi\u00f3n con las autoridades.<\/p>\n<p>Adem\u00e1s, el estilo beligerante de Bukele, que se ha exacerbado durante la pandemia de COVID-19, pone en riesgo sus reformas de seguridad al enredarlas en batallas pol\u00edticas. El gobierno ha robustecido el patrullaje conjunto de la polic\u00eda y el ej\u00e9rcito en los 22 municipios con mayores tasas de delincuencia, y endureci\u00f3 las medidas de confinamiento en las c\u00e1rceles en un intento de cortar las comunicaciones entre los reclusos y el mundo exterior.<\/p>\n<p>El control indiscutible de las pandillas sobre las comunidades, la disminuci\u00f3n de la rivalidad entre pandillas y el liderazgo cada vez m\u00e1s aut\u00f3nomo de los mareros que est\u00e1n fuera de las c\u00e1rceles pueden explicar esta decisi\u00f3n, m\u00e1s que el Plan Control Territorial. Analistas y activistas locales atribuyen la decisi\u00f3n de las pandillas a un acuerdo informal entre ellas y con las autoridades, quienes presuntamente les han ordenado a las fuerzas de seguridad reducir sus enfrentamientos con estos grupos.<\/p>\n<p>Una repentina ola de asesinatos atribuida a la MS-13 en abril ilustra lo precario que puede ser el compromiso de las pandillas para reducir la violencia. La reacci\u00f3n de Bukele a los ataques, que dejaron m\u00e1s de 80 muertos en un lapso de cinco d\u00edas, reafirm\u00f3 su inclinaci\u00f3n a adoptar medidas punitivas para someter a las pandillas.<\/p>\n<p>Im\u00e1genes compartidas en todo el mundo desde el interior de las c\u00e1rceles de alta seguridad de El Salvador mostraban a reclusos amontonados o forzados a compartir celdas sin acceso a la luz del sol. Las pandillas, con menos ingresos por cobros de extorsi\u00f3n debido a las medidas de confinamiento, e indignadas por la represi\u00f3n del gobierno, recurran una vez m\u00e1s a la violencia extrema.<\/p>\n<p>Algunas de las maniobras del presidente para someter a sus oponentes y concentrar el poder en sus manos, incluida la ocupaci\u00f3n militar en febrero de la Asamblea Legislativa controlada por la oposici\u00f3n y las repetidas peleas por la legalidad de las medidas adoptadas durante la emergencia del COVID-19, han provocado revuelo.<\/p>\n<p>Sus demostraciones de fuerza hacia los dos partidos que mantuvieron un dominio absoluto sobre el poder en El Salvador durante 27 a\u00f1os, al igual que hacia las instituciones estatales y judiciales, tienen como objetivo conseguir la mayor\u00eda parlamentaria el pr\u00f3ximo a\u00f1o.<\/p>\n<p>&nbsp;<\/p>\n<p><em>Gerardo Villagr\u00e1n del Corral es <\/em><em>antrop\u00f3logo y economista mexicano, asociado al Centro Latinoamericano de An\u00e1lisis Estrat\u00e9gico (CLAE, <a href=\"http:\/\/www.estrategia.la\/\">www.estrategia.la<\/a>\u00a0)<\/em><\/p>\n<p><a href=\"http:\/\/estrategia.la\/2020\/07\/14\/espejismo-el-desplome-de-la-violencia-en-el-salvador\/\">http:\/\/estrategia.la\/2020\/07\/14\/espejismo-el-desplome-de-la-violencia-en-el-salvador\/<\/a><\/p>\n","protected":false},"excerpt":{"rendered":"<p>por Gerardo Villagr\u00e1n del Corral* En el primer a\u00f1o de Nayib Bukele como presidente, El Salvador ha visto una fuerte ca\u00edda, del 60 por ciento seg\u00fan cifras oficiales, en las tasas de homicidios, que por mucho tiempo fueron astron\u00f3micamente altas.&hellip;<\/p>\n","protected":false},"author":1318,"featured_media":1160090,"comment_status":"closed","ping_status":"closed","sticky":false,"template":"","format":"standard","meta":{"footnotes":""},"categories":[69,79,161,74],"tags":[12175,403,12288,71136,8822,623],"class_list":["post-1160087","post","type-post","status-publish","format-standard","has-post-thumbnail","hentry","category-america-central","category-derechos-humanos","category-opiniones","category-politica-es","tag-el-salvador-es","tag-elecciones","tag-maras","tag-nayib-bukele","tag-pacificacion","tag-violencia"],"yoast_head":"<!-- This site is optimized with the Yoast SEO plugin v27.1.1 - https:\/\/yoast.com\/product\/yoast-seo-wordpress\/ -->\n<title>\u00bfEspejismo? El desplome de la violencia en El Salvador<\/title>\n<meta name=\"description\" content=\"por Gerardo Villagr\u00e1n del Corral* En el primer a\u00f1o de Nayib Bukele como presidente, El Salvador ha visto una fuerte ca\u00edda, del 60 por ciento seg\u00fan cifras\" \/>\n<meta name=\"robots\" content=\"index, follow, max-snippet:-1, max-image-preview:large, max-video-preview:-1\" \/>\n<link rel=\"canonical\" href=\"https:\/\/www.pressenza.com\/es\/2020\/07\/espejismo-el-desplome-de-la-violencia-en-el-salvador\/\" \/>\n<meta property=\"og:locale\" content=\"es_ES\" \/>\n<meta property=\"og:type\" content=\"article\" \/>\n<meta property=\"og:title\" content=\"\u00bfEspejismo? El desplome de la violencia en El Salvador\" \/>\n<meta property=\"og:description\" content=\"por Gerardo Villagr\u00e1n del Corral* En el primer a\u00f1o de Nayib Bukele como presidente, El Salvador ha visto una fuerte ca\u00edda, del 60 por ciento seg\u00fan cifras\" \/>\n<meta property=\"og:url\" content=\"https:\/\/www.pressenza.com\/es\/2020\/07\/espejismo-el-desplome-de-la-violencia-en-el-salvador\/\" \/>\n<meta property=\"og:site_name\" content=\"Pressenza\" \/>\n<meta property=\"article:publisher\" content=\"https:\/\/www.facebook.com\/PressenzaItalia\" \/>\n<meta property=\"article:author\" content=\"https:\/\/www.facebook.com\/America.Latina.en.Movimiento\/\" \/>\n<meta property=\"article:published_time\" content=\"2020-07-15T14:27:14+00:00\" \/>\n<meta property=\"og:image\" content=\"https:\/\/www.pressenza.com\/wp-content\/uploads\/2020\/07\/slammer-5210097_1280.jpg\" \/>\n\t<meta property=\"og:image:width\" content=\"1280\" \/>\n\t<meta property=\"og:image:height\" content=\"626\" \/>\n\t<meta property=\"og:image:type\" content=\"image\/jpeg\" \/>\n<meta name=\"author\" content=\"ALAI\" \/>\n<meta name=\"twitter:card\" content=\"summary_large_image\" \/>\n<meta name=\"twitter:creator\" content=\"@ALAIinfo\" \/>\n<meta name=\"twitter:site\" content=\"@PressenzaIPA\" \/>\n<meta name=\"twitter:label1\" content=\"Escrito por\" \/>\n\t<meta name=\"twitter:data1\" content=\"ALAI\" \/>\n\t<meta name=\"twitter:label2\" content=\"Tiempo de lectura\" \/>\n\t<meta name=\"twitter:data2\" content=\"4 minutos\" \/>\n<script type=\"application\/ld+json\" class=\"yoast-schema-graph\">{\"@context\":\"https:\/\/schema.org\",\"@graph\":[{\"@type\":\"Article\",\"@id\":\"https:\/\/www.pressenza.com\/es\/2020\/07\/espejismo-el-desplome-de-la-violencia-en-el-salvador\/#article\",\"isPartOf\":{\"@id\":\"https:\/\/www.pressenza.com\/es\/2020\/07\/espejismo-el-desplome-de-la-violencia-en-el-salvador\/\"},\"author\":{\"name\":\"ALAI\",\"@id\":\"https:\/\/www.pressenza.com\/es\/#\/schema\/person\/a1395dba0b1a6de6c1b7fa778b3ca4af\"},\"headline\":\"\u00bfEspejismo? El desplome de la violencia en El Salvador\",\"datePublished\":\"2020-07-15T14:27:14+00:00\",\"mainEntityOfPage\":{\"@id\":\"https:\/\/www.pressenza.com\/es\/2020\/07\/espejismo-el-desplome-de-la-violencia-en-el-salvador\/\"},\"wordCount\":733,\"publisher\":{\"@id\":\"https:\/\/www.pressenza.com\/es\/#organization\"},\"image\":{\"@id\":\"https:\/\/www.pressenza.com\/es\/2020\/07\/espejismo-el-desplome-de-la-violencia-en-el-salvador\/#primaryimage\"},\"thumbnailUrl\":\"https:\/\/www.pressenza.com\/wp-content\/uploads\/2020\/07\/slammer-5210097_1280.jpg\",\"keywords\":[\"El Salvador\",\"elecciones\",\"Maras\",\"Nayib Bukele\",\"pacificaci\u00f3n\",\"Violencia\"],\"articleSection\":[\"Am\u00e9rica Central\",\"Derechos Humanos\",\"Opiniones\",\"Pol\u00edtica\"],\"inLanguage\":\"es\"},{\"@type\":\"WebPage\",\"@id\":\"https:\/\/www.pressenza.com\/es\/2020\/07\/espejismo-el-desplome-de-la-violencia-en-el-salvador\/\",\"url\":\"https:\/\/www.pressenza.com\/es\/2020\/07\/espejismo-el-desplome-de-la-violencia-en-el-salvador\/\",\"name\":\"\u00bfEspejismo? El desplome de la violencia en El Salvador\",\"isPartOf\":{\"@id\":\"https:\/\/www.pressenza.com\/es\/#website\"},\"primaryImageOfPage\":{\"@id\":\"https:\/\/www.pressenza.com\/es\/2020\/07\/espejismo-el-desplome-de-la-violencia-en-el-salvador\/#primaryimage\"},\"image\":{\"@id\":\"https:\/\/www.pressenza.com\/es\/2020\/07\/espejismo-el-desplome-de-la-violencia-en-el-salvador\/#primaryimage\"},\"thumbnailUrl\":\"https:\/\/www.pressenza.com\/wp-content\/uploads\/2020\/07\/slammer-5210097_1280.jpg\",\"datePublished\":\"2020-07-15T14:27:14+00:00\",\"description\":\"por Gerardo Villagr\u00e1n del Corral* En el primer a\u00f1o de Nayib Bukele como presidente, El Salvador ha visto una fuerte ca\u00edda, del 60 por ciento seg\u00fan cifras\",\"breadcrumb\":{\"@id\":\"https:\/\/www.pressenza.com\/es\/2020\/07\/espejismo-el-desplome-de-la-violencia-en-el-salvador\/#breadcrumb\"},\"inLanguage\":\"es\",\"potentialAction\":[{\"@type\":\"ReadAction\",\"target\":[\"https:\/\/www.pressenza.com\/es\/2020\/07\/espejismo-el-desplome-de-la-violencia-en-el-salvador\/\"]}]},{\"@type\":\"ImageObject\",\"inLanguage\":\"es\",\"@id\":\"https:\/\/www.pressenza.com\/es\/2020\/07\/espejismo-el-desplome-de-la-violencia-en-el-salvador\/#primaryimage\",\"url\":\"https:\/\/www.pressenza.com\/wp-content\/uploads\/2020\/07\/slammer-5210097_1280.jpg\",\"contentUrl\":\"https:\/\/www.pressenza.com\/wp-content\/uploads\/2020\/07\/slammer-5210097_1280.jpg\",\"width\":1280,\"height\":626},{\"@type\":\"BreadcrumbList\",\"@id\":\"https:\/\/www.pressenza.com\/es\/2020\/07\/espejismo-el-desplome-de-la-violencia-en-el-salvador\/#breadcrumb\",\"itemListElement\":[{\"@type\":\"ListItem\",\"position\":1,\"name\":\"Accueil\",\"item\":\"https:\/\/www.pressenza.com\/es\/\"},{\"@type\":\"ListItem\",\"position\":2,\"name\":\"\u00bfEspejismo? El desplome de la violencia en El Salvador\"}]},{\"@type\":\"WebSite\",\"@id\":\"https:\/\/www.pressenza.com\/es\/#website\",\"url\":\"https:\/\/www.pressenza.com\/es\/\",\"name\":\"Pressenza\",\"description\":\"International Press Agency\",\"publisher\":{\"@id\":\"https:\/\/www.pressenza.com\/es\/#organization\"},\"potentialAction\":[{\"@type\":\"SearchAction\",\"target\":{\"@type\":\"EntryPoint\",\"urlTemplate\":\"https:\/\/www.pressenza.com\/es\/?s={search_term_string}\"},\"query-input\":{\"@type\":\"PropertyValueSpecification\",\"valueRequired\":true,\"valueName\":\"search_term_string\"}}],\"inLanguage\":\"es\"},{\"@type\":\"Organization\",\"@id\":\"https:\/\/www.pressenza.com\/es\/#organization\",\"name\":\"Pressenza\",\"url\":\"https:\/\/www.pressenza.com\/es\/\",\"logo\":{\"@type\":\"ImageObject\",\"inLanguage\":\"es\",\"@id\":\"https:\/\/www.pressenza.com\/es\/#\/schema\/logo\/image\/\",\"url\":\"https:\/\/www.pressenza.com\/wp-content\/uploads\/2022\/10\/pressenza_logo_200x200.jpg\",\"contentUrl\":\"https:\/\/www.pressenza.com\/wp-content\/uploads\/2022\/10\/pressenza_logo_200x200.jpg\",\"width\":200,\"height\":200,\"caption\":\"Pressenza\"},\"image\":{\"@id\":\"https:\/\/www.pressenza.com\/es\/#\/schema\/logo\/image\/\"},\"sameAs\":[\"https:\/\/www.facebook.com\/PressenzaItalia\",\"https:\/\/x.com\/PressenzaIPA\"]},{\"@type\":\"Person\",\"@id\":\"https:\/\/www.pressenza.com\/es\/#\/schema\/person\/a1395dba0b1a6de6c1b7fa778b3ca4af\",\"name\":\"ALAI\",\"description\":\"The Latin-American Information Agency (ALAI in it's Spanish initials) is an international communication organ committed to the full achievement of human rights, gender equality and citizen participation in the development of Latin-America. www.alainet.org\",\"sameAs\":[\"http:\/\/www.alainet.org\",\"https:\/\/www.facebook.com\/America.Latina.en.Movimiento\/\",\"https:\/\/x.com\/ALAIinfo\"],\"url\":\"https:\/\/www.pressenza.com\/es\/author\/alai\/\"}]}<\/script>\n<!-- \/ Yoast SEO plugin. -->","yoast_head_json":{"title":"\u00bfEspejismo? El desplome de la violencia en El Salvador","description":"por Gerardo Villagr\u00e1n del Corral* En el primer a\u00f1o de Nayib Bukele como presidente, El Salvador ha visto una fuerte ca\u00edda, del 60 por ciento seg\u00fan cifras","robots":{"index":"index","follow":"follow","max-snippet":"max-snippet:-1","max-image-preview":"max-image-preview:large","max-video-preview":"max-video-preview:-1"},"canonical":"https:\/\/www.pressenza.com\/es\/2020\/07\/espejismo-el-desplome-de-la-violencia-en-el-salvador\/","og_locale":"es_ES","og_type":"article","og_title":"\u00bfEspejismo? El desplome de la violencia en El Salvador","og_description":"por Gerardo Villagr\u00e1n del Corral* En el primer a\u00f1o de Nayib Bukele como presidente, El Salvador ha visto una fuerte ca\u00edda, del 60 por ciento seg\u00fan cifras","og_url":"https:\/\/www.pressenza.com\/es\/2020\/07\/espejismo-el-desplome-de-la-violencia-en-el-salvador\/","og_site_name":"Pressenza","article_publisher":"https:\/\/www.facebook.com\/PressenzaItalia","article_author":"https:\/\/www.facebook.com\/America.Latina.en.Movimiento\/","article_published_time":"2020-07-15T14:27:14+00:00","og_image":[{"width":1280,"height":626,"url":"https:\/\/www.pressenza.com\/wp-content\/uploads\/2020\/07\/slammer-5210097_1280.jpg","type":"image\/jpeg"}],"author":"ALAI","twitter_card":"summary_large_image","twitter_creator":"@ALAIinfo","twitter_site":"@PressenzaIPA","twitter_misc":{"Escrito por":"ALAI","Tiempo de lectura":"4 minutos"},"schema":{"@context":"https:\/\/schema.org","@graph":[{"@type":"Article","@id":"https:\/\/www.pressenza.com\/es\/2020\/07\/espejismo-el-desplome-de-la-violencia-en-el-salvador\/#article","isPartOf":{"@id":"https:\/\/www.pressenza.com\/es\/2020\/07\/espejismo-el-desplome-de-la-violencia-en-el-salvador\/"},"author":{"name":"ALAI","@id":"https:\/\/www.pressenza.com\/es\/#\/schema\/person\/a1395dba0b1a6de6c1b7fa778b3ca4af"},"headline":"\u00bfEspejismo? El desplome de la violencia en El Salvador","datePublished":"2020-07-15T14:27:14+00:00","mainEntityOfPage":{"@id":"https:\/\/www.pressenza.com\/es\/2020\/07\/espejismo-el-desplome-de-la-violencia-en-el-salvador\/"},"wordCount":733,"publisher":{"@id":"https:\/\/www.pressenza.com\/es\/#organization"},"image":{"@id":"https:\/\/www.pressenza.com\/es\/2020\/07\/espejismo-el-desplome-de-la-violencia-en-el-salvador\/#primaryimage"},"thumbnailUrl":"https:\/\/www.pressenza.com\/wp-content\/uploads\/2020\/07\/slammer-5210097_1280.jpg","keywords":["El Salvador","elecciones","Maras","Nayib Bukele","pacificaci\u00f3n","Violencia"],"articleSection":["Am\u00e9rica Central","Derechos Humanos","Opiniones","Pol\u00edtica"],"inLanguage":"es"},{"@type":"WebPage","@id":"https:\/\/www.pressenza.com\/es\/2020\/07\/espejismo-el-desplome-de-la-violencia-en-el-salvador\/","url":"https:\/\/www.pressenza.com\/es\/2020\/07\/espejismo-el-desplome-de-la-violencia-en-el-salvador\/","name":"\u00bfEspejismo? El desplome de la violencia en El Salvador","isPartOf":{"@id":"https:\/\/www.pressenza.com\/es\/#website"},"primaryImageOfPage":{"@id":"https:\/\/www.pressenza.com\/es\/2020\/07\/espejismo-el-desplome-de-la-violencia-en-el-salvador\/#primaryimage"},"image":{"@id":"https:\/\/www.pressenza.com\/es\/2020\/07\/espejismo-el-desplome-de-la-violencia-en-el-salvador\/#primaryimage"},"thumbnailUrl":"https:\/\/www.pressenza.com\/wp-content\/uploads\/2020\/07\/slammer-5210097_1280.jpg","datePublished":"2020-07-15T14:27:14+00:00","description":"por Gerardo Villagr\u00e1n del Corral* En el primer a\u00f1o de Nayib Bukele como presidente, El Salvador ha visto una fuerte ca\u00edda, del 60 por ciento seg\u00fan cifras","breadcrumb":{"@id":"https:\/\/www.pressenza.com\/es\/2020\/07\/espejismo-el-desplome-de-la-violencia-en-el-salvador\/#breadcrumb"},"inLanguage":"es","potentialAction":[{"@type":"ReadAction","target":["https:\/\/www.pressenza.com\/es\/2020\/07\/espejismo-el-desplome-de-la-violencia-en-el-salvador\/"]}]},{"@type":"ImageObject","inLanguage":"es","@id":"https:\/\/www.pressenza.com\/es\/2020\/07\/espejismo-el-desplome-de-la-violencia-en-el-salvador\/#primaryimage","url":"https:\/\/www.pressenza.com\/wp-content\/uploads\/2020\/07\/slammer-5210097_1280.jpg","contentUrl":"https:\/\/www.pressenza.com\/wp-content\/uploads\/2020\/07\/slammer-5210097_1280.jpg","width":1280,"height":626},{"@type":"BreadcrumbList","@id":"https:\/\/www.pressenza.com\/es\/2020\/07\/espejismo-el-desplome-de-la-violencia-en-el-salvador\/#breadcrumb","itemListElement":[{"@type":"ListItem","position":1,"name":"Accueil","item":"https:\/\/www.pressenza.com\/es\/"},{"@type":"ListItem","position":2,"name":"\u00bfEspejismo? El desplome de la violencia en El Salvador"}]},{"@type":"WebSite","@id":"https:\/\/www.pressenza.com\/es\/#website","url":"https:\/\/www.pressenza.com\/es\/","name":"Pressenza","description":"International Press Agency","publisher":{"@id":"https:\/\/www.pressenza.com\/es\/#organization"},"potentialAction":[{"@type":"SearchAction","target":{"@type":"EntryPoint","urlTemplate":"https:\/\/www.pressenza.com\/es\/?s={search_term_string}"},"query-input":{"@type":"PropertyValueSpecification","valueRequired":true,"valueName":"search_term_string"}}],"inLanguage":"es"},{"@type":"Organization","@id":"https:\/\/www.pressenza.com\/es\/#organization","name":"Pressenza","url":"https:\/\/www.pressenza.com\/es\/","logo":{"@type":"ImageObject","inLanguage":"es","@id":"https:\/\/www.pressenza.com\/es\/#\/schema\/logo\/image\/","url":"https:\/\/www.pressenza.com\/wp-content\/uploads\/2022\/10\/pressenza_logo_200x200.jpg","contentUrl":"https:\/\/www.pressenza.com\/wp-content\/uploads\/2022\/10\/pressenza_logo_200x200.jpg","width":200,"height":200,"caption":"Pressenza"},"image":{"@id":"https:\/\/www.pressenza.com\/es\/#\/schema\/logo\/image\/"},"sameAs":["https:\/\/www.facebook.com\/PressenzaItalia","https:\/\/x.com\/PressenzaIPA"]},{"@type":"Person","@id":"https:\/\/www.pressenza.com\/es\/#\/schema\/person\/a1395dba0b1a6de6c1b7fa778b3ca4af","name":"ALAI","description":"The Latin-American Information Agency (ALAI in it's Spanish initials) is an international communication organ committed to the full achievement of human rights, gender equality and citizen participation in the development of Latin-America. www.alainet.org","sameAs":["http:\/\/www.alainet.org","https:\/\/www.facebook.com\/America.Latina.en.Movimiento\/","https:\/\/x.com\/ALAIinfo"],"url":"https:\/\/www.pressenza.com\/es\/author\/alai\/"}]}},"place":"Ciudad de M\u00e9xico, M\u00e9xico","original_article_url":"https:\/\/www.alainet.org\/es\/articulo\/207872?utm_source=twitter","_links":{"self":[{"href":"https:\/\/www.pressenza.com\/es\/wp-json\/wp\/v2\/posts\/1160087","targetHints":{"allow":["GET"]}}],"collection":[{"href":"https:\/\/www.pressenza.com\/es\/wp-json\/wp\/v2\/posts"}],"about":[{"href":"https:\/\/www.pressenza.com\/es\/wp-json\/wp\/v2\/types\/post"}],"author":[{"embeddable":true,"href":"https:\/\/www.pressenza.com\/es\/wp-json\/wp\/v2\/users\/1318"}],"replies":[{"embeddable":true,"href":"https:\/\/www.pressenza.com\/es\/wp-json\/wp\/v2\/comments?post=1160087"}],"version-history":[{"count":0,"href":"https:\/\/www.pressenza.com\/es\/wp-json\/wp\/v2\/posts\/1160087\/revisions"}],"wp:featuredmedia":[{"embeddable":true,"href":"https:\/\/www.pressenza.com\/es\/wp-json\/wp\/v2\/media\/1160090"}],"wp:attachment":[{"href":"https:\/\/www.pressenza.com\/es\/wp-json\/wp\/v2\/media?parent=1160087"}],"wp:term":[{"taxonomy":"category","embeddable":true,"href":"https:\/\/www.pressenza.com\/es\/wp-json\/wp\/v2\/categories?post=1160087"},{"taxonomy":"post_tag","embeddable":true,"href":"https:\/\/www.pressenza.com\/es\/wp-json\/wp\/v2\/tags?post=1160087"}],"curies":[{"name":"wp","href":"https:\/\/api.w.org\/{rel}","templated":true}]}}