{"id":115994,"date":"2014-06-27T18:43:03","date_gmt":"2014-06-27T17:43:03","guid":{"rendered":"http:\/\/www.pressenza.com\/?p=115994"},"modified":"2014-06-27T18:43:03","modified_gmt":"2014-06-27T17:43:03","slug":"cristina-fernandez-de-kirchner-publico-en-twitter-un-comunicado-oficial-bajo-el-titulo-argentina-paga","status":"publish","type":"post","link":"https:\/\/www.pressenza.com\/es\/2014\/06\/cristina-fernandez-de-kirchner-publico-en-twitter-un-comunicado-oficial-bajo-el-titulo-argentina-paga\/","title":{"rendered":"Cristina Fern\u00e1ndez de Kirchner public\u00f3 en twitter un comunicado oficial bajo el t\u00edtulo \u201cArgentina paga\u201d"},"content":{"rendered":"<p style=\"text-align: justify;\">La presidenta <strong>Cristina Fern\u00e1ndez de Kirchner<\/strong> public\u00f3 en la red social el comunicado oficial con ese t\u00edtulo, el d\u00eda en que el gobierno deposit\u00f3 m\u00e1s de 1.000 millones de d\u00f3lares para pagar a los tenedores de bonos que adhirieron a los canjes de deuda de 2005 y 2010.<\/p>\n<p style=\"text-align: justify;\">El gobierno nacional deposit\u00f3 hoy m\u00e1s de 1.000 millones de d\u00f3lares en dos cuentas del Banco New York Mellon a los tenedores de bonos que adhirieron a los canjes de deuda instrumentados en 2005 y 2010, cumpliendo en tiempo y forma con las obligaciones establecidas en el prospecto de emisi\u00f3n de los t\u00edtulos de deuda.<\/p>\n<p style=\"text-align: justify;\"><img loading=\"lazy\" decoding=\"async\" alt=\"53ac7063d6300_510x287\" src=\"http:\/\/agenciasulan.org\/wp-content\/uploads\/2014\/06\/53ac7063d6300_510x287-300x168.jpg\" width=\"320\" height=\"168\" \/><\/p>\n<p style=\"text-align: justify;\">Minutos despu\u00e9s de que se conociera la decisi\u00f3n del gobierno de depositar los fondos para los bonistas con t\u00edtulos reestructurados, en <strong>Nueva York<\/strong> el juez<strong> Thomas Griesa<\/strong> dio a conocer su rechazo a la solicitud presentada por Argentina de suspender la medida que obliga a pagar a los <strong>fondos buitre<\/strong> para poder cumplir los compromisos con el resto de los acreedores de deuda, por lo que el dinero depositado podr\u00eda ser embargado.<\/p>\n<p style=\"text-align: justify;\">El anuncio del pago fue realizado este mediod\u00eda por el ministro de Econom\u00eda, <strong>Axel Kicillof<\/strong>, quien ley\u00f3 ante la prensa un comunicado del gobierno nacional, acompa\u00f1ado por el jefe de Gabinete,<strong> Jorge Capitanich<\/strong>; el Secretario Legal y T\u00e9cnico, <strong>Carlos Zannini<\/strong>, y <strong>Angelina Abbona<\/strong>, prosecretaria del Tesoro.<\/p>\n<p style=\"text-align: justify;\">Kicillof se limit\u00f3 a la lectura del comunicado oficial en el que se recalca la \u201cdecisi\u00f3n soberana de honrar sus deudas\u201d por parte la Rep\u00fablica Argentina, sin pretender \u201ccolisionar con otras decisiones emergentes de autoridad judicial que alteran las bases contractuales suscriptas\u201d.<\/p>\n<p style=\"text-align: justify;\">\u201cLa Argentina ha procedido al pago de los servicios de capital e intereses de sus bonos bajo ley extranjera por el equivalente a 832 millones de d\u00f3lares, de los cuales 539 fueron depositados en las cuentas 15.098 y 15.002 del Banco New York Mellow (BONY) en el Banco Central de la Rep\u00fablica Argentina\u201d, se\u00f1ala el comunicado.<\/p>\n<p style=\"text-align: justify;\">El dep\u00f3sito se realiz\u00f3 hoy en virtud que \u201cma\u00f1ana es feriado en la administraci\u00f3n p\u00fablica y el pago debe realizarse el \u00faltimo d\u00eda h\u00e1bil antes del vencimiento\u201d.<\/p>\n<p style=\"text-align: justify;\">De esta manera, la Argentina contin\u00faa con su \u201cexitoso proceso de reestructuraci\u00f3n voluntaria de deuda\u201d, respetando as\u00ed los \u201cderechos representados por una mayor\u00eda clara e indubitable, que no puede ser fulminados por el 1 por ciento de los bonistas\u201d.<\/p>\n<p style=\"text-align: justify;\">\u201cNo cabe la menor duda de la parcialidad del juez en favor de los fondos buitre ni de su verdadera intenci\u00f3n: la de pretender llevar a la Rep\u00fablica Argentina al default para derribar la reestructuraci\u00f3n 2005-2010 que alcanz\u00f3, luego de largas negociaciones, un consenso del 92,4 por ciento\u201d, remarca el comunicado.<\/p>\n<p style=\"text-align: justify;\">Griesa, por su parte, a trav\u00e9s de una escueta resoluci\u00f3n de cuatro p\u00e1rrafos, rechaz\u00f3 la apelaci\u00f3n presentada el lunes pasado por los letrados que representan a Argentina al sostener que la solicitud \u00a0\u201cno es apropiada\u201d.<\/p>\n<p style=\"text-align: justify;\">El magistrado neoyorquino dijo que la orden de pagar a los fondos especulativos \u201cno entra en vigor\u201d a menos que el pa\u00eds realice pagos a los tenedores de bonos reestructurados, situaci\u00f3n que se concret\u00f3 hoy con la decisi\u00f3n del Gobierno de depositar m\u00e1s de 1.000 millones de d\u00f3lares.<\/p>\n<p style=\"text-align: justify;\">Griesa record\u00f3 que en el caso fue nombrado un mediador, el abogado neoyorquino Daniel Pollack, y que su tribunal \u201centiende que las negociaciones (entre Argentina y los fondos buitre) van a incluir el manejo de futuros pagos de los bonos reestructurados\u201d.<\/p>\n","protected":false},"excerpt":{"rendered":"<p>La presidenta Cristina Fern\u00e1ndez de Kirchner public\u00f3 en la red social el comunicado oficial con ese t\u00edtulo, el d\u00eda en que el gobierno deposit\u00f3 m\u00e1s de 1.000 millones de d\u00f3lares para pagar a los tenedores de bonos que adhirieron a&hellip;<\/p>\n","protected":false},"author":640,"featured_media":114996,"comment_status":"closed","ping_status":"open","sticky":false,"template":"","format":"standard","meta":{"footnotes":""},"categories":[81,67],"tags":[26,1146,6520],"class_list":["post-115994","post","type-post","status-publish","format-standard","has-post-thumbnail","hentry","category-economia-es","category-sudamerica","tag-argentina","tag-cristina-fernandez-de-kirchner","tag-fondos-buitres"],"yoast_head":"<!-- This site is optimized with the Yoast SEO plugin v27.1.1 - https:\/\/yoast.com\/product\/yoast-seo-wordpress\/ -->\n<title>Cristina Fern\u00e1ndez de Kirchner public\u00f3 en twitter un comunicado oficial bajo el t\u00edtulo \u201cArgentina paga\u201d<\/title>\n<meta name=\"description\" content=\"La presidenta Cristina Fern\u00e1ndez de Kirchner public\u00f3 en la red social el comunicado oficial con ese t\u00edtulo, el d\u00eda en que el gobierno deposit\u00f3 m\u00e1s de\" \/>\n<meta name=\"robots\" content=\"index, follow, max-snippet:-1, max-image-preview:large, max-video-preview:-1\" \/>\n<link rel=\"canonical\" href=\"https:\/\/www.pressenza.com\/es\/2014\/06\/cristina-fernandez-de-kirchner-publico-en-twitter-un-comunicado-oficial-bajo-el-titulo-argentina-paga\/\" \/>\n<meta property=\"og:locale\" content=\"es_ES\" \/>\n<meta property=\"og:type\" content=\"article\" \/>\n<meta property=\"og:title\" content=\"Cristina Fern\u00e1ndez de Kirchner public\u00f3 en twitter un comunicado oficial bajo el t\u00edtulo \u201cArgentina paga\u201d\" \/>\n<meta property=\"og:description\" content=\"La presidenta Cristina Fern\u00e1ndez de Kirchner public\u00f3 en la red social el comunicado oficial con ese t\u00edtulo, el d\u00eda en que el gobierno deposit\u00f3 m\u00e1s de\" \/>\n<meta property=\"og:url\" content=\"https:\/\/www.pressenza.com\/es\/2014\/06\/cristina-fernandez-de-kirchner-publico-en-twitter-un-comunicado-oficial-bajo-el-titulo-argentina-paga\/\" \/>\n<meta property=\"og:site_name\" content=\"Pressenza\" \/>\n<meta property=\"article:publisher\" content=\"https:\/\/www.facebook.com\/PressenzaItalia\" \/>\n<meta property=\"article:author\" content=\"https:\/\/www.facebook.com\/AgenciasUlan\" \/>\n<meta property=\"article:published_time\" content=\"2014-06-27T17:43:03+00:00\" \/>\n<meta property=\"og:image\" content=\"https:\/\/www.pressenza.com\/wp-content\/uploads\/2014\/06\/fondos_buitre_argentina.jpg\" \/>\n\t<meta property=\"og:image:width\" content=\"242\" \/>\n\t<meta property=\"og:image:height\" content=\"320\" \/>\n\t<meta property=\"og:image:type\" content=\"image\/jpeg\" \/>\n<meta name=\"author\" content=\"Uni\u00f3n Latinoamericana de Agencias de Noticias\" \/>\n<meta name=\"twitter:card\" content=\"summary_large_image\" \/>\n<meta name=\"twitter:creator\" content=\"@agenciasulan\" \/>\n<meta name=\"twitter:site\" content=\"@PressenzaIPA\" \/>\n<meta name=\"twitter:label1\" content=\"Escrito por\" \/>\n\t<meta name=\"twitter:data1\" content=\"Uni\u00f3n Latinoamericana de Agencias de Noticias\" \/>\n\t<meta name=\"twitter:label2\" content=\"Tiempo de lectura\" \/>\n\t<meta name=\"twitter:data2\" content=\"3 minutos\" \/>\n<script type=\"application\/ld+json\" class=\"yoast-schema-graph\">{\"@context\":\"https:\/\/schema.org\",\"@graph\":[{\"@type\":\"Article\",\"@id\":\"https:\/\/www.pressenza.com\/es\/2014\/06\/cristina-fernandez-de-kirchner-publico-en-twitter-un-comunicado-oficial-bajo-el-titulo-argentina-paga\/#article\",\"isPartOf\":{\"@id\":\"https:\/\/www.pressenza.com\/es\/2014\/06\/cristina-fernandez-de-kirchner-publico-en-twitter-un-comunicado-oficial-bajo-el-titulo-argentina-paga\/\"},\"author\":{\"name\":\"Uni\u00f3n Latinoamericana de Agencias de Noticias\",\"@id\":\"https:\/\/www.pressenza.com\/es\/#\/schema\/person\/a9efe8d7b19eb4689fcbcb71bc21dba6\"},\"headline\":\"Cristina Fern\u00e1ndez de Kirchner public\u00f3 en twitter un comunicado oficial bajo el t\u00edtulo \u201cArgentina paga\u201d\",\"datePublished\":\"2014-06-27T17:43:03+00:00\",\"mainEntityOfPage\":{\"@id\":\"https:\/\/www.pressenza.com\/es\/2014\/06\/cristina-fernandez-de-kirchner-publico-en-twitter-un-comunicado-oficial-bajo-el-titulo-argentina-paga\/\"},\"wordCount\":607,\"publisher\":{\"@id\":\"https:\/\/www.pressenza.com\/es\/#organization\"},\"image\":{\"@id\":\"https:\/\/www.pressenza.com\/es\/2014\/06\/cristina-fernandez-de-kirchner-publico-en-twitter-un-comunicado-oficial-bajo-el-titulo-argentina-paga\/#primaryimage\"},\"thumbnailUrl\":\"https:\/\/www.pressenza.com\/wp-content\/uploads\/2014\/06\/fondos_buitre_argentina.jpg\",\"keywords\":[\"Argentina\",\"Cristina Fernandez de Kirchner\",\"fondos buitres\"],\"articleSection\":[\"Econom\u00eda\",\"Sudam\u00e9rica\"],\"inLanguage\":\"es\"},{\"@type\":\"WebPage\",\"@id\":\"https:\/\/www.pressenza.com\/es\/2014\/06\/cristina-fernandez-de-kirchner-publico-en-twitter-un-comunicado-oficial-bajo-el-titulo-argentina-paga\/\",\"url\":\"https:\/\/www.pressenza.com\/es\/2014\/06\/cristina-fernandez-de-kirchner-publico-en-twitter-un-comunicado-oficial-bajo-el-titulo-argentina-paga\/\",\"name\":\"Cristina Fern\u00e1ndez de Kirchner public\u00f3 en twitter un comunicado oficial bajo el t\u00edtulo \u201cArgentina paga\u201d\",\"isPartOf\":{\"@id\":\"https:\/\/www.pressenza.com\/es\/#website\"},\"primaryImageOfPage\":{\"@id\":\"https:\/\/www.pressenza.com\/es\/2014\/06\/cristina-fernandez-de-kirchner-publico-en-twitter-un-comunicado-oficial-bajo-el-titulo-argentina-paga\/#primaryimage\"},\"image\":{\"@id\":\"https:\/\/www.pressenza.com\/es\/2014\/06\/cristina-fernandez-de-kirchner-publico-en-twitter-un-comunicado-oficial-bajo-el-titulo-argentina-paga\/#primaryimage\"},\"thumbnailUrl\":\"https:\/\/www.pressenza.com\/wp-content\/uploads\/2014\/06\/fondos_buitre_argentina.jpg\",\"datePublished\":\"2014-06-27T17:43:03+00:00\",\"description\":\"La presidenta Cristina Fern\u00e1ndez de Kirchner public\u00f3 en la red social el comunicado oficial con ese t\u00edtulo, el d\u00eda en que el gobierno deposit\u00f3 m\u00e1s de\",\"breadcrumb\":{\"@id\":\"https:\/\/www.pressenza.com\/es\/2014\/06\/cristina-fernandez-de-kirchner-publico-en-twitter-un-comunicado-oficial-bajo-el-titulo-argentina-paga\/#breadcrumb\"},\"inLanguage\":\"es\",\"potentialAction\":[{\"@type\":\"ReadAction\",\"target\":[\"https:\/\/www.pressenza.com\/es\/2014\/06\/cristina-fernandez-de-kirchner-publico-en-twitter-un-comunicado-oficial-bajo-el-titulo-argentina-paga\/\"]}]},{\"@type\":\"ImageObject\",\"inLanguage\":\"es\",\"@id\":\"https:\/\/www.pressenza.com\/es\/2014\/06\/cristina-fernandez-de-kirchner-publico-en-twitter-un-comunicado-oficial-bajo-el-titulo-argentina-paga\/#primaryimage\",\"url\":\"https:\/\/www.pressenza.com\/wp-content\/uploads\/2014\/06\/fondos_buitre_argentina.jpg\",\"contentUrl\":\"https:\/\/www.pressenza.com\/wp-content\/uploads\/2014\/06\/fondos_buitre_argentina.jpg\",\"width\":242,\"height\":320},{\"@type\":\"BreadcrumbList\",\"@id\":\"https:\/\/www.pressenza.com\/es\/2014\/06\/cristina-fernandez-de-kirchner-publico-en-twitter-un-comunicado-oficial-bajo-el-titulo-argentina-paga\/#breadcrumb\",\"itemListElement\":[{\"@type\":\"ListItem\",\"position\":1,\"name\":\"Accueil\",\"item\":\"https:\/\/www.pressenza.com\/es\/\"},{\"@type\":\"ListItem\",\"position\":2,\"name\":\"Cristina Fern\u00e1ndez de Kirchner public\u00f3 en twitter un comunicado oficial bajo el t\u00edtulo \u201cArgentina paga\u201d\"}]},{\"@type\":\"WebSite\",\"@id\":\"https:\/\/www.pressenza.com\/es\/#website\",\"url\":\"https:\/\/www.pressenza.com\/es\/\",\"name\":\"Pressenza\",\"description\":\"International Press Agency\",\"publisher\":{\"@id\":\"https:\/\/www.pressenza.com\/es\/#organization\"},\"potentialAction\":[{\"@type\":\"SearchAction\",\"target\":{\"@type\":\"EntryPoint\",\"urlTemplate\":\"https:\/\/www.pressenza.com\/es\/?s={search_term_string}\"},\"query-input\":{\"@type\":\"PropertyValueSpecification\",\"valueRequired\":true,\"valueName\":\"search_term_string\"}}],\"inLanguage\":\"es\"},{\"@type\":\"Organization\",\"@id\":\"https:\/\/www.pressenza.com\/es\/#organization\",\"name\":\"Pressenza\",\"url\":\"https:\/\/www.pressenza.com\/es\/\",\"logo\":{\"@type\":\"ImageObject\",\"inLanguage\":\"es\",\"@id\":\"https:\/\/www.pressenza.com\/es\/#\/schema\/logo\/image\/\",\"url\":\"https:\/\/www.pressenza.com\/wp-content\/uploads\/2022\/10\/pressenza_logo_200x200.jpg\",\"contentUrl\":\"https:\/\/www.pressenza.com\/wp-content\/uploads\/2022\/10\/pressenza_logo_200x200.jpg\",\"width\":200,\"height\":200,\"caption\":\"Pressenza\"},\"image\":{\"@id\":\"https:\/\/www.pressenza.com\/es\/#\/schema\/logo\/image\/\"},\"sameAs\":[\"https:\/\/www.facebook.com\/PressenzaItalia\",\"https:\/\/x.com\/PressenzaIPA\"]},{\"@type\":\"Person\",\"@id\":\"https:\/\/www.pressenza.com\/es\/#\/schema\/person\/a9efe8d7b19eb4689fcbcb71bc21dba6\",\"name\":\"Uni\u00f3n Latinoamericana de Agencias de Noticias\",\"description\":\"Una asociaci\u00f3n supranacional que re\u00fane a las agencias de noticias de Am\u00e9rica Latina y el Caribe. agenciasulan.org\",\"sameAs\":[\"https:\/\/www.facebook.com\/AgenciasUlan\",\"https:\/\/x.com\/agenciasulan\"],\"url\":\"https:\/\/www.pressenza.com\/es\/author\/union-latinoamericana-de-agencias-de-noticias\/\"}]}<\/script>\n<!-- \/ Yoast SEO plugin. -->","yoast_head_json":{"title":"Cristina Fern\u00e1ndez de Kirchner public\u00f3 en twitter un comunicado oficial bajo el t\u00edtulo \u201cArgentina paga\u201d","description":"La presidenta Cristina Fern\u00e1ndez de Kirchner public\u00f3 en la red social el comunicado oficial con ese t\u00edtulo, el d\u00eda en que el gobierno deposit\u00f3 m\u00e1s de","robots":{"index":"index","follow":"follow","max-snippet":"max-snippet:-1","max-image-preview":"max-image-preview:large","max-video-preview":"max-video-preview:-1"},"canonical":"https:\/\/www.pressenza.com\/es\/2014\/06\/cristina-fernandez-de-kirchner-publico-en-twitter-un-comunicado-oficial-bajo-el-titulo-argentina-paga\/","og_locale":"es_ES","og_type":"article","og_title":"Cristina Fern\u00e1ndez de Kirchner public\u00f3 en twitter un comunicado oficial bajo el t\u00edtulo \u201cArgentina paga\u201d","og_description":"La presidenta Cristina Fern\u00e1ndez de Kirchner public\u00f3 en la red social el comunicado oficial con ese t\u00edtulo, el d\u00eda en que el gobierno deposit\u00f3 m\u00e1s de","og_url":"https:\/\/www.pressenza.com\/es\/2014\/06\/cristina-fernandez-de-kirchner-publico-en-twitter-un-comunicado-oficial-bajo-el-titulo-argentina-paga\/","og_site_name":"Pressenza","article_publisher":"https:\/\/www.facebook.com\/PressenzaItalia","article_author":"https:\/\/www.facebook.com\/AgenciasUlan","article_published_time":"2014-06-27T17:43:03+00:00","og_image":[{"width":242,"height":320,"url":"https:\/\/www.pressenza.com\/wp-content\/uploads\/2014\/06\/fondos_buitre_argentina.jpg","type":"image\/jpeg"}],"author":"Uni\u00f3n Latinoamericana de Agencias de Noticias","twitter_card":"summary_large_image","twitter_creator":"@agenciasulan","twitter_site":"@PressenzaIPA","twitter_misc":{"Escrito por":"Uni\u00f3n Latinoamericana de Agencias de Noticias","Tiempo de lectura":"3 minutos"},"schema":{"@context":"https:\/\/schema.org","@graph":[{"@type":"Article","@id":"https:\/\/www.pressenza.com\/es\/2014\/06\/cristina-fernandez-de-kirchner-publico-en-twitter-un-comunicado-oficial-bajo-el-titulo-argentina-paga\/#article","isPartOf":{"@id":"https:\/\/www.pressenza.com\/es\/2014\/06\/cristina-fernandez-de-kirchner-publico-en-twitter-un-comunicado-oficial-bajo-el-titulo-argentina-paga\/"},"author":{"name":"Uni\u00f3n Latinoamericana de Agencias de Noticias","@id":"https:\/\/www.pressenza.com\/es\/#\/schema\/person\/a9efe8d7b19eb4689fcbcb71bc21dba6"},"headline":"Cristina Fern\u00e1ndez de Kirchner public\u00f3 en twitter un comunicado oficial bajo el t\u00edtulo \u201cArgentina paga\u201d","datePublished":"2014-06-27T17:43:03+00:00","mainEntityOfPage":{"@id":"https:\/\/www.pressenza.com\/es\/2014\/06\/cristina-fernandez-de-kirchner-publico-en-twitter-un-comunicado-oficial-bajo-el-titulo-argentina-paga\/"},"wordCount":607,"publisher":{"@id":"https:\/\/www.pressenza.com\/es\/#organization"},"image":{"@id":"https:\/\/www.pressenza.com\/es\/2014\/06\/cristina-fernandez-de-kirchner-publico-en-twitter-un-comunicado-oficial-bajo-el-titulo-argentina-paga\/#primaryimage"},"thumbnailUrl":"https:\/\/www.pressenza.com\/wp-content\/uploads\/2014\/06\/fondos_buitre_argentina.jpg","keywords":["Argentina","Cristina Fernandez de Kirchner","fondos buitres"],"articleSection":["Econom\u00eda","Sudam\u00e9rica"],"inLanguage":"es"},{"@type":"WebPage","@id":"https:\/\/www.pressenza.com\/es\/2014\/06\/cristina-fernandez-de-kirchner-publico-en-twitter-un-comunicado-oficial-bajo-el-titulo-argentina-paga\/","url":"https:\/\/www.pressenza.com\/es\/2014\/06\/cristina-fernandez-de-kirchner-publico-en-twitter-un-comunicado-oficial-bajo-el-titulo-argentina-paga\/","name":"Cristina Fern\u00e1ndez de Kirchner public\u00f3 en twitter un comunicado oficial bajo el t\u00edtulo \u201cArgentina paga\u201d","isPartOf":{"@id":"https:\/\/www.pressenza.com\/es\/#website"},"primaryImageOfPage":{"@id":"https:\/\/www.pressenza.com\/es\/2014\/06\/cristina-fernandez-de-kirchner-publico-en-twitter-un-comunicado-oficial-bajo-el-titulo-argentina-paga\/#primaryimage"},"image":{"@id":"https:\/\/www.pressenza.com\/es\/2014\/06\/cristina-fernandez-de-kirchner-publico-en-twitter-un-comunicado-oficial-bajo-el-titulo-argentina-paga\/#primaryimage"},"thumbnailUrl":"https:\/\/www.pressenza.com\/wp-content\/uploads\/2014\/06\/fondos_buitre_argentina.jpg","datePublished":"2014-06-27T17:43:03+00:00","description":"La presidenta Cristina Fern\u00e1ndez de Kirchner public\u00f3 en la red social el comunicado oficial con ese t\u00edtulo, el d\u00eda en que el gobierno deposit\u00f3 m\u00e1s de","breadcrumb":{"@id":"https:\/\/www.pressenza.com\/es\/2014\/06\/cristina-fernandez-de-kirchner-publico-en-twitter-un-comunicado-oficial-bajo-el-titulo-argentina-paga\/#breadcrumb"},"inLanguage":"es","potentialAction":[{"@type":"ReadAction","target":["https:\/\/www.pressenza.com\/es\/2014\/06\/cristina-fernandez-de-kirchner-publico-en-twitter-un-comunicado-oficial-bajo-el-titulo-argentina-paga\/"]}]},{"@type":"ImageObject","inLanguage":"es","@id":"https:\/\/www.pressenza.com\/es\/2014\/06\/cristina-fernandez-de-kirchner-publico-en-twitter-un-comunicado-oficial-bajo-el-titulo-argentina-paga\/#primaryimage","url":"https:\/\/www.pressenza.com\/wp-content\/uploads\/2014\/06\/fondos_buitre_argentina.jpg","contentUrl":"https:\/\/www.pressenza.com\/wp-content\/uploads\/2014\/06\/fondos_buitre_argentina.jpg","width":242,"height":320},{"@type":"BreadcrumbList","@id":"https:\/\/www.pressenza.com\/es\/2014\/06\/cristina-fernandez-de-kirchner-publico-en-twitter-un-comunicado-oficial-bajo-el-titulo-argentina-paga\/#breadcrumb","itemListElement":[{"@type":"ListItem","position":1,"name":"Accueil","item":"https:\/\/www.pressenza.com\/es\/"},{"@type":"ListItem","position":2,"name":"Cristina Fern\u00e1ndez de Kirchner public\u00f3 en twitter un comunicado oficial bajo el t\u00edtulo \u201cArgentina paga\u201d"}]},{"@type":"WebSite","@id":"https:\/\/www.pressenza.com\/es\/#website","url":"https:\/\/www.pressenza.com\/es\/","name":"Pressenza","description":"International Press Agency","publisher":{"@id":"https:\/\/www.pressenza.com\/es\/#organization"},"potentialAction":[{"@type":"SearchAction","target":{"@type":"EntryPoint","urlTemplate":"https:\/\/www.pressenza.com\/es\/?s={search_term_string}"},"query-input":{"@type":"PropertyValueSpecification","valueRequired":true,"valueName":"search_term_string"}}],"inLanguage":"es"},{"@type":"Organization","@id":"https:\/\/www.pressenza.com\/es\/#organization","name":"Pressenza","url":"https:\/\/www.pressenza.com\/es\/","logo":{"@type":"ImageObject","inLanguage":"es","@id":"https:\/\/www.pressenza.com\/es\/#\/schema\/logo\/image\/","url":"https:\/\/www.pressenza.com\/wp-content\/uploads\/2022\/10\/pressenza_logo_200x200.jpg","contentUrl":"https:\/\/www.pressenza.com\/wp-content\/uploads\/2022\/10\/pressenza_logo_200x200.jpg","width":200,"height":200,"caption":"Pressenza"},"image":{"@id":"https:\/\/www.pressenza.com\/es\/#\/schema\/logo\/image\/"},"sameAs":["https:\/\/www.facebook.com\/PressenzaItalia","https:\/\/x.com\/PressenzaIPA"]},{"@type":"Person","@id":"https:\/\/www.pressenza.com\/es\/#\/schema\/person\/a9efe8d7b19eb4689fcbcb71bc21dba6","name":"Uni\u00f3n Latinoamericana de Agencias de Noticias","description":"Una asociaci\u00f3n supranacional que re\u00fane a las agencias de noticias de Am\u00e9rica Latina y el Caribe. agenciasulan.org","sameAs":["https:\/\/www.facebook.com\/AgenciasUlan","https:\/\/x.com\/agenciasulan"],"url":"https:\/\/www.pressenza.com\/es\/author\/union-latinoamericana-de-agencias-de-noticias\/"}]}},"place":"","original_article_url":"","_links":{"self":[{"href":"https:\/\/www.pressenza.com\/es\/wp-json\/wp\/v2\/posts\/115994","targetHints":{"allow":["GET"]}}],"collection":[{"href":"https:\/\/www.pressenza.com\/es\/wp-json\/wp\/v2\/posts"}],"about":[{"href":"https:\/\/www.pressenza.com\/es\/wp-json\/wp\/v2\/types\/post"}],"author":[{"embeddable":true,"href":"https:\/\/www.pressenza.com\/es\/wp-json\/wp\/v2\/users\/640"}],"replies":[{"embeddable":true,"href":"https:\/\/www.pressenza.com\/es\/wp-json\/wp\/v2\/comments?post=115994"}],"version-history":[{"count":0,"href":"https:\/\/www.pressenza.com\/es\/wp-json\/wp\/v2\/posts\/115994\/revisions"}],"wp:featuredmedia":[{"embeddable":true,"href":"https:\/\/www.pressenza.com\/es\/wp-json\/wp\/v2\/media\/114996"}],"wp:attachment":[{"href":"https:\/\/www.pressenza.com\/es\/wp-json\/wp\/v2\/media?parent=115994"}],"wp:term":[{"taxonomy":"category","embeddable":true,"href":"https:\/\/www.pressenza.com\/es\/wp-json\/wp\/v2\/categories?post=115994"},{"taxonomy":"post_tag","embeddable":true,"href":"https:\/\/www.pressenza.com\/es\/wp-json\/wp\/v2\/tags?post=115994"}],"curies":[{"name":"wp","href":"https:\/\/api.w.org\/{rel}","templated":true}]}}