{"id":1159506,"date":"2020-07-15T12:23:16","date_gmt":"2020-07-15T11:23:16","guid":{"rendered":"https:\/\/www.pressenza.com\/?p=1159506"},"modified":"2020-07-15T12:23:16","modified_gmt":"2020-07-15T11:23:16","slug":"frente-a-la-nueva-normalidad-ficnova-2020","status":"publish","type":"post","link":"https:\/\/www.pressenza.com\/es\/2020\/07\/frente-a-la-nueva-normalidad-ficnova-2020\/","title":{"rendered":"Frente a la \u00abnueva normalidad\u00bb FICNOVA 2020"},"content":{"rendered":"<p><strong>FICNOVA<\/strong>, es un frente de acci\u00f3n humanista que promueve el <strong>Festival Internacional de Cine de la No-Violencia Activa<\/strong>, y propone para el pr\u00f3ximo s\u00e1bado 18 de julio, un intercambio sobre la necesidad de planificar acciones Humanistas y No-Violentas para el momento actual.<\/p>\n<p>Frente a la crisis mundial y a la intenci\u00f3n de este sistema que pide resignarse a una \u00abnueva normalidad\u00bb, que a pesar del sufrimiento de millones de personas quiere someter y subyugar a los seres humanos a los \u00abpoderes supremos\u00bb de los intereses econ\u00f3micos ante lo que poco podemos hacer\u2026 nos encontramos en una encrucijada con dos direcciones posibles.<\/p>\n<ul>\n<li>Una direcci\u00f3n negativa que, aferrada al temor, nos encierra en el individualismo insensible al sufrimiento humano, nos empuja a la competencia feroz, a la violencia, a la discriminaci\u00f3n, a la b\u00fasqueda de culpables y a un futuro resignado, impotente o complaciente, de quien agota su energ\u00eda en ocuparse de \u00absus problemas personales\u00bb, en el cuidado de sus bienes o ventajas\u2026<\/li>\n<li>Y una <strong>direcci\u00f3n positiva<\/strong>, de los seres humanos que se descubren a s\u00ed mismos con una sensibilidad que los acerca a los dem\u00e1s en todo el mundo, que los lleva <strong>a aprender, a comprenderse<\/strong>, a cuidarse, a aborrecer la violencia y la discriminaci\u00f3n, considerando que a estas alturas del viaje nada est\u00e1 por encima del ser humano y ning\u00fan ser humano est\u00e1 por encima de otro.<\/li>\n<\/ul>\n<p><strong>Creemos que es necesario contar con espacios permanentes de intercambio<\/strong> que trabajen en la direcci\u00f3n positiva, alimentando nuestra energ\u00eda consciente. Sentimos la necesidad de conectarnos y fortalecer los espacios de la no violencia con tal fuerza interior que pueda mover los corazones, las nuevas formas de querer vivir y las estructuras sociales.<\/p>\n<p>El <strong>pr\u00f3ximo s\u00e1bado 18 de julio celebraremos una reuni\u00f3n internacional a trav\u00e9s de Zoom.<\/strong> Tras la presentaci\u00f3n, proyectaremos un inspirador cortometraje, el documental \u00abRitmos de la Coma\u00bb, que puede ayudarnos a resonar para luego hacer un intercambio en grupos que puede concluir en un material conjunto que publicaremos en la web.<\/p>\n<p>Este evento no ser\u00e1 exclusivo, sino que peri\u00f3dicamente seguiremos con otros encuentros, coordinados desde diferentes ciudades-sede de <strong>FICNOVA<\/strong>, al tiempo que publicaremos los espacios de trabajo personal y social que se est\u00e9n poniendo en marcha desde el Nuevo Humanismo, en los que podr\u00e1 participar cualquier persona, siempre con consideraci\u00f3n y buen trato.<\/p>\n<p>En estos momentos dif\u00edciles, <strong>alentamos la uni\u00f3n de todos los humanistas del mundo<\/strong> para construir finalmente la naci\u00f3n humana universal que alumbra en el coraz\u00f3n humano.<\/p>\n<h4>Reuni\u00f3n de Zoom: el s\u00e1bado 18 de julio, a la siguiente hora por pa\u00eds:<\/h4>\n<p>Ecuador &#8211; M\u00e9xico &#8211; Per\u00fa: 13:00 &#8211; 15:00<br \/>\nBolivia &#8211; Chile &#8211; Venezuela: 14:00 &#8211; 16:00<br \/>\nArgentina &#8211; Brasil: 15:00 &#8211; 17:00<br \/>\nEspa\u00f1a: 20:00 &#8211; 22:00<\/p>\n<p><strong>Preinscripci\u00f3n:<\/strong> <a href=\"https:\/\/forms.gle\/YbqbamMWCFC8RRCP8\" target=\"_blank\" rel=\"noopener noreferrer\">https:\/\/forms.gle\/YbqbamMWCFC8RRCP8<\/a><\/p>\n<p><strong>M\u00e1s informaci\u00f3n:<\/strong> <a href=\"http:\/\/www.ficnova.org\" target=\"_blank\" rel=\"noopener noreferrer\">www.ficnova.org<\/a><\/p>\n","protected":false},"excerpt":{"rendered":"<p>FICNOVA, es un frente de acci\u00f3n humanista que promueve el Festival Internacional de Cine de la No-Violencia Activa, y propone para el pr\u00f3ximo s\u00e1bado 18 de julio, un intercambio sobre la necesidad de planificar acciones Humanistas y No-Violentas para el&hellip;<\/p>\n","protected":false},"author":1681,"featured_media":1159508,"comment_status":"closed","ping_status":"closed","sticky":false,"template":"","format":"standard","meta":{"footnotes":""},"categories":[11389,75,39,1242],"tags":[3305,54644,11768,26299,383],"class_list":["post-1159506","post","type-post","status-publish","format-standard","has-post-thumbnail","hentry","category-contenido-original","category-cultura-es","category-internacional","category-noviolencia-tema","tag-cine","tag-festival-es-2","tag-ficnova","tag-no-violencia","tag-noviolencia"],"yoast_head":"<!-- This site is optimized with the Yoast SEO plugin v27.1.1 - https:\/\/yoast.com\/product\/yoast-seo-wordpress\/ -->\n<title>Frente a la &quot;nueva normalidad&quot; FICNOVA 2020<\/title>\n<meta name=\"description\" content=\"FICNOVA, es un frente de acci\u00f3n humanista que promueve el Festival Internacional de Cine de la No-Violencia Activa, y propone para el pr\u00f3ximo s\u00e1bado 18 de\" \/>\n<meta name=\"robots\" content=\"index, follow, max-snippet:-1, max-image-preview:large, max-video-preview:-1\" \/>\n<link rel=\"canonical\" href=\"https:\/\/www.pressenza.com\/es\/2020\/07\/frente-a-la-nueva-normalidad-ficnova-2020\/\" \/>\n<meta property=\"og:locale\" content=\"es_ES\" \/>\n<meta property=\"og:type\" content=\"article\" \/>\n<meta property=\"og:title\" content=\"Frente a la &quot;nueva normalidad&quot; FICNOVA 2020\" \/>\n<meta property=\"og:description\" content=\"FICNOVA, es un frente de acci\u00f3n humanista que promueve el Festival Internacional de Cine de la No-Violencia Activa, y propone para el pr\u00f3ximo s\u00e1bado 18 de\" \/>\n<meta property=\"og:url\" content=\"https:\/\/www.pressenza.com\/es\/2020\/07\/frente-a-la-nueva-normalidad-ficnova-2020\/\" \/>\n<meta property=\"og:site_name\" content=\"Pressenza\" \/>\n<meta property=\"article:publisher\" content=\"https:\/\/www.facebook.com\/PressenzaItalia\" \/>\n<meta property=\"article:published_time\" content=\"2020-07-15T11:23:16+00:00\" \/>\n<meta property=\"og:image\" content=\"https:\/\/www.pressenza.com\/wp-content\/uploads\/2020\/07\/ficnova-notinha.jpg\" \/>\n\t<meta property=\"og:image:width\" content=\"1024\" \/>\n\t<meta property=\"og:image:height\" content=\"576\" \/>\n\t<meta property=\"og:image:type\" content=\"image\/jpeg\" \/>\n<meta name=\"author\" content=\"Redacci\u00f3n Espa\u00f1a\" \/>\n<meta name=\"twitter:card\" content=\"summary_large_image\" \/>\n<meta name=\"twitter:creator\" content=\"@PressenzaIPA\" \/>\n<meta name=\"twitter:site\" content=\"@PressenzaIPA\" \/>\n<meta name=\"twitter:label1\" content=\"Escrito por\" \/>\n\t<meta name=\"twitter:data1\" content=\"Redacci\u00f3n Espa\u00f1a\" \/>\n\t<meta name=\"twitter:label2\" content=\"Tiempo de lectura\" \/>\n\t<meta name=\"twitter:data2\" content=\"2 minutos\" \/>\n<script type=\"application\/ld+json\" class=\"yoast-schema-graph\">{\"@context\":\"https:\/\/schema.org\",\"@graph\":[{\"@type\":\"Article\",\"@id\":\"https:\/\/www.pressenza.com\/es\/2020\/07\/frente-a-la-nueva-normalidad-ficnova-2020\/#article\",\"isPartOf\":{\"@id\":\"https:\/\/www.pressenza.com\/es\/2020\/07\/frente-a-la-nueva-normalidad-ficnova-2020\/\"},\"author\":{\"name\":\"Redacci\u00f3n Espa\u00f1a\",\"@id\":\"https:\/\/www.pressenza.com\/es\/#\/schema\/person\/fffbbe2f14495897417f313a954dae23\"},\"headline\":\"Frente a la \u00abnueva normalidad\u00bb FICNOVA 2020\",\"datePublished\":\"2020-07-15T11:23:16+00:00\",\"mainEntityOfPage\":{\"@id\":\"https:\/\/www.pressenza.com\/es\/2020\/07\/frente-a-la-nueva-normalidad-ficnova-2020\/\"},\"wordCount\":489,\"publisher\":{\"@id\":\"https:\/\/www.pressenza.com\/es\/#organization\"},\"image\":{\"@id\":\"https:\/\/www.pressenza.com\/es\/2020\/07\/frente-a-la-nueva-normalidad-ficnova-2020\/#primaryimage\"},\"thumbnailUrl\":\"https:\/\/www.pressenza.com\/wp-content\/uploads\/2020\/07\/ficnova-notinha.jpg\",\"keywords\":[\"cine\",\"festival\",\"FICNOVA\",\"No violencia\",\"Noviolencia\"],\"articleSection\":[\"Contenido Original\",\"Cultura y Medios\",\"Internacional\",\"Noviolencia\"],\"inLanguage\":\"es\"},{\"@type\":\"WebPage\",\"@id\":\"https:\/\/www.pressenza.com\/es\/2020\/07\/frente-a-la-nueva-normalidad-ficnova-2020\/\",\"url\":\"https:\/\/www.pressenza.com\/es\/2020\/07\/frente-a-la-nueva-normalidad-ficnova-2020\/\",\"name\":\"Frente a la \\\"nueva normalidad\\\" FICNOVA 2020\",\"isPartOf\":{\"@id\":\"https:\/\/www.pressenza.com\/es\/#website\"},\"primaryImageOfPage\":{\"@id\":\"https:\/\/www.pressenza.com\/es\/2020\/07\/frente-a-la-nueva-normalidad-ficnova-2020\/#primaryimage\"},\"image\":{\"@id\":\"https:\/\/www.pressenza.com\/es\/2020\/07\/frente-a-la-nueva-normalidad-ficnova-2020\/#primaryimage\"},\"thumbnailUrl\":\"https:\/\/www.pressenza.com\/wp-content\/uploads\/2020\/07\/ficnova-notinha.jpg\",\"datePublished\":\"2020-07-15T11:23:16+00:00\",\"description\":\"FICNOVA, es un frente de acci\u00f3n humanista que promueve el Festival Internacional de Cine de la No-Violencia Activa, y propone para el pr\u00f3ximo s\u00e1bado 18 de\",\"breadcrumb\":{\"@id\":\"https:\/\/www.pressenza.com\/es\/2020\/07\/frente-a-la-nueva-normalidad-ficnova-2020\/#breadcrumb\"},\"inLanguage\":\"es\",\"potentialAction\":[{\"@type\":\"ReadAction\",\"target\":[\"https:\/\/www.pressenza.com\/es\/2020\/07\/frente-a-la-nueva-normalidad-ficnova-2020\/\"]}]},{\"@type\":\"ImageObject\",\"inLanguage\":\"es\",\"@id\":\"https:\/\/www.pressenza.com\/es\/2020\/07\/frente-a-la-nueva-normalidad-ficnova-2020\/#primaryimage\",\"url\":\"https:\/\/www.pressenza.com\/wp-content\/uploads\/2020\/07\/ficnova-notinha.jpg\",\"contentUrl\":\"https:\/\/www.pressenza.com\/wp-content\/uploads\/2020\/07\/ficnova-notinha.jpg\",\"width\":1024,\"height\":576},{\"@type\":\"BreadcrumbList\",\"@id\":\"https:\/\/www.pressenza.com\/es\/2020\/07\/frente-a-la-nueva-normalidad-ficnova-2020\/#breadcrumb\",\"itemListElement\":[{\"@type\":\"ListItem\",\"position\":1,\"name\":\"Accueil\",\"item\":\"https:\/\/www.pressenza.com\/es\/\"},{\"@type\":\"ListItem\",\"position\":2,\"name\":\"Frente a la \u00abnueva normalidad\u00bb FICNOVA 2020\"}]},{\"@type\":\"WebSite\",\"@id\":\"https:\/\/www.pressenza.com\/es\/#website\",\"url\":\"https:\/\/www.pressenza.com\/es\/\",\"name\":\"Pressenza\",\"description\":\"International Press Agency\",\"publisher\":{\"@id\":\"https:\/\/www.pressenza.com\/es\/#organization\"},\"potentialAction\":[{\"@type\":\"SearchAction\",\"target\":{\"@type\":\"EntryPoint\",\"urlTemplate\":\"https:\/\/www.pressenza.com\/es\/?s={search_term_string}\"},\"query-input\":{\"@type\":\"PropertyValueSpecification\",\"valueRequired\":true,\"valueName\":\"search_term_string\"}}],\"inLanguage\":\"es\"},{\"@type\":\"Organization\",\"@id\":\"https:\/\/www.pressenza.com\/es\/#organization\",\"name\":\"Pressenza\",\"url\":\"https:\/\/www.pressenza.com\/es\/\",\"logo\":{\"@type\":\"ImageObject\",\"inLanguage\":\"es\",\"@id\":\"https:\/\/www.pressenza.com\/es\/#\/schema\/logo\/image\/\",\"url\":\"https:\/\/www.pressenza.com\/wp-content\/uploads\/2022\/10\/pressenza_logo_200x200.jpg\",\"contentUrl\":\"https:\/\/www.pressenza.com\/wp-content\/uploads\/2022\/10\/pressenza_logo_200x200.jpg\",\"width\":200,\"height\":200,\"caption\":\"Pressenza\"},\"image\":{\"@id\":\"https:\/\/www.pressenza.com\/es\/#\/schema\/logo\/image\/\"},\"sameAs\":[\"https:\/\/www.facebook.com\/PressenzaItalia\",\"https:\/\/x.com\/PressenzaIPA\"]},{\"@type\":\"Person\",\"@id\":\"https:\/\/www.pressenza.com\/es\/#\/schema\/person\/fffbbe2f14495897417f313a954dae23\",\"name\":\"Redacci\u00f3n Espa\u00f1a\",\"url\":\"https:\/\/www.pressenza.com\/es\/author\/redaccion-espana\/\"}]}<\/script>\n<!-- \/ Yoast SEO plugin. -->","yoast_head_json":{"title":"Frente a la \"nueva normalidad\" FICNOVA 2020","description":"FICNOVA, es un frente de acci\u00f3n humanista que promueve el Festival Internacional de Cine de la No-Violencia Activa, y propone para el pr\u00f3ximo s\u00e1bado 18 de","robots":{"index":"index","follow":"follow","max-snippet":"max-snippet:-1","max-image-preview":"max-image-preview:large","max-video-preview":"max-video-preview:-1"},"canonical":"https:\/\/www.pressenza.com\/es\/2020\/07\/frente-a-la-nueva-normalidad-ficnova-2020\/","og_locale":"es_ES","og_type":"article","og_title":"Frente a la \"nueva normalidad\" FICNOVA 2020","og_description":"FICNOVA, es un frente de acci\u00f3n humanista que promueve el Festival Internacional de Cine de la No-Violencia Activa, y propone para el pr\u00f3ximo s\u00e1bado 18 de","og_url":"https:\/\/www.pressenza.com\/es\/2020\/07\/frente-a-la-nueva-normalidad-ficnova-2020\/","og_site_name":"Pressenza","article_publisher":"https:\/\/www.facebook.com\/PressenzaItalia","article_published_time":"2020-07-15T11:23:16+00:00","og_image":[{"width":1024,"height":576,"url":"https:\/\/www.pressenza.com\/wp-content\/uploads\/2020\/07\/ficnova-notinha.jpg","type":"image\/jpeg"}],"author":"Redacci\u00f3n Espa\u00f1a","twitter_card":"summary_large_image","twitter_creator":"@PressenzaIPA","twitter_site":"@PressenzaIPA","twitter_misc":{"Escrito por":"Redacci\u00f3n Espa\u00f1a","Tiempo de lectura":"2 minutos"},"schema":{"@context":"https:\/\/schema.org","@graph":[{"@type":"Article","@id":"https:\/\/www.pressenza.com\/es\/2020\/07\/frente-a-la-nueva-normalidad-ficnova-2020\/#article","isPartOf":{"@id":"https:\/\/www.pressenza.com\/es\/2020\/07\/frente-a-la-nueva-normalidad-ficnova-2020\/"},"author":{"name":"Redacci\u00f3n Espa\u00f1a","@id":"https:\/\/www.pressenza.com\/es\/#\/schema\/person\/fffbbe2f14495897417f313a954dae23"},"headline":"Frente a la \u00abnueva normalidad\u00bb FICNOVA 2020","datePublished":"2020-07-15T11:23:16+00:00","mainEntityOfPage":{"@id":"https:\/\/www.pressenza.com\/es\/2020\/07\/frente-a-la-nueva-normalidad-ficnova-2020\/"},"wordCount":489,"publisher":{"@id":"https:\/\/www.pressenza.com\/es\/#organization"},"image":{"@id":"https:\/\/www.pressenza.com\/es\/2020\/07\/frente-a-la-nueva-normalidad-ficnova-2020\/#primaryimage"},"thumbnailUrl":"https:\/\/www.pressenza.com\/wp-content\/uploads\/2020\/07\/ficnova-notinha.jpg","keywords":["cine","festival","FICNOVA","No violencia","Noviolencia"],"articleSection":["Contenido Original","Cultura y Medios","Internacional","Noviolencia"],"inLanguage":"es"},{"@type":"WebPage","@id":"https:\/\/www.pressenza.com\/es\/2020\/07\/frente-a-la-nueva-normalidad-ficnova-2020\/","url":"https:\/\/www.pressenza.com\/es\/2020\/07\/frente-a-la-nueva-normalidad-ficnova-2020\/","name":"Frente a la \"nueva normalidad\" FICNOVA 2020","isPartOf":{"@id":"https:\/\/www.pressenza.com\/es\/#website"},"primaryImageOfPage":{"@id":"https:\/\/www.pressenza.com\/es\/2020\/07\/frente-a-la-nueva-normalidad-ficnova-2020\/#primaryimage"},"image":{"@id":"https:\/\/www.pressenza.com\/es\/2020\/07\/frente-a-la-nueva-normalidad-ficnova-2020\/#primaryimage"},"thumbnailUrl":"https:\/\/www.pressenza.com\/wp-content\/uploads\/2020\/07\/ficnova-notinha.jpg","datePublished":"2020-07-15T11:23:16+00:00","description":"FICNOVA, es un frente de acci\u00f3n humanista que promueve el Festival Internacional de Cine de la No-Violencia Activa, y propone para el pr\u00f3ximo s\u00e1bado 18 de","breadcrumb":{"@id":"https:\/\/www.pressenza.com\/es\/2020\/07\/frente-a-la-nueva-normalidad-ficnova-2020\/#breadcrumb"},"inLanguage":"es","potentialAction":[{"@type":"ReadAction","target":["https:\/\/www.pressenza.com\/es\/2020\/07\/frente-a-la-nueva-normalidad-ficnova-2020\/"]}]},{"@type":"ImageObject","inLanguage":"es","@id":"https:\/\/www.pressenza.com\/es\/2020\/07\/frente-a-la-nueva-normalidad-ficnova-2020\/#primaryimage","url":"https:\/\/www.pressenza.com\/wp-content\/uploads\/2020\/07\/ficnova-notinha.jpg","contentUrl":"https:\/\/www.pressenza.com\/wp-content\/uploads\/2020\/07\/ficnova-notinha.jpg","width":1024,"height":576},{"@type":"BreadcrumbList","@id":"https:\/\/www.pressenza.com\/es\/2020\/07\/frente-a-la-nueva-normalidad-ficnova-2020\/#breadcrumb","itemListElement":[{"@type":"ListItem","position":1,"name":"Accueil","item":"https:\/\/www.pressenza.com\/es\/"},{"@type":"ListItem","position":2,"name":"Frente a la \u00abnueva normalidad\u00bb FICNOVA 2020"}]},{"@type":"WebSite","@id":"https:\/\/www.pressenza.com\/es\/#website","url":"https:\/\/www.pressenza.com\/es\/","name":"Pressenza","description":"International Press Agency","publisher":{"@id":"https:\/\/www.pressenza.com\/es\/#organization"},"potentialAction":[{"@type":"SearchAction","target":{"@type":"EntryPoint","urlTemplate":"https:\/\/www.pressenza.com\/es\/?s={search_term_string}"},"query-input":{"@type":"PropertyValueSpecification","valueRequired":true,"valueName":"search_term_string"}}],"inLanguage":"es"},{"@type":"Organization","@id":"https:\/\/www.pressenza.com\/es\/#organization","name":"Pressenza","url":"https:\/\/www.pressenza.com\/es\/","logo":{"@type":"ImageObject","inLanguage":"es","@id":"https:\/\/www.pressenza.com\/es\/#\/schema\/logo\/image\/","url":"https:\/\/www.pressenza.com\/wp-content\/uploads\/2022\/10\/pressenza_logo_200x200.jpg","contentUrl":"https:\/\/www.pressenza.com\/wp-content\/uploads\/2022\/10\/pressenza_logo_200x200.jpg","width":200,"height":200,"caption":"Pressenza"},"image":{"@id":"https:\/\/www.pressenza.com\/es\/#\/schema\/logo\/image\/"},"sameAs":["https:\/\/www.facebook.com\/PressenzaItalia","https:\/\/x.com\/PressenzaIPA"]},{"@type":"Person","@id":"https:\/\/www.pressenza.com\/es\/#\/schema\/person\/fffbbe2f14495897417f313a954dae23","name":"Redacci\u00f3n Espa\u00f1a","url":"https:\/\/www.pressenza.com\/es\/author\/redaccion-espana\/"}]}},"place":"","original_article_url":"","_links":{"self":[{"href":"https:\/\/www.pressenza.com\/es\/wp-json\/wp\/v2\/posts\/1159506","targetHints":{"allow":["GET"]}}],"collection":[{"href":"https:\/\/www.pressenza.com\/es\/wp-json\/wp\/v2\/posts"}],"about":[{"href":"https:\/\/www.pressenza.com\/es\/wp-json\/wp\/v2\/types\/post"}],"author":[{"embeddable":true,"href":"https:\/\/www.pressenza.com\/es\/wp-json\/wp\/v2\/users\/1681"}],"replies":[{"embeddable":true,"href":"https:\/\/www.pressenza.com\/es\/wp-json\/wp\/v2\/comments?post=1159506"}],"version-history":[{"count":0,"href":"https:\/\/www.pressenza.com\/es\/wp-json\/wp\/v2\/posts\/1159506\/revisions"}],"wp:featuredmedia":[{"embeddable":true,"href":"https:\/\/www.pressenza.com\/es\/wp-json\/wp\/v2\/media\/1159508"}],"wp:attachment":[{"href":"https:\/\/www.pressenza.com\/es\/wp-json\/wp\/v2\/media?parent=1159506"}],"wp:term":[{"taxonomy":"category","embeddable":true,"href":"https:\/\/www.pressenza.com\/es\/wp-json\/wp\/v2\/categories?post=1159506"},{"taxonomy":"post_tag","embeddable":true,"href":"https:\/\/www.pressenza.com\/es\/wp-json\/wp\/v2\/tags?post=1159506"}],"curies":[{"name":"wp","href":"https:\/\/api.w.org\/{rel}","templated":true}]}}