{"id":1157926,"date":"2020-07-12T02:38:45","date_gmt":"2020-07-12T01:38:45","guid":{"rendered":"https:\/\/www.pressenza.com\/?p=1157926"},"modified":"2020-07-12T15:39:15","modified_gmt":"2020-07-12T14:39:15","slug":"marcha-por-la-dignidad-llego-a-bogota","status":"publish","type":"post","link":"https:\/\/www.pressenza.com\/es\/2020\/07\/marcha-por-la-dignidad-llego-a-bogota\/","title":{"rendered":"Marcha por la Dignidad lleg\u00f3 a Bogot\u00e1"},"content":{"rendered":"<p>Por: Zenaida Espinosa<\/p>\n<p>Fotos: Marcha por la Dignidad y Jos\u00e9 Miliciades S\u00e1nchez<\/p>\n<p><span style=\"font-weight: 400;\"><img loading=\"lazy\" decoding=\"async\" class=\"size-medium wp-image-1158085 alignleft\" src=\"https:\/\/www.pressenza.com\/wp-content\/uploads\/2020\/07\/MarchaporlaDignidad9-300x200.jpg\" alt=\"Marcha por la Dignidad\" width=\"300\" height=\"200\" srcset=\"https:\/\/www.pressenza.com\/wp-content\/uploads\/2020\/07\/MarchaporlaDignidad9-300x200.jpg 300w, https:\/\/www.pressenza.com\/wp-content\/uploads\/2020\/07\/MarchaporlaDignidad9-720x480.jpg 720w, https:\/\/www.pressenza.com\/wp-content\/uploads\/2020\/07\/MarchaporlaDignidad9-768x512.jpg 768w, https:\/\/www.pressenza.com\/wp-content\/uploads\/2020\/07\/MarchaporlaDignidad9.jpg 960w\" sizes=\"auto, (max-width: 300px) 100vw, 300px\" \/>Tras quince d\u00edas desde su salida de la ciudad de Popay\u00e1n en el departamento del Cauca y despu\u00e9s de recorrer m\u00e1s de 400 kil\u00f3metros de cordilleras y valles, escuchando las denuncias de las comunidades y entendiendo los conflictos de cientos de personas, la MARCHA POR LA DIGNIDAD lleg\u00f3 a Bogot\u00e1 ayer 10 de julio. A su arribo los y las marchantes fueron recibidos por cientos de personas, organizaciones, movimientos y trabajadores, para desarrollar la agenda que ten\u00edan prevista.<\/span><\/p>\n<p>Par ver la agenda, leer : <a href=\"https:\/\/www.pressenza.com\/es\/2020\/07\/marcha-por-la-dignidad-cerca-de-su-destino\/\">Marcha por la Dignidad, cerca de su destino<\/a><\/p>\n<p><span style=\"font-weight: 400;\">Al final de la jornada, se llev\u00f3 a cabo una velat\u00f3n en favor de la vida y la libertad de los y las l\u00edderes sociales. En la mente de los presentes, queda la preocupaci\u00f3<\/span><span style=\"font-weight: 400;\">n por la falta de garant\u00edas de seguridad. Jos\u00e9 Milciades S\u00e1nchez, l\u00edder de DDHH y participante de la marcha, quien en d\u00edas anteriores concedi\u00f3 una <a href=\"https:\/\/www.pressenza.com\/es\/2020\/07\/avanza-la-marcha-por-la-dignidad-en-colombia\/\">entrevista para Pressenza<\/a>, lanz\u00f3 una <a href=\"http:\/\/www.comitedesolidaridad.com\/es\/content\/denuncia-p%C3%BAblica-11\">denuncia p\u00fablica<\/a> exigiendo al Gobierno Nacional y a la Unidad de Protecci\u00f3n, se activen los mecanismos de protecci\u00f3n particulares para la vida, integridad y seguridad personal para todos los l\u00edderes sociales que est\u00e1n en riesgo en el pa\u00eds.<\/span><\/p>\n<p><span style=\"font-weight: 400;\">Otra de las preocupaciones es buscar que la Alcald\u00eda Mayor brinde apoyo para que las entidades sanitarias supervisen el estado de salud de los marchantes, pues vienen de pasar por varios territorios donde han tenido contacto con mucha gente y de esta manera cumplir con los protocolos y precauciones de bioseguridad para garantizar el \u00e9xito de la jornada.<\/span><\/p>\n<p><img loading=\"lazy\" decoding=\"async\" class=\"size-medium wp-image-1157996 alignleft\" src=\"https:\/\/www.pressenza.com\/wp-content\/uploads\/2020\/07\/MarchaporLaDignidad10-1-300x144.jpg\" alt=\"Marcha por la Dignidad lleg\u00f3 a Bogot\u00e1\" width=\"300\" height=\"144\" srcset=\"https:\/\/www.pressenza.com\/wp-content\/uploads\/2020\/07\/MarchaporLaDignidad10-1-300x144.jpg 300w, https:\/\/www.pressenza.com\/wp-content\/uploads\/2020\/07\/MarchaporLaDignidad10-1-720x346.jpg 720w, https:\/\/www.pressenza.com\/wp-content\/uploads\/2020\/07\/MarchaporLaDignidad10-1-768x369.jpg 768w, https:\/\/www.pressenza.com\/wp-content\/uploads\/2020\/07\/MarchaporLaDignidad10-1.jpg 1040w\" sizes=\"auto, (max-width: 300px) 100vw, 300px\" \/><\/p>\n<p><span style=\"font-weight: 400;\">Este evento ha motivado a otras organizaciones, comunidades y personas de distintas regiones y, por ello, tendr\u00e1 continuidad con dos marchas, una que partir\u00e1 desde el Departamento de Santander, que se denominar\u00e1 <\/span><b>LA RUTA COMUNERA,<\/b><span style=\"font-weight: 400;\"> que recorrer\u00e1 Barrancamermeja, Bucaramanga, San Gil, Socorro, Barbosa y Tunja; la otra, partir\u00e1 desde el departamento de Norte de Santander denominada: <\/span><b>RUTA LIBERTADORA,<\/b><span style=\"font-weight: 400;\"> desde Gibraltrar, pasar\u00e1 por Saravena, Fortul, Tame, Duitama, y\u00a0 Tunja. Ambas marchas esperan llegar a la capital del pa\u00eds el 20 de julio, fecha en que se conmemora el grito de independencia del pa\u00eds. De esta manera se suman al caminar colectivo de la MARCHA POR LA DIGNIDAD\u00a0 para exigirle al gobierno nacional y proponerle al pa\u00eds, unidad en la defensa de la vida, los territorios, los derechos y la soberan\u00eda.<\/span><\/p>\n<p><span style=\"font-weight: 400;\"><img loading=\"lazy\" decoding=\"async\" class=\"aligncenter wp-image-1158075 size-medium\" src=\"https:\/\/www.pressenza.com\/wp-content\/uploads\/2020\/07\/20deJulio-240x300.jpg\" alt=\"Movilizaci\u00f3n 20 de julio en Colombia\" width=\"240\" height=\"300\" srcset=\"https:\/\/www.pressenza.com\/wp-content\/uploads\/2020\/07\/20deJulio-240x300.jpg 240w, https:\/\/www.pressenza.com\/wp-content\/uploads\/2020\/07\/20deJulio-720x900.jpg 720w, https:\/\/www.pressenza.com\/wp-content\/uploads\/2020\/07\/20deJulio-768x960.jpg 768w, https:\/\/www.pressenza.com\/wp-content\/uploads\/2020\/07\/20deJulio.jpg 1024w\" sizes=\"auto, (max-width: 240px) 100vw, 240px\" \/><\/span><\/p>\n","protected":false},"excerpt":{"rendered":"<p>Por: Zenaida Espinosa Fotos: Marcha por la Dignidad y Jos\u00e9 Miliciades S\u00e1nchez Tras quince d\u00edas desde su salida de la ciudad de Popay\u00e1n en el departamento del Cauca y despu\u00e9s de recorrer m\u00e1s de 400 kil\u00f3metros de cordilleras y valles,&hellip;<\/p>\n","protected":false},"author":1053,"featured_media":1158095,"comment_status":"closed","ping_status":"closed","sticky":false,"template":"","format":"standard","meta":{"footnotes":""},"categories":[11389],"tags":[78346,54769,30,78201,25779],"class_list":["post-1157926","post","type-post","status-publish","format-standard","has-post-thumbnail","hentry","category-contenido-original","tag-nosestanmatando-es","tag-bogota-es-2","tag-colombia","tag-marcha-por-la-dignidad","tag-protesta-social"],"yoast_head":"<!-- This site is optimized with the Yoast SEO plugin v27.1.1 - https:\/\/yoast.com\/product\/yoast-seo-wordpress\/ -->\n<title>Marcha por la Dignidad lleg\u00f3 a Bogot\u00e1<\/title>\n<meta name=\"description\" content=\"Por: Zenaida Espinosa Fotos: Marcha por la Dignidad y Jos\u00e9 Miliciades S\u00e1nchez Tras quince d\u00edas desde su salida de la ciudad de Popay\u00e1n en el departamento\" \/>\n<meta name=\"robots\" content=\"index, follow, max-snippet:-1, max-image-preview:large, max-video-preview:-1\" \/>\n<link rel=\"canonical\" href=\"https:\/\/www.pressenza.com\/es\/2020\/07\/marcha-por-la-dignidad-llego-a-bogota\/\" \/>\n<meta property=\"og:locale\" content=\"es_ES\" \/>\n<meta property=\"og:type\" content=\"article\" \/>\n<meta property=\"og:title\" content=\"Marcha por la Dignidad lleg\u00f3 a Bogot\u00e1\" \/>\n<meta property=\"og:description\" content=\"Por: Zenaida Espinosa Fotos: Marcha por la Dignidad y Jos\u00e9 Miliciades S\u00e1nchez Tras quince d\u00edas desde su salida de la ciudad de Popay\u00e1n en el departamento\" \/>\n<meta property=\"og:url\" content=\"https:\/\/www.pressenza.com\/es\/2020\/07\/marcha-por-la-dignidad-llego-a-bogota\/\" \/>\n<meta property=\"og:site_name\" content=\"Pressenza\" \/>\n<meta property=\"article:publisher\" content=\"https:\/\/www.facebook.com\/PressenzaItalia\" \/>\n<meta property=\"article:published_time\" content=\"2020-07-12T01:38:45+00:00\" \/>\n<meta property=\"article:modified_time\" content=\"2020-07-12T14:39:15+00:00\" \/>\n<meta property=\"og:image\" content=\"https:\/\/www.pressenza.com\/wp-content\/uploads\/2020\/07\/MarchaDignidad8.jpg\" \/>\n\t<meta property=\"og:image:width\" content=\"960\" \/>\n\t<meta property=\"og:image:height\" content=\"640\" \/>\n\t<meta property=\"og:image:type\" content=\"image\/jpeg\" \/>\n<meta name=\"author\" content=\"Redacci\u00f3n Colombia\" \/>\n<meta name=\"twitter:card\" content=\"summary_large_image\" \/>\n<meta name=\"twitter:creator\" content=\"@PressenzaIPA\" \/>\n<meta name=\"twitter:site\" content=\"@PressenzaIPA\" \/>\n<meta name=\"twitter:label1\" content=\"Escrito por\" \/>\n\t<meta name=\"twitter:data1\" content=\"Redacci\u00f3n Colombia\" \/>\n\t<meta name=\"twitter:label2\" content=\"Tiempo de lectura\" \/>\n\t<meta name=\"twitter:data2\" content=\"2 minutos\" \/>\n<script type=\"application\/ld+json\" class=\"yoast-schema-graph\">{\"@context\":\"https:\/\/schema.org\",\"@graph\":[{\"@type\":\"Article\",\"@id\":\"https:\/\/www.pressenza.com\/es\/2020\/07\/marcha-por-la-dignidad-llego-a-bogota\/#article\",\"isPartOf\":{\"@id\":\"https:\/\/www.pressenza.com\/es\/2020\/07\/marcha-por-la-dignidad-llego-a-bogota\/\"},\"author\":{\"name\":\"Redacci\u00f3n Colombia\",\"@id\":\"https:\/\/www.pressenza.com\/es\/#\/schema\/person\/7c8ee170a4502d638436c91e385315f2\"},\"headline\":\"Marcha por la Dignidad lleg\u00f3 a Bogot\u00e1\",\"datePublished\":\"2020-07-12T01:38:45+00:00\",\"dateModified\":\"2020-07-12T14:39:15+00:00\",\"mainEntityOfPage\":{\"@id\":\"https:\/\/www.pressenza.com\/es\/2020\/07\/marcha-por-la-dignidad-llego-a-bogota\/\"},\"wordCount\":420,\"publisher\":{\"@id\":\"https:\/\/www.pressenza.com\/es\/#organization\"},\"image\":{\"@id\":\"https:\/\/www.pressenza.com\/es\/2020\/07\/marcha-por-la-dignidad-llego-a-bogota\/#primaryimage\"},\"thumbnailUrl\":\"https:\/\/www.pressenza.com\/wp-content\/uploads\/2020\/07\/MarchaDignidad8.jpg\",\"keywords\":[\"#Nosestanmatando\",\"bogota\",\"Colombia\",\"Marcha por la Dignidad\",\"protesta social\"],\"articleSection\":[\"Contenido Original\"],\"inLanguage\":\"es\"},{\"@type\":\"WebPage\",\"@id\":\"https:\/\/www.pressenza.com\/es\/2020\/07\/marcha-por-la-dignidad-llego-a-bogota\/\",\"url\":\"https:\/\/www.pressenza.com\/es\/2020\/07\/marcha-por-la-dignidad-llego-a-bogota\/\",\"name\":\"Marcha por la Dignidad lleg\u00f3 a Bogot\u00e1\",\"isPartOf\":{\"@id\":\"https:\/\/www.pressenza.com\/es\/#website\"},\"primaryImageOfPage\":{\"@id\":\"https:\/\/www.pressenza.com\/es\/2020\/07\/marcha-por-la-dignidad-llego-a-bogota\/#primaryimage\"},\"image\":{\"@id\":\"https:\/\/www.pressenza.com\/es\/2020\/07\/marcha-por-la-dignidad-llego-a-bogota\/#primaryimage\"},\"thumbnailUrl\":\"https:\/\/www.pressenza.com\/wp-content\/uploads\/2020\/07\/MarchaDignidad8.jpg\",\"datePublished\":\"2020-07-12T01:38:45+00:00\",\"dateModified\":\"2020-07-12T14:39:15+00:00\",\"description\":\"Por: Zenaida Espinosa Fotos: Marcha por la Dignidad y Jos\u00e9 Miliciades S\u00e1nchez Tras quince d\u00edas desde su salida de la ciudad de Popay\u00e1n en el departamento\",\"breadcrumb\":{\"@id\":\"https:\/\/www.pressenza.com\/es\/2020\/07\/marcha-por-la-dignidad-llego-a-bogota\/#breadcrumb\"},\"inLanguage\":\"es\",\"potentialAction\":[{\"@type\":\"ReadAction\",\"target\":[\"https:\/\/www.pressenza.com\/es\/2020\/07\/marcha-por-la-dignidad-llego-a-bogota\/\"]}]},{\"@type\":\"ImageObject\",\"inLanguage\":\"es\",\"@id\":\"https:\/\/www.pressenza.com\/es\/2020\/07\/marcha-por-la-dignidad-llego-a-bogota\/#primaryimage\",\"url\":\"https:\/\/www.pressenza.com\/wp-content\/uploads\/2020\/07\/MarchaDignidad8.jpg\",\"contentUrl\":\"https:\/\/www.pressenza.com\/wp-content\/uploads\/2020\/07\/MarchaDignidad8.jpg\",\"width\":960,\"height\":640,\"caption\":\"Marcha por la Dignidad lleg\u00f3 a Bogot\u00e1\"},{\"@type\":\"BreadcrumbList\",\"@id\":\"https:\/\/www.pressenza.com\/es\/2020\/07\/marcha-por-la-dignidad-llego-a-bogota\/#breadcrumb\",\"itemListElement\":[{\"@type\":\"ListItem\",\"position\":1,\"name\":\"Accueil\",\"item\":\"https:\/\/www.pressenza.com\/es\/\"},{\"@type\":\"ListItem\",\"position\":2,\"name\":\"Marcha por la Dignidad lleg\u00f3 a Bogot\u00e1\"}]},{\"@type\":\"WebSite\",\"@id\":\"https:\/\/www.pressenza.com\/es\/#website\",\"url\":\"https:\/\/www.pressenza.com\/es\/\",\"name\":\"Pressenza\",\"description\":\"International Press Agency\",\"publisher\":{\"@id\":\"https:\/\/www.pressenza.com\/es\/#organization\"},\"potentialAction\":[{\"@type\":\"SearchAction\",\"target\":{\"@type\":\"EntryPoint\",\"urlTemplate\":\"https:\/\/www.pressenza.com\/es\/?s={search_term_string}\"},\"query-input\":{\"@type\":\"PropertyValueSpecification\",\"valueRequired\":true,\"valueName\":\"search_term_string\"}}],\"inLanguage\":\"es\"},{\"@type\":\"Organization\",\"@id\":\"https:\/\/www.pressenza.com\/es\/#organization\",\"name\":\"Pressenza\",\"url\":\"https:\/\/www.pressenza.com\/es\/\",\"logo\":{\"@type\":\"ImageObject\",\"inLanguage\":\"es\",\"@id\":\"https:\/\/www.pressenza.com\/es\/#\/schema\/logo\/image\/\",\"url\":\"https:\/\/www.pressenza.com\/wp-content\/uploads\/2022\/10\/pressenza_logo_200x200.jpg\",\"contentUrl\":\"https:\/\/www.pressenza.com\/wp-content\/uploads\/2022\/10\/pressenza_logo_200x200.jpg\",\"width\":200,\"height\":200,\"caption\":\"Pressenza\"},\"image\":{\"@id\":\"https:\/\/www.pressenza.com\/es\/#\/schema\/logo\/image\/\"},\"sameAs\":[\"https:\/\/www.facebook.com\/PressenzaItalia\",\"https:\/\/x.com\/PressenzaIPA\"]},{\"@type\":\"Person\",\"@id\":\"https:\/\/www.pressenza.com\/es\/#\/schema\/person\/7c8ee170a4502d638436c91e385315f2\",\"name\":\"Redacci\u00f3n Colombia\",\"description\":\"News published by the Pressenza bureau in Colombia\",\"url\":\"https:\/\/www.pressenza.com\/es\/author\/redaccion-colombia\/\"}]}<\/script>\n<!-- \/ Yoast SEO plugin. -->","yoast_head_json":{"title":"Marcha por la Dignidad lleg\u00f3 a Bogot\u00e1","description":"Por: Zenaida Espinosa Fotos: Marcha por la Dignidad y Jos\u00e9 Miliciades S\u00e1nchez Tras quince d\u00edas desde su salida de la ciudad de Popay\u00e1n en el departamento","robots":{"index":"index","follow":"follow","max-snippet":"max-snippet:-1","max-image-preview":"max-image-preview:large","max-video-preview":"max-video-preview:-1"},"canonical":"https:\/\/www.pressenza.com\/es\/2020\/07\/marcha-por-la-dignidad-llego-a-bogota\/","og_locale":"es_ES","og_type":"article","og_title":"Marcha por la Dignidad lleg\u00f3 a Bogot\u00e1","og_description":"Por: Zenaida Espinosa Fotos: Marcha por la Dignidad y Jos\u00e9 Miliciades S\u00e1nchez Tras quince d\u00edas desde su salida de la ciudad de Popay\u00e1n en el departamento","og_url":"https:\/\/www.pressenza.com\/es\/2020\/07\/marcha-por-la-dignidad-llego-a-bogota\/","og_site_name":"Pressenza","article_publisher":"https:\/\/www.facebook.com\/PressenzaItalia","article_published_time":"2020-07-12T01:38:45+00:00","article_modified_time":"2020-07-12T14:39:15+00:00","og_image":[{"width":960,"height":640,"url":"https:\/\/www.pressenza.com\/wp-content\/uploads\/2020\/07\/MarchaDignidad8.jpg","type":"image\/jpeg"}],"author":"Redacci\u00f3n Colombia","twitter_card":"summary_large_image","twitter_creator":"@PressenzaIPA","twitter_site":"@PressenzaIPA","twitter_misc":{"Escrito por":"Redacci\u00f3n Colombia","Tiempo de lectura":"2 minutos"},"schema":{"@context":"https:\/\/schema.org","@graph":[{"@type":"Article","@id":"https:\/\/www.pressenza.com\/es\/2020\/07\/marcha-por-la-dignidad-llego-a-bogota\/#article","isPartOf":{"@id":"https:\/\/www.pressenza.com\/es\/2020\/07\/marcha-por-la-dignidad-llego-a-bogota\/"},"author":{"name":"Redacci\u00f3n Colombia","@id":"https:\/\/www.pressenza.com\/es\/#\/schema\/person\/7c8ee170a4502d638436c91e385315f2"},"headline":"Marcha por la Dignidad lleg\u00f3 a Bogot\u00e1","datePublished":"2020-07-12T01:38:45+00:00","dateModified":"2020-07-12T14:39:15+00:00","mainEntityOfPage":{"@id":"https:\/\/www.pressenza.com\/es\/2020\/07\/marcha-por-la-dignidad-llego-a-bogota\/"},"wordCount":420,"publisher":{"@id":"https:\/\/www.pressenza.com\/es\/#organization"},"image":{"@id":"https:\/\/www.pressenza.com\/es\/2020\/07\/marcha-por-la-dignidad-llego-a-bogota\/#primaryimage"},"thumbnailUrl":"https:\/\/www.pressenza.com\/wp-content\/uploads\/2020\/07\/MarchaDignidad8.jpg","keywords":["#Nosestanmatando","bogota","Colombia","Marcha por la Dignidad","protesta social"],"articleSection":["Contenido Original"],"inLanguage":"es"},{"@type":"WebPage","@id":"https:\/\/www.pressenza.com\/es\/2020\/07\/marcha-por-la-dignidad-llego-a-bogota\/","url":"https:\/\/www.pressenza.com\/es\/2020\/07\/marcha-por-la-dignidad-llego-a-bogota\/","name":"Marcha por la Dignidad lleg\u00f3 a Bogot\u00e1","isPartOf":{"@id":"https:\/\/www.pressenza.com\/es\/#website"},"primaryImageOfPage":{"@id":"https:\/\/www.pressenza.com\/es\/2020\/07\/marcha-por-la-dignidad-llego-a-bogota\/#primaryimage"},"image":{"@id":"https:\/\/www.pressenza.com\/es\/2020\/07\/marcha-por-la-dignidad-llego-a-bogota\/#primaryimage"},"thumbnailUrl":"https:\/\/www.pressenza.com\/wp-content\/uploads\/2020\/07\/MarchaDignidad8.jpg","datePublished":"2020-07-12T01:38:45+00:00","dateModified":"2020-07-12T14:39:15+00:00","description":"Por: Zenaida Espinosa Fotos: Marcha por la Dignidad y Jos\u00e9 Miliciades S\u00e1nchez Tras quince d\u00edas desde su salida de la ciudad de Popay\u00e1n en el departamento","breadcrumb":{"@id":"https:\/\/www.pressenza.com\/es\/2020\/07\/marcha-por-la-dignidad-llego-a-bogota\/#breadcrumb"},"inLanguage":"es","potentialAction":[{"@type":"ReadAction","target":["https:\/\/www.pressenza.com\/es\/2020\/07\/marcha-por-la-dignidad-llego-a-bogota\/"]}]},{"@type":"ImageObject","inLanguage":"es","@id":"https:\/\/www.pressenza.com\/es\/2020\/07\/marcha-por-la-dignidad-llego-a-bogota\/#primaryimage","url":"https:\/\/www.pressenza.com\/wp-content\/uploads\/2020\/07\/MarchaDignidad8.jpg","contentUrl":"https:\/\/www.pressenza.com\/wp-content\/uploads\/2020\/07\/MarchaDignidad8.jpg","width":960,"height":640,"caption":"Marcha por la Dignidad lleg\u00f3 a Bogot\u00e1"},{"@type":"BreadcrumbList","@id":"https:\/\/www.pressenza.com\/es\/2020\/07\/marcha-por-la-dignidad-llego-a-bogota\/#breadcrumb","itemListElement":[{"@type":"ListItem","position":1,"name":"Accueil","item":"https:\/\/www.pressenza.com\/es\/"},{"@type":"ListItem","position":2,"name":"Marcha por la Dignidad lleg\u00f3 a Bogot\u00e1"}]},{"@type":"WebSite","@id":"https:\/\/www.pressenza.com\/es\/#website","url":"https:\/\/www.pressenza.com\/es\/","name":"Pressenza","description":"International Press Agency","publisher":{"@id":"https:\/\/www.pressenza.com\/es\/#organization"},"potentialAction":[{"@type":"SearchAction","target":{"@type":"EntryPoint","urlTemplate":"https:\/\/www.pressenza.com\/es\/?s={search_term_string}"},"query-input":{"@type":"PropertyValueSpecification","valueRequired":true,"valueName":"search_term_string"}}],"inLanguage":"es"},{"@type":"Organization","@id":"https:\/\/www.pressenza.com\/es\/#organization","name":"Pressenza","url":"https:\/\/www.pressenza.com\/es\/","logo":{"@type":"ImageObject","inLanguage":"es","@id":"https:\/\/www.pressenza.com\/es\/#\/schema\/logo\/image\/","url":"https:\/\/www.pressenza.com\/wp-content\/uploads\/2022\/10\/pressenza_logo_200x200.jpg","contentUrl":"https:\/\/www.pressenza.com\/wp-content\/uploads\/2022\/10\/pressenza_logo_200x200.jpg","width":200,"height":200,"caption":"Pressenza"},"image":{"@id":"https:\/\/www.pressenza.com\/es\/#\/schema\/logo\/image\/"},"sameAs":["https:\/\/www.facebook.com\/PressenzaItalia","https:\/\/x.com\/PressenzaIPA"]},{"@type":"Person","@id":"https:\/\/www.pressenza.com\/es\/#\/schema\/person\/7c8ee170a4502d638436c91e385315f2","name":"Redacci\u00f3n Colombia","description":"News published by the Pressenza bureau in Colombia","url":"https:\/\/www.pressenza.com\/es\/author\/redaccion-colombia\/"}]}},"place":"","original_article_url":"","_links":{"self":[{"href":"https:\/\/www.pressenza.com\/es\/wp-json\/wp\/v2\/posts\/1157926","targetHints":{"allow":["GET"]}}],"collection":[{"href":"https:\/\/www.pressenza.com\/es\/wp-json\/wp\/v2\/posts"}],"about":[{"href":"https:\/\/www.pressenza.com\/es\/wp-json\/wp\/v2\/types\/post"}],"author":[{"embeddable":true,"href":"https:\/\/www.pressenza.com\/es\/wp-json\/wp\/v2\/users\/1053"}],"replies":[{"embeddable":true,"href":"https:\/\/www.pressenza.com\/es\/wp-json\/wp\/v2\/comments?post=1157926"}],"version-history":[{"count":0,"href":"https:\/\/www.pressenza.com\/es\/wp-json\/wp\/v2\/posts\/1157926\/revisions"}],"wp:featuredmedia":[{"embeddable":true,"href":"https:\/\/www.pressenza.com\/es\/wp-json\/wp\/v2\/media\/1158095"}],"wp:attachment":[{"href":"https:\/\/www.pressenza.com\/es\/wp-json\/wp\/v2\/media?parent=1157926"}],"wp:term":[{"taxonomy":"category","embeddable":true,"href":"https:\/\/www.pressenza.com\/es\/wp-json\/wp\/v2\/categories?post=1157926"},{"taxonomy":"post_tag","embeddable":true,"href":"https:\/\/www.pressenza.com\/es\/wp-json\/wp\/v2\/tags?post=1157926"}],"curies":[{"name":"wp","href":"https:\/\/api.w.org\/{rel}","templated":true}]}}