{"id":115332,"date":"2014-06-24T19:28:24","date_gmt":"2014-06-24T18:28:24","guid":{"rendered":"http:\/\/www.pressenza.com\/?p=115332"},"modified":"2014-06-24T19:28:24","modified_gmt":"2014-06-24T18:28:24","slug":"las-mas-caras","status":"publish","type":"post","link":"https:\/\/www.pressenza.com\/es\/2014\/06\/las-mas-caras\/","title":{"rendered":"Las m\u00e1s caras"},"content":{"rendered":"<p style=\"text-align: right;\"><em>\u00abQue se encuentren los amores y se espanten los espantos\u00bb<\/em><\/p>\n<div id=\"yui_3_16_0_1_1403601493848_6256\" style=\"text-align: right;\"><em>\u00a0 \u00a0 \u00a0 \u00a0 \u00a0 \u00a0 \u00a0 \u00a0 \u00a0 \u00a0 \u00a0 \u00a0 \u00a0 \u00a0 \u00a0 \u00a0 \u00a0 \u00a0 \u00a0 \u00a0 \u00a0Jorge Fandermole, en \u00abZamba de almas perdidas\u00bb<\/em><\/div>\n<div style=\"text-align: right;\"><\/div>\n<div style=\"text-align: left;\">\n<div id=\"yui_3_16_0_1_1403601493848_6322\">Desde 1938, y como una muestra m\u00e1s de la necrofilia patri\u00f3tica, cada 20 de junio se conmemora un nuevo aniversario de la muerte de Manuel Belgrano y, a su vez, se celebra el D\u00eda de la Bandera. De Belgrano ha escrito mucho y bien mi amigo Felipe Pigna, entre otros. Su capacidad intelectual, la militancia civil por la libertad, su sacrificio personal al tener que hacer de militar y la humildad con que vivi\u00f3 y muri\u00f3 son virtudes necesarias hoy m\u00e1s que nunca.<\/div>\n<div><\/div>\n<div>Escucho que al cierre del acto oficial estuvieron \u00abLos Aut\u00e9nticos Decadentes\u00bb. Nunca pens\u00e9 que la apertura ideol\u00f3gica de Cristina alcanzara esas dimensiones. Es que no puedo evitar imaginarme a ciertos personajes pol\u00edticos, economistas, periodistas, jueces, divas arrugadas y empresarios de pl\u00e1stico masacrando instrumentos musicales para solaz y esparcimiento de la multitud, bajo las pancartas de los grupos de j\u00f3venes y trabajadores que se reunieron para apoyar al pa\u00eds ante la carro\u00f1a timbera global. Pero supongo que no lo har\u00edan a cara descubierta porque los muchachos y las chicas del pa\u00eds profundo podr\u00edan organizar un concurso de abucheos y puteadas que los har\u00eda ingresar de inmediato a ese libro que colecciona r\u00e9cords y boludeces ex\u00f3ticas.<\/div>\n<div><\/div>\n<div id=\"yui_3_16_0_1_1403601493848_6323\">Entonces me fui al mataburros, \u00fatil instrumento que se aconseja tener siempre a tiro de \u00abenter\u00bb, y busqu\u00e9 la definici\u00f3n o descripci\u00f3n de \u00abm\u00e1scara\u00bb. La comparto en un renovado gesto m\u00edo de generosidad: \u00abFigura que representa un rostro humano, de animal o puramente imaginario, con la que una persona puede cubrirse la cara para no ser reconocida, tomar el aspecto de otra o practicar ciertas actividades esc\u00e9nicas o rituales\u00bb. Uno de los sin\u00f3nimos m\u00e1s utilizados por estos parajes es \u00abcareta\u00bb, pero para se\u00f1alar a quien se cree m\u00e1s de lo que es o ser quien no es ni ser\u00e1 jam\u00e1s. O sea.<\/div>\n<div><\/div>\n<div>Las hay limpiadoras. Son esas que se ponen algunas f\u00e9minas antes de irse a dormir y que, en ese caso, se aconseja a los se\u00f1ores no despertar de repente por esas cuestiones de la pr\u00f3stata y verificar que a su lado duerme un m\u00e1rmol. Hay, dice el t\u00edo Google, m\u00e1scaras estimulantes y dejo a vuestra consideraci\u00f3n elucubrar de cu\u00e1les se trata. Yo me abstengo. Tambi\u00e9n pueden ser refrescantes, calmantes, sudor\u00edferas, reforzantes y curativas. Todas en el \u00e1mbito de la est\u00e9tica facial. Los mimos que se hacen las parejas para alimentar el deseo, ese motor humano.<\/div>\n<div><\/div>\n<div id=\"yui_3_16_0_1_1403601493848_6324\">Hay otras, las usan los esgrimistas, los soldadores, los adictos al carnaval, est\u00e1n las de la tragedia y la comedia, es necesario tenerlas puestas en quir\u00f3fanos y tanatorios. Pero siempre, siempre, detr\u00e1s de ellas hay un rostro, una cara, la faz de una persona. Y detr\u00e1s de ese rostro una conciencia, un pensamiento y una \u00e9tica.<\/div>\n<div><\/div>\n<div id=\"yui_3_16_0_1_1403601493848_6325\">Si se nos da por comprarlas habr\u00e1 de todos los precios y hasta se podr\u00e1n pagar con esas tarjetas que suelen terminar en card. Dejo volar la imaginaci\u00f3n y vuelvo al acto por la bandera. Las caretas de los caretas nos cuestan vidas y obras.<\/div>\n<div><\/div>\n<div id=\"yui_3_16_0_1_1403601493848_6326\">Las m\u00e1scaras de las aves carro\u00f1eras que supimos conseguir. Las m\u00e1scaras de los nuestros, las m\u00e1s caras.<\/div>\n<\/div>\n","protected":false},"excerpt":{"rendered":"<p>\u00abQue se encuentren los amores y se espanten los espantos\u00bb \u00a0 \u00a0 \u00a0 \u00a0 \u00a0 \u00a0 \u00a0 \u00a0 \u00a0 \u00a0 \u00a0 \u00a0 \u00a0 \u00a0 \u00a0 \u00a0 \u00a0 \u00a0 \u00a0 \u00a0 \u00a0Jorge Fandermole, en \u00abZamba de almas perdidas\u00bb Desde 1938, y&hellip;<\/p>\n","protected":false},"author":922,"featured_media":115333,"comment_status":"closed","ping_status":"open","sticky":false,"template":"","format":"standard","meta":{"footnotes":""},"categories":[75,81,161,67],"tags":[26,1146,696,631],"class_list":["post-115332","post","type-post","status-publish","format-standard","has-post-thumbnail","hentry","category-cultura-es","category-economia-es","category-opiniones","category-sudamerica","tag-argentina","tag-cristina-fernandez-de-kirchner","tag-democracia","tag-violencia-economica"],"yoast_head":"<!-- This site is optimized with the Yoast SEO plugin v27.1.1 - https:\/\/yoast.com\/product\/yoast-seo-wordpress\/ -->\n<title>Las m\u00e1s caras<\/title>\n<meta name=\"description\" content=\"&quot;Que se encuentren los amores y se espanten los espantos&quot; \u00a0 \u00a0 \u00a0 \u00a0 \u00a0 \u00a0 \u00a0 \u00a0 \u00a0 \u00a0 \u00a0 \u00a0 \u00a0 \u00a0 \u00a0 \u00a0 \u00a0 \u00a0 \u00a0 \u00a0 \u00a0Jorge Fandermole, en &quot;Zamba de almas perdidas&quot; Desde\" \/>\n<meta name=\"robots\" content=\"index, follow, max-snippet:-1, max-image-preview:large, max-video-preview:-1\" \/>\n<link rel=\"canonical\" href=\"https:\/\/www.pressenza.com\/es\/2014\/06\/las-mas-caras\/\" \/>\n<meta property=\"og:locale\" content=\"es_ES\" \/>\n<meta property=\"og:type\" content=\"article\" \/>\n<meta property=\"og:title\" content=\"Las m\u00e1s caras\" \/>\n<meta property=\"og:description\" content=\"&quot;Que se encuentren los amores y se espanten los espantos&quot; \u00a0 \u00a0 \u00a0 \u00a0 \u00a0 \u00a0 \u00a0 \u00a0 \u00a0 \u00a0 \u00a0 \u00a0 \u00a0 \u00a0 \u00a0 \u00a0 \u00a0 \u00a0 \u00a0 \u00a0 \u00a0Jorge Fandermole, en &quot;Zamba de almas perdidas&quot; Desde\" \/>\n<meta property=\"og:url\" content=\"https:\/\/www.pressenza.com\/es\/2014\/06\/las-mas-caras\/\" \/>\n<meta property=\"og:site_name\" content=\"Pressenza\" \/>\n<meta property=\"article:publisher\" content=\"https:\/\/www.facebook.com\/PressenzaItalia\" \/>\n<meta property=\"article:published_time\" content=\"2014-06-24T18:28:24+00:00\" \/>\n<meta property=\"og:image\" content=\"https:\/\/www.pressenza.com\/wp-content\/uploads\/2014\/06\/Masked_existence_by_tomabw.jpg\" \/>\n\t<meta property=\"og:image:width\" content=\"600\" \/>\n\t<meta property=\"og:image:height\" content=\"1200\" \/>\n\t<meta property=\"og:image:type\" content=\"image\/jpeg\" \/>\n<meta name=\"author\" content=\"Julio Rudman\" \/>\n<meta name=\"twitter:card\" content=\"summary_large_image\" \/>\n<meta name=\"twitter:creator\" content=\"@PressenzaIPA\" \/>\n<meta name=\"twitter:site\" content=\"@PressenzaIPA\" \/>\n<meta name=\"twitter:label1\" content=\"Escrito por\" \/>\n\t<meta name=\"twitter:data1\" content=\"Julio Rudman\" \/>\n\t<meta name=\"twitter:label2\" content=\"Tiempo de lectura\" \/>\n\t<meta name=\"twitter:data2\" content=\"3 minutos\" \/>\n<script type=\"application\/ld+json\" class=\"yoast-schema-graph\">{\"@context\":\"https:\/\/schema.org\",\"@graph\":[{\"@type\":\"Article\",\"@id\":\"https:\/\/www.pressenza.com\/es\/2014\/06\/las-mas-caras\/#article\",\"isPartOf\":{\"@id\":\"https:\/\/www.pressenza.com\/es\/2014\/06\/las-mas-caras\/\"},\"author\":{\"name\":\"Julio Rudman\",\"@id\":\"https:\/\/www.pressenza.com\/es\/#\/schema\/person\/bfb2123ddd224e1ceebc4f8ae8a61b3d\"},\"headline\":\"Las m\u00e1s caras\",\"datePublished\":\"2014-06-24T18:28:24+00:00\",\"mainEntityOfPage\":{\"@id\":\"https:\/\/www.pressenza.com\/es\/2014\/06\/las-mas-caras\/\"},\"wordCount\":579,\"publisher\":{\"@id\":\"https:\/\/www.pressenza.com\/es\/#organization\"},\"image\":{\"@id\":\"https:\/\/www.pressenza.com\/es\/2014\/06\/las-mas-caras\/#primaryimage\"},\"thumbnailUrl\":\"https:\/\/www.pressenza.com\/wp-content\/uploads\/2014\/06\/Masked_existence_by_tomabw.jpg\",\"keywords\":[\"Argentina\",\"Cristina Fernandez de Kirchner\",\"Democracia\",\"Violencia econ\u00f3mica\"],\"articleSection\":[\"Cultura y Medios\",\"Econom\u00eda\",\"Opiniones\",\"Sudam\u00e9rica\"],\"inLanguage\":\"es\"},{\"@type\":\"WebPage\",\"@id\":\"https:\/\/www.pressenza.com\/es\/2014\/06\/las-mas-caras\/\",\"url\":\"https:\/\/www.pressenza.com\/es\/2014\/06\/las-mas-caras\/\",\"name\":\"Las m\u00e1s caras\",\"isPartOf\":{\"@id\":\"https:\/\/www.pressenza.com\/es\/#website\"},\"primaryImageOfPage\":{\"@id\":\"https:\/\/www.pressenza.com\/es\/2014\/06\/las-mas-caras\/#primaryimage\"},\"image\":{\"@id\":\"https:\/\/www.pressenza.com\/es\/2014\/06\/las-mas-caras\/#primaryimage\"},\"thumbnailUrl\":\"https:\/\/www.pressenza.com\/wp-content\/uploads\/2014\/06\/Masked_existence_by_tomabw.jpg\",\"datePublished\":\"2014-06-24T18:28:24+00:00\",\"description\":\"\\\"Que se encuentren los amores y se espanten los espantos\\\" \u00a0 \u00a0 \u00a0 \u00a0 \u00a0 \u00a0 \u00a0 \u00a0 \u00a0 \u00a0 \u00a0 \u00a0 \u00a0 \u00a0 \u00a0 \u00a0 \u00a0 \u00a0 \u00a0 \u00a0 \u00a0Jorge Fandermole, en \\\"Zamba de almas perdidas\\\" Desde\",\"breadcrumb\":{\"@id\":\"https:\/\/www.pressenza.com\/es\/2014\/06\/las-mas-caras\/#breadcrumb\"},\"inLanguage\":\"es\",\"potentialAction\":[{\"@type\":\"ReadAction\",\"target\":[\"https:\/\/www.pressenza.com\/es\/2014\/06\/las-mas-caras\/\"]}]},{\"@type\":\"ImageObject\",\"inLanguage\":\"es\",\"@id\":\"https:\/\/www.pressenza.com\/es\/2014\/06\/las-mas-caras\/#primaryimage\",\"url\":\"https:\/\/www.pressenza.com\/wp-content\/uploads\/2014\/06\/Masked_existence_by_tomabw.jpg\",\"contentUrl\":\"https:\/\/www.pressenza.com\/wp-content\/uploads\/2014\/06\/Masked_existence_by_tomabw.jpg\",\"width\":600,\"height\":1200},{\"@type\":\"BreadcrumbList\",\"@id\":\"https:\/\/www.pressenza.com\/es\/2014\/06\/las-mas-caras\/#breadcrumb\",\"itemListElement\":[{\"@type\":\"ListItem\",\"position\":1,\"name\":\"Accueil\",\"item\":\"https:\/\/www.pressenza.com\/es\/\"},{\"@type\":\"ListItem\",\"position\":2,\"name\":\"Las m\u00e1s caras\"}]},{\"@type\":\"WebSite\",\"@id\":\"https:\/\/www.pressenza.com\/es\/#website\",\"url\":\"https:\/\/www.pressenza.com\/es\/\",\"name\":\"Pressenza\",\"description\":\"International Press Agency\",\"publisher\":{\"@id\":\"https:\/\/www.pressenza.com\/es\/#organization\"},\"potentialAction\":[{\"@type\":\"SearchAction\",\"target\":{\"@type\":\"EntryPoint\",\"urlTemplate\":\"https:\/\/www.pressenza.com\/es\/?s={search_term_string}\"},\"query-input\":{\"@type\":\"PropertyValueSpecification\",\"valueRequired\":true,\"valueName\":\"search_term_string\"}}],\"inLanguage\":\"es\"},{\"@type\":\"Organization\",\"@id\":\"https:\/\/www.pressenza.com\/es\/#organization\",\"name\":\"Pressenza\",\"url\":\"https:\/\/www.pressenza.com\/es\/\",\"logo\":{\"@type\":\"ImageObject\",\"inLanguage\":\"es\",\"@id\":\"https:\/\/www.pressenza.com\/es\/#\/schema\/logo\/image\/\",\"url\":\"https:\/\/www.pressenza.com\/wp-content\/uploads\/2022\/10\/pressenza_logo_200x200.jpg\",\"contentUrl\":\"https:\/\/www.pressenza.com\/wp-content\/uploads\/2022\/10\/pressenza_logo_200x200.jpg\",\"width\":200,\"height\":200,\"caption\":\"Pressenza\"},\"image\":{\"@id\":\"https:\/\/www.pressenza.com\/es\/#\/schema\/logo\/image\/\"},\"sameAs\":[\"https:\/\/www.facebook.com\/PressenzaItalia\",\"https:\/\/x.com\/PressenzaIPA\"]},{\"@type\":\"Person\",\"@id\":\"https:\/\/www.pressenza.com\/es\/#\/schema\/person\/bfb2123ddd224e1ceebc4f8ae8a61b3d\",\"name\":\"Julio Rudman\",\"url\":\"https:\/\/www.pressenza.com\/es\/author\/juliorudman\/\"}]}<\/script>\n<!-- \/ Yoast SEO plugin. -->","yoast_head_json":{"title":"Las m\u00e1s caras","description":"\"Que se encuentren los amores y se espanten los espantos\" \u00a0 \u00a0 \u00a0 \u00a0 \u00a0 \u00a0 \u00a0 \u00a0 \u00a0 \u00a0 \u00a0 \u00a0 \u00a0 \u00a0 \u00a0 \u00a0 \u00a0 \u00a0 \u00a0 \u00a0 \u00a0Jorge Fandermole, en \"Zamba de almas perdidas\" Desde","robots":{"index":"index","follow":"follow","max-snippet":"max-snippet:-1","max-image-preview":"max-image-preview:large","max-video-preview":"max-video-preview:-1"},"canonical":"https:\/\/www.pressenza.com\/es\/2014\/06\/las-mas-caras\/","og_locale":"es_ES","og_type":"article","og_title":"Las m\u00e1s caras","og_description":"\"Que se encuentren los amores y se espanten los espantos\" \u00a0 \u00a0 \u00a0 \u00a0 \u00a0 \u00a0 \u00a0 \u00a0 \u00a0 \u00a0 \u00a0 \u00a0 \u00a0 \u00a0 \u00a0 \u00a0 \u00a0 \u00a0 \u00a0 \u00a0 \u00a0Jorge Fandermole, en \"Zamba de almas perdidas\" Desde","og_url":"https:\/\/www.pressenza.com\/es\/2014\/06\/las-mas-caras\/","og_site_name":"Pressenza","article_publisher":"https:\/\/www.facebook.com\/PressenzaItalia","article_published_time":"2014-06-24T18:28:24+00:00","og_image":[{"width":600,"height":1200,"url":"https:\/\/www.pressenza.com\/wp-content\/uploads\/2014\/06\/Masked_existence_by_tomabw.jpg","type":"image\/jpeg"}],"author":"Julio Rudman","twitter_card":"summary_large_image","twitter_creator":"@PressenzaIPA","twitter_site":"@PressenzaIPA","twitter_misc":{"Escrito por":"Julio Rudman","Tiempo de lectura":"3 minutos"},"schema":{"@context":"https:\/\/schema.org","@graph":[{"@type":"Article","@id":"https:\/\/www.pressenza.com\/es\/2014\/06\/las-mas-caras\/#article","isPartOf":{"@id":"https:\/\/www.pressenza.com\/es\/2014\/06\/las-mas-caras\/"},"author":{"name":"Julio Rudman","@id":"https:\/\/www.pressenza.com\/es\/#\/schema\/person\/bfb2123ddd224e1ceebc4f8ae8a61b3d"},"headline":"Las m\u00e1s caras","datePublished":"2014-06-24T18:28:24+00:00","mainEntityOfPage":{"@id":"https:\/\/www.pressenza.com\/es\/2014\/06\/las-mas-caras\/"},"wordCount":579,"publisher":{"@id":"https:\/\/www.pressenza.com\/es\/#organization"},"image":{"@id":"https:\/\/www.pressenza.com\/es\/2014\/06\/las-mas-caras\/#primaryimage"},"thumbnailUrl":"https:\/\/www.pressenza.com\/wp-content\/uploads\/2014\/06\/Masked_existence_by_tomabw.jpg","keywords":["Argentina","Cristina Fernandez de Kirchner","Democracia","Violencia econ\u00f3mica"],"articleSection":["Cultura y Medios","Econom\u00eda","Opiniones","Sudam\u00e9rica"],"inLanguage":"es"},{"@type":"WebPage","@id":"https:\/\/www.pressenza.com\/es\/2014\/06\/las-mas-caras\/","url":"https:\/\/www.pressenza.com\/es\/2014\/06\/las-mas-caras\/","name":"Las m\u00e1s caras","isPartOf":{"@id":"https:\/\/www.pressenza.com\/es\/#website"},"primaryImageOfPage":{"@id":"https:\/\/www.pressenza.com\/es\/2014\/06\/las-mas-caras\/#primaryimage"},"image":{"@id":"https:\/\/www.pressenza.com\/es\/2014\/06\/las-mas-caras\/#primaryimage"},"thumbnailUrl":"https:\/\/www.pressenza.com\/wp-content\/uploads\/2014\/06\/Masked_existence_by_tomabw.jpg","datePublished":"2014-06-24T18:28:24+00:00","description":"\"Que se encuentren los amores y se espanten los espantos\" \u00a0 \u00a0 \u00a0 \u00a0 \u00a0 \u00a0 \u00a0 \u00a0 \u00a0 \u00a0 \u00a0 \u00a0 \u00a0 \u00a0 \u00a0 \u00a0 \u00a0 \u00a0 \u00a0 \u00a0 \u00a0Jorge Fandermole, en \"Zamba de almas perdidas\" Desde","breadcrumb":{"@id":"https:\/\/www.pressenza.com\/es\/2014\/06\/las-mas-caras\/#breadcrumb"},"inLanguage":"es","potentialAction":[{"@type":"ReadAction","target":["https:\/\/www.pressenza.com\/es\/2014\/06\/las-mas-caras\/"]}]},{"@type":"ImageObject","inLanguage":"es","@id":"https:\/\/www.pressenza.com\/es\/2014\/06\/las-mas-caras\/#primaryimage","url":"https:\/\/www.pressenza.com\/wp-content\/uploads\/2014\/06\/Masked_existence_by_tomabw.jpg","contentUrl":"https:\/\/www.pressenza.com\/wp-content\/uploads\/2014\/06\/Masked_existence_by_tomabw.jpg","width":600,"height":1200},{"@type":"BreadcrumbList","@id":"https:\/\/www.pressenza.com\/es\/2014\/06\/las-mas-caras\/#breadcrumb","itemListElement":[{"@type":"ListItem","position":1,"name":"Accueil","item":"https:\/\/www.pressenza.com\/es\/"},{"@type":"ListItem","position":2,"name":"Las m\u00e1s caras"}]},{"@type":"WebSite","@id":"https:\/\/www.pressenza.com\/es\/#website","url":"https:\/\/www.pressenza.com\/es\/","name":"Pressenza","description":"International Press Agency","publisher":{"@id":"https:\/\/www.pressenza.com\/es\/#organization"},"potentialAction":[{"@type":"SearchAction","target":{"@type":"EntryPoint","urlTemplate":"https:\/\/www.pressenza.com\/es\/?s={search_term_string}"},"query-input":{"@type":"PropertyValueSpecification","valueRequired":true,"valueName":"search_term_string"}}],"inLanguage":"es"},{"@type":"Organization","@id":"https:\/\/www.pressenza.com\/es\/#organization","name":"Pressenza","url":"https:\/\/www.pressenza.com\/es\/","logo":{"@type":"ImageObject","inLanguage":"es","@id":"https:\/\/www.pressenza.com\/es\/#\/schema\/logo\/image\/","url":"https:\/\/www.pressenza.com\/wp-content\/uploads\/2022\/10\/pressenza_logo_200x200.jpg","contentUrl":"https:\/\/www.pressenza.com\/wp-content\/uploads\/2022\/10\/pressenza_logo_200x200.jpg","width":200,"height":200,"caption":"Pressenza"},"image":{"@id":"https:\/\/www.pressenza.com\/es\/#\/schema\/logo\/image\/"},"sameAs":["https:\/\/www.facebook.com\/PressenzaItalia","https:\/\/x.com\/PressenzaIPA"]},{"@type":"Person","@id":"https:\/\/www.pressenza.com\/es\/#\/schema\/person\/bfb2123ddd224e1ceebc4f8ae8a61b3d","name":"Julio Rudman","url":"https:\/\/www.pressenza.com\/es\/author\/juliorudman\/"}]}},"place":"Mendoza","original_article_url":"","_links":{"self":[{"href":"https:\/\/www.pressenza.com\/es\/wp-json\/wp\/v2\/posts\/115332","targetHints":{"allow":["GET"]}}],"collection":[{"href":"https:\/\/www.pressenza.com\/es\/wp-json\/wp\/v2\/posts"}],"about":[{"href":"https:\/\/www.pressenza.com\/es\/wp-json\/wp\/v2\/types\/post"}],"author":[{"embeddable":true,"href":"https:\/\/www.pressenza.com\/es\/wp-json\/wp\/v2\/users\/922"}],"replies":[{"embeddable":true,"href":"https:\/\/www.pressenza.com\/es\/wp-json\/wp\/v2\/comments?post=115332"}],"version-history":[{"count":0,"href":"https:\/\/www.pressenza.com\/es\/wp-json\/wp\/v2\/posts\/115332\/revisions"}],"wp:featuredmedia":[{"embeddable":true,"href":"https:\/\/www.pressenza.com\/es\/wp-json\/wp\/v2\/media\/115333"}],"wp:attachment":[{"href":"https:\/\/www.pressenza.com\/es\/wp-json\/wp\/v2\/media?parent=115332"}],"wp:term":[{"taxonomy":"category","embeddable":true,"href":"https:\/\/www.pressenza.com\/es\/wp-json\/wp\/v2\/categories?post=115332"},{"taxonomy":"post_tag","embeddable":true,"href":"https:\/\/www.pressenza.com\/es\/wp-json\/wp\/v2\/tags?post=115332"}],"curies":[{"name":"wp","href":"https:\/\/api.w.org\/{rel}","templated":true}]}}