{"id":1151,"date":"2009-08-31T00:00:00","date_gmt":"2009-08-31T00:00:00","guid":{"rendered":""},"modified":"2009-09-28T05:01:04","modified_gmt":"2009-09-28T05:01:04","slug":"miramarx-una-ciudad-mxs-que-se-incorpora-a-proyecto-mundial-por-la-paz","status":"publish","type":"post","link":"https:\/\/www.pressenza.com\/es\/2009\/08\/miramarx-una-ciudad-mxs-que-se-incorpora-a-proyecto-mundial-por-la-paz\/","title":{"rendered":"Miramar, una ciudad m\u00e1s que se incorpora a proyecto mundial por la paz"},"content":{"rendered":"<p>El Intendente del Partido de General Alvarado en la Provincia de Buenos Aires, el Licenciado Patricio Hogan, recibi\u00f3 al equipo promotor de la Marcha Mundial por la Paz y la No-Violencia y formaliz\u00f3 su adhesi\u00f3n a la misma.<\/p>\n<p>En la reuni\u00f3n Hogan puso a disposici\u00f3n el departamento de Prensa del municipio para la difusi\u00f3n del evento. De este modo, en Miramar se difundir\u00e1n spots radiales y televisivos por los medios locales.<\/p>\n<p>General Alvarado es un municipio pujante del sur de la provincia de Buenos Aires, cuya cabecera es la ciudad de Miramar, un balneario que eligen miles de argentinos para pasar sus vacaciones de verano. Se encuentra a 50 km de la ciudad de Mar del Plata.<\/p>\n","protected":false},"excerpt":{"rendered":"<p>Miramar es un balneario que eligen miles de argentinos para pasar sus vacaciones de verano. Se encuentra a 50 km. de la mundialmente conocida ciudad de Mar del Plata. Su Intendente, Patricio Hogan, adhiri\u00f3 recientemente a los postulados de la Marcha Mundial por la Paz y la No-Violencia y se comprometi\u00f3 a dar difusi\u00f3n en su municipio a la iniciativa global contra la violencia.<\/p>\n","protected":false},"author":19,"featured_media":0,"comment_status":"closed","ping_status":"open","sticky":false,"template":"","format":"standard","meta":{"footnotes":""},"categories":[74,67],"tags":[],"class_list":["post-1151","post","type-post","status-publish","format-standard","hentry","category-politica-es","category-sudamerica"],"yoast_head":"<!-- This site is optimized with the Yoast SEO plugin v27.1.1 - https:\/\/yoast.com\/product\/yoast-seo-wordpress\/ -->\n<title>Miramar, una ciudad m\u00e1s que se incorpora a proyecto mundial por la paz<\/title>\n<meta name=\"description\" content=\"Miramar es un balneario que eligen miles de argentinos para pasar sus vacaciones de verano. Se encuentra a 50 km. de la mundialmente conocida ciudad de Mar del Plata. Su Intendente, Patricio Hogan, adhiri\u00f3 recientemente a los postulados de la Marcha Mundial por la Paz y la No-Violencia y se comprometi\u00f3 a dar difusi\u00f3n en su municipio a la iniciativa global contra la violencia.\" \/>\n<meta name=\"robots\" content=\"index, follow, max-snippet:-1, max-image-preview:large, max-video-preview:-1\" \/>\n<link rel=\"canonical\" href=\"https:\/\/www.pressenza.com\/es\/2009\/08\/miramarx-una-ciudad-mxs-que-se-incorpora-a-proyecto-mundial-por-la-paz\/\" \/>\n<meta property=\"og:locale\" content=\"es_ES\" \/>\n<meta property=\"og:type\" content=\"article\" \/>\n<meta property=\"og:title\" content=\"Miramar, una ciudad m\u00e1s que se incorpora a proyecto mundial por la paz\" \/>\n<meta property=\"og:description\" content=\"Miramar es un balneario que eligen miles de argentinos para pasar sus vacaciones de verano. Se encuentra a 50 km. de la mundialmente conocida ciudad de Mar del Plata. Su Intendente, Patricio Hogan, adhiri\u00f3 recientemente a los postulados de la Marcha Mundial por la Paz y la No-Violencia y se comprometi\u00f3 a dar difusi\u00f3n en su municipio a la iniciativa global contra la violencia.\" \/>\n<meta property=\"og:url\" content=\"https:\/\/www.pressenza.com\/es\/2009\/08\/miramarx-una-ciudad-mxs-que-se-incorpora-a-proyecto-mundial-por-la-paz\/\" \/>\n<meta property=\"og:site_name\" content=\"Pressenza\" \/>\n<meta property=\"article:publisher\" content=\"https:\/\/www.facebook.com\/PressenzaItalia\" \/>\n<meta property=\"article:author\" content=\"https:\/\/www.facebook.com\/pressenza\" \/>\n<meta property=\"article:published_time\" content=\"2009-08-31T00:00:00+00:00\" \/>\n<meta property=\"article:modified_time\" content=\"2009-09-28T05:01:04+00:00\" \/>\n<meta name=\"author\" content=\"Pressenza IPA\" \/>\n<meta name=\"twitter:card\" content=\"summary_large_image\" \/>\n<meta name=\"twitter:creator\" content=\"@PressenzaIPA\" \/>\n<meta name=\"twitter:site\" content=\"@PressenzaIPA\" \/>\n<meta name=\"twitter:label1\" content=\"Escrito por\" \/>\n\t<meta name=\"twitter:data1\" content=\"Pressenza IPA\" \/>\n\t<meta name=\"twitter:label2\" content=\"Tiempo de lectura\" \/>\n\t<meta name=\"twitter:data2\" content=\"1 minuto\" \/>\n<script type=\"application\/ld+json\" class=\"yoast-schema-graph\">{\"@context\":\"https:\/\/schema.org\",\"@graph\":[{\"@type\":\"Article\",\"@id\":\"https:\/\/www.pressenza.com\/es\/2009\/08\/miramarx-una-ciudad-mxs-que-se-incorpora-a-proyecto-mundial-por-la-paz\/#article\",\"isPartOf\":{\"@id\":\"https:\/\/www.pressenza.com\/es\/2009\/08\/miramarx-una-ciudad-mxs-que-se-incorpora-a-proyecto-mundial-por-la-paz\/\"},\"author\":{\"name\":\"Pressenza IPA\",\"@id\":\"https:\/\/www.pressenza.com\/es\/#\/schema\/person\/010e5d02bcf40965427a1289a4cc8d75\"},\"headline\":\"Miramar, una ciudad m\u00e1s que se incorpora a proyecto mundial por la paz\",\"datePublished\":\"2009-08-31T00:00:00+00:00\",\"dateModified\":\"2009-09-28T05:01:04+00:00\",\"mainEntityOfPage\":{\"@id\":\"https:\/\/www.pressenza.com\/es\/2009\/08\/miramarx-una-ciudad-mxs-que-se-incorpora-a-proyecto-mundial-por-la-paz\/\"},\"wordCount\":135,\"publisher\":{\"@id\":\"https:\/\/www.pressenza.com\/es\/#organization\"},\"articleSection\":[\"Pol\u00edtica\",\"Sudam\u00e9rica\"],\"inLanguage\":\"es\"},{\"@type\":\"WebPage\",\"@id\":\"https:\/\/www.pressenza.com\/es\/2009\/08\/miramarx-una-ciudad-mxs-que-se-incorpora-a-proyecto-mundial-por-la-paz\/\",\"url\":\"https:\/\/www.pressenza.com\/es\/2009\/08\/miramarx-una-ciudad-mxs-que-se-incorpora-a-proyecto-mundial-por-la-paz\/\",\"name\":\"Miramar, una ciudad m\u00e1s que se incorpora a proyecto mundial por la paz\",\"isPartOf\":{\"@id\":\"https:\/\/www.pressenza.com\/es\/#website\"},\"datePublished\":\"2009-08-31T00:00:00+00:00\",\"dateModified\":\"2009-09-28T05:01:04+00:00\",\"description\":\"Miramar es un balneario que eligen miles de argentinos para pasar sus vacaciones de verano. Se encuentra a 50 km. de la mundialmente conocida ciudad de Mar del Plata. Su Intendente, Patricio Hogan, adhiri\u00f3 recientemente a los postulados de la Marcha Mundial por la Paz y la No-Violencia y se comprometi\u00f3 a dar difusi\u00f3n en su municipio a la iniciativa global contra la violencia.\",\"breadcrumb\":{\"@id\":\"https:\/\/www.pressenza.com\/es\/2009\/08\/miramarx-una-ciudad-mxs-que-se-incorpora-a-proyecto-mundial-por-la-paz\/#breadcrumb\"},\"inLanguage\":\"es\",\"potentialAction\":[{\"@type\":\"ReadAction\",\"target\":[\"https:\/\/www.pressenza.com\/es\/2009\/08\/miramarx-una-ciudad-mxs-que-se-incorpora-a-proyecto-mundial-por-la-paz\/\"]}]},{\"@type\":\"BreadcrumbList\",\"@id\":\"https:\/\/www.pressenza.com\/es\/2009\/08\/miramarx-una-ciudad-mxs-que-se-incorpora-a-proyecto-mundial-por-la-paz\/#breadcrumb\",\"itemListElement\":[{\"@type\":\"ListItem\",\"position\":1,\"name\":\"Accueil\",\"item\":\"https:\/\/www.pressenza.com\/es\/\"},{\"@type\":\"ListItem\",\"position\":2,\"name\":\"Miramar, una ciudad m\u00e1s que se incorpora a proyecto mundial por la paz\"}]},{\"@type\":\"WebSite\",\"@id\":\"https:\/\/www.pressenza.com\/es\/#website\",\"url\":\"https:\/\/www.pressenza.com\/es\/\",\"name\":\"Pressenza\",\"description\":\"International Press Agency\",\"publisher\":{\"@id\":\"https:\/\/www.pressenza.com\/es\/#organization\"},\"potentialAction\":[{\"@type\":\"SearchAction\",\"target\":{\"@type\":\"EntryPoint\",\"urlTemplate\":\"https:\/\/www.pressenza.com\/es\/?s={search_term_string}\"},\"query-input\":{\"@type\":\"PropertyValueSpecification\",\"valueRequired\":true,\"valueName\":\"search_term_string\"}}],\"inLanguage\":\"es\"},{\"@type\":\"Organization\",\"@id\":\"https:\/\/www.pressenza.com\/es\/#organization\",\"name\":\"Pressenza\",\"url\":\"https:\/\/www.pressenza.com\/es\/\",\"logo\":{\"@type\":\"ImageObject\",\"inLanguage\":\"es\",\"@id\":\"https:\/\/www.pressenza.com\/es\/#\/schema\/logo\/image\/\",\"url\":\"https:\/\/www.pressenza.com\/wp-content\/uploads\/2022\/10\/pressenza_logo_200x200.jpg\",\"contentUrl\":\"https:\/\/www.pressenza.com\/wp-content\/uploads\/2022\/10\/pressenza_logo_200x200.jpg\",\"width\":200,\"height\":200,\"caption\":\"Pressenza\"},\"image\":{\"@id\":\"https:\/\/www.pressenza.com\/es\/#\/schema\/logo\/image\/\"},\"sameAs\":[\"https:\/\/www.facebook.com\/PressenzaItalia\",\"https:\/\/x.com\/PressenzaIPA\"]},{\"@type\":\"Person\",\"@id\":\"https:\/\/www.pressenza.com\/es\/#\/schema\/person\/010e5d02bcf40965427a1289a4cc8d75\",\"name\":\"Pressenza IPA\",\"description\":\"News from Pressenza IPA correspondents\",\"sameAs\":[\"https:\/\/www.facebook.com\/pressenza\",\"https:\/\/x.com\/PressenzaIPA\"],\"url\":\"https:\/\/www.pressenza.com\/es\/author\/pressenza-ipa\/\"}]}<\/script>\n<!-- \/ Yoast SEO plugin. -->","yoast_head_json":{"title":"Miramar, una ciudad m\u00e1s que se incorpora a proyecto mundial por la paz","description":"Miramar es un balneario que eligen miles de argentinos para pasar sus vacaciones de verano. Se encuentra a 50 km. de la mundialmente conocida ciudad de Mar del Plata. Su Intendente, Patricio Hogan, adhiri\u00f3 recientemente a los postulados de la Marcha Mundial por la Paz y la No-Violencia y se comprometi\u00f3 a dar difusi\u00f3n en su municipio a la iniciativa global contra la violencia.","robots":{"index":"index","follow":"follow","max-snippet":"max-snippet:-1","max-image-preview":"max-image-preview:large","max-video-preview":"max-video-preview:-1"},"canonical":"https:\/\/www.pressenza.com\/es\/2009\/08\/miramarx-una-ciudad-mxs-que-se-incorpora-a-proyecto-mundial-por-la-paz\/","og_locale":"es_ES","og_type":"article","og_title":"Miramar, una ciudad m\u00e1s que se incorpora a proyecto mundial por la paz","og_description":"Miramar es un balneario que eligen miles de argentinos para pasar sus vacaciones de verano. Se encuentra a 50 km. de la mundialmente conocida ciudad de Mar del Plata. Su Intendente, Patricio Hogan, adhiri\u00f3 recientemente a los postulados de la Marcha Mundial por la Paz y la No-Violencia y se comprometi\u00f3 a dar difusi\u00f3n en su municipio a la iniciativa global contra la violencia.","og_url":"https:\/\/www.pressenza.com\/es\/2009\/08\/miramarx-una-ciudad-mxs-que-se-incorpora-a-proyecto-mundial-por-la-paz\/","og_site_name":"Pressenza","article_publisher":"https:\/\/www.facebook.com\/PressenzaItalia","article_author":"https:\/\/www.facebook.com\/pressenza","article_published_time":"2009-08-31T00:00:00+00:00","article_modified_time":"2009-09-28T05:01:04+00:00","author":"Pressenza IPA","twitter_card":"summary_large_image","twitter_creator":"@PressenzaIPA","twitter_site":"@PressenzaIPA","twitter_misc":{"Escrito por":"Pressenza IPA","Tiempo de lectura":"1 minuto"},"schema":{"@context":"https:\/\/schema.org","@graph":[{"@type":"Article","@id":"https:\/\/www.pressenza.com\/es\/2009\/08\/miramarx-una-ciudad-mxs-que-se-incorpora-a-proyecto-mundial-por-la-paz\/#article","isPartOf":{"@id":"https:\/\/www.pressenza.com\/es\/2009\/08\/miramarx-una-ciudad-mxs-que-se-incorpora-a-proyecto-mundial-por-la-paz\/"},"author":{"name":"Pressenza IPA","@id":"https:\/\/www.pressenza.com\/es\/#\/schema\/person\/010e5d02bcf40965427a1289a4cc8d75"},"headline":"Miramar, una ciudad m\u00e1s que se incorpora a proyecto mundial por la paz","datePublished":"2009-08-31T00:00:00+00:00","dateModified":"2009-09-28T05:01:04+00:00","mainEntityOfPage":{"@id":"https:\/\/www.pressenza.com\/es\/2009\/08\/miramarx-una-ciudad-mxs-que-se-incorpora-a-proyecto-mundial-por-la-paz\/"},"wordCount":135,"publisher":{"@id":"https:\/\/www.pressenza.com\/es\/#organization"},"articleSection":["Pol\u00edtica","Sudam\u00e9rica"],"inLanguage":"es"},{"@type":"WebPage","@id":"https:\/\/www.pressenza.com\/es\/2009\/08\/miramarx-una-ciudad-mxs-que-se-incorpora-a-proyecto-mundial-por-la-paz\/","url":"https:\/\/www.pressenza.com\/es\/2009\/08\/miramarx-una-ciudad-mxs-que-se-incorpora-a-proyecto-mundial-por-la-paz\/","name":"Miramar, una ciudad m\u00e1s que se incorpora a proyecto mundial por la paz","isPartOf":{"@id":"https:\/\/www.pressenza.com\/es\/#website"},"datePublished":"2009-08-31T00:00:00+00:00","dateModified":"2009-09-28T05:01:04+00:00","description":"Miramar es un balneario que eligen miles de argentinos para pasar sus vacaciones de verano. Se encuentra a 50 km. de la mundialmente conocida ciudad de Mar del Plata. Su Intendente, Patricio Hogan, adhiri\u00f3 recientemente a los postulados de la Marcha Mundial por la Paz y la No-Violencia y se comprometi\u00f3 a dar difusi\u00f3n en su municipio a la iniciativa global contra la violencia.","breadcrumb":{"@id":"https:\/\/www.pressenza.com\/es\/2009\/08\/miramarx-una-ciudad-mxs-que-se-incorpora-a-proyecto-mundial-por-la-paz\/#breadcrumb"},"inLanguage":"es","potentialAction":[{"@type":"ReadAction","target":["https:\/\/www.pressenza.com\/es\/2009\/08\/miramarx-una-ciudad-mxs-que-se-incorpora-a-proyecto-mundial-por-la-paz\/"]}]},{"@type":"BreadcrumbList","@id":"https:\/\/www.pressenza.com\/es\/2009\/08\/miramarx-una-ciudad-mxs-que-se-incorpora-a-proyecto-mundial-por-la-paz\/#breadcrumb","itemListElement":[{"@type":"ListItem","position":1,"name":"Accueil","item":"https:\/\/www.pressenza.com\/es\/"},{"@type":"ListItem","position":2,"name":"Miramar, una ciudad m\u00e1s que se incorpora a proyecto mundial por la paz"}]},{"@type":"WebSite","@id":"https:\/\/www.pressenza.com\/es\/#website","url":"https:\/\/www.pressenza.com\/es\/","name":"Pressenza","description":"International Press Agency","publisher":{"@id":"https:\/\/www.pressenza.com\/es\/#organization"},"potentialAction":[{"@type":"SearchAction","target":{"@type":"EntryPoint","urlTemplate":"https:\/\/www.pressenza.com\/es\/?s={search_term_string}"},"query-input":{"@type":"PropertyValueSpecification","valueRequired":true,"valueName":"search_term_string"}}],"inLanguage":"es"},{"@type":"Organization","@id":"https:\/\/www.pressenza.com\/es\/#organization","name":"Pressenza","url":"https:\/\/www.pressenza.com\/es\/","logo":{"@type":"ImageObject","inLanguage":"es","@id":"https:\/\/www.pressenza.com\/es\/#\/schema\/logo\/image\/","url":"https:\/\/www.pressenza.com\/wp-content\/uploads\/2022\/10\/pressenza_logo_200x200.jpg","contentUrl":"https:\/\/www.pressenza.com\/wp-content\/uploads\/2022\/10\/pressenza_logo_200x200.jpg","width":200,"height":200,"caption":"Pressenza"},"image":{"@id":"https:\/\/www.pressenza.com\/es\/#\/schema\/logo\/image\/"},"sameAs":["https:\/\/www.facebook.com\/PressenzaItalia","https:\/\/x.com\/PressenzaIPA"]},{"@type":"Person","@id":"https:\/\/www.pressenza.com\/es\/#\/schema\/person\/010e5d02bcf40965427a1289a4cc8d75","name":"Pressenza IPA","description":"News from Pressenza IPA correspondents","sameAs":["https:\/\/www.facebook.com\/pressenza","https:\/\/x.com\/PressenzaIPA"],"url":"https:\/\/www.pressenza.com\/es\/author\/pressenza-ipa\/"}]}},"place":"Miramar","original_article_url":"","_links":{"self":[{"href":"https:\/\/www.pressenza.com\/es\/wp-json\/wp\/v2\/posts\/1151","targetHints":{"allow":["GET"]}}],"collection":[{"href":"https:\/\/www.pressenza.com\/es\/wp-json\/wp\/v2\/posts"}],"about":[{"href":"https:\/\/www.pressenza.com\/es\/wp-json\/wp\/v2\/types\/post"}],"author":[{"embeddable":true,"href":"https:\/\/www.pressenza.com\/es\/wp-json\/wp\/v2\/users\/19"}],"replies":[{"embeddable":true,"href":"https:\/\/www.pressenza.com\/es\/wp-json\/wp\/v2\/comments?post=1151"}],"version-history":[{"count":0,"href":"https:\/\/www.pressenza.com\/es\/wp-json\/wp\/v2\/posts\/1151\/revisions"}],"wp:attachment":[{"href":"https:\/\/www.pressenza.com\/es\/wp-json\/wp\/v2\/media?parent=1151"}],"wp:term":[{"taxonomy":"category","embeddable":true,"href":"https:\/\/www.pressenza.com\/es\/wp-json\/wp\/v2\/categories?post=1151"},{"taxonomy":"post_tag","embeddable":true,"href":"https:\/\/www.pressenza.com\/es\/wp-json\/wp\/v2\/tags?post=1151"}],"curies":[{"name":"wp","href":"https:\/\/api.w.org\/{rel}","templated":true}]}}