{"id":1147892,"date":"2020-06-29T01:04:11","date_gmt":"2020-06-29T00:04:11","guid":{"rendered":"https:\/\/www.pressenza.com\/?p=1147892"},"modified":"2020-06-29T01:04:11","modified_gmt":"2020-06-29T00:04:11","slug":"dia-del-orgullo-lgbt-cuales-son-las-demandas-que-mantiene-la-comunidad-sexodiversa","status":"publish","type":"post","link":"https:\/\/www.pressenza.com\/es\/2020\/06\/dia-del-orgullo-lgbt-cuales-son-las-demandas-que-mantiene-la-comunidad-sexodiversa\/","title":{"rendered":"D\u00eda del Orgullo LGBT: \u00bfCu\u00e1les son las demandas que mantiene la comunidad sexodiversa?"},"content":{"rendered":"<p>Las\u00a0<strong>demandas<\/strong>\u00a0de gays, lesbianas, bisexuales y transexuales (<strong>LGBT<\/strong>) <strong>siguen teniendo plena vigencia a pesar de los avances registrados en la\u00a0\u00faltima d\u00e9cada, <\/strong>ya que la diversidad sigue incomodando a los sectores m\u00e1s conservadores de la sociedad y est\u00e1 castigada legalmente por varios pa\u00edses.<\/p>\n<p>Este domingo 28 de junio el mundo conmemora el <strong>D\u00eda del Orgullo LGBT, <\/strong>para reivindicar los derechos de este colectivo.<\/p>\n<p>El origen de esta celebraci\u00f3n viene de los disturbios en el\u00a0<strong>pub Stonewall Inn, en Greenwich Village de Nueva York,<\/strong>\u00a0durante el a\u00f1o de\u00a0<strong>1969.<\/strong>\u00a0Aquella madrugada la comunidad LGBT se uni\u00f3 por primera vez en los Estados Unidos para luchar por sus derechos.<\/p>\n<figure class=\"wp-block-image\"><img decoding=\"async\" class=\"td-animation-stack-type0-2\" src=\"https:\/\/cdn.shortpixel.ai\/spai\/w_696+q_lossy+ret_img+to_webp\/https:\/\/www.eluniversal.com.mx\/sites\/default\/files\/styles\/f03-651x400\/public\/2020\/06\/28\/comunidad_lgbt.jpg?itok=uG2w4Vwy&amp;c=aaa398f74c5c3e15e323c52a86c05d37\" alt=\"derechos_LGBT\" data-spai=\"1\" data-spai-upd=\"696\" \/><figcaption>D\u00eda del Orgullo LGBT en Madrid, durante el a\u00f1o 2018. Foto: EFE.<\/figcaption><\/figure>\n<p>Un a\u00f1o m\u00e1s tarde, en 1970, se dieron las\u00a0<strong>primeras marchas y\u00a0desfiles del Orgullo Gay.<\/strong>\u00a0Dicha conmemoraci\u00f3n ocurri\u00f3 el 4 de junio de 1970, recorriendo las calles neoyorquinas desde Greenwich Village hasta Central Park.<\/p>\n<p>Desde entonces, este evento ha sido considerado simb\u00f3licamente el\u00a0<strong>momento de nacimiento del movimiento moderno de liberaci\u00f3n gay\u00a0<\/strong>en todo el mundo. Por esta raz\u00f3n,<strong>\u00a0el movimiento LGBT eligi\u00f3 el 28 de junio como la fecha del \u00abD\u00eda Mundial del Orgullo LGBT\u00bb<\/strong>\u00a0u \u00bb Orgullo gay \u00ab.<\/p>\n<figure class=\"wp-block-image is-resized\"><img loading=\"lazy\" decoding=\"async\" class=\"td-animation-stack-type0-2\" src=\"https:\/\/encrypted-tbn0.gstatic.com\/images?q=tbn%3AANd9GcRUwsRwuxO-TD_WSBZUA-zoE4oV2VD75hMoug&amp;usqp=CAU\" alt=\"El colectivo LGBT pide que las marcas reasignen los presupuestos ...\" width=\"569\" height=\"319\" \/><figcaption>A pesar de los avances el colectivo LGBT contin\u00faa padeciendo agresiones, ataques hom\u00f3fobos, y muestras de discriminaci\u00f3n en diversos \u00e1mbitos.<\/figcaption><\/figure>\n<p><strong>Reivindicaciones del colectivo LGBT<\/strong><\/p>\n<p>M\u00e1s all\u00e1 de las marchas y celebraciones. Este d\u00eda es una oportunidad para recordar que el <strong>repudio, el hostigamiento y la criminalizaci\u00f3n de los integrantes de este colectivo son pr\u00e1cticas habituales en gran parte del planeta,<\/strong> donde los m\u00e1s conservadores e intolerantes reprueban las conductas sexuales que no respondan a sus creencias.<\/p>\n<p>Incluso <strong>las sociedades m\u00e1s progresistas <\/strong>en el respeto a la diversidad<strong> est\u00e1n todav\u00eda lejos de alcanzar la normalidad <\/strong>debido a los ataques perpetrados por las minor\u00edas hom\u00f3fobas.<\/p>\n<p>En sociedades en que el respeto a la diversidad es a\u00fan deficitario, <strong>el colectivo LGBT padece agresiones, ataques hom\u00f3fobos, y muestras de discriminaci\u00f3n en diversos \u00e1mbitos<\/strong>. Este es el caso de Am\u00e9rica Latina, que a pesar de los adelantos que algunas naciones han logrado, como por ejemplo la aprobaci\u00f3n de los matrimonios entre parejas del mismo sexo, todav\u00eda persiste la intolerancia.<\/p>\n<figure class=\"wp-block-embed-youtube wp-block-embed is-type-video is-provider-youtube wp-embed-aspect-16-9 wp-has-aspect-ratio\">\n<div class=\"wp-block-embed__wrapper\"><iframe loading=\"lazy\" title=\"En 72 pa\u00edses ser gay es un delito y en 8 se castiga con pena de muerte\" src=\"https:\/\/www.youtube.com\/embed\/8ziTKXJlI9U?feature=oembed\" width=\"100%\" height=\"392\" frameborder=\"0\" allowfullscreen=\"allowfullscreen\" data-mce-fragment=\"1\"><\/iframe><\/div>\n<\/figure>\n<p>Lo cierto, es que lucha de este colectivo no se puede detener, ya que la actualidad <strong>m\u00e1s de 70 pa\u00edses penalizan y criminalizan <\/strong>en diverso grado las relaciones consensuales entre personas del mismo sexo, y en algunos incluso son castigadas con la pena de muerte.<\/p>\n<div>\n<div><span class=\"ctaText\">Relacionado:<\/span>\u00a0 <span class=\"postTitle\">Inmigrantes rescatados del mar se contagian de COVID-19 en un centro de la Cruz Roja<\/span><\/div>\n<\/div>\n<p>\u201c<strong>Son m\u00e1s del doble de los pa\u00edses que garantizan el matrimonio igualitario,<\/strong> y m\u00e1s del triple de aquellos que reconocen la identidad de g\u00e9nero autopercibida\u201d, conden\u00f3 Esteban Paul\u00f3n, director ejecutivo del Instituto de Pol\u00edticas P\u00fablicas LGBT+ e integrante de la Comisi\u00f3n Directiva de la Federaci\u00f3n Argentina LGBT (FALGBT).<\/p>\n<p>Asimismo, el mundo experimenta el r<strong>esurgimiento de discursos de odio por parte de sectores de la ultraderecha<\/strong>, que amenazan la normalizaci\u00f3n de la diversidad sexual.<\/p>\n<p>Paul\u00f3n record\u00f3 que tambi\u00e9n se debate en muchos pa\u00edses \u2013 incluidos varios de Am\u00e9rica Latina \u2013 sobre las \u00ab<strong>terapias de reconversi\u00f3n<\/strong>\u00bb para \u00abcurar\u00bb a las personas LGBT+, y esto a pesar que hace 30 a\u00f1os la Organizaci\u00f3n Mundial de la Salud quit\u00f3 a la homosexualidad del listado de des\u00f3rdenes mentales, \u201cy en breve correr\u00e1n la misma suerte las identidades trans\u201d.<\/p>\n<p>\u201cEstos son s\u00f3lo algunos de los frentes en los que nos encuentra el Orgullo en el 2020, a los que podr\u00edamos sumar la lucha por la<strong> inclusi\u00f3n plena del colectivo trans <\/strong>en los \u00e1mbitos de la salud, la educaci\u00f3n y el empleo, o el derecho de todos los ni\u00f1ez a vivir infancias felices, plenas y libres de discriminaci\u00f3n y prejuicio\u201d, afirm\u00f3 citado por la agencia T\u00e9lam.<\/p>\n<figure class=\"wp-block-image\"><img decoding=\"async\" class=\"td-animation-stack-type0-2\" src=\"https:\/\/cdn.shortpixel.ai\/spai\/w_620+q_lossy+ret_img+to_webp\/https:\/\/okdiario.com\/img\/2020\/06\/25\/dia-del-orgullo-gay-2020-celebraciones-virtuales-620x349.jpg\" alt=\"D\u00eda del Orgullo Gay 2020: Celebraciones virtuales debido al Covid-19\" data-spai=\"1\" data-spai-upd=\"620\" \/><figcaption>Debido a la pandemia del COVID-19 las celebraciones del Orgullo LGBT ser\u00e1n virtuales.<\/figcaption><\/figure>\n<p><strong>Orgullo online<\/strong><\/p>\n<p><strong>Mascarillas arco\u00edris, pregones en internet, marchas virtuales, murales reivindicativos<\/strong> son \u00a0las im\u00e1genes que dejar\u00e1 el Orgullo LGBT 2020, como consecuencia de la <strong>pandemia del COVID-19,<\/strong> que ha convertido esta conmemoraci\u00f3n en la m\u00e1s at\u00edpica en 51 a\u00f1os de historia.<\/p>\n<p>Este a\u00f1o no habr\u00e1 marcha por las calles; sin embargo se realizan actividades como la\u00a0<strong>transmisi\u00f3n \u00abOrgullo global 2020\u00bb,<\/strong>\u00a0durante la cual habr\u00e1 espect\u00e1culos, actuaciones musicales y otros actos a favor de los derechos LGBT. Este evento durar\u00e1 24 horas con acciones ininterrumpidas.<\/p>\n<figure class=\"wp-block-embed-youtube wp-block-embed is-type-video is-provider-youtube wp-embed-aspect-16-9 wp-has-aspect-ratio\">\n<div class=\"wp-block-embed__wrapper\"><iframe loading=\"lazy\" title=\"Por coronavirus, marcha del orgullo gay 2020 ser\u00e1 digital\" src=\"https:\/\/www.youtube.com\/embed\/nkkA9zRHLPw?feature=oembed\" width=\"100%\" height=\"392\" frameborder=\"0\" allowfullscreen=\"allowfullscreen\" data-mce-fragment=\"1\"><\/iframe><\/div>\n<\/figure>\n<p>Durante estos d\u00edas, los <strong>balcones de los edificios de varias ciudades portan banderas arcoiris, <\/strong>mientras en las calles pueden verse murales alusivos.<\/p>\n<p>Tambi\u00e9n se estar\u00e1n realizando <strong>conversatorios y charlas online sobre educaci\u00f3n en diversidad, salud sexual o visibilizaci\u00f3n LGTB <\/strong>en las que participar\u00e1n, especialistas, l\u00edderes sociales y referentes para el colectivo.<\/p>\n","protected":false},"excerpt":{"rendered":"<p>Las\u00a0demandas\u00a0de gays, lesbianas, bisexuales y transexuales (LGBT) siguen teniendo plena vigencia a pesar de los avances registrados en la\u00a0\u00faltima d\u00e9cada, ya que la diversidad sigue incomodando a los sectores m\u00e1s conservadores de la sociedad y est\u00e1 castigada legalmente por varios&hellip;<\/p>\n","protected":false},"author":616,"featured_media":1147903,"comment_status":"closed","ping_status":"closed","sticky":false,"template":"","format":"standard","meta":{"footnotes":""},"categories":[79,1241,68],"tags":[77971,77972,77973,15108,27190,38539],"class_list":["post-1147892","post","type-post","status-publish","format-standard","has-post-thumbnail","hentry","category-derechos-humanos","category-diversidad","category-norteamerica","tag-comunidad-lgbt","tag-derechos-de-la-comunidad","tag-dia-del-orgullo-gay","tag-lgbt-es","tag-lgbti","tag-marcha-del-orgullo-gay"],"yoast_head":"<!-- This site is optimized with the Yoast SEO plugin v27.1.1 - https:\/\/yoast.com\/product\/yoast-seo-wordpress\/ -->\n<title>D\u00eda del Orgullo LGBT: \u00bfCu\u00e1les son las demandas que mantiene la comunidad sexodiversa?<\/title>\n<meta name=\"description\" content=\"Las\u00a0demandas\u00a0de gays, lesbianas, bisexuales y transexuales (LGBT) siguen teniendo plena vigencia a pesar de los avances registrados en la\u00a0\u00faltima d\u00e9cada,\" \/>\n<meta name=\"robots\" content=\"index, follow, max-snippet:-1, max-image-preview:large, max-video-preview:-1\" \/>\n<link rel=\"canonical\" href=\"https:\/\/www.pressenza.com\/es\/2020\/06\/dia-del-orgullo-lgbt-cuales-son-las-demandas-que-mantiene-la-comunidad-sexodiversa\/\" \/>\n<meta property=\"og:locale\" content=\"es_ES\" \/>\n<meta property=\"og:type\" content=\"article\" \/>\n<meta property=\"og:title\" content=\"D\u00eda del Orgullo LGBT: \u00bfCu\u00e1les son las demandas que mantiene la comunidad sexodiversa?\" \/>\n<meta property=\"og:description\" content=\"Las\u00a0demandas\u00a0de gays, lesbianas, bisexuales y transexuales (LGBT) siguen teniendo plena vigencia a pesar de los avances registrados en la\u00a0\u00faltima d\u00e9cada,\" \/>\n<meta property=\"og:url\" content=\"https:\/\/www.pressenza.com\/es\/2020\/06\/dia-del-orgullo-lgbt-cuales-son-las-demandas-que-mantiene-la-comunidad-sexodiversa\/\" \/>\n<meta property=\"og:site_name\" content=\"Pressenza\" \/>\n<meta property=\"article:publisher\" content=\"https:\/\/www.facebook.com\/PressenzaItalia\" \/>\n<meta property=\"article:published_time\" content=\"2020-06-29T00:04:11+00:00\" \/>\n<meta property=\"og:image\" content=\"https:\/\/www.pressenza.com\/wp-content\/uploads\/2020\/06\/LGBT-696x404-2.jpeg\" \/>\n\t<meta property=\"og:image:width\" content=\"800\" \/>\n\t<meta property=\"og:image:height\" content=\"464\" \/>\n\t<meta property=\"og:image:type\" content=\"image\/jpeg\" \/>\n<meta name=\"author\" content=\"El Ciudadano\" \/>\n<meta name=\"twitter:card\" content=\"summary_large_image\" \/>\n<meta name=\"twitter:creator\" content=\"@PressenzaIPA\" \/>\n<meta name=\"twitter:site\" content=\"@PressenzaIPA\" \/>\n<meta name=\"twitter:label1\" content=\"Escrito por\" \/>\n\t<meta name=\"twitter:data1\" content=\"El Ciudadano\" \/>\n\t<meta name=\"twitter:label2\" content=\"Tiempo de lectura\" \/>\n\t<meta name=\"twitter:data2\" content=\"4 minutos\" \/>\n<script type=\"application\/ld+json\" class=\"yoast-schema-graph\">{\"@context\":\"https:\/\/schema.org\",\"@graph\":[{\"@type\":\"Article\",\"@id\":\"https:\/\/www.pressenza.com\/es\/2020\/06\/dia-del-orgullo-lgbt-cuales-son-las-demandas-que-mantiene-la-comunidad-sexodiversa\/#article\",\"isPartOf\":{\"@id\":\"https:\/\/www.pressenza.com\/es\/2020\/06\/dia-del-orgullo-lgbt-cuales-son-las-demandas-que-mantiene-la-comunidad-sexodiversa\/\"},\"author\":{\"name\":\"El Ciudadano\",\"@id\":\"https:\/\/www.pressenza.com\/es\/#\/schema\/person\/6522eecb4cd68e074b27e251e4b04ef8\"},\"headline\":\"D\u00eda del Orgullo LGBT: \u00bfCu\u00e1les son las demandas que mantiene la comunidad sexodiversa?\",\"datePublished\":\"2020-06-29T00:04:11+00:00\",\"mainEntityOfPage\":{\"@id\":\"https:\/\/www.pressenza.com\/es\/2020\/06\/dia-del-orgullo-lgbt-cuales-son-las-demandas-que-mantiene-la-comunidad-sexodiversa\/\"},\"wordCount\":850,\"publisher\":{\"@id\":\"https:\/\/www.pressenza.com\/es\/#organization\"},\"image\":{\"@id\":\"https:\/\/www.pressenza.com\/es\/2020\/06\/dia-del-orgullo-lgbt-cuales-son-las-demandas-que-mantiene-la-comunidad-sexodiversa\/#primaryimage\"},\"thumbnailUrl\":\"https:\/\/www.pressenza.com\/wp-content\/uploads\/2020\/06\/LGBT-696x404-2.jpeg\",\"keywords\":[\"Comunidad LGBT\",\"Derechos de la comunidad\",\"D\u00eda del Orgullo Gay\",\"LGBT\",\"LGBTI\",\"Marcha del Orgullo Gay\"],\"articleSection\":[\"Derechos Humanos\",\"Diversidad\",\"Norteam\u00e9rica\"],\"inLanguage\":\"es\"},{\"@type\":\"WebPage\",\"@id\":\"https:\/\/www.pressenza.com\/es\/2020\/06\/dia-del-orgullo-lgbt-cuales-son-las-demandas-que-mantiene-la-comunidad-sexodiversa\/\",\"url\":\"https:\/\/www.pressenza.com\/es\/2020\/06\/dia-del-orgullo-lgbt-cuales-son-las-demandas-que-mantiene-la-comunidad-sexodiversa\/\",\"name\":\"D\u00eda del Orgullo LGBT: \u00bfCu\u00e1les son las demandas que mantiene la comunidad sexodiversa?\",\"isPartOf\":{\"@id\":\"https:\/\/www.pressenza.com\/es\/#website\"},\"primaryImageOfPage\":{\"@id\":\"https:\/\/www.pressenza.com\/es\/2020\/06\/dia-del-orgullo-lgbt-cuales-son-las-demandas-que-mantiene-la-comunidad-sexodiversa\/#primaryimage\"},\"image\":{\"@id\":\"https:\/\/www.pressenza.com\/es\/2020\/06\/dia-del-orgullo-lgbt-cuales-son-las-demandas-que-mantiene-la-comunidad-sexodiversa\/#primaryimage\"},\"thumbnailUrl\":\"https:\/\/www.pressenza.com\/wp-content\/uploads\/2020\/06\/LGBT-696x404-2.jpeg\",\"datePublished\":\"2020-06-29T00:04:11+00:00\",\"description\":\"Las\u00a0demandas\u00a0de gays, lesbianas, bisexuales y transexuales (LGBT) siguen teniendo plena vigencia a pesar de los avances registrados en la\u00a0\u00faltima d\u00e9cada,\",\"breadcrumb\":{\"@id\":\"https:\/\/www.pressenza.com\/es\/2020\/06\/dia-del-orgullo-lgbt-cuales-son-las-demandas-que-mantiene-la-comunidad-sexodiversa\/#breadcrumb\"},\"inLanguage\":\"es\",\"potentialAction\":[{\"@type\":\"ReadAction\",\"target\":[\"https:\/\/www.pressenza.com\/es\/2020\/06\/dia-del-orgullo-lgbt-cuales-son-las-demandas-que-mantiene-la-comunidad-sexodiversa\/\"]}]},{\"@type\":\"ImageObject\",\"inLanguage\":\"es\",\"@id\":\"https:\/\/www.pressenza.com\/es\/2020\/06\/dia-del-orgullo-lgbt-cuales-son-las-demandas-que-mantiene-la-comunidad-sexodiversa\/#primaryimage\",\"url\":\"https:\/\/www.pressenza.com\/wp-content\/uploads\/2020\/06\/LGBT-696x404-2.jpeg\",\"contentUrl\":\"https:\/\/www.pressenza.com\/wp-content\/uploads\/2020\/06\/LGBT-696x404-2.jpeg\",\"width\":800,\"height\":464},{\"@type\":\"BreadcrumbList\",\"@id\":\"https:\/\/www.pressenza.com\/es\/2020\/06\/dia-del-orgullo-lgbt-cuales-son-las-demandas-que-mantiene-la-comunidad-sexodiversa\/#breadcrumb\",\"itemListElement\":[{\"@type\":\"ListItem\",\"position\":1,\"name\":\"Accueil\",\"item\":\"https:\/\/www.pressenza.com\/es\/\"},{\"@type\":\"ListItem\",\"position\":2,\"name\":\"D\u00eda del Orgullo LGBT: \u00bfCu\u00e1les son las demandas que mantiene la comunidad sexodiversa?\"}]},{\"@type\":\"WebSite\",\"@id\":\"https:\/\/www.pressenza.com\/es\/#website\",\"url\":\"https:\/\/www.pressenza.com\/es\/\",\"name\":\"Pressenza\",\"description\":\"International Press Agency\",\"publisher\":{\"@id\":\"https:\/\/www.pressenza.com\/es\/#organization\"},\"potentialAction\":[{\"@type\":\"SearchAction\",\"target\":{\"@type\":\"EntryPoint\",\"urlTemplate\":\"https:\/\/www.pressenza.com\/es\/?s={search_term_string}\"},\"query-input\":{\"@type\":\"PropertyValueSpecification\",\"valueRequired\":true,\"valueName\":\"search_term_string\"}}],\"inLanguage\":\"es\"},{\"@type\":\"Organization\",\"@id\":\"https:\/\/www.pressenza.com\/es\/#organization\",\"name\":\"Pressenza\",\"url\":\"https:\/\/www.pressenza.com\/es\/\",\"logo\":{\"@type\":\"ImageObject\",\"inLanguage\":\"es\",\"@id\":\"https:\/\/www.pressenza.com\/es\/#\/schema\/logo\/image\/\",\"url\":\"https:\/\/www.pressenza.com\/wp-content\/uploads\/2022\/10\/pressenza_logo_200x200.jpg\",\"contentUrl\":\"https:\/\/www.pressenza.com\/wp-content\/uploads\/2022\/10\/pressenza_logo_200x200.jpg\",\"width\":200,\"height\":200,\"caption\":\"Pressenza\"},\"image\":{\"@id\":\"https:\/\/www.pressenza.com\/es\/#\/schema\/logo\/image\/\"},\"sameAs\":[\"https:\/\/www.facebook.com\/PressenzaItalia\",\"https:\/\/x.com\/PressenzaIPA\"]},{\"@type\":\"Person\",\"@id\":\"https:\/\/www.pressenza.com\/es\/#\/schema\/person\/6522eecb4cd68e074b27e251e4b04ef8\",\"name\":\"El Ciudadano\",\"description\":\"El Ciudadano es un medio de comunicaci\u00f3n de circulaci\u00f3n mensual en papel y de funcionamiento diario en la web. Forma parte de la Red de Medios de los Pueblos por lo que se declara como un medio del Tercer Sector para romper el cerco informativo. El Ciudadano es una publicaci\u00f3n que busca elevar desde lo local a lo global las demandas de la organizaci\u00f3n social chilena como tambi\u00e9n promover la acci\u00f3n directa de la ciudadan\u00eda por su derecho a autodeterminaci\u00f3n. elciudadano.cl\",\"url\":\"https:\/\/www.pressenza.com\/es\/author\/el-ciudadano\/\"}]}<\/script>\n<!-- \/ Yoast SEO plugin. -->","yoast_head_json":{"title":"D\u00eda del Orgullo LGBT: \u00bfCu\u00e1les son las demandas que mantiene la comunidad sexodiversa?","description":"Las\u00a0demandas\u00a0de gays, lesbianas, bisexuales y transexuales (LGBT) siguen teniendo plena vigencia a pesar de los avances registrados en la\u00a0\u00faltima d\u00e9cada,","robots":{"index":"index","follow":"follow","max-snippet":"max-snippet:-1","max-image-preview":"max-image-preview:large","max-video-preview":"max-video-preview:-1"},"canonical":"https:\/\/www.pressenza.com\/es\/2020\/06\/dia-del-orgullo-lgbt-cuales-son-las-demandas-que-mantiene-la-comunidad-sexodiversa\/","og_locale":"es_ES","og_type":"article","og_title":"D\u00eda del Orgullo LGBT: \u00bfCu\u00e1les son las demandas que mantiene la comunidad sexodiversa?","og_description":"Las\u00a0demandas\u00a0de gays, lesbianas, bisexuales y transexuales (LGBT) siguen teniendo plena vigencia a pesar de los avances registrados en la\u00a0\u00faltima d\u00e9cada,","og_url":"https:\/\/www.pressenza.com\/es\/2020\/06\/dia-del-orgullo-lgbt-cuales-son-las-demandas-que-mantiene-la-comunidad-sexodiversa\/","og_site_name":"Pressenza","article_publisher":"https:\/\/www.facebook.com\/PressenzaItalia","article_published_time":"2020-06-29T00:04:11+00:00","og_image":[{"width":800,"height":464,"url":"https:\/\/www.pressenza.com\/wp-content\/uploads\/2020\/06\/LGBT-696x404-2.jpeg","type":"image\/jpeg"}],"author":"El Ciudadano","twitter_card":"summary_large_image","twitter_creator":"@PressenzaIPA","twitter_site":"@PressenzaIPA","twitter_misc":{"Escrito por":"El Ciudadano","Tiempo de lectura":"4 minutos"},"schema":{"@context":"https:\/\/schema.org","@graph":[{"@type":"Article","@id":"https:\/\/www.pressenza.com\/es\/2020\/06\/dia-del-orgullo-lgbt-cuales-son-las-demandas-que-mantiene-la-comunidad-sexodiversa\/#article","isPartOf":{"@id":"https:\/\/www.pressenza.com\/es\/2020\/06\/dia-del-orgullo-lgbt-cuales-son-las-demandas-que-mantiene-la-comunidad-sexodiversa\/"},"author":{"name":"El Ciudadano","@id":"https:\/\/www.pressenza.com\/es\/#\/schema\/person\/6522eecb4cd68e074b27e251e4b04ef8"},"headline":"D\u00eda del Orgullo LGBT: \u00bfCu\u00e1les son las demandas que mantiene la comunidad sexodiversa?","datePublished":"2020-06-29T00:04:11+00:00","mainEntityOfPage":{"@id":"https:\/\/www.pressenza.com\/es\/2020\/06\/dia-del-orgullo-lgbt-cuales-son-las-demandas-que-mantiene-la-comunidad-sexodiversa\/"},"wordCount":850,"publisher":{"@id":"https:\/\/www.pressenza.com\/es\/#organization"},"image":{"@id":"https:\/\/www.pressenza.com\/es\/2020\/06\/dia-del-orgullo-lgbt-cuales-son-las-demandas-que-mantiene-la-comunidad-sexodiversa\/#primaryimage"},"thumbnailUrl":"https:\/\/www.pressenza.com\/wp-content\/uploads\/2020\/06\/LGBT-696x404-2.jpeg","keywords":["Comunidad LGBT","Derechos de la comunidad","D\u00eda del Orgullo Gay","LGBT","LGBTI","Marcha del Orgullo Gay"],"articleSection":["Derechos Humanos","Diversidad","Norteam\u00e9rica"],"inLanguage":"es"},{"@type":"WebPage","@id":"https:\/\/www.pressenza.com\/es\/2020\/06\/dia-del-orgullo-lgbt-cuales-son-las-demandas-que-mantiene-la-comunidad-sexodiversa\/","url":"https:\/\/www.pressenza.com\/es\/2020\/06\/dia-del-orgullo-lgbt-cuales-son-las-demandas-que-mantiene-la-comunidad-sexodiversa\/","name":"D\u00eda del Orgullo LGBT: \u00bfCu\u00e1les son las demandas que mantiene la comunidad sexodiversa?","isPartOf":{"@id":"https:\/\/www.pressenza.com\/es\/#website"},"primaryImageOfPage":{"@id":"https:\/\/www.pressenza.com\/es\/2020\/06\/dia-del-orgullo-lgbt-cuales-son-las-demandas-que-mantiene-la-comunidad-sexodiversa\/#primaryimage"},"image":{"@id":"https:\/\/www.pressenza.com\/es\/2020\/06\/dia-del-orgullo-lgbt-cuales-son-las-demandas-que-mantiene-la-comunidad-sexodiversa\/#primaryimage"},"thumbnailUrl":"https:\/\/www.pressenza.com\/wp-content\/uploads\/2020\/06\/LGBT-696x404-2.jpeg","datePublished":"2020-06-29T00:04:11+00:00","description":"Las\u00a0demandas\u00a0de gays, lesbianas, bisexuales y transexuales (LGBT) siguen teniendo plena vigencia a pesar de los avances registrados en la\u00a0\u00faltima d\u00e9cada,","breadcrumb":{"@id":"https:\/\/www.pressenza.com\/es\/2020\/06\/dia-del-orgullo-lgbt-cuales-son-las-demandas-que-mantiene-la-comunidad-sexodiversa\/#breadcrumb"},"inLanguage":"es","potentialAction":[{"@type":"ReadAction","target":["https:\/\/www.pressenza.com\/es\/2020\/06\/dia-del-orgullo-lgbt-cuales-son-las-demandas-que-mantiene-la-comunidad-sexodiversa\/"]}]},{"@type":"ImageObject","inLanguage":"es","@id":"https:\/\/www.pressenza.com\/es\/2020\/06\/dia-del-orgullo-lgbt-cuales-son-las-demandas-que-mantiene-la-comunidad-sexodiversa\/#primaryimage","url":"https:\/\/www.pressenza.com\/wp-content\/uploads\/2020\/06\/LGBT-696x404-2.jpeg","contentUrl":"https:\/\/www.pressenza.com\/wp-content\/uploads\/2020\/06\/LGBT-696x404-2.jpeg","width":800,"height":464},{"@type":"BreadcrumbList","@id":"https:\/\/www.pressenza.com\/es\/2020\/06\/dia-del-orgullo-lgbt-cuales-son-las-demandas-que-mantiene-la-comunidad-sexodiversa\/#breadcrumb","itemListElement":[{"@type":"ListItem","position":1,"name":"Accueil","item":"https:\/\/www.pressenza.com\/es\/"},{"@type":"ListItem","position":2,"name":"D\u00eda del Orgullo LGBT: \u00bfCu\u00e1les son las demandas que mantiene la comunidad sexodiversa?"}]},{"@type":"WebSite","@id":"https:\/\/www.pressenza.com\/es\/#website","url":"https:\/\/www.pressenza.com\/es\/","name":"Pressenza","description":"International Press Agency","publisher":{"@id":"https:\/\/www.pressenza.com\/es\/#organization"},"potentialAction":[{"@type":"SearchAction","target":{"@type":"EntryPoint","urlTemplate":"https:\/\/www.pressenza.com\/es\/?s={search_term_string}"},"query-input":{"@type":"PropertyValueSpecification","valueRequired":true,"valueName":"search_term_string"}}],"inLanguage":"es"},{"@type":"Organization","@id":"https:\/\/www.pressenza.com\/es\/#organization","name":"Pressenza","url":"https:\/\/www.pressenza.com\/es\/","logo":{"@type":"ImageObject","inLanguage":"es","@id":"https:\/\/www.pressenza.com\/es\/#\/schema\/logo\/image\/","url":"https:\/\/www.pressenza.com\/wp-content\/uploads\/2022\/10\/pressenza_logo_200x200.jpg","contentUrl":"https:\/\/www.pressenza.com\/wp-content\/uploads\/2022\/10\/pressenza_logo_200x200.jpg","width":200,"height":200,"caption":"Pressenza"},"image":{"@id":"https:\/\/www.pressenza.com\/es\/#\/schema\/logo\/image\/"},"sameAs":["https:\/\/www.facebook.com\/PressenzaItalia","https:\/\/x.com\/PressenzaIPA"]},{"@type":"Person","@id":"https:\/\/www.pressenza.com\/es\/#\/schema\/person\/6522eecb4cd68e074b27e251e4b04ef8","name":"El Ciudadano","description":"El Ciudadano es un medio de comunicaci\u00f3n de circulaci\u00f3n mensual en papel y de funcionamiento diario en la web. Forma parte de la Red de Medios de los Pueblos por lo que se declara como un medio del Tercer Sector para romper el cerco informativo. El Ciudadano es una publicaci\u00f3n que busca elevar desde lo local a lo global las demandas de la organizaci\u00f3n social chilena como tambi\u00e9n promover la acci\u00f3n directa de la ciudadan\u00eda por su derecho a autodeterminaci\u00f3n. elciudadano.cl","url":"https:\/\/www.pressenza.com\/es\/author\/el-ciudadano\/"}]}},"place":"","original_article_url":"https:\/\/www.elciudadano.com\/diversidad-sexual\/dia-del-orgullo-lgbt-cuales-son-las-demandas-que-mantiene-la-comunidad-sexodiversa\/06\/28\/","_links":{"self":[{"href":"https:\/\/www.pressenza.com\/es\/wp-json\/wp\/v2\/posts\/1147892","targetHints":{"allow":["GET"]}}],"collection":[{"href":"https:\/\/www.pressenza.com\/es\/wp-json\/wp\/v2\/posts"}],"about":[{"href":"https:\/\/www.pressenza.com\/es\/wp-json\/wp\/v2\/types\/post"}],"author":[{"embeddable":true,"href":"https:\/\/www.pressenza.com\/es\/wp-json\/wp\/v2\/users\/616"}],"replies":[{"embeddable":true,"href":"https:\/\/www.pressenza.com\/es\/wp-json\/wp\/v2\/comments?post=1147892"}],"version-history":[{"count":0,"href":"https:\/\/www.pressenza.com\/es\/wp-json\/wp\/v2\/posts\/1147892\/revisions"}],"wp:featuredmedia":[{"embeddable":true,"href":"https:\/\/www.pressenza.com\/es\/wp-json\/wp\/v2\/media\/1147903"}],"wp:attachment":[{"href":"https:\/\/www.pressenza.com\/es\/wp-json\/wp\/v2\/media?parent=1147892"}],"wp:term":[{"taxonomy":"category","embeddable":true,"href":"https:\/\/www.pressenza.com\/es\/wp-json\/wp\/v2\/categories?post=1147892"},{"taxonomy":"post_tag","embeddable":true,"href":"https:\/\/www.pressenza.com\/es\/wp-json\/wp\/v2\/tags?post=1147892"}],"curies":[{"name":"wp","href":"https:\/\/api.w.org\/{rel}","templated":true}]}}