{"id":1145252,"date":"2020-06-27T01:13:11","date_gmt":"2020-06-27T00:13:11","guid":{"rendered":"https:\/\/www.pressenza.com\/?p=1145252"},"modified":"2020-06-27T01:14:23","modified_gmt":"2020-06-27T00:14:23","slug":"ante-la-presion-del-movimiento-social-el-gobierno-colombiano-desistio-de-la-directiva-05-se-salva-la-educacion-para-jovenes-y-adultos","status":"publish","type":"post","link":"https:\/\/www.pressenza.com\/es\/2020\/06\/ante-la-presion-del-movimiento-social-el-gobierno-colombiano-desistio-de-la-directiva-05-se-salva-la-educacion-para-jovenes-y-adultos\/","title":{"rendered":"Ante la presi\u00f3n del movimiento social, el gobierno colombiano desisti\u00f3 de la Directiva 05: se salva la educaci\u00f3n para j\u00f3venes y adultos"},"content":{"rendered":"<p>Hace dos semanas atr\u00e1s, la Coalici\u00f3n Colombiana por el Derecho a la Educaci\u00f3n emiti\u00f3 un pronunciamiento p\u00fablico contra la Directiva 05 emitida por el gobierno de Iv\u00e1n Duque que establec\u00eda lo siguiente:<\/p>\n<p>\u201c4. Prioridad en la prestaci\u00f3n del servicio para poblaci\u00f3n en edad escolar Los recursos del Sistema General de Participaciones -SGP Educaci\u00f3n deben ser priorizados para garantizar la atenci\u00f3n y la prestaci\u00f3n del servicio educativo de la poblaci\u00f3n en edad escolar, por lo que las Entidades Territoriales deben tener en cuenta las siguientes orientaciones:<\/p>\n<p>-No se podr\u00e1 adelantar contrataci\u00f3n de la prestaci\u00f3n del servicio educativo para adultos durante la presente vigencia; los contratos que ya se hubieran suscrito por parte de la Entidad Territorial y que cumplan con lo establecido por el Ministerio de Educaci\u00f3n Nacional en la comunicaci\u00f3n suscrita por la Oficina Asesora de Planeaci\u00f3n y la Subdirecci\u00f3n de Monitoreo y Control emitida el 3 de enero de 2020 respecto a la obligaci\u00f3n de remitir la poblaci\u00f3n focalizada para la respectiva autorizaci\u00f3n, dar\u00e1n prioridad para la culminaci\u00f3n de los ciclos que cada persona haya iniciado, garantizando la culminaci\u00f3n del respectivo ciclo, y se suspender\u00e1 el ingreso para el siguiente ciclo hasta la vigencia 2021.<br \/>\n-En el mismo sentido, sucede con los procesos de formaci\u00f3n para adultos que son atendidos con horas extras; es decir, las personas que ya iniciaron su proceso de formaci\u00f3n y est\u00e1n debidamente matriculados, se garantizar\u00e1 la culminaci\u00f3n del ciclo en curso, y se suspender\u00e1 el ingreso para el siguiente ciclo hasta la vigencia 2021. En este sentido, las ETC solo deber\u00e1n reconocer las horas extras estrictamente necesarias para garantizar esta medida\u201d.<\/p>\n<p>Con esta directiva, la Educaci\u00f3n de Personas J\u00f3venes y Adultas (EPJA) qued\u00f3 puesta en riesgo total y con ello, el derecho de las personas que no lograron, especialmente por razones econ\u00f3mica y de marginalidad, a concluir su proceso educativo. Por ello, la Coalici\u00f3n Colombia emprendi\u00f3 una campa\u00f1a de recolecci\u00f3n de firmas cuyo resultado ha sido la derogatoria de la Directiva 05 por parte del Ministerio de Educaci\u00f3n y la publicaci\u00f3n de una nueva directiva que establece la apertura de toda la oferta EPJA del pa\u00eds. Sin duda, un triunfo para la lucha por el derecho humano a la educaci\u00f3n.<\/p>\n<p>Esta semana, la Coalici\u00f3n llev\u00f3 a cabo un di\u00e1logo virtual para profundizar las dificultades por la que atraviesa la EPJA y para establecer las prioridades en el mejoramiento de esta oferta educativa: infraestructura suficiente, bibliotecas, dispositivos inform\u00e1ticos y recursos que amplien las oportunidades para procesos educativos de calidad, tambi\u00e9n para este sector de la poblaci\u00f3n.<\/p>\n","protected":false},"excerpt":{"rendered":"<p>Hace dos semanas atr\u00e1s, la Coalici\u00f3n Colombiana por el Derecho a la Educaci\u00f3n emiti\u00f3 un pronunciamiento p\u00fablico contra la Directiva 05 emitida por el gobierno de Iv\u00e1n Duque que establec\u00eda lo siguiente: \u201c4. Prioridad en la prestaci\u00f3n del servicio para&hellip;<\/p>\n","protected":false},"author":1804,"featured_media":1145492,"comment_status":"closed","ping_status":"closed","sticky":false,"template":"","format":"standard","meta":{"footnotes":""},"categories":[11389,79,1230,67],"tags":[75561,57255,1497],"class_list":["post-1145252","post","type-post","status-publish","format-standard","has-post-thumbnail","hentry","category-contenido-original","category-derechos-humanos","category-educacion-tema","category-sudamerica","tag-derecho-humano-a-la-educacion","tag-luchas-sociales","tag-movimientos-sociales"],"yoast_head":"<!-- This site is optimized with the Yoast SEO plugin v27.1.1 - https:\/\/yoast.com\/product\/yoast-seo-wordpress\/ -->\n<title>Ante la presi\u00f3n del movimiento social, el gobierno colombiano desisti\u00f3 de la Directiva 05: se salva la educaci\u00f3n para j\u00f3venes y adultos<\/title>\n<meta name=\"description\" content=\"Hace dos semanas atr\u00e1s, la Coalici\u00f3n Colombiana por el Derecho a la Educaci\u00f3n emiti\u00f3 un pronunciamiento p\u00fablico contra la Directiva 05 emitida por el\" \/>\n<meta name=\"robots\" content=\"index, follow, max-snippet:-1, max-image-preview:large, max-video-preview:-1\" \/>\n<link rel=\"canonical\" href=\"https:\/\/www.pressenza.com\/es\/2020\/06\/ante-la-presion-del-movimiento-social-el-gobierno-colombiano-desistio-de-la-directiva-05-se-salva-la-educacion-para-jovenes-y-adultos\/\" \/>\n<meta property=\"og:locale\" content=\"es_ES\" \/>\n<meta property=\"og:type\" content=\"article\" \/>\n<meta property=\"og:title\" content=\"Ante la presi\u00f3n del movimiento social, el gobierno colombiano desisti\u00f3 de la Directiva 05: se salva la educaci\u00f3n para j\u00f3venes y adultos\" \/>\n<meta property=\"og:description\" content=\"Hace dos semanas atr\u00e1s, la Coalici\u00f3n Colombiana por el Derecho a la Educaci\u00f3n emiti\u00f3 un pronunciamiento p\u00fablico contra la Directiva 05 emitida por el\" \/>\n<meta property=\"og:url\" content=\"https:\/\/www.pressenza.com\/es\/2020\/06\/ante-la-presion-del-movimiento-social-el-gobierno-colombiano-desistio-de-la-directiva-05-se-salva-la-educacion-para-jovenes-y-adultos\/\" \/>\n<meta property=\"og:site_name\" content=\"Pressenza\" \/>\n<meta property=\"article:publisher\" content=\"https:\/\/www.facebook.com\/PressenzaItalia\" \/>\n<meta property=\"article:published_time\" content=\"2020-06-27T00:13:11+00:00\" \/>\n<meta property=\"article:modified_time\" content=\"2020-06-27T00:14:23+00:00\" \/>\n<meta property=\"og:image\" content=\"https:\/\/www.pressenza.com\/wp-content\/uploads\/2020\/06\/IMG_0216-EPJA.jpg\" \/>\n\t<meta property=\"og:image:width\" content=\"1200\" \/>\n\t<meta property=\"og:image:height\" content=\"900\" \/>\n\t<meta property=\"og:image:type\" content=\"image\/jpeg\" \/>\n<meta name=\"author\" content=\"Mishell Monar\" \/>\n<meta name=\"twitter:card\" content=\"summary_large_image\" \/>\n<meta name=\"twitter:creator\" content=\"@PressenzaIPA\" \/>\n<meta name=\"twitter:site\" content=\"@PressenzaIPA\" \/>\n<meta name=\"twitter:label1\" content=\"Escrito por\" \/>\n\t<meta name=\"twitter:data1\" content=\"Mishell Monar\" \/>\n\t<meta name=\"twitter:label2\" content=\"Tiempo de lectura\" \/>\n\t<meta name=\"twitter:data2\" content=\"2 minutos\" \/>\n<script type=\"application\/ld+json\" class=\"yoast-schema-graph\">{\"@context\":\"https:\/\/schema.org\",\"@graph\":[{\"@type\":\"Article\",\"@id\":\"https:\/\/www.pressenza.com\/es\/2020\/06\/ante-la-presion-del-movimiento-social-el-gobierno-colombiano-desistio-de-la-directiva-05-se-salva-la-educacion-para-jovenes-y-adultos\/#article\",\"isPartOf\":{\"@id\":\"https:\/\/www.pressenza.com\/es\/2020\/06\/ante-la-presion-del-movimiento-social-el-gobierno-colombiano-desistio-de-la-directiva-05-se-salva-la-educacion-para-jovenes-y-adultos\/\"},\"author\":{\"name\":\"Mishell Monar\",\"@id\":\"https:\/\/www.pressenza.com\/es\/#\/schema\/person\/b49b34abd764193ed9eebad7334a3aad\"},\"headline\":\"Ante la presi\u00f3n del movimiento social, el gobierno colombiano desisti\u00f3 de la Directiva 05: se salva la educaci\u00f3n para j\u00f3venes y adultos\",\"datePublished\":\"2020-06-27T00:13:11+00:00\",\"dateModified\":\"2020-06-27T00:14:23+00:00\",\"mainEntityOfPage\":{\"@id\":\"https:\/\/www.pressenza.com\/es\/2020\/06\/ante-la-presion-del-movimiento-social-el-gobierno-colombiano-desistio-de-la-directiva-05-se-salva-la-educacion-para-jovenes-y-adultos\/\"},\"wordCount\":482,\"publisher\":{\"@id\":\"https:\/\/www.pressenza.com\/es\/#organization\"},\"image\":{\"@id\":\"https:\/\/www.pressenza.com\/es\/2020\/06\/ante-la-presion-del-movimiento-social-el-gobierno-colombiano-desistio-de-la-directiva-05-se-salva-la-educacion-para-jovenes-y-adultos\/#primaryimage\"},\"thumbnailUrl\":\"https:\/\/www.pressenza.com\/wp-content\/uploads\/2020\/06\/IMG_0216-EPJA.jpg\",\"keywords\":[\"Derecho Humano a la Educaci\u00f3n\",\"luchas sociales\",\"movimientos sociales\"],\"articleSection\":[\"Contenido Original\",\"Derechos Humanos\",\"Educaci\u00f3n\",\"Sudam\u00e9rica\"],\"inLanguage\":\"es\"},{\"@type\":\"WebPage\",\"@id\":\"https:\/\/www.pressenza.com\/es\/2020\/06\/ante-la-presion-del-movimiento-social-el-gobierno-colombiano-desistio-de-la-directiva-05-se-salva-la-educacion-para-jovenes-y-adultos\/\",\"url\":\"https:\/\/www.pressenza.com\/es\/2020\/06\/ante-la-presion-del-movimiento-social-el-gobierno-colombiano-desistio-de-la-directiva-05-se-salva-la-educacion-para-jovenes-y-adultos\/\",\"name\":\"Ante la presi\u00f3n del movimiento social, el gobierno colombiano desisti\u00f3 de la Directiva 05: se salva la educaci\u00f3n para j\u00f3venes y adultos\",\"isPartOf\":{\"@id\":\"https:\/\/www.pressenza.com\/es\/#website\"},\"primaryImageOfPage\":{\"@id\":\"https:\/\/www.pressenza.com\/es\/2020\/06\/ante-la-presion-del-movimiento-social-el-gobierno-colombiano-desistio-de-la-directiva-05-se-salva-la-educacion-para-jovenes-y-adultos\/#primaryimage\"},\"image\":{\"@id\":\"https:\/\/www.pressenza.com\/es\/2020\/06\/ante-la-presion-del-movimiento-social-el-gobierno-colombiano-desistio-de-la-directiva-05-se-salva-la-educacion-para-jovenes-y-adultos\/#primaryimage\"},\"thumbnailUrl\":\"https:\/\/www.pressenza.com\/wp-content\/uploads\/2020\/06\/IMG_0216-EPJA.jpg\",\"datePublished\":\"2020-06-27T00:13:11+00:00\",\"dateModified\":\"2020-06-27T00:14:23+00:00\",\"description\":\"Hace dos semanas atr\u00e1s, la Coalici\u00f3n Colombiana por el Derecho a la Educaci\u00f3n emiti\u00f3 un pronunciamiento p\u00fablico contra la Directiva 05 emitida por el\",\"breadcrumb\":{\"@id\":\"https:\/\/www.pressenza.com\/es\/2020\/06\/ante-la-presion-del-movimiento-social-el-gobierno-colombiano-desistio-de-la-directiva-05-se-salva-la-educacion-para-jovenes-y-adultos\/#breadcrumb\"},\"inLanguage\":\"es\",\"potentialAction\":[{\"@type\":\"ReadAction\",\"target\":[\"https:\/\/www.pressenza.com\/es\/2020\/06\/ante-la-presion-del-movimiento-social-el-gobierno-colombiano-desistio-de-la-directiva-05-se-salva-la-educacion-para-jovenes-y-adultos\/\"]}]},{\"@type\":\"ImageObject\",\"inLanguage\":\"es\",\"@id\":\"https:\/\/www.pressenza.com\/es\/2020\/06\/ante-la-presion-del-movimiento-social-el-gobierno-colombiano-desistio-de-la-directiva-05-se-salva-la-educacion-para-jovenes-y-adultos\/#primaryimage\",\"url\":\"https:\/\/www.pressenza.com\/wp-content\/uploads\/2020\/06\/IMG_0216-EPJA.jpg\",\"contentUrl\":\"https:\/\/www.pressenza.com\/wp-content\/uploads\/2020\/06\/IMG_0216-EPJA.jpg\",\"width\":1200,\"height\":900,\"caption\":\"Educaci\u00f3n de personas j\u00f3venes y adultas, un desaf\u00edo de todos y todas.\"},{\"@type\":\"BreadcrumbList\",\"@id\":\"https:\/\/www.pressenza.com\/es\/2020\/06\/ante-la-presion-del-movimiento-social-el-gobierno-colombiano-desistio-de-la-directiva-05-se-salva-la-educacion-para-jovenes-y-adultos\/#breadcrumb\",\"itemListElement\":[{\"@type\":\"ListItem\",\"position\":1,\"name\":\"Accueil\",\"item\":\"https:\/\/www.pressenza.com\/es\/\"},{\"@type\":\"ListItem\",\"position\":2,\"name\":\"Ante la presi\u00f3n del movimiento social, el gobierno colombiano desisti\u00f3 de la Directiva 05: se salva la educaci\u00f3n para j\u00f3venes y adultos\"}]},{\"@type\":\"WebSite\",\"@id\":\"https:\/\/www.pressenza.com\/es\/#website\",\"url\":\"https:\/\/www.pressenza.com\/es\/\",\"name\":\"Pressenza\",\"description\":\"International Press Agency\",\"publisher\":{\"@id\":\"https:\/\/www.pressenza.com\/es\/#organization\"},\"potentialAction\":[{\"@type\":\"SearchAction\",\"target\":{\"@type\":\"EntryPoint\",\"urlTemplate\":\"https:\/\/www.pressenza.com\/es\/?s={search_term_string}\"},\"query-input\":{\"@type\":\"PropertyValueSpecification\",\"valueRequired\":true,\"valueName\":\"search_term_string\"}}],\"inLanguage\":\"es\"},{\"@type\":\"Organization\",\"@id\":\"https:\/\/www.pressenza.com\/es\/#organization\",\"name\":\"Pressenza\",\"url\":\"https:\/\/www.pressenza.com\/es\/\",\"logo\":{\"@type\":\"ImageObject\",\"inLanguage\":\"es\",\"@id\":\"https:\/\/www.pressenza.com\/es\/#\/schema\/logo\/image\/\",\"url\":\"https:\/\/www.pressenza.com\/wp-content\/uploads\/2022\/10\/pressenza_logo_200x200.jpg\",\"contentUrl\":\"https:\/\/www.pressenza.com\/wp-content\/uploads\/2022\/10\/pressenza_logo_200x200.jpg\",\"width\":200,\"height\":200,\"caption\":\"Pressenza\"},\"image\":{\"@id\":\"https:\/\/www.pressenza.com\/es\/#\/schema\/logo\/image\/\"},\"sameAs\":[\"https:\/\/www.facebook.com\/PressenzaItalia\",\"https:\/\/x.com\/PressenzaIPA\"]},{\"@type\":\"Person\",\"@id\":\"https:\/\/www.pressenza.com\/es\/#\/schema\/person\/b49b34abd764193ed9eebad7334a3aad\",\"name\":\"Mishell Monar\",\"description\":\"Comunicadora social y periodista ecuatoriana, parte del equipo de Pressenza-Ecuador.\",\"url\":\"https:\/\/www.pressenza.com\/es\/author\/mishell-monar\/\"}]}<\/script>\n<!-- \/ Yoast SEO plugin. -->","yoast_head_json":{"title":"Ante la presi\u00f3n del movimiento social, el gobierno colombiano desisti\u00f3 de la Directiva 05: se salva la educaci\u00f3n para j\u00f3venes y adultos","description":"Hace dos semanas atr\u00e1s, la Coalici\u00f3n Colombiana por el Derecho a la Educaci\u00f3n emiti\u00f3 un pronunciamiento p\u00fablico contra la Directiva 05 emitida por el","robots":{"index":"index","follow":"follow","max-snippet":"max-snippet:-1","max-image-preview":"max-image-preview:large","max-video-preview":"max-video-preview:-1"},"canonical":"https:\/\/www.pressenza.com\/es\/2020\/06\/ante-la-presion-del-movimiento-social-el-gobierno-colombiano-desistio-de-la-directiva-05-se-salva-la-educacion-para-jovenes-y-adultos\/","og_locale":"es_ES","og_type":"article","og_title":"Ante la presi\u00f3n del movimiento social, el gobierno colombiano desisti\u00f3 de la Directiva 05: se salva la educaci\u00f3n para j\u00f3venes y adultos","og_description":"Hace dos semanas atr\u00e1s, la Coalici\u00f3n Colombiana por el Derecho a la Educaci\u00f3n emiti\u00f3 un pronunciamiento p\u00fablico contra la Directiva 05 emitida por el","og_url":"https:\/\/www.pressenza.com\/es\/2020\/06\/ante-la-presion-del-movimiento-social-el-gobierno-colombiano-desistio-de-la-directiva-05-se-salva-la-educacion-para-jovenes-y-adultos\/","og_site_name":"Pressenza","article_publisher":"https:\/\/www.facebook.com\/PressenzaItalia","article_published_time":"2020-06-27T00:13:11+00:00","article_modified_time":"2020-06-27T00:14:23+00:00","og_image":[{"width":1200,"height":900,"url":"https:\/\/www.pressenza.com\/wp-content\/uploads\/2020\/06\/IMG_0216-EPJA.jpg","type":"image\/jpeg"}],"author":"Mishell Monar","twitter_card":"summary_large_image","twitter_creator":"@PressenzaIPA","twitter_site":"@PressenzaIPA","twitter_misc":{"Escrito por":"Mishell Monar","Tiempo de lectura":"2 minutos"},"schema":{"@context":"https:\/\/schema.org","@graph":[{"@type":"Article","@id":"https:\/\/www.pressenza.com\/es\/2020\/06\/ante-la-presion-del-movimiento-social-el-gobierno-colombiano-desistio-de-la-directiva-05-se-salva-la-educacion-para-jovenes-y-adultos\/#article","isPartOf":{"@id":"https:\/\/www.pressenza.com\/es\/2020\/06\/ante-la-presion-del-movimiento-social-el-gobierno-colombiano-desistio-de-la-directiva-05-se-salva-la-educacion-para-jovenes-y-adultos\/"},"author":{"name":"Mishell Monar","@id":"https:\/\/www.pressenza.com\/es\/#\/schema\/person\/b49b34abd764193ed9eebad7334a3aad"},"headline":"Ante la presi\u00f3n del movimiento social, el gobierno colombiano desisti\u00f3 de la Directiva 05: se salva la educaci\u00f3n para j\u00f3venes y adultos","datePublished":"2020-06-27T00:13:11+00:00","dateModified":"2020-06-27T00:14:23+00:00","mainEntityOfPage":{"@id":"https:\/\/www.pressenza.com\/es\/2020\/06\/ante-la-presion-del-movimiento-social-el-gobierno-colombiano-desistio-de-la-directiva-05-se-salva-la-educacion-para-jovenes-y-adultos\/"},"wordCount":482,"publisher":{"@id":"https:\/\/www.pressenza.com\/es\/#organization"},"image":{"@id":"https:\/\/www.pressenza.com\/es\/2020\/06\/ante-la-presion-del-movimiento-social-el-gobierno-colombiano-desistio-de-la-directiva-05-se-salva-la-educacion-para-jovenes-y-adultos\/#primaryimage"},"thumbnailUrl":"https:\/\/www.pressenza.com\/wp-content\/uploads\/2020\/06\/IMG_0216-EPJA.jpg","keywords":["Derecho Humano a la Educaci\u00f3n","luchas sociales","movimientos sociales"],"articleSection":["Contenido Original","Derechos Humanos","Educaci\u00f3n","Sudam\u00e9rica"],"inLanguage":"es"},{"@type":"WebPage","@id":"https:\/\/www.pressenza.com\/es\/2020\/06\/ante-la-presion-del-movimiento-social-el-gobierno-colombiano-desistio-de-la-directiva-05-se-salva-la-educacion-para-jovenes-y-adultos\/","url":"https:\/\/www.pressenza.com\/es\/2020\/06\/ante-la-presion-del-movimiento-social-el-gobierno-colombiano-desistio-de-la-directiva-05-se-salva-la-educacion-para-jovenes-y-adultos\/","name":"Ante la presi\u00f3n del movimiento social, el gobierno colombiano desisti\u00f3 de la Directiva 05: se salva la educaci\u00f3n para j\u00f3venes y adultos","isPartOf":{"@id":"https:\/\/www.pressenza.com\/es\/#website"},"primaryImageOfPage":{"@id":"https:\/\/www.pressenza.com\/es\/2020\/06\/ante-la-presion-del-movimiento-social-el-gobierno-colombiano-desistio-de-la-directiva-05-se-salva-la-educacion-para-jovenes-y-adultos\/#primaryimage"},"image":{"@id":"https:\/\/www.pressenza.com\/es\/2020\/06\/ante-la-presion-del-movimiento-social-el-gobierno-colombiano-desistio-de-la-directiva-05-se-salva-la-educacion-para-jovenes-y-adultos\/#primaryimage"},"thumbnailUrl":"https:\/\/www.pressenza.com\/wp-content\/uploads\/2020\/06\/IMG_0216-EPJA.jpg","datePublished":"2020-06-27T00:13:11+00:00","dateModified":"2020-06-27T00:14:23+00:00","description":"Hace dos semanas atr\u00e1s, la Coalici\u00f3n Colombiana por el Derecho a la Educaci\u00f3n emiti\u00f3 un pronunciamiento p\u00fablico contra la Directiva 05 emitida por el","breadcrumb":{"@id":"https:\/\/www.pressenza.com\/es\/2020\/06\/ante-la-presion-del-movimiento-social-el-gobierno-colombiano-desistio-de-la-directiva-05-se-salva-la-educacion-para-jovenes-y-adultos\/#breadcrumb"},"inLanguage":"es","potentialAction":[{"@type":"ReadAction","target":["https:\/\/www.pressenza.com\/es\/2020\/06\/ante-la-presion-del-movimiento-social-el-gobierno-colombiano-desistio-de-la-directiva-05-se-salva-la-educacion-para-jovenes-y-adultos\/"]}]},{"@type":"ImageObject","inLanguage":"es","@id":"https:\/\/www.pressenza.com\/es\/2020\/06\/ante-la-presion-del-movimiento-social-el-gobierno-colombiano-desistio-de-la-directiva-05-se-salva-la-educacion-para-jovenes-y-adultos\/#primaryimage","url":"https:\/\/www.pressenza.com\/wp-content\/uploads\/2020\/06\/IMG_0216-EPJA.jpg","contentUrl":"https:\/\/www.pressenza.com\/wp-content\/uploads\/2020\/06\/IMG_0216-EPJA.jpg","width":1200,"height":900,"caption":"Educaci\u00f3n de personas j\u00f3venes y adultas, un desaf\u00edo de todos y todas."},{"@type":"BreadcrumbList","@id":"https:\/\/www.pressenza.com\/es\/2020\/06\/ante-la-presion-del-movimiento-social-el-gobierno-colombiano-desistio-de-la-directiva-05-se-salva-la-educacion-para-jovenes-y-adultos\/#breadcrumb","itemListElement":[{"@type":"ListItem","position":1,"name":"Accueil","item":"https:\/\/www.pressenza.com\/es\/"},{"@type":"ListItem","position":2,"name":"Ante la presi\u00f3n del movimiento social, el gobierno colombiano desisti\u00f3 de la Directiva 05: se salva la educaci\u00f3n para j\u00f3venes y adultos"}]},{"@type":"WebSite","@id":"https:\/\/www.pressenza.com\/es\/#website","url":"https:\/\/www.pressenza.com\/es\/","name":"Pressenza","description":"International Press Agency","publisher":{"@id":"https:\/\/www.pressenza.com\/es\/#organization"},"potentialAction":[{"@type":"SearchAction","target":{"@type":"EntryPoint","urlTemplate":"https:\/\/www.pressenza.com\/es\/?s={search_term_string}"},"query-input":{"@type":"PropertyValueSpecification","valueRequired":true,"valueName":"search_term_string"}}],"inLanguage":"es"},{"@type":"Organization","@id":"https:\/\/www.pressenza.com\/es\/#organization","name":"Pressenza","url":"https:\/\/www.pressenza.com\/es\/","logo":{"@type":"ImageObject","inLanguage":"es","@id":"https:\/\/www.pressenza.com\/es\/#\/schema\/logo\/image\/","url":"https:\/\/www.pressenza.com\/wp-content\/uploads\/2022\/10\/pressenza_logo_200x200.jpg","contentUrl":"https:\/\/www.pressenza.com\/wp-content\/uploads\/2022\/10\/pressenza_logo_200x200.jpg","width":200,"height":200,"caption":"Pressenza"},"image":{"@id":"https:\/\/www.pressenza.com\/es\/#\/schema\/logo\/image\/"},"sameAs":["https:\/\/www.facebook.com\/PressenzaItalia","https:\/\/x.com\/PressenzaIPA"]},{"@type":"Person","@id":"https:\/\/www.pressenza.com\/es\/#\/schema\/person\/b49b34abd764193ed9eebad7334a3aad","name":"Mishell Monar","description":"Comunicadora social y periodista ecuatoriana, parte del equipo de Pressenza-Ecuador.","url":"https:\/\/www.pressenza.com\/es\/author\/mishell-monar\/"}]}},"place":"Bogot\u00e1","original_article_url":"","_links":{"self":[{"href":"https:\/\/www.pressenza.com\/es\/wp-json\/wp\/v2\/posts\/1145252","targetHints":{"allow":["GET"]}}],"collection":[{"href":"https:\/\/www.pressenza.com\/es\/wp-json\/wp\/v2\/posts"}],"about":[{"href":"https:\/\/www.pressenza.com\/es\/wp-json\/wp\/v2\/types\/post"}],"author":[{"embeddable":true,"href":"https:\/\/www.pressenza.com\/es\/wp-json\/wp\/v2\/users\/1804"}],"replies":[{"embeddable":true,"href":"https:\/\/www.pressenza.com\/es\/wp-json\/wp\/v2\/comments?post=1145252"}],"version-history":[{"count":0,"href":"https:\/\/www.pressenza.com\/es\/wp-json\/wp\/v2\/posts\/1145252\/revisions"}],"wp:featuredmedia":[{"embeddable":true,"href":"https:\/\/www.pressenza.com\/es\/wp-json\/wp\/v2\/media\/1145492"}],"wp:attachment":[{"href":"https:\/\/www.pressenza.com\/es\/wp-json\/wp\/v2\/media?parent=1145252"}],"wp:term":[{"taxonomy":"category","embeddable":true,"href":"https:\/\/www.pressenza.com\/es\/wp-json\/wp\/v2\/categories?post=1145252"},{"taxonomy":"post_tag","embeddable":true,"href":"https:\/\/www.pressenza.com\/es\/wp-json\/wp\/v2\/tags?post=1145252"}],"curies":[{"name":"wp","href":"https:\/\/api.w.org\/{rel}","templated":true}]}}