{"id":114189,"date":"2014-06-19T02:16:41","date_gmt":"2014-06-19T01:16:41","guid":{"rendered":"http:\/\/www.pressenza.com\/?p=114189"},"modified":"2014-06-19T02:19:45","modified_gmt":"2014-06-19T01:19:45","slug":"paraguay-masacre-de-curuguaty-dos-anos-despues","status":"publish","type":"post","link":"https:\/\/www.pressenza.com\/es\/2014\/06\/paraguay-masacre-de-curuguaty-dos-anos-despues\/","title":{"rendered":"Paraguay: Masacre de Curuguaty, dos a\u00f1os despu\u00e9s"},"content":{"rendered":"<div><i>\u00bfPor qu\u00e9 los parlamentarios que promovieron la destituci\u00f3n de Fernando Lugo operaron fuertemente para que el tr\u00e1gico desalojo sea realizado? Si el Ministerio P\u00fablico encabez\u00f3 el procedimiento, \u00bfpor qu\u00e9 nunca se investig\u00f3 la responsabilidad de la fiscala Ninfa Aguilar en la tragedia?<\/i><\/div>\n<div><\/div>\n<div align=\"center\"><i><a href=\"http:\/\/ea.com.py\/wp-content\/uploads\/2014\/06\/Rachid-cartuchos.png\"><img loading=\"lazy\" decoding=\"async\" alt=\"El fiscal Jalil Rachid niega la existencia de los casquillos que tiene en la mano. \" src=\"http:\/\/www.alainet.org\/images\/image002(622).jpg\" width=\"417\" height=\"227\" border=\"0\" \/><\/a><\/i><\/div>\n<div align=\"center\"><i>El\u00a0<a title=\"Entradas etiquetadas con Fiscal Jalil Rachid\" href=\"http:\/\/ea.com.py\/tag\/fiscal-jalil-rachid\/\">fiscal Jalil Rachid<\/a>\u00a0niega la existencia de los casquillos que tiene en la mano.<\/i><\/div>\n<div><\/div>\n<div><\/div>\n<div>A dos a\u00f1os de la masacre del 15 de junio de 2012 y a escasos d\u00edas del inicio del juicio oral contra los campesinos, el principal balance que queda es un proceso repleto de vicios e irregularidades que muestra el obstinado intento de las autoridades jurisdiccionales de no esclarecer el caso.<\/div>\n<div><\/div>\n<div><\/div>\n<div>Como primera muestra de ello cabe mencionar la designaci\u00f3n de un fiscal inexperto como Jalil Rachid en lo que fue uno de los episodios m\u00e1s graves de la historia reciente del pa\u00eds y que provoc\u00f3 la destituci\u00f3n de un presidente una semana despu\u00e9s. Adem\u00e1s de esto, el agente fiscal ha demostrado una parcialidad manifiesta en el caso fundando su acusaci\u00f3n en que las tierras de Marina Cue son de \u201cleg\u00edtima propiedad\u201d de los Riquelme y que los campesinos supuestamente conformaron una asociaci\u00f3n criminal jer\u00e1rquicamente organizada para apropiarse del inmueble. \u00bfPor qu\u00e9 nunca se investig\u00f3 la posible responsabilidad penal de la empresa Campos Moromb\u00ed al haberse apropiado de un inmueble p\u00fablico?<\/div>\n<div><\/div>\n<div><\/div>\n<div>\u201cEste es un proceso en que se van adaptando las pruebas a la conclusi\u00f3n que se tom\u00f3\u201d, dice el abogado defensor Guillermo Ferreiro.<\/div>\n<div><\/div>\n<div><\/div>\n<div>En efecto, los medios probatorios han sido descartados, a\u00f1adidos u ocultados de acuerdo al libreto fiscal previamente elaborado. Citemos apenas algunas muestras de esto. La primera es la desaparici\u00f3n y negaci\u00f3n de que en la escena del crimen se hayan encontrado vainillas servidas de armas autom\u00e1ticas. Existiendo de por medio un v\u00eddeo en que se observa claramente al fiscal Rachid recibir los casquillos de las manos del exdiputado colorado Julio Colm\u00e1n, el agente del Ministerio P\u00fablico a\u00fan niega su existencia.<\/div>\n<div><\/div>\n<div><\/div>\n<div>En una\u00a0<a href=\"https:\/\/www.youtube.com\/watch?v=3p21hIepUzY\">entrevista radial\u00a0<\/a>mantenida con la 780 AM el 3 de octubre de 2012, al ser consultado respecto a este punto, Rachid se\u00f1ala:<\/div>\n<div><\/div>\n<div><\/div>\n<div>\u201cLas evidencias que nosotros incautamos con los cartuchos y vainillas se refieren exclusivamente a las mismas armas que incautamos en el lugar, es decir escopetas y rev\u00f3lver, verdad. M\u00e1s que eso, eh\u2026, no hay\u201d.<\/div>\n<div><\/div>\n<div align=\"center\"><i><a href=\"http:\/\/ea.com.py\/wp-content\/uploads\/2014\/06\/helic%C3%B3ptero.png\"><img loading=\"lazy\" decoding=\"async\" alt=\"Qu\u00e9 pas\u00f3 con la filmaci\u00f3n del helic\u00f3ptero. \" src=\"http:\/\/www.alainet.org\/images\/image004(205).jpg\" width=\"231\" height=\"168\" border=\"0\" \/><\/a><\/i><\/div>\n<div align=\"center\"><i>\u00bfQu\u00e9 pas\u00f3 con la filmaci\u00f3n del helic\u00f3ptero?<\/i><\/div>\n<div><\/div>\n<div><\/div>\n<div>Asimismo, otra muestra de ocultamiento de pruebas es la desaparici\u00f3n de la filmaci\u00f3n del helic\u00f3ptero que sobrevolaba el lugar en el momento exacto del inicio del tiroteo. En una\u00a0<a href=\"http:\/\/www.nanduti.com.py\/v1\/include-audio.php?audios_id=79836&amp;tipo=Policiales\">entrevista con radio \u00d1andut\u00ed realizada el 20 de junio de 2012<\/a>, el comisario Roque Fleitas, al negar que se hayan efectuado disparos desde el helic\u00f3ptero, asegur\u00f3 que el momento de la masacre hab\u00eda sido filmado y que hab\u00eda \u201cmucho material\u201d.<\/div>\n<div><\/div>\n<div><\/div>\n<div>\u201cEl Robinson (\u2026) tiene una c\u00e1mara de alta potencia de observaci\u00f3n y que siempre nosotros llevamos en los desalojos para que el jefe de operaciones primeramente vuele sobre los manifestantes y localice y observe todo lo que dispone la gente en tierra en contra de los polic\u00edas\u201d.<\/div>\n<div><\/div>\n<div><\/div>\n<div>Al ser preguntado sobre si tiene todo registrado, sobreviene un momento de profundo silencio y a continuaci\u00f3n el piloto dispara: \u201cHay mucho material. Los pilotos van a ser llamados a la justicia\u201d. Sin embargo, las grabaciones nunca han aparecido supuestamente porque no pudieron ser extra\u00eddas de la memoria.<\/div>\n<div><\/div>\n<div><\/div>\n<div>\u201cC\u00f3mo el fiscal no fue a secuestrar ese material u ordenado un sumario para determinar qu\u00e9 pas\u00f3 con la grabaci\u00f3n\u201d, se pregunta Ferreiro.<\/div>\n<div><\/div>\n<div><\/div>\n<div>Pero en contrapartida al ocultamiento de pruebas, se han plantado otras. Una de las evidencias para sostener los cargos de homicidio doloso en grado de tentativa es una\u00a0<a href=\"http:\/\/ea.com.py\/caso-marina-cue-el-arma-que-nunca-estuvo\/\">escopeta que fue encontrada en el patio de una iglesia\u00a0<\/a>el 25 de junio de 2012, perteneciente a un general retirado y que fue denunciada como robada 7 d\u00edas despu\u00e9s de la masacre. Seg\u00fan el propietario del arma, el 22 de junio desconocidos entraron a su casa en la colonia Gral. Artigas y robaron la mencionada escopeta. A pesar de no guardar relaci\u00f3n con la causa, el fiscal Rachid incluy\u00f3 el arma entre las evidencias para acusar a los campesinos.<\/div>\n<div><\/div>\n<div><\/div>\n<div><b>Invitaci\u00f3n para ayer<\/b><\/div>\n<div><\/div>\n<div align=\"center\"><i><a href=\"http:\/\/ea.com.py\/wp-content\/uploads\/2014\/06\/Nota-pericia.png\"><img loading=\"lazy\" decoding=\"async\" alt=\"Notificaci\u00f3n del 16 de octubre de 2012 para una diligencia realizada el 12 de octubre. \" src=\"http:\/\/www.alainet.org\/images\/image005(9).png\" width=\"437\" height=\"569\" border=\"0\" \/><\/a><\/i><\/div>\n<div align=\"center\"><\/div>\n<div align=\"center\"><i>Notificaci\u00f3n del 16 de octubre de 2012 para\u00a0<\/i><i>una diligencia realizada el 12 de octubre.<\/i><\/div>\n<div><\/div>\n<div><\/div>\n<div>Entre otras innumerables violaciones al derecho a la defensa, una de las m\u00e1s grotescas tal vez sea la notificaci\u00f3n para una pericia cuatro d\u00edas despu\u00e9s de que haya sido realizada. La diligencia \u00a0ten\u00eda por objeto determinar la trayectoria y distancia de los impactos de armas de fuego. La nota, con fecha\u00a0<b>16 de octubre de 2012<\/b>, notifica a la audiencia \u201cpara el viernes\u00a0<b>12 del mes de octubre del corriente a\u00f1o<\/b>, a las 10 horas, a fin de que comparezcan los peritos designados ante esta Representaci\u00f3n P\u00fablica, a los efectos de la aceptaci\u00f3n del cargo\u201d.<\/div>\n<div><\/div>\n<div><\/div>\n<div>Ante estas irregularidades, la jueza Yanine R\u00edos adujo que la defensa fue notificada y que ese hecho es lo que vale. Es decir, para la magistrada es perfectamente legal que la defensa haya sido comunicada para una diligencia d\u00edas despu\u00e9s de haber sido sustanciada. A esto se a\u00f1ade la presentaci\u00f3n de pruebas identificadas como M 112, M 113\u2026 etc., sin que la defensa sepa \u201csi se trataba de fotograf\u00edas o calefones\u201d, ironiza Ferreiro. Por si esto no bastara, las 3 cajas iniciales en que estaban depositadas las pruebas se convirtieron posteriormente en 9 por supuestas \u201crazones operativas\u201d. De acuerdo a lo sostenido por los abogados que defienden a los campesinos, con la multiplicaci\u00f3n de las cajas se han plantado pruebas a las que la defensa no ha tenido acceso.<\/div>\n<div><\/div>\n<div><\/div>\n<div>Todo esto teniendo como hip\u00f3tesis fiscal que unos 60 campesinos utilizaron a mujeres y ni\u00f1os para emboscar a un contingente policial con m\u00e1s de 300 efectivos, fuertemente armados y con el apoyo de un helic\u00f3ptero.<\/div>\n<div><\/div>\n<div><\/div>\n<div>En fin, podr\u00edamos seguir citando interminables vicios como la manera fraudulenta en que Campos Moromb\u00ed se apropi\u00f3 de las tierras p\u00fablicas de Marina Cue en un juicio de usucapi\u00f3n sin contraparte. O que el mismo juez que dict\u00f3 la orden de allanamiento con que se llev\u00f3 a cabo el desalojo, Jos\u00e9 Dolores Ben\u00edtez, haya rectificado la sentencia cuando la empresa del fallecido pol\u00edtico colorado cay\u00f3 en la cuenta de que el fallo fue dictado con el n\u00famero de otra finca.<\/div>\n<div><\/div>\n<div><\/div>\n<div><b>Instigadores<\/b><\/div>\n<div><\/div>\n<div align=\"center\"><i><a href=\"http:\/\/ea.com.py\/wp-content\/uploads\/2014\/06\/Nota-a-Carlos-Filizzola-curuguaty.jpg\"><img loading=\"lazy\" decoding=\"async\" alt=\"Nota de la Comisi\u00f3n Permanente del Senado presionando para la realizaci\u00f3n de desalojo. \" src=\"http:\/\/www.alainet.org\/images\/image007(53).jpg\" width=\"397\" height=\"600\" border=\"0\" \/><\/a><\/i><\/div>\n<div align=\"center\"><i>Nota de la Comisi\u00f3n Permanente del Senado\u00a0<\/i><i>presionando para la realizaci\u00f3n de desalojo.<\/i><\/div>\n<div><\/div>\n<div>Adem\u00e1s de esto, cabe recordar que el mismo Parlamento que promovi\u00f3 la destituci\u00f3n de Fernando Lugo a ra\u00edz de la masacre oper\u00f3 de manera obstinada para que el procedimiento sea realizado a toda costa, a pesar de un pedido del Indert de detener el desalojo ante las pruebas de que el inmueble hab\u00eda sido transferido al ente agrario en 2004.<\/div>\n<div><\/div>\n<div><\/div>\n<div>Seg\u00fan consta en una nota firmada por el entonces presidente de la Comisi\u00f3n Permanente del Senado, Efra\u00edn Alegre, y el secretario parlamentario Juan Jos\u00e9 V\u00e1zquez, el Legislativo emiti\u00f3 una declaraci\u00f3n que instaba al entonces ministro del Interior, Carlos Filizzola, a que ejecute la orden de desalojo. Esto a instancias de una\u00a0<a href=\"http:\/\/ea.com.py\/oscar-tuma-es-el-responsable-del-desalojo-que-produjo-17-muertos-en-curuguaty-segun-wagner\/\">nota anterior del diputado \u00d3scar Tuma<\/a>\u00a0en que el legislador colorado afirmaba la necesidad de que el Poder Legislativo medie para forzar la intervenci\u00f3n de la polic\u00eda a fin de \u201cdesalojar a los delincuentes invasores\u201d.<\/div>\n<div><\/div>\n<div><\/div>\n<div>\u00bfQui\u00e9nes empujaron desde atr\u00e1s para forzar la matanza? \u00bfQui\u00e9n estuvo a cargo del procedimiento? El C\u00f3digo Procesal Penal establece en su art\u00edculo 189 que en este tipo de procedimientos el juez designa a la autoridad responsable que debe llevar a cabo la orden, que en este caso fue la fiscala Ninfa Aguilar, quien posteriormente se hab\u00eda retirado del caso por supuestas amenazas de muerte.<\/div>\n<div><\/div>\n<div><\/div>\n<div>Teniendo en cuenta lo mencionado y siguiendo el razonamiento del diputado Tuma, \u00bfhabr\u00e1n considerado los legisladores que la investigaci\u00f3n de la responsabilidad fiscal en la masacre no necesita ser investigada por tratarse de un hecho de p\u00fablico conocimiento?<\/div>\n<div><\/div>\n<div><\/div>\n<div align=\"center\"><i><a href=\"http:\/\/ea.com.py\/wp-content\/uploads\/2014\/06\/Evidencia-en-c%C3%B3digos.png\"><img loading=\"lazy\" decoding=\"async\" alt=\"La defensa denuncia que no sabe de qu\u00e9 se trata las supuestas evidencias presentadas con c\u00f3digos alfanum\u00e9ricos.\" src=\"http:\/\/www.alainet.org\/images\/image009(6).png\" width=\"600\" height=\"364\" border=\"0\" \/><\/a><\/i><\/div>\n<div align=\"center\"><i>La defensa denuncia que no sabe de qu\u00e9 se trata las supuestas\u00a0<\/i><i>evidencias presentadas con c\u00f3digos alfanum\u00e9ricos.<\/i><\/div>\n<div><\/div>\n<div>junio 14, 2014 &#8211; Por Paulo L\u00f3pez<\/div>\n<div><a href=\"http:\/\/ea.com.py\/masacre-de-curuguaty-dos-anos-despues\/\">http:\/\/ea.com.py\/masacre-de-curuguaty-dos-anos-despues\/<\/a><\/div>\n<div><\/div>\n<div>www.alainet.org<\/div>\n<div><\/div>\n","protected":false},"excerpt":{"rendered":"<p>\u00bfPor qu\u00e9 los parlamentarios que promovieron la destituci\u00f3n de Fernando Lugo operaron fuertemente para que el tr\u00e1gico desalojo sea realizado? Si el Ministerio P\u00fablico encabez\u00f3 el procedimiento, \u00bfpor qu\u00e9 nunca se investig\u00f3 la responsabilidad de la fiscala Ninfa Aguilar en&hellip;<\/p>\n","protected":false},"author":1011,"featured_media":0,"comment_status":"closed","ping_status":"open","sticky":false,"template":"","format":"standard","meta":{"footnotes":""},"categories":[79,161,67],"tags":[],"class_list":["post-114189","post","type-post","status-publish","format-standard","hentry","category-derechos-humanos","category-opiniones","category-sudamerica"],"yoast_head":"<!-- This site is optimized with the Yoast SEO plugin v27.1.1 - https:\/\/yoast.com\/product\/yoast-seo-wordpress\/ -->\n<title>Paraguay: Masacre de Curuguaty, dos a\u00f1os despu\u00e9s<\/title>\n<meta name=\"description\" content=\"\u00bfPor qu\u00e9 los parlamentarios que promovieron la destituci\u00f3n de Fernando Lugo operaron fuertemente para que el tr\u00e1gico desalojo sea realizado? Si el\" \/>\n<meta name=\"robots\" content=\"index, follow, max-snippet:-1, max-image-preview:large, max-video-preview:-1\" \/>\n<link rel=\"canonical\" href=\"https:\/\/www.pressenza.com\/es\/2014\/06\/paraguay-masacre-de-curuguaty-dos-anos-despues\/\" \/>\n<meta property=\"og:locale\" content=\"es_ES\" \/>\n<meta property=\"og:type\" content=\"article\" \/>\n<meta property=\"og:title\" content=\"Paraguay: Masacre de Curuguaty, dos a\u00f1os despu\u00e9s\" \/>\n<meta property=\"og:description\" content=\"\u00bfPor qu\u00e9 los parlamentarios que promovieron la destituci\u00f3n de Fernando Lugo operaron fuertemente para que el tr\u00e1gico desalojo sea realizado? Si el\" \/>\n<meta property=\"og:url\" content=\"https:\/\/www.pressenza.com\/es\/2014\/06\/paraguay-masacre-de-curuguaty-dos-anos-despues\/\" \/>\n<meta property=\"og:site_name\" content=\"Pressenza\" \/>\n<meta property=\"article:publisher\" content=\"https:\/\/www.facebook.com\/PressenzaItalia\" \/>\n<meta property=\"article:published_time\" content=\"2014-06-19T01:16:41+00:00\" \/>\n<meta property=\"article:modified_time\" content=\"2014-06-19T01:19:45+00:00\" \/>\n<meta property=\"og:image\" content=\"http:\/\/www.alainet.org\/images\/image002(622).jpg\" \/>\n<meta name=\"author\" content=\"Redacci\u00f3n Ecuador\" \/>\n<meta name=\"twitter:card\" content=\"summary_large_image\" \/>\n<meta name=\"twitter:creator\" content=\"@PressenzaIPA\" \/>\n<meta name=\"twitter:site\" content=\"@PressenzaIPA\" \/>\n<meta name=\"twitter:label1\" content=\"Escrito por\" \/>\n\t<meta name=\"twitter:data1\" content=\"Redacci\u00f3n Ecuador\" \/>\n\t<meta name=\"twitter:label2\" content=\"Tiempo de lectura\" \/>\n\t<meta name=\"twitter:data2\" content=\"7 minutos\" \/>\n<script type=\"application\/ld+json\" class=\"yoast-schema-graph\">{\"@context\":\"https:\/\/schema.org\",\"@graph\":[{\"@type\":\"Article\",\"@id\":\"https:\/\/www.pressenza.com\/es\/2014\/06\/paraguay-masacre-de-curuguaty-dos-anos-despues\/#article\",\"isPartOf\":{\"@id\":\"https:\/\/www.pressenza.com\/es\/2014\/06\/paraguay-masacre-de-curuguaty-dos-anos-despues\/\"},\"author\":{\"name\":\"Redacci\u00f3n Ecuador\",\"@id\":\"https:\/\/www.pressenza.com\/es\/#\/schema\/person\/883a735c40665759bcc6fe0c26bcb46f\"},\"headline\":\"Paraguay: Masacre de Curuguaty, dos a\u00f1os despu\u00e9s\",\"datePublished\":\"2014-06-19T01:16:41+00:00\",\"dateModified\":\"2014-06-19T01:19:45+00:00\",\"mainEntityOfPage\":{\"@id\":\"https:\/\/www.pressenza.com\/es\/2014\/06\/paraguay-masacre-de-curuguaty-dos-anos-despues\/\"},\"wordCount\":1412,\"publisher\":{\"@id\":\"https:\/\/www.pressenza.com\/es\/#organization\"},\"image\":{\"@id\":\"https:\/\/www.pressenza.com\/es\/2014\/06\/paraguay-masacre-de-curuguaty-dos-anos-despues\/#primaryimage\"},\"thumbnailUrl\":\"http:\/\/www.alainet.org\/images\/image002(622).jpg\",\"articleSection\":[\"Derechos Humanos\",\"Opiniones\",\"Sudam\u00e9rica\"],\"inLanguage\":\"es\"},{\"@type\":\"WebPage\",\"@id\":\"https:\/\/www.pressenza.com\/es\/2014\/06\/paraguay-masacre-de-curuguaty-dos-anos-despues\/\",\"url\":\"https:\/\/www.pressenza.com\/es\/2014\/06\/paraguay-masacre-de-curuguaty-dos-anos-despues\/\",\"name\":\"Paraguay: Masacre de Curuguaty, dos a\u00f1os despu\u00e9s\",\"isPartOf\":{\"@id\":\"https:\/\/www.pressenza.com\/es\/#website\"},\"primaryImageOfPage\":{\"@id\":\"https:\/\/www.pressenza.com\/es\/2014\/06\/paraguay-masacre-de-curuguaty-dos-anos-despues\/#primaryimage\"},\"image\":{\"@id\":\"https:\/\/www.pressenza.com\/es\/2014\/06\/paraguay-masacre-de-curuguaty-dos-anos-despues\/#primaryimage\"},\"thumbnailUrl\":\"http:\/\/www.alainet.org\/images\/image002(622).jpg\",\"datePublished\":\"2014-06-19T01:16:41+00:00\",\"dateModified\":\"2014-06-19T01:19:45+00:00\",\"description\":\"\u00bfPor qu\u00e9 los parlamentarios que promovieron la destituci\u00f3n de Fernando Lugo operaron fuertemente para que el tr\u00e1gico desalojo sea realizado? Si el\",\"breadcrumb\":{\"@id\":\"https:\/\/www.pressenza.com\/es\/2014\/06\/paraguay-masacre-de-curuguaty-dos-anos-despues\/#breadcrumb\"},\"inLanguage\":\"es\",\"potentialAction\":[{\"@type\":\"ReadAction\",\"target\":[\"https:\/\/www.pressenza.com\/es\/2014\/06\/paraguay-masacre-de-curuguaty-dos-anos-despues\/\"]}]},{\"@type\":\"ImageObject\",\"inLanguage\":\"es\",\"@id\":\"https:\/\/www.pressenza.com\/es\/2014\/06\/paraguay-masacre-de-curuguaty-dos-anos-despues\/#primaryimage\",\"url\":\"http:\/\/www.alainet.org\/images\/image002(622).jpg\",\"contentUrl\":\"http:\/\/www.alainet.org\/images\/image002(622).jpg\"},{\"@type\":\"BreadcrumbList\",\"@id\":\"https:\/\/www.pressenza.com\/es\/2014\/06\/paraguay-masacre-de-curuguaty-dos-anos-despues\/#breadcrumb\",\"itemListElement\":[{\"@type\":\"ListItem\",\"position\":1,\"name\":\"Accueil\",\"item\":\"https:\/\/www.pressenza.com\/es\/\"},{\"@type\":\"ListItem\",\"position\":2,\"name\":\"Paraguay: Masacre de Curuguaty, dos a\u00f1os despu\u00e9s\"}]},{\"@type\":\"WebSite\",\"@id\":\"https:\/\/www.pressenza.com\/es\/#website\",\"url\":\"https:\/\/www.pressenza.com\/es\/\",\"name\":\"Pressenza\",\"description\":\"International Press Agency\",\"publisher\":{\"@id\":\"https:\/\/www.pressenza.com\/es\/#organization\"},\"potentialAction\":[{\"@type\":\"SearchAction\",\"target\":{\"@type\":\"EntryPoint\",\"urlTemplate\":\"https:\/\/www.pressenza.com\/es\/?s={search_term_string}\"},\"query-input\":{\"@type\":\"PropertyValueSpecification\",\"valueRequired\":true,\"valueName\":\"search_term_string\"}}],\"inLanguage\":\"es\"},{\"@type\":\"Organization\",\"@id\":\"https:\/\/www.pressenza.com\/es\/#organization\",\"name\":\"Pressenza\",\"url\":\"https:\/\/www.pressenza.com\/es\/\",\"logo\":{\"@type\":\"ImageObject\",\"inLanguage\":\"es\",\"@id\":\"https:\/\/www.pressenza.com\/es\/#\/schema\/logo\/image\/\",\"url\":\"https:\/\/www.pressenza.com\/wp-content\/uploads\/2022\/10\/pressenza_logo_200x200.jpg\",\"contentUrl\":\"https:\/\/www.pressenza.com\/wp-content\/uploads\/2022\/10\/pressenza_logo_200x200.jpg\",\"width\":200,\"height\":200,\"caption\":\"Pressenza\"},\"image\":{\"@id\":\"https:\/\/www.pressenza.com\/es\/#\/schema\/logo\/image\/\"},\"sameAs\":[\"https:\/\/www.facebook.com\/PressenzaItalia\",\"https:\/\/x.com\/PressenzaIPA\"]},{\"@type\":\"Person\",\"@id\":\"https:\/\/www.pressenza.com\/es\/#\/schema\/person\/883a735c40665759bcc6fe0c26bcb46f\",\"name\":\"Redacci\u00f3n Ecuador\",\"description\":\"News published by the Pressenza bureau in Quito, Ecuador\",\"url\":\"https:\/\/www.pressenza.com\/es\/author\/redaccion-ecuador\/\"}]}<\/script>\n<!-- \/ Yoast SEO plugin. -->","yoast_head_json":{"title":"Paraguay: Masacre de Curuguaty, dos a\u00f1os despu\u00e9s","description":"\u00bfPor qu\u00e9 los parlamentarios que promovieron la destituci\u00f3n de Fernando Lugo operaron fuertemente para que el tr\u00e1gico desalojo sea realizado? Si el","robots":{"index":"index","follow":"follow","max-snippet":"max-snippet:-1","max-image-preview":"max-image-preview:large","max-video-preview":"max-video-preview:-1"},"canonical":"https:\/\/www.pressenza.com\/es\/2014\/06\/paraguay-masacre-de-curuguaty-dos-anos-despues\/","og_locale":"es_ES","og_type":"article","og_title":"Paraguay: Masacre de Curuguaty, dos a\u00f1os despu\u00e9s","og_description":"\u00bfPor qu\u00e9 los parlamentarios que promovieron la destituci\u00f3n de Fernando Lugo operaron fuertemente para que el tr\u00e1gico desalojo sea realizado? Si el","og_url":"https:\/\/www.pressenza.com\/es\/2014\/06\/paraguay-masacre-de-curuguaty-dos-anos-despues\/","og_site_name":"Pressenza","article_publisher":"https:\/\/www.facebook.com\/PressenzaItalia","article_published_time":"2014-06-19T01:16:41+00:00","article_modified_time":"2014-06-19T01:19:45+00:00","og_image":[{"url":"http:\/\/www.alainet.org\/images\/image002(622).jpg","type":"","width":"","height":""}],"author":"Redacci\u00f3n Ecuador","twitter_card":"summary_large_image","twitter_creator":"@PressenzaIPA","twitter_site":"@PressenzaIPA","twitter_misc":{"Escrito por":"Redacci\u00f3n Ecuador","Tiempo de lectura":"7 minutos"},"schema":{"@context":"https:\/\/schema.org","@graph":[{"@type":"Article","@id":"https:\/\/www.pressenza.com\/es\/2014\/06\/paraguay-masacre-de-curuguaty-dos-anos-despues\/#article","isPartOf":{"@id":"https:\/\/www.pressenza.com\/es\/2014\/06\/paraguay-masacre-de-curuguaty-dos-anos-despues\/"},"author":{"name":"Redacci\u00f3n Ecuador","@id":"https:\/\/www.pressenza.com\/es\/#\/schema\/person\/883a735c40665759bcc6fe0c26bcb46f"},"headline":"Paraguay: Masacre de Curuguaty, dos a\u00f1os despu\u00e9s","datePublished":"2014-06-19T01:16:41+00:00","dateModified":"2014-06-19T01:19:45+00:00","mainEntityOfPage":{"@id":"https:\/\/www.pressenza.com\/es\/2014\/06\/paraguay-masacre-de-curuguaty-dos-anos-despues\/"},"wordCount":1412,"publisher":{"@id":"https:\/\/www.pressenza.com\/es\/#organization"},"image":{"@id":"https:\/\/www.pressenza.com\/es\/2014\/06\/paraguay-masacre-de-curuguaty-dos-anos-despues\/#primaryimage"},"thumbnailUrl":"http:\/\/www.alainet.org\/images\/image002(622).jpg","articleSection":["Derechos Humanos","Opiniones","Sudam\u00e9rica"],"inLanguage":"es"},{"@type":"WebPage","@id":"https:\/\/www.pressenza.com\/es\/2014\/06\/paraguay-masacre-de-curuguaty-dos-anos-despues\/","url":"https:\/\/www.pressenza.com\/es\/2014\/06\/paraguay-masacre-de-curuguaty-dos-anos-despues\/","name":"Paraguay: Masacre de Curuguaty, dos a\u00f1os despu\u00e9s","isPartOf":{"@id":"https:\/\/www.pressenza.com\/es\/#website"},"primaryImageOfPage":{"@id":"https:\/\/www.pressenza.com\/es\/2014\/06\/paraguay-masacre-de-curuguaty-dos-anos-despues\/#primaryimage"},"image":{"@id":"https:\/\/www.pressenza.com\/es\/2014\/06\/paraguay-masacre-de-curuguaty-dos-anos-despues\/#primaryimage"},"thumbnailUrl":"http:\/\/www.alainet.org\/images\/image002(622).jpg","datePublished":"2014-06-19T01:16:41+00:00","dateModified":"2014-06-19T01:19:45+00:00","description":"\u00bfPor qu\u00e9 los parlamentarios que promovieron la destituci\u00f3n de Fernando Lugo operaron fuertemente para que el tr\u00e1gico desalojo sea realizado? Si el","breadcrumb":{"@id":"https:\/\/www.pressenza.com\/es\/2014\/06\/paraguay-masacre-de-curuguaty-dos-anos-despues\/#breadcrumb"},"inLanguage":"es","potentialAction":[{"@type":"ReadAction","target":["https:\/\/www.pressenza.com\/es\/2014\/06\/paraguay-masacre-de-curuguaty-dos-anos-despues\/"]}]},{"@type":"ImageObject","inLanguage":"es","@id":"https:\/\/www.pressenza.com\/es\/2014\/06\/paraguay-masacre-de-curuguaty-dos-anos-despues\/#primaryimage","url":"http:\/\/www.alainet.org\/images\/image002(622).jpg","contentUrl":"http:\/\/www.alainet.org\/images\/image002(622).jpg"},{"@type":"BreadcrumbList","@id":"https:\/\/www.pressenza.com\/es\/2014\/06\/paraguay-masacre-de-curuguaty-dos-anos-despues\/#breadcrumb","itemListElement":[{"@type":"ListItem","position":1,"name":"Accueil","item":"https:\/\/www.pressenza.com\/es\/"},{"@type":"ListItem","position":2,"name":"Paraguay: Masacre de Curuguaty, dos a\u00f1os despu\u00e9s"}]},{"@type":"WebSite","@id":"https:\/\/www.pressenza.com\/es\/#website","url":"https:\/\/www.pressenza.com\/es\/","name":"Pressenza","description":"International Press Agency","publisher":{"@id":"https:\/\/www.pressenza.com\/es\/#organization"},"potentialAction":[{"@type":"SearchAction","target":{"@type":"EntryPoint","urlTemplate":"https:\/\/www.pressenza.com\/es\/?s={search_term_string}"},"query-input":{"@type":"PropertyValueSpecification","valueRequired":true,"valueName":"search_term_string"}}],"inLanguage":"es"},{"@type":"Organization","@id":"https:\/\/www.pressenza.com\/es\/#organization","name":"Pressenza","url":"https:\/\/www.pressenza.com\/es\/","logo":{"@type":"ImageObject","inLanguage":"es","@id":"https:\/\/www.pressenza.com\/es\/#\/schema\/logo\/image\/","url":"https:\/\/www.pressenza.com\/wp-content\/uploads\/2022\/10\/pressenza_logo_200x200.jpg","contentUrl":"https:\/\/www.pressenza.com\/wp-content\/uploads\/2022\/10\/pressenza_logo_200x200.jpg","width":200,"height":200,"caption":"Pressenza"},"image":{"@id":"https:\/\/www.pressenza.com\/es\/#\/schema\/logo\/image\/"},"sameAs":["https:\/\/www.facebook.com\/PressenzaItalia","https:\/\/x.com\/PressenzaIPA"]},{"@type":"Person","@id":"https:\/\/www.pressenza.com\/es\/#\/schema\/person\/883a735c40665759bcc6fe0c26bcb46f","name":"Redacci\u00f3n Ecuador","description":"News published by the Pressenza bureau in Quito, Ecuador","url":"https:\/\/www.pressenza.com\/es\/author\/redaccion-ecuador\/"}]}},"place":"","original_article_url":"","_links":{"self":[{"href":"https:\/\/www.pressenza.com\/es\/wp-json\/wp\/v2\/posts\/114189","targetHints":{"allow":["GET"]}}],"collection":[{"href":"https:\/\/www.pressenza.com\/es\/wp-json\/wp\/v2\/posts"}],"about":[{"href":"https:\/\/www.pressenza.com\/es\/wp-json\/wp\/v2\/types\/post"}],"author":[{"embeddable":true,"href":"https:\/\/www.pressenza.com\/es\/wp-json\/wp\/v2\/users\/1011"}],"replies":[{"embeddable":true,"href":"https:\/\/www.pressenza.com\/es\/wp-json\/wp\/v2\/comments?post=114189"}],"version-history":[{"count":0,"href":"https:\/\/www.pressenza.com\/es\/wp-json\/wp\/v2\/posts\/114189\/revisions"}],"wp:attachment":[{"href":"https:\/\/www.pressenza.com\/es\/wp-json\/wp\/v2\/media?parent=114189"}],"wp:term":[{"taxonomy":"category","embeddable":true,"href":"https:\/\/www.pressenza.com\/es\/wp-json\/wp\/v2\/categories?post=114189"},{"taxonomy":"post_tag","embeddable":true,"href":"https:\/\/www.pressenza.com\/es\/wp-json\/wp\/v2\/tags?post=114189"}],"curies":[{"name":"wp","href":"https:\/\/api.w.org\/{rel}","templated":true}]}}