{"id":1141849,"date":"2020-06-22T18:31:03","date_gmt":"2020-06-22T17:31:03","guid":{"rendered":"https:\/\/www.pressenza.com\/?p=1141849"},"modified":"2020-06-23T20:23:08","modified_gmt":"2020-06-23T19:23:08","slug":"lanzamiento-del-pacto-ecosocial-del-sur-para-america-latina","status":"publish","type":"post","link":"https:\/\/www.pressenza.com\/es\/2020\/06\/lanzamiento-del-pacto-ecosocial-del-sur-para-america-latina\/","title":{"rendered":"Lanzamiento del Pacto Ecosocial del Sur para Am\u00e9rica Latina"},"content":{"rendered":"<p><strong>Bolet\u00edn de prensa<\/strong><\/p>\n<p>El mi\u00e9rcoles 24 de junio, tendr\u00e1 lugar el lanzamiento p\u00fablico virtual del Pacto Ecosocial del Sur, una propuesta auto convocada por una serie de organizaciones sociales e individuos con el fin de configurar conjuntamente \u201cun horizonte colectivo de transformaci\u00f3n para Nuestra Am\u00e9rica que garantice un futuro digno\u201d.<\/p>\n<p>El evento se efectuar\u00e1 en <a href=\"https:\/\/www.clacso.org\/actividad\/presentacion-del-pacto-social-ecologico-economico-e-intercultural-para-america-latina\/\">la plataforma del Consejo Latinoamericano de Ciencias Sociales<\/a> (CLACSO) con el apoyo de la Asociaci\u00f3n Latinoamericana de Sociolog\u00eda (ALAS), a las 16h00 de M\u00e9xico, Colombia, Ecuador y Per\u00fa, las 17h00 de Venezuela y Bolivia, las 18h00 de Argentina, Brasil, Uruguay y Paraguay, el mi\u00e9rcoles 24 de junio.<\/p>\n<p>La soci\u00f3loga, investigadora y escritora argentina <strong>Maristella Svampa<\/strong>, el gestor cultural boliviano e integrante del movimiento de Cultura Viva Comunitaria <strong>Mario Rodr\u00edguez<\/strong>, as\u00ed como el pensador colombiano postdesarrollista <strong>Arturo Escobar<\/strong> presentar\u00e1n la iniciativa. Invitaron a comentar luchadoras socioambientales como la lideresa afrodescendiente <strong>Francia M\u00e1rquez<\/strong>, de Colombia, un dirigente sindicalista, un representante del movimiento sin techo de Brasil, lideresas ind\u00edgenas y afrodescendientes, as\u00ed como a <strong>Vandana Shiva<\/strong>, la fil\u00f3sofa y ecofeminista de la India, y el dirigente ambientalista nigeriano <strong>Nnimmo Bassey<\/strong>.<\/p>\n<p>El Pacto Ecosocial del Sur busca \u201ccontrarrestar las din\u00e1micas de reacomodo capitalista, concentraci\u00f3n de riqueza y destrucci\u00f3n de ecosistemas que vemos surgir en medio de la crisis del COVID-19\u201d, conjugando la justicia social, de g\u00e9nero, \u00e9tnica y ecol\u00f3gica. Desde su aparici\u00f3n en internet el 2 de junio y antes de su lanzamiento oficial, ya reuni\u00f3 el apoyo de 1700 individuos y 350 organizaciones a lo largo y ancho de Am\u00e9rica Latina.<\/p>\n<p>El pacto busca reorganizar las sociedades alrededor del cuidado de la vida. Las propuestas contemplan, entre otros, una reforma tributaria progresiva, la introducci\u00f3n de una renta b\u00e1sica universal, la anulaci\u00f3n de la deuda externa, la priorizaci\u00f3n de la soberan\u00eda alimentaria y una transici\u00f3n socio-ecol\u00f3gica radical.<\/p>\n<p>Entre quienes suscriben se encuentran, por ejemplo, el ecote\u00f3logo brasile\u00f1o <strong>Leonardo Boff<\/strong>, el escritor colombiano <strong>William Ospina<\/strong>, la antrop\u00f3loga feminista <strong>Rita Segato<\/strong>, la defensora de derechos ind\u00edgenas <strong>Patricia Gualinga<\/strong> y el expresidente de la Asamblea Constituyente del Ecuador, <strong>Alberto Acosta<\/strong>.<\/p>\n<p><strong>Contactos:<\/strong><\/p>\n<p>Argentina: Maristella Svampa: <a href=\"mailto:maristellasvampa@yahoo.com\">maristellasvampa@yahoo.com<\/a>; Bolivia: Mario Rodr\u00edguez Ib\u00e1\u00f1ez: <a href=\"mailto:mario.reddiversidad@gmail.com\">mario.reddiversidad@gmail.com<\/a>; Brasil: Breno Bringel: <a href=\"mailto:brenobringel@gmail.com\">brenobringel@gmail.com<\/a>; Chile: Lucio Cuenca: <a href=\"mailto:cuenca.lucio@gmail.com\">cuenca.lucio@gmail.com<\/a>; Colombia: Arturo Escobar: <a href=\"mailto:turoescobar@gmail.com\">turoescobar@gmail.com<\/a>; Tatiana Roa Avenda\u00f1o: <a href=\"mailto:troaa@censat.org\">troaa@censat.org<\/a>; Ecuador: Alberto Acosta: <a href=\"mailto:alacosta49@yahoo.com\">alacosta49@yahoo.com<\/a>; Esperanza Mart\u00ednez: <a href=\"mailto:esperanza@accionecol\u00f3gica.org\">esperanza@accionecol\u00f3gica.org<\/a>; Per\u00fa: Jaime Borda: <a href=\"mailto:jaime_borda@yahoo.es\">jaime_borda@yahoo.es<\/a>; Jos\u00e9 de Echave: <a href=\"mailto:jdeechave@cooperaccion.org.pe\">jdeechave@cooperaccion.org.pe<\/a>; Venezuela: Edgardo Lander: <a href=\"mailto:elanderl@yahoo.com\">elanderl@yahoo.com<\/a><\/p>\n<p>&nbsp;<\/p>\n","protected":false},"excerpt":{"rendered":"<p>Bolet\u00edn de prensa El mi\u00e9rcoles 24 de junio, tendr\u00e1 lugar el lanzamiento p\u00fablico virtual del Pacto Ecosocial del Sur, una propuesta auto convocada por una serie de organizaciones sociales e individuos con el fin de configurar conjuntamente \u201cun horizonte colectivo&hellip;<\/p>\n","protected":false},"author":1011,"featured_media":1142705,"comment_status":"closed","ping_status":"closed","sticky":false,"template":"","format":"standard","meta":{"footnotes":""},"categories":[149,1241,78,74,67],"tags":[77713],"class_list":["post-1141849","post","type-post","status-publish","format-standard","has-post-thumbnail","hentry","category-comunicados-de-prensa","category-diversidad","category-medio-ambiente-ecologia","category-politica-es","category-sudamerica","tag-pacto-ecosocial-del-sur"],"yoast_head":"<!-- This site is optimized with the Yoast SEO plugin v27.1.1 - https:\/\/yoast.com\/product\/yoast-seo-wordpress\/ -->\n<title>Lanzamiento del Pacto Ecosocial del Sur para Am\u00e9rica Latina<\/title>\n<meta name=\"description\" content=\"Bolet\u00edn de prensa El mi\u00e9rcoles 24 de junio, tendr\u00e1 lugar el lanzamiento p\u00fablico virtual del Pacto Ecosocial del Sur, una propuesta auto convocada por una\" \/>\n<meta name=\"robots\" content=\"index, follow, max-snippet:-1, max-image-preview:large, max-video-preview:-1\" \/>\n<link rel=\"canonical\" href=\"https:\/\/www.pressenza.com\/es\/2020\/06\/lanzamiento-del-pacto-ecosocial-del-sur-para-america-latina\/\" \/>\n<meta property=\"og:locale\" content=\"es_ES\" \/>\n<meta property=\"og:type\" content=\"article\" \/>\n<meta property=\"og:title\" content=\"Lanzamiento del Pacto Ecosocial del Sur para Am\u00e9rica Latina\" \/>\n<meta property=\"og:description\" content=\"Bolet\u00edn de prensa El mi\u00e9rcoles 24 de junio, tendr\u00e1 lugar el lanzamiento p\u00fablico virtual del Pacto Ecosocial del Sur, una propuesta auto convocada por una\" \/>\n<meta property=\"og:url\" content=\"https:\/\/www.pressenza.com\/es\/2020\/06\/lanzamiento-del-pacto-ecosocial-del-sur-para-america-latina\/\" \/>\n<meta property=\"og:site_name\" content=\"Pressenza\" \/>\n<meta property=\"article:publisher\" content=\"https:\/\/www.facebook.com\/PressenzaItalia\" \/>\n<meta property=\"article:published_time\" content=\"2020-06-22T17:31:03+00:00\" \/>\n<meta property=\"article:modified_time\" content=\"2020-06-23T19:23:08+00:00\" \/>\n<meta property=\"og:image\" content=\"https:\/\/www.pressenza.com\/wp-content\/uploads\/2020\/06\/post-webinar.png\" \/>\n\t<meta property=\"og:image:width\" content=\"1920\" \/>\n\t<meta property=\"og:image:height\" content=\"1484\" \/>\n\t<meta property=\"og:image:type\" content=\"image\/png\" \/>\n<meta name=\"author\" content=\"Redacci\u00f3n Ecuador\" \/>\n<meta name=\"twitter:card\" content=\"summary_large_image\" \/>\n<meta name=\"twitter:creator\" content=\"@PressenzaIPA\" \/>\n<meta name=\"twitter:site\" content=\"@PressenzaIPA\" \/>\n<meta name=\"twitter:label1\" content=\"Escrito por\" \/>\n\t<meta name=\"twitter:data1\" content=\"Redacci\u00f3n Ecuador\" \/>\n\t<meta name=\"twitter:label2\" content=\"Tiempo de lectura\" \/>\n\t<meta name=\"twitter:data2\" content=\"2 minutos\" \/>\n<script type=\"application\/ld+json\" class=\"yoast-schema-graph\">{\"@context\":\"https:\/\/schema.org\",\"@graph\":[{\"@type\":\"Article\",\"@id\":\"https:\/\/www.pressenza.com\/es\/2020\/06\/lanzamiento-del-pacto-ecosocial-del-sur-para-america-latina\/#article\",\"isPartOf\":{\"@id\":\"https:\/\/www.pressenza.com\/es\/2020\/06\/lanzamiento-del-pacto-ecosocial-del-sur-para-america-latina\/\"},\"author\":{\"name\":\"Redacci\u00f3n Ecuador\",\"@id\":\"https:\/\/www.pressenza.com\/es\/#\/schema\/person\/883a735c40665759bcc6fe0c26bcb46f\"},\"headline\":\"Lanzamiento del Pacto Ecosocial del Sur para Am\u00e9rica Latina\",\"datePublished\":\"2020-06-22T17:31:03+00:00\",\"dateModified\":\"2020-06-23T19:23:08+00:00\",\"mainEntityOfPage\":{\"@id\":\"https:\/\/www.pressenza.com\/es\/2020\/06\/lanzamiento-del-pacto-ecosocial-del-sur-para-america-latina\/\"},\"wordCount\":453,\"publisher\":{\"@id\":\"https:\/\/www.pressenza.com\/es\/#organization\"},\"image\":{\"@id\":\"https:\/\/www.pressenza.com\/es\/2020\/06\/lanzamiento-del-pacto-ecosocial-del-sur-para-america-latina\/#primaryimage\"},\"thumbnailUrl\":\"https:\/\/www.pressenza.com\/wp-content\/uploads\/2020\/06\/post-webinar.png\",\"keywords\":[\"Pacto Ecosocial del Sur\"],\"articleSection\":[\"Comunicados de Prensa\",\"Diversidad\",\"Ecolog\u00eda y Medio Ambiente\",\"Pol\u00edtica\",\"Sudam\u00e9rica\"],\"inLanguage\":\"es\"},{\"@type\":\"WebPage\",\"@id\":\"https:\/\/www.pressenza.com\/es\/2020\/06\/lanzamiento-del-pacto-ecosocial-del-sur-para-america-latina\/\",\"url\":\"https:\/\/www.pressenza.com\/es\/2020\/06\/lanzamiento-del-pacto-ecosocial-del-sur-para-america-latina\/\",\"name\":\"Lanzamiento del Pacto Ecosocial del Sur para Am\u00e9rica Latina\",\"isPartOf\":{\"@id\":\"https:\/\/www.pressenza.com\/es\/#website\"},\"primaryImageOfPage\":{\"@id\":\"https:\/\/www.pressenza.com\/es\/2020\/06\/lanzamiento-del-pacto-ecosocial-del-sur-para-america-latina\/#primaryimage\"},\"image\":{\"@id\":\"https:\/\/www.pressenza.com\/es\/2020\/06\/lanzamiento-del-pacto-ecosocial-del-sur-para-america-latina\/#primaryimage\"},\"thumbnailUrl\":\"https:\/\/www.pressenza.com\/wp-content\/uploads\/2020\/06\/post-webinar.png\",\"datePublished\":\"2020-06-22T17:31:03+00:00\",\"dateModified\":\"2020-06-23T19:23:08+00:00\",\"description\":\"Bolet\u00edn de prensa El mi\u00e9rcoles 24 de junio, tendr\u00e1 lugar el lanzamiento p\u00fablico virtual del Pacto Ecosocial del Sur, una propuesta auto convocada por una\",\"breadcrumb\":{\"@id\":\"https:\/\/www.pressenza.com\/es\/2020\/06\/lanzamiento-del-pacto-ecosocial-del-sur-para-america-latina\/#breadcrumb\"},\"inLanguage\":\"es\",\"potentialAction\":[{\"@type\":\"ReadAction\",\"target\":[\"https:\/\/www.pressenza.com\/es\/2020\/06\/lanzamiento-del-pacto-ecosocial-del-sur-para-america-latina\/\"]}]},{\"@type\":\"ImageObject\",\"inLanguage\":\"es\",\"@id\":\"https:\/\/www.pressenza.com\/es\/2020\/06\/lanzamiento-del-pacto-ecosocial-del-sur-para-america-latina\/#primaryimage\",\"url\":\"https:\/\/www.pressenza.com\/wp-content\/uploads\/2020\/06\/post-webinar.png\",\"contentUrl\":\"https:\/\/www.pressenza.com\/wp-content\/uploads\/2020\/06\/post-webinar.png\",\"width\":1920,\"height\":1484},{\"@type\":\"BreadcrumbList\",\"@id\":\"https:\/\/www.pressenza.com\/es\/2020\/06\/lanzamiento-del-pacto-ecosocial-del-sur-para-america-latina\/#breadcrumb\",\"itemListElement\":[{\"@type\":\"ListItem\",\"position\":1,\"name\":\"Accueil\",\"item\":\"https:\/\/www.pressenza.com\/es\/\"},{\"@type\":\"ListItem\",\"position\":2,\"name\":\"Lanzamiento del Pacto Ecosocial del Sur para Am\u00e9rica Latina\"}]},{\"@type\":\"WebSite\",\"@id\":\"https:\/\/www.pressenza.com\/es\/#website\",\"url\":\"https:\/\/www.pressenza.com\/es\/\",\"name\":\"Pressenza\",\"description\":\"International Press Agency\",\"publisher\":{\"@id\":\"https:\/\/www.pressenza.com\/es\/#organization\"},\"potentialAction\":[{\"@type\":\"SearchAction\",\"target\":{\"@type\":\"EntryPoint\",\"urlTemplate\":\"https:\/\/www.pressenza.com\/es\/?s={search_term_string}\"},\"query-input\":{\"@type\":\"PropertyValueSpecification\",\"valueRequired\":true,\"valueName\":\"search_term_string\"}}],\"inLanguage\":\"es\"},{\"@type\":\"Organization\",\"@id\":\"https:\/\/www.pressenza.com\/es\/#organization\",\"name\":\"Pressenza\",\"url\":\"https:\/\/www.pressenza.com\/es\/\",\"logo\":{\"@type\":\"ImageObject\",\"inLanguage\":\"es\",\"@id\":\"https:\/\/www.pressenza.com\/es\/#\/schema\/logo\/image\/\",\"url\":\"https:\/\/www.pressenza.com\/wp-content\/uploads\/2022\/10\/pressenza_logo_200x200.jpg\",\"contentUrl\":\"https:\/\/www.pressenza.com\/wp-content\/uploads\/2022\/10\/pressenza_logo_200x200.jpg\",\"width\":200,\"height\":200,\"caption\":\"Pressenza\"},\"image\":{\"@id\":\"https:\/\/www.pressenza.com\/es\/#\/schema\/logo\/image\/\"},\"sameAs\":[\"https:\/\/www.facebook.com\/PressenzaItalia\",\"https:\/\/x.com\/PressenzaIPA\"]},{\"@type\":\"Person\",\"@id\":\"https:\/\/www.pressenza.com\/es\/#\/schema\/person\/883a735c40665759bcc6fe0c26bcb46f\",\"name\":\"Redacci\u00f3n Ecuador\",\"description\":\"News published by the Pressenza bureau in Quito, Ecuador\",\"url\":\"https:\/\/www.pressenza.com\/es\/author\/redaccion-ecuador\/\"}]}<\/script>\n<!-- \/ Yoast SEO plugin. -->","yoast_head_json":{"title":"Lanzamiento del Pacto Ecosocial del Sur para Am\u00e9rica Latina","description":"Bolet\u00edn de prensa El mi\u00e9rcoles 24 de junio, tendr\u00e1 lugar el lanzamiento p\u00fablico virtual del Pacto Ecosocial del Sur, una propuesta auto convocada por una","robots":{"index":"index","follow":"follow","max-snippet":"max-snippet:-1","max-image-preview":"max-image-preview:large","max-video-preview":"max-video-preview:-1"},"canonical":"https:\/\/www.pressenza.com\/es\/2020\/06\/lanzamiento-del-pacto-ecosocial-del-sur-para-america-latina\/","og_locale":"es_ES","og_type":"article","og_title":"Lanzamiento del Pacto Ecosocial del Sur para Am\u00e9rica Latina","og_description":"Bolet\u00edn de prensa El mi\u00e9rcoles 24 de junio, tendr\u00e1 lugar el lanzamiento p\u00fablico virtual del Pacto Ecosocial del Sur, una propuesta auto convocada por una","og_url":"https:\/\/www.pressenza.com\/es\/2020\/06\/lanzamiento-del-pacto-ecosocial-del-sur-para-america-latina\/","og_site_name":"Pressenza","article_publisher":"https:\/\/www.facebook.com\/PressenzaItalia","article_published_time":"2020-06-22T17:31:03+00:00","article_modified_time":"2020-06-23T19:23:08+00:00","og_image":[{"width":1920,"height":1484,"url":"https:\/\/www.pressenza.com\/wp-content\/uploads\/2020\/06\/post-webinar.png","type":"image\/png"}],"author":"Redacci\u00f3n Ecuador","twitter_card":"summary_large_image","twitter_creator":"@PressenzaIPA","twitter_site":"@PressenzaIPA","twitter_misc":{"Escrito por":"Redacci\u00f3n Ecuador","Tiempo de lectura":"2 minutos"},"schema":{"@context":"https:\/\/schema.org","@graph":[{"@type":"Article","@id":"https:\/\/www.pressenza.com\/es\/2020\/06\/lanzamiento-del-pacto-ecosocial-del-sur-para-america-latina\/#article","isPartOf":{"@id":"https:\/\/www.pressenza.com\/es\/2020\/06\/lanzamiento-del-pacto-ecosocial-del-sur-para-america-latina\/"},"author":{"name":"Redacci\u00f3n Ecuador","@id":"https:\/\/www.pressenza.com\/es\/#\/schema\/person\/883a735c40665759bcc6fe0c26bcb46f"},"headline":"Lanzamiento del Pacto Ecosocial del Sur para Am\u00e9rica Latina","datePublished":"2020-06-22T17:31:03+00:00","dateModified":"2020-06-23T19:23:08+00:00","mainEntityOfPage":{"@id":"https:\/\/www.pressenza.com\/es\/2020\/06\/lanzamiento-del-pacto-ecosocial-del-sur-para-america-latina\/"},"wordCount":453,"publisher":{"@id":"https:\/\/www.pressenza.com\/es\/#organization"},"image":{"@id":"https:\/\/www.pressenza.com\/es\/2020\/06\/lanzamiento-del-pacto-ecosocial-del-sur-para-america-latina\/#primaryimage"},"thumbnailUrl":"https:\/\/www.pressenza.com\/wp-content\/uploads\/2020\/06\/post-webinar.png","keywords":["Pacto Ecosocial del Sur"],"articleSection":["Comunicados de Prensa","Diversidad","Ecolog\u00eda y Medio Ambiente","Pol\u00edtica","Sudam\u00e9rica"],"inLanguage":"es"},{"@type":"WebPage","@id":"https:\/\/www.pressenza.com\/es\/2020\/06\/lanzamiento-del-pacto-ecosocial-del-sur-para-america-latina\/","url":"https:\/\/www.pressenza.com\/es\/2020\/06\/lanzamiento-del-pacto-ecosocial-del-sur-para-america-latina\/","name":"Lanzamiento del Pacto Ecosocial del Sur para Am\u00e9rica Latina","isPartOf":{"@id":"https:\/\/www.pressenza.com\/es\/#website"},"primaryImageOfPage":{"@id":"https:\/\/www.pressenza.com\/es\/2020\/06\/lanzamiento-del-pacto-ecosocial-del-sur-para-america-latina\/#primaryimage"},"image":{"@id":"https:\/\/www.pressenza.com\/es\/2020\/06\/lanzamiento-del-pacto-ecosocial-del-sur-para-america-latina\/#primaryimage"},"thumbnailUrl":"https:\/\/www.pressenza.com\/wp-content\/uploads\/2020\/06\/post-webinar.png","datePublished":"2020-06-22T17:31:03+00:00","dateModified":"2020-06-23T19:23:08+00:00","description":"Bolet\u00edn de prensa El mi\u00e9rcoles 24 de junio, tendr\u00e1 lugar el lanzamiento p\u00fablico virtual del Pacto Ecosocial del Sur, una propuesta auto convocada por una","breadcrumb":{"@id":"https:\/\/www.pressenza.com\/es\/2020\/06\/lanzamiento-del-pacto-ecosocial-del-sur-para-america-latina\/#breadcrumb"},"inLanguage":"es","potentialAction":[{"@type":"ReadAction","target":["https:\/\/www.pressenza.com\/es\/2020\/06\/lanzamiento-del-pacto-ecosocial-del-sur-para-america-latina\/"]}]},{"@type":"ImageObject","inLanguage":"es","@id":"https:\/\/www.pressenza.com\/es\/2020\/06\/lanzamiento-del-pacto-ecosocial-del-sur-para-america-latina\/#primaryimage","url":"https:\/\/www.pressenza.com\/wp-content\/uploads\/2020\/06\/post-webinar.png","contentUrl":"https:\/\/www.pressenza.com\/wp-content\/uploads\/2020\/06\/post-webinar.png","width":1920,"height":1484},{"@type":"BreadcrumbList","@id":"https:\/\/www.pressenza.com\/es\/2020\/06\/lanzamiento-del-pacto-ecosocial-del-sur-para-america-latina\/#breadcrumb","itemListElement":[{"@type":"ListItem","position":1,"name":"Accueil","item":"https:\/\/www.pressenza.com\/es\/"},{"@type":"ListItem","position":2,"name":"Lanzamiento del Pacto Ecosocial del Sur para Am\u00e9rica Latina"}]},{"@type":"WebSite","@id":"https:\/\/www.pressenza.com\/es\/#website","url":"https:\/\/www.pressenza.com\/es\/","name":"Pressenza","description":"International Press Agency","publisher":{"@id":"https:\/\/www.pressenza.com\/es\/#organization"},"potentialAction":[{"@type":"SearchAction","target":{"@type":"EntryPoint","urlTemplate":"https:\/\/www.pressenza.com\/es\/?s={search_term_string}"},"query-input":{"@type":"PropertyValueSpecification","valueRequired":true,"valueName":"search_term_string"}}],"inLanguage":"es"},{"@type":"Organization","@id":"https:\/\/www.pressenza.com\/es\/#organization","name":"Pressenza","url":"https:\/\/www.pressenza.com\/es\/","logo":{"@type":"ImageObject","inLanguage":"es","@id":"https:\/\/www.pressenza.com\/es\/#\/schema\/logo\/image\/","url":"https:\/\/www.pressenza.com\/wp-content\/uploads\/2022\/10\/pressenza_logo_200x200.jpg","contentUrl":"https:\/\/www.pressenza.com\/wp-content\/uploads\/2022\/10\/pressenza_logo_200x200.jpg","width":200,"height":200,"caption":"Pressenza"},"image":{"@id":"https:\/\/www.pressenza.com\/es\/#\/schema\/logo\/image\/"},"sameAs":["https:\/\/www.facebook.com\/PressenzaItalia","https:\/\/x.com\/PressenzaIPA"]},{"@type":"Person","@id":"https:\/\/www.pressenza.com\/es\/#\/schema\/person\/883a735c40665759bcc6fe0c26bcb46f","name":"Redacci\u00f3n Ecuador","description":"News published by the Pressenza bureau in Quito, Ecuador","url":"https:\/\/www.pressenza.com\/es\/author\/redaccion-ecuador\/"}]}},"place":"Ecuador","original_article_url":"","_links":{"self":[{"href":"https:\/\/www.pressenza.com\/es\/wp-json\/wp\/v2\/posts\/1141849","targetHints":{"allow":["GET"]}}],"collection":[{"href":"https:\/\/www.pressenza.com\/es\/wp-json\/wp\/v2\/posts"}],"about":[{"href":"https:\/\/www.pressenza.com\/es\/wp-json\/wp\/v2\/types\/post"}],"author":[{"embeddable":true,"href":"https:\/\/www.pressenza.com\/es\/wp-json\/wp\/v2\/users\/1011"}],"replies":[{"embeddable":true,"href":"https:\/\/www.pressenza.com\/es\/wp-json\/wp\/v2\/comments?post=1141849"}],"version-history":[{"count":0,"href":"https:\/\/www.pressenza.com\/es\/wp-json\/wp\/v2\/posts\/1141849\/revisions"}],"wp:featuredmedia":[{"embeddable":true,"href":"https:\/\/www.pressenza.com\/es\/wp-json\/wp\/v2\/media\/1142705"}],"wp:attachment":[{"href":"https:\/\/www.pressenza.com\/es\/wp-json\/wp\/v2\/media?parent=1141849"}],"wp:term":[{"taxonomy":"category","embeddable":true,"href":"https:\/\/www.pressenza.com\/es\/wp-json\/wp\/v2\/categories?post=1141849"},{"taxonomy":"post_tag","embeddable":true,"href":"https:\/\/www.pressenza.com\/es\/wp-json\/wp\/v2\/tags?post=1141849"}],"curies":[{"name":"wp","href":"https:\/\/api.w.org\/{rel}","templated":true}]}}