{"id":1139354,"date":"2020-06-19T22:43:48","date_gmt":"2020-06-19T21:43:48","guid":{"rendered":"https:\/\/www.pressenza.com\/?p=1139354"},"modified":"2020-06-19T22:47:51","modified_gmt":"2020-06-19T21:47:51","slug":"cear-reclama-medidas-urgentes-para-garantizar-el-acceso-al-derecho-de-asilo-ante-la-covid-19","status":"publish","type":"post","link":"https:\/\/www.pressenza.com\/es\/2020\/06\/cear-reclama-medidas-urgentes-para-garantizar-el-acceso-al-derecho-de-asilo-ante-la-covid-19\/","title":{"rendered":"CEAR reclama medidas urgentes para garantizar el acceso al derecho de asilo ante la COVID-19"},"content":{"rendered":"<blockquote><p>CEAR presenta su informe anual en la v\u00edspera del D\u00eda Mundial del Refugiado. En el mismo, llama la atenci\u00f3n sobre la agravamiento de la situaci\u00f3n de los refugiados a partir de la pandemia del coronavirus y pide acuerdos internacionales que desarrollen el <a href=\"https:\/\/www.cear.es\/cear-reclama-a-espana-coherencia-tras-la-firma-del-pacto-mundial-sobre-migracion\/\" target=\"_blank\" rel=\"noopener noreferrer\">Pacto Mundial por los Refugiados<\/a>.<\/p>\n<p>79,5 millones de personas se hab\u00edan visto obligadas a huir de sus hogares a finales de 2019.<\/p>\n<p>El acceso al derecho de asilo ante la COVID-19 se est\u00e1 viendo seriamente amenazado.<\/p>\n<p>El cierre de fronteras provocado por la pandemia mudial est\u00e1 provocando que miles de personas refugiadas se encuentren bloqueadas en pa\u00edses no seguros.<\/p><\/blockquote>\n<p>&nbsp;<\/p>\n<p><a href=\"https:\/\/www.cear.es\/\"><strong>CEAR<\/strong><\/a> (Comisi\u00f3n Espa\u00f1ola de Ayuda al Refugiado) ha reclamado hoy a las autoridades europeas y espa\u00f1olas que no utilicen la epidemia de la COVID-19 como excusa para no respetar el derecho de asilo de miles de personas bloqueadas en pa\u00edses no seguros como consecuencia al <strong>cierre de fronteras<\/strong> y para aplicar pol\u00edticas m\u00e1s restrictivas de <strong>control migratorio<\/strong>.<\/p>\n<p>En la presentaci\u00f3n de su <strong><a href=\"https:\/\/www.cear.es\/informe-cear-2020\/\" target=\"_blank\" rel=\"noopener noreferrer\">Informe Anual 2020: \u2018Las personas refugiadas en Espa\u00f1a y Europa\u2019<\/a><\/strong>, CEAR destac\u00f3 los obst\u00e1culos que se mantuvieron el a\u00f1o pasado para hacer efectivo el derecho de asilo, a pesar de registrarse un r\u00e9cord en el n\u00famero de peticiones presentadas. Al mismo tiempo, la organizaci\u00f3n denunci\u00f3 que en 2019 <strong>Espa\u00f1a solo ofreci\u00f3 protecci\u00f3n internacional al 5,2% de solicitantes<\/strong>, en contraste con el 24% del a\u00f1o anterior y el 31% de media en el conjunto de pa\u00edses de la Uni\u00f3n Europea en 2019. Aunque tambi\u00e9n destaca positivamente la concesi\u00f3n de cerca de <strong>40.000 permisos por razones humanitarias<\/strong>, la inmensa mayor\u00eda a personas de nacionalidad venezolana.<\/p>\n<p>\u00abEspa\u00f1a sigui\u00f3 poniendo numerosas trabas para que muchas personas puedan solicitar asilo en nuestro pa\u00eds, con la persistencia de las <strong>devoluciones en caliente<\/strong>, la exigencia de <strong>visado de tr\u00e1nsito<\/strong> a las personas originarias de Siria, Palestina o Yemen, o <strong>dificultando los procesos de reagrupaci\u00f3n<\/strong>. Adem\u00e1s se siguen produciendo enormes retrasos de formalizaci\u00f3n y documentaci\u00f3n, y contin\u00faan los impedimentos para acceder al procedimiento en nuestra frontera sur, debido a la <strong>ausencia de<\/strong> <strong>v\u00edas legales y seguras<\/strong>\u00ab, se\u00f1al\u00f3 la directora de CEAR, Estrella Gal\u00e1n, en la v\u00edspera del <strong>D\u00eda Mundial del Refugiado<\/strong>.<\/p>\n<p>Como ejemplo de estos obst\u00e1culos, se incluye el testimonio de Ahmed, un joven yemen\u00ed: \u201cTrat\u00e9 de cruzar la frontera de Melilla seis veces. Visto que era imposible cruzar a pie lo hice por mar. Pagu\u00e9 tres mil d\u00f3lares para coger la barca que me llevar\u00eda a Chafarinas\u201d. Desde CEAR subrayan la paradoja de que a quienes huyen del conflicto en Yemen, uno de los m\u00e1s cruentos de las \u00faltimas d\u00e9cadas, Espa\u00f1a les dificulte la entrada a trav\u00e9s del visado de tr\u00e1nsito al tiempo que resuelve favorablemente la totalidad de las solicitudes de asilo presentadas de esta nacionalidad. \u00abVemos como esta exigencia aboca a estas personas a tener que recurrir a traficantes y tomar rutas m\u00e1s peligrosas\u00bb, explic\u00f3 Gal\u00e1n.<\/p>\n<p>Adem\u00e1s, el informe alerta sobre la <strong>reapertura de la peligros\u00edsima ruta atl\u00e1ntica hacia Canarias<\/strong>, con un importante aumento de llegadas a partir del \u00faltimo cuatrimestre de 2019 hasta la actualidad, y los impedimentos de traslado a la pen\u00ednsula con la consecuente saturaci\u00f3n de los recursos existentes.<\/p>\n<p><iframe loading=\"lazy\" title=\"Las personas refugiadas en Espa\u00f1a y en Europa\" width=\"500\" height=\"281\" src=\"https:\/\/www.youtube.com\/embed\/4-_TcG1QFCE?feature=oembed\" frameborder=\"0\" allow=\"accelerometer; autoplay; clipboard-write; encrypted-media; gyroscope; picture-in-picture; web-share\" referrerpolicy=\"strict-origin-when-cross-origin\" allowfullscreen><\/iframe><\/p>\n<p>&nbsp;<\/p>\n<p><strong>El refugio ante el coronavirus<\/strong><\/p>\n<p>CEAR adem\u00e1s present\u00f3 un <a href=\"https:\/\/bit.ly\/InformeCEAR2020_COVID\" target=\"_blank\" rel=\"noopener noreferrer\">informe sobre las consecuencias que la epidemia del coronavirus<\/a> est\u00e1 provocando para las personas migrantes y refugiadas a nivel estatal, europeo y mundial. \u00abConfinamientos, cierre de fronteras generalizado, precarias condiciones higi\u00e9nicas en los campos de refugiados o problemas econ\u00f3micos que agravan sus condiciones de vida. Esta pandemia plantea <strong>numerosos retos en materia de acceso al derecho de asilo<\/strong>, pero es necesario que los Estados no pongan en cuarentena sus obligaciones con las personas que se han visto obligadas a huir de sus hogares\u00bb, resalt\u00f3 Gal\u00e1n.<\/p>\n<p>En ese sentido, el Informe Anual de la entidad incluye <strong>18 propuestas a las autoridades<\/strong> para hacer frente a la nueva realidad en la que se encuentran las personas refugiadas y migrantes en nuestro pa\u00eds.<\/p>\n<p><strong>Una emergencia mundial<\/strong><\/p>\n<p>Tras conocer los datos publicados ayer por ACNUR, seg\u00fan los cuales m\u00e1s de XX millones de personas se han visto obligadas a vivir fuera de sus hogares, CEAR ha reclamado que esta emergencia mundial, agravada por la irrupci\u00f3n del coronavirus, no puede afrontarse mas que de forma internacional, siguendo las directrices del <a href=\"https:\/\/www.cear.es\/cear-reclama-a-espana-coherencia-tras-la-firma-del-pacto-mundial-sobre-migracion\/\" target=\"_blank\" rel=\"noopener noreferrer\">Pacto Mundial por los Refugiados<\/a>.<\/p>\n<p>Adem\u00e1s, en el \u00e1mbito de la UE, CEAR destaca en su informe la necesidad superar el bloqueo para aprobar un nuevo <strong>Pacto Europeo de Migraci\u00f3n y Asilo<\/strong> que no suponga una restricci\u00f3n de derechos y que avance hacia la construcci\u00f3n de un <a href=\"https:\/\/www.cear.es\/hacia-donde-va-el-nuevo-sistema-europeo-comun-de-asilo-seca\/\" target=\"_blank\" rel=\"noopener noreferrer\">nuevo Sistema Europeo Com\u00fan de Asilo<\/a>.<\/p>\n","protected":false},"excerpt":{"rendered":"<p>CEAR presenta su informe anual en la v\u00edspera del D\u00eda Mundial del Refugiado. En el mismo, llama la atenci\u00f3n sobre la agravamiento de la situaci\u00f3n de los refugiados a partir de la pandemia del coronavirus y pide acuerdos internacionales que&hellip;<\/p>\n","protected":false},"author":1681,"featured_media":1139384,"comment_status":"closed","ping_status":"closed","sticky":false,"template":"","format":"standard","meta":{"footnotes":""},"categories":[11389,79,66,39,54574],"tags":[72131,77560,1065,953,1014,77562,77561],"class_list":["post-1139354","post","type-post","status-publish","format-standard","has-post-thumbnail","hentry","category-contenido-original","category-derechos-humanos","category-europa-es","category-internacional","category-migrantes-es","tag-covid-19-es","tag-dia-mundial-refugiado","tag-espana","tag-europa-es-2","tag-migraciones","tag-pacto-europeo-de-migracion-y-asilo","tag-pacto-mundial-por-los-refugiados"],"yoast_head":"<!-- This site is optimized with the Yoast SEO plugin v27.1.1 - https:\/\/yoast.com\/product\/yoast-seo-wordpress\/ -->\n<title>CEAR reclama medidas urgentes para garantizar el acceso al derecho de asilo ante la COVID-19<\/title>\n<meta name=\"description\" content=\"@CEARefugio presenta su informe anual y llama la atenci\u00f3n sobre la agravamiento de la situaci\u00f3n de los refugiados a partir de la pandemia del coronavirus\" \/>\n<meta name=\"robots\" content=\"index, follow, max-snippet:-1, max-image-preview:large, max-video-preview:-1\" \/>\n<link rel=\"canonical\" href=\"https:\/\/www.pressenza.com\/es\/2020\/06\/cear-reclama-medidas-urgentes-para-garantizar-el-acceso-al-derecho-de-asilo-ante-la-covid-19\/\" \/>\n<meta property=\"og:locale\" content=\"es_ES\" \/>\n<meta property=\"og:type\" content=\"article\" \/>\n<meta property=\"og:title\" content=\"CEAR reclama medidas urgentes para garantizar el acceso al derecho de asilo ante la COVID-19\" \/>\n<meta property=\"og:description\" content=\"@CEARefugio presenta su informe anual y llama la atenci\u00f3n sobre la agravamiento de la situaci\u00f3n de los refugiados a partir de la pandemia del coronavirus\" \/>\n<meta property=\"og:url\" content=\"https:\/\/www.pressenza.com\/es\/2020\/06\/cear-reclama-medidas-urgentes-para-garantizar-el-acceso-al-derecho-de-asilo-ante-la-covid-19\/\" \/>\n<meta property=\"og:site_name\" content=\"Pressenza\" \/>\n<meta property=\"article:publisher\" content=\"https:\/\/www.facebook.com\/PressenzaItalia\" \/>\n<meta property=\"article:published_time\" content=\"2020-06-19T21:43:48+00:00\" \/>\n<meta property=\"article:modified_time\" content=\"2020-06-19T21:47:51+00:00\" \/>\n<meta property=\"og:image\" content=\"https:\/\/www.pressenza.com\/wp-content\/uploads\/2020\/06\/derecho-de-asilo-covid_CEAR.jpg\" \/>\n\t<meta property=\"og:image:width\" content=\"1100\" \/>\n\t<meta property=\"og:image:height\" content=\"461\" \/>\n\t<meta property=\"og:image:type\" content=\"image\/jpeg\" \/>\n<meta name=\"author\" content=\"Redacci\u00f3n Espa\u00f1a\" \/>\n<meta name=\"twitter:card\" content=\"summary_large_image\" \/>\n<meta name=\"twitter:creator\" content=\"@PressenzaIPA\" \/>\n<meta name=\"twitter:site\" content=\"@PressenzaIPA\" \/>\n<meta name=\"twitter:label1\" content=\"Escrito por\" \/>\n\t<meta name=\"twitter:data1\" content=\"Redacci\u00f3n Espa\u00f1a\" \/>\n\t<meta name=\"twitter:label2\" content=\"Tiempo de lectura\" \/>\n\t<meta name=\"twitter:data2\" content=\"4 minutos\" \/>\n<script type=\"application\/ld+json\" class=\"yoast-schema-graph\">{\"@context\":\"https:\/\/schema.org\",\"@graph\":[{\"@type\":\"Article\",\"@id\":\"https:\/\/www.pressenza.com\/es\/2020\/06\/cear-reclama-medidas-urgentes-para-garantizar-el-acceso-al-derecho-de-asilo-ante-la-covid-19\/#article\",\"isPartOf\":{\"@id\":\"https:\/\/www.pressenza.com\/es\/2020\/06\/cear-reclama-medidas-urgentes-para-garantizar-el-acceso-al-derecho-de-asilo-ante-la-covid-19\/\"},\"author\":{\"name\":\"Redacci\u00f3n Espa\u00f1a\",\"@id\":\"https:\/\/www.pressenza.com\/es\/#\/schema\/person\/fffbbe2f14495897417f313a954dae23\"},\"headline\":\"CEAR reclama medidas urgentes para garantizar el acceso al derecho de asilo ante la COVID-19\",\"datePublished\":\"2020-06-19T21:43:48+00:00\",\"dateModified\":\"2020-06-19T21:47:51+00:00\",\"mainEntityOfPage\":{\"@id\":\"https:\/\/www.pressenza.com\/es\/2020\/06\/cear-reclama-medidas-urgentes-para-garantizar-el-acceso-al-derecho-de-asilo-ante-la-covid-19\/\"},\"wordCount\":837,\"publisher\":{\"@id\":\"https:\/\/www.pressenza.com\/es\/#organization\"},\"image\":{\"@id\":\"https:\/\/www.pressenza.com\/es\/2020\/06\/cear-reclama-medidas-urgentes-para-garantizar-el-acceso-al-derecho-de-asilo-ante-la-covid-19\/#primaryimage\"},\"thumbnailUrl\":\"https:\/\/www.pressenza.com\/wp-content\/uploads\/2020\/06\/derecho-de-asilo-covid_CEAR.jpg\",\"keywords\":[\"COVID-19\",\"D\u00eda Mundial Refugiado\",\"Espa\u00f1a\",\"Europa\",\"migraciones\",\"Pacto Europeo de Migraci\u00f3n y Asilo\",\"Pacto Mundial por los Refugiados\"],\"articleSection\":[\"Contenido Original\",\"Derechos Humanos\",\"Europa\",\"Internacional\",\"Migrantes\"],\"inLanguage\":\"es\"},{\"@type\":\"WebPage\",\"@id\":\"https:\/\/www.pressenza.com\/es\/2020\/06\/cear-reclama-medidas-urgentes-para-garantizar-el-acceso-al-derecho-de-asilo-ante-la-covid-19\/\",\"url\":\"https:\/\/www.pressenza.com\/es\/2020\/06\/cear-reclama-medidas-urgentes-para-garantizar-el-acceso-al-derecho-de-asilo-ante-la-covid-19\/\",\"name\":\"CEAR reclama medidas urgentes para garantizar el acceso al derecho de asilo ante la COVID-19\",\"isPartOf\":{\"@id\":\"https:\/\/www.pressenza.com\/es\/#website\"},\"primaryImageOfPage\":{\"@id\":\"https:\/\/www.pressenza.com\/es\/2020\/06\/cear-reclama-medidas-urgentes-para-garantizar-el-acceso-al-derecho-de-asilo-ante-la-covid-19\/#primaryimage\"},\"image\":{\"@id\":\"https:\/\/www.pressenza.com\/es\/2020\/06\/cear-reclama-medidas-urgentes-para-garantizar-el-acceso-al-derecho-de-asilo-ante-la-covid-19\/#primaryimage\"},\"thumbnailUrl\":\"https:\/\/www.pressenza.com\/wp-content\/uploads\/2020\/06\/derecho-de-asilo-covid_CEAR.jpg\",\"datePublished\":\"2020-06-19T21:43:48+00:00\",\"dateModified\":\"2020-06-19T21:47:51+00:00\",\"description\":\"@CEARefugio presenta su informe anual y llama la atenci\u00f3n sobre la agravamiento de la situaci\u00f3n de los refugiados a partir de la pandemia del coronavirus\",\"breadcrumb\":{\"@id\":\"https:\/\/www.pressenza.com\/es\/2020\/06\/cear-reclama-medidas-urgentes-para-garantizar-el-acceso-al-derecho-de-asilo-ante-la-covid-19\/#breadcrumb\"},\"inLanguage\":\"es\",\"potentialAction\":[{\"@type\":\"ReadAction\",\"target\":[\"https:\/\/www.pressenza.com\/es\/2020\/06\/cear-reclama-medidas-urgentes-para-garantizar-el-acceso-al-derecho-de-asilo-ante-la-covid-19\/\"]}]},{\"@type\":\"ImageObject\",\"inLanguage\":\"es\",\"@id\":\"https:\/\/www.pressenza.com\/es\/2020\/06\/cear-reclama-medidas-urgentes-para-garantizar-el-acceso-al-derecho-de-asilo-ante-la-covid-19\/#primaryimage\",\"url\":\"https:\/\/www.pressenza.com\/wp-content\/uploads\/2020\/06\/derecho-de-asilo-covid_CEAR.jpg\",\"contentUrl\":\"https:\/\/www.pressenza.com\/wp-content\/uploads\/2020\/06\/derecho-de-asilo-covid_CEAR.jpg\",\"width\":1100,\"height\":461},{\"@type\":\"BreadcrumbList\",\"@id\":\"https:\/\/www.pressenza.com\/es\/2020\/06\/cear-reclama-medidas-urgentes-para-garantizar-el-acceso-al-derecho-de-asilo-ante-la-covid-19\/#breadcrumb\",\"itemListElement\":[{\"@type\":\"ListItem\",\"position\":1,\"name\":\"Accueil\",\"item\":\"https:\/\/www.pressenza.com\/es\/\"},{\"@type\":\"ListItem\",\"position\":2,\"name\":\"CEAR reclama medidas urgentes para garantizar el acceso al derecho de asilo ante la COVID-19\"}]},{\"@type\":\"WebSite\",\"@id\":\"https:\/\/www.pressenza.com\/es\/#website\",\"url\":\"https:\/\/www.pressenza.com\/es\/\",\"name\":\"Pressenza\",\"description\":\"International Press Agency\",\"publisher\":{\"@id\":\"https:\/\/www.pressenza.com\/es\/#organization\"},\"potentialAction\":[{\"@type\":\"SearchAction\",\"target\":{\"@type\":\"EntryPoint\",\"urlTemplate\":\"https:\/\/www.pressenza.com\/es\/?s={search_term_string}\"},\"query-input\":{\"@type\":\"PropertyValueSpecification\",\"valueRequired\":true,\"valueName\":\"search_term_string\"}}],\"inLanguage\":\"es\"},{\"@type\":\"Organization\",\"@id\":\"https:\/\/www.pressenza.com\/es\/#organization\",\"name\":\"Pressenza\",\"url\":\"https:\/\/www.pressenza.com\/es\/\",\"logo\":{\"@type\":\"ImageObject\",\"inLanguage\":\"es\",\"@id\":\"https:\/\/www.pressenza.com\/es\/#\/schema\/logo\/image\/\",\"url\":\"https:\/\/www.pressenza.com\/wp-content\/uploads\/2022\/10\/pressenza_logo_200x200.jpg\",\"contentUrl\":\"https:\/\/www.pressenza.com\/wp-content\/uploads\/2022\/10\/pressenza_logo_200x200.jpg\",\"width\":200,\"height\":200,\"caption\":\"Pressenza\"},\"image\":{\"@id\":\"https:\/\/www.pressenza.com\/es\/#\/schema\/logo\/image\/\"},\"sameAs\":[\"https:\/\/www.facebook.com\/PressenzaItalia\",\"https:\/\/x.com\/PressenzaIPA\"]},{\"@type\":\"Person\",\"@id\":\"https:\/\/www.pressenza.com\/es\/#\/schema\/person\/fffbbe2f14495897417f313a954dae23\",\"name\":\"Redacci\u00f3n Espa\u00f1a\",\"url\":\"https:\/\/www.pressenza.com\/es\/author\/redaccion-espana\/\"}]}<\/script>\n<!-- \/ Yoast SEO plugin. -->","yoast_head_json":{"title":"CEAR reclama medidas urgentes para garantizar el acceso al derecho de asilo ante la COVID-19","description":"@CEARefugio presenta su informe anual y llama la atenci\u00f3n sobre la agravamiento de la situaci\u00f3n de los refugiados a partir de la pandemia del coronavirus","robots":{"index":"index","follow":"follow","max-snippet":"max-snippet:-1","max-image-preview":"max-image-preview:large","max-video-preview":"max-video-preview:-1"},"canonical":"https:\/\/www.pressenza.com\/es\/2020\/06\/cear-reclama-medidas-urgentes-para-garantizar-el-acceso-al-derecho-de-asilo-ante-la-covid-19\/","og_locale":"es_ES","og_type":"article","og_title":"CEAR reclama medidas urgentes para garantizar el acceso al derecho de asilo ante la COVID-19","og_description":"@CEARefugio presenta su informe anual y llama la atenci\u00f3n sobre la agravamiento de la situaci\u00f3n de los refugiados a partir de la pandemia del coronavirus","og_url":"https:\/\/www.pressenza.com\/es\/2020\/06\/cear-reclama-medidas-urgentes-para-garantizar-el-acceso-al-derecho-de-asilo-ante-la-covid-19\/","og_site_name":"Pressenza","article_publisher":"https:\/\/www.facebook.com\/PressenzaItalia","article_published_time":"2020-06-19T21:43:48+00:00","article_modified_time":"2020-06-19T21:47:51+00:00","og_image":[{"width":1100,"height":461,"url":"https:\/\/www.pressenza.com\/wp-content\/uploads\/2020\/06\/derecho-de-asilo-covid_CEAR.jpg","type":"image\/jpeg"}],"author":"Redacci\u00f3n Espa\u00f1a","twitter_card":"summary_large_image","twitter_creator":"@PressenzaIPA","twitter_site":"@PressenzaIPA","twitter_misc":{"Escrito por":"Redacci\u00f3n Espa\u00f1a","Tiempo de lectura":"4 minutos"},"schema":{"@context":"https:\/\/schema.org","@graph":[{"@type":"Article","@id":"https:\/\/www.pressenza.com\/es\/2020\/06\/cear-reclama-medidas-urgentes-para-garantizar-el-acceso-al-derecho-de-asilo-ante-la-covid-19\/#article","isPartOf":{"@id":"https:\/\/www.pressenza.com\/es\/2020\/06\/cear-reclama-medidas-urgentes-para-garantizar-el-acceso-al-derecho-de-asilo-ante-la-covid-19\/"},"author":{"name":"Redacci\u00f3n Espa\u00f1a","@id":"https:\/\/www.pressenza.com\/es\/#\/schema\/person\/fffbbe2f14495897417f313a954dae23"},"headline":"CEAR reclama medidas urgentes para garantizar el acceso al derecho de asilo ante la COVID-19","datePublished":"2020-06-19T21:43:48+00:00","dateModified":"2020-06-19T21:47:51+00:00","mainEntityOfPage":{"@id":"https:\/\/www.pressenza.com\/es\/2020\/06\/cear-reclama-medidas-urgentes-para-garantizar-el-acceso-al-derecho-de-asilo-ante-la-covid-19\/"},"wordCount":837,"publisher":{"@id":"https:\/\/www.pressenza.com\/es\/#organization"},"image":{"@id":"https:\/\/www.pressenza.com\/es\/2020\/06\/cear-reclama-medidas-urgentes-para-garantizar-el-acceso-al-derecho-de-asilo-ante-la-covid-19\/#primaryimage"},"thumbnailUrl":"https:\/\/www.pressenza.com\/wp-content\/uploads\/2020\/06\/derecho-de-asilo-covid_CEAR.jpg","keywords":["COVID-19","D\u00eda Mundial Refugiado","Espa\u00f1a","Europa","migraciones","Pacto Europeo de Migraci\u00f3n y Asilo","Pacto Mundial por los Refugiados"],"articleSection":["Contenido Original","Derechos Humanos","Europa","Internacional","Migrantes"],"inLanguage":"es"},{"@type":"WebPage","@id":"https:\/\/www.pressenza.com\/es\/2020\/06\/cear-reclama-medidas-urgentes-para-garantizar-el-acceso-al-derecho-de-asilo-ante-la-covid-19\/","url":"https:\/\/www.pressenza.com\/es\/2020\/06\/cear-reclama-medidas-urgentes-para-garantizar-el-acceso-al-derecho-de-asilo-ante-la-covid-19\/","name":"CEAR reclama medidas urgentes para garantizar el acceso al derecho de asilo ante la COVID-19","isPartOf":{"@id":"https:\/\/www.pressenza.com\/es\/#website"},"primaryImageOfPage":{"@id":"https:\/\/www.pressenza.com\/es\/2020\/06\/cear-reclama-medidas-urgentes-para-garantizar-el-acceso-al-derecho-de-asilo-ante-la-covid-19\/#primaryimage"},"image":{"@id":"https:\/\/www.pressenza.com\/es\/2020\/06\/cear-reclama-medidas-urgentes-para-garantizar-el-acceso-al-derecho-de-asilo-ante-la-covid-19\/#primaryimage"},"thumbnailUrl":"https:\/\/www.pressenza.com\/wp-content\/uploads\/2020\/06\/derecho-de-asilo-covid_CEAR.jpg","datePublished":"2020-06-19T21:43:48+00:00","dateModified":"2020-06-19T21:47:51+00:00","description":"@CEARefugio presenta su informe anual y llama la atenci\u00f3n sobre la agravamiento de la situaci\u00f3n de los refugiados a partir de la pandemia del coronavirus","breadcrumb":{"@id":"https:\/\/www.pressenza.com\/es\/2020\/06\/cear-reclama-medidas-urgentes-para-garantizar-el-acceso-al-derecho-de-asilo-ante-la-covid-19\/#breadcrumb"},"inLanguage":"es","potentialAction":[{"@type":"ReadAction","target":["https:\/\/www.pressenza.com\/es\/2020\/06\/cear-reclama-medidas-urgentes-para-garantizar-el-acceso-al-derecho-de-asilo-ante-la-covid-19\/"]}]},{"@type":"ImageObject","inLanguage":"es","@id":"https:\/\/www.pressenza.com\/es\/2020\/06\/cear-reclama-medidas-urgentes-para-garantizar-el-acceso-al-derecho-de-asilo-ante-la-covid-19\/#primaryimage","url":"https:\/\/www.pressenza.com\/wp-content\/uploads\/2020\/06\/derecho-de-asilo-covid_CEAR.jpg","contentUrl":"https:\/\/www.pressenza.com\/wp-content\/uploads\/2020\/06\/derecho-de-asilo-covid_CEAR.jpg","width":1100,"height":461},{"@type":"BreadcrumbList","@id":"https:\/\/www.pressenza.com\/es\/2020\/06\/cear-reclama-medidas-urgentes-para-garantizar-el-acceso-al-derecho-de-asilo-ante-la-covid-19\/#breadcrumb","itemListElement":[{"@type":"ListItem","position":1,"name":"Accueil","item":"https:\/\/www.pressenza.com\/es\/"},{"@type":"ListItem","position":2,"name":"CEAR reclama medidas urgentes para garantizar el acceso al derecho de asilo ante la COVID-19"}]},{"@type":"WebSite","@id":"https:\/\/www.pressenza.com\/es\/#website","url":"https:\/\/www.pressenza.com\/es\/","name":"Pressenza","description":"International Press Agency","publisher":{"@id":"https:\/\/www.pressenza.com\/es\/#organization"},"potentialAction":[{"@type":"SearchAction","target":{"@type":"EntryPoint","urlTemplate":"https:\/\/www.pressenza.com\/es\/?s={search_term_string}"},"query-input":{"@type":"PropertyValueSpecification","valueRequired":true,"valueName":"search_term_string"}}],"inLanguage":"es"},{"@type":"Organization","@id":"https:\/\/www.pressenza.com\/es\/#organization","name":"Pressenza","url":"https:\/\/www.pressenza.com\/es\/","logo":{"@type":"ImageObject","inLanguage":"es","@id":"https:\/\/www.pressenza.com\/es\/#\/schema\/logo\/image\/","url":"https:\/\/www.pressenza.com\/wp-content\/uploads\/2022\/10\/pressenza_logo_200x200.jpg","contentUrl":"https:\/\/www.pressenza.com\/wp-content\/uploads\/2022\/10\/pressenza_logo_200x200.jpg","width":200,"height":200,"caption":"Pressenza"},"image":{"@id":"https:\/\/www.pressenza.com\/es\/#\/schema\/logo\/image\/"},"sameAs":["https:\/\/www.facebook.com\/PressenzaItalia","https:\/\/x.com\/PressenzaIPA"]},{"@type":"Person","@id":"https:\/\/www.pressenza.com\/es\/#\/schema\/person\/fffbbe2f14495897417f313a954dae23","name":"Redacci\u00f3n Espa\u00f1a","url":"https:\/\/www.pressenza.com\/es\/author\/redaccion-espana\/"}]}},"place":"Madrid (Espa\u00f1a)","original_article_url":"https:\/\/www.cear.es\/medidas-urgentes-derecho-de-asilo-covid-19\/","_links":{"self":[{"href":"https:\/\/www.pressenza.com\/es\/wp-json\/wp\/v2\/posts\/1139354","targetHints":{"allow":["GET"]}}],"collection":[{"href":"https:\/\/www.pressenza.com\/es\/wp-json\/wp\/v2\/posts"}],"about":[{"href":"https:\/\/www.pressenza.com\/es\/wp-json\/wp\/v2\/types\/post"}],"author":[{"embeddable":true,"href":"https:\/\/www.pressenza.com\/es\/wp-json\/wp\/v2\/users\/1681"}],"replies":[{"embeddable":true,"href":"https:\/\/www.pressenza.com\/es\/wp-json\/wp\/v2\/comments?post=1139354"}],"version-history":[{"count":0,"href":"https:\/\/www.pressenza.com\/es\/wp-json\/wp\/v2\/posts\/1139354\/revisions"}],"wp:featuredmedia":[{"embeddable":true,"href":"https:\/\/www.pressenza.com\/es\/wp-json\/wp\/v2\/media\/1139384"}],"wp:attachment":[{"href":"https:\/\/www.pressenza.com\/es\/wp-json\/wp\/v2\/media?parent=1139354"}],"wp:term":[{"taxonomy":"category","embeddable":true,"href":"https:\/\/www.pressenza.com\/es\/wp-json\/wp\/v2\/categories?post=1139354"},{"taxonomy":"post_tag","embeddable":true,"href":"https:\/\/www.pressenza.com\/es\/wp-json\/wp\/v2\/tags?post=1139354"}],"curies":[{"name":"wp","href":"https:\/\/api.w.org\/{rel}","templated":true}]}}