{"id":1138080,"date":"2020-06-18T04:54:52","date_gmt":"2020-06-18T03:54:52","guid":{"rendered":"https:\/\/www.pressenza.com\/?p=1138080"},"modified":"2020-06-18T04:54:52","modified_gmt":"2020-06-18T03:54:52","slug":"despidos-de-trabajadores-y-nueva-normalidad","status":"publish","type":"post","link":"https:\/\/www.pressenza.com\/es\/2020\/06\/despidos-de-trabajadores-y-nueva-normalidad\/","title":{"rendered":"Despidos de trabajadores y \u00abnueva normalidad\u00bb"},"content":{"rendered":"<p>Por <a href=\"https:\/\/instagram.com\/by_yinnaphotography?igshid=1lm03axnk1iu0\">Yinna Paola Higuera<\/a>\u00a0 (Texto y fotograf\u00edas)<\/p>\n<p>17 de junio de 2020<\/p>\n<p>A 180.852 subi\u00f3 la cifra de despidos de trabajadores durante la emergencia sanitaria; de ellos: 15.724 por despido intempestivo;16.874 por el Art.169 (6) del C\u00f3digo de Trabajo; 100.797 acuerdo entre las partes; y, 47.457 otras razones&#8230;<\/p>\n<p>Al mismo tiempo se reactivan los cobros bancarios.<\/p>\n<p>\u00bfA d\u00f3nde nos lleva la nueva normalidad?<\/p>\n<p><img loading=\"lazy\" decoding=\"async\" class=\"aligncenter size-large wp-image-1138141\" src=\"https:\/\/www.pressenza.com\/wp-content\/uploads\/2020\/06\/83344799_10157276235676188_3807003250246030567_o-720x480.jpg\" alt=\"\" width=\"720\" height=\"480\" srcset=\"https:\/\/www.pressenza.com\/wp-content\/uploads\/2020\/06\/83344799_10157276235676188_3807003250246030567_o-720x480.jpg 720w, https:\/\/www.pressenza.com\/wp-content\/uploads\/2020\/06\/83344799_10157276235676188_3807003250246030567_o-300x200.jpg 300w, https:\/\/www.pressenza.com\/wp-content\/uploads\/2020\/06\/83344799_10157276235676188_3807003250246030567_o-768x512.jpg 768w, https:\/\/www.pressenza.com\/wp-content\/uploads\/2020\/06\/83344799_10157276235676188_3807003250246030567_o-1536x1024.jpg 1536w, https:\/\/www.pressenza.com\/wp-content\/uploads\/2020\/06\/83344799_10157276235676188_3807003250246030567_o.jpg 1756w\" sizes=\"auto, (max-width: 720px) 100vw, 720px\" \/><\/p>\n<p><img loading=\"lazy\" decoding=\"async\" class=\"aligncenter size-large wp-image-1138131\" src=\"https:\/\/www.pressenza.com\/wp-content\/uploads\/2020\/06\/104412640_10157276235711188_5461461765871822206_o-720x480.jpg\" alt=\"\" width=\"720\" height=\"480\" srcset=\"https:\/\/www.pressenza.com\/wp-content\/uploads\/2020\/06\/104412640_10157276235711188_5461461765871822206_o-720x480.jpg 720w, https:\/\/www.pressenza.com\/wp-content\/uploads\/2020\/06\/104412640_10157276235711188_5461461765871822206_o-300x200.jpg 300w, https:\/\/www.pressenza.com\/wp-content\/uploads\/2020\/06\/104412640_10157276235711188_5461461765871822206_o-768x512.jpg 768w, https:\/\/www.pressenza.com\/wp-content\/uploads\/2020\/06\/104412640_10157276235711188_5461461765871822206_o-1536x1024.jpg 1536w, https:\/\/www.pressenza.com\/wp-content\/uploads\/2020\/06\/104412640_10157276235711188_5461461765871822206_o.jpg 1920w\" sizes=\"auto, (max-width: 720px) 100vw, 720px\" \/><\/p>\n<p><img loading=\"lazy\" decoding=\"async\" class=\"aligncenter size-large wp-image-1138111\" src=\"https:\/\/www.pressenza.com\/wp-content\/uploads\/2020\/06\/103442373_10157276235901188_622827037783984774_o-720x480.jpg\" alt=\"\" width=\"720\" height=\"480\" srcset=\"https:\/\/www.pressenza.com\/wp-content\/uploads\/2020\/06\/103442373_10157276235901188_622827037783984774_o-720x480.jpg 720w, https:\/\/www.pressenza.com\/wp-content\/uploads\/2020\/06\/103442373_10157276235901188_622827037783984774_o-300x200.jpg 300w, https:\/\/www.pressenza.com\/wp-content\/uploads\/2020\/06\/103442373_10157276235901188_622827037783984774_o-768x512.jpg 768w, https:\/\/www.pressenza.com\/wp-content\/uploads\/2020\/06\/103442373_10157276235901188_622827037783984774_o-1536x1024.jpg 1536w, https:\/\/www.pressenza.com\/wp-content\/uploads\/2020\/06\/103442373_10157276235901188_622827037783984774_o.jpg 1713w\" sizes=\"auto, (max-width: 720px) 100vw, 720px\" \/><\/p>\n<p><img loading=\"lazy\" decoding=\"async\" class=\"aligncenter size-large wp-image-1138091\" src=\"https:\/\/www.pressenza.com\/wp-content\/uploads\/2020\/06\/104708261_10157276236301188_1501371167346076791_o-720x480.jpg\" alt=\"\" width=\"720\" height=\"480\" srcset=\"https:\/\/www.pressenza.com\/wp-content\/uploads\/2020\/06\/104708261_10157276236301188_1501371167346076791_o-720x480.jpg 720w, https:\/\/www.pressenza.com\/wp-content\/uploads\/2020\/06\/104708261_10157276236301188_1501371167346076791_o-300x200.jpg 300w, https:\/\/www.pressenza.com\/wp-content\/uploads\/2020\/06\/104708261_10157276236301188_1501371167346076791_o-768x512.jpg 768w, https:\/\/www.pressenza.com\/wp-content\/uploads\/2020\/06\/104708261_10157276236301188_1501371167346076791_o-1536x1024.jpg 1536w, https:\/\/www.pressenza.com\/wp-content\/uploads\/2020\/06\/104708261_10157276236301188_1501371167346076791_o.jpg 1920w\" sizes=\"auto, (max-width: 720px) 100vw, 720px\" \/><\/p>\n<p><img loading=\"lazy\" decoding=\"async\" class=\"aligncenter size-large wp-image-1138121\" src=\"https:\/\/www.pressenza.com\/wp-content\/uploads\/2020\/06\/104996166_10157276235926188_1586332360491475332_o-720x480.jpg\" alt=\"\" width=\"720\" height=\"480\" srcset=\"https:\/\/www.pressenza.com\/wp-content\/uploads\/2020\/06\/104996166_10157276235926188_1586332360491475332_o-720x480.jpg 720w, https:\/\/www.pressenza.com\/wp-content\/uploads\/2020\/06\/104996166_10157276235926188_1586332360491475332_o-300x200.jpg 300w, https:\/\/www.pressenza.com\/wp-content\/uploads\/2020\/06\/104996166_10157276235926188_1586332360491475332_o-768x512.jpg 768w, https:\/\/www.pressenza.com\/wp-content\/uploads\/2020\/06\/104996166_10157276235926188_1586332360491475332_o-1536x1024.jpg 1536w, https:\/\/www.pressenza.com\/wp-content\/uploads\/2020\/06\/104996166_10157276235926188_1586332360491475332_o.jpg 1820w\" sizes=\"auto, (max-width: 720px) 100vw, 720px\" \/><\/p>\n","protected":false},"excerpt":{"rendered":"<p>Por Yinna Paola Higuera\u00a0 (Texto y fotograf\u00edas) 17 de junio de 2020 A 180.852 subi\u00f3 la cifra de despidos de trabajadores durante la emergencia sanitaria; de ellos: 15.724 por despido intempestivo;16.874 por el Art.169 (6) del C\u00f3digo de Trabajo; 100.797&hellip;<\/p>\n","protected":false},"author":1011,"featured_media":1138081,"comment_status":"closed","ping_status":"closed","sticky":false,"template":"","format":"standard","meta":{"footnotes":""},"categories":[11389,79,81,5667,74,67],"tags":[77463,76488],"class_list":["post-1138080","post","type-post","status-publish","format-standard","has-post-thumbnail","hentry","category-contenido-original","category-derechos-humanos","category-economia-es","category-foto-reportajes","category-politica-es","category-sudamerica","tag-despidos-de-trabajadores","tag-nueva-normalidad"],"yoast_head":"<!-- This site is optimized with the Yoast SEO plugin v27.1.1 - https:\/\/yoast.com\/product\/yoast-seo-wordpress\/ -->\n<title>Despidos de trabajadores y &quot;nueva normalidad&quot;<\/title>\n<meta name=\"description\" content=\"Por Yinna Paola Higuera\u00a0 (Texto y fotograf\u00edas) 17 de junio de 2020 A 180.852 subi\u00f3 la cifra de despidos de trabajadores durante la emergencia sanitaria;\" \/>\n<meta name=\"robots\" content=\"index, follow, max-snippet:-1, max-image-preview:large, max-video-preview:-1\" \/>\n<link rel=\"canonical\" href=\"https:\/\/www.pressenza.com\/es\/2020\/06\/despidos-de-trabajadores-y-nueva-normalidad\/\" \/>\n<meta property=\"og:locale\" content=\"es_ES\" \/>\n<meta property=\"og:type\" content=\"article\" \/>\n<meta property=\"og:title\" content=\"Despidos de trabajadores y &quot;nueva normalidad&quot;\" \/>\n<meta property=\"og:description\" content=\"Por Yinna Paola Higuera\u00a0 (Texto y fotograf\u00edas) 17 de junio de 2020 A 180.852 subi\u00f3 la cifra de despidos de trabajadores durante la emergencia sanitaria;\" \/>\n<meta property=\"og:url\" content=\"https:\/\/www.pressenza.com\/es\/2020\/06\/despidos-de-trabajadores-y-nueva-normalidad\/\" \/>\n<meta property=\"og:site_name\" content=\"Pressenza\" \/>\n<meta property=\"article:publisher\" content=\"https:\/\/www.facebook.com\/PressenzaItalia\" \/>\n<meta property=\"article:published_time\" content=\"2020-06-18T03:54:52+00:00\" \/>\n<meta property=\"og:image\" content=\"https:\/\/www.pressenza.com\/wp-content\/uploads\/2020\/06\/103950856_10157276236976188_8413810418060642517_o.jpg\" \/>\n\t<meta property=\"og:image:width\" content=\"1809\" \/>\n\t<meta property=\"og:image:height\" content=\"1206\" \/>\n\t<meta property=\"og:image:type\" content=\"image\/jpeg\" \/>\n<meta name=\"author\" content=\"Redacci\u00f3n Ecuador\" \/>\n<meta name=\"twitter:card\" content=\"summary_large_image\" \/>\n<meta name=\"twitter:creator\" content=\"@PressenzaIPA\" \/>\n<meta name=\"twitter:site\" content=\"@PressenzaIPA\" \/>\n<meta name=\"twitter:label1\" content=\"Escrito por\" \/>\n\t<meta name=\"twitter:data1\" content=\"Redacci\u00f3n Ecuador\" \/>\n<script type=\"application\/ld+json\" class=\"yoast-schema-graph\">{\"@context\":\"https:\/\/schema.org\",\"@graph\":[{\"@type\":\"Article\",\"@id\":\"https:\/\/www.pressenza.com\/es\/2020\/06\/despidos-de-trabajadores-y-nueva-normalidad\/#article\",\"isPartOf\":{\"@id\":\"https:\/\/www.pressenza.com\/es\/2020\/06\/despidos-de-trabajadores-y-nueva-normalidad\/\"},\"author\":{\"name\":\"Redacci\u00f3n Ecuador\",\"@id\":\"https:\/\/www.pressenza.com\/es\/#\/schema\/person\/883a735c40665759bcc6fe0c26bcb46f\"},\"headline\":\"Despidos de trabajadores y \u00abnueva normalidad\u00bb\",\"datePublished\":\"2020-06-18T03:54:52+00:00\",\"mainEntityOfPage\":{\"@id\":\"https:\/\/www.pressenza.com\/es\/2020\/06\/despidos-de-trabajadores-y-nueva-normalidad\/\"},\"wordCount\":65,\"publisher\":{\"@id\":\"https:\/\/www.pressenza.com\/es\/#organization\"},\"image\":{\"@id\":\"https:\/\/www.pressenza.com\/es\/2020\/06\/despidos-de-trabajadores-y-nueva-normalidad\/#primaryimage\"},\"thumbnailUrl\":\"https:\/\/www.pressenza.com\/wp-content\/uploads\/2020\/06\/103950856_10157276236976188_8413810418060642517_o.jpg\",\"keywords\":[\"Despidos de trabajadores\",\"nueva normalidad\"],\"articleSection\":[\"Contenido Original\",\"Derechos Humanos\",\"Econom\u00eda\",\"Fotorreportajes\",\"Pol\u00edtica\",\"Sudam\u00e9rica\"],\"inLanguage\":\"es\"},{\"@type\":\"WebPage\",\"@id\":\"https:\/\/www.pressenza.com\/es\/2020\/06\/despidos-de-trabajadores-y-nueva-normalidad\/\",\"url\":\"https:\/\/www.pressenza.com\/es\/2020\/06\/despidos-de-trabajadores-y-nueva-normalidad\/\",\"name\":\"Despidos de trabajadores y \\\"nueva normalidad\\\"\",\"isPartOf\":{\"@id\":\"https:\/\/www.pressenza.com\/es\/#website\"},\"primaryImageOfPage\":{\"@id\":\"https:\/\/www.pressenza.com\/es\/2020\/06\/despidos-de-trabajadores-y-nueva-normalidad\/#primaryimage\"},\"image\":{\"@id\":\"https:\/\/www.pressenza.com\/es\/2020\/06\/despidos-de-trabajadores-y-nueva-normalidad\/#primaryimage\"},\"thumbnailUrl\":\"https:\/\/www.pressenza.com\/wp-content\/uploads\/2020\/06\/103950856_10157276236976188_8413810418060642517_o.jpg\",\"datePublished\":\"2020-06-18T03:54:52+00:00\",\"description\":\"Por Yinna Paola Higuera\u00a0 (Texto y fotograf\u00edas) 17 de junio de 2020 A 180.852 subi\u00f3 la cifra de despidos de trabajadores durante la emergencia sanitaria;\",\"breadcrumb\":{\"@id\":\"https:\/\/www.pressenza.com\/es\/2020\/06\/despidos-de-trabajadores-y-nueva-normalidad\/#breadcrumb\"},\"inLanguage\":\"es\",\"potentialAction\":[{\"@type\":\"ReadAction\",\"target\":[\"https:\/\/www.pressenza.com\/es\/2020\/06\/despidos-de-trabajadores-y-nueva-normalidad\/\"]}]},{\"@type\":\"ImageObject\",\"inLanguage\":\"es\",\"@id\":\"https:\/\/www.pressenza.com\/es\/2020\/06\/despidos-de-trabajadores-y-nueva-normalidad\/#primaryimage\",\"url\":\"https:\/\/www.pressenza.com\/wp-content\/uploads\/2020\/06\/103950856_10157276236976188_8413810418060642517_o.jpg\",\"contentUrl\":\"https:\/\/www.pressenza.com\/wp-content\/uploads\/2020\/06\/103950856_10157276236976188_8413810418060642517_o.jpg\",\"width\":1809,\"height\":1206,\"caption\":\"Protestas por despido a trabajadores frente a la Plataforma Financiera en Quito.\"},{\"@type\":\"BreadcrumbList\",\"@id\":\"https:\/\/www.pressenza.com\/es\/2020\/06\/despidos-de-trabajadores-y-nueva-normalidad\/#breadcrumb\",\"itemListElement\":[{\"@type\":\"ListItem\",\"position\":1,\"name\":\"Accueil\",\"item\":\"https:\/\/www.pressenza.com\/es\/\"},{\"@type\":\"ListItem\",\"position\":2,\"name\":\"Despidos de trabajadores y \u00abnueva normalidad\u00bb\"}]},{\"@type\":\"WebSite\",\"@id\":\"https:\/\/www.pressenza.com\/es\/#website\",\"url\":\"https:\/\/www.pressenza.com\/es\/\",\"name\":\"Pressenza\",\"description\":\"International Press Agency\",\"publisher\":{\"@id\":\"https:\/\/www.pressenza.com\/es\/#organization\"},\"potentialAction\":[{\"@type\":\"SearchAction\",\"target\":{\"@type\":\"EntryPoint\",\"urlTemplate\":\"https:\/\/www.pressenza.com\/es\/?s={search_term_string}\"},\"query-input\":{\"@type\":\"PropertyValueSpecification\",\"valueRequired\":true,\"valueName\":\"search_term_string\"}}],\"inLanguage\":\"es\"},{\"@type\":\"Organization\",\"@id\":\"https:\/\/www.pressenza.com\/es\/#organization\",\"name\":\"Pressenza\",\"url\":\"https:\/\/www.pressenza.com\/es\/\",\"logo\":{\"@type\":\"ImageObject\",\"inLanguage\":\"es\",\"@id\":\"https:\/\/www.pressenza.com\/es\/#\/schema\/logo\/image\/\",\"url\":\"https:\/\/www.pressenza.com\/wp-content\/uploads\/2022\/10\/pressenza_logo_200x200.jpg\",\"contentUrl\":\"https:\/\/www.pressenza.com\/wp-content\/uploads\/2022\/10\/pressenza_logo_200x200.jpg\",\"width\":200,\"height\":200,\"caption\":\"Pressenza\"},\"image\":{\"@id\":\"https:\/\/www.pressenza.com\/es\/#\/schema\/logo\/image\/\"},\"sameAs\":[\"https:\/\/www.facebook.com\/PressenzaItalia\",\"https:\/\/x.com\/PressenzaIPA\"]},{\"@type\":\"Person\",\"@id\":\"https:\/\/www.pressenza.com\/es\/#\/schema\/person\/883a735c40665759bcc6fe0c26bcb46f\",\"name\":\"Redacci\u00f3n Ecuador\",\"description\":\"News published by the Pressenza bureau in Quito, Ecuador\",\"url\":\"https:\/\/www.pressenza.com\/es\/author\/redaccion-ecuador\/\"}]}<\/script>\n<!-- \/ Yoast SEO plugin. -->","yoast_head_json":{"title":"Despidos de trabajadores y \"nueva normalidad\"","description":"Por Yinna Paola Higuera\u00a0 (Texto y fotograf\u00edas) 17 de junio de 2020 A 180.852 subi\u00f3 la cifra de despidos de trabajadores durante la emergencia sanitaria;","robots":{"index":"index","follow":"follow","max-snippet":"max-snippet:-1","max-image-preview":"max-image-preview:large","max-video-preview":"max-video-preview:-1"},"canonical":"https:\/\/www.pressenza.com\/es\/2020\/06\/despidos-de-trabajadores-y-nueva-normalidad\/","og_locale":"es_ES","og_type":"article","og_title":"Despidos de trabajadores y \"nueva normalidad\"","og_description":"Por Yinna Paola Higuera\u00a0 (Texto y fotograf\u00edas) 17 de junio de 2020 A 180.852 subi\u00f3 la cifra de despidos de trabajadores durante la emergencia sanitaria;","og_url":"https:\/\/www.pressenza.com\/es\/2020\/06\/despidos-de-trabajadores-y-nueva-normalidad\/","og_site_name":"Pressenza","article_publisher":"https:\/\/www.facebook.com\/PressenzaItalia","article_published_time":"2020-06-18T03:54:52+00:00","og_image":[{"width":1809,"height":1206,"url":"https:\/\/www.pressenza.com\/wp-content\/uploads\/2020\/06\/103950856_10157276236976188_8413810418060642517_o.jpg","type":"image\/jpeg"}],"author":"Redacci\u00f3n Ecuador","twitter_card":"summary_large_image","twitter_creator":"@PressenzaIPA","twitter_site":"@PressenzaIPA","twitter_misc":{"Escrito por":"Redacci\u00f3n Ecuador"},"schema":{"@context":"https:\/\/schema.org","@graph":[{"@type":"Article","@id":"https:\/\/www.pressenza.com\/es\/2020\/06\/despidos-de-trabajadores-y-nueva-normalidad\/#article","isPartOf":{"@id":"https:\/\/www.pressenza.com\/es\/2020\/06\/despidos-de-trabajadores-y-nueva-normalidad\/"},"author":{"name":"Redacci\u00f3n Ecuador","@id":"https:\/\/www.pressenza.com\/es\/#\/schema\/person\/883a735c40665759bcc6fe0c26bcb46f"},"headline":"Despidos de trabajadores y \u00abnueva normalidad\u00bb","datePublished":"2020-06-18T03:54:52+00:00","mainEntityOfPage":{"@id":"https:\/\/www.pressenza.com\/es\/2020\/06\/despidos-de-trabajadores-y-nueva-normalidad\/"},"wordCount":65,"publisher":{"@id":"https:\/\/www.pressenza.com\/es\/#organization"},"image":{"@id":"https:\/\/www.pressenza.com\/es\/2020\/06\/despidos-de-trabajadores-y-nueva-normalidad\/#primaryimage"},"thumbnailUrl":"https:\/\/www.pressenza.com\/wp-content\/uploads\/2020\/06\/103950856_10157276236976188_8413810418060642517_o.jpg","keywords":["Despidos de trabajadores","nueva normalidad"],"articleSection":["Contenido Original","Derechos Humanos","Econom\u00eda","Fotorreportajes","Pol\u00edtica","Sudam\u00e9rica"],"inLanguage":"es"},{"@type":"WebPage","@id":"https:\/\/www.pressenza.com\/es\/2020\/06\/despidos-de-trabajadores-y-nueva-normalidad\/","url":"https:\/\/www.pressenza.com\/es\/2020\/06\/despidos-de-trabajadores-y-nueva-normalidad\/","name":"Despidos de trabajadores y \"nueva normalidad\"","isPartOf":{"@id":"https:\/\/www.pressenza.com\/es\/#website"},"primaryImageOfPage":{"@id":"https:\/\/www.pressenza.com\/es\/2020\/06\/despidos-de-trabajadores-y-nueva-normalidad\/#primaryimage"},"image":{"@id":"https:\/\/www.pressenza.com\/es\/2020\/06\/despidos-de-trabajadores-y-nueva-normalidad\/#primaryimage"},"thumbnailUrl":"https:\/\/www.pressenza.com\/wp-content\/uploads\/2020\/06\/103950856_10157276236976188_8413810418060642517_o.jpg","datePublished":"2020-06-18T03:54:52+00:00","description":"Por Yinna Paola Higuera\u00a0 (Texto y fotograf\u00edas) 17 de junio de 2020 A 180.852 subi\u00f3 la cifra de despidos de trabajadores durante la emergencia sanitaria;","breadcrumb":{"@id":"https:\/\/www.pressenza.com\/es\/2020\/06\/despidos-de-trabajadores-y-nueva-normalidad\/#breadcrumb"},"inLanguage":"es","potentialAction":[{"@type":"ReadAction","target":["https:\/\/www.pressenza.com\/es\/2020\/06\/despidos-de-trabajadores-y-nueva-normalidad\/"]}]},{"@type":"ImageObject","inLanguage":"es","@id":"https:\/\/www.pressenza.com\/es\/2020\/06\/despidos-de-trabajadores-y-nueva-normalidad\/#primaryimage","url":"https:\/\/www.pressenza.com\/wp-content\/uploads\/2020\/06\/103950856_10157276236976188_8413810418060642517_o.jpg","contentUrl":"https:\/\/www.pressenza.com\/wp-content\/uploads\/2020\/06\/103950856_10157276236976188_8413810418060642517_o.jpg","width":1809,"height":1206,"caption":"Protestas por despido a trabajadores frente a la Plataforma Financiera en Quito."},{"@type":"BreadcrumbList","@id":"https:\/\/www.pressenza.com\/es\/2020\/06\/despidos-de-trabajadores-y-nueva-normalidad\/#breadcrumb","itemListElement":[{"@type":"ListItem","position":1,"name":"Accueil","item":"https:\/\/www.pressenza.com\/es\/"},{"@type":"ListItem","position":2,"name":"Despidos de trabajadores y \u00abnueva normalidad\u00bb"}]},{"@type":"WebSite","@id":"https:\/\/www.pressenza.com\/es\/#website","url":"https:\/\/www.pressenza.com\/es\/","name":"Pressenza","description":"International Press Agency","publisher":{"@id":"https:\/\/www.pressenza.com\/es\/#organization"},"potentialAction":[{"@type":"SearchAction","target":{"@type":"EntryPoint","urlTemplate":"https:\/\/www.pressenza.com\/es\/?s={search_term_string}"},"query-input":{"@type":"PropertyValueSpecification","valueRequired":true,"valueName":"search_term_string"}}],"inLanguage":"es"},{"@type":"Organization","@id":"https:\/\/www.pressenza.com\/es\/#organization","name":"Pressenza","url":"https:\/\/www.pressenza.com\/es\/","logo":{"@type":"ImageObject","inLanguage":"es","@id":"https:\/\/www.pressenza.com\/es\/#\/schema\/logo\/image\/","url":"https:\/\/www.pressenza.com\/wp-content\/uploads\/2022\/10\/pressenza_logo_200x200.jpg","contentUrl":"https:\/\/www.pressenza.com\/wp-content\/uploads\/2022\/10\/pressenza_logo_200x200.jpg","width":200,"height":200,"caption":"Pressenza"},"image":{"@id":"https:\/\/www.pressenza.com\/es\/#\/schema\/logo\/image\/"},"sameAs":["https:\/\/www.facebook.com\/PressenzaItalia","https:\/\/x.com\/PressenzaIPA"]},{"@type":"Person","@id":"https:\/\/www.pressenza.com\/es\/#\/schema\/person\/883a735c40665759bcc6fe0c26bcb46f","name":"Redacci\u00f3n Ecuador","description":"News published by the Pressenza bureau in Quito, Ecuador","url":"https:\/\/www.pressenza.com\/es\/author\/redaccion-ecuador\/"}]}},"place":"Quito, Ecuador","original_article_url":"","_links":{"self":[{"href":"https:\/\/www.pressenza.com\/es\/wp-json\/wp\/v2\/posts\/1138080","targetHints":{"allow":["GET"]}}],"collection":[{"href":"https:\/\/www.pressenza.com\/es\/wp-json\/wp\/v2\/posts"}],"about":[{"href":"https:\/\/www.pressenza.com\/es\/wp-json\/wp\/v2\/types\/post"}],"author":[{"embeddable":true,"href":"https:\/\/www.pressenza.com\/es\/wp-json\/wp\/v2\/users\/1011"}],"replies":[{"embeddable":true,"href":"https:\/\/www.pressenza.com\/es\/wp-json\/wp\/v2\/comments?post=1138080"}],"version-history":[{"count":0,"href":"https:\/\/www.pressenza.com\/es\/wp-json\/wp\/v2\/posts\/1138080\/revisions"}],"wp:featuredmedia":[{"embeddable":true,"href":"https:\/\/www.pressenza.com\/es\/wp-json\/wp\/v2\/media\/1138081"}],"wp:attachment":[{"href":"https:\/\/www.pressenza.com\/es\/wp-json\/wp\/v2\/media?parent=1138080"}],"wp:term":[{"taxonomy":"category","embeddable":true,"href":"https:\/\/www.pressenza.com\/es\/wp-json\/wp\/v2\/categories?post=1138080"},{"taxonomy":"post_tag","embeddable":true,"href":"https:\/\/www.pressenza.com\/es\/wp-json\/wp\/v2\/tags?post=1138080"}],"curies":[{"name":"wp","href":"https:\/\/api.w.org\/{rel}","templated":true}]}}