{"id":1137125,"date":"2020-06-16T20:45:41","date_gmt":"2020-06-16T19:45:41","guid":{"rendered":"https:\/\/www.pressenza.com\/?p=1137125"},"modified":"2020-06-16T20:45:41","modified_gmt":"2020-06-16T19:45:41","slug":"campana-para-nominar-a-medicos-cubanos-al-premio-nobel-de-la-paz","status":"publish","type":"post","link":"https:\/\/www.pressenza.com\/es\/2020\/06\/campana-para-nominar-a-medicos-cubanos-al-premio-nobel-de-la-paz\/","title":{"rendered":"Campa\u00f1a para nominar a m\u00e9dicos cubanos al Premio Nobel de la Paz"},"content":{"rendered":"<p>La campa\u00f1a estadounidense para nominar a la Brigada M\u00e9dica Internacional Henry Reeve para el Premio Nobel de la Paz 2021 se anunciar\u00e1 el martes 16 de junio de 2020. Esta campa\u00f1a ha sido respaldada por prominentes intelectuales, artistas, pol\u00edticos y ciudadanos comunes de todo el mundo que reconocen la destacada contribuci\u00f3n de la Brigada Internacional a la salud y la vida de todos los seres humanos.<\/p>\n<p>Entre las adhesiones iniciales se encuentran el Premio Nobel de la Paz Adolfo P\u00e9rez Esquivel; el ex Presidente de Ecuador, Rafael Correa; los actores Danny Glover y Mark Ruffalo; los escritores Alice Walker, Noam Chomsky y Nancy Morej\u00f3n; los cineastas Oliver Stone y Petra Costa; el m\u00fasico Tom Morello y el cantante y compositor Silvio Rodr\u00edguez, entre muchos otros. A ellos se unen m\u00e1s de 10.000 personas que hasta ahora han firmado la petici\u00f3n en todo el mundo, y numerosas organizaciones, entre ellas La V\u00eda Campesina (Movimiento Internacional Campesino), que representa a 182 grupos en 81 pa\u00edses.<\/p>\n<p>En una notable muestra de cooperaci\u00f3n internacional, m\u00e1s de 2.000 m\u00e9dicos, enfermeras y profesionales de la medicina de Cuba han colaborado en 27 pa\u00edses afectados por el COVID-19, salvando miles de vidas y poniendo en peligro su propio bienestar.<\/p>\n<p>Los profesionales cubanos de la salud prestan actualmente la asistencia que se necesita con urgencia en Andorra, Angola, Antigua y Barbuda, Barbados, Belice, Cabo Verde, Dominica, Granada, Guinea, Hait\u00ed, Honduras, Italia, Jamaica, Kuwait, M\u00e9xico, Mozambique, Nicaragua, Per\u00fa, Qatar, Santa Luc\u00eda, San Crist\u00f3bal y Nieves, San Vicente y las Granadinas, Sud\u00e1frica, Surinam, Togo, Trinidad y Tobago y Venezuela.<\/p>\n<p>La Brigada M\u00e9dica Internacional Henry Reeve lleva el nombre de un soldado estadounidense que luch\u00f3 por Cuba durante su Primera Guerra de Independencia (1868-1878). La Brigada se form\u00f3 en 2005 cuando un gran grupo de profesionales de la salud se prepar\u00f3 para ir a Luisiana despu\u00e9s del devastador hurac\u00e1n Katrina; sin embargo, el gobierno de los Estados Unidos ignor\u00f3 la oferta y varios d\u00edas despu\u00e9s esa Brigada fue enviada a Guatemala y Pakist\u00e1n para ayudar despu\u00e9s de fuertes desastres naturales. En 2005 el primer grupo de profesionales consisti\u00f3 en 1.500 doctores y personal m\u00e9dico.<\/p>\n<p>En sus casi 15 a\u00f1os de historia, m\u00e1s de 7.000 profesionales de la salud han formado parte de la misma.<\/p>\n<p>La Brigada Henry Reeve ha recibido numerosos premios internacionales, incluido el prestigioso \u00abPremio Conmemorativo del Dr. Lee Jong-wook para la Salud P\u00fablica\u00bb de la Organizaci\u00f3n Mundial de la Salud (OMS) en el a\u00f1o 2017.<\/p>\n<p>Propuesta primero por grupos europeos, la campa\u00f1a por el Premio Nobel de la Paz se ha extendido a nivel mundial. El renombrado escritor y ling\u00fcista Noam Chomsky dijo que \u00abCuba es el \u00fanico pa\u00eds que ha mostrado un genuino internacionalismo durante esta crisis del coronavirus\u00bb.<\/p>\n<p>\u00abMe conmovi\u00f3 hasta las l\u00e1grimas ver a los cubanos, en el punto \u00e1lgido de la pandemia, dirigi\u00e9ndose a la parte m\u00e1s infectada de Italia para ayudar a salvar vidas\u00bb, dijo Medea Benjamin, co-directora del grupo pacifista CODEPINK, que co-preside el Comit\u00e9 estadounidense que apoya la campa\u00f1a, junto con Alicia Jrapko del Comit\u00e9 Internacional Paz, Justicia y Dignidad a los Pueblos. \u00abEl esfuerzo heroico de los doctores cubanos en esta pandemia no es s\u00f3lo la contribuci\u00f3n m\u00e9dica que est\u00e1n aportando en muchas partes del mundo, sino tambi\u00e9n su gran esp\u00edritu solidario y amor a la humanidad\u00bb, se\u00f1al\u00f3 Jrapko.<\/p>\n<p>La Campa\u00f1a propiciar\u00e1 un apoyo amplio y diverso en todos los sectores de la sociedad, estimulando una mayor atenci\u00f3n por parte de los medios de comunicaci\u00f3n al programa m\u00e9dico cubano; paralelamente los organizadores de la misma destacan la importancia de que se conozcan las voces de los m\u00e9dicos que se ofrecen como voluntarios para estas misiones, como as\u00ed tambi\u00e9n las de los pacientes que tratan.<\/p>\n<p>La declaraci\u00f3n oficial de la Campa\u00f1a resume el esp\u00edritu de este esfuerzo mundial: \u201cEsperamos que el ejemplo de Cuba inspire a los que estamos en otros pa\u00edses a promover pol\u00edticas y acciones m\u00e1s compasivas y generosas no s\u00f3lo para combatir las pandemias sino tambi\u00e9n para construir un mundo m\u00e1s justo y pac\u00edfico\u00bb.<\/p>\n<div id=\"attachment_1137136\" class=\"wp-caption alignnone\"><img loading=\"lazy\" decoding=\"async\" aria-describedby=\"caption-attachment-1137136\" class=\"wp-image-1137136 size-full\" src=\"https:\/\/www.pressenza.com\/wp-content\/uploads\/2020\/06\/50006648696_fdfd3b8101_o.jpg\" alt=\"\" width=\"580\" height=\"330\" srcset=\"https:\/\/www.pressenza.com\/wp-content\/uploads\/2020\/06\/50006648696_fdfd3b8101_o.jpg 580w, https:\/\/www.pressenza.com\/wp-content\/uploads\/2020\/06\/50006648696_fdfd3b8101_o-300x171.jpg 300w\" sizes=\"auto, (max-width: 580px) 100vw, 580px\" \/><p id=\"caption-attachment-1137136\" class=\"wp-caption-text\">Estudiantes de medicina contin\u00faan con las labores de pesquisas en todo el pa\u00eds. Foto: Abel Padr\u00f3n Padilla\/Cubadebate<\/p><\/div>\n<p>Las co-presidentas de la campa\u00f1a estadounidense para nominar a la Brigada M\u00e9dica Internacional Henry Reeve para el Premio Nobel de la Paz 2021 y otros patrocinadores est\u00e1n disponibles para entrevistas.<\/p>\n<p>Para m\u00e1s informaci\u00f3n ir a: <a href=\"https:\/\/www.cubanobel.org\/\">https:\/\/www.cubanobel.org\/<\/a><\/p>\n<p>Para adherir a la petici\u00f3n ir a: <a href=\"https:\/\/www.cubanobel.org\/firma_la_peticion\">https:\/\/www.cubanobel.org\/firma_la_peticion<\/a><\/p>\n","protected":false},"excerpt":{"rendered":"<p>La campa\u00f1a estadounidense para nominar a la Brigada M\u00e9dica Internacional Henry Reeve para el Premio Nobel de la Paz 2021 se anunciar\u00e1 el martes 16 de junio de 2020. Esta campa\u00f1a ha sido respaldada por prominentes intelectuales, artistas, pol\u00edticos y&hellip;<\/p>\n","protected":false},"author":1126,"featured_media":1137126,"comment_status":"closed","ping_status":"closed","sticky":false,"template":"","format":"standard","meta":{"footnotes":""},"categories":[149,11389,68,1243],"tags":[58810,5976],"class_list":["post-1137125","post","type-post","status-publish","format-standard","has-post-thumbnail","hentry","category-comunicados-de-prensa","category-contenido-original","category-norteamerica","category-paz-desarme","tag-medicos-cubanos-es","tag-premio-nobel-de-la-paz"],"yoast_head":"<!-- This site is optimized with the Yoast SEO plugin v27.1.1 - https:\/\/yoast.com\/product\/yoast-seo-wordpress\/ -->\n<title>Campa\u00f1a para nominar a m\u00e9dicos cubanos al Premio Nobel de la Paz<\/title>\n<meta name=\"description\" content=\"campa\u00f1a para nominar a m\u00e9dicos cubanos al Premio Nobel de la Paz\" \/>\n<meta name=\"robots\" content=\"index, follow, max-snippet:-1, max-image-preview:large, max-video-preview:-1\" \/>\n<link rel=\"canonical\" href=\"https:\/\/www.pressenza.com\/es\/2020\/06\/campana-para-nominar-a-medicos-cubanos-al-premio-nobel-de-la-paz\/\" \/>\n<meta property=\"og:locale\" content=\"es_ES\" \/>\n<meta property=\"og:type\" content=\"article\" \/>\n<meta property=\"og:title\" content=\"Campa\u00f1a para nominar a m\u00e9dicos cubanos al Premio Nobel de la Paz\" \/>\n<meta property=\"og:description\" content=\"campa\u00f1a para nominar a m\u00e9dicos cubanos al Premio Nobel de la Paz\" \/>\n<meta property=\"og:url\" content=\"https:\/\/www.pressenza.com\/es\/2020\/06\/campana-para-nominar-a-medicos-cubanos-al-premio-nobel-de-la-paz\/\" \/>\n<meta property=\"og:site_name\" content=\"Pressenza\" \/>\n<meta property=\"article:publisher\" content=\"https:\/\/www.facebook.com\/PressenzaItalia\" \/>\n<meta property=\"article:author\" content=\"https:\/\/www.facebook.com\/PressenzaEnglish\/\" \/>\n<meta property=\"article:published_time\" content=\"2020-06-16T19:45:41+00:00\" \/>\n<meta property=\"og:image\" content=\"https:\/\/www.pressenza.com\/wp-content\/uploads\/2020\/06\/cuba_nobel_11.jpg\" \/>\n\t<meta property=\"og:image:width\" content=\"1920\" \/>\n\t<meta property=\"og:image:height\" content=\"1259\" \/>\n\t<meta property=\"og:image:type\" content=\"image\/jpeg\" \/>\n<meta name=\"author\" content=\"Pressenza New York\" \/>\n<meta name=\"twitter:card\" content=\"summary_large_image\" \/>\n<meta name=\"twitter:creator\" content=\"@PressenzaIPA\" \/>\n<meta name=\"twitter:site\" content=\"@PressenzaIPA\" \/>\n<meta name=\"twitter:label1\" content=\"Escrito por\" \/>\n\t<meta name=\"twitter:data1\" content=\"Pressenza New York\" \/>\n\t<meta name=\"twitter:label2\" content=\"Tiempo de lectura\" \/>\n\t<meta name=\"twitter:data2\" content=\"4 minutos\" \/>\n<script type=\"application\/ld+json\" class=\"yoast-schema-graph\">{\"@context\":\"https:\/\/schema.org\",\"@graph\":[{\"@type\":\"Article\",\"@id\":\"https:\/\/www.pressenza.com\/es\/2020\/06\/campana-para-nominar-a-medicos-cubanos-al-premio-nobel-de-la-paz\/#article\",\"isPartOf\":{\"@id\":\"https:\/\/www.pressenza.com\/es\/2020\/06\/campana-para-nominar-a-medicos-cubanos-al-premio-nobel-de-la-paz\/\"},\"author\":{\"name\":\"Pressenza New York\",\"@id\":\"https:\/\/www.pressenza.com\/es\/#\/schema\/person\/75ff8ec4b4b03f1d2da977bba83672b3\"},\"headline\":\"Campa\u00f1a para nominar a m\u00e9dicos cubanos al Premio Nobel de la Paz\",\"datePublished\":\"2020-06-16T19:45:41+00:00\",\"mainEntityOfPage\":{\"@id\":\"https:\/\/www.pressenza.com\/es\/2020\/06\/campana-para-nominar-a-medicos-cubanos-al-premio-nobel-de-la-paz\/\"},\"wordCount\":816,\"publisher\":{\"@id\":\"https:\/\/www.pressenza.com\/es\/#organization\"},\"image\":{\"@id\":\"https:\/\/www.pressenza.com\/es\/2020\/06\/campana-para-nominar-a-medicos-cubanos-al-premio-nobel-de-la-paz\/#primaryimage\"},\"thumbnailUrl\":\"https:\/\/www.pressenza.com\/wp-content\/uploads\/2020\/06\/cuba_nobel_11.jpg\",\"keywords\":[\"m\u00e9dicos cubanos\",\"Premio Nobel de la Paz\"],\"articleSection\":[\"Comunicados de Prensa\",\"Contenido Original\",\"Norteam\u00e9rica\",\"Paz y Desarme\"],\"inLanguage\":\"es\"},{\"@type\":\"WebPage\",\"@id\":\"https:\/\/www.pressenza.com\/es\/2020\/06\/campana-para-nominar-a-medicos-cubanos-al-premio-nobel-de-la-paz\/\",\"url\":\"https:\/\/www.pressenza.com\/es\/2020\/06\/campana-para-nominar-a-medicos-cubanos-al-premio-nobel-de-la-paz\/\",\"name\":\"Campa\u00f1a para nominar a m\u00e9dicos cubanos al Premio Nobel de la Paz\",\"isPartOf\":{\"@id\":\"https:\/\/www.pressenza.com\/es\/#website\"},\"primaryImageOfPage\":{\"@id\":\"https:\/\/www.pressenza.com\/es\/2020\/06\/campana-para-nominar-a-medicos-cubanos-al-premio-nobel-de-la-paz\/#primaryimage\"},\"image\":{\"@id\":\"https:\/\/www.pressenza.com\/es\/2020\/06\/campana-para-nominar-a-medicos-cubanos-al-premio-nobel-de-la-paz\/#primaryimage\"},\"thumbnailUrl\":\"https:\/\/www.pressenza.com\/wp-content\/uploads\/2020\/06\/cuba_nobel_11.jpg\",\"datePublished\":\"2020-06-16T19:45:41+00:00\",\"description\":\"campa\u00f1a para nominar a m\u00e9dicos cubanos al Premio Nobel de la Paz\",\"breadcrumb\":{\"@id\":\"https:\/\/www.pressenza.com\/es\/2020\/06\/campana-para-nominar-a-medicos-cubanos-al-premio-nobel-de-la-paz\/#breadcrumb\"},\"inLanguage\":\"es\",\"potentialAction\":[{\"@type\":\"ReadAction\",\"target\":[\"https:\/\/www.pressenza.com\/es\/2020\/06\/campana-para-nominar-a-medicos-cubanos-al-premio-nobel-de-la-paz\/\"]}]},{\"@type\":\"ImageObject\",\"inLanguage\":\"es\",\"@id\":\"https:\/\/www.pressenza.com\/es\/2020\/06\/campana-para-nominar-a-medicos-cubanos-al-premio-nobel-de-la-paz\/#primaryimage\",\"url\":\"https:\/\/www.pressenza.com\/wp-content\/uploads\/2020\/06\/cuba_nobel_11.jpg\",\"contentUrl\":\"https:\/\/www.pressenza.com\/wp-content\/uploads\/2020\/06\/cuba_nobel_11.jpg\",\"width\":1920,\"height\":1259},{\"@type\":\"BreadcrumbList\",\"@id\":\"https:\/\/www.pressenza.com\/es\/2020\/06\/campana-para-nominar-a-medicos-cubanos-al-premio-nobel-de-la-paz\/#breadcrumb\",\"itemListElement\":[{\"@type\":\"ListItem\",\"position\":1,\"name\":\"Accueil\",\"item\":\"https:\/\/www.pressenza.com\/es\/\"},{\"@type\":\"ListItem\",\"position\":2,\"name\":\"Campa\u00f1a para nominar a m\u00e9dicos cubanos al Premio Nobel de la Paz\"}]},{\"@type\":\"WebSite\",\"@id\":\"https:\/\/www.pressenza.com\/es\/#website\",\"url\":\"https:\/\/www.pressenza.com\/es\/\",\"name\":\"Pressenza\",\"description\":\"International Press Agency\",\"publisher\":{\"@id\":\"https:\/\/www.pressenza.com\/es\/#organization\"},\"potentialAction\":[{\"@type\":\"SearchAction\",\"target\":{\"@type\":\"EntryPoint\",\"urlTemplate\":\"https:\/\/www.pressenza.com\/es\/?s={search_term_string}\"},\"query-input\":{\"@type\":\"PropertyValueSpecification\",\"valueRequired\":true,\"valueName\":\"search_term_string\"}}],\"inLanguage\":\"es\"},{\"@type\":\"Organization\",\"@id\":\"https:\/\/www.pressenza.com\/es\/#organization\",\"name\":\"Pressenza\",\"url\":\"https:\/\/www.pressenza.com\/es\/\",\"logo\":{\"@type\":\"ImageObject\",\"inLanguage\":\"es\",\"@id\":\"https:\/\/www.pressenza.com\/es\/#\/schema\/logo\/image\/\",\"url\":\"https:\/\/www.pressenza.com\/wp-content\/uploads\/2022\/10\/pressenza_logo_200x200.jpg\",\"contentUrl\":\"https:\/\/www.pressenza.com\/wp-content\/uploads\/2022\/10\/pressenza_logo_200x200.jpg\",\"width\":200,\"height\":200,\"caption\":\"Pressenza\"},\"image\":{\"@id\":\"https:\/\/www.pressenza.com\/es\/#\/schema\/logo\/image\/\"},\"sameAs\":[\"https:\/\/www.facebook.com\/PressenzaItalia\",\"https:\/\/x.com\/PressenzaIPA\"]},{\"@type\":\"Person\",\"@id\":\"https:\/\/www.pressenza.com\/es\/#\/schema\/person\/75ff8ec4b4b03f1d2da977bba83672b3\",\"name\":\"Pressenza New York\",\"description\":\"News from the Pressenza Bureau in New York, United States\",\"sameAs\":[\"https:\/\/www.facebook.com\/PressenzaEnglish\/\",\"https:\/\/x.com\/PressenzaIPA\"],\"url\":\"https:\/\/www.pressenza.com\/es\/author\/pressenza-new-york\/\"}]}<\/script>\n<!-- \/ Yoast SEO plugin. -->","yoast_head_json":{"title":"Campa\u00f1a para nominar a m\u00e9dicos cubanos al Premio Nobel de la Paz","description":"campa\u00f1a para nominar a m\u00e9dicos cubanos al Premio Nobel de la Paz","robots":{"index":"index","follow":"follow","max-snippet":"max-snippet:-1","max-image-preview":"max-image-preview:large","max-video-preview":"max-video-preview:-1"},"canonical":"https:\/\/www.pressenza.com\/es\/2020\/06\/campana-para-nominar-a-medicos-cubanos-al-premio-nobel-de-la-paz\/","og_locale":"es_ES","og_type":"article","og_title":"Campa\u00f1a para nominar a m\u00e9dicos cubanos al Premio Nobel de la Paz","og_description":"campa\u00f1a para nominar a m\u00e9dicos cubanos al Premio Nobel de la Paz","og_url":"https:\/\/www.pressenza.com\/es\/2020\/06\/campana-para-nominar-a-medicos-cubanos-al-premio-nobel-de-la-paz\/","og_site_name":"Pressenza","article_publisher":"https:\/\/www.facebook.com\/PressenzaItalia","article_author":"https:\/\/www.facebook.com\/PressenzaEnglish\/","article_published_time":"2020-06-16T19:45:41+00:00","og_image":[{"width":1920,"height":1259,"url":"https:\/\/www.pressenza.com\/wp-content\/uploads\/2020\/06\/cuba_nobel_11.jpg","type":"image\/jpeg"}],"author":"Pressenza New York","twitter_card":"summary_large_image","twitter_creator":"@PressenzaIPA","twitter_site":"@PressenzaIPA","twitter_misc":{"Escrito por":"Pressenza New York","Tiempo de lectura":"4 minutos"},"schema":{"@context":"https:\/\/schema.org","@graph":[{"@type":"Article","@id":"https:\/\/www.pressenza.com\/es\/2020\/06\/campana-para-nominar-a-medicos-cubanos-al-premio-nobel-de-la-paz\/#article","isPartOf":{"@id":"https:\/\/www.pressenza.com\/es\/2020\/06\/campana-para-nominar-a-medicos-cubanos-al-premio-nobel-de-la-paz\/"},"author":{"name":"Pressenza New York","@id":"https:\/\/www.pressenza.com\/es\/#\/schema\/person\/75ff8ec4b4b03f1d2da977bba83672b3"},"headline":"Campa\u00f1a para nominar a m\u00e9dicos cubanos al Premio Nobel de la Paz","datePublished":"2020-06-16T19:45:41+00:00","mainEntityOfPage":{"@id":"https:\/\/www.pressenza.com\/es\/2020\/06\/campana-para-nominar-a-medicos-cubanos-al-premio-nobel-de-la-paz\/"},"wordCount":816,"publisher":{"@id":"https:\/\/www.pressenza.com\/es\/#organization"},"image":{"@id":"https:\/\/www.pressenza.com\/es\/2020\/06\/campana-para-nominar-a-medicos-cubanos-al-premio-nobel-de-la-paz\/#primaryimage"},"thumbnailUrl":"https:\/\/www.pressenza.com\/wp-content\/uploads\/2020\/06\/cuba_nobel_11.jpg","keywords":["m\u00e9dicos cubanos","Premio Nobel de la Paz"],"articleSection":["Comunicados de Prensa","Contenido Original","Norteam\u00e9rica","Paz y Desarme"],"inLanguage":"es"},{"@type":"WebPage","@id":"https:\/\/www.pressenza.com\/es\/2020\/06\/campana-para-nominar-a-medicos-cubanos-al-premio-nobel-de-la-paz\/","url":"https:\/\/www.pressenza.com\/es\/2020\/06\/campana-para-nominar-a-medicos-cubanos-al-premio-nobel-de-la-paz\/","name":"Campa\u00f1a para nominar a m\u00e9dicos cubanos al Premio Nobel de la Paz","isPartOf":{"@id":"https:\/\/www.pressenza.com\/es\/#website"},"primaryImageOfPage":{"@id":"https:\/\/www.pressenza.com\/es\/2020\/06\/campana-para-nominar-a-medicos-cubanos-al-premio-nobel-de-la-paz\/#primaryimage"},"image":{"@id":"https:\/\/www.pressenza.com\/es\/2020\/06\/campana-para-nominar-a-medicos-cubanos-al-premio-nobel-de-la-paz\/#primaryimage"},"thumbnailUrl":"https:\/\/www.pressenza.com\/wp-content\/uploads\/2020\/06\/cuba_nobel_11.jpg","datePublished":"2020-06-16T19:45:41+00:00","description":"campa\u00f1a para nominar a m\u00e9dicos cubanos al Premio Nobel de la Paz","breadcrumb":{"@id":"https:\/\/www.pressenza.com\/es\/2020\/06\/campana-para-nominar-a-medicos-cubanos-al-premio-nobel-de-la-paz\/#breadcrumb"},"inLanguage":"es","potentialAction":[{"@type":"ReadAction","target":["https:\/\/www.pressenza.com\/es\/2020\/06\/campana-para-nominar-a-medicos-cubanos-al-premio-nobel-de-la-paz\/"]}]},{"@type":"ImageObject","inLanguage":"es","@id":"https:\/\/www.pressenza.com\/es\/2020\/06\/campana-para-nominar-a-medicos-cubanos-al-premio-nobel-de-la-paz\/#primaryimage","url":"https:\/\/www.pressenza.com\/wp-content\/uploads\/2020\/06\/cuba_nobel_11.jpg","contentUrl":"https:\/\/www.pressenza.com\/wp-content\/uploads\/2020\/06\/cuba_nobel_11.jpg","width":1920,"height":1259},{"@type":"BreadcrumbList","@id":"https:\/\/www.pressenza.com\/es\/2020\/06\/campana-para-nominar-a-medicos-cubanos-al-premio-nobel-de-la-paz\/#breadcrumb","itemListElement":[{"@type":"ListItem","position":1,"name":"Accueil","item":"https:\/\/www.pressenza.com\/es\/"},{"@type":"ListItem","position":2,"name":"Campa\u00f1a para nominar a m\u00e9dicos cubanos al Premio Nobel de la Paz"}]},{"@type":"WebSite","@id":"https:\/\/www.pressenza.com\/es\/#website","url":"https:\/\/www.pressenza.com\/es\/","name":"Pressenza","description":"International Press Agency","publisher":{"@id":"https:\/\/www.pressenza.com\/es\/#organization"},"potentialAction":[{"@type":"SearchAction","target":{"@type":"EntryPoint","urlTemplate":"https:\/\/www.pressenza.com\/es\/?s={search_term_string}"},"query-input":{"@type":"PropertyValueSpecification","valueRequired":true,"valueName":"search_term_string"}}],"inLanguage":"es"},{"@type":"Organization","@id":"https:\/\/www.pressenza.com\/es\/#organization","name":"Pressenza","url":"https:\/\/www.pressenza.com\/es\/","logo":{"@type":"ImageObject","inLanguage":"es","@id":"https:\/\/www.pressenza.com\/es\/#\/schema\/logo\/image\/","url":"https:\/\/www.pressenza.com\/wp-content\/uploads\/2022\/10\/pressenza_logo_200x200.jpg","contentUrl":"https:\/\/www.pressenza.com\/wp-content\/uploads\/2022\/10\/pressenza_logo_200x200.jpg","width":200,"height":200,"caption":"Pressenza"},"image":{"@id":"https:\/\/www.pressenza.com\/es\/#\/schema\/logo\/image\/"},"sameAs":["https:\/\/www.facebook.com\/PressenzaItalia","https:\/\/x.com\/PressenzaIPA"]},{"@type":"Person","@id":"https:\/\/www.pressenza.com\/es\/#\/schema\/person\/75ff8ec4b4b03f1d2da977bba83672b3","name":"Pressenza New York","description":"News from the Pressenza Bureau in New York, United States","sameAs":["https:\/\/www.facebook.com\/PressenzaEnglish\/","https:\/\/x.com\/PressenzaIPA"],"url":"https:\/\/www.pressenza.com\/es\/author\/pressenza-new-york\/"}]}},"place":"Washington D.C., Estados Unidos","original_article_url":"","_links":{"self":[{"href":"https:\/\/www.pressenza.com\/es\/wp-json\/wp\/v2\/posts\/1137125","targetHints":{"allow":["GET"]}}],"collection":[{"href":"https:\/\/www.pressenza.com\/es\/wp-json\/wp\/v2\/posts"}],"about":[{"href":"https:\/\/www.pressenza.com\/es\/wp-json\/wp\/v2\/types\/post"}],"author":[{"embeddable":true,"href":"https:\/\/www.pressenza.com\/es\/wp-json\/wp\/v2\/users\/1126"}],"replies":[{"embeddable":true,"href":"https:\/\/www.pressenza.com\/es\/wp-json\/wp\/v2\/comments?post=1137125"}],"version-history":[{"count":0,"href":"https:\/\/www.pressenza.com\/es\/wp-json\/wp\/v2\/posts\/1137125\/revisions"}],"wp:featuredmedia":[{"embeddable":true,"href":"https:\/\/www.pressenza.com\/es\/wp-json\/wp\/v2\/media\/1137126"}],"wp:attachment":[{"href":"https:\/\/www.pressenza.com\/es\/wp-json\/wp\/v2\/media?parent=1137125"}],"wp:term":[{"taxonomy":"category","embeddable":true,"href":"https:\/\/www.pressenza.com\/es\/wp-json\/wp\/v2\/categories?post=1137125"},{"taxonomy":"post_tag","embeddable":true,"href":"https:\/\/www.pressenza.com\/es\/wp-json\/wp\/v2\/tags?post=1137125"}],"curies":[{"name":"wp","href":"https:\/\/api.w.org\/{rel}","templated":true}]}}