{"id":1135324,"date":"2020-06-14T17:24:00","date_gmt":"2020-06-14T16:24:00","guid":{"rendered":"https:\/\/www.pressenza.com\/?p=1135324"},"modified":"2020-06-14T17:24:00","modified_gmt":"2020-06-14T16:24:00","slug":"giulia-cicoli-de-still-i-rise-estamos-en-el-lado-correcto-de-la-historia-y-continuamos","status":"publish","type":"post","link":"https:\/\/www.pressenza.com\/es\/2020\/06\/giulia-cicoli-de-still-i-rise-estamos-en-el-lado-correcto-de-la-historia-y-continuamos\/","title":{"rendered":"Giulia Cicoli de Still I Rise: \u00abEstamos en el lado correcto de la historia y continuamos\u00bb"},"content":{"rendered":"<p><b>Has estado en Samos durante tres a\u00f1os. \u00bfC\u00f3mo ha evolucionado la situaci\u00f3n desde entonces?<\/b><\/p>\n<p>Desafortunadamente, la situaci\u00f3n sigue empeorando. Desde marzo de 2016, cuando se cre\u00f3 el acuerdo con Turqu\u00eda, cada vez m\u00e1s personas han cruzado el Mar Egeo y han quedado varadas en 5 islas griegas (Lesvos, Samos, Qu\u00edos, Kos, Leros) esperando que se les transfieran los documentos al continente griego o se les deporte.<\/p>\n<p>En el transcurso de los a\u00f1os la situaci\u00f3n en estas islas se ha vuelto cada vez m\u00e1s tensa: en este momento en Samos hay alrededor de 6.000 personas en un campamento creado para 650. No ha habido espacio en los contenedores durante a\u00f1os, as\u00ed que los reci\u00e9n llegados tienen que arregl\u00e1rselas, ya sea comprando una tienda o construyendo ellos mismos una estructura de madera en el llamado \u00abbosque\u00bb, la zona que rodea el campamento. No hay duchas en estas zonas y s\u00f3lo hay retretes qu\u00edmicos instalados por MSF, no por las autoridades.<\/p>\n<p><img loading=\"lazy\" decoding=\"async\" class=\"aligncenter wp-image-1131085 size-full\" src=\"https:\/\/www.pressenza.com\/wp-content\/uploads\/2020\/06\/Samoscamp-drone.jpg\" alt=\"\" width=\"960\" height=\"542\" srcset=\"https:\/\/www.pressenza.com\/wp-content\/uploads\/2020\/06\/Samoscamp-drone.jpg 960w, https:\/\/www.pressenza.com\/wp-content\/uploads\/2020\/06\/Samoscamp-drone-300x169.jpg 300w, https:\/\/www.pressenza.com\/wp-content\/uploads\/2020\/06\/Samoscamp-drone-720x407.jpg 720w, https:\/\/www.pressenza.com\/wp-content\/uploads\/2020\/06\/Samoscamp-drone-768x434.jpg 768w, https:\/\/www.pressenza.com\/wp-content\/uploads\/2020\/06\/Samoscamp-drone-750x422.jpg 750w\" sizes=\"auto, (max-width: 960px) 100vw, 960px\" \/><\/p>\n<p>En Samos s\u00f3lo hay una instalaci\u00f3n para menores no acompa\u00f1ados, as\u00ed que unos 250 viven en el campo o en el bosque, sin apoyo. Las mujeres embarazadas, las mujeres solteras, los ni\u00f1os se quedan completamente solos. Sucede que las mujeres dan a luz en el campo; las que logran llegar al hospital suelen ser llevadas all\u00ed, a las tiendas, con el reci\u00e9n nacido.<\/p>\n<p>Las personas que son v\u00edctimas de abusos f\u00edsicos o sexuales no pueden ser protegidas: incluso si denuncian a su agresor, no hay un lugar seguro donde la v\u00edctima pueda ser trasladada, por lo que a menudo se ven obligadas a vivir en el campamento, sin ning\u00fan tipo de protecci\u00f3n.<\/p>\n<p><b>\u00bfCu\u00e1l es la situaci\u00f3n actual de los refugiados?<\/b><\/p>\n<p>En este momento (8 de junio de 2020) hay alrededor de 6.000 personas en el \u00e1rea de Samos, construida como dije con una capacidad m\u00e1xima de 648 personas.<\/p>\n<p>Aunque las restricciones de circulaci\u00f3n impuestas por el COVID se han levantado en Grecia desde el 4 de mayo, los puntos conflictivos de las islas siguen estando totalmente cerrados, sin que se hayan producido casos de coronavirus en Samos ni entre la poblaci\u00f3n local ni entre los residentes del campamento. Esto significa que los ya muy limitados servicios han desaparecido por completo.<\/p>\n<p>Grecia gestion\u00f3 muy bien la pandemia, con menos de 3.000 casos y s\u00f3lo 180 muertes en todo el pa\u00eds, pero la estrategia del gobierno para \u00abproteger\u00bb los campos de refugiados es simplemente mantener a la gente encerrada dentro, donde no hay distanciamiento social ni higiene posible. En al menos tres campamentos en el continente, con casos confirmados de COVID-19, la soluci\u00f3n fue poner el campamento en aislamiento y nada m\u00e1s.<\/p>\n<p>Adem\u00e1s, desde principios de mes el gobierno ha decidido que quienes hayan recibido el estatuto de refugiados por m\u00e1s de un mes deben abandonar su alojamiento y ya no tienen derecho al dinero de bolsillo proporcionado por el ACNUR con fondos europeos, por lo que miles de personas vulnerables est\u00e1n terminando en las calles porque no tienen otra oportunidad. Esto se debe a que los programas de integraci\u00f3n son m\u00ednimos en Grecia: aparte del programa HELIOS en la OIM (de dif\u00edcil acceso debido a la burocracia), s\u00f3lo unas pocas ONG en algunas partes de Grecia est\u00e1n trabajando seriamente en la integraci\u00f3n.<\/p>\n<p>Esto significa que los solicitantes de asilo pasan meses de infierno en las islas en condiciones inhumanas, s\u00f3lo para ser trasladados a otros campos en el continente donde las condiciones de vida son mejores, pero al estar a menudo en lugares aislados la posibilidad de aprender el idioma, o incluso de ir a la escuela para los ni\u00f1os, es inexistente. Despu\u00e9s de uno o dos a\u00f1os de espera sin hacer nada, estacionados en el medio de la nada, son entonces arrojados a la calle. Tengo muchos ex-alumnos, ahora de dieciocho a\u00f1os y otros adultos que conoc\u00ed a lo largo de los a\u00f1os en esta situaci\u00f3n.<\/p>\n<p><img loading=\"lazy\" decoding=\"async\" class=\"aligncenter wp-image-1131126 size-full\" src=\"https:\/\/www.pressenza.com\/wp-content\/uploads\/2020\/06\/tenda-di-nostra-studentessa-con-lo-zaino-fuori.jpg\" alt=\"\" width=\"1920\" height=\"1273\" srcset=\"https:\/\/www.pressenza.com\/wp-content\/uploads\/2020\/06\/tenda-di-nostra-studentessa-con-lo-zaino-fuori.jpg 1920w, https:\/\/www.pressenza.com\/wp-content\/uploads\/2020\/06\/tenda-di-nostra-studentessa-con-lo-zaino-fuori-300x199.jpg 300w, https:\/\/www.pressenza.com\/wp-content\/uploads\/2020\/06\/tenda-di-nostra-studentessa-con-lo-zaino-fuori-720x477.jpg 720w, https:\/\/www.pressenza.com\/wp-content\/uploads\/2020\/06\/tenda-di-nostra-studentessa-con-lo-zaino-fuori-768x509.jpg 768w, https:\/\/www.pressenza.com\/wp-content\/uploads\/2020\/06\/tenda-di-nostra-studentessa-con-lo-zaino-fuori-1536x1018.jpg 1536w\" sizes=\"auto, (max-width: 1920px) 100vw, 1920px\" \/><\/p>\n<p><b>\u00bfPuede contarnos alg\u00fan episodio en particular que le haya afectado?<\/b><\/p>\n<p>En estos a\u00f1os he conocido lo mejor y lo peor de la humanidad. Las situaciones cada vez m\u00e1s dif\u00edciles son las de los menores no acompa\u00f1ados, j\u00f3venes que llegaron aqu\u00ed solos sin protecci\u00f3n ni apoyo. Uno de ellos tuvo un pasado muy dif\u00edcil (como desgraciadamente muchos aqu\u00ed), y despu\u00e9s de vivir durante meses en una tienda en el \u00abbosque\u00bb trat\u00f3 de quitarse la vida. Se le llev\u00f3 al hospital y se trataron sus heridas, pero como no hab\u00eda un lugar seguro para llevarlo, se le mantuvo en el piso de la recepci\u00f3n de la comisar\u00eda local durante 10 d\u00edas, con un colch\u00f3n y un saco de dormir, porque era el lugar m\u00e1s seguro en el que pod\u00edan tenerlo. Como no hab\u00eda un psiquiatra infantil en Samos, lo llevaron a otra isla para una cita de 15 minutos el mismo d\u00eda, y cuando regres\u00f3 simplemente lo dejaron en el campamento sin seguimiento ni apoyo. Para \u00e9l, con el apoyo de un grupo de abogados, solicitamos al CEDH un traslado inmediato, que fue garantizado, pero ocurri\u00f3 despu\u00e9s de dos meses y medio.<\/p>\n<p>En medio de estas tragedias diarias, sin embargo, tambi\u00e9n hay muchos momentos de alegr\u00eda. La gran mayor\u00eda de estos j\u00f3venes son inteligentes, amables, cuidadosos y muy desinteresados. Dos de ellos, D. de Camer\u00fan y O. de Siria, llevan casi un a\u00f1o con nosotros y se han convertido en grandes amigos. Estudiantes diligentes, empapelaron sus contenedores de post-it con palabras en ingl\u00e9s para repetir todas las noches antes de ir a la cama; en poco tiempo llegaron a nuestra clase de ingl\u00e9s avanzado y ahora lo hablan con fluidez. Ambos dejaron Samos hace m\u00e1s de un a\u00f1o: O. despu\u00e9s de meses de dolor y tortura en la ruta de los Balcanes, est\u00e1 en Alemania. Obviamente ha empapelado su casillero con palabras en alem\u00e1n y ya es mejor en alem\u00e1n que yo. D. se qued\u00f3 en Grecia en un centro de menores no acompa\u00f1ados: juega al f\u00fatbol profesionalmente, habla griego con fluidez y finalmente ha recibido los documentos para quedarse.<\/p>\n<p>Estos son los chicos por los que luchamos: han perdido tanto y se han enfrentado a lo imposible tan peque\u00f1os y todo lo que piden es la oportunidad de tener una vida normal.<\/p>\n<p><img loading=\"lazy\" decoding=\"async\" class=\"aligncenter wp-image-1131095 size-full\" src=\"https:\/\/www.pressenza.com\/wp-content\/uploads\/2020\/06\/mani-Samos.jpg\" alt=\"\" width=\"1920\" height=\"1429\" srcset=\"https:\/\/www.pressenza.com\/wp-content\/uploads\/2020\/06\/mani-Samos.jpg 1920w, https:\/\/www.pressenza.com\/wp-content\/uploads\/2020\/06\/mani-Samos-300x223.jpg 300w, https:\/\/www.pressenza.com\/wp-content\/uploads\/2020\/06\/mani-Samos-720x536.jpg 720w, https:\/\/www.pressenza.com\/wp-content\/uploads\/2020\/06\/mani-Samos-768x572.jpg 768w, https:\/\/www.pressenza.com\/wp-content\/uploads\/2020\/06\/mani-Samos-1536x1143.jpg 1536w\" sizes=\"auto, (max-width: 1920px) 100vw, 1920px\" \/><\/p>\n<p><b>\u00bfD\u00f3nde est\u00e1n los proyectos Still I Rise en Grecia y otros pa\u00edses?<\/b><\/p>\n<p>En Grecia, en Samos, tenemos un centro juvenil para chicos de 12 a 17 a\u00f1os que viven en el campamento. En agosto, nuestro centro de Maz\u00ec (\u00abjuntos\u00bb en griego) cumplir\u00e1 dos a\u00f1os. Finalmente, despu\u00e9s de 3 meses de cierre debido a la Covid-19, \u00a1podemos reabrir! Aunque toda Grecia sali\u00f3 del encierro el 4 de mayo, y los chicos griegos volvieron a la escuela el 25 de mayo, en los puntos calientes de las islas el encierro sigue vigente al menos hasta el 21 de junio. Tuvimos que pedir un permiso especial al director del campamento para permitir que los chicos vinieran a nuestro centro y por suerte nos lo dio.<\/p>\n<p><img loading=\"lazy\" decoding=\"async\" class=\"aligncenter wp-image-1131105 size-full\" src=\"https:\/\/www.pressenza.com\/wp-content\/uploads\/2020\/06\/Mashid-Samos.jpg\" alt=\"\" width=\"1791\" height=\"1188\" srcset=\"https:\/\/www.pressenza.com\/wp-content\/uploads\/2020\/06\/Mashid-Samos.jpg 1791w, https:\/\/www.pressenza.com\/wp-content\/uploads\/2020\/06\/Mashid-Samos-300x199.jpg 300w, https:\/\/www.pressenza.com\/wp-content\/uploads\/2020\/06\/Mashid-Samos-720x478.jpg 720w, https:\/\/www.pressenza.com\/wp-content\/uploads\/2020\/06\/Mashid-Samos-768x509.jpg 768w, https:\/\/www.pressenza.com\/wp-content\/uploads\/2020\/06\/Mashid-Samos-1536x1019.jpg 1536w\" sizes=\"auto, (max-width: 1791px) 100vw, 1791px\" \/><\/p>\n<p>La escuela en Turqu\u00eda est\u00e1 lista, pero todav\u00eda est\u00e1 cerrada debido al coronavirus: \u00a1esperamos abrirla en septiembre! Esperamos poder abrir en Siria dentro de un mes, pero depende mucho de la reestructuraci\u00f3n, mientras que Kenia est\u00e1 todav\u00eda en sus comienzos. Desafortunadamente, la pandemia ha interrumpido todos nuestros planes, por lo que continuamos reevaluando y reajustando nuestros planes de semana en semana.<\/p>\n<p><b>\u00bfQu\u00e9 te impuls\u00f3 a iniciar este negocio?<\/b><\/p>\n<p>Injusticia. Dej\u00e9 mi casa y me mud\u00e9 a Samos porque no pod\u00eda seguir leyendo, sintiendo, viendo lo que le pasaba a esta gente en mi Europa sin hacer nada. Maz\u00ec naci\u00f3 de esto: luchar contra la injusticia de los campos de refugiados y restaurar los derechos b\u00e1sicos de los ni\u00f1os, al menos en nuestro centro.<\/p>\n<p>Es absurdo que un papel como el pasaporte sea un punto de inflexi\u00f3n entre tener todos los derechos fundamentales que tenemos como ciudadanos italianos, por ejemplo, y ser tratados peor que los animales por haber tenido la desgracia de haber nacido con el pasaporte equivocado.<\/p>\n<p>En Europa, que se enorgullece de ser la tierra de la democracia, la libertad y los derechos, esto es inaceptable. Ya no pod\u00eda seguir disfrutando de mis derechos, siempre dados por sentados y por los que no ten\u00eda que luchar, cuando otros seres humanos como yo son tratados como subhumanos. Mis alumnos nos dicen a menudo que los animales en Europa tienen m\u00e1s derechos que ellos: si encuentras un perro en la calle herido y desnutrido, lo alimentas, lo llevas al m\u00e9dico y le encuentras un lugar donde quedarse, pero no para ellos. Lo cual es completamente absurdo.<\/p>\n<p><b>\u00bfQu\u00e9 le da la fuerza para seguir adelante en medio de tantas dificultades e injusticias?<\/b><\/p>\n<p>Mis estudiantes y saber que est\u00e1s en el lado correcto de la historia. A pesar de todas las dificultades, injusticias y situaciones aterradoras que veo, siempre me digo a m\u00ed mismo que tengo la suerte de no tener que vivirlas yo misma o mi familia en primera persona. Desafortunadamente, es dif\u00edcil hacer milagros, pero incluso sabiendo que has ayudado a una persona significa que le has dado un buen uso a tu vida, as\u00ed que \u00a1continuemos!<\/p>\n<p><i>Aparte de la foto tomada por el dron, las otras fueron tomadas por los estudiantes como parte del proyecto fotogr\u00e1fico \u00abThrough our eyes\u00bb (A trav\u00e9s de nuestros ojos)<\/i> <a href=\"https:\/\/www.stillirisengo.org\/it\/progetti\/mostra\">https:\/\/www.stillirisengo.org\/it\/progetti\/mostra<\/a><\/p>\n<hr \/>\n<p><i>Traducido del italiano por Estefany Zaldumbide<\/i><\/p>\n","protected":false},"excerpt":{"rendered":"<p>Has estado en Samos durante tres a\u00f1os. \u00bfC\u00f3mo ha evolucionado la situaci\u00f3n desde entonces? Desafortunadamente, la situaci\u00f3n sigue empeorando. Desde marzo de 2016, cuando se cre\u00f3 el acuerdo con Turqu\u00eda, cada vez m\u00e1s personas han cruzado el Mar Egeo y&hellip;<\/p>\n","protected":false},"author":500,"featured_media":1131123,"comment_status":"closed","ping_status":"closed","sticky":false,"template":"","format":"standard","meta":{"footnotes":""},"categories":[11389,155,66,54574],"tags":[24160,848,953,1346,864,77264,54055,77265],"class_list":["post-1135324","post","type-post","status-publish","format-standard","has-post-thumbnail","hentry","category-contenido-original","category-entrevistas","category-europa-es","category-migrantes-es","tag-campo-de-refugiados","tag-encierro","tag-europa-es-2","tag-grecia-es","tag-injusticia","tag-proyectos","tag-samos-es","tag-still-i-rise-es"],"yoast_head":"<!-- This site is optimized with the Yoast SEO plugin v27.1.1 - https:\/\/yoast.com\/product\/yoast-seo-wordpress\/ -->\n<title>Giulia Cicoli de Still I Rise: \u00abEstamos en el lado correcto de la historia y continuamos\u00bb<\/title>\n<meta name=\"description\" content=\"Has estado en Samos durante tres a\u00f1os. \u00bfC\u00f3mo ha evolucionado la situaci\u00f3n desde entonces? Desafortunadamente, la situaci\u00f3n sigue empeorando. Desde marzo\" \/>\n<meta name=\"robots\" content=\"index, follow, max-snippet:-1, max-image-preview:large, max-video-preview:-1\" \/>\n<link rel=\"canonical\" href=\"https:\/\/www.pressenza.com\/es\/2020\/06\/giulia-cicoli-de-still-i-rise-estamos-en-el-lado-correcto-de-la-historia-y-continuamos\/\" \/>\n<meta property=\"og:locale\" content=\"es_ES\" \/>\n<meta property=\"og:type\" content=\"article\" \/>\n<meta property=\"og:title\" content=\"Giulia Cicoli de Still I Rise: \u00abEstamos en el lado correcto de la historia y continuamos\u00bb\" \/>\n<meta property=\"og:description\" content=\"Has estado en Samos durante tres a\u00f1os. \u00bfC\u00f3mo ha evolucionado la situaci\u00f3n desde entonces? Desafortunadamente, la situaci\u00f3n sigue empeorando. Desde marzo\" \/>\n<meta property=\"og:url\" content=\"https:\/\/www.pressenza.com\/es\/2020\/06\/giulia-cicoli-de-still-i-rise-estamos-en-el-lado-correcto-de-la-historia-y-continuamos\/\" \/>\n<meta property=\"og:site_name\" content=\"Pressenza\" \/>\n<meta property=\"article:publisher\" content=\"https:\/\/www.facebook.com\/PressenzaItalia\" \/>\n<meta property=\"article:published_time\" content=\"2020-06-14T16:24:00+00:00\" \/>\n<meta property=\"og:image\" content=\"https:\/\/www.pressenza.com\/wp-content\/uploads\/2020\/06\/Giulia-Cicoli-1.jpg\" \/>\n\t<meta property=\"og:image:width\" content=\"896\" \/>\n\t<meta property=\"og:image:height\" content=\"598\" \/>\n\t<meta property=\"og:image:type\" content=\"image\/jpeg\" \/>\n<meta name=\"author\" content=\"Anna Polo\" \/>\n<meta name=\"twitter:card\" content=\"summary_large_image\" \/>\n<meta name=\"twitter:creator\" content=\"@PressenzaIPA\" \/>\n<meta name=\"twitter:site\" content=\"@PressenzaIPA\" \/>\n<meta name=\"twitter:label1\" content=\"Escrito por\" \/>\n\t<meta name=\"twitter:data1\" content=\"Anna Polo\" \/>\n\t<meta name=\"twitter:label2\" content=\"Tiempo de lectura\" \/>\n\t<meta name=\"twitter:data2\" content=\"8 minutos\" \/>\n<script type=\"application\/ld+json\" class=\"yoast-schema-graph\">{\"@context\":\"https:\/\/schema.org\",\"@graph\":[{\"@type\":\"Article\",\"@id\":\"https:\/\/www.pressenza.com\/es\/2020\/06\/giulia-cicoli-de-still-i-rise-estamos-en-el-lado-correcto-de-la-historia-y-continuamos\/#article\",\"isPartOf\":{\"@id\":\"https:\/\/www.pressenza.com\/es\/2020\/06\/giulia-cicoli-de-still-i-rise-estamos-en-el-lado-correcto-de-la-historia-y-continuamos\/\"},\"author\":{\"name\":\"Anna Polo\",\"@id\":\"https:\/\/www.pressenza.com\/es\/#\/schema\/person\/f361ce2dfe3d4331d5ae6840551ffe67\"},\"headline\":\"Giulia Cicoli de Still I Rise: \u00abEstamos en el lado correcto de la historia y continuamos\u00bb\",\"datePublished\":\"2020-06-14T16:24:00+00:00\",\"mainEntityOfPage\":{\"@id\":\"https:\/\/www.pressenza.com\/es\/2020\/06\/giulia-cicoli-de-still-i-rise-estamos-en-el-lado-correcto-de-la-historia-y-continuamos\/\"},\"wordCount\":1648,\"publisher\":{\"@id\":\"https:\/\/www.pressenza.com\/es\/#organization\"},\"image\":{\"@id\":\"https:\/\/www.pressenza.com\/es\/2020\/06\/giulia-cicoli-de-still-i-rise-estamos-en-el-lado-correcto-de-la-historia-y-continuamos\/#primaryimage\"},\"thumbnailUrl\":\"https:\/\/www.pressenza.com\/wp-content\/uploads\/2020\/06\/Giulia-Cicoli-1.jpg\",\"keywords\":[\"campo de refugiados\",\"encierro\",\"Europa\",\"Grecia\",\"injusticia\",\"proyectos\",\"Samos\",\"Still I rise\"],\"articleSection\":[\"Contenido Original\",\"Entrevistas\",\"Europa\",\"Migrantes\"],\"inLanguage\":\"es\"},{\"@type\":\"WebPage\",\"@id\":\"https:\/\/www.pressenza.com\/es\/2020\/06\/giulia-cicoli-de-still-i-rise-estamos-en-el-lado-correcto-de-la-historia-y-continuamos\/\",\"url\":\"https:\/\/www.pressenza.com\/es\/2020\/06\/giulia-cicoli-de-still-i-rise-estamos-en-el-lado-correcto-de-la-historia-y-continuamos\/\",\"name\":\"Giulia Cicoli de Still I Rise: \u00abEstamos en el lado correcto de la historia y continuamos\u00bb\",\"isPartOf\":{\"@id\":\"https:\/\/www.pressenza.com\/es\/#website\"},\"primaryImageOfPage\":{\"@id\":\"https:\/\/www.pressenza.com\/es\/2020\/06\/giulia-cicoli-de-still-i-rise-estamos-en-el-lado-correcto-de-la-historia-y-continuamos\/#primaryimage\"},\"image\":{\"@id\":\"https:\/\/www.pressenza.com\/es\/2020\/06\/giulia-cicoli-de-still-i-rise-estamos-en-el-lado-correcto-de-la-historia-y-continuamos\/#primaryimage\"},\"thumbnailUrl\":\"https:\/\/www.pressenza.com\/wp-content\/uploads\/2020\/06\/Giulia-Cicoli-1.jpg\",\"datePublished\":\"2020-06-14T16:24:00+00:00\",\"description\":\"Has estado en Samos durante tres a\u00f1os. \u00bfC\u00f3mo ha evolucionado la situaci\u00f3n desde entonces? Desafortunadamente, la situaci\u00f3n sigue empeorando. Desde marzo\",\"breadcrumb\":{\"@id\":\"https:\/\/www.pressenza.com\/es\/2020\/06\/giulia-cicoli-de-still-i-rise-estamos-en-el-lado-correcto-de-la-historia-y-continuamos\/#breadcrumb\"},\"inLanguage\":\"es\",\"potentialAction\":[{\"@type\":\"ReadAction\",\"target\":[\"https:\/\/www.pressenza.com\/es\/2020\/06\/giulia-cicoli-de-still-i-rise-estamos-en-el-lado-correcto-de-la-historia-y-continuamos\/\"]}]},{\"@type\":\"ImageObject\",\"inLanguage\":\"es\",\"@id\":\"https:\/\/www.pressenza.com\/es\/2020\/06\/giulia-cicoli-de-still-i-rise-estamos-en-el-lado-correcto-de-la-historia-y-continuamos\/#primaryimage\",\"url\":\"https:\/\/www.pressenza.com\/wp-content\/uploads\/2020\/06\/Giulia-Cicoli-1.jpg\",\"contentUrl\":\"https:\/\/www.pressenza.com\/wp-content\/uploads\/2020\/06\/Giulia-Cicoli-1.jpg\",\"width\":896,\"height\":598},{\"@type\":\"BreadcrumbList\",\"@id\":\"https:\/\/www.pressenza.com\/es\/2020\/06\/giulia-cicoli-de-still-i-rise-estamos-en-el-lado-correcto-de-la-historia-y-continuamos\/#breadcrumb\",\"itemListElement\":[{\"@type\":\"ListItem\",\"position\":1,\"name\":\"Accueil\",\"item\":\"https:\/\/www.pressenza.com\/es\/\"},{\"@type\":\"ListItem\",\"position\":2,\"name\":\"Giulia Cicoli de Still I Rise: \u00abEstamos en el lado correcto de la historia y continuamos\u00bb\"}]},{\"@type\":\"WebSite\",\"@id\":\"https:\/\/www.pressenza.com\/es\/#website\",\"url\":\"https:\/\/www.pressenza.com\/es\/\",\"name\":\"Pressenza\",\"description\":\"International Press Agency\",\"publisher\":{\"@id\":\"https:\/\/www.pressenza.com\/es\/#organization\"},\"potentialAction\":[{\"@type\":\"SearchAction\",\"target\":{\"@type\":\"EntryPoint\",\"urlTemplate\":\"https:\/\/www.pressenza.com\/es\/?s={search_term_string}\"},\"query-input\":{\"@type\":\"PropertyValueSpecification\",\"valueRequired\":true,\"valueName\":\"search_term_string\"}}],\"inLanguage\":\"es\"},{\"@type\":\"Organization\",\"@id\":\"https:\/\/www.pressenza.com\/es\/#organization\",\"name\":\"Pressenza\",\"url\":\"https:\/\/www.pressenza.com\/es\/\",\"logo\":{\"@type\":\"ImageObject\",\"inLanguage\":\"es\",\"@id\":\"https:\/\/www.pressenza.com\/es\/#\/schema\/logo\/image\/\",\"url\":\"https:\/\/www.pressenza.com\/wp-content\/uploads\/2022\/10\/pressenza_logo_200x200.jpg\",\"contentUrl\":\"https:\/\/www.pressenza.com\/wp-content\/uploads\/2022\/10\/pressenza_logo_200x200.jpg\",\"width\":200,\"height\":200,\"caption\":\"Pressenza\"},\"image\":{\"@id\":\"https:\/\/www.pressenza.com\/es\/#\/schema\/logo\/image\/\"},\"sameAs\":[\"https:\/\/www.facebook.com\/PressenzaItalia\",\"https:\/\/x.com\/PressenzaIPA\"]},{\"@type\":\"Person\",\"@id\":\"https:\/\/www.pressenza.com\/es\/#\/schema\/person\/f361ce2dfe3d4331d5ae6840551ffe67\",\"name\":\"Anna Polo\",\"description\":\"Impegnata per anni nel campo della pace e della nonviolenza, ha fatto parte dell'equipe relazioni della Marcia Mondiale per la Pace e la Nonviolenza e in seguito di Mondo senza guerre e senza violenza. Attualmente partecipa alla redazione italiana di Pressenza e si occupa principalmente del tema migrazioni, pubblicando articoli e interviste e organizzando eventi.\",\"url\":\"https:\/\/www.pressenza.com\/es\/author\/anna-polo\/\"}]}<\/script>\n<!-- \/ Yoast SEO plugin. -->","yoast_head_json":{"title":"Giulia Cicoli de Still I Rise: \u00abEstamos en el lado correcto de la historia y continuamos\u00bb","description":"Has estado en Samos durante tres a\u00f1os. \u00bfC\u00f3mo ha evolucionado la situaci\u00f3n desde entonces? Desafortunadamente, la situaci\u00f3n sigue empeorando. Desde marzo","robots":{"index":"index","follow":"follow","max-snippet":"max-snippet:-1","max-image-preview":"max-image-preview:large","max-video-preview":"max-video-preview:-1"},"canonical":"https:\/\/www.pressenza.com\/es\/2020\/06\/giulia-cicoli-de-still-i-rise-estamos-en-el-lado-correcto-de-la-historia-y-continuamos\/","og_locale":"es_ES","og_type":"article","og_title":"Giulia Cicoli de Still I Rise: \u00abEstamos en el lado correcto de la historia y continuamos\u00bb","og_description":"Has estado en Samos durante tres a\u00f1os. \u00bfC\u00f3mo ha evolucionado la situaci\u00f3n desde entonces? Desafortunadamente, la situaci\u00f3n sigue empeorando. Desde marzo","og_url":"https:\/\/www.pressenza.com\/es\/2020\/06\/giulia-cicoli-de-still-i-rise-estamos-en-el-lado-correcto-de-la-historia-y-continuamos\/","og_site_name":"Pressenza","article_publisher":"https:\/\/www.facebook.com\/PressenzaItalia","article_published_time":"2020-06-14T16:24:00+00:00","og_image":[{"width":896,"height":598,"url":"https:\/\/www.pressenza.com\/wp-content\/uploads\/2020\/06\/Giulia-Cicoli-1.jpg","type":"image\/jpeg"}],"author":"Anna Polo","twitter_card":"summary_large_image","twitter_creator":"@PressenzaIPA","twitter_site":"@PressenzaIPA","twitter_misc":{"Escrito por":"Anna Polo","Tiempo de lectura":"8 minutos"},"schema":{"@context":"https:\/\/schema.org","@graph":[{"@type":"Article","@id":"https:\/\/www.pressenza.com\/es\/2020\/06\/giulia-cicoli-de-still-i-rise-estamos-en-el-lado-correcto-de-la-historia-y-continuamos\/#article","isPartOf":{"@id":"https:\/\/www.pressenza.com\/es\/2020\/06\/giulia-cicoli-de-still-i-rise-estamos-en-el-lado-correcto-de-la-historia-y-continuamos\/"},"author":{"name":"Anna Polo","@id":"https:\/\/www.pressenza.com\/es\/#\/schema\/person\/f361ce2dfe3d4331d5ae6840551ffe67"},"headline":"Giulia Cicoli de Still I Rise: \u00abEstamos en el lado correcto de la historia y continuamos\u00bb","datePublished":"2020-06-14T16:24:00+00:00","mainEntityOfPage":{"@id":"https:\/\/www.pressenza.com\/es\/2020\/06\/giulia-cicoli-de-still-i-rise-estamos-en-el-lado-correcto-de-la-historia-y-continuamos\/"},"wordCount":1648,"publisher":{"@id":"https:\/\/www.pressenza.com\/es\/#organization"},"image":{"@id":"https:\/\/www.pressenza.com\/es\/2020\/06\/giulia-cicoli-de-still-i-rise-estamos-en-el-lado-correcto-de-la-historia-y-continuamos\/#primaryimage"},"thumbnailUrl":"https:\/\/www.pressenza.com\/wp-content\/uploads\/2020\/06\/Giulia-Cicoli-1.jpg","keywords":["campo de refugiados","encierro","Europa","Grecia","injusticia","proyectos","Samos","Still I rise"],"articleSection":["Contenido Original","Entrevistas","Europa","Migrantes"],"inLanguage":"es"},{"@type":"WebPage","@id":"https:\/\/www.pressenza.com\/es\/2020\/06\/giulia-cicoli-de-still-i-rise-estamos-en-el-lado-correcto-de-la-historia-y-continuamos\/","url":"https:\/\/www.pressenza.com\/es\/2020\/06\/giulia-cicoli-de-still-i-rise-estamos-en-el-lado-correcto-de-la-historia-y-continuamos\/","name":"Giulia Cicoli de Still I Rise: \u00abEstamos en el lado correcto de la historia y continuamos\u00bb","isPartOf":{"@id":"https:\/\/www.pressenza.com\/es\/#website"},"primaryImageOfPage":{"@id":"https:\/\/www.pressenza.com\/es\/2020\/06\/giulia-cicoli-de-still-i-rise-estamos-en-el-lado-correcto-de-la-historia-y-continuamos\/#primaryimage"},"image":{"@id":"https:\/\/www.pressenza.com\/es\/2020\/06\/giulia-cicoli-de-still-i-rise-estamos-en-el-lado-correcto-de-la-historia-y-continuamos\/#primaryimage"},"thumbnailUrl":"https:\/\/www.pressenza.com\/wp-content\/uploads\/2020\/06\/Giulia-Cicoli-1.jpg","datePublished":"2020-06-14T16:24:00+00:00","description":"Has estado en Samos durante tres a\u00f1os. \u00bfC\u00f3mo ha evolucionado la situaci\u00f3n desde entonces? Desafortunadamente, la situaci\u00f3n sigue empeorando. Desde marzo","breadcrumb":{"@id":"https:\/\/www.pressenza.com\/es\/2020\/06\/giulia-cicoli-de-still-i-rise-estamos-en-el-lado-correcto-de-la-historia-y-continuamos\/#breadcrumb"},"inLanguage":"es","potentialAction":[{"@type":"ReadAction","target":["https:\/\/www.pressenza.com\/es\/2020\/06\/giulia-cicoli-de-still-i-rise-estamos-en-el-lado-correcto-de-la-historia-y-continuamos\/"]}]},{"@type":"ImageObject","inLanguage":"es","@id":"https:\/\/www.pressenza.com\/es\/2020\/06\/giulia-cicoli-de-still-i-rise-estamos-en-el-lado-correcto-de-la-historia-y-continuamos\/#primaryimage","url":"https:\/\/www.pressenza.com\/wp-content\/uploads\/2020\/06\/Giulia-Cicoli-1.jpg","contentUrl":"https:\/\/www.pressenza.com\/wp-content\/uploads\/2020\/06\/Giulia-Cicoli-1.jpg","width":896,"height":598},{"@type":"BreadcrumbList","@id":"https:\/\/www.pressenza.com\/es\/2020\/06\/giulia-cicoli-de-still-i-rise-estamos-en-el-lado-correcto-de-la-historia-y-continuamos\/#breadcrumb","itemListElement":[{"@type":"ListItem","position":1,"name":"Accueil","item":"https:\/\/www.pressenza.com\/es\/"},{"@type":"ListItem","position":2,"name":"Giulia Cicoli de Still I Rise: \u00abEstamos en el lado correcto de la historia y continuamos\u00bb"}]},{"@type":"WebSite","@id":"https:\/\/www.pressenza.com\/es\/#website","url":"https:\/\/www.pressenza.com\/es\/","name":"Pressenza","description":"International Press Agency","publisher":{"@id":"https:\/\/www.pressenza.com\/es\/#organization"},"potentialAction":[{"@type":"SearchAction","target":{"@type":"EntryPoint","urlTemplate":"https:\/\/www.pressenza.com\/es\/?s={search_term_string}"},"query-input":{"@type":"PropertyValueSpecification","valueRequired":true,"valueName":"search_term_string"}}],"inLanguage":"es"},{"@type":"Organization","@id":"https:\/\/www.pressenza.com\/es\/#organization","name":"Pressenza","url":"https:\/\/www.pressenza.com\/es\/","logo":{"@type":"ImageObject","inLanguage":"es","@id":"https:\/\/www.pressenza.com\/es\/#\/schema\/logo\/image\/","url":"https:\/\/www.pressenza.com\/wp-content\/uploads\/2022\/10\/pressenza_logo_200x200.jpg","contentUrl":"https:\/\/www.pressenza.com\/wp-content\/uploads\/2022\/10\/pressenza_logo_200x200.jpg","width":200,"height":200,"caption":"Pressenza"},"image":{"@id":"https:\/\/www.pressenza.com\/es\/#\/schema\/logo\/image\/"},"sameAs":["https:\/\/www.facebook.com\/PressenzaItalia","https:\/\/x.com\/PressenzaIPA"]},{"@type":"Person","@id":"https:\/\/www.pressenza.com\/es\/#\/schema\/person\/f361ce2dfe3d4331d5ae6840551ffe67","name":"Anna Polo","description":"Impegnata per anni nel campo della pace e della nonviolenza, ha fatto parte dell'equipe relazioni della Marcia Mondiale per la Pace e la Nonviolenza e in seguito di Mondo senza guerre e senza violenza. Attualmente partecipa alla redazione italiana di Pressenza e si occupa principalmente del tema migrazioni, pubblicando articoli e interviste e organizzando eventi.","url":"https:\/\/www.pressenza.com\/es\/author\/anna-polo\/"}]}},"place":"","original_article_url":"","_links":{"self":[{"href":"https:\/\/www.pressenza.com\/es\/wp-json\/wp\/v2\/posts\/1135324","targetHints":{"allow":["GET"]}}],"collection":[{"href":"https:\/\/www.pressenza.com\/es\/wp-json\/wp\/v2\/posts"}],"about":[{"href":"https:\/\/www.pressenza.com\/es\/wp-json\/wp\/v2\/types\/post"}],"author":[{"embeddable":true,"href":"https:\/\/www.pressenza.com\/es\/wp-json\/wp\/v2\/users\/500"}],"replies":[{"embeddable":true,"href":"https:\/\/www.pressenza.com\/es\/wp-json\/wp\/v2\/comments?post=1135324"}],"version-history":[{"count":0,"href":"https:\/\/www.pressenza.com\/es\/wp-json\/wp\/v2\/posts\/1135324\/revisions"}],"wp:featuredmedia":[{"embeddable":true,"href":"https:\/\/www.pressenza.com\/es\/wp-json\/wp\/v2\/media\/1131123"}],"wp:attachment":[{"href":"https:\/\/www.pressenza.com\/es\/wp-json\/wp\/v2\/media?parent=1135324"}],"wp:term":[{"taxonomy":"category","embeddable":true,"href":"https:\/\/www.pressenza.com\/es\/wp-json\/wp\/v2\/categories?post=1135324"},{"taxonomy":"post_tag","embeddable":true,"href":"https:\/\/www.pressenza.com\/es\/wp-json\/wp\/v2\/tags?post=1135324"}],"curies":[{"name":"wp","href":"https:\/\/api.w.org\/{rel}","templated":true}]}}