{"id":1133680,"date":"2020-06-12T23:38:43","date_gmt":"2020-06-12T22:38:43","guid":{"rendered":"https:\/\/www.pressenza.com\/?p=1133680"},"modified":"2020-06-12T23:38:43","modified_gmt":"2020-06-12T22:38:43","slug":"deforestacion-de-la-amazonia-brasilena-crecio-12-por-ciento-en-mayo","status":"publish","type":"post","link":"https:\/\/www.pressenza.com\/es\/2020\/06\/deforestacion-de-la-amazonia-brasilena-crecio-12-por-ciento-en-mayo\/","title":{"rendered":"Deforestaci\u00f3n de la Amazonia brasile\u00f1a creci\u00f3 12 por ciento en mayo"},"content":{"rendered":"<p>La deforestaci\u00f3n de la Amazonia brasile\u00f1a creci\u00f3 un 12 por ciento en mayo respecto al mismo mes del a\u00f1o pasado, seg\u00fan datos publicados hoy por el Instituto Nacional de Investigaciones Espaciales (INPE).<\/p>\n<p>De acuerdo con la fuente, vinculada al Ministerio de Ciencia y Tecnolog\u00eda, la desaparici\u00f3n de las masas forestales alcanz\u00f3 los 829 kil\u00f3metros cuadrados, lo cual supone un r\u00e9cord para mayo en los \u00faltimos cinco a\u00f1os.<\/p>\n<p>La deforestaci\u00f3n en la Amazonia entre enero y mayo es la mayor del per\u00edodo desde que el INPE comenz\u00f3 a medir la devastaci\u00f3n de la selva en agosto de 2015. En total, se deforestaron dos mil 32 kil\u00f3metros cuadrados (km\u00b2).<\/p>\n<p>Tal aumento result\u00f3 del 34 por ciento en comparaci\u00f3n con la p\u00e9rdida del mismo per\u00edodo del a\u00f1o pasado y del 49 por ciento por encima del promedio hist\u00f3rico entre 2016 y 2019.<\/p>\n<p>El \u00e1rea devastada es un 33 por ciento m\u00e1s grande que la ciudad de Sao Paulo. Su tama\u00f1o resulta a\u00fan peor entre agosto de 2019 y mayo de este a\u00f1o: seis mil 499 km\u00b2, un aumento del 78 por ciento respecto a la misma etapa del pasado calendario.<\/p>\n<p>&#8216;Otro aspecto preocupante es que este per\u00edodo de 10 meses excluye junio y julio, cuando la deforestaci\u00f3n es hist\u00f3ricamente m\u00e1s alta&#8217;, precisa el INPE en una nota.<\/p>\n<p>Especialistas alertan que estamos ante un escenario de cat\u00e1strofe total en la Amazonia, con la expectativa de m\u00e1s \u00e1reas abiertas, invasiones y quemas que se suman al triste escenario de la propagaci\u00f3n de la pandemia de Covid-19 en todo el bioma.<\/p>\n<p>Subrayan adem\u00e1s su preocupaci\u00f3n, pues es ahora cuando comienza la temporada de m\u00e1s tala e incendios provocados, que coincide con la estaci\u00f3n seca.<\/p>\n<p>De continuar la tendencia, Brasil podr\u00eda batir este a\u00f1o el r\u00e9cord de deforestaci\u00f3n del periodo pasado: entre agosto de 2018 y julio de 2019 se destruyeron m\u00e1s de 10 mil kil\u00f3metros cuadrados de selva.<\/p>\n<p>Las cr\u00edticas a las pol\u00edticas del gobierno sobre medio ambiente se recrudecieron por la multiplicaci\u00f3n de incendios en la Amazonia en agosto, que deriv\u00f3 en una ola de llamados de la comunidad internacional, liderados por Francia.<\/p>\n<p>Por las quemas en el pulm\u00f3n del planeta tambi\u00e9n se responsabiliza al presidente Jair Bolsonaro, quien enfrenta cuestionamientos por su pol\u00edtica a favor de la agroindustria en la Amazonia y una reacci\u00f3n morosa frente al desastre natural.<\/p>\n<p>tgj\/ocs<\/p>\n","protected":false},"excerpt":{"rendered":"<p>La deforestaci\u00f3n de la Amazonia brasile\u00f1a creci\u00f3 un 12 por ciento en mayo respecto al mismo mes del a\u00f1o pasado, seg\u00fan datos publicados hoy por el Instituto Nacional de Investigaciones Espaciales (INPE). De acuerdo con la fuente, vinculada al Ministerio&hellip;<\/p>\n","protected":false},"author":90,"featured_media":1133682,"comment_status":"closed","ping_status":"closed","sticky":false,"template":"","format":"standard","meta":{"footnotes":""},"categories":[76,79,78,39,80,1239,67],"tags":[47056,16257,77192],"class_list":["post-1133680","post","type-post","status-publish","format-standard","has-post-thumbnail","hentry","category-relaciones-exteriores","category-derechos-humanos","category-medio-ambiente-ecologia","category-internacional","category-pueblos-originarios","category-salud","category-sudamerica","tag-amazonia-es","tag-deforestacion","tag-tala-de-bosques-amazonicos"],"yoast_head":"<!-- This site is optimized with the Yoast SEO plugin v27.1.1 - https:\/\/yoast.com\/product\/yoast-seo-wordpress\/ -->\n<title>Deforestaci\u00f3n de la Amazonia brasile\u00f1a creci\u00f3 12 por ciento en mayo<\/title>\n<meta name=\"description\" content=\"La deforestaci\u00f3n de la Amazonia brasile\u00f1a creci\u00f3 un 12 por ciento en mayo respecto al mismo mes del a\u00f1o pasado, seg\u00fan datos publicados hoy por el\" \/>\n<meta name=\"robots\" content=\"index, follow, max-snippet:-1, max-image-preview:large, max-video-preview:-1\" \/>\n<link rel=\"canonical\" href=\"https:\/\/www.pressenza.com\/es\/2020\/06\/deforestacion-de-la-amazonia-brasilena-crecio-12-por-ciento-en-mayo\/\" \/>\n<meta property=\"og:locale\" content=\"es_ES\" \/>\n<meta property=\"og:type\" content=\"article\" \/>\n<meta property=\"og:title\" content=\"Deforestaci\u00f3n de la Amazonia brasile\u00f1a creci\u00f3 12 por ciento en mayo\" \/>\n<meta property=\"og:description\" content=\"La deforestaci\u00f3n de la Amazonia brasile\u00f1a creci\u00f3 un 12 por ciento en mayo respecto al mismo mes del a\u00f1o pasado, seg\u00fan datos publicados hoy por el\" \/>\n<meta property=\"og:url\" content=\"https:\/\/www.pressenza.com\/es\/2020\/06\/deforestacion-de-la-amazonia-brasilena-crecio-12-por-ciento-en-mayo\/\" \/>\n<meta property=\"og:site_name\" content=\"Pressenza\" \/>\n<meta property=\"article:publisher\" content=\"https:\/\/www.facebook.com\/PressenzaItalia\" \/>\n<meta property=\"article:author\" content=\"https:\/\/www.facebook.com\/AgenciaPrensaLatina\" \/>\n<meta property=\"article:published_time\" content=\"2020-06-12T22:38:43+00:00\" \/>\n<meta property=\"og:image\" content=\"https:\/\/www.pressenza.com\/wp-content\/uploads\/2020\/06\/amazonia.jpg\" \/>\n\t<meta property=\"og:image:width\" content=\"748\" \/>\n\t<meta property=\"og:image:height\" content=\"498\" \/>\n\t<meta property=\"og:image:type\" content=\"image\/jpeg\" \/>\n<meta name=\"author\" content=\"Prensa Latina\" \/>\n<meta name=\"twitter:card\" content=\"summary_large_image\" \/>\n<meta name=\"twitter:creator\" content=\"@prensalatina_cu\" \/>\n<meta name=\"twitter:site\" content=\"@PressenzaIPA\" \/>\n<meta name=\"twitter:label1\" content=\"Escrito por\" \/>\n\t<meta name=\"twitter:data1\" content=\"Prensa Latina\" \/>\n\t<meta name=\"twitter:label2\" content=\"Tiempo de lectura\" \/>\n\t<meta name=\"twitter:data2\" content=\"2 minutos\" \/>\n<script type=\"application\/ld+json\" class=\"yoast-schema-graph\">{\"@context\":\"https:\/\/schema.org\",\"@graph\":[{\"@type\":\"Article\",\"@id\":\"https:\/\/www.pressenza.com\/es\/2020\/06\/deforestacion-de-la-amazonia-brasilena-crecio-12-por-ciento-en-mayo\/#article\",\"isPartOf\":{\"@id\":\"https:\/\/www.pressenza.com\/es\/2020\/06\/deforestacion-de-la-amazonia-brasilena-crecio-12-por-ciento-en-mayo\/\"},\"author\":{\"name\":\"Prensa Latina\",\"@id\":\"https:\/\/www.pressenza.com\/es\/#\/schema\/person\/e35c78ffa242d98f4f49ccb18c8631de\"},\"headline\":\"Deforestaci\u00f3n de la Amazonia brasile\u00f1a creci\u00f3 12 por ciento en mayo\",\"datePublished\":\"2020-06-12T22:38:43+00:00\",\"mainEntityOfPage\":{\"@id\":\"https:\/\/www.pressenza.com\/es\/2020\/06\/deforestacion-de-la-amazonia-brasilena-crecio-12-por-ciento-en-mayo\/\"},\"wordCount\":429,\"publisher\":{\"@id\":\"https:\/\/www.pressenza.com\/es\/#organization\"},\"image\":{\"@id\":\"https:\/\/www.pressenza.com\/es\/2020\/06\/deforestacion-de-la-amazonia-brasilena-crecio-12-por-ciento-en-mayo\/#primaryimage\"},\"thumbnailUrl\":\"https:\/\/www.pressenza.com\/wp-content\/uploads\/2020\/06\/amazonia.jpg\",\"keywords\":[\"Amazonia\",\"deforestaci\u00f3n\",\"Tala de bosques amaz\u00f3nicos\"],\"articleSection\":[\"Asuntos internacionales\",\"Derechos Humanos\",\"Ecolog\u00eda y Medio Ambiente\",\"Internacional\",\"Pueblos Originarios\",\"Salud\",\"Sudam\u00e9rica\"],\"inLanguage\":\"es\"},{\"@type\":\"WebPage\",\"@id\":\"https:\/\/www.pressenza.com\/es\/2020\/06\/deforestacion-de-la-amazonia-brasilena-crecio-12-por-ciento-en-mayo\/\",\"url\":\"https:\/\/www.pressenza.com\/es\/2020\/06\/deforestacion-de-la-amazonia-brasilena-crecio-12-por-ciento-en-mayo\/\",\"name\":\"Deforestaci\u00f3n de la Amazonia brasile\u00f1a creci\u00f3 12 por ciento en mayo\",\"isPartOf\":{\"@id\":\"https:\/\/www.pressenza.com\/es\/#website\"},\"primaryImageOfPage\":{\"@id\":\"https:\/\/www.pressenza.com\/es\/2020\/06\/deforestacion-de-la-amazonia-brasilena-crecio-12-por-ciento-en-mayo\/#primaryimage\"},\"image\":{\"@id\":\"https:\/\/www.pressenza.com\/es\/2020\/06\/deforestacion-de-la-amazonia-brasilena-crecio-12-por-ciento-en-mayo\/#primaryimage\"},\"thumbnailUrl\":\"https:\/\/www.pressenza.com\/wp-content\/uploads\/2020\/06\/amazonia.jpg\",\"datePublished\":\"2020-06-12T22:38:43+00:00\",\"description\":\"La deforestaci\u00f3n de la Amazonia brasile\u00f1a creci\u00f3 un 12 por ciento en mayo respecto al mismo mes del a\u00f1o pasado, seg\u00fan datos publicados hoy por el\",\"breadcrumb\":{\"@id\":\"https:\/\/www.pressenza.com\/es\/2020\/06\/deforestacion-de-la-amazonia-brasilena-crecio-12-por-ciento-en-mayo\/#breadcrumb\"},\"inLanguage\":\"es\",\"potentialAction\":[{\"@type\":\"ReadAction\",\"target\":[\"https:\/\/www.pressenza.com\/es\/2020\/06\/deforestacion-de-la-amazonia-brasilena-crecio-12-por-ciento-en-mayo\/\"]}]},{\"@type\":\"ImageObject\",\"inLanguage\":\"es\",\"@id\":\"https:\/\/www.pressenza.com\/es\/2020\/06\/deforestacion-de-la-amazonia-brasilena-crecio-12-por-ciento-en-mayo\/#primaryimage\",\"url\":\"https:\/\/www.pressenza.com\/wp-content\/uploads\/2020\/06\/amazonia.jpg\",\"contentUrl\":\"https:\/\/www.pressenza.com\/wp-content\/uploads\/2020\/06\/amazonia.jpg\",\"width\":748,\"height\":498},{\"@type\":\"BreadcrumbList\",\"@id\":\"https:\/\/www.pressenza.com\/es\/2020\/06\/deforestacion-de-la-amazonia-brasilena-crecio-12-por-ciento-en-mayo\/#breadcrumb\",\"itemListElement\":[{\"@type\":\"ListItem\",\"position\":1,\"name\":\"Accueil\",\"item\":\"https:\/\/www.pressenza.com\/es\/\"},{\"@type\":\"ListItem\",\"position\":2,\"name\":\"Deforestaci\u00f3n de la Amazonia brasile\u00f1a creci\u00f3 12 por ciento en mayo\"}]},{\"@type\":\"WebSite\",\"@id\":\"https:\/\/www.pressenza.com\/es\/#website\",\"url\":\"https:\/\/www.pressenza.com\/es\/\",\"name\":\"Pressenza\",\"description\":\"International Press Agency\",\"publisher\":{\"@id\":\"https:\/\/www.pressenza.com\/es\/#organization\"},\"potentialAction\":[{\"@type\":\"SearchAction\",\"target\":{\"@type\":\"EntryPoint\",\"urlTemplate\":\"https:\/\/www.pressenza.com\/es\/?s={search_term_string}\"},\"query-input\":{\"@type\":\"PropertyValueSpecification\",\"valueRequired\":true,\"valueName\":\"search_term_string\"}}],\"inLanguage\":\"es\"},{\"@type\":\"Organization\",\"@id\":\"https:\/\/www.pressenza.com\/es\/#organization\",\"name\":\"Pressenza\",\"url\":\"https:\/\/www.pressenza.com\/es\/\",\"logo\":{\"@type\":\"ImageObject\",\"inLanguage\":\"es\",\"@id\":\"https:\/\/www.pressenza.com\/es\/#\/schema\/logo\/image\/\",\"url\":\"https:\/\/www.pressenza.com\/wp-content\/uploads\/2022\/10\/pressenza_logo_200x200.jpg\",\"contentUrl\":\"https:\/\/www.pressenza.com\/wp-content\/uploads\/2022\/10\/pressenza_logo_200x200.jpg\",\"width\":200,\"height\":200,\"caption\":\"Pressenza\"},\"image\":{\"@id\":\"https:\/\/www.pressenza.com\/es\/#\/schema\/logo\/image\/\"},\"sameAs\":[\"https:\/\/www.facebook.com\/PressenzaItalia\",\"https:\/\/x.com\/PressenzaIPA\"]},{\"@type\":\"Person\",\"@id\":\"https:\/\/www.pressenza.com\/es\/#\/schema\/person\/e35c78ffa242d98f4f49ccb18c8631de\",\"name\":\"Prensa Latina\",\"description\":\"www.prensa-latina.cu\",\"sameAs\":[\"https:\/\/www.facebook.com\/AgenciaPrensaLatina\",\"https:\/\/x.com\/prensalatina_cu\"],\"url\":\"https:\/\/www.pressenza.com\/es\/author\/prensa-latina\/\"}]}<\/script>\n<!-- \/ Yoast SEO plugin. -->","yoast_head_json":{"title":"Deforestaci\u00f3n de la Amazonia brasile\u00f1a creci\u00f3 12 por ciento en mayo","description":"La deforestaci\u00f3n de la Amazonia brasile\u00f1a creci\u00f3 un 12 por ciento en mayo respecto al mismo mes del a\u00f1o pasado, seg\u00fan datos publicados hoy por el","robots":{"index":"index","follow":"follow","max-snippet":"max-snippet:-1","max-image-preview":"max-image-preview:large","max-video-preview":"max-video-preview:-1"},"canonical":"https:\/\/www.pressenza.com\/es\/2020\/06\/deforestacion-de-la-amazonia-brasilena-crecio-12-por-ciento-en-mayo\/","og_locale":"es_ES","og_type":"article","og_title":"Deforestaci\u00f3n de la Amazonia brasile\u00f1a creci\u00f3 12 por ciento en mayo","og_description":"La deforestaci\u00f3n de la Amazonia brasile\u00f1a creci\u00f3 un 12 por ciento en mayo respecto al mismo mes del a\u00f1o pasado, seg\u00fan datos publicados hoy por el","og_url":"https:\/\/www.pressenza.com\/es\/2020\/06\/deforestacion-de-la-amazonia-brasilena-crecio-12-por-ciento-en-mayo\/","og_site_name":"Pressenza","article_publisher":"https:\/\/www.facebook.com\/PressenzaItalia","article_author":"https:\/\/www.facebook.com\/AgenciaPrensaLatina","article_published_time":"2020-06-12T22:38:43+00:00","og_image":[{"width":748,"height":498,"url":"https:\/\/www.pressenza.com\/wp-content\/uploads\/2020\/06\/amazonia.jpg","type":"image\/jpeg"}],"author":"Prensa Latina","twitter_card":"summary_large_image","twitter_creator":"@prensalatina_cu","twitter_site":"@PressenzaIPA","twitter_misc":{"Escrito por":"Prensa Latina","Tiempo de lectura":"2 minutos"},"schema":{"@context":"https:\/\/schema.org","@graph":[{"@type":"Article","@id":"https:\/\/www.pressenza.com\/es\/2020\/06\/deforestacion-de-la-amazonia-brasilena-crecio-12-por-ciento-en-mayo\/#article","isPartOf":{"@id":"https:\/\/www.pressenza.com\/es\/2020\/06\/deforestacion-de-la-amazonia-brasilena-crecio-12-por-ciento-en-mayo\/"},"author":{"name":"Prensa Latina","@id":"https:\/\/www.pressenza.com\/es\/#\/schema\/person\/e35c78ffa242d98f4f49ccb18c8631de"},"headline":"Deforestaci\u00f3n de la Amazonia brasile\u00f1a creci\u00f3 12 por ciento en mayo","datePublished":"2020-06-12T22:38:43+00:00","mainEntityOfPage":{"@id":"https:\/\/www.pressenza.com\/es\/2020\/06\/deforestacion-de-la-amazonia-brasilena-crecio-12-por-ciento-en-mayo\/"},"wordCount":429,"publisher":{"@id":"https:\/\/www.pressenza.com\/es\/#organization"},"image":{"@id":"https:\/\/www.pressenza.com\/es\/2020\/06\/deforestacion-de-la-amazonia-brasilena-crecio-12-por-ciento-en-mayo\/#primaryimage"},"thumbnailUrl":"https:\/\/www.pressenza.com\/wp-content\/uploads\/2020\/06\/amazonia.jpg","keywords":["Amazonia","deforestaci\u00f3n","Tala de bosques amaz\u00f3nicos"],"articleSection":["Asuntos internacionales","Derechos Humanos","Ecolog\u00eda y Medio Ambiente","Internacional","Pueblos Originarios","Salud","Sudam\u00e9rica"],"inLanguage":"es"},{"@type":"WebPage","@id":"https:\/\/www.pressenza.com\/es\/2020\/06\/deforestacion-de-la-amazonia-brasilena-crecio-12-por-ciento-en-mayo\/","url":"https:\/\/www.pressenza.com\/es\/2020\/06\/deforestacion-de-la-amazonia-brasilena-crecio-12-por-ciento-en-mayo\/","name":"Deforestaci\u00f3n de la Amazonia brasile\u00f1a creci\u00f3 12 por ciento en mayo","isPartOf":{"@id":"https:\/\/www.pressenza.com\/es\/#website"},"primaryImageOfPage":{"@id":"https:\/\/www.pressenza.com\/es\/2020\/06\/deforestacion-de-la-amazonia-brasilena-crecio-12-por-ciento-en-mayo\/#primaryimage"},"image":{"@id":"https:\/\/www.pressenza.com\/es\/2020\/06\/deforestacion-de-la-amazonia-brasilena-crecio-12-por-ciento-en-mayo\/#primaryimage"},"thumbnailUrl":"https:\/\/www.pressenza.com\/wp-content\/uploads\/2020\/06\/amazonia.jpg","datePublished":"2020-06-12T22:38:43+00:00","description":"La deforestaci\u00f3n de la Amazonia brasile\u00f1a creci\u00f3 un 12 por ciento en mayo respecto al mismo mes del a\u00f1o pasado, seg\u00fan datos publicados hoy por el","breadcrumb":{"@id":"https:\/\/www.pressenza.com\/es\/2020\/06\/deforestacion-de-la-amazonia-brasilena-crecio-12-por-ciento-en-mayo\/#breadcrumb"},"inLanguage":"es","potentialAction":[{"@type":"ReadAction","target":["https:\/\/www.pressenza.com\/es\/2020\/06\/deforestacion-de-la-amazonia-brasilena-crecio-12-por-ciento-en-mayo\/"]}]},{"@type":"ImageObject","inLanguage":"es","@id":"https:\/\/www.pressenza.com\/es\/2020\/06\/deforestacion-de-la-amazonia-brasilena-crecio-12-por-ciento-en-mayo\/#primaryimage","url":"https:\/\/www.pressenza.com\/wp-content\/uploads\/2020\/06\/amazonia.jpg","contentUrl":"https:\/\/www.pressenza.com\/wp-content\/uploads\/2020\/06\/amazonia.jpg","width":748,"height":498},{"@type":"BreadcrumbList","@id":"https:\/\/www.pressenza.com\/es\/2020\/06\/deforestacion-de-la-amazonia-brasilena-crecio-12-por-ciento-en-mayo\/#breadcrumb","itemListElement":[{"@type":"ListItem","position":1,"name":"Accueil","item":"https:\/\/www.pressenza.com\/es\/"},{"@type":"ListItem","position":2,"name":"Deforestaci\u00f3n de la Amazonia brasile\u00f1a creci\u00f3 12 por ciento en mayo"}]},{"@type":"WebSite","@id":"https:\/\/www.pressenza.com\/es\/#website","url":"https:\/\/www.pressenza.com\/es\/","name":"Pressenza","description":"International Press Agency","publisher":{"@id":"https:\/\/www.pressenza.com\/es\/#organization"},"potentialAction":[{"@type":"SearchAction","target":{"@type":"EntryPoint","urlTemplate":"https:\/\/www.pressenza.com\/es\/?s={search_term_string}"},"query-input":{"@type":"PropertyValueSpecification","valueRequired":true,"valueName":"search_term_string"}}],"inLanguage":"es"},{"@type":"Organization","@id":"https:\/\/www.pressenza.com\/es\/#organization","name":"Pressenza","url":"https:\/\/www.pressenza.com\/es\/","logo":{"@type":"ImageObject","inLanguage":"es","@id":"https:\/\/www.pressenza.com\/es\/#\/schema\/logo\/image\/","url":"https:\/\/www.pressenza.com\/wp-content\/uploads\/2022\/10\/pressenza_logo_200x200.jpg","contentUrl":"https:\/\/www.pressenza.com\/wp-content\/uploads\/2022\/10\/pressenza_logo_200x200.jpg","width":200,"height":200,"caption":"Pressenza"},"image":{"@id":"https:\/\/www.pressenza.com\/es\/#\/schema\/logo\/image\/"},"sameAs":["https:\/\/www.facebook.com\/PressenzaItalia","https:\/\/x.com\/PressenzaIPA"]},{"@type":"Person","@id":"https:\/\/www.pressenza.com\/es\/#\/schema\/person\/e35c78ffa242d98f4f49ccb18c8631de","name":"Prensa Latina","description":"www.prensa-latina.cu","sameAs":["https:\/\/www.facebook.com\/AgenciaPrensaLatina","https:\/\/x.com\/prensalatina_cu"],"url":"https:\/\/www.pressenza.com\/es\/author\/prensa-latina\/"}]}},"place":"Brasilia","original_article_url":"https:\/\/www.prensa-latina.cu\/index.php?o=rn&id=373626&SEO=deforestacion-de-la-amazonia-brasilena-crecio-12-por-ciento-en-mayo","_links":{"self":[{"href":"https:\/\/www.pressenza.com\/es\/wp-json\/wp\/v2\/posts\/1133680","targetHints":{"allow":["GET"]}}],"collection":[{"href":"https:\/\/www.pressenza.com\/es\/wp-json\/wp\/v2\/posts"}],"about":[{"href":"https:\/\/www.pressenza.com\/es\/wp-json\/wp\/v2\/types\/post"}],"author":[{"embeddable":true,"href":"https:\/\/www.pressenza.com\/es\/wp-json\/wp\/v2\/users\/90"}],"replies":[{"embeddable":true,"href":"https:\/\/www.pressenza.com\/es\/wp-json\/wp\/v2\/comments?post=1133680"}],"version-history":[{"count":0,"href":"https:\/\/www.pressenza.com\/es\/wp-json\/wp\/v2\/posts\/1133680\/revisions"}],"wp:featuredmedia":[{"embeddable":true,"href":"https:\/\/www.pressenza.com\/es\/wp-json\/wp\/v2\/media\/1133682"}],"wp:attachment":[{"href":"https:\/\/www.pressenza.com\/es\/wp-json\/wp\/v2\/media?parent=1133680"}],"wp:term":[{"taxonomy":"category","embeddable":true,"href":"https:\/\/www.pressenza.com\/es\/wp-json\/wp\/v2\/categories?post=1133680"},{"taxonomy":"post_tag","embeddable":true,"href":"https:\/\/www.pressenza.com\/es\/wp-json\/wp\/v2\/tags?post=1133680"}],"curies":[{"name":"wp","href":"https:\/\/api.w.org\/{rel}","templated":true}]}}